{"id":7907,"date":"2021-08-24T19:49:02","date_gmt":"2021-08-24T19:49:02","guid":{"rendered":"https:\/\/cvinoticias.com\/v3\/?p=7907"},"modified":"2021-08-24T19:54:27","modified_gmt":"2021-08-24T19:54:27","slug":"provincia-dara-casi-378-millones-para-apoyar-a-135-ong-en-2022","status":"publish","type":"post","link":"https:\/\/cvinoticias.com\/v3\/provincia-dara-casi-378-millones-para-apoyar-a-135-ong-en-2022\/","title":{"rendered":"Provincia dar\u00e1 casi $378 millones para apoyar a 135 ONG en 2022"},"content":{"rendered":"\n<p><strong><em>Incorpor\u00f3 algunas instituciones m\u00e1s e increment\u00f3 en casi 150 millones el monto de lo que se encuentra en ejecuci\u00f3n este 2021<\/em><\/strong>.<\/p>\n\n\n\n<p>El gobernador Oscar Herrera Ahuad decidi\u00f3 solicitar a los diputados misioneros en el proyecto de ley de\u00a0Presupuesto 2022, que autoricen\u00a0la distribuci\u00f3n de algo m\u00e1s de 377. 9 millones de pesos para la asistencia a 135 organizaciones no gubernamentales, clubes deportivos, facultades de la Universidad Nacional de Misiones y otras casas de estudios de gesti\u00f3n privada, en medio de la pandemia de COVID-19 y la econom\u00eda del pa\u00eds que las ha afectado en su funcionamiento.<\/p>\n\n\n\n<p>Al igual que en a\u00f1os anteriores,\u00a0la iniciativa se encuentra en el articulado del proyecto que comenz\u00f3 el viernes pasado a ser analizado en la Comisi\u00f3n de Presupuesto de la Legislatura. Esta vez, de acuerdo qued\u00f3 plasmado en el art\u00edculo 37 que indica: \u201cSe autoriza al Poder Ejecutivo a\u00a0asignar la suma de 377.975.000 pesos para otorgar subsidios a Organizaciones no Gubernamentales con fines sociales y educativos\u00a0con imposici\u00f3n a las partidas espec\u00edficas de Obligaciones a Cargo del Tesoro\u201d.<\/p>\n\n\n\n<p>El listado (del que se extractan algunas de las beneficiarias) es parte de un anexo donde aparecen las 135 organizaciones.\u00a0En el mismo aparecen varios hogares de ni\u00f1os, adolescentes como de ancianos: casi una treintena de bibliotecas populares de diferentes puntos de la provincia\u00a0a las cuales se les asign\u00f3 algo m\u00e1s de 355 mil pesos para cada una;\u00a0y otras cinco bibliotecas m\u00e1s de San Pedro, Posadas, Eldorado y Ober\u00e1 a las que se destinar\u00e1n m\u00e1s recursos siendo la Biblioteca Popular de Posadas la que m\u00e1s recibir\u00eda\u00a0si se convierte en ley: 2.064.000 pesos. Esta instituci\u00f3n atraviesa una importante crisis econ\u00f3mica por la deuda que la firma Ribeiro mantiene en concepto de alquiler del local comercial anexo a la BPP por calle C\u00f3rdoba que finalmente fue desalojado.<\/p>\n\n\n\n<figure class=\"wp-block-image size-large\"><a href=\"https:\/\/cvinoticias.com\/wp-content\/uploads\/2021\/08\/Screenshot_20210824-162912_Facebook.jpg\"><img decoding=\"async\" width=\"1024\" height=\"609\" data-src=\"https:\/\/cvinoticias.com\/wp-content\/uploads\/2021\/08\/Screenshot_20210824-162912_Facebook-1024x609.jpg\" alt=\"\" class=\"wp-image-7908 lazyload\" data-srcset=\"https:\/\/cvinoticias.com\/wp-content\/uploads\/2021\/08\/Screenshot_20210824-162912_Facebook-1024x609.jpg 1024w, https:\/\/cvinoticias.com\/wp-content\/uploads\/2021\/08\/Screenshot_20210824-162912_Facebook-300x178.jpg 300w, https:\/\/cvinoticias.com\/wp-content\/uploads\/2021\/08\/Screenshot_20210824-162912_Facebook-768x457.jpg 768w, https:\/\/cvinoticias.com\/wp-content\/uploads\/2021\/08\/Screenshot_20210824-162912_Facebook.jpg 1080w\" data-sizes=\"(max-width: 1024px) 100vw, 1024px\" src=\"data:image\/svg+xml;base64,PHN2ZyB3aWR0aD0iMSIgaGVpZ2h0PSIxIiB4bWxucz0iaHR0cDovL3d3dy53My5vcmcvMjAwMC9zdmciPjwvc3ZnPg==\" style=\"--smush-placeholder-width: 1024px; --smush-placeholder-aspect-ratio: 1024\/609;\" \/><\/a><\/figure>\n\n\n\n<p>En la distribuci\u00f3n, el Ejecutivo pide alrededor de 106 millones de pesos bajo el concepto \u201ca distribuir\u201d, con el fin de incorporar por decreto a otras organizaciones que requieran de la ayuda del Estado provincial\u00a0en el transcurso del a\u00f1o pr\u00f3ximo.<\/p>\n\n\n\n<p>El a\u00f1o pasado, Herrera hab\u00eda solicitado autorizaci\u00f3n y la Legislatura le aprob\u00f3 236, 2 millones de pesos con la misma finalidad. Aunque con demora, la mayor\u00eda de las instituciones beneficiadas fue recibiendo el aporte que lo destinaron a pagos de compromisos para el funcionamiento o inversiones edilicias como tambi\u00e9n refacciones en sus sedes.<\/p>\n\n\n\n<p><strong>Apoyo a la educaci\u00f3n privada<\/strong><\/p>\n\n\n\n<p>A su vez, en el mensaje a los diputados, Herrera les anticip\u00f3 que pretende \u201cdestinar el 35,91% del total de Erogaciones para el a\u00f1o 2022, por un monto de 81.399.902.000 pesos que ser\u00e1 utilizado para mantener el compromiso del Estado con las instituciones de educaci\u00f3n p\u00fablica de gesti\u00f3n privada que reciben financiamiento del Estado provincial para el desenvolvimiento de sus actividades escolares y acad\u00e9micas; previ\u00e9ndose tambi\u00e9n, continuar con el apoyo a las organizaciones sin fines de lucro, que integran las redes sociales solidarias, que trabajan desinteresada y silenciosamente para ayudar al pr\u00f3jimo necesitado en todo el territorio de la provincia\u201d.<\/p>\n\n\n\n<p>En esa misma l\u00ednea, el 38 propone que \u201cSe autoriza al Poder Ejecutivo, para que, a trav\u00e9s del Ministerio de Hacienda, Finanzas, Obras y Servicios P\u00fablicos, se realicen conciliaciones, reconocimientos, refinanciamientos o remisiones de las deudas previsionales y de obra social devengadas que mantengan con el Instituto de Previsi\u00f3n Social, al 31 de agosto de 2021, las Instituciones Educativas o Religiosas de Gesti\u00f3n P\u00fablica o Privada y el Instituto Antonio Ruiz de Montoya\u201d.<\/p>\n\n\n\n<p>Son los millones de pesos que se destinar\u00e1n para \u201cmantener el compromiso del Estado con las instituciones de educaci\u00f3n p\u00fablica de gesti\u00f3n privada.<\/p>\n\n\n\n<p><\/p>\n\n\n\n<p>Fuente: Primera Edici\u00f3n <\/p>\n","protected":false},"excerpt":{"rendered":"<p>Incorpor\u00f3 algunas instituciones m\u00e1s e increment\u00f3 en casi 150 millones el monto de lo que se encuentra en ejecuci\u00f3n este 2021. El gobernador Oscar Herrera Ahuad decidi\u00f3 solicitar a los diputados misioneros en el proyecto de ley de\u00a0Presupuesto 2022, que autoricen\u00a0la distribuci\u00f3n de algo m\u00e1s de 377. 9 millones de pesos para la asistencia a [&hellip;]<\/p>\n","protected":false},"author":2,"featured_media":7909,"comment_status":"open","ping_status":"open","sticky":false,"template":"","format":"standard","meta":{"footnotes":""},"categories":[43],"tags":[],"class_list":["post-7907","post","type-post","status-publish","format-standard","has-post-thumbnail","hentry","category-provinciales"],"yoast_head":"<!-- This site is optimized with the Yoast SEO plugin v27.5 - https:\/\/yoast.com\/product\/yoast-seo-wordpress\/ -->\n<title>Provincia dar\u00e1 casi $378 millones para apoyar a 135 ONG en 2022 | CVI NOTICIAS<\/title>\n<meta name=\"robots\" content=\"index, follow, max-snippet:-1, max-image-preview:large, max-video-preview:-1\" \/>\n<link rel=\"canonical\" href=\"https:\/\/cvinoticias.com\/v3\/provincia-dara-casi-378-millones-para-apoyar-a-135-ong-en-2022\/\" \/>\n<meta property=\"og:locale\" content=\"es_ES\" \/>\n<meta property=\"og:type\" content=\"article\" \/>\n<meta property=\"og:title\" content=\"Provincia dar\u00e1 casi $378 millones para apoyar a 135 ONG en 2022 | CVI NOTICIAS\" \/>\n<meta property=\"og:description\" content=\"Incorpor\u00f3 algunas instituciones m\u00e1s e increment\u00f3 en casi 150 millones el monto de lo que se encuentra en ejecuci\u00f3n este 2021. El gobernador Oscar Herrera Ahuad decidi\u00f3 solicitar a los diputados misioneros en el proyecto de ley de\u00a0Presupuesto 2022, que autoricen\u00a0la distribuci\u00f3n de algo m\u00e1s de 377. 9 millones de pesos para la asistencia a [&hellip;]\" \/>\n<meta property=\"og:url\" content=\"https:\/\/cvinoticias.com\/v3\/provincia-dara-casi-378-millones-para-apoyar-a-135-ong-en-2022\/\" \/>\n<meta property=\"og:site_name\" content=\"CVI NOTICIAS\" \/>\n<meta property=\"article:publisher\" content=\"https:\/\/www.facebook.com\/cvinoticias\" \/>\n<meta property=\"article:published_time\" content=\"2021-08-24T19:49:02+00:00\" \/>\n<meta property=\"article:modified_time\" content=\"2021-08-24T19:54:27+00:00\" \/>\n<meta property=\"og:image\" content=\"https:\/\/cvinoticias.com\/wp-content\/uploads\/2021\/08\/Screenshot_20210824-162648_Facebook.jpg\" \/>\n\t<meta property=\"og:image:width\" content=\"1080\" \/>\n\t<meta property=\"og:image:height\" content=\"1637\" \/>\n\t<meta property=\"og:image:type\" content=\"image\/jpeg\" \/>\n<meta name=\"author\" content=\"f1000024\" \/>\n<meta name=\"twitter:card\" content=\"summary_large_image\" \/>\n<meta name=\"twitter:label1\" content=\"Escrito por\" \/>\n\t<meta name=\"twitter:data1\" content=\"f1000024\" \/>\n\t<meta name=\"twitter:label2\" content=\"Tiempo de lectura\" \/>\n\t<meta name=\"twitter:data2\" content=\"3 minutos\" \/>\n<script type=\"application\/ld+json\" class=\"yoast-schema-graph\">{\"@context\":\"https:\\\/\\\/schema.org\",\"@graph\":[{\"@type\":\"Article\",\"@id\":\"https:\\\/\\\/cvinoticias.com\\\/v3\\\/provincia-dara-casi-378-millones-para-apoyar-a-135-ong-en-2022\\\/#article\",\"isPartOf\":{\"@id\":\"https:\\\/\\\/cvinoticias.com\\\/v3\\\/provincia-dara-casi-378-millones-para-apoyar-a-135-ong-en-2022\\\/\"},\"author\":{\"name\":\"f1000024\",\"@id\":\"https:\\\/\\\/cvinoticias.com\\\/v3\\\/#\\\/schema\\\/person\\\/2db77e3c6bc03c538495d7b2b8be9b66\"},\"headline\":\"Provincia dar\u00e1 casi $378 millones para apoyar a 135 ONG en 2022\",\"datePublished\":\"2021-08-24T19:49:02+00:00\",\"dateModified\":\"2021-08-24T19:54:27+00:00\",\"mainEntityOfPage\":{\"@id\":\"https:\\\/\\\/cvinoticias.com\\\/v3\\\/provincia-dara-casi-378-millones-para-apoyar-a-135-ong-en-2022\\\/\"},\"wordCount\":641,\"commentCount\":0,\"publisher\":{\"@id\":\"https:\\\/\\\/cvinoticias.com\\\/v3\\\/#organization\"},\"image\":{\"@id\":\"https:\\\/\\\/cvinoticias.com\\\/v3\\\/provincia-dara-casi-378-millones-para-apoyar-a-135-ong-en-2022\\\/#primaryimage\"},\"thumbnailUrl\":\"https:\\\/\\\/cvinoticias.com\\\/wp-content\\\/uploads\\\/2021\\\/08\\\/Screenshot_20210824-162648_Facebook.jpg\",\"articleSection\":[\"Provinciales\"],\"inLanguage\":\"es\",\"potentialAction\":[{\"@type\":\"CommentAction\",\"name\":\"Comment\",\"target\":[\"https:\\\/\\\/cvinoticias.com\\\/v3\\\/provincia-dara-casi-378-millones-para-apoyar-a-135-ong-en-2022\\\/#respond\"]}]},{\"@type\":\"WebPage\",\"@id\":\"https:\\\/\\\/cvinoticias.com\\\/v3\\\/provincia-dara-casi-378-millones-para-apoyar-a-135-ong-en-2022\\\/\",\"url\":\"https:\\\/\\\/cvinoticias.com\\\/v3\\\/provincia-dara-casi-378-millones-para-apoyar-a-135-ong-en-2022\\\/\",\"name\":\"Provincia dar\u00e1 casi $378 millones para apoyar a 135 ONG en 2022 | CVI NOTICIAS\",\"isPartOf\":{\"@id\":\"https:\\\/\\\/cvinoticias.com\\\/v3\\\/#website\"},\"primaryImageOfPage\":{\"@id\":\"https:\\\/\\\/cvinoticias.com\\\/v3\\\/provincia-dara-casi-378-millones-para-apoyar-a-135-ong-en-2022\\\/#primaryimage\"},\"image\":{\"@id\":\"https:\\\/\\\/cvinoticias.com\\\/v3\\\/provincia-dara-casi-378-millones-para-apoyar-a-135-ong-en-2022\\\/#primaryimage\"},\"thumbnailUrl\":\"https:\\\/\\\/cvinoticias.com\\\/wp-content\\\/uploads\\\/2021\\\/08\\\/Screenshot_20210824-162648_Facebook.jpg\",\"datePublished\":\"2021-08-24T19:49:02+00:00\",\"dateModified\":\"2021-08-24T19:54:27+00:00\",\"breadcrumb\":{\"@id\":\"https:\\\/\\\/cvinoticias.com\\\/v3\\\/provincia-dara-casi-378-millones-para-apoyar-a-135-ong-en-2022\\\/#breadcrumb\"},\"inLanguage\":\"es\",\"potentialAction\":[{\"@type\":\"ReadAction\",\"target\":[\"https:\\\/\\\/cvinoticias.com\\\/v3\\\/provincia-dara-casi-378-millones-para-apoyar-a-135-ong-en-2022\\\/\"]}]},{\"@type\":\"ImageObject\",\"inLanguage\":\"es\",\"@id\":\"https:\\\/\\\/cvinoticias.com\\\/v3\\\/provincia-dara-casi-378-millones-para-apoyar-a-135-ong-en-2022\\\/#primaryimage\",\"url\":\"https:\\\/\\\/cvinoticias.com\\\/wp-content\\\/uploads\\\/2021\\\/08\\\/Screenshot_20210824-162648_Facebook.jpg\",\"contentUrl\":\"https:\\\/\\\/cvinoticias.com\\\/wp-content\\\/uploads\\\/2021\\\/08\\\/Screenshot_20210824-162648_Facebook.jpg\",\"width\":1080,\"height\":1637},{\"@type\":\"BreadcrumbList\",\"@id\":\"https:\\\/\\\/cvinoticias.com\\\/v3\\\/provincia-dara-casi-378-millones-para-apoyar-a-135-ong-en-2022\\\/#breadcrumb\",\"itemListElement\":[{\"@type\":\"ListItem\",\"position\":1,\"name\":\"Portada\",\"item\":\"https:\\\/\\\/cvinoticias.com\\\/v3\\\/\"},{\"@type\":\"ListItem\",\"position\":2,\"name\":\"Provincia dar\u00e1 casi $378 millones para apoyar a 135 ONG en 2022\"}]},{\"@type\":\"WebSite\",\"@id\":\"https:\\\/\\\/cvinoticias.com\\\/v3\\\/#website\",\"url\":\"https:\\\/\\\/cvinoticias.com\\\/v3\\\/\",\"name\":\"CVI NOTICIAS\",\"description\":\"\",\"publisher\":{\"@id\":\"https:\\\/\\\/cvinoticias.com\\\/v3\\\/#organization\"},\"alternateName\":\"CVI\",\"potentialAction\":[{\"@type\":\"SearchAction\",\"target\":{\"@type\":\"EntryPoint\",\"urlTemplate\":\"https:\\\/\\\/cvinoticias.com\\\/v3\\\/?s={search_term_string}\"},\"query-input\":{\"@type\":\"PropertyValueSpecification\",\"valueRequired\":true,\"valueName\":\"search_term_string\"}}],\"inLanguage\":\"es\"},{\"@type\":\"Organization\",\"@id\":\"https:\\\/\\\/cvinoticias.com\\\/v3\\\/#organization\",\"name\":\"CVI NOTICIAS\",\"url\":\"https:\\\/\\\/cvinoticias.com\\\/v3\\\/\",\"logo\":{\"@type\":\"ImageObject\",\"inLanguage\":\"es\",\"@id\":\"https:\\\/\\\/cvinoticias.com\\\/v3\\\/#\\\/schema\\\/logo\\\/image\\\/\",\"url\":\"https:\\\/\\\/cvinoticias.com\\\/wp-content\\\/uploads\\\/2023\\\/04\\\/cropped-cropped-cropped-cropped-cropped-3-1.png\",\"contentUrl\":\"https:\\\/\\\/cvinoticias.com\\\/wp-content\\\/uploads\\\/2023\\\/04\\\/cropped-cropped-cropped-cropped-cropped-3-1.png\",\"width\":95,\"height\":122,\"caption\":\"CVI NOTICIAS\"},\"image\":{\"@id\":\"https:\\\/\\\/cvinoticias.com\\\/v3\\\/#\\\/schema\\\/logo\\\/image\\\/\"},\"sameAs\":[\"https:\\\/\\\/www.facebook.com\\\/cvinoticias\",\"https:\\\/\\\/www.instagram.com\\\/cvinoticias\\\/\",\"https:\\\/\\\/www.youtube.com\\\/@CVINOTICIAS\"]},{\"@type\":\"Person\",\"@id\":\"https:\\\/\\\/cvinoticias.com\\\/v3\\\/#\\\/schema\\\/person\\\/2db77e3c6bc03c538495d7b2b8be9b66\",\"name\":\"f1000024\",\"image\":{\"@type\":\"ImageObject\",\"inLanguage\":\"es\",\"@id\":\"https:\\\/\\\/secure.gravatar.com\\\/avatar\\\/d4fe7459cfc51ff5129ce1a732bbef5928568b8092d412ef95611616376bbeed?s=96&d=mm&r=g\",\"url\":\"https:\\\/\\\/secure.gravatar.com\\\/avatar\\\/d4fe7459cfc51ff5129ce1a732bbef5928568b8092d412ef95611616376bbeed?s=96&d=mm&r=g\",\"contentUrl\":\"https:\\\/\\\/secure.gravatar.com\\\/avatar\\\/d4fe7459cfc51ff5129ce1a732bbef5928568b8092d412ef95611616376bbeed?s=96&d=mm&r=g\",\"caption\":\"f1000024\"},\"url\":\"https:\\\/\\\/cvinoticias.com\\\/v3\\\/author\\\/f1000024\\\/\"}]}<\/script>\n<!-- \/ Yoast SEO plugin. -->","yoast_head_json":{"title":"Provincia dar\u00e1 casi $378 millones para apoyar a 135 ONG en 2022 | CVI NOTICIAS","robots":{"index":"index","follow":"follow","max-snippet":"max-snippet:-1","max-image-preview":"max-image-preview:large","max-video-preview":"max-video-preview:-1"},"canonical":"https:\/\/cvinoticias.com\/v3\/provincia-dara-casi-378-millones-para-apoyar-a-135-ong-en-2022\/","og_locale":"es_ES","og_type":"article","og_title":"Provincia dar\u00e1 casi $378 millones para apoyar a 135 ONG en 2022 | CVI NOTICIAS","og_description":"Incorpor\u00f3 algunas instituciones m\u00e1s e increment\u00f3 en casi 150 millones el monto de lo que se encuentra en ejecuci\u00f3n este 2021. El gobernador Oscar Herrera Ahuad decidi\u00f3 solicitar a los diputados misioneros en el proyecto de ley de\u00a0Presupuesto 2022, que autoricen\u00a0la distribuci\u00f3n de algo m\u00e1s de 377. 9 millones de pesos para la asistencia a [&hellip;]","og_url":"https:\/\/cvinoticias.com\/v3\/provincia-dara-casi-378-millones-para-apoyar-a-135-ong-en-2022\/","og_site_name":"CVI NOTICIAS","article_publisher":"https:\/\/www.facebook.com\/cvinoticias","article_published_time":"2021-08-24T19:49:02+00:00","article_modified_time":"2021-08-24T19:54:27+00:00","og_image":[{"width":1080,"height":1637,"url":"https:\/\/cvinoticias.com\/wp-content\/uploads\/2021\/08\/Screenshot_20210824-162648_Facebook.jpg","type":"image\/jpeg"}],"author":"f1000024","twitter_card":"summary_large_image","twitter_misc":{"Escrito por":"f1000024","Tiempo de lectura":"3 minutos"},"schema":{"@context":"https:\/\/schema.org","@graph":[{"@type":"Article","@id":"https:\/\/cvinoticias.com\/v3\/provincia-dara-casi-378-millones-para-apoyar-a-135-ong-en-2022\/#article","isPartOf":{"@id":"https:\/\/cvinoticias.com\/v3\/provincia-dara-casi-378-millones-para-apoyar-a-135-ong-en-2022\/"},"author":{"name":"f1000024","@id":"https:\/\/cvinoticias.com\/v3\/#\/schema\/person\/2db77e3c6bc03c538495d7b2b8be9b66"},"headline":"Provincia dar\u00e1 casi $378 millones para apoyar a 135 ONG en 2022","datePublished":"2021-08-24T19:49:02+00:00","dateModified":"2021-08-24T19:54:27+00:00","mainEntityOfPage":{"@id":"https:\/\/cvinoticias.com\/v3\/provincia-dara-casi-378-millones-para-apoyar-a-135-ong-en-2022\/"},"wordCount":641,"commentCount":0,"publisher":{"@id":"https:\/\/cvinoticias.com\/v3\/#organization"},"image":{"@id":"https:\/\/cvinoticias.com\/v3\/provincia-dara-casi-378-millones-para-apoyar-a-135-ong-en-2022\/#primaryimage"},"thumbnailUrl":"https:\/\/cvinoticias.com\/wp-content\/uploads\/2021\/08\/Screenshot_20210824-162648_Facebook.jpg","articleSection":["Provinciales"],"inLanguage":"es","potentialAction":[{"@type":"CommentAction","name":"Comment","target":["https:\/\/cvinoticias.com\/v3\/provincia-dara-casi-378-millones-para-apoyar-a-135-ong-en-2022\/#respond"]}]},{"@type":"WebPage","@id":"https:\/\/cvinoticias.com\/v3\/provincia-dara-casi-378-millones-para-apoyar-a-135-ong-en-2022\/","url":"https:\/\/cvinoticias.com\/v3\/provincia-dara-casi-378-millones-para-apoyar-a-135-ong-en-2022\/","name":"Provincia dar\u00e1 casi $378 millones para apoyar a 135 ONG en 2022 | CVI NOTICIAS","isPartOf":{"@id":"https:\/\/cvinoticias.com\/v3\/#website"},"primaryImageOfPage":{"@id":"https:\/\/cvinoticias.com\/v3\/provincia-dara-casi-378-millones-para-apoyar-a-135-ong-en-2022\/#primaryimage"},"image":{"@id":"https:\/\/cvinoticias.com\/v3\/provincia-dara-casi-378-millones-para-apoyar-a-135-ong-en-2022\/#primaryimage"},"thumbnailUrl":"https:\/\/cvinoticias.com\/wp-content\/uploads\/2021\/08\/Screenshot_20210824-162648_Facebook.jpg","datePublished":"2021-08-24T19:49:02+00:00","dateModified":"2021-08-24T19:54:27+00:00","breadcrumb":{"@id":"https:\/\/cvinoticias.com\/v3\/provincia-dara-casi-378-millones-para-apoyar-a-135-ong-en-2022\/#breadcrumb"},"inLanguage":"es","potentialAction":[{"@type":"ReadAction","target":["https:\/\/cvinoticias.com\/v3\/provincia-dara-casi-378-millones-para-apoyar-a-135-ong-en-2022\/"]}]},{"@type":"ImageObject","inLanguage":"es","@id":"https:\/\/cvinoticias.com\/v3\/provincia-dara-casi-378-millones-para-apoyar-a-135-ong-en-2022\/#primaryimage","url":"https:\/\/cvinoticias.com\/wp-content\/uploads\/2021\/08\/Screenshot_20210824-162648_Facebook.jpg","contentUrl":"https:\/\/cvinoticias.com\/wp-content\/uploads\/2021\/08\/Screenshot_20210824-162648_Facebook.jpg","width":1080,"height":1637},{"@type":"BreadcrumbList","@id":"https:\/\/cvinoticias.com\/v3\/provincia-dara-casi-378-millones-para-apoyar-a-135-ong-en-2022\/#breadcrumb","itemListElement":[{"@type":"ListItem","position":1,"name":"Portada","item":"https:\/\/cvinoticias.com\/v3\/"},{"@type":"ListItem","position":2,"name":"Provincia dar\u00e1 casi $378 millones para apoyar a 135 ONG en 2022"}]},{"@type":"WebSite","@id":"https:\/\/cvinoticias.com\/v3\/#website","url":"https:\/\/cvinoticias.com\/v3\/","name":"CVI NOTICIAS","description":"","publisher":{"@id":"https:\/\/cvinoticias.com\/v3\/#organization"},"alternateName":"CVI","potentialAction":[{"@type":"SearchAction","target":{"@type":"EntryPoint","urlTemplate":"https:\/\/cvinoticias.com\/v3\/?s={search_term_string}"},"query-input":{"@type":"PropertyValueSpecification","valueRequired":true,"valueName":"search_term_string"}}],"inLanguage":"es"},{"@type":"Organization","@id":"https:\/\/cvinoticias.com\/v3\/#organization","name":"CVI NOTICIAS","url":"https:\/\/cvinoticias.com\/v3\/","logo":{"@type":"ImageObject","inLanguage":"es","@id":"https:\/\/cvinoticias.com\/v3\/#\/schema\/logo\/image\/","url":"https:\/\/cvinoticias.com\/wp-content\/uploads\/2023\/04\/cropped-cropped-cropped-cropped-cropped-3-1.png","contentUrl":"https:\/\/cvinoticias.com\/wp-content\/uploads\/2023\/04\/cropped-cropped-cropped-cropped-cropped-3-1.png","width":95,"height":122,"caption":"CVI NOTICIAS"},"image":{"@id":"https:\/\/cvinoticias.com\/v3\/#\/schema\/logo\/image\/"},"sameAs":["https:\/\/www.facebook.com\/cvinoticias","https:\/\/www.instagram.com\/cvinoticias\/","https:\/\/www.youtube.com\/@CVINOTICIAS"]},{"@type":"Person","@id":"https:\/\/cvinoticias.com\/v3\/#\/schema\/person\/2db77e3c6bc03c538495d7b2b8be9b66","name":"f1000024","image":{"@type":"ImageObject","inLanguage":"es","@id":"https:\/\/secure.gravatar.com\/avatar\/d4fe7459cfc51ff5129ce1a732bbef5928568b8092d412ef95611616376bbeed?s=96&d=mm&r=g","url":"https:\/\/secure.gravatar.com\/avatar\/d4fe7459cfc51ff5129ce1a732bbef5928568b8092d412ef95611616376bbeed?s=96&d=mm&r=g","contentUrl":"https:\/\/secure.gravatar.com\/avatar\/d4fe7459cfc51ff5129ce1a732bbef5928568b8092d412ef95611616376bbeed?s=96&d=mm&r=g","caption":"f1000024"},"url":"https:\/\/cvinoticias.com\/v3\/author\/f1000024\/"}]}},"_links":{"self":[{"href":"https:\/\/cvinoticias.com\/v3\/wp-json\/wp\/v2\/posts\/7907","targetHints":{"allow":["GET"]}}],"collection":[{"href":"https:\/\/cvinoticias.com\/v3\/wp-json\/wp\/v2\/posts"}],"about":[{"href":"https:\/\/cvinoticias.com\/v3\/wp-json\/wp\/v2\/types\/post"}],"author":[{"embeddable":true,"href":"https:\/\/cvinoticias.com\/v3\/wp-json\/wp\/v2\/users\/2"}],"replies":[{"embeddable":true,"href":"https:\/\/cvinoticias.com\/v3\/wp-json\/wp\/v2\/comments?post=7907"}],"version-history":[{"count":2,"href":"https:\/\/cvinoticias.com\/v3\/wp-json\/wp\/v2\/posts\/7907\/revisions"}],"predecessor-version":[{"id":7911,"href":"https:\/\/cvinoticias.com\/v3\/wp-json\/wp\/v2\/posts\/7907\/revisions\/7911"}],"wp:featuredmedia":[{"embeddable":true,"href":"https:\/\/cvinoticias.com\/v3\/wp-json\/wp\/v2\/media\/7909"}],"wp:attachment":[{"href":"https:\/\/cvinoticias.com\/v3\/wp-json\/wp\/v2\/media?parent=7907"}],"wp:term":[{"taxonomy":"category","embeddable":true,"href":"https:\/\/cvinoticias.com\/v3\/wp-json\/wp\/v2\/categories?post=7907"},{"taxonomy":"post_tag","embeddable":true,"href":"https:\/\/cvinoticias.com\/v3\/wp-json\/wp\/v2\/tags?post=7907"}],"curies":[{"name":"wp","href":"https:\/\/api.w.org\/{rel}","templated":true}]}}