{"id":7900,"date":"2021-08-24T18:36:28","date_gmt":"2021-08-24T18:36:28","guid":{"rendered":"https:\/\/cvinoticias.com\/v3\/?p=7900"},"modified":"2021-08-24T18:36:28","modified_gmt":"2021-08-24T18:36:28","slug":"puerto-iguazu-fortin-mborore-la-policia-y-bomberos-voluntarios-se-reunieron-con-integrantes-de-aldea-mbya-guarani","status":"publish","type":"post","link":"https:\/\/cvinoticias.com\/v3\/puerto-iguazu-fortin-mborore-la-policia-y-bomberos-voluntarios-se-reunieron-con-integrantes-de-aldea-mbya-guarani\/","title":{"rendered":"Puerto Iguaz\u00fa &#8211; Fort\u00edn Mboror\u00e9: La Polic\u00eda y bomberos voluntarios se reunieron con integrantes de Aldea Mbya Guaran\u00ed"},"content":{"rendered":"\n<p><strong><em>En la ma\u00f1ana de hoy, en el sal\u00f3n de usos m\u00faltiples de la Aldea ubicada en la zona de las 2000 hect\u00e1reas de esta ciudad, la polic\u00eda junto al cuerpo activo de Bomberos voluntarios del municipio llegaron hasta la aldea Fort\u00edn Mboror\u00e9 el marco de la ardua labor que llevan adelante instituci\u00f3n y organismo.<\/em><\/strong><\/p>\n\n\n\n<p>La reuni\u00f3n cont\u00f3 con la presencia del subcomisario Villalba Cristian jefe de la comisar\u00eda jurisdiccional, la subcomisario Ledesma Vanesa jefa de la comisar\u00eda de la Mujer, el presidente de la asociaci\u00f3n de bomberos voluntarios sr. Javier Bareiro, el director de seguridad ciudadana Sr. Diego G\u00e9nero, la directora de asuntos guaran\u00edes del municipio Sra Marta R\u00edos, el cacique de la Aldea Sr. Silvina Moreira.<\/p>\n\n\n\n<figure class=\"wp-block-image size-large\"><a href=\"https:\/\/cvinoticias.com\/wp-content\/uploads\/2021\/08\/IMG-20210824-WA0104.jpg\"><img decoding=\"async\" width=\"1024\" height=\"575\" data-src=\"https:\/\/cvinoticias.com\/wp-content\/uploads\/2021\/08\/IMG-20210824-WA0104-1024x575.jpg\" alt=\"\" class=\"wp-image-7903 lazyload\" data-srcset=\"https:\/\/cvinoticias.com\/wp-content\/uploads\/2021\/08\/IMG-20210824-WA0104-1024x575.jpg 1024w, https:\/\/cvinoticias.com\/wp-content\/uploads\/2021\/08\/IMG-20210824-WA0104-300x169.jpg 300w, https:\/\/cvinoticias.com\/wp-content\/uploads\/2021\/08\/IMG-20210824-WA0104-768x432.jpg 768w, https:\/\/cvinoticias.com\/wp-content\/uploads\/2021\/08\/IMG-20210824-WA0104-1536x863.jpg 1536w, https:\/\/cvinoticias.com\/wp-content\/uploads\/2021\/08\/IMG-20210824-WA0104.jpg 1600w\" data-sizes=\"(max-width: 1024px) 100vw, 1024px\" src=\"data:image\/svg+xml;base64,PHN2ZyB3aWR0aD0iMSIgaGVpZ2h0PSIxIiB4bWxucz0iaHR0cDovL3d3dy53My5vcmcvMjAwMC9zdmciPjwvc3ZnPg==\" style=\"--smush-placeholder-width: 1024px; --smush-placeholder-aspect-ratio: 1024\/575;\" \/><\/a><\/figure>\n\n\n\n<p>La charla fue dirigida a la comunidad de la aldea respecto a las prohibiciones que rige desde el Ministerio de Ecolog\u00eda y Recursos Naturales Renovables de la Provincia relacionado a las quemas y el uso del fuego tantos en \u00e1reas urbanas como rurales, donde se le advirti\u00f3 a las personas que realicen tales incineraciones que ser\u00e1n penadas por ley, adem\u00e1s de las consecuencias desbastadoras que ocasiona tales actos sobre nuestro ecosistema, la peligrosidad debido a los cambios clambiente y el cuidado de nuestro medio ambiente. Tambi\u00e9n se abord\u00f3 problem\u00e1ticas respecto de la violencia de g\u00e9nero y los alcances de la ley.<\/p>\n\n\n\n<figure class=\"wp-block-image size-large\"><a href=\"https:\/\/cvinoticias.com\/wp-content\/uploads\/2021\/08\/IMG-20210824-WA0105.jpg\"><img decoding=\"async\" width=\"1024\" height=\"575\" data-src=\"https:\/\/cvinoticias.com\/wp-content\/uploads\/2021\/08\/IMG-20210824-WA0105-1024x575.jpg\" alt=\"\" class=\"wp-image-7904 lazyload\" data-srcset=\"https:\/\/cvinoticias.com\/wp-content\/uploads\/2021\/08\/IMG-20210824-WA0105-1024x575.jpg 1024w, https:\/\/cvinoticias.com\/wp-content\/uploads\/2021\/08\/IMG-20210824-WA0105-300x169.jpg 300w, https:\/\/cvinoticias.com\/wp-content\/uploads\/2021\/08\/IMG-20210824-WA0105-768x432.jpg 768w, https:\/\/cvinoticias.com\/wp-content\/uploads\/2021\/08\/IMG-20210824-WA0105-1536x863.jpg 1536w, https:\/\/cvinoticias.com\/wp-content\/uploads\/2021\/08\/IMG-20210824-WA0105.jpg 1600w\" data-sizes=\"(max-width: 1024px) 100vw, 1024px\" src=\"data:image\/svg+xml;base64,PHN2ZyB3aWR0aD0iMSIgaGVpZ2h0PSIxIiB4bWxucz0iaHR0cDovL3d3dy53My5vcmcvMjAwMC9zdmciPjwvc3ZnPg==\" style=\"--smush-placeholder-width: 1024px; --smush-placeholder-aspect-ratio: 1024\/575;\" \/><\/a><\/figure>\n","protected":false},"excerpt":{"rendered":"<p>En la ma\u00f1ana de hoy, en el sal\u00f3n de usos m\u00faltiples de la Aldea ubicada en la zona de las 2000 hect\u00e1reas de esta ciudad, la polic\u00eda junto al cuerpo activo de Bomberos voluntarios del municipio llegaron hasta la aldea Fort\u00edn Mboror\u00e9 el marco de la ardua labor que llevan adelante instituci\u00f3n y organismo. La [&hellip;]<\/p>\n","protected":false},"author":2,"featured_media":7905,"comment_status":"open","ping_status":"open","sticky":false,"template":"","format":"standard","meta":{"footnotes":""},"categories":[29],"tags":[],"class_list":["post-7900","post","type-post","status-publish","format-standard","has-post-thumbnail","hentry","category-locales"],"yoast_head":"<!-- This site is optimized with the Yoast SEO plugin v27.4 - https:\/\/yoast.com\/product\/yoast-seo-wordpress\/ -->\n<title>Puerto Iguaz\u00fa - Fort\u00edn Mboror\u00e9: La Polic\u00eda y bomberos voluntarios se reunieron con integrantes de Aldea Mbya Guaran\u00ed | CVI NOTICIAS<\/title>\n<meta name=\"robots\" content=\"index, follow, max-snippet:-1, max-image-preview:large, max-video-preview:-1\" \/>\n<link rel=\"canonical\" href=\"https:\/\/cvinoticias.com\/v3\/puerto-iguazu-fortin-mborore-la-policia-y-bomberos-voluntarios-se-reunieron-con-integrantes-de-aldea-mbya-guarani\/\" \/>\n<meta property=\"og:locale\" content=\"es_ES\" \/>\n<meta property=\"og:type\" content=\"article\" \/>\n<meta property=\"og:title\" content=\"Puerto Iguaz\u00fa - Fort\u00edn Mboror\u00e9: La Polic\u00eda y bomberos voluntarios se reunieron con integrantes de Aldea Mbya Guaran\u00ed | CVI NOTICIAS\" \/>\n<meta property=\"og:description\" content=\"En la ma\u00f1ana de hoy, en el sal\u00f3n de usos m\u00faltiples de la Aldea ubicada en la zona de las 2000 hect\u00e1reas de esta ciudad, la polic\u00eda junto al cuerpo activo de Bomberos voluntarios del municipio llegaron hasta la aldea Fort\u00edn Mboror\u00e9 el marco de la ardua labor que llevan adelante instituci\u00f3n y organismo. La [&hellip;]\" \/>\n<meta property=\"og:url\" content=\"https:\/\/cvinoticias.com\/v3\/puerto-iguazu-fortin-mborore-la-policia-y-bomberos-voluntarios-se-reunieron-con-integrantes-de-aldea-mbya-guarani\/\" \/>\n<meta property=\"og:site_name\" content=\"CVI NOTICIAS\" \/>\n<meta property=\"article:publisher\" content=\"https:\/\/www.facebook.com\/cvinoticias\" \/>\n<meta property=\"article:published_time\" content=\"2021-08-24T18:36:28+00:00\" \/>\n<meta property=\"og:image\" content=\"https:\/\/cvinoticias.com\/wp-content\/uploads\/2021\/08\/IMG-20210824-WA0050.jpg\" \/>\n\t<meta property=\"og:image:width\" content=\"777\" \/>\n\t<meta property=\"og:image:height\" content=\"1600\" \/>\n\t<meta property=\"og:image:type\" content=\"image\/jpeg\" \/>\n<meta name=\"author\" content=\"f1000024\" \/>\n<meta name=\"twitter:card\" content=\"summary_large_image\" \/>\n<meta name=\"twitter:label1\" content=\"Escrito por\" \/>\n\t<meta name=\"twitter:data1\" content=\"f1000024\" \/>\n\t<meta name=\"twitter:label2\" content=\"Tiempo de lectura\" \/>\n\t<meta name=\"twitter:data2\" content=\"1 minuto\" \/>\n<script type=\"application\/ld+json\" class=\"yoast-schema-graph\">{\"@context\":\"https:\\\/\\\/schema.org\",\"@graph\":[{\"@type\":\"Article\",\"@id\":\"https:\\\/\\\/cvinoticias.com\\\/v3\\\/puerto-iguazu-fortin-mborore-la-policia-y-bomberos-voluntarios-se-reunieron-con-integrantes-de-aldea-mbya-guarani\\\/#article\",\"isPartOf\":{\"@id\":\"https:\\\/\\\/cvinoticias.com\\\/v3\\\/puerto-iguazu-fortin-mborore-la-policia-y-bomberos-voluntarios-se-reunieron-con-integrantes-de-aldea-mbya-guarani\\\/\"},\"author\":{\"name\":\"f1000024\",\"@id\":\"https:\\\/\\\/cvinoticias.com\\\/v3\\\/#\\\/schema\\\/person\\\/2db77e3c6bc03c538495d7b2b8be9b66\"},\"headline\":\"Puerto Iguaz\u00fa &#8211; Fort\u00edn Mboror\u00e9: La Polic\u00eda y bomberos voluntarios se reunieron con integrantes de Aldea Mbya Guaran\u00ed\",\"datePublished\":\"2021-08-24T18:36:28+00:00\",\"mainEntityOfPage\":{\"@id\":\"https:\\\/\\\/cvinoticias.com\\\/v3\\\/puerto-iguazu-fortin-mborore-la-policia-y-bomberos-voluntarios-se-reunieron-con-integrantes-de-aldea-mbya-guarani\\\/\"},\"wordCount\":257,\"commentCount\":0,\"publisher\":{\"@id\":\"https:\\\/\\\/cvinoticias.com\\\/v3\\\/#organization\"},\"image\":{\"@id\":\"https:\\\/\\\/cvinoticias.com\\\/v3\\\/puerto-iguazu-fortin-mborore-la-policia-y-bomberos-voluntarios-se-reunieron-con-integrantes-de-aldea-mbya-guarani\\\/#primaryimage\"},\"thumbnailUrl\":\"https:\\\/\\\/cvinoticias.com\\\/wp-content\\\/uploads\\\/2021\\\/08\\\/IMG-20210824-WA0050.jpg\",\"articleSection\":[\"Locales\"],\"inLanguage\":\"es\",\"potentialAction\":[{\"@type\":\"CommentAction\",\"name\":\"Comment\",\"target\":[\"https:\\\/\\\/cvinoticias.com\\\/v3\\\/puerto-iguazu-fortin-mborore-la-policia-y-bomberos-voluntarios-se-reunieron-con-integrantes-de-aldea-mbya-guarani\\\/#respond\"]}]},{\"@type\":\"WebPage\",\"@id\":\"https:\\\/\\\/cvinoticias.com\\\/v3\\\/puerto-iguazu-fortin-mborore-la-policia-y-bomberos-voluntarios-se-reunieron-con-integrantes-de-aldea-mbya-guarani\\\/\",\"url\":\"https:\\\/\\\/cvinoticias.com\\\/v3\\\/puerto-iguazu-fortin-mborore-la-policia-y-bomberos-voluntarios-se-reunieron-con-integrantes-de-aldea-mbya-guarani\\\/\",\"name\":\"Puerto Iguaz\u00fa - Fort\u00edn Mboror\u00e9: La Polic\u00eda y bomberos voluntarios se reunieron con integrantes de Aldea Mbya Guaran\u00ed | CVI NOTICIAS\",\"isPartOf\":{\"@id\":\"https:\\\/\\\/cvinoticias.com\\\/v3\\\/#website\"},\"primaryImageOfPage\":{\"@id\":\"https:\\\/\\\/cvinoticias.com\\\/v3\\\/puerto-iguazu-fortin-mborore-la-policia-y-bomberos-voluntarios-se-reunieron-con-integrantes-de-aldea-mbya-guarani\\\/#primaryimage\"},\"image\":{\"@id\":\"https:\\\/\\\/cvinoticias.com\\\/v3\\\/puerto-iguazu-fortin-mborore-la-policia-y-bomberos-voluntarios-se-reunieron-con-integrantes-de-aldea-mbya-guarani\\\/#primaryimage\"},\"thumbnailUrl\":\"https:\\\/\\\/cvinoticias.com\\\/wp-content\\\/uploads\\\/2021\\\/08\\\/IMG-20210824-WA0050.jpg\",\"datePublished\":\"2021-08-24T18:36:28+00:00\",\"breadcrumb\":{\"@id\":\"https:\\\/\\\/cvinoticias.com\\\/v3\\\/puerto-iguazu-fortin-mborore-la-policia-y-bomberos-voluntarios-se-reunieron-con-integrantes-de-aldea-mbya-guarani\\\/#breadcrumb\"},\"inLanguage\":\"es\",\"potentialAction\":[{\"@type\":\"ReadAction\",\"target\":[\"https:\\\/\\\/cvinoticias.com\\\/v3\\\/puerto-iguazu-fortin-mborore-la-policia-y-bomberos-voluntarios-se-reunieron-con-integrantes-de-aldea-mbya-guarani\\\/\"]}]},{\"@type\":\"ImageObject\",\"inLanguage\":\"es\",\"@id\":\"https:\\\/\\\/cvinoticias.com\\\/v3\\\/puerto-iguazu-fortin-mborore-la-policia-y-bomberos-voluntarios-se-reunieron-con-integrantes-de-aldea-mbya-guarani\\\/#primaryimage\",\"url\":\"https:\\\/\\\/cvinoticias.com\\\/wp-content\\\/uploads\\\/2021\\\/08\\\/IMG-20210824-WA0050.jpg\",\"contentUrl\":\"https:\\\/\\\/cvinoticias.com\\\/wp-content\\\/uploads\\\/2021\\\/08\\\/IMG-20210824-WA0050.jpg\",\"width\":777,\"height\":1600},{\"@type\":\"BreadcrumbList\",\"@id\":\"https:\\\/\\\/cvinoticias.com\\\/v3\\\/puerto-iguazu-fortin-mborore-la-policia-y-bomberos-voluntarios-se-reunieron-con-integrantes-de-aldea-mbya-guarani\\\/#breadcrumb\",\"itemListElement\":[{\"@type\":\"ListItem\",\"position\":1,\"name\":\"Portada\",\"item\":\"https:\\\/\\\/cvinoticias.com\\\/v3\\\/\"},{\"@type\":\"ListItem\",\"position\":2,\"name\":\"Puerto Iguaz\u00fa &#8211; Fort\u00edn Mboror\u00e9: La Polic\u00eda y bomberos voluntarios se reunieron con integrantes de Aldea Mbya Guaran\u00ed\"}]},{\"@type\":\"WebSite\",\"@id\":\"https:\\\/\\\/cvinoticias.com\\\/v3\\\/#website\",\"url\":\"https:\\\/\\\/cvinoticias.com\\\/v3\\\/\",\"name\":\"CVI NOTICIAS\",\"description\":\"\",\"publisher\":{\"@id\":\"https:\\\/\\\/cvinoticias.com\\\/v3\\\/#organization\"},\"alternateName\":\"CVI\",\"potentialAction\":[{\"@type\":\"SearchAction\",\"target\":{\"@type\":\"EntryPoint\",\"urlTemplate\":\"https:\\\/\\\/cvinoticias.com\\\/v3\\\/?s={search_term_string}\"},\"query-input\":{\"@type\":\"PropertyValueSpecification\",\"valueRequired\":true,\"valueName\":\"search_term_string\"}}],\"inLanguage\":\"es\"},{\"@type\":\"Organization\",\"@id\":\"https:\\\/\\\/cvinoticias.com\\\/v3\\\/#organization\",\"name\":\"CVI NOTICIAS\",\"url\":\"https:\\\/\\\/cvinoticias.com\\\/v3\\\/\",\"logo\":{\"@type\":\"ImageObject\",\"inLanguage\":\"es\",\"@id\":\"https:\\\/\\\/cvinoticias.com\\\/v3\\\/#\\\/schema\\\/logo\\\/image\\\/\",\"url\":\"https:\\\/\\\/cvinoticias.com\\\/wp-content\\\/uploads\\\/2023\\\/04\\\/cropped-cropped-cropped-cropped-cropped-3-1.png\",\"contentUrl\":\"https:\\\/\\\/cvinoticias.com\\\/wp-content\\\/uploads\\\/2023\\\/04\\\/cropped-cropped-cropped-cropped-cropped-3-1.png\",\"width\":95,\"height\":122,\"caption\":\"CVI NOTICIAS\"},\"image\":{\"@id\":\"https:\\\/\\\/cvinoticias.com\\\/v3\\\/#\\\/schema\\\/logo\\\/image\\\/\"},\"sameAs\":[\"https:\\\/\\\/www.facebook.com\\\/cvinoticias\",\"https:\\\/\\\/www.instagram.com\\\/cvinoticias\\\/\",\"https:\\\/\\\/www.youtube.com\\\/@CVINOTICIAS\"]},{\"@type\":\"Person\",\"@id\":\"https:\\\/\\\/cvinoticias.com\\\/v3\\\/#\\\/schema\\\/person\\\/2db77e3c6bc03c538495d7b2b8be9b66\",\"name\":\"f1000024\",\"image\":{\"@type\":\"ImageObject\",\"inLanguage\":\"es\",\"@id\":\"https:\\\/\\\/secure.gravatar.com\\\/avatar\\\/d4fe7459cfc51ff5129ce1a732bbef5928568b8092d412ef95611616376bbeed?s=96&d=mm&r=g\",\"url\":\"https:\\\/\\\/secure.gravatar.com\\\/avatar\\\/d4fe7459cfc51ff5129ce1a732bbef5928568b8092d412ef95611616376bbeed?s=96&d=mm&r=g\",\"contentUrl\":\"https:\\\/\\\/secure.gravatar.com\\\/avatar\\\/d4fe7459cfc51ff5129ce1a732bbef5928568b8092d412ef95611616376bbeed?s=96&d=mm&r=g\",\"caption\":\"f1000024\"},\"url\":\"https:\\\/\\\/cvinoticias.com\\\/v3\\\/author\\\/f1000024\\\/\"}]}<\/script>\n<!-- \/ Yoast SEO plugin. -->","yoast_head_json":{"title":"Puerto Iguaz\u00fa - Fort\u00edn Mboror\u00e9: La Polic\u00eda y bomberos voluntarios se reunieron con integrantes de Aldea Mbya Guaran\u00ed | CVI NOTICIAS","robots":{"index":"index","follow":"follow","max-snippet":"max-snippet:-1","max-image-preview":"max-image-preview:large","max-video-preview":"max-video-preview:-1"},"canonical":"https:\/\/cvinoticias.com\/v3\/puerto-iguazu-fortin-mborore-la-policia-y-bomberos-voluntarios-se-reunieron-con-integrantes-de-aldea-mbya-guarani\/","og_locale":"es_ES","og_type":"article","og_title":"Puerto Iguaz\u00fa - Fort\u00edn Mboror\u00e9: La Polic\u00eda y bomberos voluntarios se reunieron con integrantes de Aldea Mbya Guaran\u00ed | CVI NOTICIAS","og_description":"En la ma\u00f1ana de hoy, en el sal\u00f3n de usos m\u00faltiples de la Aldea ubicada en la zona de las 2000 hect\u00e1reas de esta ciudad, la polic\u00eda junto al cuerpo activo de Bomberos voluntarios del municipio llegaron hasta la aldea Fort\u00edn Mboror\u00e9 el marco de la ardua labor que llevan adelante instituci\u00f3n y organismo. La [&hellip;]","og_url":"https:\/\/cvinoticias.com\/v3\/puerto-iguazu-fortin-mborore-la-policia-y-bomberos-voluntarios-se-reunieron-con-integrantes-de-aldea-mbya-guarani\/","og_site_name":"CVI NOTICIAS","article_publisher":"https:\/\/www.facebook.com\/cvinoticias","article_published_time":"2021-08-24T18:36:28+00:00","og_image":[{"width":777,"height":1600,"url":"https:\/\/cvinoticias.com\/wp-content\/uploads\/2021\/08\/IMG-20210824-WA0050.jpg","type":"image\/jpeg"}],"author":"f1000024","twitter_card":"summary_large_image","twitter_misc":{"Escrito por":"f1000024","Tiempo de lectura":"1 minuto"},"schema":{"@context":"https:\/\/schema.org","@graph":[{"@type":"Article","@id":"https:\/\/cvinoticias.com\/v3\/puerto-iguazu-fortin-mborore-la-policia-y-bomberos-voluntarios-se-reunieron-con-integrantes-de-aldea-mbya-guarani\/#article","isPartOf":{"@id":"https:\/\/cvinoticias.com\/v3\/puerto-iguazu-fortin-mborore-la-policia-y-bomberos-voluntarios-se-reunieron-con-integrantes-de-aldea-mbya-guarani\/"},"author":{"name":"f1000024","@id":"https:\/\/cvinoticias.com\/v3\/#\/schema\/person\/2db77e3c6bc03c538495d7b2b8be9b66"},"headline":"Puerto Iguaz\u00fa &#8211; Fort\u00edn Mboror\u00e9: La Polic\u00eda y bomberos voluntarios se reunieron con integrantes de Aldea Mbya Guaran\u00ed","datePublished":"2021-08-24T18:36:28+00:00","mainEntityOfPage":{"@id":"https:\/\/cvinoticias.com\/v3\/puerto-iguazu-fortin-mborore-la-policia-y-bomberos-voluntarios-se-reunieron-con-integrantes-de-aldea-mbya-guarani\/"},"wordCount":257,"commentCount":0,"publisher":{"@id":"https:\/\/cvinoticias.com\/v3\/#organization"},"image":{"@id":"https:\/\/cvinoticias.com\/v3\/puerto-iguazu-fortin-mborore-la-policia-y-bomberos-voluntarios-se-reunieron-con-integrantes-de-aldea-mbya-guarani\/#primaryimage"},"thumbnailUrl":"https:\/\/cvinoticias.com\/wp-content\/uploads\/2021\/08\/IMG-20210824-WA0050.jpg","articleSection":["Locales"],"inLanguage":"es","potentialAction":[{"@type":"CommentAction","name":"Comment","target":["https:\/\/cvinoticias.com\/v3\/puerto-iguazu-fortin-mborore-la-policia-y-bomberos-voluntarios-se-reunieron-con-integrantes-de-aldea-mbya-guarani\/#respond"]}]},{"@type":"WebPage","@id":"https:\/\/cvinoticias.com\/v3\/puerto-iguazu-fortin-mborore-la-policia-y-bomberos-voluntarios-se-reunieron-con-integrantes-de-aldea-mbya-guarani\/","url":"https:\/\/cvinoticias.com\/v3\/puerto-iguazu-fortin-mborore-la-policia-y-bomberos-voluntarios-se-reunieron-con-integrantes-de-aldea-mbya-guarani\/","name":"Puerto Iguaz\u00fa - Fort\u00edn Mboror\u00e9: La Polic\u00eda y bomberos voluntarios se reunieron con integrantes de Aldea Mbya Guaran\u00ed | CVI NOTICIAS","isPartOf":{"@id":"https:\/\/cvinoticias.com\/v3\/#website"},"primaryImageOfPage":{"@id":"https:\/\/cvinoticias.com\/v3\/puerto-iguazu-fortin-mborore-la-policia-y-bomberos-voluntarios-se-reunieron-con-integrantes-de-aldea-mbya-guarani\/#primaryimage"},"image":{"@id":"https:\/\/cvinoticias.com\/v3\/puerto-iguazu-fortin-mborore-la-policia-y-bomberos-voluntarios-se-reunieron-con-integrantes-de-aldea-mbya-guarani\/#primaryimage"},"thumbnailUrl":"https:\/\/cvinoticias.com\/wp-content\/uploads\/2021\/08\/IMG-20210824-WA0050.jpg","datePublished":"2021-08-24T18:36:28+00:00","breadcrumb":{"@id":"https:\/\/cvinoticias.com\/v3\/puerto-iguazu-fortin-mborore-la-policia-y-bomberos-voluntarios-se-reunieron-con-integrantes-de-aldea-mbya-guarani\/#breadcrumb"},"inLanguage":"es","potentialAction":[{"@type":"ReadAction","target":["https:\/\/cvinoticias.com\/v3\/puerto-iguazu-fortin-mborore-la-policia-y-bomberos-voluntarios-se-reunieron-con-integrantes-de-aldea-mbya-guarani\/"]}]},{"@type":"ImageObject","inLanguage":"es","@id":"https:\/\/cvinoticias.com\/v3\/puerto-iguazu-fortin-mborore-la-policia-y-bomberos-voluntarios-se-reunieron-con-integrantes-de-aldea-mbya-guarani\/#primaryimage","url":"https:\/\/cvinoticias.com\/wp-content\/uploads\/2021\/08\/IMG-20210824-WA0050.jpg","contentUrl":"https:\/\/cvinoticias.com\/wp-content\/uploads\/2021\/08\/IMG-20210824-WA0050.jpg","width":777,"height":1600},{"@type":"BreadcrumbList","@id":"https:\/\/cvinoticias.com\/v3\/puerto-iguazu-fortin-mborore-la-policia-y-bomberos-voluntarios-se-reunieron-con-integrantes-de-aldea-mbya-guarani\/#breadcrumb","itemListElement":[{"@type":"ListItem","position":1,"name":"Portada","item":"https:\/\/cvinoticias.com\/v3\/"},{"@type":"ListItem","position":2,"name":"Puerto Iguaz\u00fa &#8211; Fort\u00edn Mboror\u00e9: La Polic\u00eda y bomberos voluntarios se reunieron con integrantes de Aldea Mbya Guaran\u00ed"}]},{"@type":"WebSite","@id":"https:\/\/cvinoticias.com\/v3\/#website","url":"https:\/\/cvinoticias.com\/v3\/","name":"CVI NOTICIAS","description":"","publisher":{"@id":"https:\/\/cvinoticias.com\/v3\/#organization"},"alternateName":"CVI","potentialAction":[{"@type":"SearchAction","target":{"@type":"EntryPoint","urlTemplate":"https:\/\/cvinoticias.com\/v3\/?s={search_term_string}"},"query-input":{"@type":"PropertyValueSpecification","valueRequired":true,"valueName":"search_term_string"}}],"inLanguage":"es"},{"@type":"Organization","@id":"https:\/\/cvinoticias.com\/v3\/#organization","name":"CVI NOTICIAS","url":"https:\/\/cvinoticias.com\/v3\/","logo":{"@type":"ImageObject","inLanguage":"es","@id":"https:\/\/cvinoticias.com\/v3\/#\/schema\/logo\/image\/","url":"https:\/\/cvinoticias.com\/wp-content\/uploads\/2023\/04\/cropped-cropped-cropped-cropped-cropped-3-1.png","contentUrl":"https:\/\/cvinoticias.com\/wp-content\/uploads\/2023\/04\/cropped-cropped-cropped-cropped-cropped-3-1.png","width":95,"height":122,"caption":"CVI NOTICIAS"},"image":{"@id":"https:\/\/cvinoticias.com\/v3\/#\/schema\/logo\/image\/"},"sameAs":["https:\/\/www.facebook.com\/cvinoticias","https:\/\/www.instagram.com\/cvinoticias\/","https:\/\/www.youtube.com\/@CVINOTICIAS"]},{"@type":"Person","@id":"https:\/\/cvinoticias.com\/v3\/#\/schema\/person\/2db77e3c6bc03c538495d7b2b8be9b66","name":"f1000024","image":{"@type":"ImageObject","inLanguage":"es","@id":"https:\/\/secure.gravatar.com\/avatar\/d4fe7459cfc51ff5129ce1a732bbef5928568b8092d412ef95611616376bbeed?s=96&d=mm&r=g","url":"https:\/\/secure.gravatar.com\/avatar\/d4fe7459cfc51ff5129ce1a732bbef5928568b8092d412ef95611616376bbeed?s=96&d=mm&r=g","contentUrl":"https:\/\/secure.gravatar.com\/avatar\/d4fe7459cfc51ff5129ce1a732bbef5928568b8092d412ef95611616376bbeed?s=96&d=mm&r=g","caption":"f1000024"},"url":"https:\/\/cvinoticias.com\/v3\/author\/f1000024\/"}]}},"_links":{"self":[{"href":"https:\/\/cvinoticias.com\/v3\/wp-json\/wp\/v2\/posts\/7900","targetHints":{"allow":["GET"]}}],"collection":[{"href":"https:\/\/cvinoticias.com\/v3\/wp-json\/wp\/v2\/posts"}],"about":[{"href":"https:\/\/cvinoticias.com\/v3\/wp-json\/wp\/v2\/types\/post"}],"author":[{"embeddable":true,"href":"https:\/\/cvinoticias.com\/v3\/wp-json\/wp\/v2\/users\/2"}],"replies":[{"embeddable":true,"href":"https:\/\/cvinoticias.com\/v3\/wp-json\/wp\/v2\/comments?post=7900"}],"version-history":[{"count":1,"href":"https:\/\/cvinoticias.com\/v3\/wp-json\/wp\/v2\/posts\/7900\/revisions"}],"predecessor-version":[{"id":7906,"href":"https:\/\/cvinoticias.com\/v3\/wp-json\/wp\/v2\/posts\/7900\/revisions\/7906"}],"wp:featuredmedia":[{"embeddable":true,"href":"https:\/\/cvinoticias.com\/v3\/wp-json\/wp\/v2\/media\/7905"}],"wp:attachment":[{"href":"https:\/\/cvinoticias.com\/v3\/wp-json\/wp\/v2\/media?parent=7900"}],"wp:term":[{"taxonomy":"category","embeddable":true,"href":"https:\/\/cvinoticias.com\/v3\/wp-json\/wp\/v2\/categories?post=7900"},{"taxonomy":"post_tag","embeddable":true,"href":"https:\/\/cvinoticias.com\/v3\/wp-json\/wp\/v2\/tags?post=7900"}],"curies":[{"name":"wp","href":"https:\/\/api.w.org\/{rel}","templated":true}]}}