{"id":7894,"date":"2021-08-24T09:09:32","date_gmt":"2021-08-24T09:09:32","guid":{"rendered":"https:\/\/cvinoticias.com\/v3\/?p=7894"},"modified":"2021-08-24T09:09:32","modified_gmt":"2021-08-24T09:09:32","slug":"el-gobierno-nacional-presentara-una-propuesta-para-ampliar-la-presencialidad-de-clases","status":"publish","type":"post","link":"https:\/\/cvinoticias.com\/v3\/el-gobierno-nacional-presentara-una-propuesta-para-ampliar-la-presencialidad-de-clases\/","title":{"rendered":"El Gobierno nacional presentar\u00e1 una propuesta para ampliar la presencialidad de clases"},"content":{"rendered":"\n<p><strong>El ministro de Educaci\u00f3n de la Naci\u00f3n, Nicol\u00e1s Trotta, adelant\u00f3 que en la pr\u00f3xima reuni\u00f3n del Consejo Federal de Educaci\u00f3n se evaluar\u00e1 una propuesta para ampliar el esquema de clases presenciales en la Argentina, en base a la mejora en los indicadores sanitarios por la pandemia de coronavirus.<\/strong><\/p>\n\n\n\n<p>As\u00ed surgi\u00f3 tras una reuni\u00f3n mantenida este lunes por la tarde entre autoridades de la cartera educativa nacional con los especialistas en salud, epidemiolog\u00eda, higiene y seguridad e infraestructura escolar del Consejo Asesor para el Regreso a las Clases Presenciales.<\/p>\n\n\n\n<p>\u00abEl objetivo del encuentro fue desarrollar una propuesta para continuar fortaleciendo la presencialidad cuidada a partir de la mejora de los indicadores sanitarios\u00bb, afirm\u00f3 Trotta.<\/p>\n\n\n\n<p>El funcionario hab\u00eda adelantado que estaba trabajando en una idea de que haya mayor presencialidad en lo que resta del ciclo lectivo, y que este lunes iba a reunirse con expertos para analizar esa posibilidad.<\/p>\n\n\n\n<p>En ese marco,\u00a0el ministro sostuvo que \u00abla mejora en los indicadores epidemiol\u00f3gicos, el avance en el proceso de vacunaci\u00f3n y el aumento de las temperaturas en todo el territorio argentino abre una ventana de oportunidad para la elaboraci\u00f3n de nuevas alternativas que contin\u00faen fortaleciendo la presencia en las aulas\u00bb.<\/p>\n\n\n\n<p>\u00abLa propuesta integral elaborada mediante las conclusiones alcanzadas ser\u00e1 presentada a la brevedad ante el Consejo Federal de Educaci\u00f3n para su validaci\u00f3n y aprobaci\u00f3n\u00bb, adelant\u00f3 el titular de la cartera educativa, y asegur\u00f3 que \u00abcada decisi\u00f3n que tomamos se vincula a la mirada de los especialistas junto con las 24 jurisdicciones educativas\u00bb.<\/p>\n\n\n\n<p>\u00abVamos a continuar avanzando en intensificar la presencialidad sin renunciar al cuidado de la salud\u00bb, concluy\u00f3.<\/p>\n","protected":false},"excerpt":{"rendered":"<p>El ministro de Educaci\u00f3n de la Naci\u00f3n, Nicol\u00e1s Trotta, adelant\u00f3 que en la pr\u00f3xima reuni\u00f3n del Consejo Federal de Educaci\u00f3n se evaluar\u00e1 una propuesta para ampliar el esquema de clases presenciales en la Argentina, en base a la mejora en los indicadores sanitarios por la pandemia de coronavirus. As\u00ed surgi\u00f3 tras una reuni\u00f3n mantenida este [&hellip;]<\/p>\n","protected":false},"author":2,"featured_media":7895,"comment_status":"open","ping_status":"open","sticky":false,"template":"","format":"standard","meta":{"footnotes":""},"categories":[26],"tags":[],"class_list":["post-7894","post","type-post","status-publish","format-standard","has-post-thumbnail","hentry","category-educacion"],"yoast_head":"<!-- This site is optimized with the Yoast SEO plugin v27.4 - https:\/\/yoast.com\/product\/yoast-seo-wordpress\/ -->\n<title>El Gobierno nacional presentar\u00e1 una propuesta para ampliar la presencialidad de clases | CVI NOTICIAS<\/title>\n<meta name=\"robots\" content=\"index, follow, max-snippet:-1, max-image-preview:large, max-video-preview:-1\" \/>\n<link rel=\"canonical\" href=\"https:\/\/cvinoticias.com\/v3\/el-gobierno-nacional-presentara-una-propuesta-para-ampliar-la-presencialidad-de-clases\/\" \/>\n<meta property=\"og:locale\" content=\"es_ES\" \/>\n<meta property=\"og:type\" content=\"article\" \/>\n<meta property=\"og:title\" content=\"El Gobierno nacional presentar\u00e1 una propuesta para ampliar la presencialidad de clases | CVI NOTICIAS\" \/>\n<meta property=\"og:description\" content=\"El ministro de Educaci\u00f3n de la Naci\u00f3n, Nicol\u00e1s Trotta, adelant\u00f3 que en la pr\u00f3xima reuni\u00f3n del Consejo Federal de Educaci\u00f3n se evaluar\u00e1 una propuesta para ampliar el esquema de clases presenciales en la Argentina, en base a la mejora en los indicadores sanitarios por la pandemia de coronavirus. As\u00ed surgi\u00f3 tras una reuni\u00f3n mantenida este [&hellip;]\" \/>\n<meta property=\"og:url\" content=\"https:\/\/cvinoticias.com\/v3\/el-gobierno-nacional-presentara-una-propuesta-para-ampliar-la-presencialidad-de-clases\/\" \/>\n<meta property=\"og:site_name\" content=\"CVI NOTICIAS\" \/>\n<meta property=\"article:publisher\" content=\"https:\/\/www.facebook.com\/cvinoticias\" \/>\n<meta property=\"article:published_time\" content=\"2021-08-24T09:09:32+00:00\" \/>\n<meta property=\"og:image\" content=\"https:\/\/cvinoticias.com\/wp-content\/uploads\/2021\/08\/Screenshot_20210824-060742_Facebook.jpg\" \/>\n\t<meta property=\"og:image:width\" content=\"1006\" \/>\n\t<meta property=\"og:image:height\" content=\"1212\" \/>\n\t<meta property=\"og:image:type\" content=\"image\/jpeg\" \/>\n<meta name=\"author\" content=\"f1000024\" \/>\n<meta name=\"twitter:card\" content=\"summary_large_image\" \/>\n<meta name=\"twitter:label1\" content=\"Escrito por\" \/>\n\t<meta name=\"twitter:data1\" content=\"f1000024\" \/>\n\t<meta name=\"twitter:label2\" content=\"Tiempo de lectura\" \/>\n\t<meta name=\"twitter:data2\" content=\"1 minuto\" \/>\n<script type=\"application\/ld+json\" class=\"yoast-schema-graph\">{\"@context\":\"https:\\\/\\\/schema.org\",\"@graph\":[{\"@type\":\"Article\",\"@id\":\"https:\\\/\\\/cvinoticias.com\\\/v3\\\/el-gobierno-nacional-presentara-una-propuesta-para-ampliar-la-presencialidad-de-clases\\\/#article\",\"isPartOf\":{\"@id\":\"https:\\\/\\\/cvinoticias.com\\\/v3\\\/el-gobierno-nacional-presentara-una-propuesta-para-ampliar-la-presencialidad-de-clases\\\/\"},\"author\":{\"name\":\"f1000024\",\"@id\":\"https:\\\/\\\/cvinoticias.com\\\/v3\\\/#\\\/schema\\\/person\\\/2db77e3c6bc03c538495d7b2b8be9b66\"},\"headline\":\"El Gobierno nacional presentar\u00e1 una propuesta para ampliar la presencialidad de clases\",\"datePublished\":\"2021-08-24T09:09:32+00:00\",\"mainEntityOfPage\":{\"@id\":\"https:\\\/\\\/cvinoticias.com\\\/v3\\\/el-gobierno-nacional-presentara-una-propuesta-para-ampliar-la-presencialidad-de-clases\\\/\"},\"wordCount\":294,\"commentCount\":0,\"publisher\":{\"@id\":\"https:\\\/\\\/cvinoticias.com\\\/v3\\\/#organization\"},\"image\":{\"@id\":\"https:\\\/\\\/cvinoticias.com\\\/v3\\\/el-gobierno-nacional-presentara-una-propuesta-para-ampliar-la-presencialidad-de-clases\\\/#primaryimage\"},\"thumbnailUrl\":\"https:\\\/\\\/cvinoticias.com\\\/wp-content\\\/uploads\\\/2021\\\/08\\\/Screenshot_20210824-060742_Facebook.jpg\",\"articleSection\":[\"Educacion\"],\"inLanguage\":\"es\",\"potentialAction\":[{\"@type\":\"CommentAction\",\"name\":\"Comment\",\"target\":[\"https:\\\/\\\/cvinoticias.com\\\/v3\\\/el-gobierno-nacional-presentara-una-propuesta-para-ampliar-la-presencialidad-de-clases\\\/#respond\"]}]},{\"@type\":\"WebPage\",\"@id\":\"https:\\\/\\\/cvinoticias.com\\\/v3\\\/el-gobierno-nacional-presentara-una-propuesta-para-ampliar-la-presencialidad-de-clases\\\/\",\"url\":\"https:\\\/\\\/cvinoticias.com\\\/v3\\\/el-gobierno-nacional-presentara-una-propuesta-para-ampliar-la-presencialidad-de-clases\\\/\",\"name\":\"El Gobierno nacional presentar\u00e1 una propuesta para ampliar la presencialidad de clases | CVI NOTICIAS\",\"isPartOf\":{\"@id\":\"https:\\\/\\\/cvinoticias.com\\\/v3\\\/#website\"},\"primaryImageOfPage\":{\"@id\":\"https:\\\/\\\/cvinoticias.com\\\/v3\\\/el-gobierno-nacional-presentara-una-propuesta-para-ampliar-la-presencialidad-de-clases\\\/#primaryimage\"},\"image\":{\"@id\":\"https:\\\/\\\/cvinoticias.com\\\/v3\\\/el-gobierno-nacional-presentara-una-propuesta-para-ampliar-la-presencialidad-de-clases\\\/#primaryimage\"},\"thumbnailUrl\":\"https:\\\/\\\/cvinoticias.com\\\/wp-content\\\/uploads\\\/2021\\\/08\\\/Screenshot_20210824-060742_Facebook.jpg\",\"datePublished\":\"2021-08-24T09:09:32+00:00\",\"breadcrumb\":{\"@id\":\"https:\\\/\\\/cvinoticias.com\\\/v3\\\/el-gobierno-nacional-presentara-una-propuesta-para-ampliar-la-presencialidad-de-clases\\\/#breadcrumb\"},\"inLanguage\":\"es\",\"potentialAction\":[{\"@type\":\"ReadAction\",\"target\":[\"https:\\\/\\\/cvinoticias.com\\\/v3\\\/el-gobierno-nacional-presentara-una-propuesta-para-ampliar-la-presencialidad-de-clases\\\/\"]}]},{\"@type\":\"ImageObject\",\"inLanguage\":\"es\",\"@id\":\"https:\\\/\\\/cvinoticias.com\\\/v3\\\/el-gobierno-nacional-presentara-una-propuesta-para-ampliar-la-presencialidad-de-clases\\\/#primaryimage\",\"url\":\"https:\\\/\\\/cvinoticias.com\\\/wp-content\\\/uploads\\\/2021\\\/08\\\/Screenshot_20210824-060742_Facebook.jpg\",\"contentUrl\":\"https:\\\/\\\/cvinoticias.com\\\/wp-content\\\/uploads\\\/2021\\\/08\\\/Screenshot_20210824-060742_Facebook.jpg\",\"width\":1006,\"height\":1212},{\"@type\":\"BreadcrumbList\",\"@id\":\"https:\\\/\\\/cvinoticias.com\\\/v3\\\/el-gobierno-nacional-presentara-una-propuesta-para-ampliar-la-presencialidad-de-clases\\\/#breadcrumb\",\"itemListElement\":[{\"@type\":\"ListItem\",\"position\":1,\"name\":\"Portada\",\"item\":\"https:\\\/\\\/cvinoticias.com\\\/v3\\\/\"},{\"@type\":\"ListItem\",\"position\":2,\"name\":\"El Gobierno nacional presentar\u00e1 una propuesta para ampliar la presencialidad de clases\"}]},{\"@type\":\"WebSite\",\"@id\":\"https:\\\/\\\/cvinoticias.com\\\/v3\\\/#website\",\"url\":\"https:\\\/\\\/cvinoticias.com\\\/v3\\\/\",\"name\":\"CVI NOTICIAS\",\"description\":\"\",\"publisher\":{\"@id\":\"https:\\\/\\\/cvinoticias.com\\\/v3\\\/#organization\"},\"alternateName\":\"CVI\",\"potentialAction\":[{\"@type\":\"SearchAction\",\"target\":{\"@type\":\"EntryPoint\",\"urlTemplate\":\"https:\\\/\\\/cvinoticias.com\\\/v3\\\/?s={search_term_string}\"},\"query-input\":{\"@type\":\"PropertyValueSpecification\",\"valueRequired\":true,\"valueName\":\"search_term_string\"}}],\"inLanguage\":\"es\"},{\"@type\":\"Organization\",\"@id\":\"https:\\\/\\\/cvinoticias.com\\\/v3\\\/#organization\",\"name\":\"CVI NOTICIAS\",\"url\":\"https:\\\/\\\/cvinoticias.com\\\/v3\\\/\",\"logo\":{\"@type\":\"ImageObject\",\"inLanguage\":\"es\",\"@id\":\"https:\\\/\\\/cvinoticias.com\\\/v3\\\/#\\\/schema\\\/logo\\\/image\\\/\",\"url\":\"https:\\\/\\\/cvinoticias.com\\\/wp-content\\\/uploads\\\/2023\\\/04\\\/cropped-cropped-cropped-cropped-cropped-3-1.png\",\"contentUrl\":\"https:\\\/\\\/cvinoticias.com\\\/wp-content\\\/uploads\\\/2023\\\/04\\\/cropped-cropped-cropped-cropped-cropped-3-1.png\",\"width\":95,\"height\":122,\"caption\":\"CVI NOTICIAS\"},\"image\":{\"@id\":\"https:\\\/\\\/cvinoticias.com\\\/v3\\\/#\\\/schema\\\/logo\\\/image\\\/\"},\"sameAs\":[\"https:\\\/\\\/www.facebook.com\\\/cvinoticias\",\"https:\\\/\\\/www.instagram.com\\\/cvinoticias\\\/\",\"https:\\\/\\\/www.youtube.com\\\/@CVINOTICIAS\"]},{\"@type\":\"Person\",\"@id\":\"https:\\\/\\\/cvinoticias.com\\\/v3\\\/#\\\/schema\\\/person\\\/2db77e3c6bc03c538495d7b2b8be9b66\",\"name\":\"f1000024\",\"image\":{\"@type\":\"ImageObject\",\"inLanguage\":\"es\",\"@id\":\"https:\\\/\\\/secure.gravatar.com\\\/avatar\\\/d4fe7459cfc51ff5129ce1a732bbef5928568b8092d412ef95611616376bbeed?s=96&d=mm&r=g\",\"url\":\"https:\\\/\\\/secure.gravatar.com\\\/avatar\\\/d4fe7459cfc51ff5129ce1a732bbef5928568b8092d412ef95611616376bbeed?s=96&d=mm&r=g\",\"contentUrl\":\"https:\\\/\\\/secure.gravatar.com\\\/avatar\\\/d4fe7459cfc51ff5129ce1a732bbef5928568b8092d412ef95611616376bbeed?s=96&d=mm&r=g\",\"caption\":\"f1000024\"},\"url\":\"https:\\\/\\\/cvinoticias.com\\\/v3\\\/author\\\/f1000024\\\/\"}]}<\/script>\n<!-- \/ Yoast SEO plugin. -->","yoast_head_json":{"title":"El Gobierno nacional presentar\u00e1 una propuesta para ampliar la presencialidad de clases | CVI NOTICIAS","robots":{"index":"index","follow":"follow","max-snippet":"max-snippet:-1","max-image-preview":"max-image-preview:large","max-video-preview":"max-video-preview:-1"},"canonical":"https:\/\/cvinoticias.com\/v3\/el-gobierno-nacional-presentara-una-propuesta-para-ampliar-la-presencialidad-de-clases\/","og_locale":"es_ES","og_type":"article","og_title":"El Gobierno nacional presentar\u00e1 una propuesta para ampliar la presencialidad de clases | CVI NOTICIAS","og_description":"El ministro de Educaci\u00f3n de la Naci\u00f3n, Nicol\u00e1s Trotta, adelant\u00f3 que en la pr\u00f3xima reuni\u00f3n del Consejo Federal de Educaci\u00f3n se evaluar\u00e1 una propuesta para ampliar el esquema de clases presenciales en la Argentina, en base a la mejora en los indicadores sanitarios por la pandemia de coronavirus. As\u00ed surgi\u00f3 tras una reuni\u00f3n mantenida este [&hellip;]","og_url":"https:\/\/cvinoticias.com\/v3\/el-gobierno-nacional-presentara-una-propuesta-para-ampliar-la-presencialidad-de-clases\/","og_site_name":"CVI NOTICIAS","article_publisher":"https:\/\/www.facebook.com\/cvinoticias","article_published_time":"2021-08-24T09:09:32+00:00","og_image":[{"width":1006,"height":1212,"url":"https:\/\/cvinoticias.com\/wp-content\/uploads\/2021\/08\/Screenshot_20210824-060742_Facebook.jpg","type":"image\/jpeg"}],"author":"f1000024","twitter_card":"summary_large_image","twitter_misc":{"Escrito por":"f1000024","Tiempo de lectura":"1 minuto"},"schema":{"@context":"https:\/\/schema.org","@graph":[{"@type":"Article","@id":"https:\/\/cvinoticias.com\/v3\/el-gobierno-nacional-presentara-una-propuesta-para-ampliar-la-presencialidad-de-clases\/#article","isPartOf":{"@id":"https:\/\/cvinoticias.com\/v3\/el-gobierno-nacional-presentara-una-propuesta-para-ampliar-la-presencialidad-de-clases\/"},"author":{"name":"f1000024","@id":"https:\/\/cvinoticias.com\/v3\/#\/schema\/person\/2db77e3c6bc03c538495d7b2b8be9b66"},"headline":"El Gobierno nacional presentar\u00e1 una propuesta para ampliar la presencialidad de clases","datePublished":"2021-08-24T09:09:32+00:00","mainEntityOfPage":{"@id":"https:\/\/cvinoticias.com\/v3\/el-gobierno-nacional-presentara-una-propuesta-para-ampliar-la-presencialidad-de-clases\/"},"wordCount":294,"commentCount":0,"publisher":{"@id":"https:\/\/cvinoticias.com\/v3\/#organization"},"image":{"@id":"https:\/\/cvinoticias.com\/v3\/el-gobierno-nacional-presentara-una-propuesta-para-ampliar-la-presencialidad-de-clases\/#primaryimage"},"thumbnailUrl":"https:\/\/cvinoticias.com\/wp-content\/uploads\/2021\/08\/Screenshot_20210824-060742_Facebook.jpg","articleSection":["Educacion"],"inLanguage":"es","potentialAction":[{"@type":"CommentAction","name":"Comment","target":["https:\/\/cvinoticias.com\/v3\/el-gobierno-nacional-presentara-una-propuesta-para-ampliar-la-presencialidad-de-clases\/#respond"]}]},{"@type":"WebPage","@id":"https:\/\/cvinoticias.com\/v3\/el-gobierno-nacional-presentara-una-propuesta-para-ampliar-la-presencialidad-de-clases\/","url":"https:\/\/cvinoticias.com\/v3\/el-gobierno-nacional-presentara-una-propuesta-para-ampliar-la-presencialidad-de-clases\/","name":"El Gobierno nacional presentar\u00e1 una propuesta para ampliar la presencialidad de clases | CVI NOTICIAS","isPartOf":{"@id":"https:\/\/cvinoticias.com\/v3\/#website"},"primaryImageOfPage":{"@id":"https:\/\/cvinoticias.com\/v3\/el-gobierno-nacional-presentara-una-propuesta-para-ampliar-la-presencialidad-de-clases\/#primaryimage"},"image":{"@id":"https:\/\/cvinoticias.com\/v3\/el-gobierno-nacional-presentara-una-propuesta-para-ampliar-la-presencialidad-de-clases\/#primaryimage"},"thumbnailUrl":"https:\/\/cvinoticias.com\/wp-content\/uploads\/2021\/08\/Screenshot_20210824-060742_Facebook.jpg","datePublished":"2021-08-24T09:09:32+00:00","breadcrumb":{"@id":"https:\/\/cvinoticias.com\/v3\/el-gobierno-nacional-presentara-una-propuesta-para-ampliar-la-presencialidad-de-clases\/#breadcrumb"},"inLanguage":"es","potentialAction":[{"@type":"ReadAction","target":["https:\/\/cvinoticias.com\/v3\/el-gobierno-nacional-presentara-una-propuesta-para-ampliar-la-presencialidad-de-clases\/"]}]},{"@type":"ImageObject","inLanguage":"es","@id":"https:\/\/cvinoticias.com\/v3\/el-gobierno-nacional-presentara-una-propuesta-para-ampliar-la-presencialidad-de-clases\/#primaryimage","url":"https:\/\/cvinoticias.com\/wp-content\/uploads\/2021\/08\/Screenshot_20210824-060742_Facebook.jpg","contentUrl":"https:\/\/cvinoticias.com\/wp-content\/uploads\/2021\/08\/Screenshot_20210824-060742_Facebook.jpg","width":1006,"height":1212},{"@type":"BreadcrumbList","@id":"https:\/\/cvinoticias.com\/v3\/el-gobierno-nacional-presentara-una-propuesta-para-ampliar-la-presencialidad-de-clases\/#breadcrumb","itemListElement":[{"@type":"ListItem","position":1,"name":"Portada","item":"https:\/\/cvinoticias.com\/v3\/"},{"@type":"ListItem","position":2,"name":"El Gobierno nacional presentar\u00e1 una propuesta para ampliar la presencialidad de clases"}]},{"@type":"WebSite","@id":"https:\/\/cvinoticias.com\/v3\/#website","url":"https:\/\/cvinoticias.com\/v3\/","name":"CVI NOTICIAS","description":"","publisher":{"@id":"https:\/\/cvinoticias.com\/v3\/#organization"},"alternateName":"CVI","potentialAction":[{"@type":"SearchAction","target":{"@type":"EntryPoint","urlTemplate":"https:\/\/cvinoticias.com\/v3\/?s={search_term_string}"},"query-input":{"@type":"PropertyValueSpecification","valueRequired":true,"valueName":"search_term_string"}}],"inLanguage":"es"},{"@type":"Organization","@id":"https:\/\/cvinoticias.com\/v3\/#organization","name":"CVI NOTICIAS","url":"https:\/\/cvinoticias.com\/v3\/","logo":{"@type":"ImageObject","inLanguage":"es","@id":"https:\/\/cvinoticias.com\/v3\/#\/schema\/logo\/image\/","url":"https:\/\/cvinoticias.com\/wp-content\/uploads\/2023\/04\/cropped-cropped-cropped-cropped-cropped-3-1.png","contentUrl":"https:\/\/cvinoticias.com\/wp-content\/uploads\/2023\/04\/cropped-cropped-cropped-cropped-cropped-3-1.png","width":95,"height":122,"caption":"CVI NOTICIAS"},"image":{"@id":"https:\/\/cvinoticias.com\/v3\/#\/schema\/logo\/image\/"},"sameAs":["https:\/\/www.facebook.com\/cvinoticias","https:\/\/www.instagram.com\/cvinoticias\/","https:\/\/www.youtube.com\/@CVINOTICIAS"]},{"@type":"Person","@id":"https:\/\/cvinoticias.com\/v3\/#\/schema\/person\/2db77e3c6bc03c538495d7b2b8be9b66","name":"f1000024","image":{"@type":"ImageObject","inLanguage":"es","@id":"https:\/\/secure.gravatar.com\/avatar\/d4fe7459cfc51ff5129ce1a732bbef5928568b8092d412ef95611616376bbeed?s=96&d=mm&r=g","url":"https:\/\/secure.gravatar.com\/avatar\/d4fe7459cfc51ff5129ce1a732bbef5928568b8092d412ef95611616376bbeed?s=96&d=mm&r=g","contentUrl":"https:\/\/secure.gravatar.com\/avatar\/d4fe7459cfc51ff5129ce1a732bbef5928568b8092d412ef95611616376bbeed?s=96&d=mm&r=g","caption":"f1000024"},"url":"https:\/\/cvinoticias.com\/v3\/author\/f1000024\/"}]}},"_links":{"self":[{"href":"https:\/\/cvinoticias.com\/v3\/wp-json\/wp\/v2\/posts\/7894","targetHints":{"allow":["GET"]}}],"collection":[{"href":"https:\/\/cvinoticias.com\/v3\/wp-json\/wp\/v2\/posts"}],"about":[{"href":"https:\/\/cvinoticias.com\/v3\/wp-json\/wp\/v2\/types\/post"}],"author":[{"embeddable":true,"href":"https:\/\/cvinoticias.com\/v3\/wp-json\/wp\/v2\/users\/2"}],"replies":[{"embeddable":true,"href":"https:\/\/cvinoticias.com\/v3\/wp-json\/wp\/v2\/comments?post=7894"}],"version-history":[{"count":1,"href":"https:\/\/cvinoticias.com\/v3\/wp-json\/wp\/v2\/posts\/7894\/revisions"}],"predecessor-version":[{"id":7896,"href":"https:\/\/cvinoticias.com\/v3\/wp-json\/wp\/v2\/posts\/7894\/revisions\/7896"}],"wp:featuredmedia":[{"embeddable":true,"href":"https:\/\/cvinoticias.com\/v3\/wp-json\/wp\/v2\/media\/7895"}],"wp:attachment":[{"href":"https:\/\/cvinoticias.com\/v3\/wp-json\/wp\/v2\/media?parent=7894"}],"wp:term":[{"taxonomy":"category","embeddable":true,"href":"https:\/\/cvinoticias.com\/v3\/wp-json\/wp\/v2\/categories?post=7894"},{"taxonomy":"post_tag","embeddable":true,"href":"https:\/\/cvinoticias.com\/v3\/wp-json\/wp\/v2\/tags?post=7894"}],"curies":[{"name":"wp","href":"https:\/\/api.w.org\/{rel}","templated":true}]}}