{"id":7884,"date":"2021-08-24T08:25:33","date_gmt":"2021-08-24T08:25:33","guid":{"rendered":"https:\/\/cvinoticias.com\/v3\/?p=7884"},"modified":"2021-08-24T08:25:33","modified_gmt":"2021-08-24T08:25:33","slug":"proponen-que-los-monotributistas-cobren-aguinaldo","status":"publish","type":"post","link":"https:\/\/cvinoticias.com\/v3\/proponen-que-los-monotributistas-cobren-aguinaldo\/","title":{"rendered":"Proponen que los monotributistas cobren aguinaldo"},"content":{"rendered":"\n<p><strong><em>El candidato a senador nacional por Santa Fe de la lista \u00abLa Santa Fe que queremos\u00bb, en el Frente de Todos, Agust\u00edn Rossi, present\u00f3 su propuesta para que los monotributistas accedan al aguinaldo en algunas categor\u00edas.<\/em><\/strong><\/p>\n\n\n\n<p>\u201cEstamos seguros que para tener un pa\u00eds m\u00e1s justo e igualitario, tenemos que trabajar en la ampliaci\u00f3n de derechos, as\u00ed como lo hicimos en su momento con la Asignaci\u00f3n Universal por Hijo, los monotributistas como trabajadores tambi\u00e9n tienen derecho a percibir el aguinaldo\u201d, afirm\u00f3 Rossi mediante la plataforma de Facebook Live.<\/p>\n\n\n\n<p>El candidato explic\u00f3 los alcances del proyecto: \u201cLa propuesta que elaboramos alcanza a los Monotributistas comprendidos en las categor\u00edas A, B, y C (incluyendo Social y Promovido) que no aportan a otro r\u00e9gimen. El universo alcanzado es de un m\u00e1ximo de 2 millones de contribuyentes, s\u00f3lo en la provincia de Santa Fe hay 400.000 monotributistas de los cuales se ver\u00edan beneficiados aproximadamente 200.000\u201d.<\/p>\n\n\n\n<p>Y continu\u00f3: \u201cCon respecto al costo fiscal es de 63 mil millones de pesos, que debe ser solventado por el Estado y se evaluar\u00e1n medidas compensatorias. El costo fiscal es menor al otorgamiento del IFE durante la pandemia y ayudar\u00eda a igualar las condiciones de los trabajadores de este segmento con el resto\u201d.<\/p>\n\n\n\n<p>\u201cQuienes vivimos la pol\u00edtica como una herramienta de transformaci\u00f3n, estamos convencidos en la ampliaci\u00f3n de derechos. Cuando N\u00e9stor lleg\u00f3 a la presidencia puso de pie al pa\u00eds, a los trabajadores, luego Cristina continu\u00f3 con medidas transformadoras. Hoy tenemos la posibilidad con este proyecto de saldar una deuda hist\u00f3rica con un sector importante de los trabajadores\u201d, afirm\u00f3 Rossi.<\/p>\n\n\n\n<p>Por su parte, el candidato a diputado Nacional Eduardo Toniolli, que acompa\u00f1\u00f3 a Rossi en la presentaci\u00f3n de la propuesta ante seguidores y seguidoras de Facebook, asever\u00f3: \u201cLa propuesta apunta a profundizar el enorme despliegue que viene desarrollando el gobierno nacional desde diciembre del 2019, generando las condiciones para que todo el acompa\u00f1amiento estatal a los trabajadores y trabajadoras de la econom\u00eda popular (orientado a morigerar el impacto de la crisis econ\u00f3mica dejada por el macrismo y luego por la pandemia), se convierta en un canal para incorporar a millones de argentinos a mejores condiciones laborales, con m\u00e1s derechos\u00bb.<\/p>\n","protected":false},"excerpt":{"rendered":"<p>El candidato a senador nacional por Santa Fe de la lista \u00abLa Santa Fe que queremos\u00bb, en el Frente de Todos, Agust\u00edn Rossi, present\u00f3 su propuesta para que los monotributistas accedan al aguinaldo en algunas categor\u00edas. \u201cEstamos seguros que para tener un pa\u00eds m\u00e1s justo e igualitario, tenemos que trabajar en la ampliaci\u00f3n de derechos, [&hellip;]<\/p>\n","protected":false},"author":2,"featured_media":7885,"comment_status":"open","ping_status":"open","sticky":false,"template":"","format":"standard","meta":{"footnotes":""},"categories":[35],"tags":[],"class_list":["post-7884","post","type-post","status-publish","format-standard","has-post-thumbnail","hentry","category-informacion-general"],"yoast_head":"<!-- This site is optimized with the Yoast SEO plugin v27.4 - https:\/\/yoast.com\/product\/yoast-seo-wordpress\/ -->\n<title>Proponen que los monotributistas cobren aguinaldo | CVI NOTICIAS<\/title>\n<meta name=\"robots\" content=\"index, follow, max-snippet:-1, max-image-preview:large, max-video-preview:-1\" \/>\n<link rel=\"canonical\" href=\"https:\/\/cvinoticias.com\/v3\/proponen-que-los-monotributistas-cobren-aguinaldo\/\" \/>\n<meta property=\"og:locale\" content=\"es_ES\" \/>\n<meta property=\"og:type\" content=\"article\" \/>\n<meta property=\"og:title\" content=\"Proponen que los monotributistas cobren aguinaldo | CVI NOTICIAS\" \/>\n<meta property=\"og:description\" content=\"El candidato a senador nacional por Santa Fe de la lista \u00abLa Santa Fe que queremos\u00bb, en el Frente de Todos, Agust\u00edn Rossi, present\u00f3 su propuesta para que los monotributistas accedan al aguinaldo en algunas categor\u00edas. \u201cEstamos seguros que para tener un pa\u00eds m\u00e1s justo e igualitario, tenemos que trabajar en la ampliaci\u00f3n de derechos, [&hellip;]\" \/>\n<meta property=\"og:url\" content=\"https:\/\/cvinoticias.com\/v3\/proponen-que-los-monotributistas-cobren-aguinaldo\/\" \/>\n<meta property=\"og:site_name\" content=\"CVI NOTICIAS\" \/>\n<meta property=\"article:publisher\" content=\"https:\/\/www.facebook.com\/cvinoticias\" \/>\n<meta property=\"article:published_time\" content=\"2021-08-24T08:25:33+00:00\" \/>\n<meta property=\"og:image\" content=\"https:\/\/cvinoticias.com\/wp-content\/uploads\/2021\/08\/9246_MONOTRIBUTO2.jpg\" \/>\n\t<meta property=\"og:image:width\" content=\"640\" \/>\n\t<meta property=\"og:image:height\" content=\"359\" \/>\n\t<meta property=\"og:image:type\" content=\"image\/jpeg\" \/>\n<meta name=\"author\" content=\"f1000024\" \/>\n<meta name=\"twitter:card\" content=\"summary_large_image\" \/>\n<meta name=\"twitter:label1\" content=\"Escrito por\" \/>\n\t<meta name=\"twitter:data1\" content=\"f1000024\" \/>\n\t<meta name=\"twitter:label2\" content=\"Tiempo de lectura\" \/>\n\t<meta name=\"twitter:data2\" content=\"2 minutos\" \/>\n<script type=\"application\/ld+json\" class=\"yoast-schema-graph\">{\"@context\":\"https:\\\/\\\/schema.org\",\"@graph\":[{\"@type\":\"Article\",\"@id\":\"https:\\\/\\\/cvinoticias.com\\\/v3\\\/proponen-que-los-monotributistas-cobren-aguinaldo\\\/#article\",\"isPartOf\":{\"@id\":\"https:\\\/\\\/cvinoticias.com\\\/v3\\\/proponen-que-los-monotributistas-cobren-aguinaldo\\\/\"},\"author\":{\"name\":\"f1000024\",\"@id\":\"https:\\\/\\\/cvinoticias.com\\\/v3\\\/#\\\/schema\\\/person\\\/2db77e3c6bc03c538495d7b2b8be9b66\"},\"headline\":\"Proponen que los monotributistas cobren aguinaldo\",\"datePublished\":\"2021-08-24T08:25:33+00:00\",\"mainEntityOfPage\":{\"@id\":\"https:\\\/\\\/cvinoticias.com\\\/v3\\\/proponen-que-los-monotributistas-cobren-aguinaldo\\\/\"},\"wordCount\":385,\"commentCount\":0,\"publisher\":{\"@id\":\"https:\\\/\\\/cvinoticias.com\\\/v3\\\/#organization\"},\"image\":{\"@id\":\"https:\\\/\\\/cvinoticias.com\\\/v3\\\/proponen-que-los-monotributistas-cobren-aguinaldo\\\/#primaryimage\"},\"thumbnailUrl\":\"https:\\\/\\\/cvinoticias.com\\\/wp-content\\\/uploads\\\/2021\\\/08\\\/9246_MONOTRIBUTO2.jpg\",\"articleSection\":[\"Informaci\u00f3n General\"],\"inLanguage\":\"es\",\"potentialAction\":[{\"@type\":\"CommentAction\",\"name\":\"Comment\",\"target\":[\"https:\\\/\\\/cvinoticias.com\\\/v3\\\/proponen-que-los-monotributistas-cobren-aguinaldo\\\/#respond\"]}]},{\"@type\":\"WebPage\",\"@id\":\"https:\\\/\\\/cvinoticias.com\\\/v3\\\/proponen-que-los-monotributistas-cobren-aguinaldo\\\/\",\"url\":\"https:\\\/\\\/cvinoticias.com\\\/v3\\\/proponen-que-los-monotributistas-cobren-aguinaldo\\\/\",\"name\":\"Proponen que los monotributistas cobren aguinaldo | CVI NOTICIAS\",\"isPartOf\":{\"@id\":\"https:\\\/\\\/cvinoticias.com\\\/v3\\\/#website\"},\"primaryImageOfPage\":{\"@id\":\"https:\\\/\\\/cvinoticias.com\\\/v3\\\/proponen-que-los-monotributistas-cobren-aguinaldo\\\/#primaryimage\"},\"image\":{\"@id\":\"https:\\\/\\\/cvinoticias.com\\\/v3\\\/proponen-que-los-monotributistas-cobren-aguinaldo\\\/#primaryimage\"},\"thumbnailUrl\":\"https:\\\/\\\/cvinoticias.com\\\/wp-content\\\/uploads\\\/2021\\\/08\\\/9246_MONOTRIBUTO2.jpg\",\"datePublished\":\"2021-08-24T08:25:33+00:00\",\"breadcrumb\":{\"@id\":\"https:\\\/\\\/cvinoticias.com\\\/v3\\\/proponen-que-los-monotributistas-cobren-aguinaldo\\\/#breadcrumb\"},\"inLanguage\":\"es\",\"potentialAction\":[{\"@type\":\"ReadAction\",\"target\":[\"https:\\\/\\\/cvinoticias.com\\\/v3\\\/proponen-que-los-monotributistas-cobren-aguinaldo\\\/\"]}]},{\"@type\":\"ImageObject\",\"inLanguage\":\"es\",\"@id\":\"https:\\\/\\\/cvinoticias.com\\\/v3\\\/proponen-que-los-monotributistas-cobren-aguinaldo\\\/#primaryimage\",\"url\":\"https:\\\/\\\/cvinoticias.com\\\/wp-content\\\/uploads\\\/2021\\\/08\\\/9246_MONOTRIBUTO2.jpg\",\"contentUrl\":\"https:\\\/\\\/cvinoticias.com\\\/wp-content\\\/uploads\\\/2021\\\/08\\\/9246_MONOTRIBUTO2.jpg\",\"width\":640,\"height\":359},{\"@type\":\"BreadcrumbList\",\"@id\":\"https:\\\/\\\/cvinoticias.com\\\/v3\\\/proponen-que-los-monotributistas-cobren-aguinaldo\\\/#breadcrumb\",\"itemListElement\":[{\"@type\":\"ListItem\",\"position\":1,\"name\":\"Portada\",\"item\":\"https:\\\/\\\/cvinoticias.com\\\/v3\\\/\"},{\"@type\":\"ListItem\",\"position\":2,\"name\":\"Proponen que los monotributistas cobren aguinaldo\"}]},{\"@type\":\"WebSite\",\"@id\":\"https:\\\/\\\/cvinoticias.com\\\/v3\\\/#website\",\"url\":\"https:\\\/\\\/cvinoticias.com\\\/v3\\\/\",\"name\":\"CVI NOTICIAS\",\"description\":\"\",\"publisher\":{\"@id\":\"https:\\\/\\\/cvinoticias.com\\\/v3\\\/#organization\"},\"alternateName\":\"CVI\",\"potentialAction\":[{\"@type\":\"SearchAction\",\"target\":{\"@type\":\"EntryPoint\",\"urlTemplate\":\"https:\\\/\\\/cvinoticias.com\\\/v3\\\/?s={search_term_string}\"},\"query-input\":{\"@type\":\"PropertyValueSpecification\",\"valueRequired\":true,\"valueName\":\"search_term_string\"}}],\"inLanguage\":\"es\"},{\"@type\":\"Organization\",\"@id\":\"https:\\\/\\\/cvinoticias.com\\\/v3\\\/#organization\",\"name\":\"CVI NOTICIAS\",\"url\":\"https:\\\/\\\/cvinoticias.com\\\/v3\\\/\",\"logo\":{\"@type\":\"ImageObject\",\"inLanguage\":\"es\",\"@id\":\"https:\\\/\\\/cvinoticias.com\\\/v3\\\/#\\\/schema\\\/logo\\\/image\\\/\",\"url\":\"https:\\\/\\\/cvinoticias.com\\\/wp-content\\\/uploads\\\/2023\\\/04\\\/cropped-cropped-cropped-cropped-cropped-3-1.png\",\"contentUrl\":\"https:\\\/\\\/cvinoticias.com\\\/wp-content\\\/uploads\\\/2023\\\/04\\\/cropped-cropped-cropped-cropped-cropped-3-1.png\",\"width\":95,\"height\":122,\"caption\":\"CVI NOTICIAS\"},\"image\":{\"@id\":\"https:\\\/\\\/cvinoticias.com\\\/v3\\\/#\\\/schema\\\/logo\\\/image\\\/\"},\"sameAs\":[\"https:\\\/\\\/www.facebook.com\\\/cvinoticias\",\"https:\\\/\\\/www.instagram.com\\\/cvinoticias\\\/\",\"https:\\\/\\\/www.youtube.com\\\/@CVINOTICIAS\"]},{\"@type\":\"Person\",\"@id\":\"https:\\\/\\\/cvinoticias.com\\\/v3\\\/#\\\/schema\\\/person\\\/2db77e3c6bc03c538495d7b2b8be9b66\",\"name\":\"f1000024\",\"image\":{\"@type\":\"ImageObject\",\"inLanguage\":\"es\",\"@id\":\"https:\\\/\\\/secure.gravatar.com\\\/avatar\\\/d4fe7459cfc51ff5129ce1a732bbef5928568b8092d412ef95611616376bbeed?s=96&d=mm&r=g\",\"url\":\"https:\\\/\\\/secure.gravatar.com\\\/avatar\\\/d4fe7459cfc51ff5129ce1a732bbef5928568b8092d412ef95611616376bbeed?s=96&d=mm&r=g\",\"contentUrl\":\"https:\\\/\\\/secure.gravatar.com\\\/avatar\\\/d4fe7459cfc51ff5129ce1a732bbef5928568b8092d412ef95611616376bbeed?s=96&d=mm&r=g\",\"caption\":\"f1000024\"},\"url\":\"https:\\\/\\\/cvinoticias.com\\\/v3\\\/author\\\/f1000024\\\/\"}]}<\/script>\n<!-- \/ Yoast SEO plugin. -->","yoast_head_json":{"title":"Proponen que los monotributistas cobren aguinaldo | CVI NOTICIAS","robots":{"index":"index","follow":"follow","max-snippet":"max-snippet:-1","max-image-preview":"max-image-preview:large","max-video-preview":"max-video-preview:-1"},"canonical":"https:\/\/cvinoticias.com\/v3\/proponen-que-los-monotributistas-cobren-aguinaldo\/","og_locale":"es_ES","og_type":"article","og_title":"Proponen que los monotributistas cobren aguinaldo | CVI NOTICIAS","og_description":"El candidato a senador nacional por Santa Fe de la lista \u00abLa Santa Fe que queremos\u00bb, en el Frente de Todos, Agust\u00edn Rossi, present\u00f3 su propuesta para que los monotributistas accedan al aguinaldo en algunas categor\u00edas. \u201cEstamos seguros que para tener un pa\u00eds m\u00e1s justo e igualitario, tenemos que trabajar en la ampliaci\u00f3n de derechos, [&hellip;]","og_url":"https:\/\/cvinoticias.com\/v3\/proponen-que-los-monotributistas-cobren-aguinaldo\/","og_site_name":"CVI NOTICIAS","article_publisher":"https:\/\/www.facebook.com\/cvinoticias","article_published_time":"2021-08-24T08:25:33+00:00","og_image":[{"width":640,"height":359,"url":"https:\/\/cvinoticias.com\/wp-content\/uploads\/2021\/08\/9246_MONOTRIBUTO2.jpg","type":"image\/jpeg"}],"author":"f1000024","twitter_card":"summary_large_image","twitter_misc":{"Escrito por":"f1000024","Tiempo de lectura":"2 minutos"},"schema":{"@context":"https:\/\/schema.org","@graph":[{"@type":"Article","@id":"https:\/\/cvinoticias.com\/v3\/proponen-que-los-monotributistas-cobren-aguinaldo\/#article","isPartOf":{"@id":"https:\/\/cvinoticias.com\/v3\/proponen-que-los-monotributistas-cobren-aguinaldo\/"},"author":{"name":"f1000024","@id":"https:\/\/cvinoticias.com\/v3\/#\/schema\/person\/2db77e3c6bc03c538495d7b2b8be9b66"},"headline":"Proponen que los monotributistas cobren aguinaldo","datePublished":"2021-08-24T08:25:33+00:00","mainEntityOfPage":{"@id":"https:\/\/cvinoticias.com\/v3\/proponen-que-los-monotributistas-cobren-aguinaldo\/"},"wordCount":385,"commentCount":0,"publisher":{"@id":"https:\/\/cvinoticias.com\/v3\/#organization"},"image":{"@id":"https:\/\/cvinoticias.com\/v3\/proponen-que-los-monotributistas-cobren-aguinaldo\/#primaryimage"},"thumbnailUrl":"https:\/\/cvinoticias.com\/wp-content\/uploads\/2021\/08\/9246_MONOTRIBUTO2.jpg","articleSection":["Informaci\u00f3n General"],"inLanguage":"es","potentialAction":[{"@type":"CommentAction","name":"Comment","target":["https:\/\/cvinoticias.com\/v3\/proponen-que-los-monotributistas-cobren-aguinaldo\/#respond"]}]},{"@type":"WebPage","@id":"https:\/\/cvinoticias.com\/v3\/proponen-que-los-monotributistas-cobren-aguinaldo\/","url":"https:\/\/cvinoticias.com\/v3\/proponen-que-los-monotributistas-cobren-aguinaldo\/","name":"Proponen que los monotributistas cobren aguinaldo | CVI NOTICIAS","isPartOf":{"@id":"https:\/\/cvinoticias.com\/v3\/#website"},"primaryImageOfPage":{"@id":"https:\/\/cvinoticias.com\/v3\/proponen-que-los-monotributistas-cobren-aguinaldo\/#primaryimage"},"image":{"@id":"https:\/\/cvinoticias.com\/v3\/proponen-que-los-monotributistas-cobren-aguinaldo\/#primaryimage"},"thumbnailUrl":"https:\/\/cvinoticias.com\/wp-content\/uploads\/2021\/08\/9246_MONOTRIBUTO2.jpg","datePublished":"2021-08-24T08:25:33+00:00","breadcrumb":{"@id":"https:\/\/cvinoticias.com\/v3\/proponen-que-los-monotributistas-cobren-aguinaldo\/#breadcrumb"},"inLanguage":"es","potentialAction":[{"@type":"ReadAction","target":["https:\/\/cvinoticias.com\/v3\/proponen-que-los-monotributistas-cobren-aguinaldo\/"]}]},{"@type":"ImageObject","inLanguage":"es","@id":"https:\/\/cvinoticias.com\/v3\/proponen-que-los-monotributistas-cobren-aguinaldo\/#primaryimage","url":"https:\/\/cvinoticias.com\/wp-content\/uploads\/2021\/08\/9246_MONOTRIBUTO2.jpg","contentUrl":"https:\/\/cvinoticias.com\/wp-content\/uploads\/2021\/08\/9246_MONOTRIBUTO2.jpg","width":640,"height":359},{"@type":"BreadcrumbList","@id":"https:\/\/cvinoticias.com\/v3\/proponen-que-los-monotributistas-cobren-aguinaldo\/#breadcrumb","itemListElement":[{"@type":"ListItem","position":1,"name":"Portada","item":"https:\/\/cvinoticias.com\/v3\/"},{"@type":"ListItem","position":2,"name":"Proponen que los monotributistas cobren aguinaldo"}]},{"@type":"WebSite","@id":"https:\/\/cvinoticias.com\/v3\/#website","url":"https:\/\/cvinoticias.com\/v3\/","name":"CVI NOTICIAS","description":"","publisher":{"@id":"https:\/\/cvinoticias.com\/v3\/#organization"},"alternateName":"CVI","potentialAction":[{"@type":"SearchAction","target":{"@type":"EntryPoint","urlTemplate":"https:\/\/cvinoticias.com\/v3\/?s={search_term_string}"},"query-input":{"@type":"PropertyValueSpecification","valueRequired":true,"valueName":"search_term_string"}}],"inLanguage":"es"},{"@type":"Organization","@id":"https:\/\/cvinoticias.com\/v3\/#organization","name":"CVI NOTICIAS","url":"https:\/\/cvinoticias.com\/v3\/","logo":{"@type":"ImageObject","inLanguage":"es","@id":"https:\/\/cvinoticias.com\/v3\/#\/schema\/logo\/image\/","url":"https:\/\/cvinoticias.com\/wp-content\/uploads\/2023\/04\/cropped-cropped-cropped-cropped-cropped-3-1.png","contentUrl":"https:\/\/cvinoticias.com\/wp-content\/uploads\/2023\/04\/cropped-cropped-cropped-cropped-cropped-3-1.png","width":95,"height":122,"caption":"CVI NOTICIAS"},"image":{"@id":"https:\/\/cvinoticias.com\/v3\/#\/schema\/logo\/image\/"},"sameAs":["https:\/\/www.facebook.com\/cvinoticias","https:\/\/www.instagram.com\/cvinoticias\/","https:\/\/www.youtube.com\/@CVINOTICIAS"]},{"@type":"Person","@id":"https:\/\/cvinoticias.com\/v3\/#\/schema\/person\/2db77e3c6bc03c538495d7b2b8be9b66","name":"f1000024","image":{"@type":"ImageObject","inLanguage":"es","@id":"https:\/\/secure.gravatar.com\/avatar\/d4fe7459cfc51ff5129ce1a732bbef5928568b8092d412ef95611616376bbeed?s=96&d=mm&r=g","url":"https:\/\/secure.gravatar.com\/avatar\/d4fe7459cfc51ff5129ce1a732bbef5928568b8092d412ef95611616376bbeed?s=96&d=mm&r=g","contentUrl":"https:\/\/secure.gravatar.com\/avatar\/d4fe7459cfc51ff5129ce1a732bbef5928568b8092d412ef95611616376bbeed?s=96&d=mm&r=g","caption":"f1000024"},"url":"https:\/\/cvinoticias.com\/v3\/author\/f1000024\/"}]}},"_links":{"self":[{"href":"https:\/\/cvinoticias.com\/v3\/wp-json\/wp\/v2\/posts\/7884","targetHints":{"allow":["GET"]}}],"collection":[{"href":"https:\/\/cvinoticias.com\/v3\/wp-json\/wp\/v2\/posts"}],"about":[{"href":"https:\/\/cvinoticias.com\/v3\/wp-json\/wp\/v2\/types\/post"}],"author":[{"embeddable":true,"href":"https:\/\/cvinoticias.com\/v3\/wp-json\/wp\/v2\/users\/2"}],"replies":[{"embeddable":true,"href":"https:\/\/cvinoticias.com\/v3\/wp-json\/wp\/v2\/comments?post=7884"}],"version-history":[{"count":1,"href":"https:\/\/cvinoticias.com\/v3\/wp-json\/wp\/v2\/posts\/7884\/revisions"}],"predecessor-version":[{"id":7886,"href":"https:\/\/cvinoticias.com\/v3\/wp-json\/wp\/v2\/posts\/7884\/revisions\/7886"}],"wp:featuredmedia":[{"embeddable":true,"href":"https:\/\/cvinoticias.com\/v3\/wp-json\/wp\/v2\/media\/7885"}],"wp:attachment":[{"href":"https:\/\/cvinoticias.com\/v3\/wp-json\/wp\/v2\/media?parent=7884"}],"wp:term":[{"taxonomy":"category","embeddable":true,"href":"https:\/\/cvinoticias.com\/v3\/wp-json\/wp\/v2\/categories?post=7884"},{"taxonomy":"post_tag","embeddable":true,"href":"https:\/\/cvinoticias.com\/v3\/wp-json\/wp\/v2\/tags?post=7884"}],"curies":[{"name":"wp","href":"https:\/\/api.w.org\/{rel}","templated":true}]}}