{"id":7881,"date":"2021-08-24T08:19:17","date_gmt":"2021-08-24T08:19:17","guid":{"rendered":"https:\/\/cvinoticias.com\/v3\/?p=7881"},"modified":"2021-08-24T08:19:17","modified_gmt":"2021-08-24T08:19:17","slug":"presupuesto-2022-se-preve-un-incremento-de-24-88-para-ecologia","status":"publish","type":"post","link":"https:\/\/cvinoticias.com\/v3\/presupuesto-2022-se-preve-un-incremento-de-24-88-para-ecologia\/","title":{"rendered":"Presupuesto 2022: Se prev\u00e9 un incremento de 24, 88% para Ecolog\u00eda"},"content":{"rendered":"\n<p><em><strong>De acuerdo con el proyecto en estudio, se prev\u00e9 que el \u00e1rea reciba el pr\u00f3ximo a\u00f1o 866.470.000 pesos y corresponde al 0,38% del total del presupuesto provincial que se analiza en la Legislatura.<\/strong><\/em><\/p>\n\n\n\n<p>Este lunes en la Comisi\u00f3n de Presupuesto de la C\u00e1mara de Representantes de Misiones se analiz\u00f3 el proyecto de ley del Presupuesto para la Administraci\u00f3n P\u00fablica Provincial correspondiente al ejercicio financiero 2022. El ministro del Ecolog\u00eda y&nbsp; Recursos Naturales Renovables, Mario Vialey explic\u00f3 a los diputados el destino que proyectaron para los recursos que recibir\u00e1n el pr\u00f3ximo a\u00f1o en sus respectivas \u00e1reas.<br><br>De acuerdo con el proyecto en estudio, se prev\u00e9 que el \u00e1rea reciba el pr\u00f3ximo a\u00f1o 866.470.000 pesos, que representan un incremento del 24,88% respecto del monto asignado para este a\u00f1o, y corresponde al 0,38% del total del presupuesto provincial que se analiza.<br><br>El titular de la cartera ecol\u00f3gica dijo que los recursos ser\u00e1n distribuidos \u00aben todas las \u00e1reas, y m\u00e1s espec\u00edficamente en \u00e1reas naturales protegidas, para seguir conservando nuestro bosque nativo, y todo lo que es control y vigilancia, como as\u00ed tambi\u00e9n en inversiones para equipamiento\u00bb.<br><br>Destac\u00f3 que realizan un \u00abtrabajo en equipo muy bueno coordinado entre las distintas \u00e1reas, tanto guardaparques, guardafaunas y guardabosques, y la Direcci\u00f3n de Bosques, trabajando muy activamente e incorporando much\u00edsima tecnolog\u00eda, y eso se refleja en los resultados de las actas que se hicieron\u00bb.<br><br>Reconoci\u00f3 que \u00abla presi\u00f3n social sobre el bosque nativo va creciendo\u00bb aunque se\u00f1al\u00f3 que hay gente \u00abque va incorporando reservas privadas y eso nos da la visi\u00f3n de que Misiones es una de las provincias que mayor cantidad de reservas privadas y \u00e1reas protegidas tiene, y eso es digno de resaltar\u00bb.<br><br>Anticip\u00f3 que seguir\u00e1n trabajando por este camino, que implica \u00abintensificar m\u00e1s los controles y la fiscalizaci\u00f3n\u00bb, y resalt\u00f3 \u00abla protecci\u00f3n y conservaci\u00f3n de vertientes y bosques protectores de los arroyos, que van a garantizar a futuro la provisi\u00f3n de agua\u00bb, sobre todo en el contexto de crisis h\u00eddrica.<\/p>\n","protected":false},"excerpt":{"rendered":"<p>De acuerdo con el proyecto en estudio, se prev\u00e9 que el \u00e1rea reciba el pr\u00f3ximo a\u00f1o 866.470.000 pesos y corresponde al 0,38% del total del presupuesto provincial que se analiza en la Legislatura. Este lunes en la Comisi\u00f3n de Presupuesto de la C\u00e1mara de Representantes de Misiones se analiz\u00f3 el proyecto de ley del Presupuesto [&hellip;]<\/p>\n","protected":false},"author":2,"featured_media":7882,"comment_status":"open","ping_status":"open","sticky":false,"template":"","format":"standard","meta":{"footnotes":""},"categories":[43],"tags":[],"class_list":["post-7881","post","type-post","status-publish","format-standard","has-post-thumbnail","hentry","category-provinciales"],"yoast_head":"<!-- This site is optimized with the Yoast SEO plugin v27.4 - https:\/\/yoast.com\/product\/yoast-seo-wordpress\/ -->\n<title>Presupuesto 2022: Se prev\u00e9 un incremento de 24, 88% para Ecolog\u00eda | CVI NOTICIAS<\/title>\n<meta name=\"robots\" content=\"index, follow, max-snippet:-1, max-image-preview:large, max-video-preview:-1\" \/>\n<link rel=\"canonical\" href=\"https:\/\/cvinoticias.com\/v3\/presupuesto-2022-se-preve-un-incremento-de-24-88-para-ecologia\/\" \/>\n<meta property=\"og:locale\" content=\"es_ES\" \/>\n<meta property=\"og:type\" content=\"article\" \/>\n<meta property=\"og:title\" content=\"Presupuesto 2022: Se prev\u00e9 un incremento de 24, 88% para Ecolog\u00eda | CVI NOTICIAS\" \/>\n<meta property=\"og:description\" content=\"De acuerdo con el proyecto en estudio, se prev\u00e9 que el \u00e1rea reciba el pr\u00f3ximo a\u00f1o 866.470.000 pesos y corresponde al 0,38% del total del presupuesto provincial que se analiza en la Legislatura. Este lunes en la Comisi\u00f3n de Presupuesto de la C\u00e1mara de Representantes de Misiones se analiz\u00f3 el proyecto de ley del Presupuesto [&hellip;]\" \/>\n<meta property=\"og:url\" content=\"https:\/\/cvinoticias.com\/v3\/presupuesto-2022-se-preve-un-incremento-de-24-88-para-ecologia\/\" \/>\n<meta property=\"og:site_name\" content=\"CVI NOTICIAS\" \/>\n<meta property=\"article:publisher\" content=\"https:\/\/www.facebook.com\/cvinoticias\" \/>\n<meta property=\"article:published_time\" content=\"2021-08-24T08:19:17+00:00\" \/>\n<meta property=\"og:image\" content=\"https:\/\/cvinoticias.com\/wp-content\/uploads\/2021\/08\/828747.jpg_nota.jpg\" \/>\n\t<meta property=\"og:image:width\" content=\"800\" \/>\n\t<meta property=\"og:image:height\" content=\"502\" \/>\n\t<meta property=\"og:image:type\" content=\"image\/jpeg\" \/>\n<meta name=\"author\" content=\"f1000024\" \/>\n<meta name=\"twitter:card\" content=\"summary_large_image\" \/>\n<meta name=\"twitter:label1\" content=\"Escrito por\" \/>\n\t<meta name=\"twitter:data1\" content=\"f1000024\" \/>\n\t<meta name=\"twitter:label2\" content=\"Tiempo de lectura\" \/>\n\t<meta name=\"twitter:data2\" content=\"2 minutos\" \/>\n<script type=\"application\/ld+json\" class=\"yoast-schema-graph\">{\"@context\":\"https:\\\/\\\/schema.org\",\"@graph\":[{\"@type\":\"Article\",\"@id\":\"https:\\\/\\\/cvinoticias.com\\\/v3\\\/presupuesto-2022-se-preve-un-incremento-de-24-88-para-ecologia\\\/#article\",\"isPartOf\":{\"@id\":\"https:\\\/\\\/cvinoticias.com\\\/v3\\\/presupuesto-2022-se-preve-un-incremento-de-24-88-para-ecologia\\\/\"},\"author\":{\"name\":\"f1000024\",\"@id\":\"https:\\\/\\\/cvinoticias.com\\\/v3\\\/#\\\/schema\\\/person\\\/2db77e3c6bc03c538495d7b2b8be9b66\"},\"headline\":\"Presupuesto 2022: Se prev\u00e9 un incremento de 24, 88% para Ecolog\u00eda\",\"datePublished\":\"2021-08-24T08:19:17+00:00\",\"mainEntityOfPage\":{\"@id\":\"https:\\\/\\\/cvinoticias.com\\\/v3\\\/presupuesto-2022-se-preve-un-incremento-de-24-88-para-ecologia\\\/\"},\"wordCount\":360,\"commentCount\":0,\"publisher\":{\"@id\":\"https:\\\/\\\/cvinoticias.com\\\/v3\\\/#organization\"},\"image\":{\"@id\":\"https:\\\/\\\/cvinoticias.com\\\/v3\\\/presupuesto-2022-se-preve-un-incremento-de-24-88-para-ecologia\\\/#primaryimage\"},\"thumbnailUrl\":\"https:\\\/\\\/cvinoticias.com\\\/wp-content\\\/uploads\\\/2021\\\/08\\\/828747.jpg_nota.jpg\",\"articleSection\":[\"Provinciales\"],\"inLanguage\":\"es\",\"potentialAction\":[{\"@type\":\"CommentAction\",\"name\":\"Comment\",\"target\":[\"https:\\\/\\\/cvinoticias.com\\\/v3\\\/presupuesto-2022-se-preve-un-incremento-de-24-88-para-ecologia\\\/#respond\"]}]},{\"@type\":\"WebPage\",\"@id\":\"https:\\\/\\\/cvinoticias.com\\\/v3\\\/presupuesto-2022-se-preve-un-incremento-de-24-88-para-ecologia\\\/\",\"url\":\"https:\\\/\\\/cvinoticias.com\\\/v3\\\/presupuesto-2022-se-preve-un-incremento-de-24-88-para-ecologia\\\/\",\"name\":\"Presupuesto 2022: Se prev\u00e9 un incremento de 24, 88% para Ecolog\u00eda | CVI NOTICIAS\",\"isPartOf\":{\"@id\":\"https:\\\/\\\/cvinoticias.com\\\/v3\\\/#website\"},\"primaryImageOfPage\":{\"@id\":\"https:\\\/\\\/cvinoticias.com\\\/v3\\\/presupuesto-2022-se-preve-un-incremento-de-24-88-para-ecologia\\\/#primaryimage\"},\"image\":{\"@id\":\"https:\\\/\\\/cvinoticias.com\\\/v3\\\/presupuesto-2022-se-preve-un-incremento-de-24-88-para-ecologia\\\/#primaryimage\"},\"thumbnailUrl\":\"https:\\\/\\\/cvinoticias.com\\\/wp-content\\\/uploads\\\/2021\\\/08\\\/828747.jpg_nota.jpg\",\"datePublished\":\"2021-08-24T08:19:17+00:00\",\"breadcrumb\":{\"@id\":\"https:\\\/\\\/cvinoticias.com\\\/v3\\\/presupuesto-2022-se-preve-un-incremento-de-24-88-para-ecologia\\\/#breadcrumb\"},\"inLanguage\":\"es\",\"potentialAction\":[{\"@type\":\"ReadAction\",\"target\":[\"https:\\\/\\\/cvinoticias.com\\\/v3\\\/presupuesto-2022-se-preve-un-incremento-de-24-88-para-ecologia\\\/\"]}]},{\"@type\":\"ImageObject\",\"inLanguage\":\"es\",\"@id\":\"https:\\\/\\\/cvinoticias.com\\\/v3\\\/presupuesto-2022-se-preve-un-incremento-de-24-88-para-ecologia\\\/#primaryimage\",\"url\":\"https:\\\/\\\/cvinoticias.com\\\/wp-content\\\/uploads\\\/2021\\\/08\\\/828747.jpg_nota.jpg\",\"contentUrl\":\"https:\\\/\\\/cvinoticias.com\\\/wp-content\\\/uploads\\\/2021\\\/08\\\/828747.jpg_nota.jpg\",\"width\":800,\"height\":502},{\"@type\":\"BreadcrumbList\",\"@id\":\"https:\\\/\\\/cvinoticias.com\\\/v3\\\/presupuesto-2022-se-preve-un-incremento-de-24-88-para-ecologia\\\/#breadcrumb\",\"itemListElement\":[{\"@type\":\"ListItem\",\"position\":1,\"name\":\"Portada\",\"item\":\"https:\\\/\\\/cvinoticias.com\\\/v3\\\/\"},{\"@type\":\"ListItem\",\"position\":2,\"name\":\"Presupuesto 2022: Se prev\u00e9 un incremento de 24, 88% para Ecolog\u00eda\"}]},{\"@type\":\"WebSite\",\"@id\":\"https:\\\/\\\/cvinoticias.com\\\/v3\\\/#website\",\"url\":\"https:\\\/\\\/cvinoticias.com\\\/v3\\\/\",\"name\":\"CVI NOTICIAS\",\"description\":\"\",\"publisher\":{\"@id\":\"https:\\\/\\\/cvinoticias.com\\\/v3\\\/#organization\"},\"alternateName\":\"CVI\",\"potentialAction\":[{\"@type\":\"SearchAction\",\"target\":{\"@type\":\"EntryPoint\",\"urlTemplate\":\"https:\\\/\\\/cvinoticias.com\\\/v3\\\/?s={search_term_string}\"},\"query-input\":{\"@type\":\"PropertyValueSpecification\",\"valueRequired\":true,\"valueName\":\"search_term_string\"}}],\"inLanguage\":\"es\"},{\"@type\":\"Organization\",\"@id\":\"https:\\\/\\\/cvinoticias.com\\\/v3\\\/#organization\",\"name\":\"CVI NOTICIAS\",\"url\":\"https:\\\/\\\/cvinoticias.com\\\/v3\\\/\",\"logo\":{\"@type\":\"ImageObject\",\"inLanguage\":\"es\",\"@id\":\"https:\\\/\\\/cvinoticias.com\\\/v3\\\/#\\\/schema\\\/logo\\\/image\\\/\",\"url\":\"https:\\\/\\\/cvinoticias.com\\\/wp-content\\\/uploads\\\/2023\\\/04\\\/cropped-cropped-cropped-cropped-cropped-3-1.png\",\"contentUrl\":\"https:\\\/\\\/cvinoticias.com\\\/wp-content\\\/uploads\\\/2023\\\/04\\\/cropped-cropped-cropped-cropped-cropped-3-1.png\",\"width\":95,\"height\":122,\"caption\":\"CVI NOTICIAS\"},\"image\":{\"@id\":\"https:\\\/\\\/cvinoticias.com\\\/v3\\\/#\\\/schema\\\/logo\\\/image\\\/\"},\"sameAs\":[\"https:\\\/\\\/www.facebook.com\\\/cvinoticias\",\"https:\\\/\\\/www.instagram.com\\\/cvinoticias\\\/\",\"https:\\\/\\\/www.youtube.com\\\/@CVINOTICIAS\"]},{\"@type\":\"Person\",\"@id\":\"https:\\\/\\\/cvinoticias.com\\\/v3\\\/#\\\/schema\\\/person\\\/2db77e3c6bc03c538495d7b2b8be9b66\",\"name\":\"f1000024\",\"image\":{\"@type\":\"ImageObject\",\"inLanguage\":\"es\",\"@id\":\"https:\\\/\\\/secure.gravatar.com\\\/avatar\\\/d4fe7459cfc51ff5129ce1a732bbef5928568b8092d412ef95611616376bbeed?s=96&d=mm&r=g\",\"url\":\"https:\\\/\\\/secure.gravatar.com\\\/avatar\\\/d4fe7459cfc51ff5129ce1a732bbef5928568b8092d412ef95611616376bbeed?s=96&d=mm&r=g\",\"contentUrl\":\"https:\\\/\\\/secure.gravatar.com\\\/avatar\\\/d4fe7459cfc51ff5129ce1a732bbef5928568b8092d412ef95611616376bbeed?s=96&d=mm&r=g\",\"caption\":\"f1000024\"},\"url\":\"https:\\\/\\\/cvinoticias.com\\\/v3\\\/author\\\/f1000024\\\/\"}]}<\/script>\n<!-- \/ Yoast SEO plugin. -->","yoast_head_json":{"title":"Presupuesto 2022: Se prev\u00e9 un incremento de 24, 88% para Ecolog\u00eda | CVI NOTICIAS","robots":{"index":"index","follow":"follow","max-snippet":"max-snippet:-1","max-image-preview":"max-image-preview:large","max-video-preview":"max-video-preview:-1"},"canonical":"https:\/\/cvinoticias.com\/v3\/presupuesto-2022-se-preve-un-incremento-de-24-88-para-ecologia\/","og_locale":"es_ES","og_type":"article","og_title":"Presupuesto 2022: Se prev\u00e9 un incremento de 24, 88% para Ecolog\u00eda | CVI NOTICIAS","og_description":"De acuerdo con el proyecto en estudio, se prev\u00e9 que el \u00e1rea reciba el pr\u00f3ximo a\u00f1o 866.470.000 pesos y corresponde al 0,38% del total del presupuesto provincial que se analiza en la Legislatura. Este lunes en la Comisi\u00f3n de Presupuesto de la C\u00e1mara de Representantes de Misiones se analiz\u00f3 el proyecto de ley del Presupuesto [&hellip;]","og_url":"https:\/\/cvinoticias.com\/v3\/presupuesto-2022-se-preve-un-incremento-de-24-88-para-ecologia\/","og_site_name":"CVI NOTICIAS","article_publisher":"https:\/\/www.facebook.com\/cvinoticias","article_published_time":"2021-08-24T08:19:17+00:00","og_image":[{"width":800,"height":502,"url":"https:\/\/cvinoticias.com\/wp-content\/uploads\/2021\/08\/828747.jpg_nota.jpg","type":"image\/jpeg"}],"author":"f1000024","twitter_card":"summary_large_image","twitter_misc":{"Escrito por":"f1000024","Tiempo de lectura":"2 minutos"},"schema":{"@context":"https:\/\/schema.org","@graph":[{"@type":"Article","@id":"https:\/\/cvinoticias.com\/v3\/presupuesto-2022-se-preve-un-incremento-de-24-88-para-ecologia\/#article","isPartOf":{"@id":"https:\/\/cvinoticias.com\/v3\/presupuesto-2022-se-preve-un-incremento-de-24-88-para-ecologia\/"},"author":{"name":"f1000024","@id":"https:\/\/cvinoticias.com\/v3\/#\/schema\/person\/2db77e3c6bc03c538495d7b2b8be9b66"},"headline":"Presupuesto 2022: Se prev\u00e9 un incremento de 24, 88% para Ecolog\u00eda","datePublished":"2021-08-24T08:19:17+00:00","mainEntityOfPage":{"@id":"https:\/\/cvinoticias.com\/v3\/presupuesto-2022-se-preve-un-incremento-de-24-88-para-ecologia\/"},"wordCount":360,"commentCount":0,"publisher":{"@id":"https:\/\/cvinoticias.com\/v3\/#organization"},"image":{"@id":"https:\/\/cvinoticias.com\/v3\/presupuesto-2022-se-preve-un-incremento-de-24-88-para-ecologia\/#primaryimage"},"thumbnailUrl":"https:\/\/cvinoticias.com\/wp-content\/uploads\/2021\/08\/828747.jpg_nota.jpg","articleSection":["Provinciales"],"inLanguage":"es","potentialAction":[{"@type":"CommentAction","name":"Comment","target":["https:\/\/cvinoticias.com\/v3\/presupuesto-2022-se-preve-un-incremento-de-24-88-para-ecologia\/#respond"]}]},{"@type":"WebPage","@id":"https:\/\/cvinoticias.com\/v3\/presupuesto-2022-se-preve-un-incremento-de-24-88-para-ecologia\/","url":"https:\/\/cvinoticias.com\/v3\/presupuesto-2022-se-preve-un-incremento-de-24-88-para-ecologia\/","name":"Presupuesto 2022: Se prev\u00e9 un incremento de 24, 88% para Ecolog\u00eda | CVI NOTICIAS","isPartOf":{"@id":"https:\/\/cvinoticias.com\/v3\/#website"},"primaryImageOfPage":{"@id":"https:\/\/cvinoticias.com\/v3\/presupuesto-2022-se-preve-un-incremento-de-24-88-para-ecologia\/#primaryimage"},"image":{"@id":"https:\/\/cvinoticias.com\/v3\/presupuesto-2022-se-preve-un-incremento-de-24-88-para-ecologia\/#primaryimage"},"thumbnailUrl":"https:\/\/cvinoticias.com\/wp-content\/uploads\/2021\/08\/828747.jpg_nota.jpg","datePublished":"2021-08-24T08:19:17+00:00","breadcrumb":{"@id":"https:\/\/cvinoticias.com\/v3\/presupuesto-2022-se-preve-un-incremento-de-24-88-para-ecologia\/#breadcrumb"},"inLanguage":"es","potentialAction":[{"@type":"ReadAction","target":["https:\/\/cvinoticias.com\/v3\/presupuesto-2022-se-preve-un-incremento-de-24-88-para-ecologia\/"]}]},{"@type":"ImageObject","inLanguage":"es","@id":"https:\/\/cvinoticias.com\/v3\/presupuesto-2022-se-preve-un-incremento-de-24-88-para-ecologia\/#primaryimage","url":"https:\/\/cvinoticias.com\/wp-content\/uploads\/2021\/08\/828747.jpg_nota.jpg","contentUrl":"https:\/\/cvinoticias.com\/wp-content\/uploads\/2021\/08\/828747.jpg_nota.jpg","width":800,"height":502},{"@type":"BreadcrumbList","@id":"https:\/\/cvinoticias.com\/v3\/presupuesto-2022-se-preve-un-incremento-de-24-88-para-ecologia\/#breadcrumb","itemListElement":[{"@type":"ListItem","position":1,"name":"Portada","item":"https:\/\/cvinoticias.com\/v3\/"},{"@type":"ListItem","position":2,"name":"Presupuesto 2022: Se prev\u00e9 un incremento de 24, 88% para Ecolog\u00eda"}]},{"@type":"WebSite","@id":"https:\/\/cvinoticias.com\/v3\/#website","url":"https:\/\/cvinoticias.com\/v3\/","name":"CVI NOTICIAS","description":"","publisher":{"@id":"https:\/\/cvinoticias.com\/v3\/#organization"},"alternateName":"CVI","potentialAction":[{"@type":"SearchAction","target":{"@type":"EntryPoint","urlTemplate":"https:\/\/cvinoticias.com\/v3\/?s={search_term_string}"},"query-input":{"@type":"PropertyValueSpecification","valueRequired":true,"valueName":"search_term_string"}}],"inLanguage":"es"},{"@type":"Organization","@id":"https:\/\/cvinoticias.com\/v3\/#organization","name":"CVI NOTICIAS","url":"https:\/\/cvinoticias.com\/v3\/","logo":{"@type":"ImageObject","inLanguage":"es","@id":"https:\/\/cvinoticias.com\/v3\/#\/schema\/logo\/image\/","url":"https:\/\/cvinoticias.com\/wp-content\/uploads\/2023\/04\/cropped-cropped-cropped-cropped-cropped-3-1.png","contentUrl":"https:\/\/cvinoticias.com\/wp-content\/uploads\/2023\/04\/cropped-cropped-cropped-cropped-cropped-3-1.png","width":95,"height":122,"caption":"CVI NOTICIAS"},"image":{"@id":"https:\/\/cvinoticias.com\/v3\/#\/schema\/logo\/image\/"},"sameAs":["https:\/\/www.facebook.com\/cvinoticias","https:\/\/www.instagram.com\/cvinoticias\/","https:\/\/www.youtube.com\/@CVINOTICIAS"]},{"@type":"Person","@id":"https:\/\/cvinoticias.com\/v3\/#\/schema\/person\/2db77e3c6bc03c538495d7b2b8be9b66","name":"f1000024","image":{"@type":"ImageObject","inLanguage":"es","@id":"https:\/\/secure.gravatar.com\/avatar\/d4fe7459cfc51ff5129ce1a732bbef5928568b8092d412ef95611616376bbeed?s=96&d=mm&r=g","url":"https:\/\/secure.gravatar.com\/avatar\/d4fe7459cfc51ff5129ce1a732bbef5928568b8092d412ef95611616376bbeed?s=96&d=mm&r=g","contentUrl":"https:\/\/secure.gravatar.com\/avatar\/d4fe7459cfc51ff5129ce1a732bbef5928568b8092d412ef95611616376bbeed?s=96&d=mm&r=g","caption":"f1000024"},"url":"https:\/\/cvinoticias.com\/v3\/author\/f1000024\/"}]}},"_links":{"self":[{"href":"https:\/\/cvinoticias.com\/v3\/wp-json\/wp\/v2\/posts\/7881","targetHints":{"allow":["GET"]}}],"collection":[{"href":"https:\/\/cvinoticias.com\/v3\/wp-json\/wp\/v2\/posts"}],"about":[{"href":"https:\/\/cvinoticias.com\/v3\/wp-json\/wp\/v2\/types\/post"}],"author":[{"embeddable":true,"href":"https:\/\/cvinoticias.com\/v3\/wp-json\/wp\/v2\/users\/2"}],"replies":[{"embeddable":true,"href":"https:\/\/cvinoticias.com\/v3\/wp-json\/wp\/v2\/comments?post=7881"}],"version-history":[{"count":1,"href":"https:\/\/cvinoticias.com\/v3\/wp-json\/wp\/v2\/posts\/7881\/revisions"}],"predecessor-version":[{"id":7883,"href":"https:\/\/cvinoticias.com\/v3\/wp-json\/wp\/v2\/posts\/7881\/revisions\/7883"}],"wp:featuredmedia":[{"embeddable":true,"href":"https:\/\/cvinoticias.com\/v3\/wp-json\/wp\/v2\/media\/7882"}],"wp:attachment":[{"href":"https:\/\/cvinoticias.com\/v3\/wp-json\/wp\/v2\/media?parent=7881"}],"wp:term":[{"taxonomy":"category","embeddable":true,"href":"https:\/\/cvinoticias.com\/v3\/wp-json\/wp\/v2\/categories?post=7881"},{"taxonomy":"post_tag","embeddable":true,"href":"https:\/\/cvinoticias.com\/v3\/wp-json\/wp\/v2\/tags?post=7881"}],"curies":[{"name":"wp","href":"https:\/\/api.w.org\/{rel}","templated":true}]}}