{"id":7864,"date":"2021-08-23T11:14:39","date_gmt":"2021-08-23T11:14:39","guid":{"rendered":"https:\/\/cvinoticias.com\/v3\/?p=7864"},"modified":"2021-08-23T11:14:39","modified_gmt":"2021-08-23T11:14:39","slug":"puerto-iguazu-recuperaron-una-motocicleta-robada-y-detuvieron-a-un-joven","status":"publish","type":"post","link":"https:\/\/cvinoticias.com\/v3\/puerto-iguazu-recuperaron-una-motocicleta-robada-y-detuvieron-a-un-joven\/","title":{"rendered":"Puerto Iguaz\u00fa: Recuperaron una motocicleta robada y detuvieron a un joven"},"content":{"rendered":"\n<p><strong><em>Fue en la jornada de ayer, en la localidad de Puerto Iguaz\u00fa durante los habituales operativos de prevenci\u00f3n, realizadas por los efectivos dependientes de la UR V.<\/em><\/strong><\/p>\n\n\n\n<p>En un lavadero de la Avenida Los Trabajadores casi Salto Mocona, los uniformados incautaron una motocicleta abandonada con denuncia de robo.<\/p>\n\n\n\n<p>Tras realizar las averiguaciones correspondientes con el encargado del lugar, se estableci\u00f3 que el rodado fue dejado por un desconocido, quien requiri\u00f3 los servicios de lavado y no regres\u00f3 a retirar la moto. Al peritar las codificaciones de chasis y motor, se estableci\u00f3 que el motoveh\u00edculo fue sustra\u00eddo a un joven de 22 a\u00f1os hace una semana en el barrio Iprodha.<\/p>\n\n\n\n<figure class=\"wp-block-image size-full\"><a href=\"https:\/\/cvinoticias.com\/wp-content\/uploads\/2021\/08\/FB_IMG_1629717118176.jpg\"><img decoding=\"async\" width=\"646\" height=\"674\" data-src=\"https:\/\/cvinoticias.com\/wp-content\/uploads\/2021\/08\/FB_IMG_1629717118176.jpg\" alt=\"\" class=\"wp-image-7865 lazyload\" data-srcset=\"https:\/\/cvinoticias.com\/wp-content\/uploads\/2021\/08\/FB_IMG_1629717118176.jpg 646w, https:\/\/cvinoticias.com\/wp-content\/uploads\/2021\/08\/FB_IMG_1629717118176-288x300.jpg 288w\" data-sizes=\"(max-width: 646px) 100vw, 646px\" src=\"data:image\/svg+xml;base64,PHN2ZyB3aWR0aD0iMSIgaGVpZ2h0PSIxIiB4bWxucz0iaHR0cDovL3d3dy53My5vcmcvMjAwMC9zdmciPjwvc3ZnPg==\" style=\"--smush-placeholder-width: 646px; --smush-placeholder-aspect-ratio: 646\/674;\" \/><\/a><\/figure>\n\n\n\n<p>Finalmente, el rodado fue depositado en sede policial, continu\u00e1ndose con la investigaci\u00f3n a fin de esclarecer el hecho. Asimismo concluidos los tr\u00e1mites de rigor, ser\u00e1 restituido a su propietario.<\/p>\n\n\n\n<p>En otro procedimiento, un joven de 25 a\u00f1os fue arrestado en las inmediaciones de un centro Integrador Comunitario, cuando intentaba sustraer cables de electricidad del edificio.<\/p>\n\n\n\n<p>La detenci\u00f3n se produjo, cuando el personal policial que patrullaba la zona, fue alertado por el encargado del lugar que sorprendi\u00f3 a un grupo de personas intentando llevarse unos treinta metros de cable. El implicado fue trasladado a sede polic\u00edal a disposici\u00f3n de la justicia.<\/p>\n","protected":false},"excerpt":{"rendered":"<p>Fue en la jornada de ayer, en la localidad de Puerto Iguaz\u00fa durante los habituales operativos de prevenci\u00f3n, realizadas por los efectivos dependientes de la UR V. En un lavadero de la Avenida Los Trabajadores casi Salto Mocona, los uniformados incautaron una motocicleta abandonada con denuncia de robo. Tras realizar las averiguaciones correspondientes con el [&hellip;]<\/p>\n","protected":false},"author":2,"featured_media":7866,"comment_status":"open","ping_status":"open","sticky":false,"template":"","format":"standard","meta":{"footnotes":""},"categories":[41],"tags":[],"class_list":["post-7864","post","type-post","status-publish","format-standard","has-post-thumbnail","hentry","category-policiales"],"yoast_head":"<!-- This site is optimized with the Yoast SEO plugin v27.5 - https:\/\/yoast.com\/product\/yoast-seo-wordpress\/ -->\n<title>Puerto Iguaz\u00fa: Recuperaron una motocicleta robada y detuvieron a un joven | CVI NOTICIAS<\/title>\n<meta name=\"robots\" content=\"index, follow, max-snippet:-1, max-image-preview:large, max-video-preview:-1\" \/>\n<link rel=\"canonical\" href=\"https:\/\/cvinoticias.com\/v3\/puerto-iguazu-recuperaron-una-motocicleta-robada-y-detuvieron-a-un-joven\/\" \/>\n<meta property=\"og:locale\" content=\"es_ES\" \/>\n<meta property=\"og:type\" content=\"article\" \/>\n<meta property=\"og:title\" content=\"Puerto Iguaz\u00fa: Recuperaron una motocicleta robada y detuvieron a un joven | CVI NOTICIAS\" \/>\n<meta property=\"og:description\" content=\"Fue en la jornada de ayer, en la localidad de Puerto Iguaz\u00fa durante los habituales operativos de prevenci\u00f3n, realizadas por los efectivos dependientes de la UR V. En un lavadero de la Avenida Los Trabajadores casi Salto Mocona, los uniformados incautaron una motocicleta abandonada con denuncia de robo. Tras realizar las averiguaciones correspondientes con el [&hellip;]\" \/>\n<meta property=\"og:url\" content=\"https:\/\/cvinoticias.com\/v3\/puerto-iguazu-recuperaron-una-motocicleta-robada-y-detuvieron-a-un-joven\/\" \/>\n<meta property=\"og:site_name\" content=\"CVI NOTICIAS\" \/>\n<meta property=\"article:publisher\" content=\"https:\/\/www.facebook.com\/cvinoticias\" \/>\n<meta property=\"article:published_time\" content=\"2021-08-23T11:14:39+00:00\" \/>\n<meta property=\"og:image\" content=\"https:\/\/cvinoticias.com\/wp-content\/uploads\/2021\/08\/FB_IMG_1629717121268.jpg\" \/>\n\t<meta property=\"og:image:width\" content=\"583\" \/>\n\t<meta property=\"og:image:height\" content=\"529\" \/>\n\t<meta property=\"og:image:type\" content=\"image\/jpeg\" \/>\n<meta name=\"author\" content=\"f1000024\" \/>\n<meta name=\"twitter:card\" content=\"summary_large_image\" \/>\n<meta name=\"twitter:label1\" content=\"Escrito por\" \/>\n\t<meta name=\"twitter:data1\" content=\"f1000024\" \/>\n\t<meta name=\"twitter:label2\" content=\"Tiempo de lectura\" \/>\n\t<meta name=\"twitter:data2\" content=\"1 minuto\" \/>\n<script type=\"application\/ld+json\" class=\"yoast-schema-graph\">{\"@context\":\"https:\\\/\\\/schema.org\",\"@graph\":[{\"@type\":\"Article\",\"@id\":\"https:\\\/\\\/cvinoticias.com\\\/v3\\\/puerto-iguazu-recuperaron-una-motocicleta-robada-y-detuvieron-a-un-joven\\\/#article\",\"isPartOf\":{\"@id\":\"https:\\\/\\\/cvinoticias.com\\\/v3\\\/puerto-iguazu-recuperaron-una-motocicleta-robada-y-detuvieron-a-un-joven\\\/\"},\"author\":{\"name\":\"f1000024\",\"@id\":\"https:\\\/\\\/cvinoticias.com\\\/v3\\\/#\\\/schema\\\/person\\\/2db77e3c6bc03c538495d7b2b8be9b66\"},\"headline\":\"Puerto Iguaz\u00fa: Recuperaron una motocicleta robada y detuvieron a un joven\",\"datePublished\":\"2021-08-23T11:14:39+00:00\",\"mainEntityOfPage\":{\"@id\":\"https:\\\/\\\/cvinoticias.com\\\/v3\\\/puerto-iguazu-recuperaron-una-motocicleta-robada-y-detuvieron-a-un-joven\\\/\"},\"wordCount\":229,\"commentCount\":0,\"publisher\":{\"@id\":\"https:\\\/\\\/cvinoticias.com\\\/v3\\\/#organization\"},\"image\":{\"@id\":\"https:\\\/\\\/cvinoticias.com\\\/v3\\\/puerto-iguazu-recuperaron-una-motocicleta-robada-y-detuvieron-a-un-joven\\\/#primaryimage\"},\"thumbnailUrl\":\"https:\\\/\\\/cvinoticias.com\\\/wp-content\\\/uploads\\\/2021\\\/08\\\/FB_IMG_1629717121268.jpg\",\"articleSection\":[\"Policiales\"],\"inLanguage\":\"es\",\"potentialAction\":[{\"@type\":\"CommentAction\",\"name\":\"Comment\",\"target\":[\"https:\\\/\\\/cvinoticias.com\\\/v3\\\/puerto-iguazu-recuperaron-una-motocicleta-robada-y-detuvieron-a-un-joven\\\/#respond\"]}]},{\"@type\":\"WebPage\",\"@id\":\"https:\\\/\\\/cvinoticias.com\\\/v3\\\/puerto-iguazu-recuperaron-una-motocicleta-robada-y-detuvieron-a-un-joven\\\/\",\"url\":\"https:\\\/\\\/cvinoticias.com\\\/v3\\\/puerto-iguazu-recuperaron-una-motocicleta-robada-y-detuvieron-a-un-joven\\\/\",\"name\":\"Puerto Iguaz\u00fa: Recuperaron una motocicleta robada y detuvieron a un joven | CVI NOTICIAS\",\"isPartOf\":{\"@id\":\"https:\\\/\\\/cvinoticias.com\\\/v3\\\/#website\"},\"primaryImageOfPage\":{\"@id\":\"https:\\\/\\\/cvinoticias.com\\\/v3\\\/puerto-iguazu-recuperaron-una-motocicleta-robada-y-detuvieron-a-un-joven\\\/#primaryimage\"},\"image\":{\"@id\":\"https:\\\/\\\/cvinoticias.com\\\/v3\\\/puerto-iguazu-recuperaron-una-motocicleta-robada-y-detuvieron-a-un-joven\\\/#primaryimage\"},\"thumbnailUrl\":\"https:\\\/\\\/cvinoticias.com\\\/wp-content\\\/uploads\\\/2021\\\/08\\\/FB_IMG_1629717121268.jpg\",\"datePublished\":\"2021-08-23T11:14:39+00:00\",\"breadcrumb\":{\"@id\":\"https:\\\/\\\/cvinoticias.com\\\/v3\\\/puerto-iguazu-recuperaron-una-motocicleta-robada-y-detuvieron-a-un-joven\\\/#breadcrumb\"},\"inLanguage\":\"es\",\"potentialAction\":[{\"@type\":\"ReadAction\",\"target\":[\"https:\\\/\\\/cvinoticias.com\\\/v3\\\/puerto-iguazu-recuperaron-una-motocicleta-robada-y-detuvieron-a-un-joven\\\/\"]}]},{\"@type\":\"ImageObject\",\"inLanguage\":\"es\",\"@id\":\"https:\\\/\\\/cvinoticias.com\\\/v3\\\/puerto-iguazu-recuperaron-una-motocicleta-robada-y-detuvieron-a-un-joven\\\/#primaryimage\",\"url\":\"https:\\\/\\\/cvinoticias.com\\\/wp-content\\\/uploads\\\/2021\\\/08\\\/FB_IMG_1629717121268.jpg\",\"contentUrl\":\"https:\\\/\\\/cvinoticias.com\\\/wp-content\\\/uploads\\\/2021\\\/08\\\/FB_IMG_1629717121268.jpg\",\"width\":583,\"height\":529},{\"@type\":\"BreadcrumbList\",\"@id\":\"https:\\\/\\\/cvinoticias.com\\\/v3\\\/puerto-iguazu-recuperaron-una-motocicleta-robada-y-detuvieron-a-un-joven\\\/#breadcrumb\",\"itemListElement\":[{\"@type\":\"ListItem\",\"position\":1,\"name\":\"Portada\",\"item\":\"https:\\\/\\\/cvinoticias.com\\\/v3\\\/\"},{\"@type\":\"ListItem\",\"position\":2,\"name\":\"Puerto Iguaz\u00fa: Recuperaron una motocicleta robada y detuvieron a un joven\"}]},{\"@type\":\"WebSite\",\"@id\":\"https:\\\/\\\/cvinoticias.com\\\/v3\\\/#website\",\"url\":\"https:\\\/\\\/cvinoticias.com\\\/v3\\\/\",\"name\":\"CVI NOTICIAS\",\"description\":\"\",\"publisher\":{\"@id\":\"https:\\\/\\\/cvinoticias.com\\\/v3\\\/#organization\"},\"alternateName\":\"CVI\",\"potentialAction\":[{\"@type\":\"SearchAction\",\"target\":{\"@type\":\"EntryPoint\",\"urlTemplate\":\"https:\\\/\\\/cvinoticias.com\\\/v3\\\/?s={search_term_string}\"},\"query-input\":{\"@type\":\"PropertyValueSpecification\",\"valueRequired\":true,\"valueName\":\"search_term_string\"}}],\"inLanguage\":\"es\"},{\"@type\":\"Organization\",\"@id\":\"https:\\\/\\\/cvinoticias.com\\\/v3\\\/#organization\",\"name\":\"CVI NOTICIAS\",\"url\":\"https:\\\/\\\/cvinoticias.com\\\/v3\\\/\",\"logo\":{\"@type\":\"ImageObject\",\"inLanguage\":\"es\",\"@id\":\"https:\\\/\\\/cvinoticias.com\\\/v3\\\/#\\\/schema\\\/logo\\\/image\\\/\",\"url\":\"https:\\\/\\\/cvinoticias.com\\\/wp-content\\\/uploads\\\/2023\\\/04\\\/cropped-cropped-cropped-cropped-cropped-3-1.png\",\"contentUrl\":\"https:\\\/\\\/cvinoticias.com\\\/wp-content\\\/uploads\\\/2023\\\/04\\\/cropped-cropped-cropped-cropped-cropped-3-1.png\",\"width\":95,\"height\":122,\"caption\":\"CVI NOTICIAS\"},\"image\":{\"@id\":\"https:\\\/\\\/cvinoticias.com\\\/v3\\\/#\\\/schema\\\/logo\\\/image\\\/\"},\"sameAs\":[\"https:\\\/\\\/www.facebook.com\\\/cvinoticias\",\"https:\\\/\\\/www.instagram.com\\\/cvinoticias\\\/\",\"https:\\\/\\\/www.youtube.com\\\/@CVINOTICIAS\"]},{\"@type\":\"Person\",\"@id\":\"https:\\\/\\\/cvinoticias.com\\\/v3\\\/#\\\/schema\\\/person\\\/2db77e3c6bc03c538495d7b2b8be9b66\",\"name\":\"f1000024\",\"image\":{\"@type\":\"ImageObject\",\"inLanguage\":\"es\",\"@id\":\"https:\\\/\\\/secure.gravatar.com\\\/avatar\\\/d4fe7459cfc51ff5129ce1a732bbef5928568b8092d412ef95611616376bbeed?s=96&d=mm&r=g\",\"url\":\"https:\\\/\\\/secure.gravatar.com\\\/avatar\\\/d4fe7459cfc51ff5129ce1a732bbef5928568b8092d412ef95611616376bbeed?s=96&d=mm&r=g\",\"contentUrl\":\"https:\\\/\\\/secure.gravatar.com\\\/avatar\\\/d4fe7459cfc51ff5129ce1a732bbef5928568b8092d412ef95611616376bbeed?s=96&d=mm&r=g\",\"caption\":\"f1000024\"},\"url\":\"https:\\\/\\\/cvinoticias.com\\\/v3\\\/author\\\/f1000024\\\/\"}]}<\/script>\n<!-- \/ Yoast SEO plugin. -->","yoast_head_json":{"title":"Puerto Iguaz\u00fa: Recuperaron una motocicleta robada y detuvieron a un joven | CVI NOTICIAS","robots":{"index":"index","follow":"follow","max-snippet":"max-snippet:-1","max-image-preview":"max-image-preview:large","max-video-preview":"max-video-preview:-1"},"canonical":"https:\/\/cvinoticias.com\/v3\/puerto-iguazu-recuperaron-una-motocicleta-robada-y-detuvieron-a-un-joven\/","og_locale":"es_ES","og_type":"article","og_title":"Puerto Iguaz\u00fa: Recuperaron una motocicleta robada y detuvieron a un joven | CVI NOTICIAS","og_description":"Fue en la jornada de ayer, en la localidad de Puerto Iguaz\u00fa durante los habituales operativos de prevenci\u00f3n, realizadas por los efectivos dependientes de la UR V. En un lavadero de la Avenida Los Trabajadores casi Salto Mocona, los uniformados incautaron una motocicleta abandonada con denuncia de robo. Tras realizar las averiguaciones correspondientes con el [&hellip;]","og_url":"https:\/\/cvinoticias.com\/v3\/puerto-iguazu-recuperaron-una-motocicleta-robada-y-detuvieron-a-un-joven\/","og_site_name":"CVI NOTICIAS","article_publisher":"https:\/\/www.facebook.com\/cvinoticias","article_published_time":"2021-08-23T11:14:39+00:00","og_image":[{"width":583,"height":529,"url":"https:\/\/cvinoticias.com\/wp-content\/uploads\/2021\/08\/FB_IMG_1629717121268.jpg","type":"image\/jpeg"}],"author":"f1000024","twitter_card":"summary_large_image","twitter_misc":{"Escrito por":"f1000024","Tiempo de lectura":"1 minuto"},"schema":{"@context":"https:\/\/schema.org","@graph":[{"@type":"Article","@id":"https:\/\/cvinoticias.com\/v3\/puerto-iguazu-recuperaron-una-motocicleta-robada-y-detuvieron-a-un-joven\/#article","isPartOf":{"@id":"https:\/\/cvinoticias.com\/v3\/puerto-iguazu-recuperaron-una-motocicleta-robada-y-detuvieron-a-un-joven\/"},"author":{"name":"f1000024","@id":"https:\/\/cvinoticias.com\/v3\/#\/schema\/person\/2db77e3c6bc03c538495d7b2b8be9b66"},"headline":"Puerto Iguaz\u00fa: Recuperaron una motocicleta robada y detuvieron a un joven","datePublished":"2021-08-23T11:14:39+00:00","mainEntityOfPage":{"@id":"https:\/\/cvinoticias.com\/v3\/puerto-iguazu-recuperaron-una-motocicleta-robada-y-detuvieron-a-un-joven\/"},"wordCount":229,"commentCount":0,"publisher":{"@id":"https:\/\/cvinoticias.com\/v3\/#organization"},"image":{"@id":"https:\/\/cvinoticias.com\/v3\/puerto-iguazu-recuperaron-una-motocicleta-robada-y-detuvieron-a-un-joven\/#primaryimage"},"thumbnailUrl":"https:\/\/cvinoticias.com\/wp-content\/uploads\/2021\/08\/FB_IMG_1629717121268.jpg","articleSection":["Policiales"],"inLanguage":"es","potentialAction":[{"@type":"CommentAction","name":"Comment","target":["https:\/\/cvinoticias.com\/v3\/puerto-iguazu-recuperaron-una-motocicleta-robada-y-detuvieron-a-un-joven\/#respond"]}]},{"@type":"WebPage","@id":"https:\/\/cvinoticias.com\/v3\/puerto-iguazu-recuperaron-una-motocicleta-robada-y-detuvieron-a-un-joven\/","url":"https:\/\/cvinoticias.com\/v3\/puerto-iguazu-recuperaron-una-motocicleta-robada-y-detuvieron-a-un-joven\/","name":"Puerto Iguaz\u00fa: Recuperaron una motocicleta robada y detuvieron a un joven | CVI NOTICIAS","isPartOf":{"@id":"https:\/\/cvinoticias.com\/v3\/#website"},"primaryImageOfPage":{"@id":"https:\/\/cvinoticias.com\/v3\/puerto-iguazu-recuperaron-una-motocicleta-robada-y-detuvieron-a-un-joven\/#primaryimage"},"image":{"@id":"https:\/\/cvinoticias.com\/v3\/puerto-iguazu-recuperaron-una-motocicleta-robada-y-detuvieron-a-un-joven\/#primaryimage"},"thumbnailUrl":"https:\/\/cvinoticias.com\/wp-content\/uploads\/2021\/08\/FB_IMG_1629717121268.jpg","datePublished":"2021-08-23T11:14:39+00:00","breadcrumb":{"@id":"https:\/\/cvinoticias.com\/v3\/puerto-iguazu-recuperaron-una-motocicleta-robada-y-detuvieron-a-un-joven\/#breadcrumb"},"inLanguage":"es","potentialAction":[{"@type":"ReadAction","target":["https:\/\/cvinoticias.com\/v3\/puerto-iguazu-recuperaron-una-motocicleta-robada-y-detuvieron-a-un-joven\/"]}]},{"@type":"ImageObject","inLanguage":"es","@id":"https:\/\/cvinoticias.com\/v3\/puerto-iguazu-recuperaron-una-motocicleta-robada-y-detuvieron-a-un-joven\/#primaryimage","url":"https:\/\/cvinoticias.com\/wp-content\/uploads\/2021\/08\/FB_IMG_1629717121268.jpg","contentUrl":"https:\/\/cvinoticias.com\/wp-content\/uploads\/2021\/08\/FB_IMG_1629717121268.jpg","width":583,"height":529},{"@type":"BreadcrumbList","@id":"https:\/\/cvinoticias.com\/v3\/puerto-iguazu-recuperaron-una-motocicleta-robada-y-detuvieron-a-un-joven\/#breadcrumb","itemListElement":[{"@type":"ListItem","position":1,"name":"Portada","item":"https:\/\/cvinoticias.com\/v3\/"},{"@type":"ListItem","position":2,"name":"Puerto Iguaz\u00fa: Recuperaron una motocicleta robada y detuvieron a un joven"}]},{"@type":"WebSite","@id":"https:\/\/cvinoticias.com\/v3\/#website","url":"https:\/\/cvinoticias.com\/v3\/","name":"CVI NOTICIAS","description":"","publisher":{"@id":"https:\/\/cvinoticias.com\/v3\/#organization"},"alternateName":"CVI","potentialAction":[{"@type":"SearchAction","target":{"@type":"EntryPoint","urlTemplate":"https:\/\/cvinoticias.com\/v3\/?s={search_term_string}"},"query-input":{"@type":"PropertyValueSpecification","valueRequired":true,"valueName":"search_term_string"}}],"inLanguage":"es"},{"@type":"Organization","@id":"https:\/\/cvinoticias.com\/v3\/#organization","name":"CVI NOTICIAS","url":"https:\/\/cvinoticias.com\/v3\/","logo":{"@type":"ImageObject","inLanguage":"es","@id":"https:\/\/cvinoticias.com\/v3\/#\/schema\/logo\/image\/","url":"https:\/\/cvinoticias.com\/wp-content\/uploads\/2023\/04\/cropped-cropped-cropped-cropped-cropped-3-1.png","contentUrl":"https:\/\/cvinoticias.com\/wp-content\/uploads\/2023\/04\/cropped-cropped-cropped-cropped-cropped-3-1.png","width":95,"height":122,"caption":"CVI NOTICIAS"},"image":{"@id":"https:\/\/cvinoticias.com\/v3\/#\/schema\/logo\/image\/"},"sameAs":["https:\/\/www.facebook.com\/cvinoticias","https:\/\/www.instagram.com\/cvinoticias\/","https:\/\/www.youtube.com\/@CVINOTICIAS"]},{"@type":"Person","@id":"https:\/\/cvinoticias.com\/v3\/#\/schema\/person\/2db77e3c6bc03c538495d7b2b8be9b66","name":"f1000024","image":{"@type":"ImageObject","inLanguage":"es","@id":"https:\/\/secure.gravatar.com\/avatar\/d4fe7459cfc51ff5129ce1a732bbef5928568b8092d412ef95611616376bbeed?s=96&d=mm&r=g","url":"https:\/\/secure.gravatar.com\/avatar\/d4fe7459cfc51ff5129ce1a732bbef5928568b8092d412ef95611616376bbeed?s=96&d=mm&r=g","contentUrl":"https:\/\/secure.gravatar.com\/avatar\/d4fe7459cfc51ff5129ce1a732bbef5928568b8092d412ef95611616376bbeed?s=96&d=mm&r=g","caption":"f1000024"},"url":"https:\/\/cvinoticias.com\/v3\/author\/f1000024\/"}]}},"_links":{"self":[{"href":"https:\/\/cvinoticias.com\/v3\/wp-json\/wp\/v2\/posts\/7864","targetHints":{"allow":["GET"]}}],"collection":[{"href":"https:\/\/cvinoticias.com\/v3\/wp-json\/wp\/v2\/posts"}],"about":[{"href":"https:\/\/cvinoticias.com\/v3\/wp-json\/wp\/v2\/types\/post"}],"author":[{"embeddable":true,"href":"https:\/\/cvinoticias.com\/v3\/wp-json\/wp\/v2\/users\/2"}],"replies":[{"embeddable":true,"href":"https:\/\/cvinoticias.com\/v3\/wp-json\/wp\/v2\/comments?post=7864"}],"version-history":[{"count":1,"href":"https:\/\/cvinoticias.com\/v3\/wp-json\/wp\/v2\/posts\/7864\/revisions"}],"predecessor-version":[{"id":7867,"href":"https:\/\/cvinoticias.com\/v3\/wp-json\/wp\/v2\/posts\/7864\/revisions\/7867"}],"wp:featuredmedia":[{"embeddable":true,"href":"https:\/\/cvinoticias.com\/v3\/wp-json\/wp\/v2\/media\/7866"}],"wp:attachment":[{"href":"https:\/\/cvinoticias.com\/v3\/wp-json\/wp\/v2\/media?parent=7864"}],"wp:term":[{"taxonomy":"category","embeddable":true,"href":"https:\/\/cvinoticias.com\/v3\/wp-json\/wp\/v2\/categories?post=7864"},{"taxonomy":"post_tag","embeddable":true,"href":"https:\/\/cvinoticias.com\/v3\/wp-json\/wp\/v2\/tags?post=7864"}],"curies":[{"name":"wp","href":"https:\/\/api.w.org\/{rel}","templated":true}]}}