{"id":7854,"date":"2021-08-23T10:19:13","date_gmt":"2021-08-23T10:19:13","guid":{"rendered":"https:\/\/cvinoticias.com\/v3\/?p=7854"},"modified":"2021-08-23T10:19:13","modified_gmt":"2021-08-23T10:19:13","slug":"esta-mas-cerca-de-concretarse-el-modelo-de-maternidad-segura-basada-en-la-familia-y-con-enfoque-intercultural","status":"publish","type":"post","link":"https:\/\/cvinoticias.com\/v3\/esta-mas-cerca-de-concretarse-el-modelo-de-maternidad-segura-basada-en-la-familia-y-con-enfoque-intercultural\/","title":{"rendered":"Est\u00e1 m\u00e1s cerca de concretarse el modelo de maternidad segura, basada en la familia y con enfoque intercultural"},"content":{"rendered":"\n<p><strong><em>La Comisi\u00f3n de Salud de la Legislatura provincial emiti\u00f3 dictamen favorable para los proyectos sobre esta tem\u00e1tica presentados por el diputado Mart\u00edn Cesino. Si luego el dictamen es tratado en sesi\u00f3n, podr\u00e1 convertirse en ley.<\/em><\/strong><\/p>\n\n\n\n<p>El modelo de maternidad segura y centrada en la familia, con enfoque intercultural, priorizar\u00eda la seguridad y calidad de la atenci\u00f3n, desde un punto de vista human\u00edstico, interdisciplinario e intercultural. Apunta al reconocimiento de los padres y la familia, junto al equipo de salud, como protagonistas de la atenci\u00f3n de la mujer embarazada, la madre y el reci\u00e9n nacido.<\/p>\n\n\n\n<p>Con esta iniciativa se pretende asegurar el acceso universal y oportuno a servicios materno neonatales con respeto de la interculturalidad; disminuir la morbimortalidad materna e infantil y optimizar la atenci\u00f3n sanitaria; y proteger y respetar los derechos de la mujer embarazada, la madre, el padre y el reci\u00e9n nacido; entre otros objetivos.<\/p>\n\n\n\n<p>Apunta, tambi\u00e9n, a promover la participaci\u00f3n y la colaboraci\u00f3n del padre, la familia y la comunidad en la protecci\u00f3n y el cuidado de la mujer y el reci\u00e9n nacido, durante el embarazo, el parto y el puerperio; fortalecer la seguridad de la atenci\u00f3n y el uso de pr\u00e1cticas efectivas por parte del equipo de salud de la maternidad; e implementar pr\u00e1cticas para la promoci\u00f3n de la lactancia materna seg\u00fan las pautas de la iniciativa Hospital Amigo de la Madre y el Ni\u00f1o.<\/p>\n\n\n\n<p>El dictamen contempla la implementaci\u00f3n del modelo de Hospital Amigo de la Familia Ind\u00edgena Mby\u00e1 Guaran\u00ed en las maternidades de los hospitales p\u00fablicos de la provincia, con la intenci\u00f3n de fortalecer las condiciones de atenci\u00f3n, seguimiento y tratamiento de las familias provenientes de esas comunidades.<\/p>\n\n\n\n<p>Adem\u00e1s, fomentar el reconocimiento positivo de la diversidad cultural, ling\u00fc\u00edstica y del uso de la medicina tradicional y sus pr\u00e1cticas terap\u00e9uticas, promoviendo el intercambio de saberes entre el sistema tradicional de cuidados y las instituciones de salud p\u00fablica, en el marco del respeto y la construcci\u00f3n de una visi\u00f3n intercultural del proceso de atenci\u00f3n integral,<\/p>\n\n\n\n<p>Tambi\u00e9n, crear conciencia en las comunidades ind\u00edgenas sobre sus derechos frente al cuidado de la salud, promoviendo el respeto de los derechos de la mujer mby\u00e1 guaran\u00ed durante el embarazo; el trabajo antes, durante y despu\u00e9s del parto; del padre y del reci\u00e9n nacido.<\/p>\n\n\n\n<p>En los fundamentos del proyecto, Cesino expres\u00f3 que \u201cel modelo Maternidades Centradas en la Familia constituye un paradigma de atenci\u00f3n perinatal inspirado en la iniciativa Hospital Amigo de la Madre y el Ni\u00f1o, creada por OMS-UNICEF en 1991 para promover la lactancia materna en las maternidades e implementada de manera progresiva en la Argentina desde 1994\u201d.<\/p>\n\n\n\n<p>\u201cEn los \u00faltimos a\u00f1os comenz\u00f3 a estructurarse su marco te\u00f3rico, con el fin de compartirlo, mejorarlo y replicarlo\u201d, explic\u00f3 el legislador.<\/p>\n\n\n\n<p>Por otra parte, con el Hospital Amigo de la Familia Ind\u00edgena Mbya Guaran\u00ed se pretende \u201cmejorar y fortalecer las condiciones de atenci\u00f3n, seguimiento y tratamiento de las familias provenientes de las comunidades Mbya Guaran\u00ed en las maternidades de los hospitales p\u00fablicos de la provincia\u201d, se\u00f1al\u00f3.<\/p>\n\n\n\n<p>\u201cSe enfoca en fomentar el reconocimiento positivo de la diversidad cultural, ling\u00fc\u00edstica y del uso de la medicina tradicional y sus pr\u00e1cticas terap\u00e9uticas, promoviendo el intercambio de saberes entre el sistema tradicional de cuidados y las instituciones de salud p\u00fablica, en el marco del respeto y la construcci\u00f3n de una visi\u00f3n intercultural del proceso de atenci\u00f3n integral\u201d, agreg\u00f3 Cesino.<\/p>\n","protected":false},"excerpt":{"rendered":"<p>La Comisi\u00f3n de Salud de la Legislatura provincial emiti\u00f3 dictamen favorable para los proyectos sobre esta tem\u00e1tica presentados por el diputado Mart\u00edn Cesino. Si luego el dictamen es tratado en sesi\u00f3n, podr\u00e1 convertirse en ley. El modelo de maternidad segura y centrada en la familia, con enfoque intercultural, priorizar\u00eda la seguridad y calidad de la [&hellip;]<\/p>\n","protected":false},"author":2,"featured_media":7855,"comment_status":"open","ping_status":"open","sticky":false,"template":"","format":"standard","meta":{"footnotes":""},"categories":[35],"tags":[],"class_list":["post-7854","post","type-post","status-publish","format-standard","has-post-thumbnail","hentry","category-informacion-general"],"yoast_head":"<!-- This site is optimized with the Yoast SEO plugin v27.4 - https:\/\/yoast.com\/product\/yoast-seo-wordpress\/ -->\n<title>Est\u00e1 m\u00e1s cerca de concretarse el modelo de maternidad segura, basada en la familia y con enfoque intercultural | CVI NOTICIAS<\/title>\n<meta name=\"robots\" content=\"index, follow, max-snippet:-1, max-image-preview:large, max-video-preview:-1\" \/>\n<link rel=\"canonical\" href=\"https:\/\/cvinoticias.com\/v3\/esta-mas-cerca-de-concretarse-el-modelo-de-maternidad-segura-basada-en-la-familia-y-con-enfoque-intercultural\/\" \/>\n<meta property=\"og:locale\" content=\"es_ES\" \/>\n<meta property=\"og:type\" content=\"article\" \/>\n<meta property=\"og:title\" content=\"Est\u00e1 m\u00e1s cerca de concretarse el modelo de maternidad segura, basada en la familia y con enfoque intercultural | CVI NOTICIAS\" \/>\n<meta property=\"og:description\" content=\"La Comisi\u00f3n de Salud de la Legislatura provincial emiti\u00f3 dictamen favorable para los proyectos sobre esta tem\u00e1tica presentados por el diputado Mart\u00edn Cesino. Si luego el dictamen es tratado en sesi\u00f3n, podr\u00e1 convertirse en ley. El modelo de maternidad segura y centrada en la familia, con enfoque intercultural, priorizar\u00eda la seguridad y calidad de la [&hellip;]\" \/>\n<meta property=\"og:url\" content=\"https:\/\/cvinoticias.com\/v3\/esta-mas-cerca-de-concretarse-el-modelo-de-maternidad-segura-basada-en-la-familia-y-con-enfoque-intercultural\/\" \/>\n<meta property=\"og:site_name\" content=\"CVI NOTICIAS\" \/>\n<meta property=\"article:publisher\" content=\"https:\/\/www.facebook.com\/cvinoticias\" \/>\n<meta property=\"article:published_time\" content=\"2021-08-23T10:19:13+00:00\" \/>\n<meta property=\"og:image\" content=\"https:\/\/cvinoticias.com\/wp-content\/uploads\/2021\/08\/5d115a8eda9f3.jpeg\" \/>\n\t<meta property=\"og:image:width\" content=\"580\" \/>\n\t<meta property=\"og:image:height\" content=\"387\" \/>\n\t<meta property=\"og:image:type\" content=\"image\/jpeg\" \/>\n<meta name=\"author\" content=\"f1000024\" \/>\n<meta name=\"twitter:card\" content=\"summary_large_image\" \/>\n<meta name=\"twitter:label1\" content=\"Escrito por\" \/>\n\t<meta name=\"twitter:data1\" content=\"f1000024\" \/>\n\t<meta name=\"twitter:label2\" content=\"Tiempo de lectura\" \/>\n\t<meta name=\"twitter:data2\" content=\"3 minutos\" \/>\n<script type=\"application\/ld+json\" class=\"yoast-schema-graph\">{\"@context\":\"https:\\\/\\\/schema.org\",\"@graph\":[{\"@type\":\"Article\",\"@id\":\"https:\\\/\\\/cvinoticias.com\\\/v3\\\/esta-mas-cerca-de-concretarse-el-modelo-de-maternidad-segura-basada-en-la-familia-y-con-enfoque-intercultural\\\/#article\",\"isPartOf\":{\"@id\":\"https:\\\/\\\/cvinoticias.com\\\/v3\\\/esta-mas-cerca-de-concretarse-el-modelo-de-maternidad-segura-basada-en-la-familia-y-con-enfoque-intercultural\\\/\"},\"author\":{\"name\":\"f1000024\",\"@id\":\"https:\\\/\\\/cvinoticias.com\\\/v3\\\/#\\\/schema\\\/person\\\/2db77e3c6bc03c538495d7b2b8be9b66\"},\"headline\":\"Est\u00e1 m\u00e1s cerca de concretarse el modelo de maternidad segura, basada en la familia y con enfoque intercultural\",\"datePublished\":\"2021-08-23T10:19:13+00:00\",\"mainEntityOfPage\":{\"@id\":\"https:\\\/\\\/cvinoticias.com\\\/v3\\\/esta-mas-cerca-de-concretarse-el-modelo-de-maternidad-segura-basada-en-la-familia-y-con-enfoque-intercultural\\\/\"},\"wordCount\":624,\"commentCount\":0,\"publisher\":{\"@id\":\"https:\\\/\\\/cvinoticias.com\\\/v3\\\/#organization\"},\"image\":{\"@id\":\"https:\\\/\\\/cvinoticias.com\\\/v3\\\/esta-mas-cerca-de-concretarse-el-modelo-de-maternidad-segura-basada-en-la-familia-y-con-enfoque-intercultural\\\/#primaryimage\"},\"thumbnailUrl\":\"https:\\\/\\\/cvinoticias.com\\\/wp-content\\\/uploads\\\/2021\\\/08\\\/5d115a8eda9f3.jpeg\",\"articleSection\":[\"Informaci\u00f3n General\"],\"inLanguage\":\"es\",\"potentialAction\":[{\"@type\":\"CommentAction\",\"name\":\"Comment\",\"target\":[\"https:\\\/\\\/cvinoticias.com\\\/v3\\\/esta-mas-cerca-de-concretarse-el-modelo-de-maternidad-segura-basada-en-la-familia-y-con-enfoque-intercultural\\\/#respond\"]}]},{\"@type\":\"WebPage\",\"@id\":\"https:\\\/\\\/cvinoticias.com\\\/v3\\\/esta-mas-cerca-de-concretarse-el-modelo-de-maternidad-segura-basada-en-la-familia-y-con-enfoque-intercultural\\\/\",\"url\":\"https:\\\/\\\/cvinoticias.com\\\/v3\\\/esta-mas-cerca-de-concretarse-el-modelo-de-maternidad-segura-basada-en-la-familia-y-con-enfoque-intercultural\\\/\",\"name\":\"Est\u00e1 m\u00e1s cerca de concretarse el modelo de maternidad segura, basada en la familia y con enfoque intercultural | CVI NOTICIAS\",\"isPartOf\":{\"@id\":\"https:\\\/\\\/cvinoticias.com\\\/v3\\\/#website\"},\"primaryImageOfPage\":{\"@id\":\"https:\\\/\\\/cvinoticias.com\\\/v3\\\/esta-mas-cerca-de-concretarse-el-modelo-de-maternidad-segura-basada-en-la-familia-y-con-enfoque-intercultural\\\/#primaryimage\"},\"image\":{\"@id\":\"https:\\\/\\\/cvinoticias.com\\\/v3\\\/esta-mas-cerca-de-concretarse-el-modelo-de-maternidad-segura-basada-en-la-familia-y-con-enfoque-intercultural\\\/#primaryimage\"},\"thumbnailUrl\":\"https:\\\/\\\/cvinoticias.com\\\/wp-content\\\/uploads\\\/2021\\\/08\\\/5d115a8eda9f3.jpeg\",\"datePublished\":\"2021-08-23T10:19:13+00:00\",\"breadcrumb\":{\"@id\":\"https:\\\/\\\/cvinoticias.com\\\/v3\\\/esta-mas-cerca-de-concretarse-el-modelo-de-maternidad-segura-basada-en-la-familia-y-con-enfoque-intercultural\\\/#breadcrumb\"},\"inLanguage\":\"es\",\"potentialAction\":[{\"@type\":\"ReadAction\",\"target\":[\"https:\\\/\\\/cvinoticias.com\\\/v3\\\/esta-mas-cerca-de-concretarse-el-modelo-de-maternidad-segura-basada-en-la-familia-y-con-enfoque-intercultural\\\/\"]}]},{\"@type\":\"ImageObject\",\"inLanguage\":\"es\",\"@id\":\"https:\\\/\\\/cvinoticias.com\\\/v3\\\/esta-mas-cerca-de-concretarse-el-modelo-de-maternidad-segura-basada-en-la-familia-y-con-enfoque-intercultural\\\/#primaryimage\",\"url\":\"https:\\\/\\\/cvinoticias.com\\\/wp-content\\\/uploads\\\/2021\\\/08\\\/5d115a8eda9f3.jpeg\",\"contentUrl\":\"https:\\\/\\\/cvinoticias.com\\\/wp-content\\\/uploads\\\/2021\\\/08\\\/5d115a8eda9f3.jpeg\",\"width\":580,\"height\":387},{\"@type\":\"BreadcrumbList\",\"@id\":\"https:\\\/\\\/cvinoticias.com\\\/v3\\\/esta-mas-cerca-de-concretarse-el-modelo-de-maternidad-segura-basada-en-la-familia-y-con-enfoque-intercultural\\\/#breadcrumb\",\"itemListElement\":[{\"@type\":\"ListItem\",\"position\":1,\"name\":\"Portada\",\"item\":\"https:\\\/\\\/cvinoticias.com\\\/v3\\\/\"},{\"@type\":\"ListItem\",\"position\":2,\"name\":\"Est\u00e1 m\u00e1s cerca de concretarse el modelo de maternidad segura, basada en la familia y con enfoque intercultural\"}]},{\"@type\":\"WebSite\",\"@id\":\"https:\\\/\\\/cvinoticias.com\\\/v3\\\/#website\",\"url\":\"https:\\\/\\\/cvinoticias.com\\\/v3\\\/\",\"name\":\"CVI NOTICIAS\",\"description\":\"\",\"publisher\":{\"@id\":\"https:\\\/\\\/cvinoticias.com\\\/v3\\\/#organization\"},\"alternateName\":\"CVI\",\"potentialAction\":[{\"@type\":\"SearchAction\",\"target\":{\"@type\":\"EntryPoint\",\"urlTemplate\":\"https:\\\/\\\/cvinoticias.com\\\/v3\\\/?s={search_term_string}\"},\"query-input\":{\"@type\":\"PropertyValueSpecification\",\"valueRequired\":true,\"valueName\":\"search_term_string\"}}],\"inLanguage\":\"es\"},{\"@type\":\"Organization\",\"@id\":\"https:\\\/\\\/cvinoticias.com\\\/v3\\\/#organization\",\"name\":\"CVI NOTICIAS\",\"url\":\"https:\\\/\\\/cvinoticias.com\\\/v3\\\/\",\"logo\":{\"@type\":\"ImageObject\",\"inLanguage\":\"es\",\"@id\":\"https:\\\/\\\/cvinoticias.com\\\/v3\\\/#\\\/schema\\\/logo\\\/image\\\/\",\"url\":\"https:\\\/\\\/cvinoticias.com\\\/wp-content\\\/uploads\\\/2023\\\/04\\\/cropped-cropped-cropped-cropped-cropped-3-1.png\",\"contentUrl\":\"https:\\\/\\\/cvinoticias.com\\\/wp-content\\\/uploads\\\/2023\\\/04\\\/cropped-cropped-cropped-cropped-cropped-3-1.png\",\"width\":95,\"height\":122,\"caption\":\"CVI NOTICIAS\"},\"image\":{\"@id\":\"https:\\\/\\\/cvinoticias.com\\\/v3\\\/#\\\/schema\\\/logo\\\/image\\\/\"},\"sameAs\":[\"https:\\\/\\\/www.facebook.com\\\/cvinoticias\",\"https:\\\/\\\/www.instagram.com\\\/cvinoticias\\\/\",\"https:\\\/\\\/www.youtube.com\\\/@CVINOTICIAS\"]},{\"@type\":\"Person\",\"@id\":\"https:\\\/\\\/cvinoticias.com\\\/v3\\\/#\\\/schema\\\/person\\\/2db77e3c6bc03c538495d7b2b8be9b66\",\"name\":\"f1000024\",\"image\":{\"@type\":\"ImageObject\",\"inLanguage\":\"es\",\"@id\":\"https:\\\/\\\/secure.gravatar.com\\\/avatar\\\/d4fe7459cfc51ff5129ce1a732bbef5928568b8092d412ef95611616376bbeed?s=96&d=mm&r=g\",\"url\":\"https:\\\/\\\/secure.gravatar.com\\\/avatar\\\/d4fe7459cfc51ff5129ce1a732bbef5928568b8092d412ef95611616376bbeed?s=96&d=mm&r=g\",\"contentUrl\":\"https:\\\/\\\/secure.gravatar.com\\\/avatar\\\/d4fe7459cfc51ff5129ce1a732bbef5928568b8092d412ef95611616376bbeed?s=96&d=mm&r=g\",\"caption\":\"f1000024\"},\"url\":\"https:\\\/\\\/cvinoticias.com\\\/v3\\\/author\\\/f1000024\\\/\"}]}<\/script>\n<!-- \/ Yoast SEO plugin. -->","yoast_head_json":{"title":"Est\u00e1 m\u00e1s cerca de concretarse el modelo de maternidad segura, basada en la familia y con enfoque intercultural | CVI NOTICIAS","robots":{"index":"index","follow":"follow","max-snippet":"max-snippet:-1","max-image-preview":"max-image-preview:large","max-video-preview":"max-video-preview:-1"},"canonical":"https:\/\/cvinoticias.com\/v3\/esta-mas-cerca-de-concretarse-el-modelo-de-maternidad-segura-basada-en-la-familia-y-con-enfoque-intercultural\/","og_locale":"es_ES","og_type":"article","og_title":"Est\u00e1 m\u00e1s cerca de concretarse el modelo de maternidad segura, basada en la familia y con enfoque intercultural | CVI NOTICIAS","og_description":"La Comisi\u00f3n de Salud de la Legislatura provincial emiti\u00f3 dictamen favorable para los proyectos sobre esta tem\u00e1tica presentados por el diputado Mart\u00edn Cesino. Si luego el dictamen es tratado en sesi\u00f3n, podr\u00e1 convertirse en ley. El modelo de maternidad segura y centrada en la familia, con enfoque intercultural, priorizar\u00eda la seguridad y calidad de la [&hellip;]","og_url":"https:\/\/cvinoticias.com\/v3\/esta-mas-cerca-de-concretarse-el-modelo-de-maternidad-segura-basada-en-la-familia-y-con-enfoque-intercultural\/","og_site_name":"CVI NOTICIAS","article_publisher":"https:\/\/www.facebook.com\/cvinoticias","article_published_time":"2021-08-23T10:19:13+00:00","og_image":[{"width":580,"height":387,"url":"https:\/\/cvinoticias.com\/wp-content\/uploads\/2021\/08\/5d115a8eda9f3.jpeg","type":"image\/jpeg"}],"author":"f1000024","twitter_card":"summary_large_image","twitter_misc":{"Escrito por":"f1000024","Tiempo de lectura":"3 minutos"},"schema":{"@context":"https:\/\/schema.org","@graph":[{"@type":"Article","@id":"https:\/\/cvinoticias.com\/v3\/esta-mas-cerca-de-concretarse-el-modelo-de-maternidad-segura-basada-en-la-familia-y-con-enfoque-intercultural\/#article","isPartOf":{"@id":"https:\/\/cvinoticias.com\/v3\/esta-mas-cerca-de-concretarse-el-modelo-de-maternidad-segura-basada-en-la-familia-y-con-enfoque-intercultural\/"},"author":{"name":"f1000024","@id":"https:\/\/cvinoticias.com\/v3\/#\/schema\/person\/2db77e3c6bc03c538495d7b2b8be9b66"},"headline":"Est\u00e1 m\u00e1s cerca de concretarse el modelo de maternidad segura, basada en la familia y con enfoque intercultural","datePublished":"2021-08-23T10:19:13+00:00","mainEntityOfPage":{"@id":"https:\/\/cvinoticias.com\/v3\/esta-mas-cerca-de-concretarse-el-modelo-de-maternidad-segura-basada-en-la-familia-y-con-enfoque-intercultural\/"},"wordCount":624,"commentCount":0,"publisher":{"@id":"https:\/\/cvinoticias.com\/v3\/#organization"},"image":{"@id":"https:\/\/cvinoticias.com\/v3\/esta-mas-cerca-de-concretarse-el-modelo-de-maternidad-segura-basada-en-la-familia-y-con-enfoque-intercultural\/#primaryimage"},"thumbnailUrl":"https:\/\/cvinoticias.com\/wp-content\/uploads\/2021\/08\/5d115a8eda9f3.jpeg","articleSection":["Informaci\u00f3n General"],"inLanguage":"es","potentialAction":[{"@type":"CommentAction","name":"Comment","target":["https:\/\/cvinoticias.com\/v3\/esta-mas-cerca-de-concretarse-el-modelo-de-maternidad-segura-basada-en-la-familia-y-con-enfoque-intercultural\/#respond"]}]},{"@type":"WebPage","@id":"https:\/\/cvinoticias.com\/v3\/esta-mas-cerca-de-concretarse-el-modelo-de-maternidad-segura-basada-en-la-familia-y-con-enfoque-intercultural\/","url":"https:\/\/cvinoticias.com\/v3\/esta-mas-cerca-de-concretarse-el-modelo-de-maternidad-segura-basada-en-la-familia-y-con-enfoque-intercultural\/","name":"Est\u00e1 m\u00e1s cerca de concretarse el modelo de maternidad segura, basada en la familia y con enfoque intercultural | CVI NOTICIAS","isPartOf":{"@id":"https:\/\/cvinoticias.com\/v3\/#website"},"primaryImageOfPage":{"@id":"https:\/\/cvinoticias.com\/v3\/esta-mas-cerca-de-concretarse-el-modelo-de-maternidad-segura-basada-en-la-familia-y-con-enfoque-intercultural\/#primaryimage"},"image":{"@id":"https:\/\/cvinoticias.com\/v3\/esta-mas-cerca-de-concretarse-el-modelo-de-maternidad-segura-basada-en-la-familia-y-con-enfoque-intercultural\/#primaryimage"},"thumbnailUrl":"https:\/\/cvinoticias.com\/wp-content\/uploads\/2021\/08\/5d115a8eda9f3.jpeg","datePublished":"2021-08-23T10:19:13+00:00","breadcrumb":{"@id":"https:\/\/cvinoticias.com\/v3\/esta-mas-cerca-de-concretarse-el-modelo-de-maternidad-segura-basada-en-la-familia-y-con-enfoque-intercultural\/#breadcrumb"},"inLanguage":"es","potentialAction":[{"@type":"ReadAction","target":["https:\/\/cvinoticias.com\/v3\/esta-mas-cerca-de-concretarse-el-modelo-de-maternidad-segura-basada-en-la-familia-y-con-enfoque-intercultural\/"]}]},{"@type":"ImageObject","inLanguage":"es","@id":"https:\/\/cvinoticias.com\/v3\/esta-mas-cerca-de-concretarse-el-modelo-de-maternidad-segura-basada-en-la-familia-y-con-enfoque-intercultural\/#primaryimage","url":"https:\/\/cvinoticias.com\/wp-content\/uploads\/2021\/08\/5d115a8eda9f3.jpeg","contentUrl":"https:\/\/cvinoticias.com\/wp-content\/uploads\/2021\/08\/5d115a8eda9f3.jpeg","width":580,"height":387},{"@type":"BreadcrumbList","@id":"https:\/\/cvinoticias.com\/v3\/esta-mas-cerca-de-concretarse-el-modelo-de-maternidad-segura-basada-en-la-familia-y-con-enfoque-intercultural\/#breadcrumb","itemListElement":[{"@type":"ListItem","position":1,"name":"Portada","item":"https:\/\/cvinoticias.com\/v3\/"},{"@type":"ListItem","position":2,"name":"Est\u00e1 m\u00e1s cerca de concretarse el modelo de maternidad segura, basada en la familia y con enfoque intercultural"}]},{"@type":"WebSite","@id":"https:\/\/cvinoticias.com\/v3\/#website","url":"https:\/\/cvinoticias.com\/v3\/","name":"CVI NOTICIAS","description":"","publisher":{"@id":"https:\/\/cvinoticias.com\/v3\/#organization"},"alternateName":"CVI","potentialAction":[{"@type":"SearchAction","target":{"@type":"EntryPoint","urlTemplate":"https:\/\/cvinoticias.com\/v3\/?s={search_term_string}"},"query-input":{"@type":"PropertyValueSpecification","valueRequired":true,"valueName":"search_term_string"}}],"inLanguage":"es"},{"@type":"Organization","@id":"https:\/\/cvinoticias.com\/v3\/#organization","name":"CVI NOTICIAS","url":"https:\/\/cvinoticias.com\/v3\/","logo":{"@type":"ImageObject","inLanguage":"es","@id":"https:\/\/cvinoticias.com\/v3\/#\/schema\/logo\/image\/","url":"https:\/\/cvinoticias.com\/wp-content\/uploads\/2023\/04\/cropped-cropped-cropped-cropped-cropped-3-1.png","contentUrl":"https:\/\/cvinoticias.com\/wp-content\/uploads\/2023\/04\/cropped-cropped-cropped-cropped-cropped-3-1.png","width":95,"height":122,"caption":"CVI NOTICIAS"},"image":{"@id":"https:\/\/cvinoticias.com\/v3\/#\/schema\/logo\/image\/"},"sameAs":["https:\/\/www.facebook.com\/cvinoticias","https:\/\/www.instagram.com\/cvinoticias\/","https:\/\/www.youtube.com\/@CVINOTICIAS"]},{"@type":"Person","@id":"https:\/\/cvinoticias.com\/v3\/#\/schema\/person\/2db77e3c6bc03c538495d7b2b8be9b66","name":"f1000024","image":{"@type":"ImageObject","inLanguage":"es","@id":"https:\/\/secure.gravatar.com\/avatar\/d4fe7459cfc51ff5129ce1a732bbef5928568b8092d412ef95611616376bbeed?s=96&d=mm&r=g","url":"https:\/\/secure.gravatar.com\/avatar\/d4fe7459cfc51ff5129ce1a732bbef5928568b8092d412ef95611616376bbeed?s=96&d=mm&r=g","contentUrl":"https:\/\/secure.gravatar.com\/avatar\/d4fe7459cfc51ff5129ce1a732bbef5928568b8092d412ef95611616376bbeed?s=96&d=mm&r=g","caption":"f1000024"},"url":"https:\/\/cvinoticias.com\/v3\/author\/f1000024\/"}]}},"_links":{"self":[{"href":"https:\/\/cvinoticias.com\/v3\/wp-json\/wp\/v2\/posts\/7854","targetHints":{"allow":["GET"]}}],"collection":[{"href":"https:\/\/cvinoticias.com\/v3\/wp-json\/wp\/v2\/posts"}],"about":[{"href":"https:\/\/cvinoticias.com\/v3\/wp-json\/wp\/v2\/types\/post"}],"author":[{"embeddable":true,"href":"https:\/\/cvinoticias.com\/v3\/wp-json\/wp\/v2\/users\/2"}],"replies":[{"embeddable":true,"href":"https:\/\/cvinoticias.com\/v3\/wp-json\/wp\/v2\/comments?post=7854"}],"version-history":[{"count":1,"href":"https:\/\/cvinoticias.com\/v3\/wp-json\/wp\/v2\/posts\/7854\/revisions"}],"predecessor-version":[{"id":7856,"href":"https:\/\/cvinoticias.com\/v3\/wp-json\/wp\/v2\/posts\/7854\/revisions\/7856"}],"wp:featuredmedia":[{"embeddable":true,"href":"https:\/\/cvinoticias.com\/v3\/wp-json\/wp\/v2\/media\/7855"}],"wp:attachment":[{"href":"https:\/\/cvinoticias.com\/v3\/wp-json\/wp\/v2\/media?parent=7854"}],"wp:term":[{"taxonomy":"category","embeddable":true,"href":"https:\/\/cvinoticias.com\/v3\/wp-json\/wp\/v2\/categories?post=7854"},{"taxonomy":"post_tag","embeddable":true,"href":"https:\/\/cvinoticias.com\/v3\/wp-json\/wp\/v2\/tags?post=7854"}],"curies":[{"name":"wp","href":"https:\/\/api.w.org\/{rel}","templated":true}]}}