{"id":7851,"date":"2021-08-23T10:08:17","date_gmt":"2021-08-23T10:08:17","guid":{"rendered":"https:\/\/cvinoticias.com\/v3\/?p=7851"},"modified":"2021-08-23T10:08:17","modified_gmt":"2021-08-23T10:08:17","slug":"herrera-ahuad-dijo-que-no-esta-en-agenda-solicitar-a-nacion-la-apertura-del-puente-posadas-encarnacion","status":"publish","type":"post","link":"https:\/\/cvinoticias.com\/v3\/herrera-ahuad-dijo-que-no-esta-en-agenda-solicitar-a-nacion-la-apertura-del-puente-posadas-encarnacion\/","title":{"rendered":"Herrera Ahuad dijo que no est\u00e1 en agenda solicitar a Naci\u00f3n la apertura del puente Posadas &#8211; Encarnaci\u00f3n"},"content":{"rendered":"\n<p><strong><em>El gobernador Oscar Herrera Ahuad reafirm\u00f3 el pasado s\u00e1bado de manera contundente la decisi\u00f3n del gobierno de Misiones de mantener cerrado el Paso Internacional Posadas-Encarnaci\u00f3n (Paraguay).<\/em><\/strong><\/p>\n\n\n\n<p>\u201cAnte las versiones sobre la apertura del Paso Internacional del puente San Roque Gonz\u00e1lez de Santa Cruz (Posadas\/Encarnaci\u00f3n) la postura del Gobierno provincial es la de mantener la seguridad sanitaria, por ello no est\u00e1 en agenda en lo inmediato solicitar su apertura a la Naci\u00f3n\u201d, aclar\u00f3 el Gobernador en su cuenta personal de Twitter.<\/p>\n\n\n\n<p>Asimismo, indic\u00f3 que \u201clas razones obedecen a mantener el equilibrio epidemiol\u00f3gico y la actividad productiva de nuestra regi\u00f3n. La recomendaciones internacionales todav\u00eda siguen siendo menor movilidad, menor transmisi\u00f3n de la enfermedad\u201d.<\/p>\n\n\n\n<p>Rengl\u00f3n seguido, Herrera Ahuad destac\u00f3 que en Misiones \u201ctranscurrimos el tiempo de pandemia desde su inicio con un equilibrio basado en la modalidad binaria de cuidar la salud y la econom\u00eda. En esta premisa est\u00e1 el pilar fundamental del bienestar del pueblo misionero\u201d, enfatiz\u00f3.<\/p>\n\n\n\n<p>Respecto al reciente pedido elevado al presidente Alberto Fern\u00e1ndez de apertura controlada del Paso Internacional Puerto Iguaz\u00fa- Foz de Iguaz\u00fa, el Gobernador explic\u00f3 que \u201ctomamos todas las medidas necesarias para generar un corredor tur\u00edstico entre Puerto Iguazu y Foz de Iguaz\u00fa evaluando el contexto regional en su conjunto\u201d.<\/p>\n\n\n\n<p>\u201cEn ello -continu\u00f3- pusimos de relieve el alto \u00edndice de inmunizaci\u00f3n de ambas poblaciones, la disposici\u00f3n de los sistemas sanitarios, la sala epidemiol\u00f3gica regional y los centros de control sanitario de frontera en el Puente Internacional Tancredo Neves. Por ello solicitamos a la Naci\u00f3n iniciar en los pr\u00f3ximos meses este corredor tur\u00edstico seguro entre ambas ciudades (Puerto Iguaz\u00fa-Foz de Iguaz\u00fa)\u201d, cerr\u00f3.<\/p>\n","protected":false},"excerpt":{"rendered":"<p>El gobernador Oscar Herrera Ahuad reafirm\u00f3 el pasado s\u00e1bado de manera contundente la decisi\u00f3n del gobierno de Misiones de mantener cerrado el Paso Internacional Posadas-Encarnaci\u00f3n (Paraguay). \u201cAnte las versiones sobre la apertura del Paso Internacional del puente San Roque Gonz\u00e1lez de Santa Cruz (Posadas\/Encarnaci\u00f3n) la postura del Gobierno provincial es la de mantener la seguridad [&hellip;]<\/p>\n","protected":false},"author":2,"featured_media":7852,"comment_status":"open","ping_status":"open","sticky":false,"template":"","format":"standard","meta":{"footnotes":""},"categories":[35],"tags":[],"class_list":["post-7851","post","type-post","status-publish","format-standard","has-post-thumbnail","hentry","category-informacion-general"],"yoast_head":"<!-- This site is optimized with the Yoast SEO plugin v27.4 - https:\/\/yoast.com\/product\/yoast-seo-wordpress\/ -->\n<title>Herrera Ahuad dijo que no est\u00e1 en agenda solicitar a Naci\u00f3n la apertura del puente Posadas - Encarnaci\u00f3n | CVI NOTICIAS<\/title>\n<meta name=\"robots\" content=\"index, follow, max-snippet:-1, max-image-preview:large, max-video-preview:-1\" \/>\n<link rel=\"canonical\" href=\"https:\/\/cvinoticias.com\/v3\/herrera-ahuad-dijo-que-no-esta-en-agenda-solicitar-a-nacion-la-apertura-del-puente-posadas-encarnacion\/\" \/>\n<meta property=\"og:locale\" content=\"es_ES\" \/>\n<meta property=\"og:type\" content=\"article\" \/>\n<meta property=\"og:title\" content=\"Herrera Ahuad dijo que no est\u00e1 en agenda solicitar a Naci\u00f3n la apertura del puente Posadas - Encarnaci\u00f3n | CVI NOTICIAS\" \/>\n<meta property=\"og:description\" content=\"El gobernador Oscar Herrera Ahuad reafirm\u00f3 el pasado s\u00e1bado de manera contundente la decisi\u00f3n del gobierno de Misiones de mantener cerrado el Paso Internacional Posadas-Encarnaci\u00f3n (Paraguay). \u201cAnte las versiones sobre la apertura del Paso Internacional del puente San Roque Gonz\u00e1lez de Santa Cruz (Posadas\/Encarnaci\u00f3n) la postura del Gobierno provincial es la de mantener la seguridad [&hellip;]\" \/>\n<meta property=\"og:url\" content=\"https:\/\/cvinoticias.com\/v3\/herrera-ahuad-dijo-que-no-esta-en-agenda-solicitar-a-nacion-la-apertura-del-puente-posadas-encarnacion\/\" \/>\n<meta property=\"og:site_name\" content=\"CVI NOTICIAS\" \/>\n<meta property=\"article:publisher\" content=\"https:\/\/www.facebook.com\/cvinoticias\" \/>\n<meta property=\"article:published_time\" content=\"2021-08-23T10:08:17+00:00\" \/>\n<meta property=\"og:image\" content=\"https:\/\/cvinoticias.com\/wp-content\/uploads\/2021\/08\/Screenshot_20210823-070618_Chrome.jpg\" \/>\n\t<meta property=\"og:image:width\" content=\"1010\" \/>\n\t<meta property=\"og:image:height\" content=\"745\" \/>\n\t<meta property=\"og:image:type\" content=\"image\/jpeg\" \/>\n<meta name=\"author\" content=\"f1000024\" \/>\n<meta name=\"twitter:card\" content=\"summary_large_image\" \/>\n<meta name=\"twitter:label1\" content=\"Escrito por\" \/>\n\t<meta name=\"twitter:data1\" content=\"f1000024\" \/>\n\t<meta name=\"twitter:label2\" content=\"Tiempo de lectura\" \/>\n\t<meta name=\"twitter:data2\" content=\"1 minuto\" \/>\n<script type=\"application\/ld+json\" class=\"yoast-schema-graph\">{\"@context\":\"https:\\\/\\\/schema.org\",\"@graph\":[{\"@type\":\"Article\",\"@id\":\"https:\\\/\\\/cvinoticias.com\\\/v3\\\/herrera-ahuad-dijo-que-no-esta-en-agenda-solicitar-a-nacion-la-apertura-del-puente-posadas-encarnacion\\\/#article\",\"isPartOf\":{\"@id\":\"https:\\\/\\\/cvinoticias.com\\\/v3\\\/herrera-ahuad-dijo-que-no-esta-en-agenda-solicitar-a-nacion-la-apertura-del-puente-posadas-encarnacion\\\/\"},\"author\":{\"name\":\"f1000024\",\"@id\":\"https:\\\/\\\/cvinoticias.com\\\/v3\\\/#\\\/schema\\\/person\\\/2db77e3c6bc03c538495d7b2b8be9b66\"},\"headline\":\"Herrera Ahuad dijo que no est\u00e1 en agenda solicitar a Naci\u00f3n la apertura del puente Posadas &#8211; Encarnaci\u00f3n\",\"datePublished\":\"2021-08-23T10:08:17+00:00\",\"mainEntityOfPage\":{\"@id\":\"https:\\\/\\\/cvinoticias.com\\\/v3\\\/herrera-ahuad-dijo-que-no-esta-en-agenda-solicitar-a-nacion-la-apertura-del-puente-posadas-encarnacion\\\/\"},\"wordCount\":308,\"commentCount\":0,\"publisher\":{\"@id\":\"https:\\\/\\\/cvinoticias.com\\\/v3\\\/#organization\"},\"image\":{\"@id\":\"https:\\\/\\\/cvinoticias.com\\\/v3\\\/herrera-ahuad-dijo-que-no-esta-en-agenda-solicitar-a-nacion-la-apertura-del-puente-posadas-encarnacion\\\/#primaryimage\"},\"thumbnailUrl\":\"https:\\\/\\\/cvinoticias.com\\\/wp-content\\\/uploads\\\/2021\\\/08\\\/Screenshot_20210823-070618_Chrome.jpg\",\"articleSection\":[\"Informaci\u00f3n General\"],\"inLanguage\":\"es\",\"potentialAction\":[{\"@type\":\"CommentAction\",\"name\":\"Comment\",\"target\":[\"https:\\\/\\\/cvinoticias.com\\\/v3\\\/herrera-ahuad-dijo-que-no-esta-en-agenda-solicitar-a-nacion-la-apertura-del-puente-posadas-encarnacion\\\/#respond\"]}]},{\"@type\":\"WebPage\",\"@id\":\"https:\\\/\\\/cvinoticias.com\\\/v3\\\/herrera-ahuad-dijo-que-no-esta-en-agenda-solicitar-a-nacion-la-apertura-del-puente-posadas-encarnacion\\\/\",\"url\":\"https:\\\/\\\/cvinoticias.com\\\/v3\\\/herrera-ahuad-dijo-que-no-esta-en-agenda-solicitar-a-nacion-la-apertura-del-puente-posadas-encarnacion\\\/\",\"name\":\"Herrera Ahuad dijo que no est\u00e1 en agenda solicitar a Naci\u00f3n la apertura del puente Posadas - Encarnaci\u00f3n | CVI NOTICIAS\",\"isPartOf\":{\"@id\":\"https:\\\/\\\/cvinoticias.com\\\/v3\\\/#website\"},\"primaryImageOfPage\":{\"@id\":\"https:\\\/\\\/cvinoticias.com\\\/v3\\\/herrera-ahuad-dijo-que-no-esta-en-agenda-solicitar-a-nacion-la-apertura-del-puente-posadas-encarnacion\\\/#primaryimage\"},\"image\":{\"@id\":\"https:\\\/\\\/cvinoticias.com\\\/v3\\\/herrera-ahuad-dijo-que-no-esta-en-agenda-solicitar-a-nacion-la-apertura-del-puente-posadas-encarnacion\\\/#primaryimage\"},\"thumbnailUrl\":\"https:\\\/\\\/cvinoticias.com\\\/wp-content\\\/uploads\\\/2021\\\/08\\\/Screenshot_20210823-070618_Chrome.jpg\",\"datePublished\":\"2021-08-23T10:08:17+00:00\",\"breadcrumb\":{\"@id\":\"https:\\\/\\\/cvinoticias.com\\\/v3\\\/herrera-ahuad-dijo-que-no-esta-en-agenda-solicitar-a-nacion-la-apertura-del-puente-posadas-encarnacion\\\/#breadcrumb\"},\"inLanguage\":\"es\",\"potentialAction\":[{\"@type\":\"ReadAction\",\"target\":[\"https:\\\/\\\/cvinoticias.com\\\/v3\\\/herrera-ahuad-dijo-que-no-esta-en-agenda-solicitar-a-nacion-la-apertura-del-puente-posadas-encarnacion\\\/\"]}]},{\"@type\":\"ImageObject\",\"inLanguage\":\"es\",\"@id\":\"https:\\\/\\\/cvinoticias.com\\\/v3\\\/herrera-ahuad-dijo-que-no-esta-en-agenda-solicitar-a-nacion-la-apertura-del-puente-posadas-encarnacion\\\/#primaryimage\",\"url\":\"https:\\\/\\\/cvinoticias.com\\\/wp-content\\\/uploads\\\/2021\\\/08\\\/Screenshot_20210823-070618_Chrome.jpg\",\"contentUrl\":\"https:\\\/\\\/cvinoticias.com\\\/wp-content\\\/uploads\\\/2021\\\/08\\\/Screenshot_20210823-070618_Chrome.jpg\",\"width\":1010,\"height\":745},{\"@type\":\"BreadcrumbList\",\"@id\":\"https:\\\/\\\/cvinoticias.com\\\/v3\\\/herrera-ahuad-dijo-que-no-esta-en-agenda-solicitar-a-nacion-la-apertura-del-puente-posadas-encarnacion\\\/#breadcrumb\",\"itemListElement\":[{\"@type\":\"ListItem\",\"position\":1,\"name\":\"Portada\",\"item\":\"https:\\\/\\\/cvinoticias.com\\\/v3\\\/\"},{\"@type\":\"ListItem\",\"position\":2,\"name\":\"Herrera Ahuad dijo que no est\u00e1 en agenda solicitar a Naci\u00f3n la apertura del puente Posadas &#8211; Encarnaci\u00f3n\"}]},{\"@type\":\"WebSite\",\"@id\":\"https:\\\/\\\/cvinoticias.com\\\/v3\\\/#website\",\"url\":\"https:\\\/\\\/cvinoticias.com\\\/v3\\\/\",\"name\":\"CVI NOTICIAS\",\"description\":\"\",\"publisher\":{\"@id\":\"https:\\\/\\\/cvinoticias.com\\\/v3\\\/#organization\"},\"alternateName\":\"CVI\",\"potentialAction\":[{\"@type\":\"SearchAction\",\"target\":{\"@type\":\"EntryPoint\",\"urlTemplate\":\"https:\\\/\\\/cvinoticias.com\\\/v3\\\/?s={search_term_string}\"},\"query-input\":{\"@type\":\"PropertyValueSpecification\",\"valueRequired\":true,\"valueName\":\"search_term_string\"}}],\"inLanguage\":\"es\"},{\"@type\":\"Organization\",\"@id\":\"https:\\\/\\\/cvinoticias.com\\\/v3\\\/#organization\",\"name\":\"CVI NOTICIAS\",\"url\":\"https:\\\/\\\/cvinoticias.com\\\/v3\\\/\",\"logo\":{\"@type\":\"ImageObject\",\"inLanguage\":\"es\",\"@id\":\"https:\\\/\\\/cvinoticias.com\\\/v3\\\/#\\\/schema\\\/logo\\\/image\\\/\",\"url\":\"https:\\\/\\\/cvinoticias.com\\\/wp-content\\\/uploads\\\/2023\\\/04\\\/cropped-cropped-cropped-cropped-cropped-3-1.png\",\"contentUrl\":\"https:\\\/\\\/cvinoticias.com\\\/wp-content\\\/uploads\\\/2023\\\/04\\\/cropped-cropped-cropped-cropped-cropped-3-1.png\",\"width\":95,\"height\":122,\"caption\":\"CVI NOTICIAS\"},\"image\":{\"@id\":\"https:\\\/\\\/cvinoticias.com\\\/v3\\\/#\\\/schema\\\/logo\\\/image\\\/\"},\"sameAs\":[\"https:\\\/\\\/www.facebook.com\\\/cvinoticias\",\"https:\\\/\\\/www.instagram.com\\\/cvinoticias\\\/\",\"https:\\\/\\\/www.youtube.com\\\/@CVINOTICIAS\"]},{\"@type\":\"Person\",\"@id\":\"https:\\\/\\\/cvinoticias.com\\\/v3\\\/#\\\/schema\\\/person\\\/2db77e3c6bc03c538495d7b2b8be9b66\",\"name\":\"f1000024\",\"image\":{\"@type\":\"ImageObject\",\"inLanguage\":\"es\",\"@id\":\"https:\\\/\\\/secure.gravatar.com\\\/avatar\\\/d4fe7459cfc51ff5129ce1a732bbef5928568b8092d412ef95611616376bbeed?s=96&d=mm&r=g\",\"url\":\"https:\\\/\\\/secure.gravatar.com\\\/avatar\\\/d4fe7459cfc51ff5129ce1a732bbef5928568b8092d412ef95611616376bbeed?s=96&d=mm&r=g\",\"contentUrl\":\"https:\\\/\\\/secure.gravatar.com\\\/avatar\\\/d4fe7459cfc51ff5129ce1a732bbef5928568b8092d412ef95611616376bbeed?s=96&d=mm&r=g\",\"caption\":\"f1000024\"},\"url\":\"https:\\\/\\\/cvinoticias.com\\\/v3\\\/author\\\/f1000024\\\/\"}]}<\/script>\n<!-- \/ Yoast SEO plugin. -->","yoast_head_json":{"title":"Herrera Ahuad dijo que no est\u00e1 en agenda solicitar a Naci\u00f3n la apertura del puente Posadas - Encarnaci\u00f3n | CVI NOTICIAS","robots":{"index":"index","follow":"follow","max-snippet":"max-snippet:-1","max-image-preview":"max-image-preview:large","max-video-preview":"max-video-preview:-1"},"canonical":"https:\/\/cvinoticias.com\/v3\/herrera-ahuad-dijo-que-no-esta-en-agenda-solicitar-a-nacion-la-apertura-del-puente-posadas-encarnacion\/","og_locale":"es_ES","og_type":"article","og_title":"Herrera Ahuad dijo que no est\u00e1 en agenda solicitar a Naci\u00f3n la apertura del puente Posadas - Encarnaci\u00f3n | CVI NOTICIAS","og_description":"El gobernador Oscar Herrera Ahuad reafirm\u00f3 el pasado s\u00e1bado de manera contundente la decisi\u00f3n del gobierno de Misiones de mantener cerrado el Paso Internacional Posadas-Encarnaci\u00f3n (Paraguay). \u201cAnte las versiones sobre la apertura del Paso Internacional del puente San Roque Gonz\u00e1lez de Santa Cruz (Posadas\/Encarnaci\u00f3n) la postura del Gobierno provincial es la de mantener la seguridad [&hellip;]","og_url":"https:\/\/cvinoticias.com\/v3\/herrera-ahuad-dijo-que-no-esta-en-agenda-solicitar-a-nacion-la-apertura-del-puente-posadas-encarnacion\/","og_site_name":"CVI NOTICIAS","article_publisher":"https:\/\/www.facebook.com\/cvinoticias","article_published_time":"2021-08-23T10:08:17+00:00","og_image":[{"width":1010,"height":745,"url":"https:\/\/cvinoticias.com\/wp-content\/uploads\/2021\/08\/Screenshot_20210823-070618_Chrome.jpg","type":"image\/jpeg"}],"author":"f1000024","twitter_card":"summary_large_image","twitter_misc":{"Escrito por":"f1000024","Tiempo de lectura":"1 minuto"},"schema":{"@context":"https:\/\/schema.org","@graph":[{"@type":"Article","@id":"https:\/\/cvinoticias.com\/v3\/herrera-ahuad-dijo-que-no-esta-en-agenda-solicitar-a-nacion-la-apertura-del-puente-posadas-encarnacion\/#article","isPartOf":{"@id":"https:\/\/cvinoticias.com\/v3\/herrera-ahuad-dijo-que-no-esta-en-agenda-solicitar-a-nacion-la-apertura-del-puente-posadas-encarnacion\/"},"author":{"name":"f1000024","@id":"https:\/\/cvinoticias.com\/v3\/#\/schema\/person\/2db77e3c6bc03c538495d7b2b8be9b66"},"headline":"Herrera Ahuad dijo que no est\u00e1 en agenda solicitar a Naci\u00f3n la apertura del puente Posadas &#8211; Encarnaci\u00f3n","datePublished":"2021-08-23T10:08:17+00:00","mainEntityOfPage":{"@id":"https:\/\/cvinoticias.com\/v3\/herrera-ahuad-dijo-que-no-esta-en-agenda-solicitar-a-nacion-la-apertura-del-puente-posadas-encarnacion\/"},"wordCount":308,"commentCount":0,"publisher":{"@id":"https:\/\/cvinoticias.com\/v3\/#organization"},"image":{"@id":"https:\/\/cvinoticias.com\/v3\/herrera-ahuad-dijo-que-no-esta-en-agenda-solicitar-a-nacion-la-apertura-del-puente-posadas-encarnacion\/#primaryimage"},"thumbnailUrl":"https:\/\/cvinoticias.com\/wp-content\/uploads\/2021\/08\/Screenshot_20210823-070618_Chrome.jpg","articleSection":["Informaci\u00f3n General"],"inLanguage":"es","potentialAction":[{"@type":"CommentAction","name":"Comment","target":["https:\/\/cvinoticias.com\/v3\/herrera-ahuad-dijo-que-no-esta-en-agenda-solicitar-a-nacion-la-apertura-del-puente-posadas-encarnacion\/#respond"]}]},{"@type":"WebPage","@id":"https:\/\/cvinoticias.com\/v3\/herrera-ahuad-dijo-que-no-esta-en-agenda-solicitar-a-nacion-la-apertura-del-puente-posadas-encarnacion\/","url":"https:\/\/cvinoticias.com\/v3\/herrera-ahuad-dijo-que-no-esta-en-agenda-solicitar-a-nacion-la-apertura-del-puente-posadas-encarnacion\/","name":"Herrera Ahuad dijo que no est\u00e1 en agenda solicitar a Naci\u00f3n la apertura del puente Posadas - Encarnaci\u00f3n | CVI NOTICIAS","isPartOf":{"@id":"https:\/\/cvinoticias.com\/v3\/#website"},"primaryImageOfPage":{"@id":"https:\/\/cvinoticias.com\/v3\/herrera-ahuad-dijo-que-no-esta-en-agenda-solicitar-a-nacion-la-apertura-del-puente-posadas-encarnacion\/#primaryimage"},"image":{"@id":"https:\/\/cvinoticias.com\/v3\/herrera-ahuad-dijo-que-no-esta-en-agenda-solicitar-a-nacion-la-apertura-del-puente-posadas-encarnacion\/#primaryimage"},"thumbnailUrl":"https:\/\/cvinoticias.com\/wp-content\/uploads\/2021\/08\/Screenshot_20210823-070618_Chrome.jpg","datePublished":"2021-08-23T10:08:17+00:00","breadcrumb":{"@id":"https:\/\/cvinoticias.com\/v3\/herrera-ahuad-dijo-que-no-esta-en-agenda-solicitar-a-nacion-la-apertura-del-puente-posadas-encarnacion\/#breadcrumb"},"inLanguage":"es","potentialAction":[{"@type":"ReadAction","target":["https:\/\/cvinoticias.com\/v3\/herrera-ahuad-dijo-que-no-esta-en-agenda-solicitar-a-nacion-la-apertura-del-puente-posadas-encarnacion\/"]}]},{"@type":"ImageObject","inLanguage":"es","@id":"https:\/\/cvinoticias.com\/v3\/herrera-ahuad-dijo-que-no-esta-en-agenda-solicitar-a-nacion-la-apertura-del-puente-posadas-encarnacion\/#primaryimage","url":"https:\/\/cvinoticias.com\/wp-content\/uploads\/2021\/08\/Screenshot_20210823-070618_Chrome.jpg","contentUrl":"https:\/\/cvinoticias.com\/wp-content\/uploads\/2021\/08\/Screenshot_20210823-070618_Chrome.jpg","width":1010,"height":745},{"@type":"BreadcrumbList","@id":"https:\/\/cvinoticias.com\/v3\/herrera-ahuad-dijo-que-no-esta-en-agenda-solicitar-a-nacion-la-apertura-del-puente-posadas-encarnacion\/#breadcrumb","itemListElement":[{"@type":"ListItem","position":1,"name":"Portada","item":"https:\/\/cvinoticias.com\/v3\/"},{"@type":"ListItem","position":2,"name":"Herrera Ahuad dijo que no est\u00e1 en agenda solicitar a Naci\u00f3n la apertura del puente Posadas &#8211; Encarnaci\u00f3n"}]},{"@type":"WebSite","@id":"https:\/\/cvinoticias.com\/v3\/#website","url":"https:\/\/cvinoticias.com\/v3\/","name":"CVI NOTICIAS","description":"","publisher":{"@id":"https:\/\/cvinoticias.com\/v3\/#organization"},"alternateName":"CVI","potentialAction":[{"@type":"SearchAction","target":{"@type":"EntryPoint","urlTemplate":"https:\/\/cvinoticias.com\/v3\/?s={search_term_string}"},"query-input":{"@type":"PropertyValueSpecification","valueRequired":true,"valueName":"search_term_string"}}],"inLanguage":"es"},{"@type":"Organization","@id":"https:\/\/cvinoticias.com\/v3\/#organization","name":"CVI NOTICIAS","url":"https:\/\/cvinoticias.com\/v3\/","logo":{"@type":"ImageObject","inLanguage":"es","@id":"https:\/\/cvinoticias.com\/v3\/#\/schema\/logo\/image\/","url":"https:\/\/cvinoticias.com\/wp-content\/uploads\/2023\/04\/cropped-cropped-cropped-cropped-cropped-3-1.png","contentUrl":"https:\/\/cvinoticias.com\/wp-content\/uploads\/2023\/04\/cropped-cropped-cropped-cropped-cropped-3-1.png","width":95,"height":122,"caption":"CVI NOTICIAS"},"image":{"@id":"https:\/\/cvinoticias.com\/v3\/#\/schema\/logo\/image\/"},"sameAs":["https:\/\/www.facebook.com\/cvinoticias","https:\/\/www.instagram.com\/cvinoticias\/","https:\/\/www.youtube.com\/@CVINOTICIAS"]},{"@type":"Person","@id":"https:\/\/cvinoticias.com\/v3\/#\/schema\/person\/2db77e3c6bc03c538495d7b2b8be9b66","name":"f1000024","image":{"@type":"ImageObject","inLanguage":"es","@id":"https:\/\/secure.gravatar.com\/avatar\/d4fe7459cfc51ff5129ce1a732bbef5928568b8092d412ef95611616376bbeed?s=96&d=mm&r=g","url":"https:\/\/secure.gravatar.com\/avatar\/d4fe7459cfc51ff5129ce1a732bbef5928568b8092d412ef95611616376bbeed?s=96&d=mm&r=g","contentUrl":"https:\/\/secure.gravatar.com\/avatar\/d4fe7459cfc51ff5129ce1a732bbef5928568b8092d412ef95611616376bbeed?s=96&d=mm&r=g","caption":"f1000024"},"url":"https:\/\/cvinoticias.com\/v3\/author\/f1000024\/"}]}},"_links":{"self":[{"href":"https:\/\/cvinoticias.com\/v3\/wp-json\/wp\/v2\/posts\/7851","targetHints":{"allow":["GET"]}}],"collection":[{"href":"https:\/\/cvinoticias.com\/v3\/wp-json\/wp\/v2\/posts"}],"about":[{"href":"https:\/\/cvinoticias.com\/v3\/wp-json\/wp\/v2\/types\/post"}],"author":[{"embeddable":true,"href":"https:\/\/cvinoticias.com\/v3\/wp-json\/wp\/v2\/users\/2"}],"replies":[{"embeddable":true,"href":"https:\/\/cvinoticias.com\/v3\/wp-json\/wp\/v2\/comments?post=7851"}],"version-history":[{"count":1,"href":"https:\/\/cvinoticias.com\/v3\/wp-json\/wp\/v2\/posts\/7851\/revisions"}],"predecessor-version":[{"id":7853,"href":"https:\/\/cvinoticias.com\/v3\/wp-json\/wp\/v2\/posts\/7851\/revisions\/7853"}],"wp:featuredmedia":[{"embeddable":true,"href":"https:\/\/cvinoticias.com\/v3\/wp-json\/wp\/v2\/media\/7852"}],"wp:attachment":[{"href":"https:\/\/cvinoticias.com\/v3\/wp-json\/wp\/v2\/media?parent=7851"}],"wp:term":[{"taxonomy":"category","embeddable":true,"href":"https:\/\/cvinoticias.com\/v3\/wp-json\/wp\/v2\/categories?post=7851"},{"taxonomy":"post_tag","embeddable":true,"href":"https:\/\/cvinoticias.com\/v3\/wp-json\/wp\/v2\/tags?post=7851"}],"curies":[{"name":"wp","href":"https:\/\/api.w.org\/{rel}","templated":true}]}}