{"id":7848,"date":"2021-08-23T10:02:14","date_gmt":"2021-08-23T10:02:14","guid":{"rendered":"https:\/\/cvinoticias.com\/v3\/?p=7848"},"modified":"2021-08-23T10:02:14","modified_gmt":"2021-08-23T10:02:14","slug":"datos-oficiales-los-incendios-en-el-parque-provincial-de-la-araucaria-afectaron-una-superficie-de-57-hectareas","status":"publish","type":"post","link":"https:\/\/cvinoticias.com\/v3\/datos-oficiales-los-incendios-en-el-parque-provincial-de-la-araucaria-afectaron-una-superficie-de-57-hectareas\/","title":{"rendered":"Datos oficiales: los incendios en el Parque Provincial de la Araucaria afectaron una superficie de 5,7 hect\u00e1reas"},"content":{"rendered":"\n<p><strong><em>El Gobierno de Misiones, a trav\u00e9s de la Subsecretaria de Ordenamiento Territorial (SOT) dependiente del Ministerio de Ecolog\u00eda y el Instituto Misionero de Biodiversidad (Imibio), puso en conocimiento un informe especial sobre la situaci\u00f3n y el relevamiento realizado en el Parque Provincial de la Araucaria en el municipio de San Pedro, con datos oficiales del da\u00f1o ambiental generado producto de los incendios de los \u00faltimos d\u00edas.<\/em><\/strong><\/p>\n\n\n\n<p>A trav\u00e9s de la SOT a cargo Arq. Mart\u00edn Recam\u00e1n, se dio a conocer datos relevados por los guardaparques pertenecientes al Ministerio de Ecolog\u00eda asignados al lugar y que est\u00e1n coordinados por la jefa del Parque Provincial de la Araucaria, Habel Lorena. El resultado preciso fue una superficie de afectaci\u00f3n de 5,7 hect\u00e1reas; lo que representa un 6 % de la superficie total del parque.<\/p>\n\n\n\n<p>El incendio afect\u00f3 un total de 58 ejemplares de araucarias adultas y varios renovables de esta especie. Entre otras tambi\u00e9n se perdieron aut\u00f3ctonos de Cancharana, Cedr\u00f3n, Laureles, Camboata, Pind\u00f3, Ambay, Yerba Mate, Helechos arborescentes, Canela y Cacheta.<\/p>\n\n\n\n<p>Si bien las tareas de sofocaci\u00f3n finalizaron con \u00e9xito, contin\u00faan con guardias de ceniza por posibles focos que puedan avanzar, debido a la situaci\u00f3n clim\u00e1tica y por la cantidad de material combustible ubicado en la zona.<\/p>\n\n\n\n<p>El director general ejecutivo del Imibio, Dr. en Ciencias Biol\u00f3gicas Emanuel Grassi, explic\u00f3 en lo que respecta a la p\u00e9rdida de la biodiversidad, que \u00ablos incendios en nuestra provincia (que posee m\u00e1s de 564 especies de aves, 120 de mam\u00edferos, m\u00e1s de 3.600 de plantas vasculares, casi 260 especies de peces y miles de microorganismos) causan graves da\u00f1os al equilibrio natural de \u00e9stas especies\u00bb.<\/p>\n\n\n\n<p>\u00abLa resiliencia de las especies y las relaciones entre ellas, debe ser considerada de extrema preocupaci\u00f3n. La biodiversidad no es un mueble que puede volver a ser construido, la biodiversidad es mucho m\u00e1s que un organismo, que una especie, que un individuo. La biodiversidad son a\u00f1os y a\u00f1os de relaciones espec\u00edficas, de adaptaciones, de cooperaci\u00f3n entre los componentes del sistema. Es en este contexto que resulta irreparable el disturbio generado a partir de la presencia de incendios sobre la biodiversidad de nuestra Selva Paranaense\u00bb, manifest\u00f3 Grassi.<\/p>\n\n\n\n<p>Y agreg\u00f3: \u00abHoy sabemos que el aceleramiento del cambio clim\u00e1tico, llevar\u00e1 a que nuestra regi\u00f3n siga siendo azotada por la sequ\u00eda, el suelo permanezca seco y quebradizo, evitando que las nuevas plantas echen ra\u00edces en el suelo y por consecuente nunca se recupere el equilibrio de antes del incendio. Y cuando los \u00e1rboles j\u00f3venes no crecen durante una sequ\u00eda prolongada, los bosques almacenan menos carbono, contribuyendo a\u00fan m\u00e1s al calentamiento global\u00bb.<\/p>\n\n\n\n<p>\u00abCada incendio que vivimos significa producci\u00f3n de menos ox\u00edgeno, menos alimento, es menos espacio para la fauna, es un suelo que pierde especies de microorganismos que quiz\u00e1s nunca conozcamos, cada foco de incendio es p\u00e9rdida de conectividad, de riqueza y por ende de especies \u00fanicas en el mundo\u00bb, advirti\u00f3.<\/p>\n\n\n\n<p>Los incendios en el Parque Araucaria y zonas aleda\u00f1as afectan a especies muy particulares, el \u00e1rea protegida contiene la mayor\u00eda de los Pinos Paran\u00e1 (Araucaria aungustifolia) no implantados en la Argentina, una especie catalogada por la UICN (Uni\u00f3n Internacional por la Conservaci\u00f3n de la Naturaleza) en Lista Roja en \u201cPeligro de extinci\u00f3n\u201d y Monumento Natural de Misiones.<\/p>\n\n\n\n<p>Entre las Araucarias y sus remanentes de bosque conviven entre muchas otras, poblaciones de especies de aves amenazadas como el Loro Vinoso (Amazona vinacea), el Carpintero Cara Canela (Celeus galeatus) y el Coludito de los Pinos (Leptasthenura setaria), este \u00faltimo restringido espec\u00edficamente a los bosques de Araucaria. Como tambi\u00e9n este ecosistema particular es el h\u00e1bitat poblacional del Mono Caray\u00e1 (Alouatta guariba).<\/p>\n\n\n\n<p>Grassi alert\u00f3 que \u00abde no revertir la situaci\u00f3n actual y evitar bajo todo punto de vista la generaci\u00f3n de focos de incendio estaremos perdiendo biodiversidad. Biodiversidad que no recuperaremos\u00bb.<\/p>\n\n\n\n<p>Finalmente, el subsecretario de Ordenamiento Territorial, Arq. Mart\u00edn Recam\u00e1n dijo que \u00abpor tal motivo, instamos desde todas las diversas \u00e1reas del Gobierno provincial que trabajamos en conjunto para cuidar nuestra biodiversidad, a colaborar avisando y evitando incendios de cualquier \u00edndole en todo el territorio misionero, especialmente en las zonas allegadas a las innumerables \u00c1reas Protegidas con que contamos los misioneros\u00bb.<\/p>\n\n\n\n<p><\/p>\n\n\n\n<p><strong>Fuente: Enfoque <\/strong><\/p>\n","protected":false},"excerpt":{"rendered":"<p>El Gobierno de Misiones, a trav\u00e9s de la Subsecretaria de Ordenamiento Territorial (SOT) dependiente del Ministerio de Ecolog\u00eda y el Instituto Misionero de Biodiversidad (Imibio), puso en conocimiento un informe especial sobre la situaci\u00f3n y el relevamiento realizado en el Parque Provincial de la Araucaria en el municipio de San Pedro, con datos oficiales del [&hellip;]<\/p>\n","protected":false},"author":2,"featured_media":7849,"comment_status":"open","ping_status":"open","sticky":false,"template":"","format":"standard","meta":{"footnotes":""},"categories":[43],"tags":[],"class_list":["post-7848","post","type-post","status-publish","format-standard","has-post-thumbnail","hentry","category-provinciales"],"yoast_head":"<!-- This site is optimized with the Yoast SEO plugin v27.5 - https:\/\/yoast.com\/product\/yoast-seo-wordpress\/ -->\n<title>Datos oficiales: los incendios en el Parque Provincial de la Araucaria afectaron una superficie de 5,7 hect\u00e1reas | CVI NOTICIAS<\/title>\n<meta name=\"robots\" content=\"index, follow, max-snippet:-1, max-image-preview:large, max-video-preview:-1\" \/>\n<link rel=\"canonical\" href=\"https:\/\/cvinoticias.com\/v3\/datos-oficiales-los-incendios-en-el-parque-provincial-de-la-araucaria-afectaron-una-superficie-de-57-hectareas\/\" \/>\n<meta property=\"og:locale\" content=\"es_ES\" \/>\n<meta property=\"og:type\" content=\"article\" \/>\n<meta property=\"og:title\" content=\"Datos oficiales: los incendios en el Parque Provincial de la Araucaria afectaron una superficie de 5,7 hect\u00e1reas | CVI NOTICIAS\" \/>\n<meta property=\"og:description\" content=\"El Gobierno de Misiones, a trav\u00e9s de la Subsecretaria de Ordenamiento Territorial (SOT) dependiente del Ministerio de Ecolog\u00eda y el Instituto Misionero de Biodiversidad (Imibio), puso en conocimiento un informe especial sobre la situaci\u00f3n y el relevamiento realizado en el Parque Provincial de la Araucaria en el municipio de San Pedro, con datos oficiales del [&hellip;]\" \/>\n<meta property=\"og:url\" content=\"https:\/\/cvinoticias.com\/v3\/datos-oficiales-los-incendios-en-el-parque-provincial-de-la-araucaria-afectaron-una-superficie-de-57-hectareas\/\" \/>\n<meta property=\"og:site_name\" content=\"CVI NOTICIAS\" \/>\n<meta property=\"article:publisher\" content=\"https:\/\/www.facebook.com\/cvinoticias\" \/>\n<meta property=\"article:published_time\" content=\"2021-08-23T10:02:14+00:00\" \/>\n<meta property=\"og:image\" content=\"https:\/\/cvinoticias.com\/wp-content\/uploads\/2021\/08\/araucaria.jpg\" \/>\n\t<meta property=\"og:image:width\" content=\"1000\" \/>\n\t<meta property=\"og:image:height\" content=\"753\" \/>\n\t<meta property=\"og:image:type\" content=\"image\/jpeg\" \/>\n<meta name=\"author\" content=\"f1000024\" \/>\n<meta name=\"twitter:card\" content=\"summary_large_image\" \/>\n<meta name=\"twitter:label1\" content=\"Escrito por\" \/>\n\t<meta name=\"twitter:data1\" content=\"f1000024\" \/>\n\t<meta name=\"twitter:label2\" content=\"Tiempo de lectura\" \/>\n\t<meta name=\"twitter:data2\" content=\"4 minutos\" \/>\n<script type=\"application\/ld+json\" class=\"yoast-schema-graph\">{\"@context\":\"https:\\\/\\\/schema.org\",\"@graph\":[{\"@type\":\"Article\",\"@id\":\"https:\\\/\\\/cvinoticias.com\\\/v3\\\/datos-oficiales-los-incendios-en-el-parque-provincial-de-la-araucaria-afectaron-una-superficie-de-57-hectareas\\\/#article\",\"isPartOf\":{\"@id\":\"https:\\\/\\\/cvinoticias.com\\\/v3\\\/datos-oficiales-los-incendios-en-el-parque-provincial-de-la-araucaria-afectaron-una-superficie-de-57-hectareas\\\/\"},\"author\":{\"name\":\"f1000024\",\"@id\":\"https:\\\/\\\/cvinoticias.com\\\/v3\\\/#\\\/schema\\\/person\\\/2db77e3c6bc03c538495d7b2b8be9b66\"},\"headline\":\"Datos oficiales: los incendios en el Parque Provincial de la Araucaria afectaron una superficie de 5,7 hect\u00e1reas\",\"datePublished\":\"2021-08-23T10:02:14+00:00\",\"mainEntityOfPage\":{\"@id\":\"https:\\\/\\\/cvinoticias.com\\\/v3\\\/datos-oficiales-los-incendios-en-el-parque-provincial-de-la-araucaria-afectaron-una-superficie-de-57-hectareas\\\/\"},\"wordCount\":747,\"commentCount\":0,\"publisher\":{\"@id\":\"https:\\\/\\\/cvinoticias.com\\\/v3\\\/#organization\"},\"image\":{\"@id\":\"https:\\\/\\\/cvinoticias.com\\\/v3\\\/datos-oficiales-los-incendios-en-el-parque-provincial-de-la-araucaria-afectaron-una-superficie-de-57-hectareas\\\/#primaryimage\"},\"thumbnailUrl\":\"https:\\\/\\\/cvinoticias.com\\\/wp-content\\\/uploads\\\/2021\\\/08\\\/araucaria.jpg\",\"articleSection\":[\"Provinciales\"],\"inLanguage\":\"es\",\"potentialAction\":[{\"@type\":\"CommentAction\",\"name\":\"Comment\",\"target\":[\"https:\\\/\\\/cvinoticias.com\\\/v3\\\/datos-oficiales-los-incendios-en-el-parque-provincial-de-la-araucaria-afectaron-una-superficie-de-57-hectareas\\\/#respond\"]}]},{\"@type\":\"WebPage\",\"@id\":\"https:\\\/\\\/cvinoticias.com\\\/v3\\\/datos-oficiales-los-incendios-en-el-parque-provincial-de-la-araucaria-afectaron-una-superficie-de-57-hectareas\\\/\",\"url\":\"https:\\\/\\\/cvinoticias.com\\\/v3\\\/datos-oficiales-los-incendios-en-el-parque-provincial-de-la-araucaria-afectaron-una-superficie-de-57-hectareas\\\/\",\"name\":\"Datos oficiales: los incendios en el Parque Provincial de la Araucaria afectaron una superficie de 5,7 hect\u00e1reas | CVI NOTICIAS\",\"isPartOf\":{\"@id\":\"https:\\\/\\\/cvinoticias.com\\\/v3\\\/#website\"},\"primaryImageOfPage\":{\"@id\":\"https:\\\/\\\/cvinoticias.com\\\/v3\\\/datos-oficiales-los-incendios-en-el-parque-provincial-de-la-araucaria-afectaron-una-superficie-de-57-hectareas\\\/#primaryimage\"},\"image\":{\"@id\":\"https:\\\/\\\/cvinoticias.com\\\/v3\\\/datos-oficiales-los-incendios-en-el-parque-provincial-de-la-araucaria-afectaron-una-superficie-de-57-hectareas\\\/#primaryimage\"},\"thumbnailUrl\":\"https:\\\/\\\/cvinoticias.com\\\/wp-content\\\/uploads\\\/2021\\\/08\\\/araucaria.jpg\",\"datePublished\":\"2021-08-23T10:02:14+00:00\",\"breadcrumb\":{\"@id\":\"https:\\\/\\\/cvinoticias.com\\\/v3\\\/datos-oficiales-los-incendios-en-el-parque-provincial-de-la-araucaria-afectaron-una-superficie-de-57-hectareas\\\/#breadcrumb\"},\"inLanguage\":\"es\",\"potentialAction\":[{\"@type\":\"ReadAction\",\"target\":[\"https:\\\/\\\/cvinoticias.com\\\/v3\\\/datos-oficiales-los-incendios-en-el-parque-provincial-de-la-araucaria-afectaron-una-superficie-de-57-hectareas\\\/\"]}]},{\"@type\":\"ImageObject\",\"inLanguage\":\"es\",\"@id\":\"https:\\\/\\\/cvinoticias.com\\\/v3\\\/datos-oficiales-los-incendios-en-el-parque-provincial-de-la-araucaria-afectaron-una-superficie-de-57-hectareas\\\/#primaryimage\",\"url\":\"https:\\\/\\\/cvinoticias.com\\\/wp-content\\\/uploads\\\/2021\\\/08\\\/araucaria.jpg\",\"contentUrl\":\"https:\\\/\\\/cvinoticias.com\\\/wp-content\\\/uploads\\\/2021\\\/08\\\/araucaria.jpg\",\"width\":1000,\"height\":753},{\"@type\":\"BreadcrumbList\",\"@id\":\"https:\\\/\\\/cvinoticias.com\\\/v3\\\/datos-oficiales-los-incendios-en-el-parque-provincial-de-la-araucaria-afectaron-una-superficie-de-57-hectareas\\\/#breadcrumb\",\"itemListElement\":[{\"@type\":\"ListItem\",\"position\":1,\"name\":\"Portada\",\"item\":\"https:\\\/\\\/cvinoticias.com\\\/v3\\\/\"},{\"@type\":\"ListItem\",\"position\":2,\"name\":\"Datos oficiales: los incendios en el Parque Provincial de la Araucaria afectaron una superficie de 5,7 hect\u00e1reas\"}]},{\"@type\":\"WebSite\",\"@id\":\"https:\\\/\\\/cvinoticias.com\\\/v3\\\/#website\",\"url\":\"https:\\\/\\\/cvinoticias.com\\\/v3\\\/\",\"name\":\"CVI NOTICIAS\",\"description\":\"\",\"publisher\":{\"@id\":\"https:\\\/\\\/cvinoticias.com\\\/v3\\\/#organization\"},\"alternateName\":\"CVI\",\"potentialAction\":[{\"@type\":\"SearchAction\",\"target\":{\"@type\":\"EntryPoint\",\"urlTemplate\":\"https:\\\/\\\/cvinoticias.com\\\/v3\\\/?s={search_term_string}\"},\"query-input\":{\"@type\":\"PropertyValueSpecification\",\"valueRequired\":true,\"valueName\":\"search_term_string\"}}],\"inLanguage\":\"es\"},{\"@type\":\"Organization\",\"@id\":\"https:\\\/\\\/cvinoticias.com\\\/v3\\\/#organization\",\"name\":\"CVI NOTICIAS\",\"url\":\"https:\\\/\\\/cvinoticias.com\\\/v3\\\/\",\"logo\":{\"@type\":\"ImageObject\",\"inLanguage\":\"es\",\"@id\":\"https:\\\/\\\/cvinoticias.com\\\/v3\\\/#\\\/schema\\\/logo\\\/image\\\/\",\"url\":\"https:\\\/\\\/cvinoticias.com\\\/wp-content\\\/uploads\\\/2023\\\/04\\\/cropped-cropped-cropped-cropped-cropped-3-1.png\",\"contentUrl\":\"https:\\\/\\\/cvinoticias.com\\\/wp-content\\\/uploads\\\/2023\\\/04\\\/cropped-cropped-cropped-cropped-cropped-3-1.png\",\"width\":95,\"height\":122,\"caption\":\"CVI NOTICIAS\"},\"image\":{\"@id\":\"https:\\\/\\\/cvinoticias.com\\\/v3\\\/#\\\/schema\\\/logo\\\/image\\\/\"},\"sameAs\":[\"https:\\\/\\\/www.facebook.com\\\/cvinoticias\",\"https:\\\/\\\/www.instagram.com\\\/cvinoticias\\\/\",\"https:\\\/\\\/www.youtube.com\\\/@CVINOTICIAS\"]},{\"@type\":\"Person\",\"@id\":\"https:\\\/\\\/cvinoticias.com\\\/v3\\\/#\\\/schema\\\/person\\\/2db77e3c6bc03c538495d7b2b8be9b66\",\"name\":\"f1000024\",\"image\":{\"@type\":\"ImageObject\",\"inLanguage\":\"es\",\"@id\":\"https:\\\/\\\/secure.gravatar.com\\\/avatar\\\/d4fe7459cfc51ff5129ce1a732bbef5928568b8092d412ef95611616376bbeed?s=96&d=mm&r=g\",\"url\":\"https:\\\/\\\/secure.gravatar.com\\\/avatar\\\/d4fe7459cfc51ff5129ce1a732bbef5928568b8092d412ef95611616376bbeed?s=96&d=mm&r=g\",\"contentUrl\":\"https:\\\/\\\/secure.gravatar.com\\\/avatar\\\/d4fe7459cfc51ff5129ce1a732bbef5928568b8092d412ef95611616376bbeed?s=96&d=mm&r=g\",\"caption\":\"f1000024\"},\"url\":\"https:\\\/\\\/cvinoticias.com\\\/v3\\\/author\\\/f1000024\\\/\"}]}<\/script>\n<!-- \/ Yoast SEO plugin. -->","yoast_head_json":{"title":"Datos oficiales: los incendios en el Parque Provincial de la Araucaria afectaron una superficie de 5,7 hect\u00e1reas | CVI NOTICIAS","robots":{"index":"index","follow":"follow","max-snippet":"max-snippet:-1","max-image-preview":"max-image-preview:large","max-video-preview":"max-video-preview:-1"},"canonical":"https:\/\/cvinoticias.com\/v3\/datos-oficiales-los-incendios-en-el-parque-provincial-de-la-araucaria-afectaron-una-superficie-de-57-hectareas\/","og_locale":"es_ES","og_type":"article","og_title":"Datos oficiales: los incendios en el Parque Provincial de la Araucaria afectaron una superficie de 5,7 hect\u00e1reas | CVI NOTICIAS","og_description":"El Gobierno de Misiones, a trav\u00e9s de la Subsecretaria de Ordenamiento Territorial (SOT) dependiente del Ministerio de Ecolog\u00eda y el Instituto Misionero de Biodiversidad (Imibio), puso en conocimiento un informe especial sobre la situaci\u00f3n y el relevamiento realizado en el Parque Provincial de la Araucaria en el municipio de San Pedro, con datos oficiales del [&hellip;]","og_url":"https:\/\/cvinoticias.com\/v3\/datos-oficiales-los-incendios-en-el-parque-provincial-de-la-araucaria-afectaron-una-superficie-de-57-hectareas\/","og_site_name":"CVI NOTICIAS","article_publisher":"https:\/\/www.facebook.com\/cvinoticias","article_published_time":"2021-08-23T10:02:14+00:00","og_image":[{"width":1000,"height":753,"url":"https:\/\/cvinoticias.com\/wp-content\/uploads\/2021\/08\/araucaria.jpg","type":"image\/jpeg"}],"author":"f1000024","twitter_card":"summary_large_image","twitter_misc":{"Escrito por":"f1000024","Tiempo de lectura":"4 minutos"},"schema":{"@context":"https:\/\/schema.org","@graph":[{"@type":"Article","@id":"https:\/\/cvinoticias.com\/v3\/datos-oficiales-los-incendios-en-el-parque-provincial-de-la-araucaria-afectaron-una-superficie-de-57-hectareas\/#article","isPartOf":{"@id":"https:\/\/cvinoticias.com\/v3\/datos-oficiales-los-incendios-en-el-parque-provincial-de-la-araucaria-afectaron-una-superficie-de-57-hectareas\/"},"author":{"name":"f1000024","@id":"https:\/\/cvinoticias.com\/v3\/#\/schema\/person\/2db77e3c6bc03c538495d7b2b8be9b66"},"headline":"Datos oficiales: los incendios en el Parque Provincial de la Araucaria afectaron una superficie de 5,7 hect\u00e1reas","datePublished":"2021-08-23T10:02:14+00:00","mainEntityOfPage":{"@id":"https:\/\/cvinoticias.com\/v3\/datos-oficiales-los-incendios-en-el-parque-provincial-de-la-araucaria-afectaron-una-superficie-de-57-hectareas\/"},"wordCount":747,"commentCount":0,"publisher":{"@id":"https:\/\/cvinoticias.com\/v3\/#organization"},"image":{"@id":"https:\/\/cvinoticias.com\/v3\/datos-oficiales-los-incendios-en-el-parque-provincial-de-la-araucaria-afectaron-una-superficie-de-57-hectareas\/#primaryimage"},"thumbnailUrl":"https:\/\/cvinoticias.com\/wp-content\/uploads\/2021\/08\/araucaria.jpg","articleSection":["Provinciales"],"inLanguage":"es","potentialAction":[{"@type":"CommentAction","name":"Comment","target":["https:\/\/cvinoticias.com\/v3\/datos-oficiales-los-incendios-en-el-parque-provincial-de-la-araucaria-afectaron-una-superficie-de-57-hectareas\/#respond"]}]},{"@type":"WebPage","@id":"https:\/\/cvinoticias.com\/v3\/datos-oficiales-los-incendios-en-el-parque-provincial-de-la-araucaria-afectaron-una-superficie-de-57-hectareas\/","url":"https:\/\/cvinoticias.com\/v3\/datos-oficiales-los-incendios-en-el-parque-provincial-de-la-araucaria-afectaron-una-superficie-de-57-hectareas\/","name":"Datos oficiales: los incendios en el Parque Provincial de la Araucaria afectaron una superficie de 5,7 hect\u00e1reas | CVI NOTICIAS","isPartOf":{"@id":"https:\/\/cvinoticias.com\/v3\/#website"},"primaryImageOfPage":{"@id":"https:\/\/cvinoticias.com\/v3\/datos-oficiales-los-incendios-en-el-parque-provincial-de-la-araucaria-afectaron-una-superficie-de-57-hectareas\/#primaryimage"},"image":{"@id":"https:\/\/cvinoticias.com\/v3\/datos-oficiales-los-incendios-en-el-parque-provincial-de-la-araucaria-afectaron-una-superficie-de-57-hectareas\/#primaryimage"},"thumbnailUrl":"https:\/\/cvinoticias.com\/wp-content\/uploads\/2021\/08\/araucaria.jpg","datePublished":"2021-08-23T10:02:14+00:00","breadcrumb":{"@id":"https:\/\/cvinoticias.com\/v3\/datos-oficiales-los-incendios-en-el-parque-provincial-de-la-araucaria-afectaron-una-superficie-de-57-hectareas\/#breadcrumb"},"inLanguage":"es","potentialAction":[{"@type":"ReadAction","target":["https:\/\/cvinoticias.com\/v3\/datos-oficiales-los-incendios-en-el-parque-provincial-de-la-araucaria-afectaron-una-superficie-de-57-hectareas\/"]}]},{"@type":"ImageObject","inLanguage":"es","@id":"https:\/\/cvinoticias.com\/v3\/datos-oficiales-los-incendios-en-el-parque-provincial-de-la-araucaria-afectaron-una-superficie-de-57-hectareas\/#primaryimage","url":"https:\/\/cvinoticias.com\/wp-content\/uploads\/2021\/08\/araucaria.jpg","contentUrl":"https:\/\/cvinoticias.com\/wp-content\/uploads\/2021\/08\/araucaria.jpg","width":1000,"height":753},{"@type":"BreadcrumbList","@id":"https:\/\/cvinoticias.com\/v3\/datos-oficiales-los-incendios-en-el-parque-provincial-de-la-araucaria-afectaron-una-superficie-de-57-hectareas\/#breadcrumb","itemListElement":[{"@type":"ListItem","position":1,"name":"Portada","item":"https:\/\/cvinoticias.com\/v3\/"},{"@type":"ListItem","position":2,"name":"Datos oficiales: los incendios en el Parque Provincial de la Araucaria afectaron una superficie de 5,7 hect\u00e1reas"}]},{"@type":"WebSite","@id":"https:\/\/cvinoticias.com\/v3\/#website","url":"https:\/\/cvinoticias.com\/v3\/","name":"CVI NOTICIAS","description":"","publisher":{"@id":"https:\/\/cvinoticias.com\/v3\/#organization"},"alternateName":"CVI","potentialAction":[{"@type":"SearchAction","target":{"@type":"EntryPoint","urlTemplate":"https:\/\/cvinoticias.com\/v3\/?s={search_term_string}"},"query-input":{"@type":"PropertyValueSpecification","valueRequired":true,"valueName":"search_term_string"}}],"inLanguage":"es"},{"@type":"Organization","@id":"https:\/\/cvinoticias.com\/v3\/#organization","name":"CVI NOTICIAS","url":"https:\/\/cvinoticias.com\/v3\/","logo":{"@type":"ImageObject","inLanguage":"es","@id":"https:\/\/cvinoticias.com\/v3\/#\/schema\/logo\/image\/","url":"https:\/\/cvinoticias.com\/wp-content\/uploads\/2023\/04\/cropped-cropped-cropped-cropped-cropped-3-1.png","contentUrl":"https:\/\/cvinoticias.com\/wp-content\/uploads\/2023\/04\/cropped-cropped-cropped-cropped-cropped-3-1.png","width":95,"height":122,"caption":"CVI NOTICIAS"},"image":{"@id":"https:\/\/cvinoticias.com\/v3\/#\/schema\/logo\/image\/"},"sameAs":["https:\/\/www.facebook.com\/cvinoticias","https:\/\/www.instagram.com\/cvinoticias\/","https:\/\/www.youtube.com\/@CVINOTICIAS"]},{"@type":"Person","@id":"https:\/\/cvinoticias.com\/v3\/#\/schema\/person\/2db77e3c6bc03c538495d7b2b8be9b66","name":"f1000024","image":{"@type":"ImageObject","inLanguage":"es","@id":"https:\/\/secure.gravatar.com\/avatar\/d4fe7459cfc51ff5129ce1a732bbef5928568b8092d412ef95611616376bbeed?s=96&d=mm&r=g","url":"https:\/\/secure.gravatar.com\/avatar\/d4fe7459cfc51ff5129ce1a732bbef5928568b8092d412ef95611616376bbeed?s=96&d=mm&r=g","contentUrl":"https:\/\/secure.gravatar.com\/avatar\/d4fe7459cfc51ff5129ce1a732bbef5928568b8092d412ef95611616376bbeed?s=96&d=mm&r=g","caption":"f1000024"},"url":"https:\/\/cvinoticias.com\/v3\/author\/f1000024\/"}]}},"_links":{"self":[{"href":"https:\/\/cvinoticias.com\/v3\/wp-json\/wp\/v2\/posts\/7848","targetHints":{"allow":["GET"]}}],"collection":[{"href":"https:\/\/cvinoticias.com\/v3\/wp-json\/wp\/v2\/posts"}],"about":[{"href":"https:\/\/cvinoticias.com\/v3\/wp-json\/wp\/v2\/types\/post"}],"author":[{"embeddable":true,"href":"https:\/\/cvinoticias.com\/v3\/wp-json\/wp\/v2\/users\/2"}],"replies":[{"embeddable":true,"href":"https:\/\/cvinoticias.com\/v3\/wp-json\/wp\/v2\/comments?post=7848"}],"version-history":[{"count":1,"href":"https:\/\/cvinoticias.com\/v3\/wp-json\/wp\/v2\/posts\/7848\/revisions"}],"predecessor-version":[{"id":7850,"href":"https:\/\/cvinoticias.com\/v3\/wp-json\/wp\/v2\/posts\/7848\/revisions\/7850"}],"wp:featuredmedia":[{"embeddable":true,"href":"https:\/\/cvinoticias.com\/v3\/wp-json\/wp\/v2\/media\/7849"}],"wp:attachment":[{"href":"https:\/\/cvinoticias.com\/v3\/wp-json\/wp\/v2\/media?parent=7848"}],"wp:term":[{"taxonomy":"category","embeddable":true,"href":"https:\/\/cvinoticias.com\/v3\/wp-json\/wp\/v2\/categories?post=7848"},{"taxonomy":"post_tag","embeddable":true,"href":"https:\/\/cvinoticias.com\/v3\/wp-json\/wp\/v2\/tags?post=7848"}],"curies":[{"name":"wp","href":"https:\/\/api.w.org\/{rel}","templated":true}]}}