{"id":7836,"date":"2021-08-22T12:28:17","date_gmt":"2021-08-22T12:28:17","guid":{"rendered":"https:\/\/cvinoticias.com\/v3\/?p=7836"},"modified":"2021-08-22T12:28:17","modified_gmt":"2021-08-22T12:28:17","slug":"hallaron-en-jardin-america-una-carga-de-marihuana-de-mas-de-500-kilos-acopiada-en-un-predio","status":"publish","type":"post","link":"https:\/\/cvinoticias.com\/v3\/hallaron-en-jardin-america-una-carga-de-marihuana-de-mas-de-500-kilos-acopiada-en-un-predio\/","title":{"rendered":"Hallaron en Jard\u00edn Am\u00e9rica una carga de marihuana de m\u00e1s de 500 kilos acopiada en un predio"},"content":{"rendered":"\n<p><strong><em>Este s\u00e1bado por la noche, efectivos de la Unidad Regional IX secuestraron en un precario dep\u00f3sito de madera del barrio Prosol, 17 grandes bultos de marihuana que luego fueron trasladados hasta la divisi\u00f3n Bomberos de Jard\u00edn para su pesaje y contabilizaci\u00f3n, el cual arroj\u00f3 521,830 kilogramos en 697 panes.<\/em><\/strong><\/p>\n\n\n\n<figure class=\"wp-block-image size-large\"><a href=\"https:\/\/cvinoticias.com\/wp-content\/uploads\/2021\/08\/IMG-20210821-WA0132.jpg\"><img decoding=\"async\" width=\"1024\" height=\"768\" data-src=\"https:\/\/cvinoticias.com\/wp-content\/uploads\/2021\/08\/IMG-20210821-WA0132-1024x768.jpg\" alt=\"\" class=\"wp-image-7837 lazyload\" data-srcset=\"https:\/\/cvinoticias.com\/wp-content\/uploads\/2021\/08\/IMG-20210821-WA0132-1024x768.jpg 1024w, https:\/\/cvinoticias.com\/wp-content\/uploads\/2021\/08\/IMG-20210821-WA0132-300x225.jpg 300w, https:\/\/cvinoticias.com\/wp-content\/uploads\/2021\/08\/IMG-20210821-WA0132-768x576.jpg 768w, https:\/\/cvinoticias.com\/wp-content\/uploads\/2021\/08\/IMG-20210821-WA0132-1536x1152.jpg 1536w, https:\/\/cvinoticias.com\/wp-content\/uploads\/2021\/08\/IMG-20210821-WA0132.jpg 1600w\" data-sizes=\"(max-width: 1024px) 100vw, 1024px\" src=\"data:image\/svg+xml;base64,PHN2ZyB3aWR0aD0iMSIgaGVpZ2h0PSIxIiB4bWxucz0iaHR0cDovL3d3dy53My5vcmcvMjAwMC9zdmciPjwvc3ZnPg==\" style=\"--smush-placeholder-width: 1024px; --smush-placeholder-aspect-ratio: 1024\/768;\" \/><\/a><\/figure>\n\n\n\n<p>La carga fue descubierta por la Polic\u00eda de Misiones en medio de un amplio operativo.<br>En el marco de la pol\u00edtica de seguridad impulsada por el Gobierno Provincial, el procedimiento arranc\u00f3 a las 20:15 cuando los efectivos de la divisi\u00f3n Drogas Peligrosas de la Unidad Regional 9 salieron en busca de los ocupantes de una moto que evadieron sospechosamente un control policial y huyeron hacia el barrio Prosol.<\/p>\n\n\n\n<p>Los sospechosos cruzaron por un predio abandonado donde los efectivos se encontraron con los paquetes de marihuana- de gran tama\u00f1o- que estaban acumulados en el interior de un dep\u00f3sito de madera.<\/p>\n\n\n\n<p>Intervine el Juzgado Federal de la ciudad de Ober\u00e1.<\/p>\n\n\n\n<figure class=\"wp-block-image size-large\"><a href=\"https:\/\/cvinoticias.com\/wp-content\/uploads\/2021\/08\/IMG-20210822-WA0012.jpg\"><img decoding=\"async\" width=\"1024\" height=\"484\" data-src=\"https:\/\/cvinoticias.com\/wp-content\/uploads\/2021\/08\/IMG-20210822-WA0012-1024x484.jpg\" alt=\"\" class=\"wp-image-7838 lazyload\" data-srcset=\"https:\/\/cvinoticias.com\/wp-content\/uploads\/2021\/08\/IMG-20210822-WA0012-1024x484.jpg 1024w, https:\/\/cvinoticias.com\/wp-content\/uploads\/2021\/08\/IMG-20210822-WA0012-300x142.jpg 300w, https:\/\/cvinoticias.com\/wp-content\/uploads\/2021\/08\/IMG-20210822-WA0012-768x363.jpg 768w, https:\/\/cvinoticias.com\/wp-content\/uploads\/2021\/08\/IMG-20210822-WA0012.jpg 1040w\" data-sizes=\"(max-width: 1024px) 100vw, 1024px\" src=\"data:image\/svg+xml;base64,PHN2ZyB3aWR0aD0iMSIgaGVpZ2h0PSIxIiB4bWxucz0iaHR0cDovL3d3dy53My5vcmcvMjAwMC9zdmciPjwvc3ZnPg==\" style=\"--smush-placeholder-width: 1024px; --smush-placeholder-aspect-ratio: 1024\/484;\" \/><\/a><\/figure>\n","protected":false},"excerpt":{"rendered":"<p>Este s\u00e1bado por la noche, efectivos de la Unidad Regional IX secuestraron en un precario dep\u00f3sito de madera del barrio Prosol, 17 grandes bultos de marihuana que luego fueron trasladados hasta la divisi\u00f3n Bomberos de Jard\u00edn para su pesaje y contabilizaci\u00f3n, el cual arroj\u00f3 521,830 kilogramos en 697 panes. La carga fue descubierta por la [&hellip;]<\/p>\n","protected":false},"author":2,"featured_media":7839,"comment_status":"open","ping_status":"open","sticky":false,"template":"","format":"standard","meta":{"footnotes":""},"categories":[41],"tags":[],"class_list":["post-7836","post","type-post","status-publish","format-standard","has-post-thumbnail","hentry","category-policiales"],"yoast_head":"<!-- This site is optimized with the Yoast SEO plugin v27.4 - https:\/\/yoast.com\/product\/yoast-seo-wordpress\/ -->\n<title>Hallaron en Jard\u00edn Am\u00e9rica una carga de marihuana de m\u00e1s de 500 kilos acopiada en un predio | CVI NOTICIAS<\/title>\n<meta name=\"robots\" content=\"index, follow, max-snippet:-1, max-image-preview:large, max-video-preview:-1\" \/>\n<link rel=\"canonical\" href=\"https:\/\/cvinoticias.com\/v3\/hallaron-en-jardin-america-una-carga-de-marihuana-de-mas-de-500-kilos-acopiada-en-un-predio\/\" \/>\n<meta property=\"og:locale\" content=\"es_ES\" \/>\n<meta property=\"og:type\" content=\"article\" \/>\n<meta property=\"og:title\" content=\"Hallaron en Jard\u00edn Am\u00e9rica una carga de marihuana de m\u00e1s de 500 kilos acopiada en un predio | CVI NOTICIAS\" \/>\n<meta property=\"og:description\" content=\"Este s\u00e1bado por la noche, efectivos de la Unidad Regional IX secuestraron en un precario dep\u00f3sito de madera del barrio Prosol, 17 grandes bultos de marihuana que luego fueron trasladados hasta la divisi\u00f3n Bomberos de Jard\u00edn para su pesaje y contabilizaci\u00f3n, el cual arroj\u00f3 521,830 kilogramos en 697 panes. La carga fue descubierta por la [&hellip;]\" \/>\n<meta property=\"og:url\" content=\"https:\/\/cvinoticias.com\/v3\/hallaron-en-jardin-america-una-carga-de-marihuana-de-mas-de-500-kilos-acopiada-en-un-predio\/\" \/>\n<meta property=\"og:site_name\" content=\"CVI NOTICIAS\" \/>\n<meta property=\"article:publisher\" content=\"https:\/\/www.facebook.com\/cvinoticias\" \/>\n<meta property=\"article:published_time\" content=\"2021-08-22T12:28:17+00:00\" \/>\n<meta property=\"og:image\" content=\"https:\/\/cvinoticias.com\/wp-content\/uploads\/2021\/08\/IMG-20210822-WA0013.jpg\" \/>\n\t<meta property=\"og:image:width\" content=\"1280\" \/>\n\t<meta property=\"og:image:height\" content=\"960\" \/>\n\t<meta property=\"og:image:type\" content=\"image\/jpeg\" \/>\n<meta name=\"author\" content=\"f1000024\" \/>\n<meta name=\"twitter:card\" content=\"summary_large_image\" \/>\n<meta name=\"twitter:label1\" content=\"Escrito por\" \/>\n\t<meta name=\"twitter:data1\" content=\"f1000024\" \/>\n\t<meta name=\"twitter:label2\" content=\"Tiempo de lectura\" \/>\n\t<meta name=\"twitter:data2\" content=\"1 minuto\" \/>\n<script type=\"application\/ld+json\" class=\"yoast-schema-graph\">{\"@context\":\"https:\\\/\\\/schema.org\",\"@graph\":[{\"@type\":\"Article\",\"@id\":\"https:\\\/\\\/cvinoticias.com\\\/v3\\\/hallaron-en-jardin-america-una-carga-de-marihuana-de-mas-de-500-kilos-acopiada-en-un-predio\\\/#article\",\"isPartOf\":{\"@id\":\"https:\\\/\\\/cvinoticias.com\\\/v3\\\/hallaron-en-jardin-america-una-carga-de-marihuana-de-mas-de-500-kilos-acopiada-en-un-predio\\\/\"},\"author\":{\"name\":\"f1000024\",\"@id\":\"https:\\\/\\\/cvinoticias.com\\\/v3\\\/#\\\/schema\\\/person\\\/2db77e3c6bc03c538495d7b2b8be9b66\"},\"headline\":\"Hallaron en Jard\u00edn Am\u00e9rica una carga de marihuana de m\u00e1s de 500 kilos acopiada en un predio\",\"datePublished\":\"2021-08-22T12:28:17+00:00\",\"mainEntityOfPage\":{\"@id\":\"https:\\\/\\\/cvinoticias.com\\\/v3\\\/hallaron-en-jardin-america-una-carga-de-marihuana-de-mas-de-500-kilos-acopiada-en-un-predio\\\/\"},\"wordCount\":181,\"commentCount\":0,\"publisher\":{\"@id\":\"https:\\\/\\\/cvinoticias.com\\\/v3\\\/#organization\"},\"image\":{\"@id\":\"https:\\\/\\\/cvinoticias.com\\\/v3\\\/hallaron-en-jardin-america-una-carga-de-marihuana-de-mas-de-500-kilos-acopiada-en-un-predio\\\/#primaryimage\"},\"thumbnailUrl\":\"https:\\\/\\\/cvinoticias.com\\\/wp-content\\\/uploads\\\/2021\\\/08\\\/IMG-20210822-WA0013.jpg\",\"articleSection\":[\"Policiales\"],\"inLanguage\":\"es\",\"potentialAction\":[{\"@type\":\"CommentAction\",\"name\":\"Comment\",\"target\":[\"https:\\\/\\\/cvinoticias.com\\\/v3\\\/hallaron-en-jardin-america-una-carga-de-marihuana-de-mas-de-500-kilos-acopiada-en-un-predio\\\/#respond\"]}]},{\"@type\":\"WebPage\",\"@id\":\"https:\\\/\\\/cvinoticias.com\\\/v3\\\/hallaron-en-jardin-america-una-carga-de-marihuana-de-mas-de-500-kilos-acopiada-en-un-predio\\\/\",\"url\":\"https:\\\/\\\/cvinoticias.com\\\/v3\\\/hallaron-en-jardin-america-una-carga-de-marihuana-de-mas-de-500-kilos-acopiada-en-un-predio\\\/\",\"name\":\"Hallaron en Jard\u00edn Am\u00e9rica una carga de marihuana de m\u00e1s de 500 kilos acopiada en un predio | CVI NOTICIAS\",\"isPartOf\":{\"@id\":\"https:\\\/\\\/cvinoticias.com\\\/v3\\\/#website\"},\"primaryImageOfPage\":{\"@id\":\"https:\\\/\\\/cvinoticias.com\\\/v3\\\/hallaron-en-jardin-america-una-carga-de-marihuana-de-mas-de-500-kilos-acopiada-en-un-predio\\\/#primaryimage\"},\"image\":{\"@id\":\"https:\\\/\\\/cvinoticias.com\\\/v3\\\/hallaron-en-jardin-america-una-carga-de-marihuana-de-mas-de-500-kilos-acopiada-en-un-predio\\\/#primaryimage\"},\"thumbnailUrl\":\"https:\\\/\\\/cvinoticias.com\\\/wp-content\\\/uploads\\\/2021\\\/08\\\/IMG-20210822-WA0013.jpg\",\"datePublished\":\"2021-08-22T12:28:17+00:00\",\"breadcrumb\":{\"@id\":\"https:\\\/\\\/cvinoticias.com\\\/v3\\\/hallaron-en-jardin-america-una-carga-de-marihuana-de-mas-de-500-kilos-acopiada-en-un-predio\\\/#breadcrumb\"},\"inLanguage\":\"es\",\"potentialAction\":[{\"@type\":\"ReadAction\",\"target\":[\"https:\\\/\\\/cvinoticias.com\\\/v3\\\/hallaron-en-jardin-america-una-carga-de-marihuana-de-mas-de-500-kilos-acopiada-en-un-predio\\\/\"]}]},{\"@type\":\"ImageObject\",\"inLanguage\":\"es\",\"@id\":\"https:\\\/\\\/cvinoticias.com\\\/v3\\\/hallaron-en-jardin-america-una-carga-de-marihuana-de-mas-de-500-kilos-acopiada-en-un-predio\\\/#primaryimage\",\"url\":\"https:\\\/\\\/cvinoticias.com\\\/wp-content\\\/uploads\\\/2021\\\/08\\\/IMG-20210822-WA0013.jpg\",\"contentUrl\":\"https:\\\/\\\/cvinoticias.com\\\/wp-content\\\/uploads\\\/2021\\\/08\\\/IMG-20210822-WA0013.jpg\",\"width\":1280,\"height\":960},{\"@type\":\"BreadcrumbList\",\"@id\":\"https:\\\/\\\/cvinoticias.com\\\/v3\\\/hallaron-en-jardin-america-una-carga-de-marihuana-de-mas-de-500-kilos-acopiada-en-un-predio\\\/#breadcrumb\",\"itemListElement\":[{\"@type\":\"ListItem\",\"position\":1,\"name\":\"Portada\",\"item\":\"https:\\\/\\\/cvinoticias.com\\\/v3\\\/\"},{\"@type\":\"ListItem\",\"position\":2,\"name\":\"Hallaron en Jard\u00edn Am\u00e9rica una carga de marihuana de m\u00e1s de 500 kilos acopiada en un predio\"}]},{\"@type\":\"WebSite\",\"@id\":\"https:\\\/\\\/cvinoticias.com\\\/v3\\\/#website\",\"url\":\"https:\\\/\\\/cvinoticias.com\\\/v3\\\/\",\"name\":\"CVI NOTICIAS\",\"description\":\"\",\"publisher\":{\"@id\":\"https:\\\/\\\/cvinoticias.com\\\/v3\\\/#organization\"},\"alternateName\":\"CVI\",\"potentialAction\":[{\"@type\":\"SearchAction\",\"target\":{\"@type\":\"EntryPoint\",\"urlTemplate\":\"https:\\\/\\\/cvinoticias.com\\\/v3\\\/?s={search_term_string}\"},\"query-input\":{\"@type\":\"PropertyValueSpecification\",\"valueRequired\":true,\"valueName\":\"search_term_string\"}}],\"inLanguage\":\"es\"},{\"@type\":\"Organization\",\"@id\":\"https:\\\/\\\/cvinoticias.com\\\/v3\\\/#organization\",\"name\":\"CVI NOTICIAS\",\"url\":\"https:\\\/\\\/cvinoticias.com\\\/v3\\\/\",\"logo\":{\"@type\":\"ImageObject\",\"inLanguage\":\"es\",\"@id\":\"https:\\\/\\\/cvinoticias.com\\\/v3\\\/#\\\/schema\\\/logo\\\/image\\\/\",\"url\":\"https:\\\/\\\/cvinoticias.com\\\/wp-content\\\/uploads\\\/2023\\\/04\\\/cropped-cropped-cropped-cropped-cropped-3-1.png\",\"contentUrl\":\"https:\\\/\\\/cvinoticias.com\\\/wp-content\\\/uploads\\\/2023\\\/04\\\/cropped-cropped-cropped-cropped-cropped-3-1.png\",\"width\":95,\"height\":122,\"caption\":\"CVI NOTICIAS\"},\"image\":{\"@id\":\"https:\\\/\\\/cvinoticias.com\\\/v3\\\/#\\\/schema\\\/logo\\\/image\\\/\"},\"sameAs\":[\"https:\\\/\\\/www.facebook.com\\\/cvinoticias\",\"https:\\\/\\\/www.instagram.com\\\/cvinoticias\\\/\",\"https:\\\/\\\/www.youtube.com\\\/@CVINOTICIAS\"]},{\"@type\":\"Person\",\"@id\":\"https:\\\/\\\/cvinoticias.com\\\/v3\\\/#\\\/schema\\\/person\\\/2db77e3c6bc03c538495d7b2b8be9b66\",\"name\":\"f1000024\",\"image\":{\"@type\":\"ImageObject\",\"inLanguage\":\"es\",\"@id\":\"https:\\\/\\\/secure.gravatar.com\\\/avatar\\\/d4fe7459cfc51ff5129ce1a732bbef5928568b8092d412ef95611616376bbeed?s=96&d=mm&r=g\",\"url\":\"https:\\\/\\\/secure.gravatar.com\\\/avatar\\\/d4fe7459cfc51ff5129ce1a732bbef5928568b8092d412ef95611616376bbeed?s=96&d=mm&r=g\",\"contentUrl\":\"https:\\\/\\\/secure.gravatar.com\\\/avatar\\\/d4fe7459cfc51ff5129ce1a732bbef5928568b8092d412ef95611616376bbeed?s=96&d=mm&r=g\",\"caption\":\"f1000024\"},\"url\":\"https:\\\/\\\/cvinoticias.com\\\/v3\\\/author\\\/f1000024\\\/\"}]}<\/script>\n<!-- \/ Yoast SEO plugin. -->","yoast_head_json":{"title":"Hallaron en Jard\u00edn Am\u00e9rica una carga de marihuana de m\u00e1s de 500 kilos acopiada en un predio | CVI NOTICIAS","robots":{"index":"index","follow":"follow","max-snippet":"max-snippet:-1","max-image-preview":"max-image-preview:large","max-video-preview":"max-video-preview:-1"},"canonical":"https:\/\/cvinoticias.com\/v3\/hallaron-en-jardin-america-una-carga-de-marihuana-de-mas-de-500-kilos-acopiada-en-un-predio\/","og_locale":"es_ES","og_type":"article","og_title":"Hallaron en Jard\u00edn Am\u00e9rica una carga de marihuana de m\u00e1s de 500 kilos acopiada en un predio | CVI NOTICIAS","og_description":"Este s\u00e1bado por la noche, efectivos de la Unidad Regional IX secuestraron en un precario dep\u00f3sito de madera del barrio Prosol, 17 grandes bultos de marihuana que luego fueron trasladados hasta la divisi\u00f3n Bomberos de Jard\u00edn para su pesaje y contabilizaci\u00f3n, el cual arroj\u00f3 521,830 kilogramos en 697 panes. La carga fue descubierta por la [&hellip;]","og_url":"https:\/\/cvinoticias.com\/v3\/hallaron-en-jardin-america-una-carga-de-marihuana-de-mas-de-500-kilos-acopiada-en-un-predio\/","og_site_name":"CVI NOTICIAS","article_publisher":"https:\/\/www.facebook.com\/cvinoticias","article_published_time":"2021-08-22T12:28:17+00:00","og_image":[{"width":1280,"height":960,"url":"https:\/\/cvinoticias.com\/wp-content\/uploads\/2021\/08\/IMG-20210822-WA0013.jpg","type":"image\/jpeg"}],"author":"f1000024","twitter_card":"summary_large_image","twitter_misc":{"Escrito por":"f1000024","Tiempo de lectura":"1 minuto"},"schema":{"@context":"https:\/\/schema.org","@graph":[{"@type":"Article","@id":"https:\/\/cvinoticias.com\/v3\/hallaron-en-jardin-america-una-carga-de-marihuana-de-mas-de-500-kilos-acopiada-en-un-predio\/#article","isPartOf":{"@id":"https:\/\/cvinoticias.com\/v3\/hallaron-en-jardin-america-una-carga-de-marihuana-de-mas-de-500-kilos-acopiada-en-un-predio\/"},"author":{"name":"f1000024","@id":"https:\/\/cvinoticias.com\/v3\/#\/schema\/person\/2db77e3c6bc03c538495d7b2b8be9b66"},"headline":"Hallaron en Jard\u00edn Am\u00e9rica una carga de marihuana de m\u00e1s de 500 kilos acopiada en un predio","datePublished":"2021-08-22T12:28:17+00:00","mainEntityOfPage":{"@id":"https:\/\/cvinoticias.com\/v3\/hallaron-en-jardin-america-una-carga-de-marihuana-de-mas-de-500-kilos-acopiada-en-un-predio\/"},"wordCount":181,"commentCount":0,"publisher":{"@id":"https:\/\/cvinoticias.com\/v3\/#organization"},"image":{"@id":"https:\/\/cvinoticias.com\/v3\/hallaron-en-jardin-america-una-carga-de-marihuana-de-mas-de-500-kilos-acopiada-en-un-predio\/#primaryimage"},"thumbnailUrl":"https:\/\/cvinoticias.com\/wp-content\/uploads\/2021\/08\/IMG-20210822-WA0013.jpg","articleSection":["Policiales"],"inLanguage":"es","potentialAction":[{"@type":"CommentAction","name":"Comment","target":["https:\/\/cvinoticias.com\/v3\/hallaron-en-jardin-america-una-carga-de-marihuana-de-mas-de-500-kilos-acopiada-en-un-predio\/#respond"]}]},{"@type":"WebPage","@id":"https:\/\/cvinoticias.com\/v3\/hallaron-en-jardin-america-una-carga-de-marihuana-de-mas-de-500-kilos-acopiada-en-un-predio\/","url":"https:\/\/cvinoticias.com\/v3\/hallaron-en-jardin-america-una-carga-de-marihuana-de-mas-de-500-kilos-acopiada-en-un-predio\/","name":"Hallaron en Jard\u00edn Am\u00e9rica una carga de marihuana de m\u00e1s de 500 kilos acopiada en un predio | CVI NOTICIAS","isPartOf":{"@id":"https:\/\/cvinoticias.com\/v3\/#website"},"primaryImageOfPage":{"@id":"https:\/\/cvinoticias.com\/v3\/hallaron-en-jardin-america-una-carga-de-marihuana-de-mas-de-500-kilos-acopiada-en-un-predio\/#primaryimage"},"image":{"@id":"https:\/\/cvinoticias.com\/v3\/hallaron-en-jardin-america-una-carga-de-marihuana-de-mas-de-500-kilos-acopiada-en-un-predio\/#primaryimage"},"thumbnailUrl":"https:\/\/cvinoticias.com\/wp-content\/uploads\/2021\/08\/IMG-20210822-WA0013.jpg","datePublished":"2021-08-22T12:28:17+00:00","breadcrumb":{"@id":"https:\/\/cvinoticias.com\/v3\/hallaron-en-jardin-america-una-carga-de-marihuana-de-mas-de-500-kilos-acopiada-en-un-predio\/#breadcrumb"},"inLanguage":"es","potentialAction":[{"@type":"ReadAction","target":["https:\/\/cvinoticias.com\/v3\/hallaron-en-jardin-america-una-carga-de-marihuana-de-mas-de-500-kilos-acopiada-en-un-predio\/"]}]},{"@type":"ImageObject","inLanguage":"es","@id":"https:\/\/cvinoticias.com\/v3\/hallaron-en-jardin-america-una-carga-de-marihuana-de-mas-de-500-kilos-acopiada-en-un-predio\/#primaryimage","url":"https:\/\/cvinoticias.com\/wp-content\/uploads\/2021\/08\/IMG-20210822-WA0013.jpg","contentUrl":"https:\/\/cvinoticias.com\/wp-content\/uploads\/2021\/08\/IMG-20210822-WA0013.jpg","width":1280,"height":960},{"@type":"BreadcrumbList","@id":"https:\/\/cvinoticias.com\/v3\/hallaron-en-jardin-america-una-carga-de-marihuana-de-mas-de-500-kilos-acopiada-en-un-predio\/#breadcrumb","itemListElement":[{"@type":"ListItem","position":1,"name":"Portada","item":"https:\/\/cvinoticias.com\/v3\/"},{"@type":"ListItem","position":2,"name":"Hallaron en Jard\u00edn Am\u00e9rica una carga de marihuana de m\u00e1s de 500 kilos acopiada en un predio"}]},{"@type":"WebSite","@id":"https:\/\/cvinoticias.com\/v3\/#website","url":"https:\/\/cvinoticias.com\/v3\/","name":"CVI NOTICIAS","description":"","publisher":{"@id":"https:\/\/cvinoticias.com\/v3\/#organization"},"alternateName":"CVI","potentialAction":[{"@type":"SearchAction","target":{"@type":"EntryPoint","urlTemplate":"https:\/\/cvinoticias.com\/v3\/?s={search_term_string}"},"query-input":{"@type":"PropertyValueSpecification","valueRequired":true,"valueName":"search_term_string"}}],"inLanguage":"es"},{"@type":"Organization","@id":"https:\/\/cvinoticias.com\/v3\/#organization","name":"CVI NOTICIAS","url":"https:\/\/cvinoticias.com\/v3\/","logo":{"@type":"ImageObject","inLanguage":"es","@id":"https:\/\/cvinoticias.com\/v3\/#\/schema\/logo\/image\/","url":"https:\/\/cvinoticias.com\/wp-content\/uploads\/2023\/04\/cropped-cropped-cropped-cropped-cropped-3-1.png","contentUrl":"https:\/\/cvinoticias.com\/wp-content\/uploads\/2023\/04\/cropped-cropped-cropped-cropped-cropped-3-1.png","width":95,"height":122,"caption":"CVI NOTICIAS"},"image":{"@id":"https:\/\/cvinoticias.com\/v3\/#\/schema\/logo\/image\/"},"sameAs":["https:\/\/www.facebook.com\/cvinoticias","https:\/\/www.instagram.com\/cvinoticias\/","https:\/\/www.youtube.com\/@CVINOTICIAS"]},{"@type":"Person","@id":"https:\/\/cvinoticias.com\/v3\/#\/schema\/person\/2db77e3c6bc03c538495d7b2b8be9b66","name":"f1000024","image":{"@type":"ImageObject","inLanguage":"es","@id":"https:\/\/secure.gravatar.com\/avatar\/d4fe7459cfc51ff5129ce1a732bbef5928568b8092d412ef95611616376bbeed?s=96&d=mm&r=g","url":"https:\/\/secure.gravatar.com\/avatar\/d4fe7459cfc51ff5129ce1a732bbef5928568b8092d412ef95611616376bbeed?s=96&d=mm&r=g","contentUrl":"https:\/\/secure.gravatar.com\/avatar\/d4fe7459cfc51ff5129ce1a732bbef5928568b8092d412ef95611616376bbeed?s=96&d=mm&r=g","caption":"f1000024"},"url":"https:\/\/cvinoticias.com\/v3\/author\/f1000024\/"}]}},"_links":{"self":[{"href":"https:\/\/cvinoticias.com\/v3\/wp-json\/wp\/v2\/posts\/7836","targetHints":{"allow":["GET"]}}],"collection":[{"href":"https:\/\/cvinoticias.com\/v3\/wp-json\/wp\/v2\/posts"}],"about":[{"href":"https:\/\/cvinoticias.com\/v3\/wp-json\/wp\/v2\/types\/post"}],"author":[{"embeddable":true,"href":"https:\/\/cvinoticias.com\/v3\/wp-json\/wp\/v2\/users\/2"}],"replies":[{"embeddable":true,"href":"https:\/\/cvinoticias.com\/v3\/wp-json\/wp\/v2\/comments?post=7836"}],"version-history":[{"count":1,"href":"https:\/\/cvinoticias.com\/v3\/wp-json\/wp\/v2\/posts\/7836\/revisions"}],"predecessor-version":[{"id":7840,"href":"https:\/\/cvinoticias.com\/v3\/wp-json\/wp\/v2\/posts\/7836\/revisions\/7840"}],"wp:featuredmedia":[{"embeddable":true,"href":"https:\/\/cvinoticias.com\/v3\/wp-json\/wp\/v2\/media\/7839"}],"wp:attachment":[{"href":"https:\/\/cvinoticias.com\/v3\/wp-json\/wp\/v2\/media?parent=7836"}],"wp:term":[{"taxonomy":"category","embeddable":true,"href":"https:\/\/cvinoticias.com\/v3\/wp-json\/wp\/v2\/categories?post=7836"},{"taxonomy":"post_tag","embeddable":true,"href":"https:\/\/cvinoticias.com\/v3\/wp-json\/wp\/v2\/tags?post=7836"}],"curies":[{"name":"wp","href":"https:\/\/api.w.org\/{rel}","templated":true}]}}