{"id":7829,"date":"2021-08-22T12:13:00","date_gmt":"2021-08-22T12:13:00","guid":{"rendered":"https:\/\/cvinoticias.com\/v3\/?p=7829"},"modified":"2021-08-22T12:13:00","modified_gmt":"2021-08-22T12:13:00","slug":"subio-39-la-energia-en-agosto-y-vendrian-dos-aumentos-mas","status":"publish","type":"post","link":"https:\/\/cvinoticias.com\/v3\/subio-39-la-energia-en-agosto-y-vendrian-dos-aumentos-mas\/","title":{"rendered":"Subi\u00f3 3,9% la energ\u00eda en agosto y vendr\u00edan dos aumentos m\u00e1s"},"content":{"rendered":"\n<p><strong><em>El nuevo incremento ya lo aplica EMSA y las nueve cooperativas que distribuyen el servicio en la provincia. Con los otros dos tramos, la suba total llegar\u00eda a 11,7% sobre el Valor Agregado de Distribuci\u00f3n (VAD).<\/em><\/strong><\/p>\n\n\n\n<p>El\u00a0Gobierno provincial autoriz\u00f3 un incremento de la tarifa el\u00e9ctrica de 3,9% que se aplica desde agosto por parte de Energ\u00eda de Misiones SA (EMSA) y las nueve cooperativas que distribuyen el servicio en toda la provincia. Tambi\u00e9n se acord\u00f3, por ahora de palabra,\u00a0otros dos tramos del mismo porcentaje en septiembre y octubre con lo cual el aumento llegar\u00eda a 11,7%\u00a0sobre el Valor Agregado de Distribuci\u00f3n (VAD).<\/p>\n\n\n\n<p>La suba lleva \u201cun m\u00ednimo de ox\u00edgeno\u201d a las distribuidoras que ten\u00edan los valores de la tarifa congelados desde 2019, mientras que sus costos salariales, de materiales y de combustible se duplic\u00f3 por la inflaci\u00f3n y la devaluaci\u00f3n del peso frente al d\u00f3lar.<\/p>\n\n\n\n<p>El congelamiento hab\u00eda sido dispuesto en los \u00faltimos a\u00f1os del Gobierno de Mauricio Macri, llegando en agosto de este a\u00f1o a casi dos a\u00f1os.<\/p>\n\n\n\n<p>La medida se tom\u00f3 bajo un manto de absoluta reserva, entre la Subsecretar\u00eda de Servicios P\u00fablicos, que depende del Ministerio de Hacienda y dirige Marcelo Bacigalupi; la empresa provincial EMSA y las cooperativas distribuidoras del interior.<\/p>\n\n\n\n<p>En el Gobierno no quisieron brindar informaci\u00f3n al respecto ya que se trata de un tema sensible que,\u00a0por m\u00e1s que sea un porcentaje peque\u00f1o, golpea al bolsillo de la gente en un momento de creciente pobreza y alta inflaci\u00f3n, cercana a los 50 puntos anuales. Sumado al contexto de estar en la previa de una elecci\u00f3n primaria y luego una legislativa nacional. S\u00f3lo dijeron que la tarifa est\u00e1 muy atrasada y se aplica un ajuste m\u00ednimo y necesario.<\/p>\n\n\n\n<p>El valor de la electricidad viene dispuesto por la Naci\u00f3n, que fija el valor y el costo del traslado, mientras que\u00a0la Provincia fija el VAD, que es el porcentaje que se agrega sobre el valor del servicio para cubrir gastos de mantenimiento, inversi\u00f3n y salarios\u00a0de las entidades que se encargan de su funcionamiento. El\u00a0VAD es el \u00fanico componente de la tarifa que puede ser modificado por la Provincia, y tampoco ven\u00eda teniendo aumentos desde 2019.<\/p>\n\n\n\n<p>La suba se defini\u00f3 despu\u00e9s de constatar una situaci\u00f3n de crisis casi terminal de parte de la empresa provincial y las cooperativas el\u00e9ctricas, que apenas est\u00e1n alcanzando a pagar los sueldos y cubrir el mantenimiento. Sin contar que est\u00e1n todas endeudadas, deficitarias y sin previsi\u00f3n de pagos si no hay cambios en el esquema actual.<\/p>\n\n\n\n<p>\u201cEstamos sobreviviendo, administrando pobreza, apenas hacemos el mantenimiento y pagamos los sueldos. De inversiones no se puede hablar porque venimos muy retrasados en la tarifa\u201d,\u00a0cont\u00f3 un cooperativista consultado.<\/p>\n\n\n\n<p>Dicho dirigente agreg\u00f3 que\u00a0\u201cesto no cubre para nada las necesidades de las cooperativas, es s\u00f3lo un paliativo\u201d.<\/p>\n\n\n\n<p>Cada entidad tiene una realidad diferente y han presentado, en particular, las necesidades de costos que deben cubrir al Gobierno provincial.<\/p>\n\n\n\n<p>\u201cEl porcentaje de VAD que necesitamos incrementar seguro que el Gobierno no nos va a autorizar, por eso no hablamos de porcentajes, solamente de los costos que necesitamos cubrir. Sabemos que es un momento dif\u00edcil para trasladar tarifa a los usuarios y por eso lo que se retoc\u00f3 fue lo m\u00ednimo e indispensable\u201d,\u00a0explic\u00f3 un directivo de EMSA que tampoco quiso salir del anonimato.<\/p>\n\n\n\n<h3 class=\"wp-block-heading\"><strong>Panorama de las entidades<\/strong><\/h3>\n\n\n\n<p>Desde las cooperativas el\u00e9ctricas de Misiones reconocieron que no est\u00e1n atravesando por buenos momentos.<\/p>\n\n\n\n<p>Sin embargo y a pesar de que los usuarios de la energ\u00eda el\u00e9ctrica tambi\u00e9n padecen del golpe de la inflaci\u00f3n en sus bolsillos, desde las entidades aseguraron que\u00a0\u201cel porcentaje de morosidad es muy bajo\u201d,\u00a0lo cual es destacable y tambi\u00e9n eso les brinda un poco de aire.<\/p>\n\n\n\n<p>Por otro lado,\u00a0los referentes de las entidades remarcaron que los sueldos de los operarios tambi\u00e9n fueron en crecimiento durante estos a\u00f1os debido a los acuerdos salariales que logaron desde el gremio que los nuclea.<\/p>\n\n\n\n<p>No obstante a esto, los dirigentes de las cooperativas misioneras indicaron que los salarios y  los aportes se est\u00e1n abonando en tiempo y forma.<\/p>\n\n\n\n<p><\/p>\n\n\n\n<p><strong><em>Fuente: Primera Edici\u00f3n <\/em><\/strong><\/p>\n","protected":false},"excerpt":{"rendered":"<p>El nuevo incremento ya lo aplica EMSA y las nueve cooperativas que distribuyen el servicio en la provincia. Con los otros dos tramos, la suba total llegar\u00eda a 11,7% sobre el Valor Agregado de Distribuci\u00f3n (VAD). El\u00a0Gobierno provincial autoriz\u00f3 un incremento de la tarifa el\u00e9ctrica de 3,9% que se aplica desde agosto por parte de [&hellip;]<\/p>\n","protected":false},"author":2,"featured_media":7830,"comment_status":"open","ping_status":"open","sticky":false,"template":"","format":"standard","meta":{"footnotes":""},"categories":[33],"tags":[],"class_list":["post-7829","post","type-post","status-publish","format-standard","has-post-thumbnail","hentry","category-energia"],"yoast_head":"<!-- This site is optimized with the Yoast SEO plugin v27.5 - https:\/\/yoast.com\/product\/yoast-seo-wordpress\/ -->\n<title>Subi\u00f3 3,9% la energ\u00eda en agosto y vendr\u00edan dos aumentos m\u00e1s | CVI NOTICIAS<\/title>\n<meta name=\"robots\" content=\"index, follow, max-snippet:-1, max-image-preview:large, max-video-preview:-1\" \/>\n<link rel=\"canonical\" href=\"https:\/\/cvinoticias.com\/v3\/subio-39-la-energia-en-agosto-y-vendrian-dos-aumentos-mas\/\" \/>\n<meta property=\"og:locale\" content=\"es_ES\" \/>\n<meta property=\"og:type\" content=\"article\" \/>\n<meta property=\"og:title\" content=\"Subi\u00f3 3,9% la energ\u00eda en agosto y vendr\u00edan dos aumentos m\u00e1s | CVI NOTICIAS\" \/>\n<meta property=\"og:description\" content=\"El nuevo incremento ya lo aplica EMSA y las nueve cooperativas que distribuyen el servicio en la provincia. Con los otros dos tramos, la suba total llegar\u00eda a 11,7% sobre el Valor Agregado de Distribuci\u00f3n (VAD). El\u00a0Gobierno provincial autoriz\u00f3 un incremento de la tarifa el\u00e9ctrica de 3,9% que se aplica desde agosto por parte de [&hellip;]\" \/>\n<meta property=\"og:url\" content=\"https:\/\/cvinoticias.com\/v3\/subio-39-la-energia-en-agosto-y-vendrian-dos-aumentos-mas\/\" \/>\n<meta property=\"og:site_name\" content=\"CVI NOTICIAS\" \/>\n<meta property=\"article:publisher\" content=\"https:\/\/www.facebook.com\/cvinoticias\" \/>\n<meta property=\"article:published_time\" content=\"2021-08-22T12:13:00+00:00\" \/>\n<meta property=\"og:image\" content=\"https:\/\/cvinoticias.com\/wp-content\/uploads\/2021\/08\/images-6-2.jpeg\" \/>\n\t<meta property=\"og:image:width\" content=\"275\" \/>\n\t<meta property=\"og:image:height\" content=\"183\" \/>\n\t<meta property=\"og:image:type\" content=\"image\/jpeg\" \/>\n<meta name=\"author\" content=\"f1000024\" \/>\n<meta name=\"twitter:card\" content=\"summary_large_image\" \/>\n<meta name=\"twitter:label1\" content=\"Escrito por\" \/>\n\t<meta name=\"twitter:data1\" content=\"f1000024\" \/>\n\t<meta name=\"twitter:label2\" content=\"Tiempo de lectura\" \/>\n\t<meta name=\"twitter:data2\" content=\"4 minutos\" \/>\n<script type=\"application\/ld+json\" class=\"yoast-schema-graph\">{\"@context\":\"https:\\\/\\\/schema.org\",\"@graph\":[{\"@type\":\"Article\",\"@id\":\"https:\\\/\\\/cvinoticias.com\\\/v3\\\/subio-39-la-energia-en-agosto-y-vendrian-dos-aumentos-mas\\\/#article\",\"isPartOf\":{\"@id\":\"https:\\\/\\\/cvinoticias.com\\\/v3\\\/subio-39-la-energia-en-agosto-y-vendrian-dos-aumentos-mas\\\/\"},\"author\":{\"name\":\"f1000024\",\"@id\":\"https:\\\/\\\/cvinoticias.com\\\/v3\\\/#\\\/schema\\\/person\\\/2db77e3c6bc03c538495d7b2b8be9b66\"},\"headline\":\"Subi\u00f3 3,9% la energ\u00eda en agosto y vendr\u00edan dos aumentos m\u00e1s\",\"datePublished\":\"2021-08-22T12:13:00+00:00\",\"mainEntityOfPage\":{\"@id\":\"https:\\\/\\\/cvinoticias.com\\\/v3\\\/subio-39-la-energia-en-agosto-y-vendrian-dos-aumentos-mas\\\/\"},\"wordCount\":736,\"commentCount\":0,\"publisher\":{\"@id\":\"https:\\\/\\\/cvinoticias.com\\\/v3\\\/#organization\"},\"image\":{\"@id\":\"https:\\\/\\\/cvinoticias.com\\\/v3\\\/subio-39-la-energia-en-agosto-y-vendrian-dos-aumentos-mas\\\/#primaryimage\"},\"thumbnailUrl\":\"https:\\\/\\\/cvinoticias.com\\\/wp-content\\\/uploads\\\/2021\\\/08\\\/images-6-2.jpeg\",\"articleSection\":[\"Energ\u00eda\"],\"inLanguage\":\"es\",\"potentialAction\":[{\"@type\":\"CommentAction\",\"name\":\"Comment\",\"target\":[\"https:\\\/\\\/cvinoticias.com\\\/v3\\\/subio-39-la-energia-en-agosto-y-vendrian-dos-aumentos-mas\\\/#respond\"]}]},{\"@type\":\"WebPage\",\"@id\":\"https:\\\/\\\/cvinoticias.com\\\/v3\\\/subio-39-la-energia-en-agosto-y-vendrian-dos-aumentos-mas\\\/\",\"url\":\"https:\\\/\\\/cvinoticias.com\\\/v3\\\/subio-39-la-energia-en-agosto-y-vendrian-dos-aumentos-mas\\\/\",\"name\":\"Subi\u00f3 3,9% la energ\u00eda en agosto y vendr\u00edan dos aumentos m\u00e1s | CVI NOTICIAS\",\"isPartOf\":{\"@id\":\"https:\\\/\\\/cvinoticias.com\\\/v3\\\/#website\"},\"primaryImageOfPage\":{\"@id\":\"https:\\\/\\\/cvinoticias.com\\\/v3\\\/subio-39-la-energia-en-agosto-y-vendrian-dos-aumentos-mas\\\/#primaryimage\"},\"image\":{\"@id\":\"https:\\\/\\\/cvinoticias.com\\\/v3\\\/subio-39-la-energia-en-agosto-y-vendrian-dos-aumentos-mas\\\/#primaryimage\"},\"thumbnailUrl\":\"https:\\\/\\\/cvinoticias.com\\\/wp-content\\\/uploads\\\/2021\\\/08\\\/images-6-2.jpeg\",\"datePublished\":\"2021-08-22T12:13:00+00:00\",\"breadcrumb\":{\"@id\":\"https:\\\/\\\/cvinoticias.com\\\/v3\\\/subio-39-la-energia-en-agosto-y-vendrian-dos-aumentos-mas\\\/#breadcrumb\"},\"inLanguage\":\"es\",\"potentialAction\":[{\"@type\":\"ReadAction\",\"target\":[\"https:\\\/\\\/cvinoticias.com\\\/v3\\\/subio-39-la-energia-en-agosto-y-vendrian-dos-aumentos-mas\\\/\"]}]},{\"@type\":\"ImageObject\",\"inLanguage\":\"es\",\"@id\":\"https:\\\/\\\/cvinoticias.com\\\/v3\\\/subio-39-la-energia-en-agosto-y-vendrian-dos-aumentos-mas\\\/#primaryimage\",\"url\":\"https:\\\/\\\/cvinoticias.com\\\/wp-content\\\/uploads\\\/2021\\\/08\\\/images-6-2.jpeg\",\"contentUrl\":\"https:\\\/\\\/cvinoticias.com\\\/wp-content\\\/uploads\\\/2021\\\/08\\\/images-6-2.jpeg\",\"width\":275,\"height\":183},{\"@type\":\"BreadcrumbList\",\"@id\":\"https:\\\/\\\/cvinoticias.com\\\/v3\\\/subio-39-la-energia-en-agosto-y-vendrian-dos-aumentos-mas\\\/#breadcrumb\",\"itemListElement\":[{\"@type\":\"ListItem\",\"position\":1,\"name\":\"Portada\",\"item\":\"https:\\\/\\\/cvinoticias.com\\\/v3\\\/\"},{\"@type\":\"ListItem\",\"position\":2,\"name\":\"Subi\u00f3 3,9% la energ\u00eda en agosto y vendr\u00edan dos aumentos m\u00e1s\"}]},{\"@type\":\"WebSite\",\"@id\":\"https:\\\/\\\/cvinoticias.com\\\/v3\\\/#website\",\"url\":\"https:\\\/\\\/cvinoticias.com\\\/v3\\\/\",\"name\":\"CVI NOTICIAS\",\"description\":\"\",\"publisher\":{\"@id\":\"https:\\\/\\\/cvinoticias.com\\\/v3\\\/#organization\"},\"alternateName\":\"CVI\",\"potentialAction\":[{\"@type\":\"SearchAction\",\"target\":{\"@type\":\"EntryPoint\",\"urlTemplate\":\"https:\\\/\\\/cvinoticias.com\\\/v3\\\/?s={search_term_string}\"},\"query-input\":{\"@type\":\"PropertyValueSpecification\",\"valueRequired\":true,\"valueName\":\"search_term_string\"}}],\"inLanguage\":\"es\"},{\"@type\":\"Organization\",\"@id\":\"https:\\\/\\\/cvinoticias.com\\\/v3\\\/#organization\",\"name\":\"CVI NOTICIAS\",\"url\":\"https:\\\/\\\/cvinoticias.com\\\/v3\\\/\",\"logo\":{\"@type\":\"ImageObject\",\"inLanguage\":\"es\",\"@id\":\"https:\\\/\\\/cvinoticias.com\\\/v3\\\/#\\\/schema\\\/logo\\\/image\\\/\",\"url\":\"https:\\\/\\\/cvinoticias.com\\\/wp-content\\\/uploads\\\/2023\\\/04\\\/cropped-cropped-cropped-cropped-cropped-3-1.png\",\"contentUrl\":\"https:\\\/\\\/cvinoticias.com\\\/wp-content\\\/uploads\\\/2023\\\/04\\\/cropped-cropped-cropped-cropped-cropped-3-1.png\",\"width\":95,\"height\":122,\"caption\":\"CVI NOTICIAS\"},\"image\":{\"@id\":\"https:\\\/\\\/cvinoticias.com\\\/v3\\\/#\\\/schema\\\/logo\\\/image\\\/\"},\"sameAs\":[\"https:\\\/\\\/www.facebook.com\\\/cvinoticias\",\"https:\\\/\\\/www.instagram.com\\\/cvinoticias\\\/\",\"https:\\\/\\\/www.youtube.com\\\/@CVINOTICIAS\"]},{\"@type\":\"Person\",\"@id\":\"https:\\\/\\\/cvinoticias.com\\\/v3\\\/#\\\/schema\\\/person\\\/2db77e3c6bc03c538495d7b2b8be9b66\",\"name\":\"f1000024\",\"image\":{\"@type\":\"ImageObject\",\"inLanguage\":\"es\",\"@id\":\"https:\\\/\\\/secure.gravatar.com\\\/avatar\\\/d4fe7459cfc51ff5129ce1a732bbef5928568b8092d412ef95611616376bbeed?s=96&d=mm&r=g\",\"url\":\"https:\\\/\\\/secure.gravatar.com\\\/avatar\\\/d4fe7459cfc51ff5129ce1a732bbef5928568b8092d412ef95611616376bbeed?s=96&d=mm&r=g\",\"contentUrl\":\"https:\\\/\\\/secure.gravatar.com\\\/avatar\\\/d4fe7459cfc51ff5129ce1a732bbef5928568b8092d412ef95611616376bbeed?s=96&d=mm&r=g\",\"caption\":\"f1000024\"},\"url\":\"https:\\\/\\\/cvinoticias.com\\\/v3\\\/author\\\/f1000024\\\/\"}]}<\/script>\n<!-- \/ Yoast SEO plugin. -->","yoast_head_json":{"title":"Subi\u00f3 3,9% la energ\u00eda en agosto y vendr\u00edan dos aumentos m\u00e1s | CVI NOTICIAS","robots":{"index":"index","follow":"follow","max-snippet":"max-snippet:-1","max-image-preview":"max-image-preview:large","max-video-preview":"max-video-preview:-1"},"canonical":"https:\/\/cvinoticias.com\/v3\/subio-39-la-energia-en-agosto-y-vendrian-dos-aumentos-mas\/","og_locale":"es_ES","og_type":"article","og_title":"Subi\u00f3 3,9% la energ\u00eda en agosto y vendr\u00edan dos aumentos m\u00e1s | CVI NOTICIAS","og_description":"El nuevo incremento ya lo aplica EMSA y las nueve cooperativas que distribuyen el servicio en la provincia. Con los otros dos tramos, la suba total llegar\u00eda a 11,7% sobre el Valor Agregado de Distribuci\u00f3n (VAD). El\u00a0Gobierno provincial autoriz\u00f3 un incremento de la tarifa el\u00e9ctrica de 3,9% que se aplica desde agosto por parte de [&hellip;]","og_url":"https:\/\/cvinoticias.com\/v3\/subio-39-la-energia-en-agosto-y-vendrian-dos-aumentos-mas\/","og_site_name":"CVI NOTICIAS","article_publisher":"https:\/\/www.facebook.com\/cvinoticias","article_published_time":"2021-08-22T12:13:00+00:00","og_image":[{"width":275,"height":183,"url":"https:\/\/cvinoticias.com\/wp-content\/uploads\/2021\/08\/images-6-2.jpeg","type":"image\/jpeg"}],"author":"f1000024","twitter_card":"summary_large_image","twitter_misc":{"Escrito por":"f1000024","Tiempo de lectura":"4 minutos"},"schema":{"@context":"https:\/\/schema.org","@graph":[{"@type":"Article","@id":"https:\/\/cvinoticias.com\/v3\/subio-39-la-energia-en-agosto-y-vendrian-dos-aumentos-mas\/#article","isPartOf":{"@id":"https:\/\/cvinoticias.com\/v3\/subio-39-la-energia-en-agosto-y-vendrian-dos-aumentos-mas\/"},"author":{"name":"f1000024","@id":"https:\/\/cvinoticias.com\/v3\/#\/schema\/person\/2db77e3c6bc03c538495d7b2b8be9b66"},"headline":"Subi\u00f3 3,9% la energ\u00eda en agosto y vendr\u00edan dos aumentos m\u00e1s","datePublished":"2021-08-22T12:13:00+00:00","mainEntityOfPage":{"@id":"https:\/\/cvinoticias.com\/v3\/subio-39-la-energia-en-agosto-y-vendrian-dos-aumentos-mas\/"},"wordCount":736,"commentCount":0,"publisher":{"@id":"https:\/\/cvinoticias.com\/v3\/#organization"},"image":{"@id":"https:\/\/cvinoticias.com\/v3\/subio-39-la-energia-en-agosto-y-vendrian-dos-aumentos-mas\/#primaryimage"},"thumbnailUrl":"https:\/\/cvinoticias.com\/wp-content\/uploads\/2021\/08\/images-6-2.jpeg","articleSection":["Energ\u00eda"],"inLanguage":"es","potentialAction":[{"@type":"CommentAction","name":"Comment","target":["https:\/\/cvinoticias.com\/v3\/subio-39-la-energia-en-agosto-y-vendrian-dos-aumentos-mas\/#respond"]}]},{"@type":"WebPage","@id":"https:\/\/cvinoticias.com\/v3\/subio-39-la-energia-en-agosto-y-vendrian-dos-aumentos-mas\/","url":"https:\/\/cvinoticias.com\/v3\/subio-39-la-energia-en-agosto-y-vendrian-dos-aumentos-mas\/","name":"Subi\u00f3 3,9% la energ\u00eda en agosto y vendr\u00edan dos aumentos m\u00e1s | CVI NOTICIAS","isPartOf":{"@id":"https:\/\/cvinoticias.com\/v3\/#website"},"primaryImageOfPage":{"@id":"https:\/\/cvinoticias.com\/v3\/subio-39-la-energia-en-agosto-y-vendrian-dos-aumentos-mas\/#primaryimage"},"image":{"@id":"https:\/\/cvinoticias.com\/v3\/subio-39-la-energia-en-agosto-y-vendrian-dos-aumentos-mas\/#primaryimage"},"thumbnailUrl":"https:\/\/cvinoticias.com\/wp-content\/uploads\/2021\/08\/images-6-2.jpeg","datePublished":"2021-08-22T12:13:00+00:00","breadcrumb":{"@id":"https:\/\/cvinoticias.com\/v3\/subio-39-la-energia-en-agosto-y-vendrian-dos-aumentos-mas\/#breadcrumb"},"inLanguage":"es","potentialAction":[{"@type":"ReadAction","target":["https:\/\/cvinoticias.com\/v3\/subio-39-la-energia-en-agosto-y-vendrian-dos-aumentos-mas\/"]}]},{"@type":"ImageObject","inLanguage":"es","@id":"https:\/\/cvinoticias.com\/v3\/subio-39-la-energia-en-agosto-y-vendrian-dos-aumentos-mas\/#primaryimage","url":"https:\/\/cvinoticias.com\/wp-content\/uploads\/2021\/08\/images-6-2.jpeg","contentUrl":"https:\/\/cvinoticias.com\/wp-content\/uploads\/2021\/08\/images-6-2.jpeg","width":275,"height":183},{"@type":"BreadcrumbList","@id":"https:\/\/cvinoticias.com\/v3\/subio-39-la-energia-en-agosto-y-vendrian-dos-aumentos-mas\/#breadcrumb","itemListElement":[{"@type":"ListItem","position":1,"name":"Portada","item":"https:\/\/cvinoticias.com\/v3\/"},{"@type":"ListItem","position":2,"name":"Subi\u00f3 3,9% la energ\u00eda en agosto y vendr\u00edan dos aumentos m\u00e1s"}]},{"@type":"WebSite","@id":"https:\/\/cvinoticias.com\/v3\/#website","url":"https:\/\/cvinoticias.com\/v3\/","name":"CVI NOTICIAS","description":"","publisher":{"@id":"https:\/\/cvinoticias.com\/v3\/#organization"},"alternateName":"CVI","potentialAction":[{"@type":"SearchAction","target":{"@type":"EntryPoint","urlTemplate":"https:\/\/cvinoticias.com\/v3\/?s={search_term_string}"},"query-input":{"@type":"PropertyValueSpecification","valueRequired":true,"valueName":"search_term_string"}}],"inLanguage":"es"},{"@type":"Organization","@id":"https:\/\/cvinoticias.com\/v3\/#organization","name":"CVI NOTICIAS","url":"https:\/\/cvinoticias.com\/v3\/","logo":{"@type":"ImageObject","inLanguage":"es","@id":"https:\/\/cvinoticias.com\/v3\/#\/schema\/logo\/image\/","url":"https:\/\/cvinoticias.com\/wp-content\/uploads\/2023\/04\/cropped-cropped-cropped-cropped-cropped-3-1.png","contentUrl":"https:\/\/cvinoticias.com\/wp-content\/uploads\/2023\/04\/cropped-cropped-cropped-cropped-cropped-3-1.png","width":95,"height":122,"caption":"CVI NOTICIAS"},"image":{"@id":"https:\/\/cvinoticias.com\/v3\/#\/schema\/logo\/image\/"},"sameAs":["https:\/\/www.facebook.com\/cvinoticias","https:\/\/www.instagram.com\/cvinoticias\/","https:\/\/www.youtube.com\/@CVINOTICIAS"]},{"@type":"Person","@id":"https:\/\/cvinoticias.com\/v3\/#\/schema\/person\/2db77e3c6bc03c538495d7b2b8be9b66","name":"f1000024","image":{"@type":"ImageObject","inLanguage":"es","@id":"https:\/\/secure.gravatar.com\/avatar\/d4fe7459cfc51ff5129ce1a732bbef5928568b8092d412ef95611616376bbeed?s=96&d=mm&r=g","url":"https:\/\/secure.gravatar.com\/avatar\/d4fe7459cfc51ff5129ce1a732bbef5928568b8092d412ef95611616376bbeed?s=96&d=mm&r=g","contentUrl":"https:\/\/secure.gravatar.com\/avatar\/d4fe7459cfc51ff5129ce1a732bbef5928568b8092d412ef95611616376bbeed?s=96&d=mm&r=g","caption":"f1000024"},"url":"https:\/\/cvinoticias.com\/v3\/author\/f1000024\/"}]}},"_links":{"self":[{"href":"https:\/\/cvinoticias.com\/v3\/wp-json\/wp\/v2\/posts\/7829","targetHints":{"allow":["GET"]}}],"collection":[{"href":"https:\/\/cvinoticias.com\/v3\/wp-json\/wp\/v2\/posts"}],"about":[{"href":"https:\/\/cvinoticias.com\/v3\/wp-json\/wp\/v2\/types\/post"}],"author":[{"embeddable":true,"href":"https:\/\/cvinoticias.com\/v3\/wp-json\/wp\/v2\/users\/2"}],"replies":[{"embeddable":true,"href":"https:\/\/cvinoticias.com\/v3\/wp-json\/wp\/v2\/comments?post=7829"}],"version-history":[{"count":1,"href":"https:\/\/cvinoticias.com\/v3\/wp-json\/wp\/v2\/posts\/7829\/revisions"}],"predecessor-version":[{"id":7831,"href":"https:\/\/cvinoticias.com\/v3\/wp-json\/wp\/v2\/posts\/7829\/revisions\/7831"}],"wp:featuredmedia":[{"embeddable":true,"href":"https:\/\/cvinoticias.com\/v3\/wp-json\/wp\/v2\/media\/7830"}],"wp:attachment":[{"href":"https:\/\/cvinoticias.com\/v3\/wp-json\/wp\/v2\/media?parent=7829"}],"wp:term":[{"taxonomy":"category","embeddable":true,"href":"https:\/\/cvinoticias.com\/v3\/wp-json\/wp\/v2\/categories?post=7829"},{"taxonomy":"post_tag","embeddable":true,"href":"https:\/\/cvinoticias.com\/v3\/wp-json\/wp\/v2\/tags?post=7829"}],"curies":[{"name":"wp","href":"https:\/\/api.w.org\/{rel}","templated":true}]}}