{"id":7821,"date":"2021-08-21T21:23:07","date_gmt":"2021-08-21T21:23:07","guid":{"rendered":"https:\/\/cvinoticias.com\/v3\/?p=7821"},"modified":"2021-08-21T21:23:07","modified_gmt":"2021-08-21T21:23:07","slug":"puerto-iguazu-hallaron-el-cuerpo-del-joven-de-20-anos-que-estaba-desaparecido-en-las-aguas-del-rio-iguazu","status":"publish","type":"post","link":"https:\/\/cvinoticias.com\/v3\/puerto-iguazu-hallaron-el-cuerpo-del-joven-de-20-anos-que-estaba-desaparecido-en-las-aguas-del-rio-iguazu\/","title":{"rendered":"Puerto Iguaz\u00fa: Hallaron el cuerpo del joven de 20 a\u00f1os que estaba desaparecido en las aguas del R\u00edo Iguaz\u00fa"},"content":{"rendered":"\n<p><strong><em>Se trata de Fernando Daniel Teles, quien se hab\u00eda retirado de su domicilio ubicado en el barrio Nuevo Iguaz\u00fa en la ma\u00f1ana del mi\u00e9rcoles, seg\u00fan la denuncia de su madre de 48 a\u00f1os en la Comisar\u00eda Seccional Primera.<\/em><\/strong><\/p>\n\n\n\n<p>Efectivos de la Unidad Regional V, establecieron que el joven cruz\u00f3 junto a otras personas a Brasil por medio de un camino clandestino y all\u00ed fueron sorprendidos por las fuerzas militares de ese pa\u00eds. Ante esas circunstancias, Fernando en su huida se arroj\u00f3 al R\u00edo Iguaz\u00fa con intenciones de regresar nadando nuevamente hacia Puerto Iguaz\u00fa y desapareci\u00f3 de la superficie.<\/p>\n\n\n\n<p>Esta tarde, los buzos de la Prefectura Naval, encontraron el cuerpo sin vida de Fernando, aproximadamente a unos 2 km de distancia del Puente Internacional Tancredo Neves.<\/p>\n\n\n\n<p>Interviene el Juzgado de Instrucci\u00f3n N\u00ba 3 de Puerto Iguaz\u00fa.<\/p>\n","protected":false},"excerpt":{"rendered":"<p>Se trata de Fernando Daniel Teles, quien se hab\u00eda retirado de su domicilio ubicado en el barrio Nuevo Iguaz\u00fa en la ma\u00f1ana del mi\u00e9rcoles, seg\u00fan la denuncia de su madre de 48 a\u00f1os en la Comisar\u00eda Seccional Primera. Efectivos de la Unidad Regional V, establecieron que el joven cruz\u00f3 junto a otras personas a Brasil [&hellip;]<\/p>\n","protected":false},"author":2,"featured_media":7822,"comment_status":"open","ping_status":"open","sticky":false,"template":"","format":"standard","meta":{"footnotes":""},"categories":[41],"tags":[],"class_list":["post-7821","post","type-post","status-publish","format-standard","has-post-thumbnail","hentry","category-policiales"],"yoast_head":"<!-- This site is optimized with the Yoast SEO plugin v27.5 - https:\/\/yoast.com\/product\/yoast-seo-wordpress\/ -->\n<title>Puerto Iguaz\u00fa: Hallaron el cuerpo del joven de 20 a\u00f1os que estaba desaparecido en las aguas del R\u00edo Iguaz\u00fa | CVI NOTICIAS<\/title>\n<meta name=\"robots\" content=\"index, follow, max-snippet:-1, max-image-preview:large, max-video-preview:-1\" \/>\n<link rel=\"canonical\" href=\"https:\/\/cvinoticias.com\/v3\/puerto-iguazu-hallaron-el-cuerpo-del-joven-de-20-anos-que-estaba-desaparecido-en-las-aguas-del-rio-iguazu\/\" \/>\n<meta property=\"og:locale\" content=\"es_ES\" \/>\n<meta property=\"og:type\" content=\"article\" \/>\n<meta property=\"og:title\" content=\"Puerto Iguaz\u00fa: Hallaron el cuerpo del joven de 20 a\u00f1os que estaba desaparecido en las aguas del R\u00edo Iguaz\u00fa | CVI NOTICIAS\" \/>\n<meta property=\"og:description\" content=\"Se trata de Fernando Daniel Teles, quien se hab\u00eda retirado de su domicilio ubicado en el barrio Nuevo Iguaz\u00fa en la ma\u00f1ana del mi\u00e9rcoles, seg\u00fan la denuncia de su madre de 48 a\u00f1os en la Comisar\u00eda Seccional Primera. Efectivos de la Unidad Regional V, establecieron que el joven cruz\u00f3 junto a otras personas a Brasil [&hellip;]\" \/>\n<meta property=\"og:url\" content=\"https:\/\/cvinoticias.com\/v3\/puerto-iguazu-hallaron-el-cuerpo-del-joven-de-20-anos-que-estaba-desaparecido-en-las-aguas-del-rio-iguazu\/\" \/>\n<meta property=\"og:site_name\" content=\"CVI NOTICIAS\" \/>\n<meta property=\"article:publisher\" content=\"https:\/\/www.facebook.com\/cvinoticias\" \/>\n<meta property=\"article:published_time\" content=\"2021-08-21T21:23:07+00:00\" \/>\n<meta property=\"og:image\" content=\"https:\/\/cvinoticias.com\/wp-content\/uploads\/2021\/08\/IMG-20210821-WA0091.jpg\" \/>\n\t<meta property=\"og:image:width\" content=\"1040\" \/>\n\t<meta property=\"og:image:height\" content=\"780\" \/>\n\t<meta property=\"og:image:type\" content=\"image\/jpeg\" \/>\n<meta name=\"author\" content=\"f1000024\" \/>\n<meta name=\"twitter:card\" content=\"summary_large_image\" \/>\n<meta name=\"twitter:label1\" content=\"Escrito por\" \/>\n\t<meta name=\"twitter:data1\" content=\"f1000024\" \/>\n\t<meta name=\"twitter:label2\" content=\"Tiempo de lectura\" \/>\n\t<meta name=\"twitter:data2\" content=\"1 minuto\" \/>\n<script type=\"application\/ld+json\" class=\"yoast-schema-graph\">{\"@context\":\"https:\\\/\\\/schema.org\",\"@graph\":[{\"@type\":\"Article\",\"@id\":\"https:\\\/\\\/cvinoticias.com\\\/v3\\\/puerto-iguazu-hallaron-el-cuerpo-del-joven-de-20-anos-que-estaba-desaparecido-en-las-aguas-del-rio-iguazu\\\/#article\",\"isPartOf\":{\"@id\":\"https:\\\/\\\/cvinoticias.com\\\/v3\\\/puerto-iguazu-hallaron-el-cuerpo-del-joven-de-20-anos-que-estaba-desaparecido-en-las-aguas-del-rio-iguazu\\\/\"},\"author\":{\"name\":\"f1000024\",\"@id\":\"https:\\\/\\\/cvinoticias.com\\\/v3\\\/#\\\/schema\\\/person\\\/2db77e3c6bc03c538495d7b2b8be9b66\"},\"headline\":\"Puerto Iguaz\u00fa: Hallaron el cuerpo del joven de 20 a\u00f1os que estaba desaparecido en las aguas del R\u00edo Iguaz\u00fa\",\"datePublished\":\"2021-08-21T21:23:07+00:00\",\"mainEntityOfPage\":{\"@id\":\"https:\\\/\\\/cvinoticias.com\\\/v3\\\/puerto-iguazu-hallaron-el-cuerpo-del-joven-de-20-anos-que-estaba-desaparecido-en-las-aguas-del-rio-iguazu\\\/\"},\"wordCount\":161,\"commentCount\":0,\"publisher\":{\"@id\":\"https:\\\/\\\/cvinoticias.com\\\/v3\\\/#organization\"},\"image\":{\"@id\":\"https:\\\/\\\/cvinoticias.com\\\/v3\\\/puerto-iguazu-hallaron-el-cuerpo-del-joven-de-20-anos-que-estaba-desaparecido-en-las-aguas-del-rio-iguazu\\\/#primaryimage\"},\"thumbnailUrl\":\"https:\\\/\\\/cvinoticias.com\\\/wp-content\\\/uploads\\\/2021\\\/08\\\/IMG-20210821-WA0091.jpg\",\"articleSection\":[\"Policiales\"],\"inLanguage\":\"es\",\"potentialAction\":[{\"@type\":\"CommentAction\",\"name\":\"Comment\",\"target\":[\"https:\\\/\\\/cvinoticias.com\\\/v3\\\/puerto-iguazu-hallaron-el-cuerpo-del-joven-de-20-anos-que-estaba-desaparecido-en-las-aguas-del-rio-iguazu\\\/#respond\"]}]},{\"@type\":\"WebPage\",\"@id\":\"https:\\\/\\\/cvinoticias.com\\\/v3\\\/puerto-iguazu-hallaron-el-cuerpo-del-joven-de-20-anos-que-estaba-desaparecido-en-las-aguas-del-rio-iguazu\\\/\",\"url\":\"https:\\\/\\\/cvinoticias.com\\\/v3\\\/puerto-iguazu-hallaron-el-cuerpo-del-joven-de-20-anos-que-estaba-desaparecido-en-las-aguas-del-rio-iguazu\\\/\",\"name\":\"Puerto Iguaz\u00fa: Hallaron el cuerpo del joven de 20 a\u00f1os que estaba desaparecido en las aguas del R\u00edo Iguaz\u00fa | CVI NOTICIAS\",\"isPartOf\":{\"@id\":\"https:\\\/\\\/cvinoticias.com\\\/v3\\\/#website\"},\"primaryImageOfPage\":{\"@id\":\"https:\\\/\\\/cvinoticias.com\\\/v3\\\/puerto-iguazu-hallaron-el-cuerpo-del-joven-de-20-anos-que-estaba-desaparecido-en-las-aguas-del-rio-iguazu\\\/#primaryimage\"},\"image\":{\"@id\":\"https:\\\/\\\/cvinoticias.com\\\/v3\\\/puerto-iguazu-hallaron-el-cuerpo-del-joven-de-20-anos-que-estaba-desaparecido-en-las-aguas-del-rio-iguazu\\\/#primaryimage\"},\"thumbnailUrl\":\"https:\\\/\\\/cvinoticias.com\\\/wp-content\\\/uploads\\\/2021\\\/08\\\/IMG-20210821-WA0091.jpg\",\"datePublished\":\"2021-08-21T21:23:07+00:00\",\"breadcrumb\":{\"@id\":\"https:\\\/\\\/cvinoticias.com\\\/v3\\\/puerto-iguazu-hallaron-el-cuerpo-del-joven-de-20-anos-que-estaba-desaparecido-en-las-aguas-del-rio-iguazu\\\/#breadcrumb\"},\"inLanguage\":\"es\",\"potentialAction\":[{\"@type\":\"ReadAction\",\"target\":[\"https:\\\/\\\/cvinoticias.com\\\/v3\\\/puerto-iguazu-hallaron-el-cuerpo-del-joven-de-20-anos-que-estaba-desaparecido-en-las-aguas-del-rio-iguazu\\\/\"]}]},{\"@type\":\"ImageObject\",\"inLanguage\":\"es\",\"@id\":\"https:\\\/\\\/cvinoticias.com\\\/v3\\\/puerto-iguazu-hallaron-el-cuerpo-del-joven-de-20-anos-que-estaba-desaparecido-en-las-aguas-del-rio-iguazu\\\/#primaryimage\",\"url\":\"https:\\\/\\\/cvinoticias.com\\\/wp-content\\\/uploads\\\/2021\\\/08\\\/IMG-20210821-WA0091.jpg\",\"contentUrl\":\"https:\\\/\\\/cvinoticias.com\\\/wp-content\\\/uploads\\\/2021\\\/08\\\/IMG-20210821-WA0091.jpg\",\"width\":1040,\"height\":780},{\"@type\":\"BreadcrumbList\",\"@id\":\"https:\\\/\\\/cvinoticias.com\\\/v3\\\/puerto-iguazu-hallaron-el-cuerpo-del-joven-de-20-anos-que-estaba-desaparecido-en-las-aguas-del-rio-iguazu\\\/#breadcrumb\",\"itemListElement\":[{\"@type\":\"ListItem\",\"position\":1,\"name\":\"Portada\",\"item\":\"https:\\\/\\\/cvinoticias.com\\\/v3\\\/\"},{\"@type\":\"ListItem\",\"position\":2,\"name\":\"Puerto Iguaz\u00fa: Hallaron el cuerpo del joven de 20 a\u00f1os que estaba desaparecido en las aguas del R\u00edo Iguaz\u00fa\"}]},{\"@type\":\"WebSite\",\"@id\":\"https:\\\/\\\/cvinoticias.com\\\/v3\\\/#website\",\"url\":\"https:\\\/\\\/cvinoticias.com\\\/v3\\\/\",\"name\":\"CVI NOTICIAS\",\"description\":\"\",\"publisher\":{\"@id\":\"https:\\\/\\\/cvinoticias.com\\\/v3\\\/#organization\"},\"alternateName\":\"CVI\",\"potentialAction\":[{\"@type\":\"SearchAction\",\"target\":{\"@type\":\"EntryPoint\",\"urlTemplate\":\"https:\\\/\\\/cvinoticias.com\\\/v3\\\/?s={search_term_string}\"},\"query-input\":{\"@type\":\"PropertyValueSpecification\",\"valueRequired\":true,\"valueName\":\"search_term_string\"}}],\"inLanguage\":\"es\"},{\"@type\":\"Organization\",\"@id\":\"https:\\\/\\\/cvinoticias.com\\\/v3\\\/#organization\",\"name\":\"CVI NOTICIAS\",\"url\":\"https:\\\/\\\/cvinoticias.com\\\/v3\\\/\",\"logo\":{\"@type\":\"ImageObject\",\"inLanguage\":\"es\",\"@id\":\"https:\\\/\\\/cvinoticias.com\\\/v3\\\/#\\\/schema\\\/logo\\\/image\\\/\",\"url\":\"https:\\\/\\\/cvinoticias.com\\\/wp-content\\\/uploads\\\/2023\\\/04\\\/cropped-cropped-cropped-cropped-cropped-3-1.png\",\"contentUrl\":\"https:\\\/\\\/cvinoticias.com\\\/wp-content\\\/uploads\\\/2023\\\/04\\\/cropped-cropped-cropped-cropped-cropped-3-1.png\",\"width\":95,\"height\":122,\"caption\":\"CVI NOTICIAS\"},\"image\":{\"@id\":\"https:\\\/\\\/cvinoticias.com\\\/v3\\\/#\\\/schema\\\/logo\\\/image\\\/\"},\"sameAs\":[\"https:\\\/\\\/www.facebook.com\\\/cvinoticias\",\"https:\\\/\\\/www.instagram.com\\\/cvinoticias\\\/\",\"https:\\\/\\\/www.youtube.com\\\/@CVINOTICIAS\"]},{\"@type\":\"Person\",\"@id\":\"https:\\\/\\\/cvinoticias.com\\\/v3\\\/#\\\/schema\\\/person\\\/2db77e3c6bc03c538495d7b2b8be9b66\",\"name\":\"f1000024\",\"image\":{\"@type\":\"ImageObject\",\"inLanguage\":\"es\",\"@id\":\"https:\\\/\\\/secure.gravatar.com\\\/avatar\\\/d4fe7459cfc51ff5129ce1a732bbef5928568b8092d412ef95611616376bbeed?s=96&d=mm&r=g\",\"url\":\"https:\\\/\\\/secure.gravatar.com\\\/avatar\\\/d4fe7459cfc51ff5129ce1a732bbef5928568b8092d412ef95611616376bbeed?s=96&d=mm&r=g\",\"contentUrl\":\"https:\\\/\\\/secure.gravatar.com\\\/avatar\\\/d4fe7459cfc51ff5129ce1a732bbef5928568b8092d412ef95611616376bbeed?s=96&d=mm&r=g\",\"caption\":\"f1000024\"},\"url\":\"https:\\\/\\\/cvinoticias.com\\\/v3\\\/author\\\/f1000024\\\/\"}]}<\/script>\n<!-- \/ Yoast SEO plugin. -->","yoast_head_json":{"title":"Puerto Iguaz\u00fa: Hallaron el cuerpo del joven de 20 a\u00f1os que estaba desaparecido en las aguas del R\u00edo Iguaz\u00fa | CVI NOTICIAS","robots":{"index":"index","follow":"follow","max-snippet":"max-snippet:-1","max-image-preview":"max-image-preview:large","max-video-preview":"max-video-preview:-1"},"canonical":"https:\/\/cvinoticias.com\/v3\/puerto-iguazu-hallaron-el-cuerpo-del-joven-de-20-anos-que-estaba-desaparecido-en-las-aguas-del-rio-iguazu\/","og_locale":"es_ES","og_type":"article","og_title":"Puerto Iguaz\u00fa: Hallaron el cuerpo del joven de 20 a\u00f1os que estaba desaparecido en las aguas del R\u00edo Iguaz\u00fa | CVI NOTICIAS","og_description":"Se trata de Fernando Daniel Teles, quien se hab\u00eda retirado de su domicilio ubicado en el barrio Nuevo Iguaz\u00fa en la ma\u00f1ana del mi\u00e9rcoles, seg\u00fan la denuncia de su madre de 48 a\u00f1os en la Comisar\u00eda Seccional Primera. Efectivos de la Unidad Regional V, establecieron que el joven cruz\u00f3 junto a otras personas a Brasil [&hellip;]","og_url":"https:\/\/cvinoticias.com\/v3\/puerto-iguazu-hallaron-el-cuerpo-del-joven-de-20-anos-que-estaba-desaparecido-en-las-aguas-del-rio-iguazu\/","og_site_name":"CVI NOTICIAS","article_publisher":"https:\/\/www.facebook.com\/cvinoticias","article_published_time":"2021-08-21T21:23:07+00:00","og_image":[{"width":1040,"height":780,"url":"https:\/\/cvinoticias.com\/wp-content\/uploads\/2021\/08\/IMG-20210821-WA0091.jpg","type":"image\/jpeg"}],"author":"f1000024","twitter_card":"summary_large_image","twitter_misc":{"Escrito por":"f1000024","Tiempo de lectura":"1 minuto"},"schema":{"@context":"https:\/\/schema.org","@graph":[{"@type":"Article","@id":"https:\/\/cvinoticias.com\/v3\/puerto-iguazu-hallaron-el-cuerpo-del-joven-de-20-anos-que-estaba-desaparecido-en-las-aguas-del-rio-iguazu\/#article","isPartOf":{"@id":"https:\/\/cvinoticias.com\/v3\/puerto-iguazu-hallaron-el-cuerpo-del-joven-de-20-anos-que-estaba-desaparecido-en-las-aguas-del-rio-iguazu\/"},"author":{"name":"f1000024","@id":"https:\/\/cvinoticias.com\/v3\/#\/schema\/person\/2db77e3c6bc03c538495d7b2b8be9b66"},"headline":"Puerto Iguaz\u00fa: Hallaron el cuerpo del joven de 20 a\u00f1os que estaba desaparecido en las aguas del R\u00edo Iguaz\u00fa","datePublished":"2021-08-21T21:23:07+00:00","mainEntityOfPage":{"@id":"https:\/\/cvinoticias.com\/v3\/puerto-iguazu-hallaron-el-cuerpo-del-joven-de-20-anos-que-estaba-desaparecido-en-las-aguas-del-rio-iguazu\/"},"wordCount":161,"commentCount":0,"publisher":{"@id":"https:\/\/cvinoticias.com\/v3\/#organization"},"image":{"@id":"https:\/\/cvinoticias.com\/v3\/puerto-iguazu-hallaron-el-cuerpo-del-joven-de-20-anos-que-estaba-desaparecido-en-las-aguas-del-rio-iguazu\/#primaryimage"},"thumbnailUrl":"https:\/\/cvinoticias.com\/wp-content\/uploads\/2021\/08\/IMG-20210821-WA0091.jpg","articleSection":["Policiales"],"inLanguage":"es","potentialAction":[{"@type":"CommentAction","name":"Comment","target":["https:\/\/cvinoticias.com\/v3\/puerto-iguazu-hallaron-el-cuerpo-del-joven-de-20-anos-que-estaba-desaparecido-en-las-aguas-del-rio-iguazu\/#respond"]}]},{"@type":"WebPage","@id":"https:\/\/cvinoticias.com\/v3\/puerto-iguazu-hallaron-el-cuerpo-del-joven-de-20-anos-que-estaba-desaparecido-en-las-aguas-del-rio-iguazu\/","url":"https:\/\/cvinoticias.com\/v3\/puerto-iguazu-hallaron-el-cuerpo-del-joven-de-20-anos-que-estaba-desaparecido-en-las-aguas-del-rio-iguazu\/","name":"Puerto Iguaz\u00fa: Hallaron el cuerpo del joven de 20 a\u00f1os que estaba desaparecido en las aguas del R\u00edo Iguaz\u00fa | CVI NOTICIAS","isPartOf":{"@id":"https:\/\/cvinoticias.com\/v3\/#website"},"primaryImageOfPage":{"@id":"https:\/\/cvinoticias.com\/v3\/puerto-iguazu-hallaron-el-cuerpo-del-joven-de-20-anos-que-estaba-desaparecido-en-las-aguas-del-rio-iguazu\/#primaryimage"},"image":{"@id":"https:\/\/cvinoticias.com\/v3\/puerto-iguazu-hallaron-el-cuerpo-del-joven-de-20-anos-que-estaba-desaparecido-en-las-aguas-del-rio-iguazu\/#primaryimage"},"thumbnailUrl":"https:\/\/cvinoticias.com\/wp-content\/uploads\/2021\/08\/IMG-20210821-WA0091.jpg","datePublished":"2021-08-21T21:23:07+00:00","breadcrumb":{"@id":"https:\/\/cvinoticias.com\/v3\/puerto-iguazu-hallaron-el-cuerpo-del-joven-de-20-anos-que-estaba-desaparecido-en-las-aguas-del-rio-iguazu\/#breadcrumb"},"inLanguage":"es","potentialAction":[{"@type":"ReadAction","target":["https:\/\/cvinoticias.com\/v3\/puerto-iguazu-hallaron-el-cuerpo-del-joven-de-20-anos-que-estaba-desaparecido-en-las-aguas-del-rio-iguazu\/"]}]},{"@type":"ImageObject","inLanguage":"es","@id":"https:\/\/cvinoticias.com\/v3\/puerto-iguazu-hallaron-el-cuerpo-del-joven-de-20-anos-que-estaba-desaparecido-en-las-aguas-del-rio-iguazu\/#primaryimage","url":"https:\/\/cvinoticias.com\/wp-content\/uploads\/2021\/08\/IMG-20210821-WA0091.jpg","contentUrl":"https:\/\/cvinoticias.com\/wp-content\/uploads\/2021\/08\/IMG-20210821-WA0091.jpg","width":1040,"height":780},{"@type":"BreadcrumbList","@id":"https:\/\/cvinoticias.com\/v3\/puerto-iguazu-hallaron-el-cuerpo-del-joven-de-20-anos-que-estaba-desaparecido-en-las-aguas-del-rio-iguazu\/#breadcrumb","itemListElement":[{"@type":"ListItem","position":1,"name":"Portada","item":"https:\/\/cvinoticias.com\/v3\/"},{"@type":"ListItem","position":2,"name":"Puerto Iguaz\u00fa: Hallaron el cuerpo del joven de 20 a\u00f1os que estaba desaparecido en las aguas del R\u00edo Iguaz\u00fa"}]},{"@type":"WebSite","@id":"https:\/\/cvinoticias.com\/v3\/#website","url":"https:\/\/cvinoticias.com\/v3\/","name":"CVI NOTICIAS","description":"","publisher":{"@id":"https:\/\/cvinoticias.com\/v3\/#organization"},"alternateName":"CVI","potentialAction":[{"@type":"SearchAction","target":{"@type":"EntryPoint","urlTemplate":"https:\/\/cvinoticias.com\/v3\/?s={search_term_string}"},"query-input":{"@type":"PropertyValueSpecification","valueRequired":true,"valueName":"search_term_string"}}],"inLanguage":"es"},{"@type":"Organization","@id":"https:\/\/cvinoticias.com\/v3\/#organization","name":"CVI NOTICIAS","url":"https:\/\/cvinoticias.com\/v3\/","logo":{"@type":"ImageObject","inLanguage":"es","@id":"https:\/\/cvinoticias.com\/v3\/#\/schema\/logo\/image\/","url":"https:\/\/cvinoticias.com\/wp-content\/uploads\/2023\/04\/cropped-cropped-cropped-cropped-cropped-3-1.png","contentUrl":"https:\/\/cvinoticias.com\/wp-content\/uploads\/2023\/04\/cropped-cropped-cropped-cropped-cropped-3-1.png","width":95,"height":122,"caption":"CVI NOTICIAS"},"image":{"@id":"https:\/\/cvinoticias.com\/v3\/#\/schema\/logo\/image\/"},"sameAs":["https:\/\/www.facebook.com\/cvinoticias","https:\/\/www.instagram.com\/cvinoticias\/","https:\/\/www.youtube.com\/@CVINOTICIAS"]},{"@type":"Person","@id":"https:\/\/cvinoticias.com\/v3\/#\/schema\/person\/2db77e3c6bc03c538495d7b2b8be9b66","name":"f1000024","image":{"@type":"ImageObject","inLanguage":"es","@id":"https:\/\/secure.gravatar.com\/avatar\/d4fe7459cfc51ff5129ce1a732bbef5928568b8092d412ef95611616376bbeed?s=96&d=mm&r=g","url":"https:\/\/secure.gravatar.com\/avatar\/d4fe7459cfc51ff5129ce1a732bbef5928568b8092d412ef95611616376bbeed?s=96&d=mm&r=g","contentUrl":"https:\/\/secure.gravatar.com\/avatar\/d4fe7459cfc51ff5129ce1a732bbef5928568b8092d412ef95611616376bbeed?s=96&d=mm&r=g","caption":"f1000024"},"url":"https:\/\/cvinoticias.com\/v3\/author\/f1000024\/"}]}},"_links":{"self":[{"href":"https:\/\/cvinoticias.com\/v3\/wp-json\/wp\/v2\/posts\/7821","targetHints":{"allow":["GET"]}}],"collection":[{"href":"https:\/\/cvinoticias.com\/v3\/wp-json\/wp\/v2\/posts"}],"about":[{"href":"https:\/\/cvinoticias.com\/v3\/wp-json\/wp\/v2\/types\/post"}],"author":[{"embeddable":true,"href":"https:\/\/cvinoticias.com\/v3\/wp-json\/wp\/v2\/users\/2"}],"replies":[{"embeddable":true,"href":"https:\/\/cvinoticias.com\/v3\/wp-json\/wp\/v2\/comments?post=7821"}],"version-history":[{"count":1,"href":"https:\/\/cvinoticias.com\/v3\/wp-json\/wp\/v2\/posts\/7821\/revisions"}],"predecessor-version":[{"id":7823,"href":"https:\/\/cvinoticias.com\/v3\/wp-json\/wp\/v2\/posts\/7821\/revisions\/7823"}],"wp:featuredmedia":[{"embeddable":true,"href":"https:\/\/cvinoticias.com\/v3\/wp-json\/wp\/v2\/media\/7822"}],"wp:attachment":[{"href":"https:\/\/cvinoticias.com\/v3\/wp-json\/wp\/v2\/media?parent=7821"}],"wp:term":[{"taxonomy":"category","embeddable":true,"href":"https:\/\/cvinoticias.com\/v3\/wp-json\/wp\/v2\/categories?post=7821"},{"taxonomy":"post_tag","embeddable":true,"href":"https:\/\/cvinoticias.com\/v3\/wp-json\/wp\/v2\/tags?post=7821"}],"curies":[{"name":"wp","href":"https:\/\/api.w.org\/{rel}","templated":true}]}}