{"id":7816,"date":"2021-08-21T12:50:11","date_gmt":"2021-08-21T12:50:11","guid":{"rendered":"https:\/\/cvinoticias.com\/v3\/?p=7816"},"modified":"2021-08-21T12:50:11","modified_gmt":"2021-08-21T12:50:11","slug":"el-pais-registra-desde-hace-12-semanas-un-descenso-sostenido-de-casos-de-covid-19","status":"publish","type":"post","link":"https:\/\/cvinoticias.com\/v3\/el-pais-registra-desde-hace-12-semanas-un-descenso-sostenido-de-casos-de-covid-19\/","title":{"rendered":"El pa\u00eds registra desde hace 12 semanas un descenso sostenido de casos de Covid-19"},"content":{"rendered":"\n<p><strong><em>Las autoridades sanitarias remarcaron que en la actualidad hay una reducci\u00f3n del 56% en la cantidad de internaciones en cuidados intensivos en comparaci\u00f3n con el pico de la semana 23 (7.839 contra 3.476).<\/em><\/strong><\/p>\n\n\n\n<p>La Argentina registra un descenso constante del n\u00famero de casos de coronavirus desde hace 12 semanas, lo que se atribuy\u00f3 \u201cal avance del plan nacional de vacunaci\u00f3n contra la Covid-19 y al sostenimiento de las medidas de cuidados\u201d, se inform\u00f3 oficialmente.<\/p>\n\n\n\n<p>Mientras que en la semana epidemiol\u00f3gica 20, la de mayor cantidad de infectados, se hab\u00edan alcanzado los 225.227 casos seg\u00fan fecha de inicio de s\u00edntomas, en la semana pasada el n\u00famero lleg\u00f3 a 46.963, lo que implica una reducci\u00f3n de casi el 80 por ciento, se precis\u00f3 en un comunicado.<\/p>\n\n\n\n<p>Por otra parte, en lo que va de agosto, el mes en que por consenso federal se decidi\u00f3 priorizar la aplicaci\u00f3n de las segundas dosis de vacuna contra Covid-19, m\u00e1s de 4 millones de personas completaron su esquema.<\/p>\n\n\n\n<p>Adem\u00e1s, se estima que, con el 58,5% \u201cya se est\u00e1 por alcanzar la meta de este mes de lograr que el 60% de las personas con 50 a\u00f1os o m\u00e1s cuente con las dos dosis de vacuna\u201d.<\/p>\n\n\n\n<p>Tambi\u00e9n completaron su esquema el 68,5% de las personas con 60 a\u00f1os o m\u00e1s y el 75,2% de los mayores de 70 a\u00f1os, que son los grupos etarios m\u00e1s afectados por esta enfermedad, se agreg\u00f3.<\/p>\n\n\n\n<p>Entre otros datos sobre la situaci\u00f3n epidemiol\u00f3gica nacional, se inform\u00f3 que los casos \u201cest\u00e1n disminuyendo en la mayor\u00eda de las regiones del pa\u00eds\u201d.<\/p>\n\n\n\n<p>\u201cDesde el pico del mes de mayo, con un promedio diario de 26.767 casos, se registra un descenso sostenido. De esta manera, el promedio diario en junio fue de 20.086, en julio de 13.225 y en lo que va de agosto de 7.282\u201d, se puntualiz\u00f3.<\/p>\n\n\n\n<p>A la vez, contin\u00faa la tendencia a la baja de la cantidad de pacientes con coronavirus internados en terapia intensiva como resultado de la vacunaci\u00f3n.<\/p>\n\n\n\n<p>Los datos indican que al 20 de agosto hay una reducci\u00f3n del 56% en la cantidad de internaciones en cuidados intensivos en comparaci\u00f3n con el pico de la semana 23 (7.839 contra 3.476).<\/p>\n\n\n\n<p>En relaci\u00f3n a las variantes, la Gamma del virus SARS-CoV-2 contin\u00faa siendo la de circulaci\u00f3n predominante en el pa\u00eds.<\/p>\n\n\n\n<p>\u201cEn relaci\u00f3n a la variante delta, se han confirmado 5 casos sin nexo con viajeros (0.06% del total de muestras secuenciadas)\u201d, indic\u00f3 el comunicado oficial.<\/p>\n\n\n\n<p>Hasta el momento hay 174 casos con variante Delta secuenciada (viajeros, relacionadas con viajeros y 5 casos sin nexo), m\u00e1s 21 casos de contactos estrechos Covid positivos de casos confirmados de esta variante.<\/p>\n\n\n\n<p>Entre otras estad\u00edsticas, se indic\u00f3 que el 93,1% de los pacientes se recuper\u00f3, la letalidad del coronavirus en el pa\u00eds es de 2,1% y \u201d con respecto al a\u00f1o pasado, en el 2021 se observa una disminuci\u00f3n de la letalidad en todos los grupos de edad\u201d.<\/p>\n\n\n\n<p>Por \u00faltimo, se indic\u00f3 que la distribuci\u00f3n de casos confirmados seg\u00fan sexo y edad en el a\u00f1o 2021 se mantiene sostenida en el tiempo, el 49,1% es masculino y 50,9% femenino<\/p>\n","protected":false},"excerpt":{"rendered":"<p>Las autoridades sanitarias remarcaron que en la actualidad hay una reducci\u00f3n del 56% en la cantidad de internaciones en cuidados intensivos en comparaci\u00f3n con el pico de la semana 23 (7.839 contra 3.476). La Argentina registra un descenso constante del n\u00famero de casos de coronavirus desde hace 12 semanas, lo que se atribuy\u00f3 \u201cal avance [&hellip;]<\/p>\n","protected":false},"author":2,"featured_media":7817,"comment_status":"open","ping_status":"open","sticky":false,"template":"","format":"standard","meta":{"footnotes":""},"categories":[23,22],"tags":[],"class_list":["post-7816","post","type-post","status-publish","format-standard","has-post-thumbnail","hentry","category-covid-19","category-salud"],"yoast_head":"<!-- This site is optimized with the Yoast SEO plugin v27.4 - https:\/\/yoast.com\/product\/yoast-seo-wordpress\/ -->\n<title>El pa\u00eds registra desde hace 12 semanas un descenso sostenido de casos de Covid-19 | CVI NOTICIAS<\/title>\n<meta name=\"robots\" content=\"index, follow, max-snippet:-1, max-image-preview:large, max-video-preview:-1\" \/>\n<link rel=\"canonical\" href=\"https:\/\/cvinoticias.com\/v3\/el-pais-registra-desde-hace-12-semanas-un-descenso-sostenido-de-casos-de-covid-19\/\" \/>\n<meta property=\"og:locale\" content=\"es_ES\" \/>\n<meta property=\"og:type\" content=\"article\" \/>\n<meta property=\"og:title\" content=\"El pa\u00eds registra desde hace 12 semanas un descenso sostenido de casos de Covid-19 | CVI NOTICIAS\" \/>\n<meta property=\"og:description\" content=\"Las autoridades sanitarias remarcaron que en la actualidad hay una reducci\u00f3n del 56% en la cantidad de internaciones en cuidados intensivos en comparaci\u00f3n con el pico de la semana 23 (7.839 contra 3.476). La Argentina registra un descenso constante del n\u00famero de casos de coronavirus desde hace 12 semanas, lo que se atribuy\u00f3 \u201cal avance [&hellip;]\" \/>\n<meta property=\"og:url\" content=\"https:\/\/cvinoticias.com\/v3\/el-pais-registra-desde-hace-12-semanas-un-descenso-sostenido-de-casos-de-covid-19\/\" \/>\n<meta property=\"og:site_name\" content=\"CVI NOTICIAS\" \/>\n<meta property=\"article:publisher\" content=\"https:\/\/www.facebook.com\/cvinoticias\" \/>\n<meta property=\"article:published_time\" content=\"2021-08-21T12:50:11+00:00\" \/>\n<meta property=\"og:image\" content=\"https:\/\/cvinoticias.com\/wp-content\/uploads\/2021\/08\/0000632652.jpeg\" \/>\n\t<meta property=\"og:image:width\" content=\"412\" \/>\n\t<meta property=\"og:image:height\" content=\"232\" \/>\n\t<meta property=\"og:image:type\" content=\"image\/jpeg\" \/>\n<meta name=\"author\" content=\"f1000024\" \/>\n<meta name=\"twitter:card\" content=\"summary_large_image\" \/>\n<meta name=\"twitter:label1\" content=\"Escrito por\" \/>\n\t<meta name=\"twitter:data1\" content=\"f1000024\" \/>\n\t<meta name=\"twitter:label2\" content=\"Tiempo de lectura\" \/>\n\t<meta name=\"twitter:data2\" content=\"3 minutos\" \/>\n<script type=\"application\/ld+json\" class=\"yoast-schema-graph\">{\"@context\":\"https:\\\/\\\/schema.org\",\"@graph\":[{\"@type\":\"Article\",\"@id\":\"https:\\\/\\\/cvinoticias.com\\\/v3\\\/el-pais-registra-desde-hace-12-semanas-un-descenso-sostenido-de-casos-de-covid-19\\\/#article\",\"isPartOf\":{\"@id\":\"https:\\\/\\\/cvinoticias.com\\\/v3\\\/el-pais-registra-desde-hace-12-semanas-un-descenso-sostenido-de-casos-de-covid-19\\\/\"},\"author\":{\"name\":\"f1000024\",\"@id\":\"https:\\\/\\\/cvinoticias.com\\\/v3\\\/#\\\/schema\\\/person\\\/2db77e3c6bc03c538495d7b2b8be9b66\"},\"headline\":\"El pa\u00eds registra desde hace 12 semanas un descenso sostenido de casos de Covid-19\",\"datePublished\":\"2021-08-21T12:50:11+00:00\",\"mainEntityOfPage\":{\"@id\":\"https:\\\/\\\/cvinoticias.com\\\/v3\\\/el-pais-registra-desde-hace-12-semanas-un-descenso-sostenido-de-casos-de-covid-19\\\/\"},\"wordCount\":532,\"commentCount\":0,\"publisher\":{\"@id\":\"https:\\\/\\\/cvinoticias.com\\\/v3\\\/#organization\"},\"image\":{\"@id\":\"https:\\\/\\\/cvinoticias.com\\\/v3\\\/el-pais-registra-desde-hace-12-semanas-un-descenso-sostenido-de-casos-de-covid-19\\\/#primaryimage\"},\"thumbnailUrl\":\"https:\\\/\\\/cvinoticias.com\\\/wp-content\\\/uploads\\\/2021\\\/08\\\/0000632652.jpeg\",\"articleSection\":[\"Covid-19\",\"Salud\"],\"inLanguage\":\"es\",\"potentialAction\":[{\"@type\":\"CommentAction\",\"name\":\"Comment\",\"target\":[\"https:\\\/\\\/cvinoticias.com\\\/v3\\\/el-pais-registra-desde-hace-12-semanas-un-descenso-sostenido-de-casos-de-covid-19\\\/#respond\"]}]},{\"@type\":\"WebPage\",\"@id\":\"https:\\\/\\\/cvinoticias.com\\\/v3\\\/el-pais-registra-desde-hace-12-semanas-un-descenso-sostenido-de-casos-de-covid-19\\\/\",\"url\":\"https:\\\/\\\/cvinoticias.com\\\/v3\\\/el-pais-registra-desde-hace-12-semanas-un-descenso-sostenido-de-casos-de-covid-19\\\/\",\"name\":\"El pa\u00eds registra desde hace 12 semanas un descenso sostenido de casos de Covid-19 | CVI NOTICIAS\",\"isPartOf\":{\"@id\":\"https:\\\/\\\/cvinoticias.com\\\/v3\\\/#website\"},\"primaryImageOfPage\":{\"@id\":\"https:\\\/\\\/cvinoticias.com\\\/v3\\\/el-pais-registra-desde-hace-12-semanas-un-descenso-sostenido-de-casos-de-covid-19\\\/#primaryimage\"},\"image\":{\"@id\":\"https:\\\/\\\/cvinoticias.com\\\/v3\\\/el-pais-registra-desde-hace-12-semanas-un-descenso-sostenido-de-casos-de-covid-19\\\/#primaryimage\"},\"thumbnailUrl\":\"https:\\\/\\\/cvinoticias.com\\\/wp-content\\\/uploads\\\/2021\\\/08\\\/0000632652.jpeg\",\"datePublished\":\"2021-08-21T12:50:11+00:00\",\"breadcrumb\":{\"@id\":\"https:\\\/\\\/cvinoticias.com\\\/v3\\\/el-pais-registra-desde-hace-12-semanas-un-descenso-sostenido-de-casos-de-covid-19\\\/#breadcrumb\"},\"inLanguage\":\"es\",\"potentialAction\":[{\"@type\":\"ReadAction\",\"target\":[\"https:\\\/\\\/cvinoticias.com\\\/v3\\\/el-pais-registra-desde-hace-12-semanas-un-descenso-sostenido-de-casos-de-covid-19\\\/\"]}]},{\"@type\":\"ImageObject\",\"inLanguage\":\"es\",\"@id\":\"https:\\\/\\\/cvinoticias.com\\\/v3\\\/el-pais-registra-desde-hace-12-semanas-un-descenso-sostenido-de-casos-de-covid-19\\\/#primaryimage\",\"url\":\"https:\\\/\\\/cvinoticias.com\\\/wp-content\\\/uploads\\\/2021\\\/08\\\/0000632652.jpeg\",\"contentUrl\":\"https:\\\/\\\/cvinoticias.com\\\/wp-content\\\/uploads\\\/2021\\\/08\\\/0000632652.jpeg\",\"width\":412,\"height\":232},{\"@type\":\"BreadcrumbList\",\"@id\":\"https:\\\/\\\/cvinoticias.com\\\/v3\\\/el-pais-registra-desde-hace-12-semanas-un-descenso-sostenido-de-casos-de-covid-19\\\/#breadcrumb\",\"itemListElement\":[{\"@type\":\"ListItem\",\"position\":1,\"name\":\"Portada\",\"item\":\"https:\\\/\\\/cvinoticias.com\\\/v3\\\/\"},{\"@type\":\"ListItem\",\"position\":2,\"name\":\"El pa\u00eds registra desde hace 12 semanas un descenso sostenido de casos de Covid-19\"}]},{\"@type\":\"WebSite\",\"@id\":\"https:\\\/\\\/cvinoticias.com\\\/v3\\\/#website\",\"url\":\"https:\\\/\\\/cvinoticias.com\\\/v3\\\/\",\"name\":\"CVI NOTICIAS\",\"description\":\"\",\"publisher\":{\"@id\":\"https:\\\/\\\/cvinoticias.com\\\/v3\\\/#organization\"},\"alternateName\":\"CVI\",\"potentialAction\":[{\"@type\":\"SearchAction\",\"target\":{\"@type\":\"EntryPoint\",\"urlTemplate\":\"https:\\\/\\\/cvinoticias.com\\\/v3\\\/?s={search_term_string}\"},\"query-input\":{\"@type\":\"PropertyValueSpecification\",\"valueRequired\":true,\"valueName\":\"search_term_string\"}}],\"inLanguage\":\"es\"},{\"@type\":\"Organization\",\"@id\":\"https:\\\/\\\/cvinoticias.com\\\/v3\\\/#organization\",\"name\":\"CVI NOTICIAS\",\"url\":\"https:\\\/\\\/cvinoticias.com\\\/v3\\\/\",\"logo\":{\"@type\":\"ImageObject\",\"inLanguage\":\"es\",\"@id\":\"https:\\\/\\\/cvinoticias.com\\\/v3\\\/#\\\/schema\\\/logo\\\/image\\\/\",\"url\":\"https:\\\/\\\/cvinoticias.com\\\/wp-content\\\/uploads\\\/2023\\\/04\\\/cropped-cropped-cropped-cropped-cropped-3-1.png\",\"contentUrl\":\"https:\\\/\\\/cvinoticias.com\\\/wp-content\\\/uploads\\\/2023\\\/04\\\/cropped-cropped-cropped-cropped-cropped-3-1.png\",\"width\":95,\"height\":122,\"caption\":\"CVI NOTICIAS\"},\"image\":{\"@id\":\"https:\\\/\\\/cvinoticias.com\\\/v3\\\/#\\\/schema\\\/logo\\\/image\\\/\"},\"sameAs\":[\"https:\\\/\\\/www.facebook.com\\\/cvinoticias\",\"https:\\\/\\\/www.instagram.com\\\/cvinoticias\\\/\",\"https:\\\/\\\/www.youtube.com\\\/@CVINOTICIAS\"]},{\"@type\":\"Person\",\"@id\":\"https:\\\/\\\/cvinoticias.com\\\/v3\\\/#\\\/schema\\\/person\\\/2db77e3c6bc03c538495d7b2b8be9b66\",\"name\":\"f1000024\",\"image\":{\"@type\":\"ImageObject\",\"inLanguage\":\"es\",\"@id\":\"https:\\\/\\\/secure.gravatar.com\\\/avatar\\\/d4fe7459cfc51ff5129ce1a732bbef5928568b8092d412ef95611616376bbeed?s=96&d=mm&r=g\",\"url\":\"https:\\\/\\\/secure.gravatar.com\\\/avatar\\\/d4fe7459cfc51ff5129ce1a732bbef5928568b8092d412ef95611616376bbeed?s=96&d=mm&r=g\",\"contentUrl\":\"https:\\\/\\\/secure.gravatar.com\\\/avatar\\\/d4fe7459cfc51ff5129ce1a732bbef5928568b8092d412ef95611616376bbeed?s=96&d=mm&r=g\",\"caption\":\"f1000024\"},\"url\":\"https:\\\/\\\/cvinoticias.com\\\/v3\\\/author\\\/f1000024\\\/\"}]}<\/script>\n<!-- \/ Yoast SEO plugin. -->","yoast_head_json":{"title":"El pa\u00eds registra desde hace 12 semanas un descenso sostenido de casos de Covid-19 | CVI NOTICIAS","robots":{"index":"index","follow":"follow","max-snippet":"max-snippet:-1","max-image-preview":"max-image-preview:large","max-video-preview":"max-video-preview:-1"},"canonical":"https:\/\/cvinoticias.com\/v3\/el-pais-registra-desde-hace-12-semanas-un-descenso-sostenido-de-casos-de-covid-19\/","og_locale":"es_ES","og_type":"article","og_title":"El pa\u00eds registra desde hace 12 semanas un descenso sostenido de casos de Covid-19 | CVI NOTICIAS","og_description":"Las autoridades sanitarias remarcaron que en la actualidad hay una reducci\u00f3n del 56% en la cantidad de internaciones en cuidados intensivos en comparaci\u00f3n con el pico de la semana 23 (7.839 contra 3.476). La Argentina registra un descenso constante del n\u00famero de casos de coronavirus desde hace 12 semanas, lo que se atribuy\u00f3 \u201cal avance [&hellip;]","og_url":"https:\/\/cvinoticias.com\/v3\/el-pais-registra-desde-hace-12-semanas-un-descenso-sostenido-de-casos-de-covid-19\/","og_site_name":"CVI NOTICIAS","article_publisher":"https:\/\/www.facebook.com\/cvinoticias","article_published_time":"2021-08-21T12:50:11+00:00","og_image":[{"width":412,"height":232,"url":"https:\/\/cvinoticias.com\/wp-content\/uploads\/2021\/08\/0000632652.jpeg","type":"image\/jpeg"}],"author":"f1000024","twitter_card":"summary_large_image","twitter_misc":{"Escrito por":"f1000024","Tiempo de lectura":"3 minutos"},"schema":{"@context":"https:\/\/schema.org","@graph":[{"@type":"Article","@id":"https:\/\/cvinoticias.com\/v3\/el-pais-registra-desde-hace-12-semanas-un-descenso-sostenido-de-casos-de-covid-19\/#article","isPartOf":{"@id":"https:\/\/cvinoticias.com\/v3\/el-pais-registra-desde-hace-12-semanas-un-descenso-sostenido-de-casos-de-covid-19\/"},"author":{"name":"f1000024","@id":"https:\/\/cvinoticias.com\/v3\/#\/schema\/person\/2db77e3c6bc03c538495d7b2b8be9b66"},"headline":"El pa\u00eds registra desde hace 12 semanas un descenso sostenido de casos de Covid-19","datePublished":"2021-08-21T12:50:11+00:00","mainEntityOfPage":{"@id":"https:\/\/cvinoticias.com\/v3\/el-pais-registra-desde-hace-12-semanas-un-descenso-sostenido-de-casos-de-covid-19\/"},"wordCount":532,"commentCount":0,"publisher":{"@id":"https:\/\/cvinoticias.com\/v3\/#organization"},"image":{"@id":"https:\/\/cvinoticias.com\/v3\/el-pais-registra-desde-hace-12-semanas-un-descenso-sostenido-de-casos-de-covid-19\/#primaryimage"},"thumbnailUrl":"https:\/\/cvinoticias.com\/wp-content\/uploads\/2021\/08\/0000632652.jpeg","articleSection":["Covid-19","Salud"],"inLanguage":"es","potentialAction":[{"@type":"CommentAction","name":"Comment","target":["https:\/\/cvinoticias.com\/v3\/el-pais-registra-desde-hace-12-semanas-un-descenso-sostenido-de-casos-de-covid-19\/#respond"]}]},{"@type":"WebPage","@id":"https:\/\/cvinoticias.com\/v3\/el-pais-registra-desde-hace-12-semanas-un-descenso-sostenido-de-casos-de-covid-19\/","url":"https:\/\/cvinoticias.com\/v3\/el-pais-registra-desde-hace-12-semanas-un-descenso-sostenido-de-casos-de-covid-19\/","name":"El pa\u00eds registra desde hace 12 semanas un descenso sostenido de casos de Covid-19 | CVI NOTICIAS","isPartOf":{"@id":"https:\/\/cvinoticias.com\/v3\/#website"},"primaryImageOfPage":{"@id":"https:\/\/cvinoticias.com\/v3\/el-pais-registra-desde-hace-12-semanas-un-descenso-sostenido-de-casos-de-covid-19\/#primaryimage"},"image":{"@id":"https:\/\/cvinoticias.com\/v3\/el-pais-registra-desde-hace-12-semanas-un-descenso-sostenido-de-casos-de-covid-19\/#primaryimage"},"thumbnailUrl":"https:\/\/cvinoticias.com\/wp-content\/uploads\/2021\/08\/0000632652.jpeg","datePublished":"2021-08-21T12:50:11+00:00","breadcrumb":{"@id":"https:\/\/cvinoticias.com\/v3\/el-pais-registra-desde-hace-12-semanas-un-descenso-sostenido-de-casos-de-covid-19\/#breadcrumb"},"inLanguage":"es","potentialAction":[{"@type":"ReadAction","target":["https:\/\/cvinoticias.com\/v3\/el-pais-registra-desde-hace-12-semanas-un-descenso-sostenido-de-casos-de-covid-19\/"]}]},{"@type":"ImageObject","inLanguage":"es","@id":"https:\/\/cvinoticias.com\/v3\/el-pais-registra-desde-hace-12-semanas-un-descenso-sostenido-de-casos-de-covid-19\/#primaryimage","url":"https:\/\/cvinoticias.com\/wp-content\/uploads\/2021\/08\/0000632652.jpeg","contentUrl":"https:\/\/cvinoticias.com\/wp-content\/uploads\/2021\/08\/0000632652.jpeg","width":412,"height":232},{"@type":"BreadcrumbList","@id":"https:\/\/cvinoticias.com\/v3\/el-pais-registra-desde-hace-12-semanas-un-descenso-sostenido-de-casos-de-covid-19\/#breadcrumb","itemListElement":[{"@type":"ListItem","position":1,"name":"Portada","item":"https:\/\/cvinoticias.com\/v3\/"},{"@type":"ListItem","position":2,"name":"El pa\u00eds registra desde hace 12 semanas un descenso sostenido de casos de Covid-19"}]},{"@type":"WebSite","@id":"https:\/\/cvinoticias.com\/v3\/#website","url":"https:\/\/cvinoticias.com\/v3\/","name":"CVI NOTICIAS","description":"","publisher":{"@id":"https:\/\/cvinoticias.com\/v3\/#organization"},"alternateName":"CVI","potentialAction":[{"@type":"SearchAction","target":{"@type":"EntryPoint","urlTemplate":"https:\/\/cvinoticias.com\/v3\/?s={search_term_string}"},"query-input":{"@type":"PropertyValueSpecification","valueRequired":true,"valueName":"search_term_string"}}],"inLanguage":"es"},{"@type":"Organization","@id":"https:\/\/cvinoticias.com\/v3\/#organization","name":"CVI NOTICIAS","url":"https:\/\/cvinoticias.com\/v3\/","logo":{"@type":"ImageObject","inLanguage":"es","@id":"https:\/\/cvinoticias.com\/v3\/#\/schema\/logo\/image\/","url":"https:\/\/cvinoticias.com\/wp-content\/uploads\/2023\/04\/cropped-cropped-cropped-cropped-cropped-3-1.png","contentUrl":"https:\/\/cvinoticias.com\/wp-content\/uploads\/2023\/04\/cropped-cropped-cropped-cropped-cropped-3-1.png","width":95,"height":122,"caption":"CVI NOTICIAS"},"image":{"@id":"https:\/\/cvinoticias.com\/v3\/#\/schema\/logo\/image\/"},"sameAs":["https:\/\/www.facebook.com\/cvinoticias","https:\/\/www.instagram.com\/cvinoticias\/","https:\/\/www.youtube.com\/@CVINOTICIAS"]},{"@type":"Person","@id":"https:\/\/cvinoticias.com\/v3\/#\/schema\/person\/2db77e3c6bc03c538495d7b2b8be9b66","name":"f1000024","image":{"@type":"ImageObject","inLanguage":"es","@id":"https:\/\/secure.gravatar.com\/avatar\/d4fe7459cfc51ff5129ce1a732bbef5928568b8092d412ef95611616376bbeed?s=96&d=mm&r=g","url":"https:\/\/secure.gravatar.com\/avatar\/d4fe7459cfc51ff5129ce1a732bbef5928568b8092d412ef95611616376bbeed?s=96&d=mm&r=g","contentUrl":"https:\/\/secure.gravatar.com\/avatar\/d4fe7459cfc51ff5129ce1a732bbef5928568b8092d412ef95611616376bbeed?s=96&d=mm&r=g","caption":"f1000024"},"url":"https:\/\/cvinoticias.com\/v3\/author\/f1000024\/"}]}},"_links":{"self":[{"href":"https:\/\/cvinoticias.com\/v3\/wp-json\/wp\/v2\/posts\/7816","targetHints":{"allow":["GET"]}}],"collection":[{"href":"https:\/\/cvinoticias.com\/v3\/wp-json\/wp\/v2\/posts"}],"about":[{"href":"https:\/\/cvinoticias.com\/v3\/wp-json\/wp\/v2\/types\/post"}],"author":[{"embeddable":true,"href":"https:\/\/cvinoticias.com\/v3\/wp-json\/wp\/v2\/users\/2"}],"replies":[{"embeddable":true,"href":"https:\/\/cvinoticias.com\/v3\/wp-json\/wp\/v2\/comments?post=7816"}],"version-history":[{"count":1,"href":"https:\/\/cvinoticias.com\/v3\/wp-json\/wp\/v2\/posts\/7816\/revisions"}],"predecessor-version":[{"id":7818,"href":"https:\/\/cvinoticias.com\/v3\/wp-json\/wp\/v2\/posts\/7816\/revisions\/7818"}],"wp:featuredmedia":[{"embeddable":true,"href":"https:\/\/cvinoticias.com\/v3\/wp-json\/wp\/v2\/media\/7817"}],"wp:attachment":[{"href":"https:\/\/cvinoticias.com\/v3\/wp-json\/wp\/v2\/media?parent=7816"}],"wp:term":[{"taxonomy":"category","embeddable":true,"href":"https:\/\/cvinoticias.com\/v3\/wp-json\/wp\/v2\/categories?post=7816"},{"taxonomy":"post_tag","embeddable":true,"href":"https:\/\/cvinoticias.com\/v3\/wp-json\/wp\/v2\/tags?post=7816"}],"curies":[{"name":"wp","href":"https:\/\/api.w.org\/{rel}","templated":true}]}}