{"id":7802,"date":"2021-08-21T01:09:24","date_gmt":"2021-08-21T01:09:24","guid":{"rendered":"https:\/\/cvinoticias.com\/v3\/?p=7802"},"modified":"2021-08-21T01:09:24","modified_gmt":"2021-08-21T01:09:24","slug":"puerto-iguazu-allanaron-un-departamento-y-recuperaron-una-moto-robada-que-fue-desguazada","status":"publish","type":"post","link":"https:\/\/cvinoticias.com\/v3\/puerto-iguazu-allanaron-un-departamento-y-recuperaron-una-moto-robada-que-fue-desguazada\/","title":{"rendered":"Puerto Iguaz\u00fa: Allanaron un departamento y recuperaron una moto robada que fue desguazada"},"content":{"rendered":"\n<p><strong><em>El procedimiento se concret\u00f3 hoy por la tarde en el barrio Orqu\u00eddeas de esta ciudad, donde el personal de la Divisi\u00f3n Investigaciones en conjunto con la Comisar\u00eda Seccional Cuarta, recuper\u00f3 una motocicleta y sus accesorios que fueron separados de la misma para presuntamente ser vendidos como motopartes.<\/em><\/strong><\/p>\n\n\n\n<p>El robo se conoci\u00f3 a ra\u00edz de la denuncia de un joven de 23 a\u00f1os quien relat\u00f3 que el pasado 14 de agosto, circulaba en su motocicleta por una calle interna del barrio San Lucas donde fue sorprendido por dos sujetos que lo amenazaron con un cuchillo y le sustrajeron su motocicleta marca Yamaha modelo Chyrpton.<\/p>\n\n\n\n<p>En una gran labor investigativa y con una orden de allanamiento, la Polic\u00eda lleg\u00f3 hasta un inquilinato en busca de los involucrados donde inspeccionaron el recinto y hallaron la motocicleta robada, que no contaba con pl\u00e1sticos y accesorios, los cuales se hallaron en otras dependencias del lugar.<\/p>\n\n\n\n<figure class=\"wp-block-image size-full\"><a href=\"https:\/\/cvinoticias.com\/wp-content\/uploads\/2021\/08\/FB_IMG_1629507668215.jpg\"><img decoding=\"async\" width=\"757\" height=\"855\" data-src=\"https:\/\/cvinoticias.com\/wp-content\/uploads\/2021\/08\/FB_IMG_1629507668215.jpg\" alt=\"\" class=\"wp-image-7804 lazyload\" data-srcset=\"https:\/\/cvinoticias.com\/wp-content\/uploads\/2021\/08\/FB_IMG_1629507668215.jpg 757w, https:\/\/cvinoticias.com\/wp-content\/uploads\/2021\/08\/FB_IMG_1629507668215-266x300.jpg 266w\" data-sizes=\"(max-width: 757px) 100vw, 757px\" src=\"data:image\/svg+xml;base64,PHN2ZyB3aWR0aD0iMSIgaGVpZ2h0PSIxIiB4bWxucz0iaHR0cDovL3d3dy53My5vcmcvMjAwMC9zdmciPjwvc3ZnPg==\" style=\"--smush-placeholder-width: 757px; --smush-placeholder-aspect-ratio: 757\/855;\" \/><\/a><\/figure>\n\n\n\n<p>Se procedi\u00f3 al secuestro del rodado y los accesorios para luego depositarlos en sede policial. La polic\u00eda contin\u00faa con la investigaci\u00f3n a fin de dar con los autores del hecho, que no fueron hallados en el domicilio, pero ya est\u00e1n identificados. Por otra parte, el motociclo ser\u00e1 devuelto a su propietario luego de los tr\u00e1mites de rigor.<\/p>\n","protected":false},"excerpt":{"rendered":"<p>El procedimiento se concret\u00f3 hoy por la tarde en el barrio Orqu\u00eddeas de esta ciudad, donde el personal de la Divisi\u00f3n Investigaciones en conjunto con la Comisar\u00eda Seccional Cuarta, recuper\u00f3 una motocicleta y sus accesorios que fueron separados de la misma para presuntamente ser vendidos como motopartes. El robo se conoci\u00f3 a ra\u00edz de la [&hellip;]<\/p>\n","protected":false},"author":2,"featured_media":7803,"comment_status":"open","ping_status":"open","sticky":false,"template":"","format":"standard","meta":{"footnotes":""},"categories":[41],"tags":[],"class_list":["post-7802","post","type-post","status-publish","format-standard","has-post-thumbnail","hentry","category-policiales"],"yoast_head":"<!-- This site is optimized with the Yoast SEO plugin v27.5 - https:\/\/yoast.com\/product\/yoast-seo-wordpress\/ -->\n<title>Puerto Iguaz\u00fa: Allanaron un departamento y recuperaron una moto robada que fue desguazada | CVI NOTICIAS<\/title>\n<meta name=\"robots\" content=\"index, follow, max-snippet:-1, max-image-preview:large, max-video-preview:-1\" \/>\n<link rel=\"canonical\" href=\"https:\/\/cvinoticias.com\/v3\/puerto-iguazu-allanaron-un-departamento-y-recuperaron-una-moto-robada-que-fue-desguazada\/\" \/>\n<meta property=\"og:locale\" content=\"es_ES\" \/>\n<meta property=\"og:type\" content=\"article\" \/>\n<meta property=\"og:title\" content=\"Puerto Iguaz\u00fa: Allanaron un departamento y recuperaron una moto robada que fue desguazada | CVI NOTICIAS\" \/>\n<meta property=\"og:description\" content=\"El procedimiento se concret\u00f3 hoy por la tarde en el barrio Orqu\u00eddeas de esta ciudad, donde el personal de la Divisi\u00f3n Investigaciones en conjunto con la Comisar\u00eda Seccional Cuarta, recuper\u00f3 una motocicleta y sus accesorios que fueron separados de la misma para presuntamente ser vendidos como motopartes. El robo se conoci\u00f3 a ra\u00edz de la [&hellip;]\" \/>\n<meta property=\"og:url\" content=\"https:\/\/cvinoticias.com\/v3\/puerto-iguazu-allanaron-un-departamento-y-recuperaron-una-moto-robada-que-fue-desguazada\/\" \/>\n<meta property=\"og:site_name\" content=\"CVI NOTICIAS\" \/>\n<meta property=\"article:publisher\" content=\"https:\/\/www.facebook.com\/cvinoticias\" \/>\n<meta property=\"article:published_time\" content=\"2021-08-21T01:09:24+00:00\" \/>\n<meta property=\"og:image\" content=\"https:\/\/cvinoticias.com\/wp-content\/uploads\/2021\/08\/FB_IMG_1629507670315.jpg\" \/>\n\t<meta property=\"og:image:width\" content=\"720\" \/>\n\t<meta property=\"og:image:height\" content=\"960\" \/>\n\t<meta property=\"og:image:type\" content=\"image\/jpeg\" \/>\n<meta name=\"author\" content=\"f1000024\" \/>\n<meta name=\"twitter:card\" content=\"summary_large_image\" \/>\n<meta name=\"twitter:label1\" content=\"Escrito por\" \/>\n\t<meta name=\"twitter:data1\" content=\"f1000024\" \/>\n\t<meta name=\"twitter:label2\" content=\"Tiempo de lectura\" \/>\n\t<meta name=\"twitter:data2\" content=\"1 minuto\" \/>\n<script type=\"application\/ld+json\" class=\"yoast-schema-graph\">{\"@context\":\"https:\\\/\\\/schema.org\",\"@graph\":[{\"@type\":\"Article\",\"@id\":\"https:\\\/\\\/cvinoticias.com\\\/v3\\\/puerto-iguazu-allanaron-un-departamento-y-recuperaron-una-moto-robada-que-fue-desguazada\\\/#article\",\"isPartOf\":{\"@id\":\"https:\\\/\\\/cvinoticias.com\\\/v3\\\/puerto-iguazu-allanaron-un-departamento-y-recuperaron-una-moto-robada-que-fue-desguazada\\\/\"},\"author\":{\"name\":\"f1000024\",\"@id\":\"https:\\\/\\\/cvinoticias.com\\\/v3\\\/#\\\/schema\\\/person\\\/2db77e3c6bc03c538495d7b2b8be9b66\"},\"headline\":\"Puerto Iguaz\u00fa: Allanaron un departamento y recuperaron una moto robada que fue desguazada\",\"datePublished\":\"2021-08-21T01:09:24+00:00\",\"mainEntityOfPage\":{\"@id\":\"https:\\\/\\\/cvinoticias.com\\\/v3\\\/puerto-iguazu-allanaron-un-departamento-y-recuperaron-una-moto-robada-que-fue-desguazada\\\/\"},\"wordCount\":230,\"commentCount\":0,\"publisher\":{\"@id\":\"https:\\\/\\\/cvinoticias.com\\\/v3\\\/#organization\"},\"image\":{\"@id\":\"https:\\\/\\\/cvinoticias.com\\\/v3\\\/puerto-iguazu-allanaron-un-departamento-y-recuperaron-una-moto-robada-que-fue-desguazada\\\/#primaryimage\"},\"thumbnailUrl\":\"https:\\\/\\\/cvinoticias.com\\\/wp-content\\\/uploads\\\/2021\\\/08\\\/FB_IMG_1629507670315.jpg\",\"articleSection\":[\"Policiales\"],\"inLanguage\":\"es\",\"potentialAction\":[{\"@type\":\"CommentAction\",\"name\":\"Comment\",\"target\":[\"https:\\\/\\\/cvinoticias.com\\\/v3\\\/puerto-iguazu-allanaron-un-departamento-y-recuperaron-una-moto-robada-que-fue-desguazada\\\/#respond\"]}]},{\"@type\":\"WebPage\",\"@id\":\"https:\\\/\\\/cvinoticias.com\\\/v3\\\/puerto-iguazu-allanaron-un-departamento-y-recuperaron-una-moto-robada-que-fue-desguazada\\\/\",\"url\":\"https:\\\/\\\/cvinoticias.com\\\/v3\\\/puerto-iguazu-allanaron-un-departamento-y-recuperaron-una-moto-robada-que-fue-desguazada\\\/\",\"name\":\"Puerto Iguaz\u00fa: Allanaron un departamento y recuperaron una moto robada que fue desguazada | CVI NOTICIAS\",\"isPartOf\":{\"@id\":\"https:\\\/\\\/cvinoticias.com\\\/v3\\\/#website\"},\"primaryImageOfPage\":{\"@id\":\"https:\\\/\\\/cvinoticias.com\\\/v3\\\/puerto-iguazu-allanaron-un-departamento-y-recuperaron-una-moto-robada-que-fue-desguazada\\\/#primaryimage\"},\"image\":{\"@id\":\"https:\\\/\\\/cvinoticias.com\\\/v3\\\/puerto-iguazu-allanaron-un-departamento-y-recuperaron-una-moto-robada-que-fue-desguazada\\\/#primaryimage\"},\"thumbnailUrl\":\"https:\\\/\\\/cvinoticias.com\\\/wp-content\\\/uploads\\\/2021\\\/08\\\/FB_IMG_1629507670315.jpg\",\"datePublished\":\"2021-08-21T01:09:24+00:00\",\"breadcrumb\":{\"@id\":\"https:\\\/\\\/cvinoticias.com\\\/v3\\\/puerto-iguazu-allanaron-un-departamento-y-recuperaron-una-moto-robada-que-fue-desguazada\\\/#breadcrumb\"},\"inLanguage\":\"es\",\"potentialAction\":[{\"@type\":\"ReadAction\",\"target\":[\"https:\\\/\\\/cvinoticias.com\\\/v3\\\/puerto-iguazu-allanaron-un-departamento-y-recuperaron-una-moto-robada-que-fue-desguazada\\\/\"]}]},{\"@type\":\"ImageObject\",\"inLanguage\":\"es\",\"@id\":\"https:\\\/\\\/cvinoticias.com\\\/v3\\\/puerto-iguazu-allanaron-un-departamento-y-recuperaron-una-moto-robada-que-fue-desguazada\\\/#primaryimage\",\"url\":\"https:\\\/\\\/cvinoticias.com\\\/wp-content\\\/uploads\\\/2021\\\/08\\\/FB_IMG_1629507670315.jpg\",\"contentUrl\":\"https:\\\/\\\/cvinoticias.com\\\/wp-content\\\/uploads\\\/2021\\\/08\\\/FB_IMG_1629507670315.jpg\",\"width\":720,\"height\":960},{\"@type\":\"BreadcrumbList\",\"@id\":\"https:\\\/\\\/cvinoticias.com\\\/v3\\\/puerto-iguazu-allanaron-un-departamento-y-recuperaron-una-moto-robada-que-fue-desguazada\\\/#breadcrumb\",\"itemListElement\":[{\"@type\":\"ListItem\",\"position\":1,\"name\":\"Portada\",\"item\":\"https:\\\/\\\/cvinoticias.com\\\/v3\\\/\"},{\"@type\":\"ListItem\",\"position\":2,\"name\":\"Puerto Iguaz\u00fa: Allanaron un departamento y recuperaron una moto robada que fue desguazada\"}]},{\"@type\":\"WebSite\",\"@id\":\"https:\\\/\\\/cvinoticias.com\\\/v3\\\/#website\",\"url\":\"https:\\\/\\\/cvinoticias.com\\\/v3\\\/\",\"name\":\"CVI NOTICIAS\",\"description\":\"\",\"publisher\":{\"@id\":\"https:\\\/\\\/cvinoticias.com\\\/v3\\\/#organization\"},\"alternateName\":\"CVI\",\"potentialAction\":[{\"@type\":\"SearchAction\",\"target\":{\"@type\":\"EntryPoint\",\"urlTemplate\":\"https:\\\/\\\/cvinoticias.com\\\/v3\\\/?s={search_term_string}\"},\"query-input\":{\"@type\":\"PropertyValueSpecification\",\"valueRequired\":true,\"valueName\":\"search_term_string\"}}],\"inLanguage\":\"es\"},{\"@type\":\"Organization\",\"@id\":\"https:\\\/\\\/cvinoticias.com\\\/v3\\\/#organization\",\"name\":\"CVI NOTICIAS\",\"url\":\"https:\\\/\\\/cvinoticias.com\\\/v3\\\/\",\"logo\":{\"@type\":\"ImageObject\",\"inLanguage\":\"es\",\"@id\":\"https:\\\/\\\/cvinoticias.com\\\/v3\\\/#\\\/schema\\\/logo\\\/image\\\/\",\"url\":\"https:\\\/\\\/cvinoticias.com\\\/wp-content\\\/uploads\\\/2023\\\/04\\\/cropped-cropped-cropped-cropped-cropped-3-1.png\",\"contentUrl\":\"https:\\\/\\\/cvinoticias.com\\\/wp-content\\\/uploads\\\/2023\\\/04\\\/cropped-cropped-cropped-cropped-cropped-3-1.png\",\"width\":95,\"height\":122,\"caption\":\"CVI NOTICIAS\"},\"image\":{\"@id\":\"https:\\\/\\\/cvinoticias.com\\\/v3\\\/#\\\/schema\\\/logo\\\/image\\\/\"},\"sameAs\":[\"https:\\\/\\\/www.facebook.com\\\/cvinoticias\",\"https:\\\/\\\/www.instagram.com\\\/cvinoticias\\\/\",\"https:\\\/\\\/www.youtube.com\\\/@CVINOTICIAS\"]},{\"@type\":\"Person\",\"@id\":\"https:\\\/\\\/cvinoticias.com\\\/v3\\\/#\\\/schema\\\/person\\\/2db77e3c6bc03c538495d7b2b8be9b66\",\"name\":\"f1000024\",\"image\":{\"@type\":\"ImageObject\",\"inLanguage\":\"es\",\"@id\":\"https:\\\/\\\/secure.gravatar.com\\\/avatar\\\/d4fe7459cfc51ff5129ce1a732bbef5928568b8092d412ef95611616376bbeed?s=96&d=mm&r=g\",\"url\":\"https:\\\/\\\/secure.gravatar.com\\\/avatar\\\/d4fe7459cfc51ff5129ce1a732bbef5928568b8092d412ef95611616376bbeed?s=96&d=mm&r=g\",\"contentUrl\":\"https:\\\/\\\/secure.gravatar.com\\\/avatar\\\/d4fe7459cfc51ff5129ce1a732bbef5928568b8092d412ef95611616376bbeed?s=96&d=mm&r=g\",\"caption\":\"f1000024\"},\"url\":\"https:\\\/\\\/cvinoticias.com\\\/v3\\\/author\\\/f1000024\\\/\"}]}<\/script>\n<!-- \/ Yoast SEO plugin. -->","yoast_head_json":{"title":"Puerto Iguaz\u00fa: Allanaron un departamento y recuperaron una moto robada que fue desguazada | CVI NOTICIAS","robots":{"index":"index","follow":"follow","max-snippet":"max-snippet:-1","max-image-preview":"max-image-preview:large","max-video-preview":"max-video-preview:-1"},"canonical":"https:\/\/cvinoticias.com\/v3\/puerto-iguazu-allanaron-un-departamento-y-recuperaron-una-moto-robada-que-fue-desguazada\/","og_locale":"es_ES","og_type":"article","og_title":"Puerto Iguaz\u00fa: Allanaron un departamento y recuperaron una moto robada que fue desguazada | CVI NOTICIAS","og_description":"El procedimiento se concret\u00f3 hoy por la tarde en el barrio Orqu\u00eddeas de esta ciudad, donde el personal de la Divisi\u00f3n Investigaciones en conjunto con la Comisar\u00eda Seccional Cuarta, recuper\u00f3 una motocicleta y sus accesorios que fueron separados de la misma para presuntamente ser vendidos como motopartes. El robo se conoci\u00f3 a ra\u00edz de la [&hellip;]","og_url":"https:\/\/cvinoticias.com\/v3\/puerto-iguazu-allanaron-un-departamento-y-recuperaron-una-moto-robada-que-fue-desguazada\/","og_site_name":"CVI NOTICIAS","article_publisher":"https:\/\/www.facebook.com\/cvinoticias","article_published_time":"2021-08-21T01:09:24+00:00","og_image":[{"width":720,"height":960,"url":"https:\/\/cvinoticias.com\/wp-content\/uploads\/2021\/08\/FB_IMG_1629507670315.jpg","type":"image\/jpeg"}],"author":"f1000024","twitter_card":"summary_large_image","twitter_misc":{"Escrito por":"f1000024","Tiempo de lectura":"1 minuto"},"schema":{"@context":"https:\/\/schema.org","@graph":[{"@type":"Article","@id":"https:\/\/cvinoticias.com\/v3\/puerto-iguazu-allanaron-un-departamento-y-recuperaron-una-moto-robada-que-fue-desguazada\/#article","isPartOf":{"@id":"https:\/\/cvinoticias.com\/v3\/puerto-iguazu-allanaron-un-departamento-y-recuperaron-una-moto-robada-que-fue-desguazada\/"},"author":{"name":"f1000024","@id":"https:\/\/cvinoticias.com\/v3\/#\/schema\/person\/2db77e3c6bc03c538495d7b2b8be9b66"},"headline":"Puerto Iguaz\u00fa: Allanaron un departamento y recuperaron una moto robada que fue desguazada","datePublished":"2021-08-21T01:09:24+00:00","mainEntityOfPage":{"@id":"https:\/\/cvinoticias.com\/v3\/puerto-iguazu-allanaron-un-departamento-y-recuperaron-una-moto-robada-que-fue-desguazada\/"},"wordCount":230,"commentCount":0,"publisher":{"@id":"https:\/\/cvinoticias.com\/v3\/#organization"},"image":{"@id":"https:\/\/cvinoticias.com\/v3\/puerto-iguazu-allanaron-un-departamento-y-recuperaron-una-moto-robada-que-fue-desguazada\/#primaryimage"},"thumbnailUrl":"https:\/\/cvinoticias.com\/wp-content\/uploads\/2021\/08\/FB_IMG_1629507670315.jpg","articleSection":["Policiales"],"inLanguage":"es","potentialAction":[{"@type":"CommentAction","name":"Comment","target":["https:\/\/cvinoticias.com\/v3\/puerto-iguazu-allanaron-un-departamento-y-recuperaron-una-moto-robada-que-fue-desguazada\/#respond"]}]},{"@type":"WebPage","@id":"https:\/\/cvinoticias.com\/v3\/puerto-iguazu-allanaron-un-departamento-y-recuperaron-una-moto-robada-que-fue-desguazada\/","url":"https:\/\/cvinoticias.com\/v3\/puerto-iguazu-allanaron-un-departamento-y-recuperaron-una-moto-robada-que-fue-desguazada\/","name":"Puerto Iguaz\u00fa: Allanaron un departamento y recuperaron una moto robada que fue desguazada | CVI NOTICIAS","isPartOf":{"@id":"https:\/\/cvinoticias.com\/v3\/#website"},"primaryImageOfPage":{"@id":"https:\/\/cvinoticias.com\/v3\/puerto-iguazu-allanaron-un-departamento-y-recuperaron-una-moto-robada-que-fue-desguazada\/#primaryimage"},"image":{"@id":"https:\/\/cvinoticias.com\/v3\/puerto-iguazu-allanaron-un-departamento-y-recuperaron-una-moto-robada-que-fue-desguazada\/#primaryimage"},"thumbnailUrl":"https:\/\/cvinoticias.com\/wp-content\/uploads\/2021\/08\/FB_IMG_1629507670315.jpg","datePublished":"2021-08-21T01:09:24+00:00","breadcrumb":{"@id":"https:\/\/cvinoticias.com\/v3\/puerto-iguazu-allanaron-un-departamento-y-recuperaron-una-moto-robada-que-fue-desguazada\/#breadcrumb"},"inLanguage":"es","potentialAction":[{"@type":"ReadAction","target":["https:\/\/cvinoticias.com\/v3\/puerto-iguazu-allanaron-un-departamento-y-recuperaron-una-moto-robada-que-fue-desguazada\/"]}]},{"@type":"ImageObject","inLanguage":"es","@id":"https:\/\/cvinoticias.com\/v3\/puerto-iguazu-allanaron-un-departamento-y-recuperaron-una-moto-robada-que-fue-desguazada\/#primaryimage","url":"https:\/\/cvinoticias.com\/wp-content\/uploads\/2021\/08\/FB_IMG_1629507670315.jpg","contentUrl":"https:\/\/cvinoticias.com\/wp-content\/uploads\/2021\/08\/FB_IMG_1629507670315.jpg","width":720,"height":960},{"@type":"BreadcrumbList","@id":"https:\/\/cvinoticias.com\/v3\/puerto-iguazu-allanaron-un-departamento-y-recuperaron-una-moto-robada-que-fue-desguazada\/#breadcrumb","itemListElement":[{"@type":"ListItem","position":1,"name":"Portada","item":"https:\/\/cvinoticias.com\/v3\/"},{"@type":"ListItem","position":2,"name":"Puerto Iguaz\u00fa: Allanaron un departamento y recuperaron una moto robada que fue desguazada"}]},{"@type":"WebSite","@id":"https:\/\/cvinoticias.com\/v3\/#website","url":"https:\/\/cvinoticias.com\/v3\/","name":"CVI NOTICIAS","description":"","publisher":{"@id":"https:\/\/cvinoticias.com\/v3\/#organization"},"alternateName":"CVI","potentialAction":[{"@type":"SearchAction","target":{"@type":"EntryPoint","urlTemplate":"https:\/\/cvinoticias.com\/v3\/?s={search_term_string}"},"query-input":{"@type":"PropertyValueSpecification","valueRequired":true,"valueName":"search_term_string"}}],"inLanguage":"es"},{"@type":"Organization","@id":"https:\/\/cvinoticias.com\/v3\/#organization","name":"CVI NOTICIAS","url":"https:\/\/cvinoticias.com\/v3\/","logo":{"@type":"ImageObject","inLanguage":"es","@id":"https:\/\/cvinoticias.com\/v3\/#\/schema\/logo\/image\/","url":"https:\/\/cvinoticias.com\/wp-content\/uploads\/2023\/04\/cropped-cropped-cropped-cropped-cropped-3-1.png","contentUrl":"https:\/\/cvinoticias.com\/wp-content\/uploads\/2023\/04\/cropped-cropped-cropped-cropped-cropped-3-1.png","width":95,"height":122,"caption":"CVI NOTICIAS"},"image":{"@id":"https:\/\/cvinoticias.com\/v3\/#\/schema\/logo\/image\/"},"sameAs":["https:\/\/www.facebook.com\/cvinoticias","https:\/\/www.instagram.com\/cvinoticias\/","https:\/\/www.youtube.com\/@CVINOTICIAS"]},{"@type":"Person","@id":"https:\/\/cvinoticias.com\/v3\/#\/schema\/person\/2db77e3c6bc03c538495d7b2b8be9b66","name":"f1000024","image":{"@type":"ImageObject","inLanguage":"es","@id":"https:\/\/secure.gravatar.com\/avatar\/d4fe7459cfc51ff5129ce1a732bbef5928568b8092d412ef95611616376bbeed?s=96&d=mm&r=g","url":"https:\/\/secure.gravatar.com\/avatar\/d4fe7459cfc51ff5129ce1a732bbef5928568b8092d412ef95611616376bbeed?s=96&d=mm&r=g","contentUrl":"https:\/\/secure.gravatar.com\/avatar\/d4fe7459cfc51ff5129ce1a732bbef5928568b8092d412ef95611616376bbeed?s=96&d=mm&r=g","caption":"f1000024"},"url":"https:\/\/cvinoticias.com\/v3\/author\/f1000024\/"}]}},"_links":{"self":[{"href":"https:\/\/cvinoticias.com\/v3\/wp-json\/wp\/v2\/posts\/7802","targetHints":{"allow":["GET"]}}],"collection":[{"href":"https:\/\/cvinoticias.com\/v3\/wp-json\/wp\/v2\/posts"}],"about":[{"href":"https:\/\/cvinoticias.com\/v3\/wp-json\/wp\/v2\/types\/post"}],"author":[{"embeddable":true,"href":"https:\/\/cvinoticias.com\/v3\/wp-json\/wp\/v2\/users\/2"}],"replies":[{"embeddable":true,"href":"https:\/\/cvinoticias.com\/v3\/wp-json\/wp\/v2\/comments?post=7802"}],"version-history":[{"count":1,"href":"https:\/\/cvinoticias.com\/v3\/wp-json\/wp\/v2\/posts\/7802\/revisions"}],"predecessor-version":[{"id":7805,"href":"https:\/\/cvinoticias.com\/v3\/wp-json\/wp\/v2\/posts\/7802\/revisions\/7805"}],"wp:featuredmedia":[{"embeddable":true,"href":"https:\/\/cvinoticias.com\/v3\/wp-json\/wp\/v2\/media\/7803"}],"wp:attachment":[{"href":"https:\/\/cvinoticias.com\/v3\/wp-json\/wp\/v2\/media?parent=7802"}],"wp:term":[{"taxonomy":"category","embeddable":true,"href":"https:\/\/cvinoticias.com\/v3\/wp-json\/wp\/v2\/categories?post=7802"},{"taxonomy":"post_tag","embeddable":true,"href":"https:\/\/cvinoticias.com\/v3\/wp-json\/wp\/v2\/tags?post=7802"}],"curies":[{"name":"wp","href":"https:\/\/api.w.org\/{rel}","templated":true}]}}