{"id":7799,"date":"2021-08-20T15:45:39","date_gmt":"2021-08-20T15:45:39","guid":{"rendered":"https:\/\/cvinoticias.com\/v3\/?p=7799"},"modified":"2021-08-20T15:45:39","modified_gmt":"2021-08-20T15:45:39","slug":"el-programa-repro-ii-se-extiende-a-agosto-con-cambios","status":"publish","type":"post","link":"https:\/\/cvinoticias.com\/v3\/el-programa-repro-ii-se-extiende-a-agosto-con-cambios\/","title":{"rendered":"El Programa Repro II se extiende a agosto con cambios"},"content":{"rendered":"\n<p><strong><em>El Ministerio de Trabajo, a cargo de Gabriel Moroni, extendi\u00f3 el Programa Repro II para asistir a las empresas con los pagos de agosto 2021. Se implementaron algunos cambios en las condiciones para el subsidio que se brinda para el pago de salarios.<\/em><\/strong><\/p>\n\n\n\n<p>El Ministerio de Trabajo extendi\u00f3 el Programa de Asistencia de Emergencia a Trabajadoras y Trabajadores Independientes en sectores cr\u00edticos para los salarios devengados este mes, a trav\u00e9s de la Resoluci\u00f3n 486\/2021 publicada hoy en el Bolet\u00edn Oficial.<\/p>\n\n\n\n<p>La norma establece que estos trabajadores deber\u00e1n cumplir con el conjunto de indicadores econ\u00f3micos, financieros y laborales, fijados para el criterio de selecci\u00f3n, que hasta ahora se comparaban interanualmente y pasan a hacerse contra 2019.<\/p>\n\n\n\n<p>Los indicadores son la variaci\u00f3n porcentual de la facturaci\u00f3n, del IVA compras, del consumo de energ\u00eda el\u00e9ctrica y gas\u00edfera, de la relaci\u00f3n entre el costo laboral total y la facturaci\u00f3n, y de las importaciones, el endeudamiento (pasivo total \/ patrimonio neto) y la liquidez corriente (activo corriente \/ pasivo corriente).<\/p>\n\n\n\n<p>Para todos los indicadores, excepto los de endeudamiento y liquidez corriente, el per\u00edodo de referencia para la variaci\u00f3n porcentual son los \u00faltimos dos meses anteriores al mes en el cual el Programa brinda la asistencia y los mismos meses de 2019.<\/p>\n\n\n\n<p>Por otra parte, la resoluci\u00f3n except\u00faa a los sectores cr\u00edticos, para el mes correspondiente a los salarios devengados en agosto, de la presentaci\u00f3n del balance requerido.<\/p>\n\n\n\n<p>Adem\u00e1s, se\u00f1ala que, para acceder al beneficio de $ 22.000, la trabajadora o el trabajador independiente deber\u00e1 presentar una reducci\u00f3n de la facturaci\u00f3n superior al 20% en t\u00e9rminos reales, para el per\u00edodo comprendido entre julio de 2019 y el mismo mes de 2021, cuando hasta ahora se tomaba abril de ambos a\u00f1os para su comparaci\u00f3n.<\/p>\n\n\n\n<p>Seg\u00fan se public\u00f3 en el Bolet\u00edn Oficial, se explica: \u201cQue en virtud de las mencionadas medidas de prevenci\u00f3n vigentes en el marco de la Pandemia del COVID-19, y el consecuente desarrollo e implementaci\u00f3n del \u201cPrograma REPRO II\u201d y del \u201cPrograma de Asistencia de Emergencia a Trabajadoras y Trabajadores Independientes en sectores cr\u00edticos\u201d para afrontar la situaci\u00f3n econ\u00f3mico y social producto de dicha pandemia, resulta pertinente realizar modificaciones al Programa REPRO como as\u00ed tambi\u00e9n extender al mes de agosto de 2021 el Programa de Asistencia de Emergencia a Trabajadoras y Trabajadores Independientes en sectores cr\u00edticos\u201d.<\/p>\n\n\n\n<p>La Resolu<strong>ci\u00f3n 486\/2021 indica:<\/strong><\/p>\n\n\n\n<p>ART\u00cdCULO 1\u00b0.- Sustit\u00fayese el inciso b. del art\u00edculo 5\u00ba de la Resoluci\u00f3n del MINISTERIO DE TRABAJO, EMPLEO Y SEGURIDAD SOCIAL N\u00ba 938\/2020 por el siguiente:<\/p>\n\n\n\n<p>\u201cb. Criterios de selecci\u00f3n: Constituyen la evaluaci\u00f3n de un conjunto de indicadores econ\u00f3micos, financieros y laborales. Los indicadores son los siguientes:<\/p>\n\n\n\n<p>I. Variaci\u00f3n porcentual de la facturaci\u00f3n<\/p>\n\n\n\n<p>II. Variaci\u00f3n porcentual del IVA compras.<\/p>\n\n\n\n<p>III. Endeudamiento (pasivo total \/ patrimonio neto).<\/p>\n\n\n\n<p>IV. Liquidez corriente (activo corriente \/ pasivo corriente).<\/p>\n\n\n\n<p>V. Variaci\u00f3n porcentual del consumo de energ\u00eda el\u00e9ctrica y gas\u00edfera.<\/p>\n\n\n\n<p>VI. Variaci\u00f3n porcentual de la relaci\u00f3n entre el costo laboral total y la facturaci\u00f3n.<\/p>\n\n\n\n<p>VII. Variaci\u00f3n porcentual de las importaciones.<\/p>\n\n\n\n<p>Para todos los indicadores, excepto los de endeudamiento y liquidez corriente, el periodo de referencia para la variaci\u00f3n porcentual son los \u00faltimos DOS (2) meses anteriores al mes en el cual el Programa brinda la asistencia y los mismos meses del a\u00f1o 2019. Para los indicadores de endeudamiento y liquidez corriente, el periodo de referencia es el mes anterior al mes en el cual en el cual el Programa brinda la asistencia.<\/p>\n\n\n\n<p>Los indicadores detallados podr\u00e1n ser susceptibles de adecuaci\u00f3n o modificaci\u00f3n de acuerdo a la evoluci\u00f3n y desarrollo del Programa.<\/p>\n\n\n\n<p>Se podr\u00e1n definir par\u00e1metros diferenciados para el conjunto de los indicadores seleccionados considerando s\u00ed las empleadoras y los empleadores pertenecen a los sectores cr\u00edticos, no cr\u00edticos o al Sector Salud.\u201d<\/p>\n\n\n\n<p>ART\u00cdCULO 2\u00ba.- Except\u00faase a los sectores cr\u00edticos, para el mes correspondiente a los salarios devengados en el mes de agosto de 2021, de la presentaci\u00f3n del balance requerida en el en el inciso b. del art\u00edculo 3\u00ba de la Resoluci\u00f3n del MINISTERIO DE TRABAJO, EMPLEO Y SEGURIDAD SOCIAL N\u00ba 938\/2020.<\/p>\n\n\n\n<p>ART\u00cdCULO 3\u00ba.- Manti\u00e9nese la suspensi\u00f3n de la liquidaci\u00f3n de las sumas dinerarias establecidas mediante la Resoluci\u00f3n Conjunta del MINISTERIO DE TRABAJO, EMPLEO Y SEGURIDAD SOCIAL Y MINISTERIO DE CULTURA N\u00ba 2 del 9 de marzo de 2021 y por la Resoluci\u00f3n Conjunta del MINISTERIO DE TURISMO Y DEPORTES Y MINISTERIO DE DESARROLLO PRODUCTIVO Y MINISTERIO DE TRABAJO, EMPLEO Y SEGURIDAD SOCIAL N\u00ba 1 del 15 de marzo de 2021.<\/p>\n\n\n\n<p>En el caso de que la suma dineraria establecida por la Resoluci\u00f3n Conjunta del MINISTERIO DE TURISMO Y DEPORTES Y MINISTERIO DE DESARROLLO PRODUCTIVO Y MINISTERIO DE TRABAJO, EMPLEO Y SEGURIDAD SOCIAL N\u00ba 1 del 15 de marzo de 2021, la suspensi\u00f3n establecida en el p\u00e1rrafo precedente ser\u00e1 de aplicaci\u00f3n a la liquidaci\u00f3n de aquellas sumas adicionales destinadas a cuenta del pago de remuneraciones a cargo de los empleadores y las empleadoras pertenecientes a sectores cr\u00edticos en el marco del Programa REPRO II.<\/p>\n\n\n\n<p>ART\u00cdCULO 4\u00ba.- Exti\u00e9ndese al mes de agosto de 2021 el \u201cPrograma de Asistencia de Emergencia a Trabajadoras y Trabajadores Independientes en sectores cr\u00edticos\u201d, en el marco de medidas vigente con motivo de la Pandemia del Covid-19, en orden a lo dispuesto en el art\u00edculo 5\u00ba de la Resoluci\u00f3n del MINISTERIO DE TRABAJO, EMPLEO Y SEGURIDAD SOCIAL N\u00ba 201\/2021 y sus modificatorias.<\/p>\n\n\n\n<p>ART\u00cdCULO 5\u00ba.- Sustit\u00fayese el inciso c. del art\u00edculo 3\u00ba de la Resoluci\u00f3n del MINISTERIO DE TRABAJO, EMPLEO Y SEGURIDAD SOCIAL N\u00ba 201\/21 por el siguiente:<\/p>\n\n\n\n<p>\u201cc. Presentar una reducci\u00f3n de la facturaci\u00f3n superior al VEINTE POR CIENTO (20%) en t\u00e9rminos reales, para el periodo comprendido entre julio de 2019 y julio de 2021.\u201d.<\/p>\n\n\n\n<p>ART\u00cdCULO 6\u00ba.- Sustit\u00fayese el ac\u00e1pite II del inciso d. del art\u00edculo 3\u00ba de la Resoluci\u00f3n del MINISTERIO DE TRABAJO, EMPLEO Y SEGURIDAD SOCIAL N\u00ba 201\/21 por el siguiente:<\/p>\n\n\n\n<p>\u201cII. Cumplir con el conjunto de indicadores econ\u00f3micos, financieros y laborales que conforman los criterios de selecci\u00f3n establecidos en el inciso b. del art\u00edculo 5\u00b0 de la Resoluci\u00f3n del MINISTERIO DE TRABAJO, EMPLEO Y SEGURIDAD SOCIAL N\u00ba 938\/2020 y sus modificatorias, de acuerdo a los par\u00e1metros establecidos por el Comit\u00e9 de Evaluaci\u00f3n y Monitoreo del \u201cPrograma REPRO II\u201d para el Programa REPRO II correspondiente a los salarios devengados de agosto de 2021.\u201d.<\/p>\n\n\n\n<p>ART\u00cdCULO 7\u00ba.- La presente medida entrar\u00e1 en vigencia a partir del d\u00eda de su dictado.<\/p>\n\n\n\n<p>Fuente: \u00c1mbito<\/p>\n","protected":false},"excerpt":{"rendered":"<p>El Ministerio de Trabajo, a cargo de Gabriel Moroni, extendi\u00f3 el Programa Repro II para asistir a las empresas con los pagos de agosto 2021. Se implementaron algunos cambios en las condiciones para el subsidio que se brinda para el pago de salarios. El Ministerio de Trabajo extendi\u00f3 el Programa de Asistencia de Emergencia a [&hellip;]<\/p>\n","protected":false},"author":2,"featured_media":7800,"comment_status":"open","ping_status":"open","sticky":false,"template":"","format":"standard","meta":{"footnotes":""},"categories":[35],"tags":[],"class_list":["post-7799","post","type-post","status-publish","format-standard","has-post-thumbnail","hentry","category-informacion-general"],"yoast_head":"<!-- This site is optimized with the Yoast SEO plugin v27.4 - https:\/\/yoast.com\/product\/yoast-seo-wordpress\/ -->\n<title>El Programa Repro II se extiende a agosto con cambios | CVI NOTICIAS<\/title>\n<meta name=\"robots\" content=\"index, follow, max-snippet:-1, max-image-preview:large, max-video-preview:-1\" \/>\n<link rel=\"canonical\" href=\"https:\/\/cvinoticias.com\/v3\/el-programa-repro-ii-se-extiende-a-agosto-con-cambios\/\" \/>\n<meta property=\"og:locale\" content=\"es_ES\" \/>\n<meta property=\"og:type\" content=\"article\" \/>\n<meta property=\"og:title\" content=\"El Programa Repro II se extiende a agosto con cambios | CVI NOTICIAS\" \/>\n<meta property=\"og:description\" content=\"El Ministerio de Trabajo, a cargo de Gabriel Moroni, extendi\u00f3 el Programa Repro II para asistir a las empresas con los pagos de agosto 2021. Se implementaron algunos cambios en las condiciones para el subsidio que se brinda para el pago de salarios. El Ministerio de Trabajo extendi\u00f3 el Programa de Asistencia de Emergencia a [&hellip;]\" \/>\n<meta property=\"og:url\" content=\"https:\/\/cvinoticias.com\/v3\/el-programa-repro-ii-se-extiende-a-agosto-con-cambios\/\" \/>\n<meta property=\"og:site_name\" content=\"CVI NOTICIAS\" \/>\n<meta property=\"article:publisher\" content=\"https:\/\/www.facebook.com\/cvinoticias\" \/>\n<meta property=\"article:published_time\" content=\"2021-08-20T15:45:39+00:00\" \/>\n<meta property=\"og:image\" content=\"https:\/\/cvinoticias.com\/wp-content\/uploads\/2021\/08\/Screenshot_20210820-124359_Chrome.jpg\" \/>\n\t<meta property=\"og:image:width\" content=\"1080\" \/>\n\t<meta property=\"og:image:height\" content=\"566\" \/>\n\t<meta property=\"og:image:type\" content=\"image\/jpeg\" \/>\n<meta name=\"author\" content=\"f1000024\" \/>\n<meta name=\"twitter:card\" content=\"summary_large_image\" \/>\n<meta name=\"twitter:label1\" content=\"Escrito por\" \/>\n\t<meta name=\"twitter:data1\" content=\"f1000024\" \/>\n\t<meta name=\"twitter:label2\" content=\"Tiempo de lectura\" \/>\n\t<meta name=\"twitter:data2\" content=\"6 minutos\" \/>\n<script type=\"application\/ld+json\" class=\"yoast-schema-graph\">{\"@context\":\"https:\\\/\\\/schema.org\",\"@graph\":[{\"@type\":\"Article\",\"@id\":\"https:\\\/\\\/cvinoticias.com\\\/v3\\\/el-programa-repro-ii-se-extiende-a-agosto-con-cambios\\\/#article\",\"isPartOf\":{\"@id\":\"https:\\\/\\\/cvinoticias.com\\\/v3\\\/el-programa-repro-ii-se-extiende-a-agosto-con-cambios\\\/\"},\"author\":{\"name\":\"f1000024\",\"@id\":\"https:\\\/\\\/cvinoticias.com\\\/v3\\\/#\\\/schema\\\/person\\\/2db77e3c6bc03c538495d7b2b8be9b66\"},\"headline\":\"El Programa Repro II se extiende a agosto con cambios\",\"datePublished\":\"2021-08-20T15:45:39+00:00\",\"mainEntityOfPage\":{\"@id\":\"https:\\\/\\\/cvinoticias.com\\\/v3\\\/el-programa-repro-ii-se-extiende-a-agosto-con-cambios\\\/\"},\"wordCount\":1117,\"commentCount\":0,\"publisher\":{\"@id\":\"https:\\\/\\\/cvinoticias.com\\\/v3\\\/#organization\"},\"image\":{\"@id\":\"https:\\\/\\\/cvinoticias.com\\\/v3\\\/el-programa-repro-ii-se-extiende-a-agosto-con-cambios\\\/#primaryimage\"},\"thumbnailUrl\":\"https:\\\/\\\/cvinoticias.com\\\/wp-content\\\/uploads\\\/2021\\\/08\\\/Screenshot_20210820-124359_Chrome.jpg\",\"articleSection\":[\"Informaci\u00f3n General\"],\"inLanguage\":\"es\",\"potentialAction\":[{\"@type\":\"CommentAction\",\"name\":\"Comment\",\"target\":[\"https:\\\/\\\/cvinoticias.com\\\/v3\\\/el-programa-repro-ii-se-extiende-a-agosto-con-cambios\\\/#respond\"]}]},{\"@type\":\"WebPage\",\"@id\":\"https:\\\/\\\/cvinoticias.com\\\/v3\\\/el-programa-repro-ii-se-extiende-a-agosto-con-cambios\\\/\",\"url\":\"https:\\\/\\\/cvinoticias.com\\\/v3\\\/el-programa-repro-ii-se-extiende-a-agosto-con-cambios\\\/\",\"name\":\"El Programa Repro II se extiende a agosto con cambios | CVI NOTICIAS\",\"isPartOf\":{\"@id\":\"https:\\\/\\\/cvinoticias.com\\\/v3\\\/#website\"},\"primaryImageOfPage\":{\"@id\":\"https:\\\/\\\/cvinoticias.com\\\/v3\\\/el-programa-repro-ii-se-extiende-a-agosto-con-cambios\\\/#primaryimage\"},\"image\":{\"@id\":\"https:\\\/\\\/cvinoticias.com\\\/v3\\\/el-programa-repro-ii-se-extiende-a-agosto-con-cambios\\\/#primaryimage\"},\"thumbnailUrl\":\"https:\\\/\\\/cvinoticias.com\\\/wp-content\\\/uploads\\\/2021\\\/08\\\/Screenshot_20210820-124359_Chrome.jpg\",\"datePublished\":\"2021-08-20T15:45:39+00:00\",\"breadcrumb\":{\"@id\":\"https:\\\/\\\/cvinoticias.com\\\/v3\\\/el-programa-repro-ii-se-extiende-a-agosto-con-cambios\\\/#breadcrumb\"},\"inLanguage\":\"es\",\"potentialAction\":[{\"@type\":\"ReadAction\",\"target\":[\"https:\\\/\\\/cvinoticias.com\\\/v3\\\/el-programa-repro-ii-se-extiende-a-agosto-con-cambios\\\/\"]}]},{\"@type\":\"ImageObject\",\"inLanguage\":\"es\",\"@id\":\"https:\\\/\\\/cvinoticias.com\\\/v3\\\/el-programa-repro-ii-se-extiende-a-agosto-con-cambios\\\/#primaryimage\",\"url\":\"https:\\\/\\\/cvinoticias.com\\\/wp-content\\\/uploads\\\/2021\\\/08\\\/Screenshot_20210820-124359_Chrome.jpg\",\"contentUrl\":\"https:\\\/\\\/cvinoticias.com\\\/wp-content\\\/uploads\\\/2021\\\/08\\\/Screenshot_20210820-124359_Chrome.jpg\",\"width\":1080,\"height\":566},{\"@type\":\"BreadcrumbList\",\"@id\":\"https:\\\/\\\/cvinoticias.com\\\/v3\\\/el-programa-repro-ii-se-extiende-a-agosto-con-cambios\\\/#breadcrumb\",\"itemListElement\":[{\"@type\":\"ListItem\",\"position\":1,\"name\":\"Portada\",\"item\":\"https:\\\/\\\/cvinoticias.com\\\/v3\\\/\"},{\"@type\":\"ListItem\",\"position\":2,\"name\":\"El Programa Repro II se extiende a agosto con cambios\"}]},{\"@type\":\"WebSite\",\"@id\":\"https:\\\/\\\/cvinoticias.com\\\/v3\\\/#website\",\"url\":\"https:\\\/\\\/cvinoticias.com\\\/v3\\\/\",\"name\":\"CVI NOTICIAS\",\"description\":\"\",\"publisher\":{\"@id\":\"https:\\\/\\\/cvinoticias.com\\\/v3\\\/#organization\"},\"alternateName\":\"CVI\",\"potentialAction\":[{\"@type\":\"SearchAction\",\"target\":{\"@type\":\"EntryPoint\",\"urlTemplate\":\"https:\\\/\\\/cvinoticias.com\\\/v3\\\/?s={search_term_string}\"},\"query-input\":{\"@type\":\"PropertyValueSpecification\",\"valueRequired\":true,\"valueName\":\"search_term_string\"}}],\"inLanguage\":\"es\"},{\"@type\":\"Organization\",\"@id\":\"https:\\\/\\\/cvinoticias.com\\\/v3\\\/#organization\",\"name\":\"CVI NOTICIAS\",\"url\":\"https:\\\/\\\/cvinoticias.com\\\/v3\\\/\",\"logo\":{\"@type\":\"ImageObject\",\"inLanguage\":\"es\",\"@id\":\"https:\\\/\\\/cvinoticias.com\\\/v3\\\/#\\\/schema\\\/logo\\\/image\\\/\",\"url\":\"https:\\\/\\\/cvinoticias.com\\\/wp-content\\\/uploads\\\/2023\\\/04\\\/cropped-cropped-cropped-cropped-cropped-3-1.png\",\"contentUrl\":\"https:\\\/\\\/cvinoticias.com\\\/wp-content\\\/uploads\\\/2023\\\/04\\\/cropped-cropped-cropped-cropped-cropped-3-1.png\",\"width\":95,\"height\":122,\"caption\":\"CVI NOTICIAS\"},\"image\":{\"@id\":\"https:\\\/\\\/cvinoticias.com\\\/v3\\\/#\\\/schema\\\/logo\\\/image\\\/\"},\"sameAs\":[\"https:\\\/\\\/www.facebook.com\\\/cvinoticias\",\"https:\\\/\\\/www.instagram.com\\\/cvinoticias\\\/\",\"https:\\\/\\\/www.youtube.com\\\/@CVINOTICIAS\"]},{\"@type\":\"Person\",\"@id\":\"https:\\\/\\\/cvinoticias.com\\\/v3\\\/#\\\/schema\\\/person\\\/2db77e3c6bc03c538495d7b2b8be9b66\",\"name\":\"f1000024\",\"image\":{\"@type\":\"ImageObject\",\"inLanguage\":\"es\",\"@id\":\"https:\\\/\\\/secure.gravatar.com\\\/avatar\\\/d4fe7459cfc51ff5129ce1a732bbef5928568b8092d412ef95611616376bbeed?s=96&d=mm&r=g\",\"url\":\"https:\\\/\\\/secure.gravatar.com\\\/avatar\\\/d4fe7459cfc51ff5129ce1a732bbef5928568b8092d412ef95611616376bbeed?s=96&d=mm&r=g\",\"contentUrl\":\"https:\\\/\\\/secure.gravatar.com\\\/avatar\\\/d4fe7459cfc51ff5129ce1a732bbef5928568b8092d412ef95611616376bbeed?s=96&d=mm&r=g\",\"caption\":\"f1000024\"},\"url\":\"https:\\\/\\\/cvinoticias.com\\\/v3\\\/author\\\/f1000024\\\/\"}]}<\/script>\n<!-- \/ Yoast SEO plugin. -->","yoast_head_json":{"title":"El Programa Repro II se extiende a agosto con cambios | CVI NOTICIAS","robots":{"index":"index","follow":"follow","max-snippet":"max-snippet:-1","max-image-preview":"max-image-preview:large","max-video-preview":"max-video-preview:-1"},"canonical":"https:\/\/cvinoticias.com\/v3\/el-programa-repro-ii-se-extiende-a-agosto-con-cambios\/","og_locale":"es_ES","og_type":"article","og_title":"El Programa Repro II se extiende a agosto con cambios | CVI NOTICIAS","og_description":"El Ministerio de Trabajo, a cargo de Gabriel Moroni, extendi\u00f3 el Programa Repro II para asistir a las empresas con los pagos de agosto 2021. Se implementaron algunos cambios en las condiciones para el subsidio que se brinda para el pago de salarios. El Ministerio de Trabajo extendi\u00f3 el Programa de Asistencia de Emergencia a [&hellip;]","og_url":"https:\/\/cvinoticias.com\/v3\/el-programa-repro-ii-se-extiende-a-agosto-con-cambios\/","og_site_name":"CVI NOTICIAS","article_publisher":"https:\/\/www.facebook.com\/cvinoticias","article_published_time":"2021-08-20T15:45:39+00:00","og_image":[{"width":1080,"height":566,"url":"https:\/\/cvinoticias.com\/wp-content\/uploads\/2021\/08\/Screenshot_20210820-124359_Chrome.jpg","type":"image\/jpeg"}],"author":"f1000024","twitter_card":"summary_large_image","twitter_misc":{"Escrito por":"f1000024","Tiempo de lectura":"6 minutos"},"schema":{"@context":"https:\/\/schema.org","@graph":[{"@type":"Article","@id":"https:\/\/cvinoticias.com\/v3\/el-programa-repro-ii-se-extiende-a-agosto-con-cambios\/#article","isPartOf":{"@id":"https:\/\/cvinoticias.com\/v3\/el-programa-repro-ii-se-extiende-a-agosto-con-cambios\/"},"author":{"name":"f1000024","@id":"https:\/\/cvinoticias.com\/v3\/#\/schema\/person\/2db77e3c6bc03c538495d7b2b8be9b66"},"headline":"El Programa Repro II se extiende a agosto con cambios","datePublished":"2021-08-20T15:45:39+00:00","mainEntityOfPage":{"@id":"https:\/\/cvinoticias.com\/v3\/el-programa-repro-ii-se-extiende-a-agosto-con-cambios\/"},"wordCount":1117,"commentCount":0,"publisher":{"@id":"https:\/\/cvinoticias.com\/v3\/#organization"},"image":{"@id":"https:\/\/cvinoticias.com\/v3\/el-programa-repro-ii-se-extiende-a-agosto-con-cambios\/#primaryimage"},"thumbnailUrl":"https:\/\/cvinoticias.com\/wp-content\/uploads\/2021\/08\/Screenshot_20210820-124359_Chrome.jpg","articleSection":["Informaci\u00f3n General"],"inLanguage":"es","potentialAction":[{"@type":"CommentAction","name":"Comment","target":["https:\/\/cvinoticias.com\/v3\/el-programa-repro-ii-se-extiende-a-agosto-con-cambios\/#respond"]}]},{"@type":"WebPage","@id":"https:\/\/cvinoticias.com\/v3\/el-programa-repro-ii-se-extiende-a-agosto-con-cambios\/","url":"https:\/\/cvinoticias.com\/v3\/el-programa-repro-ii-se-extiende-a-agosto-con-cambios\/","name":"El Programa Repro II se extiende a agosto con cambios | CVI NOTICIAS","isPartOf":{"@id":"https:\/\/cvinoticias.com\/v3\/#website"},"primaryImageOfPage":{"@id":"https:\/\/cvinoticias.com\/v3\/el-programa-repro-ii-se-extiende-a-agosto-con-cambios\/#primaryimage"},"image":{"@id":"https:\/\/cvinoticias.com\/v3\/el-programa-repro-ii-se-extiende-a-agosto-con-cambios\/#primaryimage"},"thumbnailUrl":"https:\/\/cvinoticias.com\/wp-content\/uploads\/2021\/08\/Screenshot_20210820-124359_Chrome.jpg","datePublished":"2021-08-20T15:45:39+00:00","breadcrumb":{"@id":"https:\/\/cvinoticias.com\/v3\/el-programa-repro-ii-se-extiende-a-agosto-con-cambios\/#breadcrumb"},"inLanguage":"es","potentialAction":[{"@type":"ReadAction","target":["https:\/\/cvinoticias.com\/v3\/el-programa-repro-ii-se-extiende-a-agosto-con-cambios\/"]}]},{"@type":"ImageObject","inLanguage":"es","@id":"https:\/\/cvinoticias.com\/v3\/el-programa-repro-ii-se-extiende-a-agosto-con-cambios\/#primaryimage","url":"https:\/\/cvinoticias.com\/wp-content\/uploads\/2021\/08\/Screenshot_20210820-124359_Chrome.jpg","contentUrl":"https:\/\/cvinoticias.com\/wp-content\/uploads\/2021\/08\/Screenshot_20210820-124359_Chrome.jpg","width":1080,"height":566},{"@type":"BreadcrumbList","@id":"https:\/\/cvinoticias.com\/v3\/el-programa-repro-ii-se-extiende-a-agosto-con-cambios\/#breadcrumb","itemListElement":[{"@type":"ListItem","position":1,"name":"Portada","item":"https:\/\/cvinoticias.com\/v3\/"},{"@type":"ListItem","position":2,"name":"El Programa Repro II se extiende a agosto con cambios"}]},{"@type":"WebSite","@id":"https:\/\/cvinoticias.com\/v3\/#website","url":"https:\/\/cvinoticias.com\/v3\/","name":"CVI NOTICIAS","description":"","publisher":{"@id":"https:\/\/cvinoticias.com\/v3\/#organization"},"alternateName":"CVI","potentialAction":[{"@type":"SearchAction","target":{"@type":"EntryPoint","urlTemplate":"https:\/\/cvinoticias.com\/v3\/?s={search_term_string}"},"query-input":{"@type":"PropertyValueSpecification","valueRequired":true,"valueName":"search_term_string"}}],"inLanguage":"es"},{"@type":"Organization","@id":"https:\/\/cvinoticias.com\/v3\/#organization","name":"CVI NOTICIAS","url":"https:\/\/cvinoticias.com\/v3\/","logo":{"@type":"ImageObject","inLanguage":"es","@id":"https:\/\/cvinoticias.com\/v3\/#\/schema\/logo\/image\/","url":"https:\/\/cvinoticias.com\/wp-content\/uploads\/2023\/04\/cropped-cropped-cropped-cropped-cropped-3-1.png","contentUrl":"https:\/\/cvinoticias.com\/wp-content\/uploads\/2023\/04\/cropped-cropped-cropped-cropped-cropped-3-1.png","width":95,"height":122,"caption":"CVI NOTICIAS"},"image":{"@id":"https:\/\/cvinoticias.com\/v3\/#\/schema\/logo\/image\/"},"sameAs":["https:\/\/www.facebook.com\/cvinoticias","https:\/\/www.instagram.com\/cvinoticias\/","https:\/\/www.youtube.com\/@CVINOTICIAS"]},{"@type":"Person","@id":"https:\/\/cvinoticias.com\/v3\/#\/schema\/person\/2db77e3c6bc03c538495d7b2b8be9b66","name":"f1000024","image":{"@type":"ImageObject","inLanguage":"es","@id":"https:\/\/secure.gravatar.com\/avatar\/d4fe7459cfc51ff5129ce1a732bbef5928568b8092d412ef95611616376bbeed?s=96&d=mm&r=g","url":"https:\/\/secure.gravatar.com\/avatar\/d4fe7459cfc51ff5129ce1a732bbef5928568b8092d412ef95611616376bbeed?s=96&d=mm&r=g","contentUrl":"https:\/\/secure.gravatar.com\/avatar\/d4fe7459cfc51ff5129ce1a732bbef5928568b8092d412ef95611616376bbeed?s=96&d=mm&r=g","caption":"f1000024"},"url":"https:\/\/cvinoticias.com\/v3\/author\/f1000024\/"}]}},"_links":{"self":[{"href":"https:\/\/cvinoticias.com\/v3\/wp-json\/wp\/v2\/posts\/7799","targetHints":{"allow":["GET"]}}],"collection":[{"href":"https:\/\/cvinoticias.com\/v3\/wp-json\/wp\/v2\/posts"}],"about":[{"href":"https:\/\/cvinoticias.com\/v3\/wp-json\/wp\/v2\/types\/post"}],"author":[{"embeddable":true,"href":"https:\/\/cvinoticias.com\/v3\/wp-json\/wp\/v2\/users\/2"}],"replies":[{"embeddable":true,"href":"https:\/\/cvinoticias.com\/v3\/wp-json\/wp\/v2\/comments?post=7799"}],"version-history":[{"count":1,"href":"https:\/\/cvinoticias.com\/v3\/wp-json\/wp\/v2\/posts\/7799\/revisions"}],"predecessor-version":[{"id":7801,"href":"https:\/\/cvinoticias.com\/v3\/wp-json\/wp\/v2\/posts\/7799\/revisions\/7801"}],"wp:featuredmedia":[{"embeddable":true,"href":"https:\/\/cvinoticias.com\/v3\/wp-json\/wp\/v2\/media\/7800"}],"wp:attachment":[{"href":"https:\/\/cvinoticias.com\/v3\/wp-json\/wp\/v2\/media?parent=7799"}],"wp:term":[{"taxonomy":"category","embeddable":true,"href":"https:\/\/cvinoticias.com\/v3\/wp-json\/wp\/v2\/categories?post=7799"},{"taxonomy":"post_tag","embeddable":true,"href":"https:\/\/cvinoticias.com\/v3\/wp-json\/wp\/v2\/tags?post=7799"}],"curies":[{"name":"wp","href":"https:\/\/api.w.org\/{rel}","templated":true}]}}