{"id":7785,"date":"2021-08-20T10:27:40","date_gmt":"2021-08-20T10:27:40","guid":{"rendered":"https:\/\/cvinoticias.com\/v3\/?p=7785"},"modified":"2021-08-20T10:27:40","modified_gmt":"2021-08-20T10:27:40","slug":"incendio-intencional-arraso-gran-parte-del-parque-araucaria","status":"publish","type":"post","link":"https:\/\/cvinoticias.com\/v3\/incendio-intencional-arraso-gran-parte-del-parque-araucaria\/","title":{"rendered":"Incendio intencional arras\u00f3 gran parte del Parque Araucaria"},"content":{"rendered":"\n<p>Anoche fue se\u00f1alado un joven que tambi\u00e9n habr\u00eda iniciado el fuego en Terciados Para\u00edso. Vecinos lamentan la p\u00e9rdida porque se trata de un \u00e1rea protegida por ley.<\/p>\n\n\n\n<p>En medio de una jornada de altas temperaturas que afectan en Misiones, un voraz incendio se desat\u00f3 en el Parque Provincial Araucaria, en San Pedro, que da\u00f1\u00f3 gran parte del predio. Tambi\u00e9n se desat\u00f3 un incendio en la zona del tacuaral en inmediaciones a la Casa Museo Horacio Quiroga, en San Ignacio que fue controlado y en Puerto Iguaz\u00fa.<\/p>\n\n\n\n<p>En cuanto a San Pedro, seg\u00fan consignaron de manera oficial, la quema fue provocada de manera intencional y afect\u00f3 no solamente al lugar que alberga una importante biodiversidad de la provincia, sino tambi\u00e9n a chacras aleda\u00f1as al quemar cultivos de yerba mate. Al cierre de esta edici\u00f3n, el fuego estaba controlado. Seg\u00fan la Polic\u00eda, las llamas afectaron una superficie aproximada de 12 hect\u00e1reas, de las cuales 10 hect\u00e1reas pertenecen al parque Provincial aproximadamente. Las pistas del sospechoso de haber iniciado los cinco focos de incendio en la zona forestal fueron brindadas a la Polic\u00eda, quien estaba siendo intensamente buscado.<\/p>\n\n\n\n<p>Fue el propio intendente de San Pedro el que confirm\u00f3 esta situaci\u00f3n. \u201cYa le di la pista a la Polic\u00eda. Se tratar\u00eda de un muchacho rubio que andaba en una moto roja, esa misma moto que estaba ac\u00e1 en el parque. Yo le vi con actitud sospechoso en Terciados Para\u00edso cuando fui en busca de la m\u00e1quina, donde tambi\u00e9n se inici\u00f3 un incendio. Es lamentable, preocupante y triste esto, vamos a multar a toda persona que ponga a quemar cualquier residuo o inici\u00f3 fuego\u00bb, afirm\u00f3 Miguel Dos Santos.<\/p>\n\n\n\n<p>Luego, agreg\u00f3: \u201cLamentablemente quem\u00f3 gran porcentaje de nuestro parque semillero de las Araucarias. Es una tristeza total ver a las araucarias quemadas y con ello las dem\u00e1s plantas y especies nativas\u201d. Y en esta l\u00ednea insisti\u00f3 en que \u201cla sociedad tenga cuidado con el fuego, vamos a notificar y multar a quienes prendan fuego porque este es un da\u00f1o irreparable al medioambiente\u201d. El voraz incendio se extendi\u00f3 adem\u00e1s por chacras cercanas, destruyendo cultivos de yerba mate y es donde se extendi\u00f3 la labor a fin de controlar las llamas, con la ayuda de m\u00e1quinas viales que realizaban cortafuegos.<\/p>\n\n\n\n<p>Al cierre de esta edici\u00f3n, en el parque provincial trabajaban m\u00e1s de tres dotaciones de bomberos, con camiones autobomba y mochilas, a lo que se sum\u00f3 la colaboraci\u00f3n de guardaparques de Ecolog\u00eda, vecinos y personal de la Municipalidad de San Pedro. El fuego en el Parque Provincial Araucaria caus\u00f3 conmoci\u00f3n en los vecinos de San Pedro, quienes lamentaron la p\u00e9rdida de la biodiversidad. Es que el parque se ubica lindante a la zona urbana de la localidad y representa el principal semillero para la protecci\u00f3n y conservaci\u00f3n de la Araucaria angustifolia, declarada especie protegida por ley.<\/p>\n\n\n\n<p>\u201cA nosotros nos encerr\u00f3 el fuego alrededor de las casas. El fuego estaba a unos 50 metros, no ten\u00edamos agua, ayudamos a los bomberos con gajos y tierra, fue desesperante la situaci\u00f3n. Es muy necesario que la gente tome conciencia y evite quemar\u201d, se\u00f1al\u00f3 entre la desesperaci\u00f3n y el calor sofocante Carolina Sonma, una de las testigos en la zona del incendio de ayer en horas de la tarde.<\/p>\n\n\n\n<p>As\u00ed como crec\u00eda la desesperaci\u00f3n de los vecinos que ve\u00edan el fuego cercano a sus viviendas, los bomberos voluntarios realizaron una tarea crucial para evitar una destrucci\u00f3n mayor, con expresiones de agotamiento, pero satisfacci\u00f3n de brindar un servicio tan necesario de forma voluntaria. No dieron tregua optimizando al m\u00e1ximo los recursos. Siendo importante la colaboraci\u00f3n de vecinos, guardaparques y polic\u00edas.<\/p>\n\n\n\n<p>En este sentido, desde la Municipalidad insistieron en el cumplimiento de la ordenanza municipal 12\/2006, que proh\u00edbe todo tipo de quemas a cielo abierto y sin embargo, es com\u00fan observar la quema de residuos en varios barrios.<\/p>\n\n\n\n<p>Uno de los ejemplos mantiene bajo una densa nube de humo a vecinos del barrio Cristo Resucitado, donde una empresa forestal, hace m\u00e1s de diez d\u00edas prendi\u00f3 fuego a mont\u00edculos de aserr\u00edn, el cual se descontrol\u00f3 y debi\u00f3 intervenir el cuartel de bomberos para controlar el siniestro. Sin embargo, por las caracter\u00edsticas del material, la combusti\u00f3n contin\u00faa afectando a los vecinos tornado el ambiente inadecuado.<\/p>\n\n\n\n<p><strong>Fuente: E.T<\/strong><\/p>\n\n\n\n<p><\/p>\n","protected":false},"excerpt":{"rendered":"<p>Anoche fue se\u00f1alado un joven que tambi\u00e9n habr\u00eda iniciado el fuego en Terciados Para\u00edso. Vecinos lamentan la p\u00e9rdida porque se trata de un \u00e1rea protegida por ley. En medio de una jornada de altas temperaturas que afectan en Misiones, un voraz incendio se desat\u00f3 en el Parque Provincial Araucaria, en San Pedro, que da\u00f1\u00f3 gran [&hellip;]<\/p>\n","protected":false},"author":2,"featured_media":7786,"comment_status":"open","ping_status":"open","sticky":false,"template":"","format":"standard","meta":{"footnotes":""},"categories":[35],"tags":[],"class_list":["post-7785","post","type-post","status-publish","format-standard","has-post-thumbnail","hentry","category-informacion-general"],"yoast_head":"<!-- This site is optimized with the Yoast SEO plugin v27.4 - https:\/\/yoast.com\/product\/yoast-seo-wordpress\/ -->\n<title>Incendio intencional arras\u00f3 gran parte del Parque Araucaria | CVI NOTICIAS<\/title>\n<meta name=\"robots\" content=\"index, follow, max-snippet:-1, max-image-preview:large, max-video-preview:-1\" \/>\n<link rel=\"canonical\" href=\"https:\/\/cvinoticias.com\/v3\/incendio-intencional-arraso-gran-parte-del-parque-araucaria\/\" \/>\n<meta property=\"og:locale\" content=\"es_ES\" \/>\n<meta property=\"og:type\" content=\"article\" \/>\n<meta property=\"og:title\" content=\"Incendio intencional arras\u00f3 gran parte del Parque Araucaria | CVI NOTICIAS\" \/>\n<meta property=\"og:description\" content=\"Anoche fue se\u00f1alado un joven que tambi\u00e9n habr\u00eda iniciado el fuego en Terciados Para\u00edso. Vecinos lamentan la p\u00e9rdida porque se trata de un \u00e1rea protegida por ley. En medio de una jornada de altas temperaturas que afectan en Misiones, un voraz incendio se desat\u00f3 en el Parque Provincial Araucaria, en San Pedro, que da\u00f1\u00f3 gran [&hellip;]\" \/>\n<meta property=\"og:url\" content=\"https:\/\/cvinoticias.com\/v3\/incendio-intencional-arraso-gran-parte-del-parque-araucaria\/\" \/>\n<meta property=\"og:site_name\" content=\"CVI NOTICIAS\" \/>\n<meta property=\"article:publisher\" content=\"https:\/\/www.facebook.com\/cvinoticias\" \/>\n<meta property=\"article:published_time\" content=\"2021-08-20T10:27:40+00:00\" \/>\n<meta property=\"og:image\" content=\"https:\/\/cvinoticias.com\/wp-content\/uploads\/2021\/08\/xs.jpg\" \/>\n\t<meta property=\"og:image:width\" content=\"576\" \/>\n\t<meta property=\"og:image:height\" content=\"384\" \/>\n\t<meta property=\"og:image:type\" content=\"image\/jpeg\" \/>\n<meta name=\"author\" content=\"f1000024\" \/>\n<meta name=\"twitter:card\" content=\"summary_large_image\" \/>\n<meta name=\"twitter:label1\" content=\"Escrito por\" \/>\n\t<meta name=\"twitter:data1\" content=\"f1000024\" \/>\n\t<meta name=\"twitter:label2\" content=\"Tiempo de lectura\" \/>\n\t<meta name=\"twitter:data2\" content=\"4 minutos\" \/>\n<script type=\"application\/ld+json\" class=\"yoast-schema-graph\">{\"@context\":\"https:\\\/\\\/schema.org\",\"@graph\":[{\"@type\":\"Article\",\"@id\":\"https:\\\/\\\/cvinoticias.com\\\/v3\\\/incendio-intencional-arraso-gran-parte-del-parque-araucaria\\\/#article\",\"isPartOf\":{\"@id\":\"https:\\\/\\\/cvinoticias.com\\\/v3\\\/incendio-intencional-arraso-gran-parte-del-parque-araucaria\\\/\"},\"author\":{\"name\":\"f1000024\",\"@id\":\"https:\\\/\\\/cvinoticias.com\\\/v3\\\/#\\\/schema\\\/person\\\/2db77e3c6bc03c538495d7b2b8be9b66\"},\"headline\":\"Incendio intencional arras\u00f3 gran parte del Parque Araucaria\",\"datePublished\":\"2021-08-20T10:27:40+00:00\",\"mainEntityOfPage\":{\"@id\":\"https:\\\/\\\/cvinoticias.com\\\/v3\\\/incendio-intencional-arraso-gran-parte-del-parque-araucaria\\\/\"},\"wordCount\":760,\"commentCount\":0,\"publisher\":{\"@id\":\"https:\\\/\\\/cvinoticias.com\\\/v3\\\/#organization\"},\"image\":{\"@id\":\"https:\\\/\\\/cvinoticias.com\\\/v3\\\/incendio-intencional-arraso-gran-parte-del-parque-araucaria\\\/#primaryimage\"},\"thumbnailUrl\":\"https:\\\/\\\/cvinoticias.com\\\/wp-content\\\/uploads\\\/2021\\\/08\\\/xs.jpg\",\"articleSection\":[\"Informaci\u00f3n General\"],\"inLanguage\":\"es\",\"potentialAction\":[{\"@type\":\"CommentAction\",\"name\":\"Comment\",\"target\":[\"https:\\\/\\\/cvinoticias.com\\\/v3\\\/incendio-intencional-arraso-gran-parte-del-parque-araucaria\\\/#respond\"]}]},{\"@type\":\"WebPage\",\"@id\":\"https:\\\/\\\/cvinoticias.com\\\/v3\\\/incendio-intencional-arraso-gran-parte-del-parque-araucaria\\\/\",\"url\":\"https:\\\/\\\/cvinoticias.com\\\/v3\\\/incendio-intencional-arraso-gran-parte-del-parque-araucaria\\\/\",\"name\":\"Incendio intencional arras\u00f3 gran parte del Parque Araucaria | CVI NOTICIAS\",\"isPartOf\":{\"@id\":\"https:\\\/\\\/cvinoticias.com\\\/v3\\\/#website\"},\"primaryImageOfPage\":{\"@id\":\"https:\\\/\\\/cvinoticias.com\\\/v3\\\/incendio-intencional-arraso-gran-parte-del-parque-araucaria\\\/#primaryimage\"},\"image\":{\"@id\":\"https:\\\/\\\/cvinoticias.com\\\/v3\\\/incendio-intencional-arraso-gran-parte-del-parque-araucaria\\\/#primaryimage\"},\"thumbnailUrl\":\"https:\\\/\\\/cvinoticias.com\\\/wp-content\\\/uploads\\\/2021\\\/08\\\/xs.jpg\",\"datePublished\":\"2021-08-20T10:27:40+00:00\",\"breadcrumb\":{\"@id\":\"https:\\\/\\\/cvinoticias.com\\\/v3\\\/incendio-intencional-arraso-gran-parte-del-parque-araucaria\\\/#breadcrumb\"},\"inLanguage\":\"es\",\"potentialAction\":[{\"@type\":\"ReadAction\",\"target\":[\"https:\\\/\\\/cvinoticias.com\\\/v3\\\/incendio-intencional-arraso-gran-parte-del-parque-araucaria\\\/\"]}]},{\"@type\":\"ImageObject\",\"inLanguage\":\"es\",\"@id\":\"https:\\\/\\\/cvinoticias.com\\\/v3\\\/incendio-intencional-arraso-gran-parte-del-parque-araucaria\\\/#primaryimage\",\"url\":\"https:\\\/\\\/cvinoticias.com\\\/wp-content\\\/uploads\\\/2021\\\/08\\\/xs.jpg\",\"contentUrl\":\"https:\\\/\\\/cvinoticias.com\\\/wp-content\\\/uploads\\\/2021\\\/08\\\/xs.jpg\",\"width\":576,\"height\":384},{\"@type\":\"BreadcrumbList\",\"@id\":\"https:\\\/\\\/cvinoticias.com\\\/v3\\\/incendio-intencional-arraso-gran-parte-del-parque-araucaria\\\/#breadcrumb\",\"itemListElement\":[{\"@type\":\"ListItem\",\"position\":1,\"name\":\"Portada\",\"item\":\"https:\\\/\\\/cvinoticias.com\\\/v3\\\/\"},{\"@type\":\"ListItem\",\"position\":2,\"name\":\"Incendio intencional arras\u00f3 gran parte del Parque Araucaria\"}]},{\"@type\":\"WebSite\",\"@id\":\"https:\\\/\\\/cvinoticias.com\\\/v3\\\/#website\",\"url\":\"https:\\\/\\\/cvinoticias.com\\\/v3\\\/\",\"name\":\"CVI NOTICIAS\",\"description\":\"\",\"publisher\":{\"@id\":\"https:\\\/\\\/cvinoticias.com\\\/v3\\\/#organization\"},\"alternateName\":\"CVI\",\"potentialAction\":[{\"@type\":\"SearchAction\",\"target\":{\"@type\":\"EntryPoint\",\"urlTemplate\":\"https:\\\/\\\/cvinoticias.com\\\/v3\\\/?s={search_term_string}\"},\"query-input\":{\"@type\":\"PropertyValueSpecification\",\"valueRequired\":true,\"valueName\":\"search_term_string\"}}],\"inLanguage\":\"es\"},{\"@type\":\"Organization\",\"@id\":\"https:\\\/\\\/cvinoticias.com\\\/v3\\\/#organization\",\"name\":\"CVI NOTICIAS\",\"url\":\"https:\\\/\\\/cvinoticias.com\\\/v3\\\/\",\"logo\":{\"@type\":\"ImageObject\",\"inLanguage\":\"es\",\"@id\":\"https:\\\/\\\/cvinoticias.com\\\/v3\\\/#\\\/schema\\\/logo\\\/image\\\/\",\"url\":\"https:\\\/\\\/cvinoticias.com\\\/wp-content\\\/uploads\\\/2023\\\/04\\\/cropped-cropped-cropped-cropped-cropped-3-1.png\",\"contentUrl\":\"https:\\\/\\\/cvinoticias.com\\\/wp-content\\\/uploads\\\/2023\\\/04\\\/cropped-cropped-cropped-cropped-cropped-3-1.png\",\"width\":95,\"height\":122,\"caption\":\"CVI NOTICIAS\"},\"image\":{\"@id\":\"https:\\\/\\\/cvinoticias.com\\\/v3\\\/#\\\/schema\\\/logo\\\/image\\\/\"},\"sameAs\":[\"https:\\\/\\\/www.facebook.com\\\/cvinoticias\",\"https:\\\/\\\/www.instagram.com\\\/cvinoticias\\\/\",\"https:\\\/\\\/www.youtube.com\\\/@CVINOTICIAS\"]},{\"@type\":\"Person\",\"@id\":\"https:\\\/\\\/cvinoticias.com\\\/v3\\\/#\\\/schema\\\/person\\\/2db77e3c6bc03c538495d7b2b8be9b66\",\"name\":\"f1000024\",\"image\":{\"@type\":\"ImageObject\",\"inLanguage\":\"es\",\"@id\":\"https:\\\/\\\/secure.gravatar.com\\\/avatar\\\/d4fe7459cfc51ff5129ce1a732bbef5928568b8092d412ef95611616376bbeed?s=96&d=mm&r=g\",\"url\":\"https:\\\/\\\/secure.gravatar.com\\\/avatar\\\/d4fe7459cfc51ff5129ce1a732bbef5928568b8092d412ef95611616376bbeed?s=96&d=mm&r=g\",\"contentUrl\":\"https:\\\/\\\/secure.gravatar.com\\\/avatar\\\/d4fe7459cfc51ff5129ce1a732bbef5928568b8092d412ef95611616376bbeed?s=96&d=mm&r=g\",\"caption\":\"f1000024\"},\"url\":\"https:\\\/\\\/cvinoticias.com\\\/v3\\\/author\\\/f1000024\\\/\"}]}<\/script>\n<!-- \/ Yoast SEO plugin. -->","yoast_head_json":{"title":"Incendio intencional arras\u00f3 gran parte del Parque Araucaria | CVI NOTICIAS","robots":{"index":"index","follow":"follow","max-snippet":"max-snippet:-1","max-image-preview":"max-image-preview:large","max-video-preview":"max-video-preview:-1"},"canonical":"https:\/\/cvinoticias.com\/v3\/incendio-intencional-arraso-gran-parte-del-parque-araucaria\/","og_locale":"es_ES","og_type":"article","og_title":"Incendio intencional arras\u00f3 gran parte del Parque Araucaria | CVI NOTICIAS","og_description":"Anoche fue se\u00f1alado un joven que tambi\u00e9n habr\u00eda iniciado el fuego en Terciados Para\u00edso. Vecinos lamentan la p\u00e9rdida porque se trata de un \u00e1rea protegida por ley. En medio de una jornada de altas temperaturas que afectan en Misiones, un voraz incendio se desat\u00f3 en el Parque Provincial Araucaria, en San Pedro, que da\u00f1\u00f3 gran [&hellip;]","og_url":"https:\/\/cvinoticias.com\/v3\/incendio-intencional-arraso-gran-parte-del-parque-araucaria\/","og_site_name":"CVI NOTICIAS","article_publisher":"https:\/\/www.facebook.com\/cvinoticias","article_published_time":"2021-08-20T10:27:40+00:00","og_image":[{"width":576,"height":384,"url":"https:\/\/cvinoticias.com\/wp-content\/uploads\/2021\/08\/xs.jpg","type":"image\/jpeg"}],"author":"f1000024","twitter_card":"summary_large_image","twitter_misc":{"Escrito por":"f1000024","Tiempo de lectura":"4 minutos"},"schema":{"@context":"https:\/\/schema.org","@graph":[{"@type":"Article","@id":"https:\/\/cvinoticias.com\/v3\/incendio-intencional-arraso-gran-parte-del-parque-araucaria\/#article","isPartOf":{"@id":"https:\/\/cvinoticias.com\/v3\/incendio-intencional-arraso-gran-parte-del-parque-araucaria\/"},"author":{"name":"f1000024","@id":"https:\/\/cvinoticias.com\/v3\/#\/schema\/person\/2db77e3c6bc03c538495d7b2b8be9b66"},"headline":"Incendio intencional arras\u00f3 gran parte del Parque Araucaria","datePublished":"2021-08-20T10:27:40+00:00","mainEntityOfPage":{"@id":"https:\/\/cvinoticias.com\/v3\/incendio-intencional-arraso-gran-parte-del-parque-araucaria\/"},"wordCount":760,"commentCount":0,"publisher":{"@id":"https:\/\/cvinoticias.com\/v3\/#organization"},"image":{"@id":"https:\/\/cvinoticias.com\/v3\/incendio-intencional-arraso-gran-parte-del-parque-araucaria\/#primaryimage"},"thumbnailUrl":"https:\/\/cvinoticias.com\/wp-content\/uploads\/2021\/08\/xs.jpg","articleSection":["Informaci\u00f3n General"],"inLanguage":"es","potentialAction":[{"@type":"CommentAction","name":"Comment","target":["https:\/\/cvinoticias.com\/v3\/incendio-intencional-arraso-gran-parte-del-parque-araucaria\/#respond"]}]},{"@type":"WebPage","@id":"https:\/\/cvinoticias.com\/v3\/incendio-intencional-arraso-gran-parte-del-parque-araucaria\/","url":"https:\/\/cvinoticias.com\/v3\/incendio-intencional-arraso-gran-parte-del-parque-araucaria\/","name":"Incendio intencional arras\u00f3 gran parte del Parque Araucaria | CVI NOTICIAS","isPartOf":{"@id":"https:\/\/cvinoticias.com\/v3\/#website"},"primaryImageOfPage":{"@id":"https:\/\/cvinoticias.com\/v3\/incendio-intencional-arraso-gran-parte-del-parque-araucaria\/#primaryimage"},"image":{"@id":"https:\/\/cvinoticias.com\/v3\/incendio-intencional-arraso-gran-parte-del-parque-araucaria\/#primaryimage"},"thumbnailUrl":"https:\/\/cvinoticias.com\/wp-content\/uploads\/2021\/08\/xs.jpg","datePublished":"2021-08-20T10:27:40+00:00","breadcrumb":{"@id":"https:\/\/cvinoticias.com\/v3\/incendio-intencional-arraso-gran-parte-del-parque-araucaria\/#breadcrumb"},"inLanguage":"es","potentialAction":[{"@type":"ReadAction","target":["https:\/\/cvinoticias.com\/v3\/incendio-intencional-arraso-gran-parte-del-parque-araucaria\/"]}]},{"@type":"ImageObject","inLanguage":"es","@id":"https:\/\/cvinoticias.com\/v3\/incendio-intencional-arraso-gran-parte-del-parque-araucaria\/#primaryimage","url":"https:\/\/cvinoticias.com\/wp-content\/uploads\/2021\/08\/xs.jpg","contentUrl":"https:\/\/cvinoticias.com\/wp-content\/uploads\/2021\/08\/xs.jpg","width":576,"height":384},{"@type":"BreadcrumbList","@id":"https:\/\/cvinoticias.com\/v3\/incendio-intencional-arraso-gran-parte-del-parque-araucaria\/#breadcrumb","itemListElement":[{"@type":"ListItem","position":1,"name":"Portada","item":"https:\/\/cvinoticias.com\/v3\/"},{"@type":"ListItem","position":2,"name":"Incendio intencional arras\u00f3 gran parte del Parque Araucaria"}]},{"@type":"WebSite","@id":"https:\/\/cvinoticias.com\/v3\/#website","url":"https:\/\/cvinoticias.com\/v3\/","name":"CVI NOTICIAS","description":"","publisher":{"@id":"https:\/\/cvinoticias.com\/v3\/#organization"},"alternateName":"CVI","potentialAction":[{"@type":"SearchAction","target":{"@type":"EntryPoint","urlTemplate":"https:\/\/cvinoticias.com\/v3\/?s={search_term_string}"},"query-input":{"@type":"PropertyValueSpecification","valueRequired":true,"valueName":"search_term_string"}}],"inLanguage":"es"},{"@type":"Organization","@id":"https:\/\/cvinoticias.com\/v3\/#organization","name":"CVI NOTICIAS","url":"https:\/\/cvinoticias.com\/v3\/","logo":{"@type":"ImageObject","inLanguage":"es","@id":"https:\/\/cvinoticias.com\/v3\/#\/schema\/logo\/image\/","url":"https:\/\/cvinoticias.com\/wp-content\/uploads\/2023\/04\/cropped-cropped-cropped-cropped-cropped-3-1.png","contentUrl":"https:\/\/cvinoticias.com\/wp-content\/uploads\/2023\/04\/cropped-cropped-cropped-cropped-cropped-3-1.png","width":95,"height":122,"caption":"CVI NOTICIAS"},"image":{"@id":"https:\/\/cvinoticias.com\/v3\/#\/schema\/logo\/image\/"},"sameAs":["https:\/\/www.facebook.com\/cvinoticias","https:\/\/www.instagram.com\/cvinoticias\/","https:\/\/www.youtube.com\/@CVINOTICIAS"]},{"@type":"Person","@id":"https:\/\/cvinoticias.com\/v3\/#\/schema\/person\/2db77e3c6bc03c538495d7b2b8be9b66","name":"f1000024","image":{"@type":"ImageObject","inLanguage":"es","@id":"https:\/\/secure.gravatar.com\/avatar\/d4fe7459cfc51ff5129ce1a732bbef5928568b8092d412ef95611616376bbeed?s=96&d=mm&r=g","url":"https:\/\/secure.gravatar.com\/avatar\/d4fe7459cfc51ff5129ce1a732bbef5928568b8092d412ef95611616376bbeed?s=96&d=mm&r=g","contentUrl":"https:\/\/secure.gravatar.com\/avatar\/d4fe7459cfc51ff5129ce1a732bbef5928568b8092d412ef95611616376bbeed?s=96&d=mm&r=g","caption":"f1000024"},"url":"https:\/\/cvinoticias.com\/v3\/author\/f1000024\/"}]}},"_links":{"self":[{"href":"https:\/\/cvinoticias.com\/v3\/wp-json\/wp\/v2\/posts\/7785","targetHints":{"allow":["GET"]}}],"collection":[{"href":"https:\/\/cvinoticias.com\/v3\/wp-json\/wp\/v2\/posts"}],"about":[{"href":"https:\/\/cvinoticias.com\/v3\/wp-json\/wp\/v2\/types\/post"}],"author":[{"embeddable":true,"href":"https:\/\/cvinoticias.com\/v3\/wp-json\/wp\/v2\/users\/2"}],"replies":[{"embeddable":true,"href":"https:\/\/cvinoticias.com\/v3\/wp-json\/wp\/v2\/comments?post=7785"}],"version-history":[{"count":1,"href":"https:\/\/cvinoticias.com\/v3\/wp-json\/wp\/v2\/posts\/7785\/revisions"}],"predecessor-version":[{"id":7787,"href":"https:\/\/cvinoticias.com\/v3\/wp-json\/wp\/v2\/posts\/7785\/revisions\/7787"}],"wp:featuredmedia":[{"embeddable":true,"href":"https:\/\/cvinoticias.com\/v3\/wp-json\/wp\/v2\/media\/7786"}],"wp:attachment":[{"href":"https:\/\/cvinoticias.com\/v3\/wp-json\/wp\/v2\/media?parent=7785"}],"wp:term":[{"taxonomy":"category","embeddable":true,"href":"https:\/\/cvinoticias.com\/v3\/wp-json\/wp\/v2\/categories?post=7785"},{"taxonomy":"post_tag","embeddable":true,"href":"https:\/\/cvinoticias.com\/v3\/wp-json\/wp\/v2\/tags?post=7785"}],"curies":[{"name":"wp","href":"https:\/\/api.w.org\/{rel}","templated":true}]}}