{"id":7776,"date":"2021-08-19T19:49:37","date_gmt":"2021-08-19T19:49:37","guid":{"rendered":"https:\/\/cvinoticias.com\/v3\/?p=7776"},"modified":"2021-08-19T19:49:37","modified_gmt":"2021-08-19T19:49:37","slug":"misiones-y-mercado-libre-firmaron-un-convenio-para-el-uso-de-la-plataforma-de-venta-digital","status":"publish","type":"post","link":"https:\/\/cvinoticias.com\/v3\/misiones-y-mercado-libre-firmaron-un-convenio-para-el-uso-de-la-plataforma-de-venta-digital\/","title":{"rendered":"Misiones y Mercado Libre firmaron un convenio para el uso de la plataforma de venta digital"},"content":{"rendered":"\n<p><strong><em>Con la firma de un convenio entre la Provincia y la empresa Mercado Libre, el Gobernador puso en marcha la Tienda Oficial de Misiones en la plataforma de comercio electr\u00f3nico l\u00edder de Argentina.<\/em><\/strong><\/p>\n\n\n\n<p>Los funcionarios y empresarios involucrados destacaron la impronta ecol\u00f3gica de la iniciativa por la venta de productos sustentables. Herrera Ahuad valor\u00f3 la posibilidad de sumar el valor agregado que ofrece la tienda virtual a peque\u00f1as y medianas empresas.<\/p>\n\n\n\n<p>Esta ma\u00f1ana se firm\u00f3 un convenio para la habilitaci\u00f3n de la Tienda Oficial de Misiones en la plataforma de comercio electr\u00f3nico Mercado Libre, a partir del cual productores y emprendedores locales cuentan con un canal de ventas que les dar\u00e1 mayor visibilidad y llegada a potenciales usuarios compradores. As\u00ed lo consider\u00f3 el gobernador Oscar Herrera Ahuad durante la videoconferencia en la que se oficializ\u00f3 el convenio con la empresa Mercado Libre. De este modo, resalt\u00f3 de la importancia de esta \u00absinergia entre el sector p\u00fablico y privado sobre todo para el desarrollo del interior de la Argentina\u00bb.<\/p>\n\n\n\n<p>Igualmente, mencion\u00f3 que la log\u00edstica y el traslado encarecen el producto y que por eso \u201ces fundamental contar con una plataforma en la que se pueda comprar desde otro lograr y que ese producto vaya directamente desde quien lo produce a quien lo consume\u201d. Asimismo, remarc\u00f3 que hay que entender que es el Estado el primer actor y \u00absi no est\u00e1 el Gobierno llevando adelante las pol\u00edticas p\u00fablicas es muy dif\u00edcil que se pueden lograr estas cuestiones\u00bb, sobre todo en el \u00e1rea productiva en la que \u201cdebemos marcar el camino en materia de ayuda y acompa\u00f1amiento a nuestro sector productivo\u00bb.<\/p>\n\n\n\n<p>Tambi\u00e9n en su intervenci\u00f3n enfatiz\u00f3 que Misiones es la provincia con mayor n\u00famero de Pymes, sobre todo productores minifundistas y que actualmente hay 5000 productores produciendo en la Ferias Francas. \u00abPor eso, un convenio de este tipo con la experiencia de Mercado Libre va a permitir el desarrollo de nuestros productores, peque\u00f1as y medianas empresas, con productos de sumo cuidado en lo que hace a la salud, en equilibrio entre la producci\u00f3n y el medio ambiente, con muchos productos org\u00e1nicos\u00bb, agreg\u00f3.<\/p>\n\n\n\n<figure class=\"wp-block-image size-large\"><a href=\"https:\/\/cvinoticias.com\/wp-content\/uploads\/2021\/08\/FB_IMG_1629402000248.jpg\"><img decoding=\"async\" width=\"1024\" height=\"683\" data-src=\"https:\/\/cvinoticias.com\/wp-content\/uploads\/2021\/08\/FB_IMG_1629402000248-1024x683.jpg\" alt=\"\" class=\"wp-image-7777 lazyload\" data-srcset=\"https:\/\/cvinoticias.com\/wp-content\/uploads\/2021\/08\/FB_IMG_1629402000248-1024x683.jpg 1024w, https:\/\/cvinoticias.com\/wp-content\/uploads\/2021\/08\/FB_IMG_1629402000248-300x200.jpg 300w, https:\/\/cvinoticias.com\/wp-content\/uploads\/2021\/08\/FB_IMG_1629402000248-768x512.jpg 768w, https:\/\/cvinoticias.com\/wp-content\/uploads\/2021\/08\/FB_IMG_1629402000248.jpg 1080w\" data-sizes=\"(max-width: 1024px) 100vw, 1024px\" src=\"data:image\/svg+xml;base64,PHN2ZyB3aWR0aD0iMSIgaGVpZ2h0PSIxIiB4bWxucz0iaHR0cDovL3d3dy53My5vcmcvMjAwMC9zdmciPjwvc3ZnPg==\" style=\"--smush-placeholder-width: 1024px; --smush-placeholder-aspect-ratio: 1024\/683;\" \/><\/a><\/figure>\n\n\n\n<p>\u201cEstamos convencidos que en poco tiempo vamos a poder instalar nuestros productos en la tienda oficial y va a generar un valor agregado muy importante. Es un tiempo de cuidado de la salud en la matriz alimentaria y tambi\u00e9n en otras cuestiones, y hace que nosotros podamos tener esta gran oportunidad\u201d, se\u00f1al\u00f3. Adem\u00e1s se\u00f1al\u00f3 que Misiones viene transitando hace m\u00e1s de 15 a\u00f1os esta l\u00ednea de producci\u00f3n \u201cy hoy se da la oportunidad de que las peque\u00f1as y medianas empresas puedan tener una salida muy importante con una plataforma que le va a dar valor agregado\u201d.<\/p>\n\n\n\n<p>Finalmente, se\u00f1al\u00f3 que desde el Gobierno se generar\u00e1n posibilidades una vez que se empiece a instalar la plataforma a nivel pa\u00eds, porque seguramente \u201cla demanda va a superar la oferta, ah\u00ed est\u00e1 el papel del Estado provincial para ayudar y acompa\u00f1ar a las medianas y peque\u00f1as empresas\u201d para aumentar la producci\u00f3n. En tanto, los funcionarios y empresarios de Mercado Libre destacaron la impronta ecol\u00f3gica de la iniciativa con la venta de productos sustentables que estar\u00e1n disponibles en la plataforma. En la misma l\u00ednea, remarcaron que la acci\u00f3n surgi\u00f3 de la gesti\u00f3n inicial de la Secretaria de Estado de Cambio Clim\u00e1tico.<\/p>\n\n\n\n<p>Acompa\u00f1aron la videoconferencia el ministro de Hacienda, Adolfo Safr\u00e1n; el ministro de Cambio Clim\u00e1tico, Patricio Lombardi y el subsecretario de Coordinaci\u00f3n y Promoci\u00f3n de la Econom\u00eda Social, Hip\u00f3lito Sebasti\u00e1n Ortiz, mientras por parte de Mercado Libre, mediante videoconferencia, participaron el gerente de Relaciones de Gobierno, Bernardo San Torcuato y el gerente senior de Desarrollo PyME, Mart\u00edn Blanco.<\/p>\n\n\n\n<p><strong>El convenio<\/strong><\/p>\n\n\n\n<p>El convenio firmado hoy permitir\u00e1 que emprendedores misioneros inscriptos en la plataforma tengan prioridad en la b\u00fasqueda del algoritmo de Mercado Libre. Adem\u00e1s, la empresa capacitar\u00e1 a funcionarios en el tema Ecommerce global para que Misiones fortalezca su posici\u00f3n mundial. En tanto, en una segunda etapa, se explorar\u00e1n posibilidades de proyectos conjuntos para mitigar el impacto ambiental y preservar la biodiversidad. Cabe aclarar, que la firma o ejecuci\u00f3n de este convenio no implica el otorgamiento a Mercado Libre de recursos econ\u00f3micos, humanos o infraestructura de parte de la provincia.<\/p>\n\n\n\n<p>Para sumarse a la Tienda Oficial de Misiones, los emprendedores deber\u00e1n primero ser usuarios registrados en el sitio de Mercado Libre como empresa, con publicaciones activas de productos regionales y\/o de elaboraci\u00f3n y\/o producci\u00f3n provincial, y con reputaci\u00f3n verde o sin reputaci\u00f3n en el sitio. Entre los emprendedores postulados, la Provincia seleccionar\u00e1 aquellos que podr\u00e1n vender sus productos a trav\u00e9s de la tienda oficial. Los pagos recibidos por los emprendedores por sus respectivas ventas, as\u00ed como el pago de las tarifas y cargos previstos en el sitio, ser\u00e1n realizados a trav\u00e9s de las cuentas de Mercado de Pago de los emprendedores, sin ning\u00fan tipo de intervenci\u00f3n de la provincia.<\/p>\n\n\n\n<p>Por \u00faltimo, vale mencionar que Mercado Libre, es una empresa argentina que administra el sitio de comercio electr\u00f3nico que opera en el dominio www.mercadolibre.com.ar, en su experiencia en comercio electr\u00f3nico y pagos digitales radica el inter\u00e9s en contar con su colaboraci\u00f3n para mejorar los canales de comercializaci\u00f3n de los emprendedores en el sitio.<\/p>\n\n\n\n<figure class=\"wp-block-image size-large\"><a href=\"https:\/\/cvinoticias.com\/wp-content\/uploads\/2021\/08\/FB_IMG_1629402002793.jpg\"><img decoding=\"async\" width=\"1024\" height=\"683\" data-src=\"https:\/\/cvinoticias.com\/wp-content\/uploads\/2021\/08\/FB_IMG_1629402002793-1024x683.jpg\" alt=\"\" class=\"wp-image-7779 lazyload\" data-srcset=\"https:\/\/cvinoticias.com\/wp-content\/uploads\/2021\/08\/FB_IMG_1629402002793-1024x683.jpg 1024w, https:\/\/cvinoticias.com\/wp-content\/uploads\/2021\/08\/FB_IMG_1629402002793-300x200.jpg 300w, https:\/\/cvinoticias.com\/wp-content\/uploads\/2021\/08\/FB_IMG_1629402002793-768x512.jpg 768w, https:\/\/cvinoticias.com\/wp-content\/uploads\/2021\/08\/FB_IMG_1629402002793.jpg 1080w\" data-sizes=\"(max-width: 1024px) 100vw, 1024px\" src=\"data:image\/svg+xml;base64,PHN2ZyB3aWR0aD0iMSIgaGVpZ2h0PSIxIiB4bWxucz0iaHR0cDovL3d3dy53My5vcmcvMjAwMC9zdmciPjwvc3ZnPg==\" style=\"--smush-placeholder-width: 1024px; --smush-placeholder-aspect-ratio: 1024\/683;\" \/><\/a><\/figure>\n\n\n\n<p><\/p>\n","protected":false},"excerpt":{"rendered":"<p>Con la firma de un convenio entre la Provincia y la empresa Mercado Libre, el Gobernador puso en marcha la Tienda Oficial de Misiones en la plataforma de comercio electr\u00f3nico l\u00edder de Argentina. Los funcionarios y empresarios involucrados destacaron la impronta ecol\u00f3gica de la iniciativa por la venta de productos sustentables. Herrera Ahuad valor\u00f3 la [&hellip;]<\/p>\n","protected":false},"author":2,"featured_media":7778,"comment_status":"open","ping_status":"open","sticky":false,"template":"","format":"standard","meta":{"footnotes":""},"categories":[43],"tags":[],"class_list":["post-7776","post","type-post","status-publish","format-standard","has-post-thumbnail","hentry","category-provinciales"],"yoast_head":"<!-- This site is optimized with the Yoast SEO plugin v27.4 - https:\/\/yoast.com\/product\/yoast-seo-wordpress\/ -->\n<title>Misiones y Mercado Libre firmaron un convenio para el uso de la plataforma de venta digital | CVI NOTICIAS<\/title>\n<meta name=\"robots\" content=\"index, follow, max-snippet:-1, max-image-preview:large, max-video-preview:-1\" \/>\n<link rel=\"canonical\" href=\"https:\/\/cvinoticias.com\/v3\/misiones-y-mercado-libre-firmaron-un-convenio-para-el-uso-de-la-plataforma-de-venta-digital\/\" \/>\n<meta property=\"og:locale\" content=\"es_ES\" \/>\n<meta property=\"og:type\" content=\"article\" \/>\n<meta property=\"og:title\" content=\"Misiones y Mercado Libre firmaron un convenio para el uso de la plataforma de venta digital | CVI NOTICIAS\" \/>\n<meta property=\"og:description\" content=\"Con la firma de un convenio entre la Provincia y la empresa Mercado Libre, el Gobernador puso en marcha la Tienda Oficial de Misiones en la plataforma de comercio electr\u00f3nico l\u00edder de Argentina. Los funcionarios y empresarios involucrados destacaron la impronta ecol\u00f3gica de la iniciativa por la venta de productos sustentables. Herrera Ahuad valor\u00f3 la [&hellip;]\" \/>\n<meta property=\"og:url\" content=\"https:\/\/cvinoticias.com\/v3\/misiones-y-mercado-libre-firmaron-un-convenio-para-el-uso-de-la-plataforma-de-venta-digital\/\" \/>\n<meta property=\"og:site_name\" content=\"CVI NOTICIAS\" \/>\n<meta property=\"article:publisher\" content=\"https:\/\/www.facebook.com\/cvinoticias\" \/>\n<meta property=\"article:published_time\" content=\"2021-08-19T19:49:37+00:00\" \/>\n<meta property=\"og:image\" content=\"https:\/\/cvinoticias.com\/wp-content\/uploads\/2021\/08\/FB_IMG_1629401996908.jpg\" \/>\n\t<meta property=\"og:image:width\" content=\"1080\" \/>\n\t<meta property=\"og:image:height\" content=\"720\" \/>\n\t<meta property=\"og:image:type\" content=\"image\/jpeg\" \/>\n<meta name=\"author\" content=\"f1000024\" \/>\n<meta name=\"twitter:card\" content=\"summary_large_image\" \/>\n<meta name=\"twitter:label1\" content=\"Escrito por\" \/>\n\t<meta name=\"twitter:data1\" content=\"f1000024\" \/>\n\t<meta name=\"twitter:label2\" content=\"Tiempo de lectura\" \/>\n\t<meta name=\"twitter:data2\" content=\"5 minutos\" \/>\n<script type=\"application\/ld+json\" class=\"yoast-schema-graph\">{\"@context\":\"https:\\\/\\\/schema.org\",\"@graph\":[{\"@type\":\"Article\",\"@id\":\"https:\\\/\\\/cvinoticias.com\\\/v3\\\/misiones-y-mercado-libre-firmaron-un-convenio-para-el-uso-de-la-plataforma-de-venta-digital\\\/#article\",\"isPartOf\":{\"@id\":\"https:\\\/\\\/cvinoticias.com\\\/v3\\\/misiones-y-mercado-libre-firmaron-un-convenio-para-el-uso-de-la-plataforma-de-venta-digital\\\/\"},\"author\":{\"name\":\"f1000024\",\"@id\":\"https:\\\/\\\/cvinoticias.com\\\/v3\\\/#\\\/schema\\\/person\\\/2db77e3c6bc03c538495d7b2b8be9b66\"},\"headline\":\"Misiones y Mercado Libre firmaron un convenio para el uso de la plataforma de venta digital\",\"datePublished\":\"2021-08-19T19:49:37+00:00\",\"mainEntityOfPage\":{\"@id\":\"https:\\\/\\\/cvinoticias.com\\\/v3\\\/misiones-y-mercado-libre-firmaron-un-convenio-para-el-uso-de-la-plataforma-de-venta-digital\\\/\"},\"wordCount\":945,\"commentCount\":0,\"publisher\":{\"@id\":\"https:\\\/\\\/cvinoticias.com\\\/v3\\\/#organization\"},\"image\":{\"@id\":\"https:\\\/\\\/cvinoticias.com\\\/v3\\\/misiones-y-mercado-libre-firmaron-un-convenio-para-el-uso-de-la-plataforma-de-venta-digital\\\/#primaryimage\"},\"thumbnailUrl\":\"https:\\\/\\\/cvinoticias.com\\\/wp-content\\\/uploads\\\/2021\\\/08\\\/FB_IMG_1629401996908.jpg\",\"articleSection\":[\"Provinciales\"],\"inLanguage\":\"es\",\"potentialAction\":[{\"@type\":\"CommentAction\",\"name\":\"Comment\",\"target\":[\"https:\\\/\\\/cvinoticias.com\\\/v3\\\/misiones-y-mercado-libre-firmaron-un-convenio-para-el-uso-de-la-plataforma-de-venta-digital\\\/#respond\"]}]},{\"@type\":\"WebPage\",\"@id\":\"https:\\\/\\\/cvinoticias.com\\\/v3\\\/misiones-y-mercado-libre-firmaron-un-convenio-para-el-uso-de-la-plataforma-de-venta-digital\\\/\",\"url\":\"https:\\\/\\\/cvinoticias.com\\\/v3\\\/misiones-y-mercado-libre-firmaron-un-convenio-para-el-uso-de-la-plataforma-de-venta-digital\\\/\",\"name\":\"Misiones y Mercado Libre firmaron un convenio para el uso de la plataforma de venta digital | CVI NOTICIAS\",\"isPartOf\":{\"@id\":\"https:\\\/\\\/cvinoticias.com\\\/v3\\\/#website\"},\"primaryImageOfPage\":{\"@id\":\"https:\\\/\\\/cvinoticias.com\\\/v3\\\/misiones-y-mercado-libre-firmaron-un-convenio-para-el-uso-de-la-plataforma-de-venta-digital\\\/#primaryimage\"},\"image\":{\"@id\":\"https:\\\/\\\/cvinoticias.com\\\/v3\\\/misiones-y-mercado-libre-firmaron-un-convenio-para-el-uso-de-la-plataforma-de-venta-digital\\\/#primaryimage\"},\"thumbnailUrl\":\"https:\\\/\\\/cvinoticias.com\\\/wp-content\\\/uploads\\\/2021\\\/08\\\/FB_IMG_1629401996908.jpg\",\"datePublished\":\"2021-08-19T19:49:37+00:00\",\"breadcrumb\":{\"@id\":\"https:\\\/\\\/cvinoticias.com\\\/v3\\\/misiones-y-mercado-libre-firmaron-un-convenio-para-el-uso-de-la-plataforma-de-venta-digital\\\/#breadcrumb\"},\"inLanguage\":\"es\",\"potentialAction\":[{\"@type\":\"ReadAction\",\"target\":[\"https:\\\/\\\/cvinoticias.com\\\/v3\\\/misiones-y-mercado-libre-firmaron-un-convenio-para-el-uso-de-la-plataforma-de-venta-digital\\\/\"]}]},{\"@type\":\"ImageObject\",\"inLanguage\":\"es\",\"@id\":\"https:\\\/\\\/cvinoticias.com\\\/v3\\\/misiones-y-mercado-libre-firmaron-un-convenio-para-el-uso-de-la-plataforma-de-venta-digital\\\/#primaryimage\",\"url\":\"https:\\\/\\\/cvinoticias.com\\\/wp-content\\\/uploads\\\/2021\\\/08\\\/FB_IMG_1629401996908.jpg\",\"contentUrl\":\"https:\\\/\\\/cvinoticias.com\\\/wp-content\\\/uploads\\\/2021\\\/08\\\/FB_IMG_1629401996908.jpg\",\"width\":1080,\"height\":720},{\"@type\":\"BreadcrumbList\",\"@id\":\"https:\\\/\\\/cvinoticias.com\\\/v3\\\/misiones-y-mercado-libre-firmaron-un-convenio-para-el-uso-de-la-plataforma-de-venta-digital\\\/#breadcrumb\",\"itemListElement\":[{\"@type\":\"ListItem\",\"position\":1,\"name\":\"Portada\",\"item\":\"https:\\\/\\\/cvinoticias.com\\\/v3\\\/\"},{\"@type\":\"ListItem\",\"position\":2,\"name\":\"Misiones y Mercado Libre firmaron un convenio para el uso de la plataforma de venta digital\"}]},{\"@type\":\"WebSite\",\"@id\":\"https:\\\/\\\/cvinoticias.com\\\/v3\\\/#website\",\"url\":\"https:\\\/\\\/cvinoticias.com\\\/v3\\\/\",\"name\":\"CVI NOTICIAS\",\"description\":\"\",\"publisher\":{\"@id\":\"https:\\\/\\\/cvinoticias.com\\\/v3\\\/#organization\"},\"alternateName\":\"CVI\",\"potentialAction\":[{\"@type\":\"SearchAction\",\"target\":{\"@type\":\"EntryPoint\",\"urlTemplate\":\"https:\\\/\\\/cvinoticias.com\\\/v3\\\/?s={search_term_string}\"},\"query-input\":{\"@type\":\"PropertyValueSpecification\",\"valueRequired\":true,\"valueName\":\"search_term_string\"}}],\"inLanguage\":\"es\"},{\"@type\":\"Organization\",\"@id\":\"https:\\\/\\\/cvinoticias.com\\\/v3\\\/#organization\",\"name\":\"CVI NOTICIAS\",\"url\":\"https:\\\/\\\/cvinoticias.com\\\/v3\\\/\",\"logo\":{\"@type\":\"ImageObject\",\"inLanguage\":\"es\",\"@id\":\"https:\\\/\\\/cvinoticias.com\\\/v3\\\/#\\\/schema\\\/logo\\\/image\\\/\",\"url\":\"https:\\\/\\\/cvinoticias.com\\\/wp-content\\\/uploads\\\/2023\\\/04\\\/cropped-cropped-cropped-cropped-cropped-3-1.png\",\"contentUrl\":\"https:\\\/\\\/cvinoticias.com\\\/wp-content\\\/uploads\\\/2023\\\/04\\\/cropped-cropped-cropped-cropped-cropped-3-1.png\",\"width\":95,\"height\":122,\"caption\":\"CVI NOTICIAS\"},\"image\":{\"@id\":\"https:\\\/\\\/cvinoticias.com\\\/v3\\\/#\\\/schema\\\/logo\\\/image\\\/\"},\"sameAs\":[\"https:\\\/\\\/www.facebook.com\\\/cvinoticias\",\"https:\\\/\\\/www.instagram.com\\\/cvinoticias\\\/\",\"https:\\\/\\\/www.youtube.com\\\/@CVINOTICIAS\"]},{\"@type\":\"Person\",\"@id\":\"https:\\\/\\\/cvinoticias.com\\\/v3\\\/#\\\/schema\\\/person\\\/2db77e3c6bc03c538495d7b2b8be9b66\",\"name\":\"f1000024\",\"image\":{\"@type\":\"ImageObject\",\"inLanguage\":\"es\",\"@id\":\"https:\\\/\\\/secure.gravatar.com\\\/avatar\\\/d4fe7459cfc51ff5129ce1a732bbef5928568b8092d412ef95611616376bbeed?s=96&d=mm&r=g\",\"url\":\"https:\\\/\\\/secure.gravatar.com\\\/avatar\\\/d4fe7459cfc51ff5129ce1a732bbef5928568b8092d412ef95611616376bbeed?s=96&d=mm&r=g\",\"contentUrl\":\"https:\\\/\\\/secure.gravatar.com\\\/avatar\\\/d4fe7459cfc51ff5129ce1a732bbef5928568b8092d412ef95611616376bbeed?s=96&d=mm&r=g\",\"caption\":\"f1000024\"},\"url\":\"https:\\\/\\\/cvinoticias.com\\\/v3\\\/author\\\/f1000024\\\/\"}]}<\/script>\n<!-- \/ Yoast SEO plugin. -->","yoast_head_json":{"title":"Misiones y Mercado Libre firmaron un convenio para el uso de la plataforma de venta digital | CVI NOTICIAS","robots":{"index":"index","follow":"follow","max-snippet":"max-snippet:-1","max-image-preview":"max-image-preview:large","max-video-preview":"max-video-preview:-1"},"canonical":"https:\/\/cvinoticias.com\/v3\/misiones-y-mercado-libre-firmaron-un-convenio-para-el-uso-de-la-plataforma-de-venta-digital\/","og_locale":"es_ES","og_type":"article","og_title":"Misiones y Mercado Libre firmaron un convenio para el uso de la plataforma de venta digital | CVI NOTICIAS","og_description":"Con la firma de un convenio entre la Provincia y la empresa Mercado Libre, el Gobernador puso en marcha la Tienda Oficial de Misiones en la plataforma de comercio electr\u00f3nico l\u00edder de Argentina. Los funcionarios y empresarios involucrados destacaron la impronta ecol\u00f3gica de la iniciativa por la venta de productos sustentables. Herrera Ahuad valor\u00f3 la [&hellip;]","og_url":"https:\/\/cvinoticias.com\/v3\/misiones-y-mercado-libre-firmaron-un-convenio-para-el-uso-de-la-plataforma-de-venta-digital\/","og_site_name":"CVI NOTICIAS","article_publisher":"https:\/\/www.facebook.com\/cvinoticias","article_published_time":"2021-08-19T19:49:37+00:00","og_image":[{"width":1080,"height":720,"url":"https:\/\/cvinoticias.com\/wp-content\/uploads\/2021\/08\/FB_IMG_1629401996908.jpg","type":"image\/jpeg"}],"author":"f1000024","twitter_card":"summary_large_image","twitter_misc":{"Escrito por":"f1000024","Tiempo de lectura":"5 minutos"},"schema":{"@context":"https:\/\/schema.org","@graph":[{"@type":"Article","@id":"https:\/\/cvinoticias.com\/v3\/misiones-y-mercado-libre-firmaron-un-convenio-para-el-uso-de-la-plataforma-de-venta-digital\/#article","isPartOf":{"@id":"https:\/\/cvinoticias.com\/v3\/misiones-y-mercado-libre-firmaron-un-convenio-para-el-uso-de-la-plataforma-de-venta-digital\/"},"author":{"name":"f1000024","@id":"https:\/\/cvinoticias.com\/v3\/#\/schema\/person\/2db77e3c6bc03c538495d7b2b8be9b66"},"headline":"Misiones y Mercado Libre firmaron un convenio para el uso de la plataforma de venta digital","datePublished":"2021-08-19T19:49:37+00:00","mainEntityOfPage":{"@id":"https:\/\/cvinoticias.com\/v3\/misiones-y-mercado-libre-firmaron-un-convenio-para-el-uso-de-la-plataforma-de-venta-digital\/"},"wordCount":945,"commentCount":0,"publisher":{"@id":"https:\/\/cvinoticias.com\/v3\/#organization"},"image":{"@id":"https:\/\/cvinoticias.com\/v3\/misiones-y-mercado-libre-firmaron-un-convenio-para-el-uso-de-la-plataforma-de-venta-digital\/#primaryimage"},"thumbnailUrl":"https:\/\/cvinoticias.com\/wp-content\/uploads\/2021\/08\/FB_IMG_1629401996908.jpg","articleSection":["Provinciales"],"inLanguage":"es","potentialAction":[{"@type":"CommentAction","name":"Comment","target":["https:\/\/cvinoticias.com\/v3\/misiones-y-mercado-libre-firmaron-un-convenio-para-el-uso-de-la-plataforma-de-venta-digital\/#respond"]}]},{"@type":"WebPage","@id":"https:\/\/cvinoticias.com\/v3\/misiones-y-mercado-libre-firmaron-un-convenio-para-el-uso-de-la-plataforma-de-venta-digital\/","url":"https:\/\/cvinoticias.com\/v3\/misiones-y-mercado-libre-firmaron-un-convenio-para-el-uso-de-la-plataforma-de-venta-digital\/","name":"Misiones y Mercado Libre firmaron un convenio para el uso de la plataforma de venta digital | CVI NOTICIAS","isPartOf":{"@id":"https:\/\/cvinoticias.com\/v3\/#website"},"primaryImageOfPage":{"@id":"https:\/\/cvinoticias.com\/v3\/misiones-y-mercado-libre-firmaron-un-convenio-para-el-uso-de-la-plataforma-de-venta-digital\/#primaryimage"},"image":{"@id":"https:\/\/cvinoticias.com\/v3\/misiones-y-mercado-libre-firmaron-un-convenio-para-el-uso-de-la-plataforma-de-venta-digital\/#primaryimage"},"thumbnailUrl":"https:\/\/cvinoticias.com\/wp-content\/uploads\/2021\/08\/FB_IMG_1629401996908.jpg","datePublished":"2021-08-19T19:49:37+00:00","breadcrumb":{"@id":"https:\/\/cvinoticias.com\/v3\/misiones-y-mercado-libre-firmaron-un-convenio-para-el-uso-de-la-plataforma-de-venta-digital\/#breadcrumb"},"inLanguage":"es","potentialAction":[{"@type":"ReadAction","target":["https:\/\/cvinoticias.com\/v3\/misiones-y-mercado-libre-firmaron-un-convenio-para-el-uso-de-la-plataforma-de-venta-digital\/"]}]},{"@type":"ImageObject","inLanguage":"es","@id":"https:\/\/cvinoticias.com\/v3\/misiones-y-mercado-libre-firmaron-un-convenio-para-el-uso-de-la-plataforma-de-venta-digital\/#primaryimage","url":"https:\/\/cvinoticias.com\/wp-content\/uploads\/2021\/08\/FB_IMG_1629401996908.jpg","contentUrl":"https:\/\/cvinoticias.com\/wp-content\/uploads\/2021\/08\/FB_IMG_1629401996908.jpg","width":1080,"height":720},{"@type":"BreadcrumbList","@id":"https:\/\/cvinoticias.com\/v3\/misiones-y-mercado-libre-firmaron-un-convenio-para-el-uso-de-la-plataforma-de-venta-digital\/#breadcrumb","itemListElement":[{"@type":"ListItem","position":1,"name":"Portada","item":"https:\/\/cvinoticias.com\/v3\/"},{"@type":"ListItem","position":2,"name":"Misiones y Mercado Libre firmaron un convenio para el uso de la plataforma de venta digital"}]},{"@type":"WebSite","@id":"https:\/\/cvinoticias.com\/v3\/#website","url":"https:\/\/cvinoticias.com\/v3\/","name":"CVI NOTICIAS","description":"","publisher":{"@id":"https:\/\/cvinoticias.com\/v3\/#organization"},"alternateName":"CVI","potentialAction":[{"@type":"SearchAction","target":{"@type":"EntryPoint","urlTemplate":"https:\/\/cvinoticias.com\/v3\/?s={search_term_string}"},"query-input":{"@type":"PropertyValueSpecification","valueRequired":true,"valueName":"search_term_string"}}],"inLanguage":"es"},{"@type":"Organization","@id":"https:\/\/cvinoticias.com\/v3\/#organization","name":"CVI NOTICIAS","url":"https:\/\/cvinoticias.com\/v3\/","logo":{"@type":"ImageObject","inLanguage":"es","@id":"https:\/\/cvinoticias.com\/v3\/#\/schema\/logo\/image\/","url":"https:\/\/cvinoticias.com\/wp-content\/uploads\/2023\/04\/cropped-cropped-cropped-cropped-cropped-3-1.png","contentUrl":"https:\/\/cvinoticias.com\/wp-content\/uploads\/2023\/04\/cropped-cropped-cropped-cropped-cropped-3-1.png","width":95,"height":122,"caption":"CVI NOTICIAS"},"image":{"@id":"https:\/\/cvinoticias.com\/v3\/#\/schema\/logo\/image\/"},"sameAs":["https:\/\/www.facebook.com\/cvinoticias","https:\/\/www.instagram.com\/cvinoticias\/","https:\/\/www.youtube.com\/@CVINOTICIAS"]},{"@type":"Person","@id":"https:\/\/cvinoticias.com\/v3\/#\/schema\/person\/2db77e3c6bc03c538495d7b2b8be9b66","name":"f1000024","image":{"@type":"ImageObject","inLanguage":"es","@id":"https:\/\/secure.gravatar.com\/avatar\/d4fe7459cfc51ff5129ce1a732bbef5928568b8092d412ef95611616376bbeed?s=96&d=mm&r=g","url":"https:\/\/secure.gravatar.com\/avatar\/d4fe7459cfc51ff5129ce1a732bbef5928568b8092d412ef95611616376bbeed?s=96&d=mm&r=g","contentUrl":"https:\/\/secure.gravatar.com\/avatar\/d4fe7459cfc51ff5129ce1a732bbef5928568b8092d412ef95611616376bbeed?s=96&d=mm&r=g","caption":"f1000024"},"url":"https:\/\/cvinoticias.com\/v3\/author\/f1000024\/"}]}},"_links":{"self":[{"href":"https:\/\/cvinoticias.com\/v3\/wp-json\/wp\/v2\/posts\/7776","targetHints":{"allow":["GET"]}}],"collection":[{"href":"https:\/\/cvinoticias.com\/v3\/wp-json\/wp\/v2\/posts"}],"about":[{"href":"https:\/\/cvinoticias.com\/v3\/wp-json\/wp\/v2\/types\/post"}],"author":[{"embeddable":true,"href":"https:\/\/cvinoticias.com\/v3\/wp-json\/wp\/v2\/users\/2"}],"replies":[{"embeddable":true,"href":"https:\/\/cvinoticias.com\/v3\/wp-json\/wp\/v2\/comments?post=7776"}],"version-history":[{"count":1,"href":"https:\/\/cvinoticias.com\/v3\/wp-json\/wp\/v2\/posts\/7776\/revisions"}],"predecessor-version":[{"id":7780,"href":"https:\/\/cvinoticias.com\/v3\/wp-json\/wp\/v2\/posts\/7776\/revisions\/7780"}],"wp:featuredmedia":[{"embeddable":true,"href":"https:\/\/cvinoticias.com\/v3\/wp-json\/wp\/v2\/media\/7778"}],"wp:attachment":[{"href":"https:\/\/cvinoticias.com\/v3\/wp-json\/wp\/v2\/media?parent=7776"}],"wp:term":[{"taxonomy":"category","embeddable":true,"href":"https:\/\/cvinoticias.com\/v3\/wp-json\/wp\/v2\/categories?post=7776"},{"taxonomy":"post_tag","embeddable":true,"href":"https:\/\/cvinoticias.com\/v3\/wp-json\/wp\/v2\/tags?post=7776"}],"curies":[{"name":"wp","href":"https:\/\/api.w.org\/{rel}","templated":true}]}}