{"id":7766,"date":"2021-08-19T17:40:20","date_gmt":"2021-08-19T17:40:20","guid":{"rendered":"https:\/\/cvinoticias.com\/v3\/?p=7766"},"modified":"2021-08-19T17:40:20","modified_gmt":"2021-08-19T17:40:20","slug":"docentes-misioneros-cobraran-este-sabado-el-fonid-y-otros-aportes-2","status":"publish","type":"post","link":"https:\/\/cvinoticias.com\/v3\/docentes-misioneros-cobraran-este-sabado-el-fonid-y-otros-aportes-2\/","title":{"rendered":"Docentes misioneros cobrar\u00e1n este s\u00e1bado el Fonid y otros aportes"},"content":{"rendered":"\n<p><strong><em>El gobernador de Misiones, Oscar Herrera Ahuad anunci\u00f3 este jueves que el s\u00e1bado abonar\u00e1n el pago del Fondo Nacional de Incentivo Docente (Fonid).<\/em><\/strong><\/p>\n\n\n\n<p>Confirm\u00f3 adem\u00e1s que se pagar\u00e1 con fondos provinciales, las suplementarias y garant\u00eda salarial docente correspondiente a julio.<\/p>\n\n\n\n<p>A ello le sum\u00f3 que tambi\u00e9n se abonar\u00e1, con fondos provinciales como anticipo, \u201cConectividad Nacional\u201d, cuota 7\/2021 ($710 por cargo).<\/p>\n","protected":false},"excerpt":{"rendered":"<p>El gobernador de Misiones, Oscar Herrera Ahuad anunci\u00f3 este jueves que el s\u00e1bado abonar\u00e1n el pago del Fondo Nacional de Incentivo Docente (Fonid). Confirm\u00f3 adem\u00e1s que se pagar\u00e1 con fondos provinciales, las suplementarias y garant\u00eda salarial docente correspondiente a julio. A ello le sum\u00f3 que tambi\u00e9n se abonar\u00e1, con fondos provinciales como anticipo, \u201cConectividad Nacional\u201d, [&hellip;]<\/p>\n","protected":false},"author":2,"featured_media":7767,"comment_status":"open","ping_status":"open","sticky":false,"template":"","format":"standard","meta":{"footnotes":""},"categories":[32],"tags":[],"class_list":["post-7766","post","type-post","status-publish","format-standard","has-post-thumbnail","hentry","category-economia"],"yoast_head":"<!-- This site is optimized with the Yoast SEO plugin v27.4 - https:\/\/yoast.com\/product\/yoast-seo-wordpress\/ -->\n<title>Docentes misioneros cobrar\u00e1n este s\u00e1bado el Fonid y otros aportes | CVI NOTICIAS<\/title>\n<meta name=\"robots\" content=\"index, follow, max-snippet:-1, max-image-preview:large, max-video-preview:-1\" \/>\n<link rel=\"canonical\" href=\"https:\/\/cvinoticias.com\/v3\/docentes-misioneros-cobraran-este-sabado-el-fonid-y-otros-aportes-2\/\" \/>\n<meta property=\"og:locale\" content=\"es_ES\" \/>\n<meta property=\"og:type\" content=\"article\" \/>\n<meta property=\"og:title\" content=\"Docentes misioneros cobrar\u00e1n este s\u00e1bado el Fonid y otros aportes | CVI NOTICIAS\" \/>\n<meta property=\"og:description\" content=\"El gobernador de Misiones, Oscar Herrera Ahuad anunci\u00f3 este jueves que el s\u00e1bado abonar\u00e1n el pago del Fondo Nacional de Incentivo Docente (Fonid). Confirm\u00f3 adem\u00e1s que se pagar\u00e1 con fondos provinciales, las suplementarias y garant\u00eda salarial docente correspondiente a julio. A ello le sum\u00f3 que tambi\u00e9n se abonar\u00e1, con fondos provinciales como anticipo, \u201cConectividad Nacional\u201d, [&hellip;]\" \/>\n<meta property=\"og:url\" content=\"https:\/\/cvinoticias.com\/v3\/docentes-misioneros-cobraran-este-sabado-el-fonid-y-otros-aportes-2\/\" \/>\n<meta property=\"og:site_name\" content=\"CVI NOTICIAS\" \/>\n<meta property=\"article:publisher\" content=\"https:\/\/www.facebook.com\/cvinoticias\" \/>\n<meta property=\"article:published_time\" content=\"2021-08-19T17:40:20+00:00\" \/>\n<meta property=\"og:image\" content=\"https:\/\/cvinoticias.com\/wp-content\/uploads\/2021\/08\/1591191598_127141_1591191714_noticia_normal_recorte1.jpg\" \/>\n\t<meta property=\"og:image:width\" content=\"720\" \/>\n\t<meta property=\"og:image:height\" content=\"405\" \/>\n\t<meta property=\"og:image:type\" content=\"image\/jpeg\" \/>\n<meta name=\"author\" content=\"f1000024\" \/>\n<meta name=\"twitter:card\" content=\"summary_large_image\" \/>\n<meta name=\"twitter:label1\" content=\"Escrito por\" \/>\n\t<meta name=\"twitter:data1\" content=\"f1000024\" \/>\n<script type=\"application\/ld+json\" class=\"yoast-schema-graph\">{\"@context\":\"https:\\\/\\\/schema.org\",\"@graph\":[{\"@type\":\"Article\",\"@id\":\"https:\\\/\\\/cvinoticias.com\\\/v3\\\/docentes-misioneros-cobraran-este-sabado-el-fonid-y-otros-aportes-2\\\/#article\",\"isPartOf\":{\"@id\":\"https:\\\/\\\/cvinoticias.com\\\/v3\\\/docentes-misioneros-cobraran-este-sabado-el-fonid-y-otros-aportes-2\\\/\"},\"author\":{\"name\":\"f1000024\",\"@id\":\"https:\\\/\\\/cvinoticias.com\\\/v3\\\/#\\\/schema\\\/person\\\/2db77e3c6bc03c538495d7b2b8be9b66\"},\"headline\":\"Docentes misioneros cobrar\u00e1n este s\u00e1bado el Fonid y otros aportes\",\"datePublished\":\"2021-08-19T17:40:20+00:00\",\"mainEntityOfPage\":{\"@id\":\"https:\\\/\\\/cvinoticias.com\\\/v3\\\/docentes-misioneros-cobraran-este-sabado-el-fonid-y-otros-aportes-2\\\/\"},\"wordCount\":75,\"commentCount\":0,\"publisher\":{\"@id\":\"https:\\\/\\\/cvinoticias.com\\\/v3\\\/#organization\"},\"image\":{\"@id\":\"https:\\\/\\\/cvinoticias.com\\\/v3\\\/docentes-misioneros-cobraran-este-sabado-el-fonid-y-otros-aportes-2\\\/#primaryimage\"},\"thumbnailUrl\":\"https:\\\/\\\/cvinoticias.com\\\/wp-content\\\/uploads\\\/2021\\\/08\\\/1591191598_127141_1591191714_noticia_normal_recorte1.jpg\",\"articleSection\":[\"Econom\u00eda\"],\"inLanguage\":\"es\",\"potentialAction\":[{\"@type\":\"CommentAction\",\"name\":\"Comment\",\"target\":[\"https:\\\/\\\/cvinoticias.com\\\/v3\\\/docentes-misioneros-cobraran-este-sabado-el-fonid-y-otros-aportes-2\\\/#respond\"]}]},{\"@type\":\"WebPage\",\"@id\":\"https:\\\/\\\/cvinoticias.com\\\/v3\\\/docentes-misioneros-cobraran-este-sabado-el-fonid-y-otros-aportes-2\\\/\",\"url\":\"https:\\\/\\\/cvinoticias.com\\\/v3\\\/docentes-misioneros-cobraran-este-sabado-el-fonid-y-otros-aportes-2\\\/\",\"name\":\"Docentes misioneros cobrar\u00e1n este s\u00e1bado el Fonid y otros aportes | CVI NOTICIAS\",\"isPartOf\":{\"@id\":\"https:\\\/\\\/cvinoticias.com\\\/v3\\\/#website\"},\"primaryImageOfPage\":{\"@id\":\"https:\\\/\\\/cvinoticias.com\\\/v3\\\/docentes-misioneros-cobraran-este-sabado-el-fonid-y-otros-aportes-2\\\/#primaryimage\"},\"image\":{\"@id\":\"https:\\\/\\\/cvinoticias.com\\\/v3\\\/docentes-misioneros-cobraran-este-sabado-el-fonid-y-otros-aportes-2\\\/#primaryimage\"},\"thumbnailUrl\":\"https:\\\/\\\/cvinoticias.com\\\/wp-content\\\/uploads\\\/2021\\\/08\\\/1591191598_127141_1591191714_noticia_normal_recorte1.jpg\",\"datePublished\":\"2021-08-19T17:40:20+00:00\",\"breadcrumb\":{\"@id\":\"https:\\\/\\\/cvinoticias.com\\\/v3\\\/docentes-misioneros-cobraran-este-sabado-el-fonid-y-otros-aportes-2\\\/#breadcrumb\"},\"inLanguage\":\"es\",\"potentialAction\":[{\"@type\":\"ReadAction\",\"target\":[\"https:\\\/\\\/cvinoticias.com\\\/v3\\\/docentes-misioneros-cobraran-este-sabado-el-fonid-y-otros-aportes-2\\\/\"]}]},{\"@type\":\"ImageObject\",\"inLanguage\":\"es\",\"@id\":\"https:\\\/\\\/cvinoticias.com\\\/v3\\\/docentes-misioneros-cobraran-este-sabado-el-fonid-y-otros-aportes-2\\\/#primaryimage\",\"url\":\"https:\\\/\\\/cvinoticias.com\\\/wp-content\\\/uploads\\\/2021\\\/08\\\/1591191598_127141_1591191714_noticia_normal_recorte1.jpg\",\"contentUrl\":\"https:\\\/\\\/cvinoticias.com\\\/wp-content\\\/uploads\\\/2021\\\/08\\\/1591191598_127141_1591191714_noticia_normal_recorte1.jpg\",\"width\":720,\"height\":405},{\"@type\":\"BreadcrumbList\",\"@id\":\"https:\\\/\\\/cvinoticias.com\\\/v3\\\/docentes-misioneros-cobraran-este-sabado-el-fonid-y-otros-aportes-2\\\/#breadcrumb\",\"itemListElement\":[{\"@type\":\"ListItem\",\"position\":1,\"name\":\"Portada\",\"item\":\"https:\\\/\\\/cvinoticias.com\\\/v3\\\/\"},{\"@type\":\"ListItem\",\"position\":2,\"name\":\"Docentes misioneros cobrar\u00e1n este s\u00e1bado el Fonid y otros aportes\"}]},{\"@type\":\"WebSite\",\"@id\":\"https:\\\/\\\/cvinoticias.com\\\/v3\\\/#website\",\"url\":\"https:\\\/\\\/cvinoticias.com\\\/v3\\\/\",\"name\":\"CVI NOTICIAS\",\"description\":\"\",\"publisher\":{\"@id\":\"https:\\\/\\\/cvinoticias.com\\\/v3\\\/#organization\"},\"alternateName\":\"CVI\",\"potentialAction\":[{\"@type\":\"SearchAction\",\"target\":{\"@type\":\"EntryPoint\",\"urlTemplate\":\"https:\\\/\\\/cvinoticias.com\\\/v3\\\/?s={search_term_string}\"},\"query-input\":{\"@type\":\"PropertyValueSpecification\",\"valueRequired\":true,\"valueName\":\"search_term_string\"}}],\"inLanguage\":\"es\"},{\"@type\":\"Organization\",\"@id\":\"https:\\\/\\\/cvinoticias.com\\\/v3\\\/#organization\",\"name\":\"CVI NOTICIAS\",\"url\":\"https:\\\/\\\/cvinoticias.com\\\/v3\\\/\",\"logo\":{\"@type\":\"ImageObject\",\"inLanguage\":\"es\",\"@id\":\"https:\\\/\\\/cvinoticias.com\\\/v3\\\/#\\\/schema\\\/logo\\\/image\\\/\",\"url\":\"https:\\\/\\\/cvinoticias.com\\\/wp-content\\\/uploads\\\/2023\\\/04\\\/cropped-cropped-cropped-cropped-cropped-3-1.png\",\"contentUrl\":\"https:\\\/\\\/cvinoticias.com\\\/wp-content\\\/uploads\\\/2023\\\/04\\\/cropped-cropped-cropped-cropped-cropped-3-1.png\",\"width\":95,\"height\":122,\"caption\":\"CVI NOTICIAS\"},\"image\":{\"@id\":\"https:\\\/\\\/cvinoticias.com\\\/v3\\\/#\\\/schema\\\/logo\\\/image\\\/\"},\"sameAs\":[\"https:\\\/\\\/www.facebook.com\\\/cvinoticias\",\"https:\\\/\\\/www.instagram.com\\\/cvinoticias\\\/\",\"https:\\\/\\\/www.youtube.com\\\/@CVINOTICIAS\"]},{\"@type\":\"Person\",\"@id\":\"https:\\\/\\\/cvinoticias.com\\\/v3\\\/#\\\/schema\\\/person\\\/2db77e3c6bc03c538495d7b2b8be9b66\",\"name\":\"f1000024\",\"image\":{\"@type\":\"ImageObject\",\"inLanguage\":\"es\",\"@id\":\"https:\\\/\\\/secure.gravatar.com\\\/avatar\\\/d4fe7459cfc51ff5129ce1a732bbef5928568b8092d412ef95611616376bbeed?s=96&d=mm&r=g\",\"url\":\"https:\\\/\\\/secure.gravatar.com\\\/avatar\\\/d4fe7459cfc51ff5129ce1a732bbef5928568b8092d412ef95611616376bbeed?s=96&d=mm&r=g\",\"contentUrl\":\"https:\\\/\\\/secure.gravatar.com\\\/avatar\\\/d4fe7459cfc51ff5129ce1a732bbef5928568b8092d412ef95611616376bbeed?s=96&d=mm&r=g\",\"caption\":\"f1000024\"},\"url\":\"https:\\\/\\\/cvinoticias.com\\\/v3\\\/author\\\/f1000024\\\/\"}]}<\/script>\n<!-- \/ Yoast SEO plugin. -->","yoast_head_json":{"title":"Docentes misioneros cobrar\u00e1n este s\u00e1bado el Fonid y otros aportes | CVI NOTICIAS","robots":{"index":"index","follow":"follow","max-snippet":"max-snippet:-1","max-image-preview":"max-image-preview:large","max-video-preview":"max-video-preview:-1"},"canonical":"https:\/\/cvinoticias.com\/v3\/docentes-misioneros-cobraran-este-sabado-el-fonid-y-otros-aportes-2\/","og_locale":"es_ES","og_type":"article","og_title":"Docentes misioneros cobrar\u00e1n este s\u00e1bado el Fonid y otros aportes | CVI NOTICIAS","og_description":"El gobernador de Misiones, Oscar Herrera Ahuad anunci\u00f3 este jueves que el s\u00e1bado abonar\u00e1n el pago del Fondo Nacional de Incentivo Docente (Fonid). Confirm\u00f3 adem\u00e1s que se pagar\u00e1 con fondos provinciales, las suplementarias y garant\u00eda salarial docente correspondiente a julio. A ello le sum\u00f3 que tambi\u00e9n se abonar\u00e1, con fondos provinciales como anticipo, \u201cConectividad Nacional\u201d, [&hellip;]","og_url":"https:\/\/cvinoticias.com\/v3\/docentes-misioneros-cobraran-este-sabado-el-fonid-y-otros-aportes-2\/","og_site_name":"CVI NOTICIAS","article_publisher":"https:\/\/www.facebook.com\/cvinoticias","article_published_time":"2021-08-19T17:40:20+00:00","og_image":[{"width":720,"height":405,"url":"https:\/\/cvinoticias.com\/wp-content\/uploads\/2021\/08\/1591191598_127141_1591191714_noticia_normal_recorte1.jpg","type":"image\/jpeg"}],"author":"f1000024","twitter_card":"summary_large_image","twitter_misc":{"Escrito por":"f1000024"},"schema":{"@context":"https:\/\/schema.org","@graph":[{"@type":"Article","@id":"https:\/\/cvinoticias.com\/v3\/docentes-misioneros-cobraran-este-sabado-el-fonid-y-otros-aportes-2\/#article","isPartOf":{"@id":"https:\/\/cvinoticias.com\/v3\/docentes-misioneros-cobraran-este-sabado-el-fonid-y-otros-aportes-2\/"},"author":{"name":"f1000024","@id":"https:\/\/cvinoticias.com\/v3\/#\/schema\/person\/2db77e3c6bc03c538495d7b2b8be9b66"},"headline":"Docentes misioneros cobrar\u00e1n este s\u00e1bado el Fonid y otros aportes","datePublished":"2021-08-19T17:40:20+00:00","mainEntityOfPage":{"@id":"https:\/\/cvinoticias.com\/v3\/docentes-misioneros-cobraran-este-sabado-el-fonid-y-otros-aportes-2\/"},"wordCount":75,"commentCount":0,"publisher":{"@id":"https:\/\/cvinoticias.com\/v3\/#organization"},"image":{"@id":"https:\/\/cvinoticias.com\/v3\/docentes-misioneros-cobraran-este-sabado-el-fonid-y-otros-aportes-2\/#primaryimage"},"thumbnailUrl":"https:\/\/cvinoticias.com\/wp-content\/uploads\/2021\/08\/1591191598_127141_1591191714_noticia_normal_recorte1.jpg","articleSection":["Econom\u00eda"],"inLanguage":"es","potentialAction":[{"@type":"CommentAction","name":"Comment","target":["https:\/\/cvinoticias.com\/v3\/docentes-misioneros-cobraran-este-sabado-el-fonid-y-otros-aportes-2\/#respond"]}]},{"@type":"WebPage","@id":"https:\/\/cvinoticias.com\/v3\/docentes-misioneros-cobraran-este-sabado-el-fonid-y-otros-aportes-2\/","url":"https:\/\/cvinoticias.com\/v3\/docentes-misioneros-cobraran-este-sabado-el-fonid-y-otros-aportes-2\/","name":"Docentes misioneros cobrar\u00e1n este s\u00e1bado el Fonid y otros aportes | CVI NOTICIAS","isPartOf":{"@id":"https:\/\/cvinoticias.com\/v3\/#website"},"primaryImageOfPage":{"@id":"https:\/\/cvinoticias.com\/v3\/docentes-misioneros-cobraran-este-sabado-el-fonid-y-otros-aportes-2\/#primaryimage"},"image":{"@id":"https:\/\/cvinoticias.com\/v3\/docentes-misioneros-cobraran-este-sabado-el-fonid-y-otros-aportes-2\/#primaryimage"},"thumbnailUrl":"https:\/\/cvinoticias.com\/wp-content\/uploads\/2021\/08\/1591191598_127141_1591191714_noticia_normal_recorte1.jpg","datePublished":"2021-08-19T17:40:20+00:00","breadcrumb":{"@id":"https:\/\/cvinoticias.com\/v3\/docentes-misioneros-cobraran-este-sabado-el-fonid-y-otros-aportes-2\/#breadcrumb"},"inLanguage":"es","potentialAction":[{"@type":"ReadAction","target":["https:\/\/cvinoticias.com\/v3\/docentes-misioneros-cobraran-este-sabado-el-fonid-y-otros-aportes-2\/"]}]},{"@type":"ImageObject","inLanguage":"es","@id":"https:\/\/cvinoticias.com\/v3\/docentes-misioneros-cobraran-este-sabado-el-fonid-y-otros-aportes-2\/#primaryimage","url":"https:\/\/cvinoticias.com\/wp-content\/uploads\/2021\/08\/1591191598_127141_1591191714_noticia_normal_recorte1.jpg","contentUrl":"https:\/\/cvinoticias.com\/wp-content\/uploads\/2021\/08\/1591191598_127141_1591191714_noticia_normal_recorte1.jpg","width":720,"height":405},{"@type":"BreadcrumbList","@id":"https:\/\/cvinoticias.com\/v3\/docentes-misioneros-cobraran-este-sabado-el-fonid-y-otros-aportes-2\/#breadcrumb","itemListElement":[{"@type":"ListItem","position":1,"name":"Portada","item":"https:\/\/cvinoticias.com\/v3\/"},{"@type":"ListItem","position":2,"name":"Docentes misioneros cobrar\u00e1n este s\u00e1bado el Fonid y otros aportes"}]},{"@type":"WebSite","@id":"https:\/\/cvinoticias.com\/v3\/#website","url":"https:\/\/cvinoticias.com\/v3\/","name":"CVI NOTICIAS","description":"","publisher":{"@id":"https:\/\/cvinoticias.com\/v3\/#organization"},"alternateName":"CVI","potentialAction":[{"@type":"SearchAction","target":{"@type":"EntryPoint","urlTemplate":"https:\/\/cvinoticias.com\/v3\/?s={search_term_string}"},"query-input":{"@type":"PropertyValueSpecification","valueRequired":true,"valueName":"search_term_string"}}],"inLanguage":"es"},{"@type":"Organization","@id":"https:\/\/cvinoticias.com\/v3\/#organization","name":"CVI NOTICIAS","url":"https:\/\/cvinoticias.com\/v3\/","logo":{"@type":"ImageObject","inLanguage":"es","@id":"https:\/\/cvinoticias.com\/v3\/#\/schema\/logo\/image\/","url":"https:\/\/cvinoticias.com\/wp-content\/uploads\/2023\/04\/cropped-cropped-cropped-cropped-cropped-3-1.png","contentUrl":"https:\/\/cvinoticias.com\/wp-content\/uploads\/2023\/04\/cropped-cropped-cropped-cropped-cropped-3-1.png","width":95,"height":122,"caption":"CVI NOTICIAS"},"image":{"@id":"https:\/\/cvinoticias.com\/v3\/#\/schema\/logo\/image\/"},"sameAs":["https:\/\/www.facebook.com\/cvinoticias","https:\/\/www.instagram.com\/cvinoticias\/","https:\/\/www.youtube.com\/@CVINOTICIAS"]},{"@type":"Person","@id":"https:\/\/cvinoticias.com\/v3\/#\/schema\/person\/2db77e3c6bc03c538495d7b2b8be9b66","name":"f1000024","image":{"@type":"ImageObject","inLanguage":"es","@id":"https:\/\/secure.gravatar.com\/avatar\/d4fe7459cfc51ff5129ce1a732bbef5928568b8092d412ef95611616376bbeed?s=96&d=mm&r=g","url":"https:\/\/secure.gravatar.com\/avatar\/d4fe7459cfc51ff5129ce1a732bbef5928568b8092d412ef95611616376bbeed?s=96&d=mm&r=g","contentUrl":"https:\/\/secure.gravatar.com\/avatar\/d4fe7459cfc51ff5129ce1a732bbef5928568b8092d412ef95611616376bbeed?s=96&d=mm&r=g","caption":"f1000024"},"url":"https:\/\/cvinoticias.com\/v3\/author\/f1000024\/"}]}},"_links":{"self":[{"href":"https:\/\/cvinoticias.com\/v3\/wp-json\/wp\/v2\/posts\/7766","targetHints":{"allow":["GET"]}}],"collection":[{"href":"https:\/\/cvinoticias.com\/v3\/wp-json\/wp\/v2\/posts"}],"about":[{"href":"https:\/\/cvinoticias.com\/v3\/wp-json\/wp\/v2\/types\/post"}],"author":[{"embeddable":true,"href":"https:\/\/cvinoticias.com\/v3\/wp-json\/wp\/v2\/users\/2"}],"replies":[{"embeddable":true,"href":"https:\/\/cvinoticias.com\/v3\/wp-json\/wp\/v2\/comments?post=7766"}],"version-history":[{"count":1,"href":"https:\/\/cvinoticias.com\/v3\/wp-json\/wp\/v2\/posts\/7766\/revisions"}],"predecessor-version":[{"id":7768,"href":"https:\/\/cvinoticias.com\/v3\/wp-json\/wp\/v2\/posts\/7766\/revisions\/7768"}],"wp:featuredmedia":[{"embeddable":true,"href":"https:\/\/cvinoticias.com\/v3\/wp-json\/wp\/v2\/media\/7767"}],"wp:attachment":[{"href":"https:\/\/cvinoticias.com\/v3\/wp-json\/wp\/v2\/media?parent=7766"}],"wp:term":[{"taxonomy":"category","embeddable":true,"href":"https:\/\/cvinoticias.com\/v3\/wp-json\/wp\/v2\/categories?post=7766"},{"taxonomy":"post_tag","embeddable":true,"href":"https:\/\/cvinoticias.com\/v3\/wp-json\/wp\/v2\/tags?post=7766"}],"curies":[{"name":"wp","href":"https:\/\/api.w.org\/{rel}","templated":true}]}}