{"id":7757,"date":"2021-08-19T11:12:27","date_gmt":"2021-08-19T11:12:27","guid":{"rendered":"https:\/\/cvinoticias.com\/v3\/?p=7757"},"modified":"2021-08-19T11:12:27","modified_gmt":"2021-08-19T11:12:27","slug":"hoy-19-de-agosto-se-celebra-el-dia-de-la-radio-misionera","status":"publish","type":"post","link":"https:\/\/cvinoticias.com\/v3\/hoy-19-de-agosto-se-celebra-el-dia-de-la-radio-misionera\/","title":{"rendered":"Hoy 19 de agosto se celebra el \u201cD\u00eda de la Radio Misionera\u201d"},"content":{"rendered":"\n<p><strong><em>Por primera vez se celebra hoy 19 de agosto el D\u00eda de la Radio Misionera, en homenaje a Julio Teodoro Cormillot, quien instal\u00f3 la primera emisora en la provincia.<\/em><\/strong><\/p>\n\n\n\n<p>Hace una semana se public\u00f3 en el&nbsp;Bolet\u00edn Oficial de la Provincia&nbsp;la&nbsp;Ley VI \u2013 N\u00ba266, aprobada semanas atr\u00e1s por la C\u00e1mara de Diputados, por la cual se instituye el&nbsp;19 de agosto de cada a\u00f1o como D\u00eda de la Radio Misionera.<\/p>\n\n\n\n<p>\u201cEl 19 de agosto de 1927 se instal\u00f3 la primera emisora en nuestra provincia, la cual se llamaba Mix, luego Bouquet\u201d, detall\u00f3 la legisladora. \u201cTen\u00eda una funci\u00f3n de extrema importancia, que era y sigue siendo la de difundir cultura, noticias mundiales, nacionales y locales, incluso de comunicaci\u00f3n comunitaria y solidaria\u201d, agreg\u00f3.<\/p>\n\n\n\n<p><br>\u201cLo que debemos tener presente es que la radio es un medio de comunicaci\u00f3n que llega a todas las clases sociales y establece un contacto m\u00e1s personal, porque ofrece al radio-escucha cierto grado de participaci\u00f3n en el acontecimiento o noticia que se est\u00e1 transmitiendo\u201d, dijo Braga\u00f1olo.<\/p>\n\n\n\n<p><br>Agreg\u00f3 que la radio es \u201cuna defensora de la democracia y respeta la pluralidad de opiniones, y tiene mucha importancia en las comunidades donde son escasos otros medios de comunicaci\u00f3n, y por sobre todo, en provincias fronterizas como la nuestra donde los medios de comunicaci\u00f3n tienen un rol importante en la construcci\u00f3n de su identidad\u201d.<\/p>\n\n\n\n<p><br>El D\u00eda de la Radio Misionera es \u201cun peque\u00f1o reconocimiento a todas aquellas radios de nuestra provincia que desde los m\u00e1s rec\u00f3nditos rincones, d\u00eda a d\u00eda se encuentran cumpliendo su misi\u00f3n de comunicadores sociales y culturales\u201d, concluy\u00f3 Braga\u00f1olo.<\/p>\n","protected":false},"excerpt":{"rendered":"<p>Por primera vez se celebra hoy 19 de agosto el D\u00eda de la Radio Misionera, en homenaje a Julio Teodoro Cormillot, quien instal\u00f3 la primera emisora en la provincia. Hace una semana se public\u00f3 en el&nbsp;Bolet\u00edn Oficial de la Provincia&nbsp;la&nbsp;Ley VI \u2013 N\u00ba266, aprobada semanas atr\u00e1s por la C\u00e1mara de Diputados, por la cual se [&hellip;]<\/p>\n","protected":false},"author":2,"featured_media":7758,"comment_status":"open","ping_status":"open","sticky":false,"template":"","format":"standard","meta":{"footnotes":""},"categories":[47],"tags":[],"class_list":["post-7757","post","type-post","status-publish","format-standard","has-post-thumbnail","hentry","category-sociedad"],"yoast_head":"<!-- This site is optimized with the Yoast SEO plugin v27.4 - https:\/\/yoast.com\/product\/yoast-seo-wordpress\/ -->\n<title>Hoy 19 de agosto se celebra el \u201cD\u00eda de la Radio Misionera\u201d | CVI NOTICIAS<\/title>\n<meta name=\"robots\" content=\"index, follow, max-snippet:-1, max-image-preview:large, max-video-preview:-1\" \/>\n<link rel=\"canonical\" href=\"https:\/\/cvinoticias.com\/v3\/hoy-19-de-agosto-se-celebra-el-dia-de-la-radio-misionera\/\" \/>\n<meta property=\"og:locale\" content=\"es_ES\" \/>\n<meta property=\"og:type\" content=\"article\" \/>\n<meta property=\"og:title\" content=\"Hoy 19 de agosto se celebra el \u201cD\u00eda de la Radio Misionera\u201d | CVI NOTICIAS\" \/>\n<meta property=\"og:description\" content=\"Por primera vez se celebra hoy 19 de agosto el D\u00eda de la Radio Misionera, en homenaje a Julio Teodoro Cormillot, quien instal\u00f3 la primera emisora en la provincia. Hace una semana se public\u00f3 en el&nbsp;Bolet\u00edn Oficial de la Provincia&nbsp;la&nbsp;Ley VI \u2013 N\u00ba266, aprobada semanas atr\u00e1s por la C\u00e1mara de Diputados, por la cual se [&hellip;]\" \/>\n<meta property=\"og:url\" content=\"https:\/\/cvinoticias.com\/v3\/hoy-19-de-agosto-se-celebra-el-dia-de-la-radio-misionera\/\" \/>\n<meta property=\"og:site_name\" content=\"CVI NOTICIAS\" \/>\n<meta property=\"article:publisher\" content=\"https:\/\/www.facebook.com\/cvinoticias\" \/>\n<meta property=\"article:published_time\" content=\"2021-08-19T11:12:27+00:00\" \/>\n<meta property=\"og:image\" content=\"https:\/\/cvinoticias.com\/wp-content\/uploads\/2021\/08\/PicsArt_08-19-08.11.40.png\" \/>\n\t<meta property=\"og:image:width\" content=\"2128\" \/>\n\t<meta property=\"og:image:height\" content=\"1296\" \/>\n\t<meta property=\"og:image:type\" content=\"image\/png\" \/>\n<meta name=\"author\" content=\"f1000024\" \/>\n<meta name=\"twitter:card\" content=\"summary_large_image\" \/>\n<meta name=\"twitter:label1\" content=\"Escrito por\" \/>\n\t<meta name=\"twitter:data1\" content=\"f1000024\" \/>\n\t<meta name=\"twitter:label2\" content=\"Tiempo de lectura\" \/>\n\t<meta name=\"twitter:data2\" content=\"1 minuto\" \/>\n<script type=\"application\/ld+json\" class=\"yoast-schema-graph\">{\"@context\":\"https:\\\/\\\/schema.org\",\"@graph\":[{\"@type\":\"Article\",\"@id\":\"https:\\\/\\\/cvinoticias.com\\\/v3\\\/hoy-19-de-agosto-se-celebra-el-dia-de-la-radio-misionera\\\/#article\",\"isPartOf\":{\"@id\":\"https:\\\/\\\/cvinoticias.com\\\/v3\\\/hoy-19-de-agosto-se-celebra-el-dia-de-la-radio-misionera\\\/\"},\"author\":{\"name\":\"f1000024\",\"@id\":\"https:\\\/\\\/cvinoticias.com\\\/v3\\\/#\\\/schema\\\/person\\\/2db77e3c6bc03c538495d7b2b8be9b66\"},\"headline\":\"Hoy 19 de agosto se celebra el \u201cD\u00eda de la Radio Misionera\u201d\",\"datePublished\":\"2021-08-19T11:12:27+00:00\",\"mainEntityOfPage\":{\"@id\":\"https:\\\/\\\/cvinoticias.com\\\/v3\\\/hoy-19-de-agosto-se-celebra-el-dia-de-la-radio-misionera\\\/\"},\"wordCount\":297,\"commentCount\":0,\"publisher\":{\"@id\":\"https:\\\/\\\/cvinoticias.com\\\/v3\\\/#organization\"},\"image\":{\"@id\":\"https:\\\/\\\/cvinoticias.com\\\/v3\\\/hoy-19-de-agosto-se-celebra-el-dia-de-la-radio-misionera\\\/#primaryimage\"},\"thumbnailUrl\":\"https:\\\/\\\/cvinoticias.com\\\/wp-content\\\/uploads\\\/2021\\\/08\\\/PicsArt_08-19-08.11.40.png\",\"articleSection\":[\"Sociedad\"],\"inLanguage\":\"es\",\"potentialAction\":[{\"@type\":\"CommentAction\",\"name\":\"Comment\",\"target\":[\"https:\\\/\\\/cvinoticias.com\\\/v3\\\/hoy-19-de-agosto-se-celebra-el-dia-de-la-radio-misionera\\\/#respond\"]}]},{\"@type\":\"WebPage\",\"@id\":\"https:\\\/\\\/cvinoticias.com\\\/v3\\\/hoy-19-de-agosto-se-celebra-el-dia-de-la-radio-misionera\\\/\",\"url\":\"https:\\\/\\\/cvinoticias.com\\\/v3\\\/hoy-19-de-agosto-se-celebra-el-dia-de-la-radio-misionera\\\/\",\"name\":\"Hoy 19 de agosto se celebra el \u201cD\u00eda de la Radio Misionera\u201d | CVI NOTICIAS\",\"isPartOf\":{\"@id\":\"https:\\\/\\\/cvinoticias.com\\\/v3\\\/#website\"},\"primaryImageOfPage\":{\"@id\":\"https:\\\/\\\/cvinoticias.com\\\/v3\\\/hoy-19-de-agosto-se-celebra-el-dia-de-la-radio-misionera\\\/#primaryimage\"},\"image\":{\"@id\":\"https:\\\/\\\/cvinoticias.com\\\/v3\\\/hoy-19-de-agosto-se-celebra-el-dia-de-la-radio-misionera\\\/#primaryimage\"},\"thumbnailUrl\":\"https:\\\/\\\/cvinoticias.com\\\/wp-content\\\/uploads\\\/2021\\\/08\\\/PicsArt_08-19-08.11.40.png\",\"datePublished\":\"2021-08-19T11:12:27+00:00\",\"breadcrumb\":{\"@id\":\"https:\\\/\\\/cvinoticias.com\\\/v3\\\/hoy-19-de-agosto-se-celebra-el-dia-de-la-radio-misionera\\\/#breadcrumb\"},\"inLanguage\":\"es\",\"potentialAction\":[{\"@type\":\"ReadAction\",\"target\":[\"https:\\\/\\\/cvinoticias.com\\\/v3\\\/hoy-19-de-agosto-se-celebra-el-dia-de-la-radio-misionera\\\/\"]}]},{\"@type\":\"ImageObject\",\"inLanguage\":\"es\",\"@id\":\"https:\\\/\\\/cvinoticias.com\\\/v3\\\/hoy-19-de-agosto-se-celebra-el-dia-de-la-radio-misionera\\\/#primaryimage\",\"url\":\"https:\\\/\\\/cvinoticias.com\\\/wp-content\\\/uploads\\\/2021\\\/08\\\/PicsArt_08-19-08.11.40.png\",\"contentUrl\":\"https:\\\/\\\/cvinoticias.com\\\/wp-content\\\/uploads\\\/2021\\\/08\\\/PicsArt_08-19-08.11.40.png\",\"width\":2128,\"height\":1296},{\"@type\":\"BreadcrumbList\",\"@id\":\"https:\\\/\\\/cvinoticias.com\\\/v3\\\/hoy-19-de-agosto-se-celebra-el-dia-de-la-radio-misionera\\\/#breadcrumb\",\"itemListElement\":[{\"@type\":\"ListItem\",\"position\":1,\"name\":\"Portada\",\"item\":\"https:\\\/\\\/cvinoticias.com\\\/v3\\\/\"},{\"@type\":\"ListItem\",\"position\":2,\"name\":\"Hoy 19 de agosto se celebra el \u201cD\u00eda de la Radio Misionera\u201d\"}]},{\"@type\":\"WebSite\",\"@id\":\"https:\\\/\\\/cvinoticias.com\\\/v3\\\/#website\",\"url\":\"https:\\\/\\\/cvinoticias.com\\\/v3\\\/\",\"name\":\"CVI NOTICIAS\",\"description\":\"\",\"publisher\":{\"@id\":\"https:\\\/\\\/cvinoticias.com\\\/v3\\\/#organization\"},\"alternateName\":\"CVI\",\"potentialAction\":[{\"@type\":\"SearchAction\",\"target\":{\"@type\":\"EntryPoint\",\"urlTemplate\":\"https:\\\/\\\/cvinoticias.com\\\/v3\\\/?s={search_term_string}\"},\"query-input\":{\"@type\":\"PropertyValueSpecification\",\"valueRequired\":true,\"valueName\":\"search_term_string\"}}],\"inLanguage\":\"es\"},{\"@type\":\"Organization\",\"@id\":\"https:\\\/\\\/cvinoticias.com\\\/v3\\\/#organization\",\"name\":\"CVI NOTICIAS\",\"url\":\"https:\\\/\\\/cvinoticias.com\\\/v3\\\/\",\"logo\":{\"@type\":\"ImageObject\",\"inLanguage\":\"es\",\"@id\":\"https:\\\/\\\/cvinoticias.com\\\/v3\\\/#\\\/schema\\\/logo\\\/image\\\/\",\"url\":\"https:\\\/\\\/cvinoticias.com\\\/wp-content\\\/uploads\\\/2023\\\/04\\\/cropped-cropped-cropped-cropped-cropped-3-1.png\",\"contentUrl\":\"https:\\\/\\\/cvinoticias.com\\\/wp-content\\\/uploads\\\/2023\\\/04\\\/cropped-cropped-cropped-cropped-cropped-3-1.png\",\"width\":95,\"height\":122,\"caption\":\"CVI NOTICIAS\"},\"image\":{\"@id\":\"https:\\\/\\\/cvinoticias.com\\\/v3\\\/#\\\/schema\\\/logo\\\/image\\\/\"},\"sameAs\":[\"https:\\\/\\\/www.facebook.com\\\/cvinoticias\",\"https:\\\/\\\/www.instagram.com\\\/cvinoticias\\\/\",\"https:\\\/\\\/www.youtube.com\\\/@CVINOTICIAS\"]},{\"@type\":\"Person\",\"@id\":\"https:\\\/\\\/cvinoticias.com\\\/v3\\\/#\\\/schema\\\/person\\\/2db77e3c6bc03c538495d7b2b8be9b66\",\"name\":\"f1000024\",\"image\":{\"@type\":\"ImageObject\",\"inLanguage\":\"es\",\"@id\":\"https:\\\/\\\/secure.gravatar.com\\\/avatar\\\/d4fe7459cfc51ff5129ce1a732bbef5928568b8092d412ef95611616376bbeed?s=96&d=mm&r=g\",\"url\":\"https:\\\/\\\/secure.gravatar.com\\\/avatar\\\/d4fe7459cfc51ff5129ce1a732bbef5928568b8092d412ef95611616376bbeed?s=96&d=mm&r=g\",\"contentUrl\":\"https:\\\/\\\/secure.gravatar.com\\\/avatar\\\/d4fe7459cfc51ff5129ce1a732bbef5928568b8092d412ef95611616376bbeed?s=96&d=mm&r=g\",\"caption\":\"f1000024\"},\"url\":\"https:\\\/\\\/cvinoticias.com\\\/v3\\\/author\\\/f1000024\\\/\"}]}<\/script>\n<!-- \/ Yoast SEO plugin. -->","yoast_head_json":{"title":"Hoy 19 de agosto se celebra el \u201cD\u00eda de la Radio Misionera\u201d | CVI NOTICIAS","robots":{"index":"index","follow":"follow","max-snippet":"max-snippet:-1","max-image-preview":"max-image-preview:large","max-video-preview":"max-video-preview:-1"},"canonical":"https:\/\/cvinoticias.com\/v3\/hoy-19-de-agosto-se-celebra-el-dia-de-la-radio-misionera\/","og_locale":"es_ES","og_type":"article","og_title":"Hoy 19 de agosto se celebra el \u201cD\u00eda de la Radio Misionera\u201d | CVI NOTICIAS","og_description":"Por primera vez se celebra hoy 19 de agosto el D\u00eda de la Radio Misionera, en homenaje a Julio Teodoro Cormillot, quien instal\u00f3 la primera emisora en la provincia. Hace una semana se public\u00f3 en el&nbsp;Bolet\u00edn Oficial de la Provincia&nbsp;la&nbsp;Ley VI \u2013 N\u00ba266, aprobada semanas atr\u00e1s por la C\u00e1mara de Diputados, por la cual se [&hellip;]","og_url":"https:\/\/cvinoticias.com\/v3\/hoy-19-de-agosto-se-celebra-el-dia-de-la-radio-misionera\/","og_site_name":"CVI NOTICIAS","article_publisher":"https:\/\/www.facebook.com\/cvinoticias","article_published_time":"2021-08-19T11:12:27+00:00","og_image":[{"width":2128,"height":1296,"url":"https:\/\/cvinoticias.com\/wp-content\/uploads\/2021\/08\/PicsArt_08-19-08.11.40.png","type":"image\/png"}],"author":"f1000024","twitter_card":"summary_large_image","twitter_misc":{"Escrito por":"f1000024","Tiempo de lectura":"1 minuto"},"schema":{"@context":"https:\/\/schema.org","@graph":[{"@type":"Article","@id":"https:\/\/cvinoticias.com\/v3\/hoy-19-de-agosto-se-celebra-el-dia-de-la-radio-misionera\/#article","isPartOf":{"@id":"https:\/\/cvinoticias.com\/v3\/hoy-19-de-agosto-se-celebra-el-dia-de-la-radio-misionera\/"},"author":{"name":"f1000024","@id":"https:\/\/cvinoticias.com\/v3\/#\/schema\/person\/2db77e3c6bc03c538495d7b2b8be9b66"},"headline":"Hoy 19 de agosto se celebra el \u201cD\u00eda de la Radio Misionera\u201d","datePublished":"2021-08-19T11:12:27+00:00","mainEntityOfPage":{"@id":"https:\/\/cvinoticias.com\/v3\/hoy-19-de-agosto-se-celebra-el-dia-de-la-radio-misionera\/"},"wordCount":297,"commentCount":0,"publisher":{"@id":"https:\/\/cvinoticias.com\/v3\/#organization"},"image":{"@id":"https:\/\/cvinoticias.com\/v3\/hoy-19-de-agosto-se-celebra-el-dia-de-la-radio-misionera\/#primaryimage"},"thumbnailUrl":"https:\/\/cvinoticias.com\/wp-content\/uploads\/2021\/08\/PicsArt_08-19-08.11.40.png","articleSection":["Sociedad"],"inLanguage":"es","potentialAction":[{"@type":"CommentAction","name":"Comment","target":["https:\/\/cvinoticias.com\/v3\/hoy-19-de-agosto-se-celebra-el-dia-de-la-radio-misionera\/#respond"]}]},{"@type":"WebPage","@id":"https:\/\/cvinoticias.com\/v3\/hoy-19-de-agosto-se-celebra-el-dia-de-la-radio-misionera\/","url":"https:\/\/cvinoticias.com\/v3\/hoy-19-de-agosto-se-celebra-el-dia-de-la-radio-misionera\/","name":"Hoy 19 de agosto se celebra el \u201cD\u00eda de la Radio Misionera\u201d | CVI NOTICIAS","isPartOf":{"@id":"https:\/\/cvinoticias.com\/v3\/#website"},"primaryImageOfPage":{"@id":"https:\/\/cvinoticias.com\/v3\/hoy-19-de-agosto-se-celebra-el-dia-de-la-radio-misionera\/#primaryimage"},"image":{"@id":"https:\/\/cvinoticias.com\/v3\/hoy-19-de-agosto-se-celebra-el-dia-de-la-radio-misionera\/#primaryimage"},"thumbnailUrl":"https:\/\/cvinoticias.com\/wp-content\/uploads\/2021\/08\/PicsArt_08-19-08.11.40.png","datePublished":"2021-08-19T11:12:27+00:00","breadcrumb":{"@id":"https:\/\/cvinoticias.com\/v3\/hoy-19-de-agosto-se-celebra-el-dia-de-la-radio-misionera\/#breadcrumb"},"inLanguage":"es","potentialAction":[{"@type":"ReadAction","target":["https:\/\/cvinoticias.com\/v3\/hoy-19-de-agosto-se-celebra-el-dia-de-la-radio-misionera\/"]}]},{"@type":"ImageObject","inLanguage":"es","@id":"https:\/\/cvinoticias.com\/v3\/hoy-19-de-agosto-se-celebra-el-dia-de-la-radio-misionera\/#primaryimage","url":"https:\/\/cvinoticias.com\/wp-content\/uploads\/2021\/08\/PicsArt_08-19-08.11.40.png","contentUrl":"https:\/\/cvinoticias.com\/wp-content\/uploads\/2021\/08\/PicsArt_08-19-08.11.40.png","width":2128,"height":1296},{"@type":"BreadcrumbList","@id":"https:\/\/cvinoticias.com\/v3\/hoy-19-de-agosto-se-celebra-el-dia-de-la-radio-misionera\/#breadcrumb","itemListElement":[{"@type":"ListItem","position":1,"name":"Portada","item":"https:\/\/cvinoticias.com\/v3\/"},{"@type":"ListItem","position":2,"name":"Hoy 19 de agosto se celebra el \u201cD\u00eda de la Radio Misionera\u201d"}]},{"@type":"WebSite","@id":"https:\/\/cvinoticias.com\/v3\/#website","url":"https:\/\/cvinoticias.com\/v3\/","name":"CVI NOTICIAS","description":"","publisher":{"@id":"https:\/\/cvinoticias.com\/v3\/#organization"},"alternateName":"CVI","potentialAction":[{"@type":"SearchAction","target":{"@type":"EntryPoint","urlTemplate":"https:\/\/cvinoticias.com\/v3\/?s={search_term_string}"},"query-input":{"@type":"PropertyValueSpecification","valueRequired":true,"valueName":"search_term_string"}}],"inLanguage":"es"},{"@type":"Organization","@id":"https:\/\/cvinoticias.com\/v3\/#organization","name":"CVI NOTICIAS","url":"https:\/\/cvinoticias.com\/v3\/","logo":{"@type":"ImageObject","inLanguage":"es","@id":"https:\/\/cvinoticias.com\/v3\/#\/schema\/logo\/image\/","url":"https:\/\/cvinoticias.com\/wp-content\/uploads\/2023\/04\/cropped-cropped-cropped-cropped-cropped-3-1.png","contentUrl":"https:\/\/cvinoticias.com\/wp-content\/uploads\/2023\/04\/cropped-cropped-cropped-cropped-cropped-3-1.png","width":95,"height":122,"caption":"CVI NOTICIAS"},"image":{"@id":"https:\/\/cvinoticias.com\/v3\/#\/schema\/logo\/image\/"},"sameAs":["https:\/\/www.facebook.com\/cvinoticias","https:\/\/www.instagram.com\/cvinoticias\/","https:\/\/www.youtube.com\/@CVINOTICIAS"]},{"@type":"Person","@id":"https:\/\/cvinoticias.com\/v3\/#\/schema\/person\/2db77e3c6bc03c538495d7b2b8be9b66","name":"f1000024","image":{"@type":"ImageObject","inLanguage":"es","@id":"https:\/\/secure.gravatar.com\/avatar\/d4fe7459cfc51ff5129ce1a732bbef5928568b8092d412ef95611616376bbeed?s=96&d=mm&r=g","url":"https:\/\/secure.gravatar.com\/avatar\/d4fe7459cfc51ff5129ce1a732bbef5928568b8092d412ef95611616376bbeed?s=96&d=mm&r=g","contentUrl":"https:\/\/secure.gravatar.com\/avatar\/d4fe7459cfc51ff5129ce1a732bbef5928568b8092d412ef95611616376bbeed?s=96&d=mm&r=g","caption":"f1000024"},"url":"https:\/\/cvinoticias.com\/v3\/author\/f1000024\/"}]}},"_links":{"self":[{"href":"https:\/\/cvinoticias.com\/v3\/wp-json\/wp\/v2\/posts\/7757","targetHints":{"allow":["GET"]}}],"collection":[{"href":"https:\/\/cvinoticias.com\/v3\/wp-json\/wp\/v2\/posts"}],"about":[{"href":"https:\/\/cvinoticias.com\/v3\/wp-json\/wp\/v2\/types\/post"}],"author":[{"embeddable":true,"href":"https:\/\/cvinoticias.com\/v3\/wp-json\/wp\/v2\/users\/2"}],"replies":[{"embeddable":true,"href":"https:\/\/cvinoticias.com\/v3\/wp-json\/wp\/v2\/comments?post=7757"}],"version-history":[{"count":1,"href":"https:\/\/cvinoticias.com\/v3\/wp-json\/wp\/v2\/posts\/7757\/revisions"}],"predecessor-version":[{"id":7759,"href":"https:\/\/cvinoticias.com\/v3\/wp-json\/wp\/v2\/posts\/7757\/revisions\/7759"}],"wp:featuredmedia":[{"embeddable":true,"href":"https:\/\/cvinoticias.com\/v3\/wp-json\/wp\/v2\/media\/7758"}],"wp:attachment":[{"href":"https:\/\/cvinoticias.com\/v3\/wp-json\/wp\/v2\/media?parent=7757"}],"wp:term":[{"taxonomy":"category","embeddable":true,"href":"https:\/\/cvinoticias.com\/v3\/wp-json\/wp\/v2\/categories?post=7757"},{"taxonomy":"post_tag","embeddable":true,"href":"https:\/\/cvinoticias.com\/v3\/wp-json\/wp\/v2\/tags?post=7757"}],"curies":[{"name":"wp","href":"https:\/\/api.w.org\/{rel}","templated":true}]}}