{"id":7754,"date":"2021-08-19T10:48:05","date_gmt":"2021-08-19T10:48:05","guid":{"rendered":"https:\/\/cvinoticias.com\/v3\/?p=7754"},"modified":"2021-08-19T10:48:05","modified_gmt":"2021-08-19T10:48:05","slug":"a-partir-de-hoy-los-pagos-con-debito-se-acreditaran-a-los-comercios-en-un-dia","status":"publish","type":"post","link":"https:\/\/cvinoticias.com\/v3\/a-partir-de-hoy-los-pagos-con-debito-se-acreditaran-a-los-comercios-en-un-dia\/","title":{"rendered":"A partir de hoy los pagos con d\u00e9bito se acreditar\u00e1n a los comercios en un d\u00eda"},"content":{"rendered":"\n<p><strong><em>El Banco Central asegur\u00f3 que se trata de una medida que \u00abavanza en la normalizaci\u00f3n del sistema de pagos con fuerte incentivo al uso de medios electr\u00f3nicos\u00bb.<\/em><\/strong><\/p>\n\n\n\n<p>Los comercios recibir\u00e1n desde hoy los saldos de sus ventas con tarjetas de d\u00e9bito en un d\u00eda h\u00e1bil en un contexto en el que el Banco Central apunta a un mayor uso del dinero electr\u00f3nico.<\/p>\n\n\n\n<p>Las entidades bancarias hab\u00edan acordado a principios de julio con la autoridad monetaria acortar el tiempo de acreditaci\u00f3n en la cuenta de los comercios las ventas con d\u00e9bito.<\/p>\n\n\n\n<p>La ley 25.065 de tarjetas de cr\u00e9dito fij\u00f3 un plazo m\u00e1ximo de tres d\u00edas h\u00e1biles y, por un acuerdo con el regulador, los bancos hab\u00edan acordado hacerlo en el plazo de 2 d\u00edas h\u00e1biles.<\/p>\n\n\n\n<p>Ahora,\u00a0ese plazo se reduce a un d\u00eda, lo que permitir\u00e1 a los comercios disponer en su cuenta bancaria de los fondos por ventas con tarjeta de d\u00e9bito a las pocas horas de concretarla.<\/p>\n\n\n\n<p>El Banco Central asegur\u00f3 que se trata de una medida que\u00a0\u201cavanza en la normalizaci\u00f3n del sistema de pagos con fuerte incentivo al uso de medios electr\u00f3nicos\u201d.<\/p>\n\n\n\n<p>\u00abLos micro y peque\u00f1os comercios tambi\u00e9n se vieron beneficiados por la reducci\u00f3n a ocho d\u00edas h\u00e1biles para la acreditaci\u00f3n de las ventas con tarjeta de cr\u00e9dito, que dispuso el BCRA\u201d,\u00a0asegur\u00f3 el organismo.<\/p>\n\n\n\n<p>Las modificaciones en los plazos de pagos de tarjetas de cr\u00e9dito y d\u00e9bito, as\u00ed como el impulso a las transferencias electr\u00f3nicas\u00a0\u201cgeneran un sistema de pagos m\u00e1s moderno, \u00e1gil y avanzado, que est\u00e9 en condiciones de sustituir al efectivo con eficiencia y seguridad\u201c, destac\u00f3 .<\/p>\n\n\n\n<p>Las ventas con tarjeta de d\u00e9bito tienen una comisi\u00f3n de 0,8% a cargo del comercio, tambi\u00e9n a partir de un acuerdo con las entidades financieras, que redujo el tope de 1,5% fijado por ley.<\/p>\n\n\n\n<p>A su vez, el Banco Central impulsa el sistema de transferencias electr\u00f3nicas y, entre ellos, el pago con c\u00f3digo QR,\u00a0\u201cque estar\u00e1 plenamente interoperable el 29 de noviembre\u201d\u00a0y que equipara el uso del dinero electr\u00f3nico al dinero f\u00edsico, al disponer de los fondos en forma inmediata e irrevocable, seg\u00fan sostuvo en un comunicado.<\/p>\n\n\n\n<p>Seg\u00fan remarc\u00f3, la autoridad monetaria,\u00a0\u201cla medida complementa el est\u00edmulo del Gobierno a la utilizaci\u00f3n con el reintegro del 15% de las compras que realizan con tarjetas de d\u00e9bito a personas jubilados y pensionadas que cobran el haber m\u00ednimo, a los y las titulares de las asignaciones universales por Hijo (AUH) y Embarazo (AUE)\u201d.<\/p>\n\n\n\n<p>\u201cEste reintegro asciende hasta los $1.200 mensuales por beneficiario, mientras que para los titulares de la AUH con dos o m\u00e1s hijos el monto m\u00e1ximo ser\u00e1 de $2.400\u201d,\u00a0record\u00f3.<\/p>\n\n\n\n<p><strong>Fuente: Agencia de Noticias NA<\/strong><\/p>\n","protected":false},"excerpt":{"rendered":"<p>El Banco Central asegur\u00f3 que se trata de una medida que \u00abavanza en la normalizaci\u00f3n del sistema de pagos con fuerte incentivo al uso de medios electr\u00f3nicos\u00bb. Los comercios recibir\u00e1n desde hoy los saldos de sus ventas con tarjetas de d\u00e9bito en un d\u00eda h\u00e1bil en un contexto en el que el Banco Central apunta [&hellip;]<\/p>\n","protected":false},"author":2,"featured_media":7755,"comment_status":"open","ping_status":"open","sticky":false,"template":"","format":"standard","meta":{"footnotes":""},"categories":[32],"tags":[],"class_list":["post-7754","post","type-post","status-publish","format-standard","has-post-thumbnail","hentry","category-economia"],"yoast_head":"<!-- This site is optimized with the Yoast SEO plugin v27.4 - https:\/\/yoast.com\/product\/yoast-seo-wordpress\/ -->\n<title>A partir de hoy los pagos con d\u00e9bito se acreditar\u00e1n a los comercios en un d\u00eda | CVI NOTICIAS<\/title>\n<meta name=\"robots\" content=\"index, follow, max-snippet:-1, max-image-preview:large, max-video-preview:-1\" \/>\n<link rel=\"canonical\" href=\"https:\/\/cvinoticias.com\/v3\/a-partir-de-hoy-los-pagos-con-debito-se-acreditaran-a-los-comercios-en-un-dia\/\" \/>\n<meta property=\"og:locale\" content=\"es_ES\" \/>\n<meta property=\"og:type\" content=\"article\" \/>\n<meta property=\"og:title\" content=\"A partir de hoy los pagos con d\u00e9bito se acreditar\u00e1n a los comercios en un d\u00eda | CVI NOTICIAS\" \/>\n<meta property=\"og:description\" content=\"El Banco Central asegur\u00f3 que se trata de una medida que \u00abavanza en la normalizaci\u00f3n del sistema de pagos con fuerte incentivo al uso de medios electr\u00f3nicos\u00bb. Los comercios recibir\u00e1n desde hoy los saldos de sus ventas con tarjetas de d\u00e9bito en un d\u00eda h\u00e1bil en un contexto en el que el Banco Central apunta [&hellip;]\" \/>\n<meta property=\"og:url\" content=\"https:\/\/cvinoticias.com\/v3\/a-partir-de-hoy-los-pagos-con-debito-se-acreditaran-a-los-comercios-en-un-dia\/\" \/>\n<meta property=\"og:site_name\" content=\"CVI NOTICIAS\" \/>\n<meta property=\"article:publisher\" content=\"https:\/\/www.facebook.com\/cvinoticias\" \/>\n<meta property=\"article:published_time\" content=\"2021-08-19T10:48:05+00:00\" \/>\n<meta property=\"og:image\" content=\"https:\/\/cvinoticias.com\/wp-content\/uploads\/2021\/08\/tarjetas-2-e1625188184305.jpg\" \/>\n\t<meta property=\"og:image:width\" content=\"700\" \/>\n\t<meta property=\"og:image:height\" content=\"500\" \/>\n\t<meta property=\"og:image:type\" content=\"image\/jpeg\" \/>\n<meta name=\"author\" content=\"f1000024\" \/>\n<meta name=\"twitter:card\" content=\"summary_large_image\" \/>\n<meta name=\"twitter:label1\" content=\"Escrito por\" \/>\n\t<meta name=\"twitter:data1\" content=\"f1000024\" \/>\n\t<meta name=\"twitter:label2\" content=\"Tiempo de lectura\" \/>\n\t<meta name=\"twitter:data2\" content=\"2 minutos\" \/>\n<script type=\"application\/ld+json\" class=\"yoast-schema-graph\">{\"@context\":\"https:\\\/\\\/schema.org\",\"@graph\":[{\"@type\":\"Article\",\"@id\":\"https:\\\/\\\/cvinoticias.com\\\/v3\\\/a-partir-de-hoy-los-pagos-con-debito-se-acreditaran-a-los-comercios-en-un-dia\\\/#article\",\"isPartOf\":{\"@id\":\"https:\\\/\\\/cvinoticias.com\\\/v3\\\/a-partir-de-hoy-los-pagos-con-debito-se-acreditaran-a-los-comercios-en-un-dia\\\/\"},\"author\":{\"name\":\"f1000024\",\"@id\":\"https:\\\/\\\/cvinoticias.com\\\/v3\\\/#\\\/schema\\\/person\\\/2db77e3c6bc03c538495d7b2b8be9b66\"},\"headline\":\"A partir de hoy los pagos con d\u00e9bito se acreditar\u00e1n a los comercios en un d\u00eda\",\"datePublished\":\"2021-08-19T10:48:05+00:00\",\"mainEntityOfPage\":{\"@id\":\"https:\\\/\\\/cvinoticias.com\\\/v3\\\/a-partir-de-hoy-los-pagos-con-debito-se-acreditaran-a-los-comercios-en-un-dia\\\/\"},\"wordCount\":496,\"commentCount\":0,\"publisher\":{\"@id\":\"https:\\\/\\\/cvinoticias.com\\\/v3\\\/#organization\"},\"image\":{\"@id\":\"https:\\\/\\\/cvinoticias.com\\\/v3\\\/a-partir-de-hoy-los-pagos-con-debito-se-acreditaran-a-los-comercios-en-un-dia\\\/#primaryimage\"},\"thumbnailUrl\":\"https:\\\/\\\/cvinoticias.com\\\/wp-content\\\/uploads\\\/2021\\\/08\\\/tarjetas-2-e1625188184305.jpg\",\"articleSection\":[\"Econom\u00eda\"],\"inLanguage\":\"es\",\"potentialAction\":[{\"@type\":\"CommentAction\",\"name\":\"Comment\",\"target\":[\"https:\\\/\\\/cvinoticias.com\\\/v3\\\/a-partir-de-hoy-los-pagos-con-debito-se-acreditaran-a-los-comercios-en-un-dia\\\/#respond\"]}]},{\"@type\":\"WebPage\",\"@id\":\"https:\\\/\\\/cvinoticias.com\\\/v3\\\/a-partir-de-hoy-los-pagos-con-debito-se-acreditaran-a-los-comercios-en-un-dia\\\/\",\"url\":\"https:\\\/\\\/cvinoticias.com\\\/v3\\\/a-partir-de-hoy-los-pagos-con-debito-se-acreditaran-a-los-comercios-en-un-dia\\\/\",\"name\":\"A partir de hoy los pagos con d\u00e9bito se acreditar\u00e1n a los comercios en un d\u00eda | CVI NOTICIAS\",\"isPartOf\":{\"@id\":\"https:\\\/\\\/cvinoticias.com\\\/v3\\\/#website\"},\"primaryImageOfPage\":{\"@id\":\"https:\\\/\\\/cvinoticias.com\\\/v3\\\/a-partir-de-hoy-los-pagos-con-debito-se-acreditaran-a-los-comercios-en-un-dia\\\/#primaryimage\"},\"image\":{\"@id\":\"https:\\\/\\\/cvinoticias.com\\\/v3\\\/a-partir-de-hoy-los-pagos-con-debito-se-acreditaran-a-los-comercios-en-un-dia\\\/#primaryimage\"},\"thumbnailUrl\":\"https:\\\/\\\/cvinoticias.com\\\/wp-content\\\/uploads\\\/2021\\\/08\\\/tarjetas-2-e1625188184305.jpg\",\"datePublished\":\"2021-08-19T10:48:05+00:00\",\"breadcrumb\":{\"@id\":\"https:\\\/\\\/cvinoticias.com\\\/v3\\\/a-partir-de-hoy-los-pagos-con-debito-se-acreditaran-a-los-comercios-en-un-dia\\\/#breadcrumb\"},\"inLanguage\":\"es\",\"potentialAction\":[{\"@type\":\"ReadAction\",\"target\":[\"https:\\\/\\\/cvinoticias.com\\\/v3\\\/a-partir-de-hoy-los-pagos-con-debito-se-acreditaran-a-los-comercios-en-un-dia\\\/\"]}]},{\"@type\":\"ImageObject\",\"inLanguage\":\"es\",\"@id\":\"https:\\\/\\\/cvinoticias.com\\\/v3\\\/a-partir-de-hoy-los-pagos-con-debito-se-acreditaran-a-los-comercios-en-un-dia\\\/#primaryimage\",\"url\":\"https:\\\/\\\/cvinoticias.com\\\/wp-content\\\/uploads\\\/2021\\\/08\\\/tarjetas-2-e1625188184305.jpg\",\"contentUrl\":\"https:\\\/\\\/cvinoticias.com\\\/wp-content\\\/uploads\\\/2021\\\/08\\\/tarjetas-2-e1625188184305.jpg\",\"width\":700,\"height\":500},{\"@type\":\"BreadcrumbList\",\"@id\":\"https:\\\/\\\/cvinoticias.com\\\/v3\\\/a-partir-de-hoy-los-pagos-con-debito-se-acreditaran-a-los-comercios-en-un-dia\\\/#breadcrumb\",\"itemListElement\":[{\"@type\":\"ListItem\",\"position\":1,\"name\":\"Portada\",\"item\":\"https:\\\/\\\/cvinoticias.com\\\/v3\\\/\"},{\"@type\":\"ListItem\",\"position\":2,\"name\":\"A partir de hoy los pagos con d\u00e9bito se acreditar\u00e1n a los comercios en un d\u00eda\"}]},{\"@type\":\"WebSite\",\"@id\":\"https:\\\/\\\/cvinoticias.com\\\/v3\\\/#website\",\"url\":\"https:\\\/\\\/cvinoticias.com\\\/v3\\\/\",\"name\":\"CVI NOTICIAS\",\"description\":\"\",\"publisher\":{\"@id\":\"https:\\\/\\\/cvinoticias.com\\\/v3\\\/#organization\"},\"alternateName\":\"CVI\",\"potentialAction\":[{\"@type\":\"SearchAction\",\"target\":{\"@type\":\"EntryPoint\",\"urlTemplate\":\"https:\\\/\\\/cvinoticias.com\\\/v3\\\/?s={search_term_string}\"},\"query-input\":{\"@type\":\"PropertyValueSpecification\",\"valueRequired\":true,\"valueName\":\"search_term_string\"}}],\"inLanguage\":\"es\"},{\"@type\":\"Organization\",\"@id\":\"https:\\\/\\\/cvinoticias.com\\\/v3\\\/#organization\",\"name\":\"CVI NOTICIAS\",\"url\":\"https:\\\/\\\/cvinoticias.com\\\/v3\\\/\",\"logo\":{\"@type\":\"ImageObject\",\"inLanguage\":\"es\",\"@id\":\"https:\\\/\\\/cvinoticias.com\\\/v3\\\/#\\\/schema\\\/logo\\\/image\\\/\",\"url\":\"https:\\\/\\\/cvinoticias.com\\\/wp-content\\\/uploads\\\/2023\\\/04\\\/cropped-cropped-cropped-cropped-cropped-3-1.png\",\"contentUrl\":\"https:\\\/\\\/cvinoticias.com\\\/wp-content\\\/uploads\\\/2023\\\/04\\\/cropped-cropped-cropped-cropped-cropped-3-1.png\",\"width\":95,\"height\":122,\"caption\":\"CVI NOTICIAS\"},\"image\":{\"@id\":\"https:\\\/\\\/cvinoticias.com\\\/v3\\\/#\\\/schema\\\/logo\\\/image\\\/\"},\"sameAs\":[\"https:\\\/\\\/www.facebook.com\\\/cvinoticias\",\"https:\\\/\\\/www.instagram.com\\\/cvinoticias\\\/\",\"https:\\\/\\\/www.youtube.com\\\/@CVINOTICIAS\"]},{\"@type\":\"Person\",\"@id\":\"https:\\\/\\\/cvinoticias.com\\\/v3\\\/#\\\/schema\\\/person\\\/2db77e3c6bc03c538495d7b2b8be9b66\",\"name\":\"f1000024\",\"image\":{\"@type\":\"ImageObject\",\"inLanguage\":\"es\",\"@id\":\"https:\\\/\\\/secure.gravatar.com\\\/avatar\\\/d4fe7459cfc51ff5129ce1a732bbef5928568b8092d412ef95611616376bbeed?s=96&d=mm&r=g\",\"url\":\"https:\\\/\\\/secure.gravatar.com\\\/avatar\\\/d4fe7459cfc51ff5129ce1a732bbef5928568b8092d412ef95611616376bbeed?s=96&d=mm&r=g\",\"contentUrl\":\"https:\\\/\\\/secure.gravatar.com\\\/avatar\\\/d4fe7459cfc51ff5129ce1a732bbef5928568b8092d412ef95611616376bbeed?s=96&d=mm&r=g\",\"caption\":\"f1000024\"},\"url\":\"https:\\\/\\\/cvinoticias.com\\\/v3\\\/author\\\/f1000024\\\/\"}]}<\/script>\n<!-- \/ Yoast SEO plugin. -->","yoast_head_json":{"title":"A partir de hoy los pagos con d\u00e9bito se acreditar\u00e1n a los comercios en un d\u00eda | CVI NOTICIAS","robots":{"index":"index","follow":"follow","max-snippet":"max-snippet:-1","max-image-preview":"max-image-preview:large","max-video-preview":"max-video-preview:-1"},"canonical":"https:\/\/cvinoticias.com\/v3\/a-partir-de-hoy-los-pagos-con-debito-se-acreditaran-a-los-comercios-en-un-dia\/","og_locale":"es_ES","og_type":"article","og_title":"A partir de hoy los pagos con d\u00e9bito se acreditar\u00e1n a los comercios en un d\u00eda | CVI NOTICIAS","og_description":"El Banco Central asegur\u00f3 que se trata de una medida que \u00abavanza en la normalizaci\u00f3n del sistema de pagos con fuerte incentivo al uso de medios electr\u00f3nicos\u00bb. Los comercios recibir\u00e1n desde hoy los saldos de sus ventas con tarjetas de d\u00e9bito en un d\u00eda h\u00e1bil en un contexto en el que el Banco Central apunta [&hellip;]","og_url":"https:\/\/cvinoticias.com\/v3\/a-partir-de-hoy-los-pagos-con-debito-se-acreditaran-a-los-comercios-en-un-dia\/","og_site_name":"CVI NOTICIAS","article_publisher":"https:\/\/www.facebook.com\/cvinoticias","article_published_time":"2021-08-19T10:48:05+00:00","og_image":[{"width":700,"height":500,"url":"https:\/\/cvinoticias.com\/wp-content\/uploads\/2021\/08\/tarjetas-2-e1625188184305.jpg","type":"image\/jpeg"}],"author":"f1000024","twitter_card":"summary_large_image","twitter_misc":{"Escrito por":"f1000024","Tiempo de lectura":"2 minutos"},"schema":{"@context":"https:\/\/schema.org","@graph":[{"@type":"Article","@id":"https:\/\/cvinoticias.com\/v3\/a-partir-de-hoy-los-pagos-con-debito-se-acreditaran-a-los-comercios-en-un-dia\/#article","isPartOf":{"@id":"https:\/\/cvinoticias.com\/v3\/a-partir-de-hoy-los-pagos-con-debito-se-acreditaran-a-los-comercios-en-un-dia\/"},"author":{"name":"f1000024","@id":"https:\/\/cvinoticias.com\/v3\/#\/schema\/person\/2db77e3c6bc03c538495d7b2b8be9b66"},"headline":"A partir de hoy los pagos con d\u00e9bito se acreditar\u00e1n a los comercios en un d\u00eda","datePublished":"2021-08-19T10:48:05+00:00","mainEntityOfPage":{"@id":"https:\/\/cvinoticias.com\/v3\/a-partir-de-hoy-los-pagos-con-debito-se-acreditaran-a-los-comercios-en-un-dia\/"},"wordCount":496,"commentCount":0,"publisher":{"@id":"https:\/\/cvinoticias.com\/v3\/#organization"},"image":{"@id":"https:\/\/cvinoticias.com\/v3\/a-partir-de-hoy-los-pagos-con-debito-se-acreditaran-a-los-comercios-en-un-dia\/#primaryimage"},"thumbnailUrl":"https:\/\/cvinoticias.com\/wp-content\/uploads\/2021\/08\/tarjetas-2-e1625188184305.jpg","articleSection":["Econom\u00eda"],"inLanguage":"es","potentialAction":[{"@type":"CommentAction","name":"Comment","target":["https:\/\/cvinoticias.com\/v3\/a-partir-de-hoy-los-pagos-con-debito-se-acreditaran-a-los-comercios-en-un-dia\/#respond"]}]},{"@type":"WebPage","@id":"https:\/\/cvinoticias.com\/v3\/a-partir-de-hoy-los-pagos-con-debito-se-acreditaran-a-los-comercios-en-un-dia\/","url":"https:\/\/cvinoticias.com\/v3\/a-partir-de-hoy-los-pagos-con-debito-se-acreditaran-a-los-comercios-en-un-dia\/","name":"A partir de hoy los pagos con d\u00e9bito se acreditar\u00e1n a los comercios en un d\u00eda | CVI NOTICIAS","isPartOf":{"@id":"https:\/\/cvinoticias.com\/v3\/#website"},"primaryImageOfPage":{"@id":"https:\/\/cvinoticias.com\/v3\/a-partir-de-hoy-los-pagos-con-debito-se-acreditaran-a-los-comercios-en-un-dia\/#primaryimage"},"image":{"@id":"https:\/\/cvinoticias.com\/v3\/a-partir-de-hoy-los-pagos-con-debito-se-acreditaran-a-los-comercios-en-un-dia\/#primaryimage"},"thumbnailUrl":"https:\/\/cvinoticias.com\/wp-content\/uploads\/2021\/08\/tarjetas-2-e1625188184305.jpg","datePublished":"2021-08-19T10:48:05+00:00","breadcrumb":{"@id":"https:\/\/cvinoticias.com\/v3\/a-partir-de-hoy-los-pagos-con-debito-se-acreditaran-a-los-comercios-en-un-dia\/#breadcrumb"},"inLanguage":"es","potentialAction":[{"@type":"ReadAction","target":["https:\/\/cvinoticias.com\/v3\/a-partir-de-hoy-los-pagos-con-debito-se-acreditaran-a-los-comercios-en-un-dia\/"]}]},{"@type":"ImageObject","inLanguage":"es","@id":"https:\/\/cvinoticias.com\/v3\/a-partir-de-hoy-los-pagos-con-debito-se-acreditaran-a-los-comercios-en-un-dia\/#primaryimage","url":"https:\/\/cvinoticias.com\/wp-content\/uploads\/2021\/08\/tarjetas-2-e1625188184305.jpg","contentUrl":"https:\/\/cvinoticias.com\/wp-content\/uploads\/2021\/08\/tarjetas-2-e1625188184305.jpg","width":700,"height":500},{"@type":"BreadcrumbList","@id":"https:\/\/cvinoticias.com\/v3\/a-partir-de-hoy-los-pagos-con-debito-se-acreditaran-a-los-comercios-en-un-dia\/#breadcrumb","itemListElement":[{"@type":"ListItem","position":1,"name":"Portada","item":"https:\/\/cvinoticias.com\/v3\/"},{"@type":"ListItem","position":2,"name":"A partir de hoy los pagos con d\u00e9bito se acreditar\u00e1n a los comercios en un d\u00eda"}]},{"@type":"WebSite","@id":"https:\/\/cvinoticias.com\/v3\/#website","url":"https:\/\/cvinoticias.com\/v3\/","name":"CVI NOTICIAS","description":"","publisher":{"@id":"https:\/\/cvinoticias.com\/v3\/#organization"},"alternateName":"CVI","potentialAction":[{"@type":"SearchAction","target":{"@type":"EntryPoint","urlTemplate":"https:\/\/cvinoticias.com\/v3\/?s={search_term_string}"},"query-input":{"@type":"PropertyValueSpecification","valueRequired":true,"valueName":"search_term_string"}}],"inLanguage":"es"},{"@type":"Organization","@id":"https:\/\/cvinoticias.com\/v3\/#organization","name":"CVI NOTICIAS","url":"https:\/\/cvinoticias.com\/v3\/","logo":{"@type":"ImageObject","inLanguage":"es","@id":"https:\/\/cvinoticias.com\/v3\/#\/schema\/logo\/image\/","url":"https:\/\/cvinoticias.com\/wp-content\/uploads\/2023\/04\/cropped-cropped-cropped-cropped-cropped-3-1.png","contentUrl":"https:\/\/cvinoticias.com\/wp-content\/uploads\/2023\/04\/cropped-cropped-cropped-cropped-cropped-3-1.png","width":95,"height":122,"caption":"CVI NOTICIAS"},"image":{"@id":"https:\/\/cvinoticias.com\/v3\/#\/schema\/logo\/image\/"},"sameAs":["https:\/\/www.facebook.com\/cvinoticias","https:\/\/www.instagram.com\/cvinoticias\/","https:\/\/www.youtube.com\/@CVINOTICIAS"]},{"@type":"Person","@id":"https:\/\/cvinoticias.com\/v3\/#\/schema\/person\/2db77e3c6bc03c538495d7b2b8be9b66","name":"f1000024","image":{"@type":"ImageObject","inLanguage":"es","@id":"https:\/\/secure.gravatar.com\/avatar\/d4fe7459cfc51ff5129ce1a732bbef5928568b8092d412ef95611616376bbeed?s=96&d=mm&r=g","url":"https:\/\/secure.gravatar.com\/avatar\/d4fe7459cfc51ff5129ce1a732bbef5928568b8092d412ef95611616376bbeed?s=96&d=mm&r=g","contentUrl":"https:\/\/secure.gravatar.com\/avatar\/d4fe7459cfc51ff5129ce1a732bbef5928568b8092d412ef95611616376bbeed?s=96&d=mm&r=g","caption":"f1000024"},"url":"https:\/\/cvinoticias.com\/v3\/author\/f1000024\/"}]}},"_links":{"self":[{"href":"https:\/\/cvinoticias.com\/v3\/wp-json\/wp\/v2\/posts\/7754","targetHints":{"allow":["GET"]}}],"collection":[{"href":"https:\/\/cvinoticias.com\/v3\/wp-json\/wp\/v2\/posts"}],"about":[{"href":"https:\/\/cvinoticias.com\/v3\/wp-json\/wp\/v2\/types\/post"}],"author":[{"embeddable":true,"href":"https:\/\/cvinoticias.com\/v3\/wp-json\/wp\/v2\/users\/2"}],"replies":[{"embeddable":true,"href":"https:\/\/cvinoticias.com\/v3\/wp-json\/wp\/v2\/comments?post=7754"}],"version-history":[{"count":1,"href":"https:\/\/cvinoticias.com\/v3\/wp-json\/wp\/v2\/posts\/7754\/revisions"}],"predecessor-version":[{"id":7756,"href":"https:\/\/cvinoticias.com\/v3\/wp-json\/wp\/v2\/posts\/7754\/revisions\/7756"}],"wp:featuredmedia":[{"embeddable":true,"href":"https:\/\/cvinoticias.com\/v3\/wp-json\/wp\/v2\/media\/7755"}],"wp:attachment":[{"href":"https:\/\/cvinoticias.com\/v3\/wp-json\/wp\/v2\/media?parent=7754"}],"wp:term":[{"taxonomy":"category","embeddable":true,"href":"https:\/\/cvinoticias.com\/v3\/wp-json\/wp\/v2\/categories?post=7754"},{"taxonomy":"post_tag","embeddable":true,"href":"https:\/\/cvinoticias.com\/v3\/wp-json\/wp\/v2\/tags?post=7754"}],"curies":[{"name":"wp","href":"https:\/\/api.w.org\/{rel}","templated":true}]}}