{"id":7747,"date":"2021-08-19T10:30:32","date_gmt":"2021-08-19T10:30:32","guid":{"rendered":"https:\/\/cvinoticias.com\/v3\/?p=7747"},"modified":"2021-08-19T10:30:32","modified_gmt":"2021-08-19T10:30:32","slug":"desarticularon-banda-que-ingresaba-celulares-de-contrabando-por-la-frontera-misionera","status":"publish","type":"post","link":"https:\/\/cvinoticias.com\/v3\/desarticularon-banda-que-ingresaba-celulares-de-contrabando-por-la-frontera-misionera\/","title":{"rendered":"Desarticularon banda que ingresaba celulares de contrabando por la frontera misionera"},"content":{"rendered":"\n<p><em><strong>Los aparatos tecnol\u00f3gicos eran vendidos en Buenos Aires. La Polic\u00eda Federal realiz\u00f3 37 allanamientos, detuvo a 12 personas y se procedi\u00f3 a la incautaci\u00f3n de millones de pesos en mercader\u00edas<\/strong><\/em><\/p>\n\n\n\n<p>La Polic\u00eda Federal Argentina desarticul\u00f3 una organizaci\u00f3n criminal dedicada al contrabando y comercializaci\u00f3n de tel\u00e9fonos celulares y accesorios afines. El operativo realizado por la fuerza culmin\u00f3 con 12 detenidos y m\u00e1s de 50.000.000 de pesos en mercader\u00eda secuestrada, tras 37 allanamientos realizados en Misiones y en la Ciudad y Provincia de Buenos Aires.<br><br>El personal de la Unidad Federal de Investigaci\u00f3n de Delitos Federales de la Fuerza desarroll\u00f3 exhaustivas tareas de investigaci\u00f3n criminal tras un exitoso operativo que la Gendarmer\u00eda Nacional hab\u00eda realizado en el kil\u00f3metro 85 de la Ruta Nacional N\u00ba 12, a la altura del peaje Z\u00e1rate Brazo Largo sentido a Buenos Aires. All\u00ed, las y los gendarmes inspeccionaron la carga de un cami\u00f3n con semirremolque, proveniente de Ituzaing\u00f3 \u2013 Corrientes \u2013 con destino final Dock Sud \u2013 provincia de Buenos Aires \u2013. Dentro de \u00e9ste, los y las uniformadas lograron detectar tres bolsos camuflados.<br><br>En ese momento, los integrantes de la GNA revisaron el interior de los bultos y hallaron 90 tel\u00e9fonos celulares de diferentes marcas y modelos valuados en 2.700.000 pesos. Ante dicho evento, el Juzgado Federal de Primera Instancia de Campana, a cargo del Dr. Gonz\u00e1lez Charvay, dispuso que el conductor del cami\u00f3n quedara detenido y fuera la Polic\u00eda Federal la encargada de los siguientes pasos de la investigaci\u00f3n de modo de llegar a los dem\u00e1s involucrados que, se sospechaba, constitu\u00edan parte de una organizaci\u00f3n dedicada al contrabando de tel\u00e9fonos celulares.<br><br>A partir de las pautas de investigaci\u00f3n se logr\u00f3 dar con la c\u00fapula de las organizaciones criminales. Los investigadores fueron recolectando informaci\u00f3n crucial para dilucidar la conformaci\u00f3n de la banda y su modus operandi. Precisamente, con lo recolectado de las intervenciones telef\u00f3nicas autorizadas por el juzgado, los seguimientos, filmaciones y dem\u00e1s tareas de inteligencia criminal, se identific\u00f3 el accionar de la organizaci\u00f3n delictiva dedicada al contrabando de mercader\u00eda y su posterior comercializaci\u00f3n.<br><br>Su modus operandi: ingresaban los productos a trav\u00e9s de pasos fronterizos informales en Misiones y luego vend\u00edan los tel\u00e9fonos celulares, repuestos y accesorios en la ciudad y provincia de Buenos Aires. Establecida este modo de actuaci\u00f3n, el magistrado actuante dispuso el inmediato allanamiento de 37 domicilios (19 en CABA, 15 en PBA y tres en Misiones), lo que deriv\u00f3 en la detenci\u00f3n de 11 personas m\u00e1s (adem\u00e1s del detenido por la GNA) y la incautaci\u00f3n de 1.175 tel\u00e9fonos celulares, 10 autos, 3.800 repuestos, 12.000 d\u00f3lares, 1.200.000 pesos, 660 euros y m\u00e1s divisas de diferentes or\u00edgenes, m\u00e1quinas para contar dinero, 120 parlantes, una m\u00e1quina para desbloquear equipos y una enorme cantidad de documentaci\u00f3n, que ser\u00e1 de vital importancia para la causa.<\/p>\n","protected":false},"excerpt":{"rendered":"<p>Los aparatos tecnol\u00f3gicos eran vendidos en Buenos Aires. La Polic\u00eda Federal realiz\u00f3 37 allanamientos, detuvo a 12 personas y se procedi\u00f3 a la incautaci\u00f3n de millones de pesos en mercader\u00edas La Polic\u00eda Federal Argentina desarticul\u00f3 una organizaci\u00f3n criminal dedicada al contrabando y comercializaci\u00f3n de tel\u00e9fonos celulares y accesorios afines. El operativo realizado por la fuerza [&hellip;]<\/p>\n","protected":false},"author":2,"featured_media":7749,"comment_status":"open","ping_status":"open","sticky":false,"template":"","format":"standard","meta":{"footnotes":""},"categories":[41],"tags":[],"class_list":["post-7747","post","type-post","status-publish","format-standard","has-post-thumbnail","hentry","category-policiales"],"yoast_head":"<!-- This site is optimized with the Yoast SEO plugin v27.5 - https:\/\/yoast.com\/product\/yoast-seo-wordpress\/ -->\n<title>Desarticularon banda que ingresaba celulares de contrabando por la frontera misionera | CVI NOTICIAS<\/title>\n<meta name=\"robots\" content=\"index, follow, max-snippet:-1, max-image-preview:large, max-video-preview:-1\" \/>\n<link rel=\"canonical\" href=\"https:\/\/cvinoticias.com\/v3\/desarticularon-banda-que-ingresaba-celulares-de-contrabando-por-la-frontera-misionera\/\" \/>\n<meta property=\"og:locale\" content=\"es_ES\" \/>\n<meta property=\"og:type\" content=\"article\" \/>\n<meta property=\"og:title\" content=\"Desarticularon banda que ingresaba celulares de contrabando por la frontera misionera | CVI NOTICIAS\" \/>\n<meta property=\"og:description\" content=\"Los aparatos tecnol\u00f3gicos eran vendidos en Buenos Aires. La Polic\u00eda Federal realiz\u00f3 37 allanamientos, detuvo a 12 personas y se procedi\u00f3 a la incautaci\u00f3n de millones de pesos en mercader\u00edas La Polic\u00eda Federal Argentina desarticul\u00f3 una organizaci\u00f3n criminal dedicada al contrabando y comercializaci\u00f3n de tel\u00e9fonos celulares y accesorios afines. El operativo realizado por la fuerza [&hellip;]\" \/>\n<meta property=\"og:url\" content=\"https:\/\/cvinoticias.com\/v3\/desarticularon-banda-que-ingresaba-celulares-de-contrabando-por-la-frontera-misionera\/\" \/>\n<meta property=\"og:site_name\" content=\"CVI NOTICIAS\" \/>\n<meta property=\"article:publisher\" content=\"https:\/\/www.facebook.com\/cvinoticias\" \/>\n<meta property=\"article:published_time\" content=\"2021-08-19T10:30:32+00:00\" \/>\n<meta property=\"og:image\" content=\"https:\/\/cvinoticias.com\/wp-content\/uploads\/2021\/08\/image-5-500x375-1.jpg\" \/>\n\t<meta property=\"og:image:width\" content=\"500\" \/>\n\t<meta property=\"og:image:height\" content=\"375\" \/>\n\t<meta property=\"og:image:type\" content=\"image\/jpeg\" \/>\n<meta name=\"author\" content=\"f1000024\" \/>\n<meta name=\"twitter:card\" content=\"summary_large_image\" \/>\n<meta name=\"twitter:label1\" content=\"Escrito por\" \/>\n\t<meta name=\"twitter:data1\" content=\"f1000024\" \/>\n\t<meta name=\"twitter:label2\" content=\"Tiempo de lectura\" \/>\n\t<meta name=\"twitter:data2\" content=\"2 minutos\" \/>\n<script type=\"application\/ld+json\" class=\"yoast-schema-graph\">{\"@context\":\"https:\\\/\\\/schema.org\",\"@graph\":[{\"@type\":\"Article\",\"@id\":\"https:\\\/\\\/cvinoticias.com\\\/v3\\\/desarticularon-banda-que-ingresaba-celulares-de-contrabando-por-la-frontera-misionera\\\/#article\",\"isPartOf\":{\"@id\":\"https:\\\/\\\/cvinoticias.com\\\/v3\\\/desarticularon-banda-que-ingresaba-celulares-de-contrabando-por-la-frontera-misionera\\\/\"},\"author\":{\"name\":\"f1000024\",\"@id\":\"https:\\\/\\\/cvinoticias.com\\\/v3\\\/#\\\/schema\\\/person\\\/2db77e3c6bc03c538495d7b2b8be9b66\"},\"headline\":\"Desarticularon banda que ingresaba celulares de contrabando por la frontera misionera\",\"datePublished\":\"2021-08-19T10:30:32+00:00\",\"mainEntityOfPage\":{\"@id\":\"https:\\\/\\\/cvinoticias.com\\\/v3\\\/desarticularon-banda-que-ingresaba-celulares-de-contrabando-por-la-frontera-misionera\\\/\"},\"wordCount\":495,\"commentCount\":0,\"publisher\":{\"@id\":\"https:\\\/\\\/cvinoticias.com\\\/v3\\\/#organization\"},\"image\":{\"@id\":\"https:\\\/\\\/cvinoticias.com\\\/v3\\\/desarticularon-banda-que-ingresaba-celulares-de-contrabando-por-la-frontera-misionera\\\/#primaryimage\"},\"thumbnailUrl\":\"https:\\\/\\\/cvinoticias.com\\\/wp-content\\\/uploads\\\/2021\\\/08\\\/image-5-500x375-1.jpg\",\"articleSection\":[\"Policiales\"],\"inLanguage\":\"es\",\"potentialAction\":[{\"@type\":\"CommentAction\",\"name\":\"Comment\",\"target\":[\"https:\\\/\\\/cvinoticias.com\\\/v3\\\/desarticularon-banda-que-ingresaba-celulares-de-contrabando-por-la-frontera-misionera\\\/#respond\"]}]},{\"@type\":\"WebPage\",\"@id\":\"https:\\\/\\\/cvinoticias.com\\\/v3\\\/desarticularon-banda-que-ingresaba-celulares-de-contrabando-por-la-frontera-misionera\\\/\",\"url\":\"https:\\\/\\\/cvinoticias.com\\\/v3\\\/desarticularon-banda-que-ingresaba-celulares-de-contrabando-por-la-frontera-misionera\\\/\",\"name\":\"Desarticularon banda que ingresaba celulares de contrabando por la frontera misionera | CVI NOTICIAS\",\"isPartOf\":{\"@id\":\"https:\\\/\\\/cvinoticias.com\\\/v3\\\/#website\"},\"primaryImageOfPage\":{\"@id\":\"https:\\\/\\\/cvinoticias.com\\\/v3\\\/desarticularon-banda-que-ingresaba-celulares-de-contrabando-por-la-frontera-misionera\\\/#primaryimage\"},\"image\":{\"@id\":\"https:\\\/\\\/cvinoticias.com\\\/v3\\\/desarticularon-banda-que-ingresaba-celulares-de-contrabando-por-la-frontera-misionera\\\/#primaryimage\"},\"thumbnailUrl\":\"https:\\\/\\\/cvinoticias.com\\\/wp-content\\\/uploads\\\/2021\\\/08\\\/image-5-500x375-1.jpg\",\"datePublished\":\"2021-08-19T10:30:32+00:00\",\"breadcrumb\":{\"@id\":\"https:\\\/\\\/cvinoticias.com\\\/v3\\\/desarticularon-banda-que-ingresaba-celulares-de-contrabando-por-la-frontera-misionera\\\/#breadcrumb\"},\"inLanguage\":\"es\",\"potentialAction\":[{\"@type\":\"ReadAction\",\"target\":[\"https:\\\/\\\/cvinoticias.com\\\/v3\\\/desarticularon-banda-que-ingresaba-celulares-de-contrabando-por-la-frontera-misionera\\\/\"]}]},{\"@type\":\"ImageObject\",\"inLanguage\":\"es\",\"@id\":\"https:\\\/\\\/cvinoticias.com\\\/v3\\\/desarticularon-banda-que-ingresaba-celulares-de-contrabando-por-la-frontera-misionera\\\/#primaryimage\",\"url\":\"https:\\\/\\\/cvinoticias.com\\\/wp-content\\\/uploads\\\/2021\\\/08\\\/image-5-500x375-1.jpg\",\"contentUrl\":\"https:\\\/\\\/cvinoticias.com\\\/wp-content\\\/uploads\\\/2021\\\/08\\\/image-5-500x375-1.jpg\",\"width\":500,\"height\":375},{\"@type\":\"BreadcrumbList\",\"@id\":\"https:\\\/\\\/cvinoticias.com\\\/v3\\\/desarticularon-banda-que-ingresaba-celulares-de-contrabando-por-la-frontera-misionera\\\/#breadcrumb\",\"itemListElement\":[{\"@type\":\"ListItem\",\"position\":1,\"name\":\"Portada\",\"item\":\"https:\\\/\\\/cvinoticias.com\\\/v3\\\/\"},{\"@type\":\"ListItem\",\"position\":2,\"name\":\"Desarticularon banda que ingresaba celulares de contrabando por la frontera misionera\"}]},{\"@type\":\"WebSite\",\"@id\":\"https:\\\/\\\/cvinoticias.com\\\/v3\\\/#website\",\"url\":\"https:\\\/\\\/cvinoticias.com\\\/v3\\\/\",\"name\":\"CVI NOTICIAS\",\"description\":\"\",\"publisher\":{\"@id\":\"https:\\\/\\\/cvinoticias.com\\\/v3\\\/#organization\"},\"alternateName\":\"CVI\",\"potentialAction\":[{\"@type\":\"SearchAction\",\"target\":{\"@type\":\"EntryPoint\",\"urlTemplate\":\"https:\\\/\\\/cvinoticias.com\\\/v3\\\/?s={search_term_string}\"},\"query-input\":{\"@type\":\"PropertyValueSpecification\",\"valueRequired\":true,\"valueName\":\"search_term_string\"}}],\"inLanguage\":\"es\"},{\"@type\":\"Organization\",\"@id\":\"https:\\\/\\\/cvinoticias.com\\\/v3\\\/#organization\",\"name\":\"CVI NOTICIAS\",\"url\":\"https:\\\/\\\/cvinoticias.com\\\/v3\\\/\",\"logo\":{\"@type\":\"ImageObject\",\"inLanguage\":\"es\",\"@id\":\"https:\\\/\\\/cvinoticias.com\\\/v3\\\/#\\\/schema\\\/logo\\\/image\\\/\",\"url\":\"https:\\\/\\\/cvinoticias.com\\\/wp-content\\\/uploads\\\/2023\\\/04\\\/cropped-cropped-cropped-cropped-cropped-3-1.png\",\"contentUrl\":\"https:\\\/\\\/cvinoticias.com\\\/wp-content\\\/uploads\\\/2023\\\/04\\\/cropped-cropped-cropped-cropped-cropped-3-1.png\",\"width\":95,\"height\":122,\"caption\":\"CVI NOTICIAS\"},\"image\":{\"@id\":\"https:\\\/\\\/cvinoticias.com\\\/v3\\\/#\\\/schema\\\/logo\\\/image\\\/\"},\"sameAs\":[\"https:\\\/\\\/www.facebook.com\\\/cvinoticias\",\"https:\\\/\\\/www.instagram.com\\\/cvinoticias\\\/\",\"https:\\\/\\\/www.youtube.com\\\/@CVINOTICIAS\"]},{\"@type\":\"Person\",\"@id\":\"https:\\\/\\\/cvinoticias.com\\\/v3\\\/#\\\/schema\\\/person\\\/2db77e3c6bc03c538495d7b2b8be9b66\",\"name\":\"f1000024\",\"image\":{\"@type\":\"ImageObject\",\"inLanguage\":\"es\",\"@id\":\"https:\\\/\\\/secure.gravatar.com\\\/avatar\\\/d4fe7459cfc51ff5129ce1a732bbef5928568b8092d412ef95611616376bbeed?s=96&d=mm&r=g\",\"url\":\"https:\\\/\\\/secure.gravatar.com\\\/avatar\\\/d4fe7459cfc51ff5129ce1a732bbef5928568b8092d412ef95611616376bbeed?s=96&d=mm&r=g\",\"contentUrl\":\"https:\\\/\\\/secure.gravatar.com\\\/avatar\\\/d4fe7459cfc51ff5129ce1a732bbef5928568b8092d412ef95611616376bbeed?s=96&d=mm&r=g\",\"caption\":\"f1000024\"},\"url\":\"https:\\\/\\\/cvinoticias.com\\\/v3\\\/author\\\/f1000024\\\/\"}]}<\/script>\n<!-- \/ Yoast SEO plugin. -->","yoast_head_json":{"title":"Desarticularon banda que ingresaba celulares de contrabando por la frontera misionera | CVI NOTICIAS","robots":{"index":"index","follow":"follow","max-snippet":"max-snippet:-1","max-image-preview":"max-image-preview:large","max-video-preview":"max-video-preview:-1"},"canonical":"https:\/\/cvinoticias.com\/v3\/desarticularon-banda-que-ingresaba-celulares-de-contrabando-por-la-frontera-misionera\/","og_locale":"es_ES","og_type":"article","og_title":"Desarticularon banda que ingresaba celulares de contrabando por la frontera misionera | CVI NOTICIAS","og_description":"Los aparatos tecnol\u00f3gicos eran vendidos en Buenos Aires. La Polic\u00eda Federal realiz\u00f3 37 allanamientos, detuvo a 12 personas y se procedi\u00f3 a la incautaci\u00f3n de millones de pesos en mercader\u00edas La Polic\u00eda Federal Argentina desarticul\u00f3 una organizaci\u00f3n criminal dedicada al contrabando y comercializaci\u00f3n de tel\u00e9fonos celulares y accesorios afines. El operativo realizado por la fuerza [&hellip;]","og_url":"https:\/\/cvinoticias.com\/v3\/desarticularon-banda-que-ingresaba-celulares-de-contrabando-por-la-frontera-misionera\/","og_site_name":"CVI NOTICIAS","article_publisher":"https:\/\/www.facebook.com\/cvinoticias","article_published_time":"2021-08-19T10:30:32+00:00","og_image":[{"width":500,"height":375,"url":"https:\/\/cvinoticias.com\/wp-content\/uploads\/2021\/08\/image-5-500x375-1.jpg","type":"image\/jpeg"}],"author":"f1000024","twitter_card":"summary_large_image","twitter_misc":{"Escrito por":"f1000024","Tiempo de lectura":"2 minutos"},"schema":{"@context":"https:\/\/schema.org","@graph":[{"@type":"Article","@id":"https:\/\/cvinoticias.com\/v3\/desarticularon-banda-que-ingresaba-celulares-de-contrabando-por-la-frontera-misionera\/#article","isPartOf":{"@id":"https:\/\/cvinoticias.com\/v3\/desarticularon-banda-que-ingresaba-celulares-de-contrabando-por-la-frontera-misionera\/"},"author":{"name":"f1000024","@id":"https:\/\/cvinoticias.com\/v3\/#\/schema\/person\/2db77e3c6bc03c538495d7b2b8be9b66"},"headline":"Desarticularon banda que ingresaba celulares de contrabando por la frontera misionera","datePublished":"2021-08-19T10:30:32+00:00","mainEntityOfPage":{"@id":"https:\/\/cvinoticias.com\/v3\/desarticularon-banda-que-ingresaba-celulares-de-contrabando-por-la-frontera-misionera\/"},"wordCount":495,"commentCount":0,"publisher":{"@id":"https:\/\/cvinoticias.com\/v3\/#organization"},"image":{"@id":"https:\/\/cvinoticias.com\/v3\/desarticularon-banda-que-ingresaba-celulares-de-contrabando-por-la-frontera-misionera\/#primaryimage"},"thumbnailUrl":"https:\/\/cvinoticias.com\/wp-content\/uploads\/2021\/08\/image-5-500x375-1.jpg","articleSection":["Policiales"],"inLanguage":"es","potentialAction":[{"@type":"CommentAction","name":"Comment","target":["https:\/\/cvinoticias.com\/v3\/desarticularon-banda-que-ingresaba-celulares-de-contrabando-por-la-frontera-misionera\/#respond"]}]},{"@type":"WebPage","@id":"https:\/\/cvinoticias.com\/v3\/desarticularon-banda-que-ingresaba-celulares-de-contrabando-por-la-frontera-misionera\/","url":"https:\/\/cvinoticias.com\/v3\/desarticularon-banda-que-ingresaba-celulares-de-contrabando-por-la-frontera-misionera\/","name":"Desarticularon banda que ingresaba celulares de contrabando por la frontera misionera | CVI NOTICIAS","isPartOf":{"@id":"https:\/\/cvinoticias.com\/v3\/#website"},"primaryImageOfPage":{"@id":"https:\/\/cvinoticias.com\/v3\/desarticularon-banda-que-ingresaba-celulares-de-contrabando-por-la-frontera-misionera\/#primaryimage"},"image":{"@id":"https:\/\/cvinoticias.com\/v3\/desarticularon-banda-que-ingresaba-celulares-de-contrabando-por-la-frontera-misionera\/#primaryimage"},"thumbnailUrl":"https:\/\/cvinoticias.com\/wp-content\/uploads\/2021\/08\/image-5-500x375-1.jpg","datePublished":"2021-08-19T10:30:32+00:00","breadcrumb":{"@id":"https:\/\/cvinoticias.com\/v3\/desarticularon-banda-que-ingresaba-celulares-de-contrabando-por-la-frontera-misionera\/#breadcrumb"},"inLanguage":"es","potentialAction":[{"@type":"ReadAction","target":["https:\/\/cvinoticias.com\/v3\/desarticularon-banda-que-ingresaba-celulares-de-contrabando-por-la-frontera-misionera\/"]}]},{"@type":"ImageObject","inLanguage":"es","@id":"https:\/\/cvinoticias.com\/v3\/desarticularon-banda-que-ingresaba-celulares-de-contrabando-por-la-frontera-misionera\/#primaryimage","url":"https:\/\/cvinoticias.com\/wp-content\/uploads\/2021\/08\/image-5-500x375-1.jpg","contentUrl":"https:\/\/cvinoticias.com\/wp-content\/uploads\/2021\/08\/image-5-500x375-1.jpg","width":500,"height":375},{"@type":"BreadcrumbList","@id":"https:\/\/cvinoticias.com\/v3\/desarticularon-banda-que-ingresaba-celulares-de-contrabando-por-la-frontera-misionera\/#breadcrumb","itemListElement":[{"@type":"ListItem","position":1,"name":"Portada","item":"https:\/\/cvinoticias.com\/v3\/"},{"@type":"ListItem","position":2,"name":"Desarticularon banda que ingresaba celulares de contrabando por la frontera misionera"}]},{"@type":"WebSite","@id":"https:\/\/cvinoticias.com\/v3\/#website","url":"https:\/\/cvinoticias.com\/v3\/","name":"CVI NOTICIAS","description":"","publisher":{"@id":"https:\/\/cvinoticias.com\/v3\/#organization"},"alternateName":"CVI","potentialAction":[{"@type":"SearchAction","target":{"@type":"EntryPoint","urlTemplate":"https:\/\/cvinoticias.com\/v3\/?s={search_term_string}"},"query-input":{"@type":"PropertyValueSpecification","valueRequired":true,"valueName":"search_term_string"}}],"inLanguage":"es"},{"@type":"Organization","@id":"https:\/\/cvinoticias.com\/v3\/#organization","name":"CVI NOTICIAS","url":"https:\/\/cvinoticias.com\/v3\/","logo":{"@type":"ImageObject","inLanguage":"es","@id":"https:\/\/cvinoticias.com\/v3\/#\/schema\/logo\/image\/","url":"https:\/\/cvinoticias.com\/wp-content\/uploads\/2023\/04\/cropped-cropped-cropped-cropped-cropped-3-1.png","contentUrl":"https:\/\/cvinoticias.com\/wp-content\/uploads\/2023\/04\/cropped-cropped-cropped-cropped-cropped-3-1.png","width":95,"height":122,"caption":"CVI NOTICIAS"},"image":{"@id":"https:\/\/cvinoticias.com\/v3\/#\/schema\/logo\/image\/"},"sameAs":["https:\/\/www.facebook.com\/cvinoticias","https:\/\/www.instagram.com\/cvinoticias\/","https:\/\/www.youtube.com\/@CVINOTICIAS"]},{"@type":"Person","@id":"https:\/\/cvinoticias.com\/v3\/#\/schema\/person\/2db77e3c6bc03c538495d7b2b8be9b66","name":"f1000024","image":{"@type":"ImageObject","inLanguage":"es","@id":"https:\/\/secure.gravatar.com\/avatar\/d4fe7459cfc51ff5129ce1a732bbef5928568b8092d412ef95611616376bbeed?s=96&d=mm&r=g","url":"https:\/\/secure.gravatar.com\/avatar\/d4fe7459cfc51ff5129ce1a732bbef5928568b8092d412ef95611616376bbeed?s=96&d=mm&r=g","contentUrl":"https:\/\/secure.gravatar.com\/avatar\/d4fe7459cfc51ff5129ce1a732bbef5928568b8092d412ef95611616376bbeed?s=96&d=mm&r=g","caption":"f1000024"},"url":"https:\/\/cvinoticias.com\/v3\/author\/f1000024\/"}]}},"_links":{"self":[{"href":"https:\/\/cvinoticias.com\/v3\/wp-json\/wp\/v2\/posts\/7747","targetHints":{"allow":["GET"]}}],"collection":[{"href":"https:\/\/cvinoticias.com\/v3\/wp-json\/wp\/v2\/posts"}],"about":[{"href":"https:\/\/cvinoticias.com\/v3\/wp-json\/wp\/v2\/types\/post"}],"author":[{"embeddable":true,"href":"https:\/\/cvinoticias.com\/v3\/wp-json\/wp\/v2\/users\/2"}],"replies":[{"embeddable":true,"href":"https:\/\/cvinoticias.com\/v3\/wp-json\/wp\/v2\/comments?post=7747"}],"version-history":[{"count":1,"href":"https:\/\/cvinoticias.com\/v3\/wp-json\/wp\/v2\/posts\/7747\/revisions"}],"predecessor-version":[{"id":7750,"href":"https:\/\/cvinoticias.com\/v3\/wp-json\/wp\/v2\/posts\/7747\/revisions\/7750"}],"wp:featuredmedia":[{"embeddable":true,"href":"https:\/\/cvinoticias.com\/v3\/wp-json\/wp\/v2\/media\/7749"}],"wp:attachment":[{"href":"https:\/\/cvinoticias.com\/v3\/wp-json\/wp\/v2\/media?parent=7747"}],"wp:term":[{"taxonomy":"category","embeddable":true,"href":"https:\/\/cvinoticias.com\/v3\/wp-json\/wp\/v2\/categories?post=7747"},{"taxonomy":"post_tag","embeddable":true,"href":"https:\/\/cvinoticias.com\/v3\/wp-json\/wp\/v2\/tags?post=7747"}],"curies":[{"name":"wp","href":"https:\/\/api.w.org\/{rel}","templated":true}]}}