{"id":7740,"date":"2021-08-19T10:08:25","date_gmt":"2021-08-19T10:08:25","guid":{"rendered":"https:\/\/cvinoticias.com\/v3\/?p=7740"},"modified":"2021-08-19T10:08:25","modified_gmt":"2021-08-19T10:08:25","slug":"el-censo-2022-se-realizara-el-18-de-mayo-y-sera-el-primero-que-se-hara-online","status":"publish","type":"post","link":"https:\/\/cvinoticias.com\/v3\/el-censo-2022-se-realizara-el-18-de-mayo-y-sera-el-primero-que-se-hara-online\/","title":{"rendered":"El Censo 2022 se realizar\u00e1 el 18 de mayo y ser\u00e1 el primero que se har\u00e1 online"},"content":{"rendered":"\n<p><strong><em>La pandemia de coronavirus en Argentina oblig\u00f3 a reestructurar el cronograma y a aplicar nuevas tecnolog\u00edas para lograr un Censo completo de manera segura.<\/em><\/strong><\/p>\n\n\n\n<p>El director del Instituto Nacional de Estad\u00edsticas y Censos (INDEC), Marco Lavagna, anunci\u00f3 este mi\u00e9rcoles que el pr\u00f3ximo censo nacional se realizar\u00e1 el 18 de mayo de 2022, dos a\u00f1os m\u00e1s tarde de lo previsto, debido a los recaudos que hubo que tomar en 2020 por la pandemia de coronavirus en Argentina.<\/p>\n\n\n\n<p>Tanto el Censo Nacional de Poblaci\u00f3n, Hogares y Viviendas tradicional como el e-CENSO contemplar\u00e1n por primera vez detalles como el autorreconocimiento \u00e9tnico y autopercepci\u00f3n de identidad de g\u00e9nero.<\/p>\n\n\n\n<p>A los efectos, el INDEC elabor\u00f3 un manual que contempla la etapa \u00abexperimental\u00bb del censo, que se realizar\u00e1 en noviembre y diciembre de 2021, para luego iniciar el proceso formal en marzo de 2022, dos meses antes de la fecha l\u00edmite del mi\u00e9rcoles 18 de mayo.<\/p>\n\n\n\n<figure class=\"wp-block-image size-large is-resized\"><a href=\"https:\/\/cvinoticias.com\/wp-content\/uploads\/2021\/08\/censo-2022jpg.jpg\"><img decoding=\"async\" data-src=\"https:\/\/cvinoticias.com\/wp-content\/uploads\/2021\/08\/censo-2022jpg-1024x576.jpg\" alt=\"\" class=\"wp-image-7742 lazyload\" width=\"765\" height=\"430\" data-srcset=\"https:\/\/cvinoticias.com\/wp-content\/uploads\/2021\/08\/censo-2022jpg-1024x576.jpg 1024w, https:\/\/cvinoticias.com\/wp-content\/uploads\/2021\/08\/censo-2022jpg-300x169.jpg 300w, https:\/\/cvinoticias.com\/wp-content\/uploads\/2021\/08\/censo-2022jpg-768x432.jpg 768w, https:\/\/cvinoticias.com\/wp-content\/uploads\/2021\/08\/censo-2022jpg.jpg 1200w\" data-sizes=\"(max-width: 765px) 100vw, 765px\" src=\"data:image\/svg+xml;base64,PHN2ZyB3aWR0aD0iMSIgaGVpZ2h0PSIxIiB4bWxucz0iaHR0cDovL3d3dy53My5vcmcvMjAwMC9zdmciPjwvc3ZnPg==\" style=\"--smush-placeholder-width: 765px; --smush-placeholder-aspect-ratio: 765\/430;\" \/><\/a><\/figure>\n\n\n\n<p>Por lo tanto, los censistas que lo deseen y tengan disponibilidad podr\u00e1n completar los datos de manera online entre el 16 de marzo y el 18 de mayo.<\/p>\n\n\n\n<p>A las respuestas obtenidas de manera presencial el 18 de mayo, cuando las personas sean contabilizadas seg\u00fan su lugar de residencia habitual, las autoridades del INDEC les sumar\u00e1n siete d\u00edas antes las relevadas en \u00ab\u00e1reas rurales, viviendas colectivas y personas en situaci\u00f3n de calle\u00bb.<\/p>\n\n\n\n<p>El d\u00eda del \u00abbarrido territorial\u00bb, que ser\u00e1 feriado nacional, se obtendr\u00e1n los datos del \u00abtotal de viviendas y de poblaci\u00f3n por sexo\u00bb. El mi\u00e9rcoles 25 de mayo se har\u00e1 la \u00absupervisi\u00f3n\u00bb, y los resultados preliminares estar\u00e1n a los 30 d\u00edas, informaron desde el INDEC.<\/p>\n\n\n\n<p>Se espera que el organismo cuente con los \u00abresultados b\u00e1sicos definitivos\u00bb unos ocho meses despu\u00e9s del censo presencial. Los \u00abresultados ampliados definitivos\u00bb, en cambio, estar\u00e1n listos 13 meses despu\u00e9s del 18 de mayo de 2022.<\/p>\n\n\n\n<p>\u00abEn paralelo al relevamiento tradicional por barrio territorial, la propuesta t\u00e9cnica contempla la introducci\u00f3n de una aplicaci\u00f3n digital (denominada e-CENSO) compatible con m\u00faltiples dispositivos; la utilizaci\u00f3n de un Precenso de Viviendas para la planificaci\u00f3n y evaluaci\u00f3n de cobertura territorial; y la capacitaci\u00f3n virtual de la estructura operativa censal\u00bb, informaron desde el INDEC.<\/p>\n\n\n\n<p><\/p>\n","protected":false},"excerpt":{"rendered":"<p>La pandemia de coronavirus en Argentina oblig\u00f3 a reestructurar el cronograma y a aplicar nuevas tecnolog\u00edas para lograr un Censo completo de manera segura. El director del Instituto Nacional de Estad\u00edsticas y Censos (INDEC), Marco Lavagna, anunci\u00f3 este mi\u00e9rcoles que el pr\u00f3ximo censo nacional se realizar\u00e1 el 18 de mayo de 2022, dos a\u00f1os m\u00e1s [&hellip;]<\/p>\n","protected":false},"author":2,"featured_media":7741,"comment_status":"open","ping_status":"open","sticky":false,"template":"","format":"standard","meta":{"footnotes":""},"categories":[35],"tags":[],"class_list":["post-7740","post","type-post","status-publish","format-standard","has-post-thumbnail","hentry","category-informacion-general"],"yoast_head":"<!-- This site is optimized with the Yoast SEO plugin v27.4 - https:\/\/yoast.com\/product\/yoast-seo-wordpress\/ -->\n<title>El Censo 2022 se realizar\u00e1 el 18 de mayo y ser\u00e1 el primero que se har\u00e1 online | CVI NOTICIAS<\/title>\n<meta name=\"robots\" content=\"index, follow, max-snippet:-1, max-image-preview:large, max-video-preview:-1\" \/>\n<link rel=\"canonical\" href=\"https:\/\/cvinoticias.com\/v3\/el-censo-2022-se-realizara-el-18-de-mayo-y-sera-el-primero-que-se-hara-online\/\" \/>\n<meta property=\"og:locale\" content=\"es_ES\" \/>\n<meta property=\"og:type\" content=\"article\" \/>\n<meta property=\"og:title\" content=\"El Censo 2022 se realizar\u00e1 el 18 de mayo y ser\u00e1 el primero que se har\u00e1 online | CVI NOTICIAS\" \/>\n<meta property=\"og:description\" content=\"La pandemia de coronavirus en Argentina oblig\u00f3 a reestructurar el cronograma y a aplicar nuevas tecnolog\u00edas para lograr un Censo completo de manera segura. El director del Instituto Nacional de Estad\u00edsticas y Censos (INDEC), Marco Lavagna, anunci\u00f3 este mi\u00e9rcoles que el pr\u00f3ximo censo nacional se realizar\u00e1 el 18 de mayo de 2022, dos a\u00f1os m\u00e1s [&hellip;]\" \/>\n<meta property=\"og:url\" content=\"https:\/\/cvinoticias.com\/v3\/el-censo-2022-se-realizara-el-18-de-mayo-y-sera-el-primero-que-se-hara-online\/\" \/>\n<meta property=\"og:site_name\" content=\"CVI NOTICIAS\" \/>\n<meta property=\"article:publisher\" content=\"https:\/\/www.facebook.com\/cvinoticias\" \/>\n<meta property=\"article:published_time\" content=\"2021-08-19T10:08:25+00:00\" \/>\n<meta property=\"og:image\" content=\"https:\/\/cvinoticias.com\/wp-content\/uploads\/2021\/08\/Lanzamiento-Censo-2022-Fernandez-Bordet.jpg\" \/>\n\t<meta property=\"og:image:width\" content=\"1920\" \/>\n\t<meta property=\"og:image:height\" content=\"1280\" \/>\n\t<meta property=\"og:image:type\" content=\"image\/jpeg\" \/>\n<meta name=\"author\" content=\"f1000024\" \/>\n<meta name=\"twitter:card\" content=\"summary_large_image\" \/>\n<meta name=\"twitter:label1\" content=\"Escrito por\" \/>\n\t<meta name=\"twitter:data1\" content=\"f1000024\" \/>\n\t<meta name=\"twitter:label2\" content=\"Tiempo de lectura\" \/>\n\t<meta name=\"twitter:data2\" content=\"2 minutos\" \/>\n<script type=\"application\/ld+json\" class=\"yoast-schema-graph\">{\"@context\":\"https:\\\/\\\/schema.org\",\"@graph\":[{\"@type\":\"Article\",\"@id\":\"https:\\\/\\\/cvinoticias.com\\\/v3\\\/el-censo-2022-se-realizara-el-18-de-mayo-y-sera-el-primero-que-se-hara-online\\\/#article\",\"isPartOf\":{\"@id\":\"https:\\\/\\\/cvinoticias.com\\\/v3\\\/el-censo-2022-se-realizara-el-18-de-mayo-y-sera-el-primero-que-se-hara-online\\\/\"},\"author\":{\"name\":\"f1000024\",\"@id\":\"https:\\\/\\\/cvinoticias.com\\\/v3\\\/#\\\/schema\\\/person\\\/2db77e3c6bc03c538495d7b2b8be9b66\"},\"headline\":\"El Censo 2022 se realizar\u00e1 el 18 de mayo y ser\u00e1 el primero que se har\u00e1 online\",\"datePublished\":\"2021-08-19T10:08:25+00:00\",\"mainEntityOfPage\":{\"@id\":\"https:\\\/\\\/cvinoticias.com\\\/v3\\\/el-censo-2022-se-realizara-el-18-de-mayo-y-sera-el-primero-que-se-hara-online\\\/\"},\"wordCount\":390,\"commentCount\":0,\"publisher\":{\"@id\":\"https:\\\/\\\/cvinoticias.com\\\/v3\\\/#organization\"},\"image\":{\"@id\":\"https:\\\/\\\/cvinoticias.com\\\/v3\\\/el-censo-2022-se-realizara-el-18-de-mayo-y-sera-el-primero-que-se-hara-online\\\/#primaryimage\"},\"thumbnailUrl\":\"https:\\\/\\\/cvinoticias.com\\\/wp-content\\\/uploads\\\/2021\\\/08\\\/Lanzamiento-Censo-2022-Fernandez-Bordet.jpg\",\"articleSection\":[\"Informaci\u00f3n General\"],\"inLanguage\":\"es\",\"potentialAction\":[{\"@type\":\"CommentAction\",\"name\":\"Comment\",\"target\":[\"https:\\\/\\\/cvinoticias.com\\\/v3\\\/el-censo-2022-se-realizara-el-18-de-mayo-y-sera-el-primero-que-se-hara-online\\\/#respond\"]}]},{\"@type\":\"WebPage\",\"@id\":\"https:\\\/\\\/cvinoticias.com\\\/v3\\\/el-censo-2022-se-realizara-el-18-de-mayo-y-sera-el-primero-que-se-hara-online\\\/\",\"url\":\"https:\\\/\\\/cvinoticias.com\\\/v3\\\/el-censo-2022-se-realizara-el-18-de-mayo-y-sera-el-primero-que-se-hara-online\\\/\",\"name\":\"El Censo 2022 se realizar\u00e1 el 18 de mayo y ser\u00e1 el primero que se har\u00e1 online | CVI NOTICIAS\",\"isPartOf\":{\"@id\":\"https:\\\/\\\/cvinoticias.com\\\/v3\\\/#website\"},\"primaryImageOfPage\":{\"@id\":\"https:\\\/\\\/cvinoticias.com\\\/v3\\\/el-censo-2022-se-realizara-el-18-de-mayo-y-sera-el-primero-que-se-hara-online\\\/#primaryimage\"},\"image\":{\"@id\":\"https:\\\/\\\/cvinoticias.com\\\/v3\\\/el-censo-2022-se-realizara-el-18-de-mayo-y-sera-el-primero-que-se-hara-online\\\/#primaryimage\"},\"thumbnailUrl\":\"https:\\\/\\\/cvinoticias.com\\\/wp-content\\\/uploads\\\/2021\\\/08\\\/Lanzamiento-Censo-2022-Fernandez-Bordet.jpg\",\"datePublished\":\"2021-08-19T10:08:25+00:00\",\"breadcrumb\":{\"@id\":\"https:\\\/\\\/cvinoticias.com\\\/v3\\\/el-censo-2022-se-realizara-el-18-de-mayo-y-sera-el-primero-que-se-hara-online\\\/#breadcrumb\"},\"inLanguage\":\"es\",\"potentialAction\":[{\"@type\":\"ReadAction\",\"target\":[\"https:\\\/\\\/cvinoticias.com\\\/v3\\\/el-censo-2022-se-realizara-el-18-de-mayo-y-sera-el-primero-que-se-hara-online\\\/\"]}]},{\"@type\":\"ImageObject\",\"inLanguage\":\"es\",\"@id\":\"https:\\\/\\\/cvinoticias.com\\\/v3\\\/el-censo-2022-se-realizara-el-18-de-mayo-y-sera-el-primero-que-se-hara-online\\\/#primaryimage\",\"url\":\"https:\\\/\\\/cvinoticias.com\\\/wp-content\\\/uploads\\\/2021\\\/08\\\/Lanzamiento-Censo-2022-Fernandez-Bordet.jpg\",\"contentUrl\":\"https:\\\/\\\/cvinoticias.com\\\/wp-content\\\/uploads\\\/2021\\\/08\\\/Lanzamiento-Censo-2022-Fernandez-Bordet.jpg\",\"width\":1920,\"height\":1280},{\"@type\":\"BreadcrumbList\",\"@id\":\"https:\\\/\\\/cvinoticias.com\\\/v3\\\/el-censo-2022-se-realizara-el-18-de-mayo-y-sera-el-primero-que-se-hara-online\\\/#breadcrumb\",\"itemListElement\":[{\"@type\":\"ListItem\",\"position\":1,\"name\":\"Portada\",\"item\":\"https:\\\/\\\/cvinoticias.com\\\/v3\\\/\"},{\"@type\":\"ListItem\",\"position\":2,\"name\":\"El Censo 2022 se realizar\u00e1 el 18 de mayo y ser\u00e1 el primero que se har\u00e1 online\"}]},{\"@type\":\"WebSite\",\"@id\":\"https:\\\/\\\/cvinoticias.com\\\/v3\\\/#website\",\"url\":\"https:\\\/\\\/cvinoticias.com\\\/v3\\\/\",\"name\":\"CVI NOTICIAS\",\"description\":\"\",\"publisher\":{\"@id\":\"https:\\\/\\\/cvinoticias.com\\\/v3\\\/#organization\"},\"alternateName\":\"CVI\",\"potentialAction\":[{\"@type\":\"SearchAction\",\"target\":{\"@type\":\"EntryPoint\",\"urlTemplate\":\"https:\\\/\\\/cvinoticias.com\\\/v3\\\/?s={search_term_string}\"},\"query-input\":{\"@type\":\"PropertyValueSpecification\",\"valueRequired\":true,\"valueName\":\"search_term_string\"}}],\"inLanguage\":\"es\"},{\"@type\":\"Organization\",\"@id\":\"https:\\\/\\\/cvinoticias.com\\\/v3\\\/#organization\",\"name\":\"CVI NOTICIAS\",\"url\":\"https:\\\/\\\/cvinoticias.com\\\/v3\\\/\",\"logo\":{\"@type\":\"ImageObject\",\"inLanguage\":\"es\",\"@id\":\"https:\\\/\\\/cvinoticias.com\\\/v3\\\/#\\\/schema\\\/logo\\\/image\\\/\",\"url\":\"https:\\\/\\\/cvinoticias.com\\\/wp-content\\\/uploads\\\/2023\\\/04\\\/cropped-cropped-cropped-cropped-cropped-3-1.png\",\"contentUrl\":\"https:\\\/\\\/cvinoticias.com\\\/wp-content\\\/uploads\\\/2023\\\/04\\\/cropped-cropped-cropped-cropped-cropped-3-1.png\",\"width\":95,\"height\":122,\"caption\":\"CVI NOTICIAS\"},\"image\":{\"@id\":\"https:\\\/\\\/cvinoticias.com\\\/v3\\\/#\\\/schema\\\/logo\\\/image\\\/\"},\"sameAs\":[\"https:\\\/\\\/www.facebook.com\\\/cvinoticias\",\"https:\\\/\\\/www.instagram.com\\\/cvinoticias\\\/\",\"https:\\\/\\\/www.youtube.com\\\/@CVINOTICIAS\"]},{\"@type\":\"Person\",\"@id\":\"https:\\\/\\\/cvinoticias.com\\\/v3\\\/#\\\/schema\\\/person\\\/2db77e3c6bc03c538495d7b2b8be9b66\",\"name\":\"f1000024\",\"image\":{\"@type\":\"ImageObject\",\"inLanguage\":\"es\",\"@id\":\"https:\\\/\\\/secure.gravatar.com\\\/avatar\\\/d4fe7459cfc51ff5129ce1a732bbef5928568b8092d412ef95611616376bbeed?s=96&d=mm&r=g\",\"url\":\"https:\\\/\\\/secure.gravatar.com\\\/avatar\\\/d4fe7459cfc51ff5129ce1a732bbef5928568b8092d412ef95611616376bbeed?s=96&d=mm&r=g\",\"contentUrl\":\"https:\\\/\\\/secure.gravatar.com\\\/avatar\\\/d4fe7459cfc51ff5129ce1a732bbef5928568b8092d412ef95611616376bbeed?s=96&d=mm&r=g\",\"caption\":\"f1000024\"},\"url\":\"https:\\\/\\\/cvinoticias.com\\\/v3\\\/author\\\/f1000024\\\/\"}]}<\/script>\n<!-- \/ Yoast SEO plugin. -->","yoast_head_json":{"title":"El Censo 2022 se realizar\u00e1 el 18 de mayo y ser\u00e1 el primero que se har\u00e1 online | CVI NOTICIAS","robots":{"index":"index","follow":"follow","max-snippet":"max-snippet:-1","max-image-preview":"max-image-preview:large","max-video-preview":"max-video-preview:-1"},"canonical":"https:\/\/cvinoticias.com\/v3\/el-censo-2022-se-realizara-el-18-de-mayo-y-sera-el-primero-que-se-hara-online\/","og_locale":"es_ES","og_type":"article","og_title":"El Censo 2022 se realizar\u00e1 el 18 de mayo y ser\u00e1 el primero que se har\u00e1 online | CVI NOTICIAS","og_description":"La pandemia de coronavirus en Argentina oblig\u00f3 a reestructurar el cronograma y a aplicar nuevas tecnolog\u00edas para lograr un Censo completo de manera segura. El director del Instituto Nacional de Estad\u00edsticas y Censos (INDEC), Marco Lavagna, anunci\u00f3 este mi\u00e9rcoles que el pr\u00f3ximo censo nacional se realizar\u00e1 el 18 de mayo de 2022, dos a\u00f1os m\u00e1s [&hellip;]","og_url":"https:\/\/cvinoticias.com\/v3\/el-censo-2022-se-realizara-el-18-de-mayo-y-sera-el-primero-que-se-hara-online\/","og_site_name":"CVI NOTICIAS","article_publisher":"https:\/\/www.facebook.com\/cvinoticias","article_published_time":"2021-08-19T10:08:25+00:00","og_image":[{"width":1920,"height":1280,"url":"https:\/\/cvinoticias.com\/wp-content\/uploads\/2021\/08\/Lanzamiento-Censo-2022-Fernandez-Bordet.jpg","type":"image\/jpeg"}],"author":"f1000024","twitter_card":"summary_large_image","twitter_misc":{"Escrito por":"f1000024","Tiempo de lectura":"2 minutos"},"schema":{"@context":"https:\/\/schema.org","@graph":[{"@type":"Article","@id":"https:\/\/cvinoticias.com\/v3\/el-censo-2022-se-realizara-el-18-de-mayo-y-sera-el-primero-que-se-hara-online\/#article","isPartOf":{"@id":"https:\/\/cvinoticias.com\/v3\/el-censo-2022-se-realizara-el-18-de-mayo-y-sera-el-primero-que-se-hara-online\/"},"author":{"name":"f1000024","@id":"https:\/\/cvinoticias.com\/v3\/#\/schema\/person\/2db77e3c6bc03c538495d7b2b8be9b66"},"headline":"El Censo 2022 se realizar\u00e1 el 18 de mayo y ser\u00e1 el primero que se har\u00e1 online","datePublished":"2021-08-19T10:08:25+00:00","mainEntityOfPage":{"@id":"https:\/\/cvinoticias.com\/v3\/el-censo-2022-se-realizara-el-18-de-mayo-y-sera-el-primero-que-se-hara-online\/"},"wordCount":390,"commentCount":0,"publisher":{"@id":"https:\/\/cvinoticias.com\/v3\/#organization"},"image":{"@id":"https:\/\/cvinoticias.com\/v3\/el-censo-2022-se-realizara-el-18-de-mayo-y-sera-el-primero-que-se-hara-online\/#primaryimage"},"thumbnailUrl":"https:\/\/cvinoticias.com\/wp-content\/uploads\/2021\/08\/Lanzamiento-Censo-2022-Fernandez-Bordet.jpg","articleSection":["Informaci\u00f3n General"],"inLanguage":"es","potentialAction":[{"@type":"CommentAction","name":"Comment","target":["https:\/\/cvinoticias.com\/v3\/el-censo-2022-se-realizara-el-18-de-mayo-y-sera-el-primero-que-se-hara-online\/#respond"]}]},{"@type":"WebPage","@id":"https:\/\/cvinoticias.com\/v3\/el-censo-2022-se-realizara-el-18-de-mayo-y-sera-el-primero-que-se-hara-online\/","url":"https:\/\/cvinoticias.com\/v3\/el-censo-2022-se-realizara-el-18-de-mayo-y-sera-el-primero-que-se-hara-online\/","name":"El Censo 2022 se realizar\u00e1 el 18 de mayo y ser\u00e1 el primero que se har\u00e1 online | CVI NOTICIAS","isPartOf":{"@id":"https:\/\/cvinoticias.com\/v3\/#website"},"primaryImageOfPage":{"@id":"https:\/\/cvinoticias.com\/v3\/el-censo-2022-se-realizara-el-18-de-mayo-y-sera-el-primero-que-se-hara-online\/#primaryimage"},"image":{"@id":"https:\/\/cvinoticias.com\/v3\/el-censo-2022-se-realizara-el-18-de-mayo-y-sera-el-primero-que-se-hara-online\/#primaryimage"},"thumbnailUrl":"https:\/\/cvinoticias.com\/wp-content\/uploads\/2021\/08\/Lanzamiento-Censo-2022-Fernandez-Bordet.jpg","datePublished":"2021-08-19T10:08:25+00:00","breadcrumb":{"@id":"https:\/\/cvinoticias.com\/v3\/el-censo-2022-se-realizara-el-18-de-mayo-y-sera-el-primero-que-se-hara-online\/#breadcrumb"},"inLanguage":"es","potentialAction":[{"@type":"ReadAction","target":["https:\/\/cvinoticias.com\/v3\/el-censo-2022-se-realizara-el-18-de-mayo-y-sera-el-primero-que-se-hara-online\/"]}]},{"@type":"ImageObject","inLanguage":"es","@id":"https:\/\/cvinoticias.com\/v3\/el-censo-2022-se-realizara-el-18-de-mayo-y-sera-el-primero-que-se-hara-online\/#primaryimage","url":"https:\/\/cvinoticias.com\/wp-content\/uploads\/2021\/08\/Lanzamiento-Censo-2022-Fernandez-Bordet.jpg","contentUrl":"https:\/\/cvinoticias.com\/wp-content\/uploads\/2021\/08\/Lanzamiento-Censo-2022-Fernandez-Bordet.jpg","width":1920,"height":1280},{"@type":"BreadcrumbList","@id":"https:\/\/cvinoticias.com\/v3\/el-censo-2022-se-realizara-el-18-de-mayo-y-sera-el-primero-que-se-hara-online\/#breadcrumb","itemListElement":[{"@type":"ListItem","position":1,"name":"Portada","item":"https:\/\/cvinoticias.com\/v3\/"},{"@type":"ListItem","position":2,"name":"El Censo 2022 se realizar\u00e1 el 18 de mayo y ser\u00e1 el primero que se har\u00e1 online"}]},{"@type":"WebSite","@id":"https:\/\/cvinoticias.com\/v3\/#website","url":"https:\/\/cvinoticias.com\/v3\/","name":"CVI NOTICIAS","description":"","publisher":{"@id":"https:\/\/cvinoticias.com\/v3\/#organization"},"alternateName":"CVI","potentialAction":[{"@type":"SearchAction","target":{"@type":"EntryPoint","urlTemplate":"https:\/\/cvinoticias.com\/v3\/?s={search_term_string}"},"query-input":{"@type":"PropertyValueSpecification","valueRequired":true,"valueName":"search_term_string"}}],"inLanguage":"es"},{"@type":"Organization","@id":"https:\/\/cvinoticias.com\/v3\/#organization","name":"CVI NOTICIAS","url":"https:\/\/cvinoticias.com\/v3\/","logo":{"@type":"ImageObject","inLanguage":"es","@id":"https:\/\/cvinoticias.com\/v3\/#\/schema\/logo\/image\/","url":"https:\/\/cvinoticias.com\/wp-content\/uploads\/2023\/04\/cropped-cropped-cropped-cropped-cropped-3-1.png","contentUrl":"https:\/\/cvinoticias.com\/wp-content\/uploads\/2023\/04\/cropped-cropped-cropped-cropped-cropped-3-1.png","width":95,"height":122,"caption":"CVI NOTICIAS"},"image":{"@id":"https:\/\/cvinoticias.com\/v3\/#\/schema\/logo\/image\/"},"sameAs":["https:\/\/www.facebook.com\/cvinoticias","https:\/\/www.instagram.com\/cvinoticias\/","https:\/\/www.youtube.com\/@CVINOTICIAS"]},{"@type":"Person","@id":"https:\/\/cvinoticias.com\/v3\/#\/schema\/person\/2db77e3c6bc03c538495d7b2b8be9b66","name":"f1000024","image":{"@type":"ImageObject","inLanguage":"es","@id":"https:\/\/secure.gravatar.com\/avatar\/d4fe7459cfc51ff5129ce1a732bbef5928568b8092d412ef95611616376bbeed?s=96&d=mm&r=g","url":"https:\/\/secure.gravatar.com\/avatar\/d4fe7459cfc51ff5129ce1a732bbef5928568b8092d412ef95611616376bbeed?s=96&d=mm&r=g","contentUrl":"https:\/\/secure.gravatar.com\/avatar\/d4fe7459cfc51ff5129ce1a732bbef5928568b8092d412ef95611616376bbeed?s=96&d=mm&r=g","caption":"f1000024"},"url":"https:\/\/cvinoticias.com\/v3\/author\/f1000024\/"}]}},"_links":{"self":[{"href":"https:\/\/cvinoticias.com\/v3\/wp-json\/wp\/v2\/posts\/7740","targetHints":{"allow":["GET"]}}],"collection":[{"href":"https:\/\/cvinoticias.com\/v3\/wp-json\/wp\/v2\/posts"}],"about":[{"href":"https:\/\/cvinoticias.com\/v3\/wp-json\/wp\/v2\/types\/post"}],"author":[{"embeddable":true,"href":"https:\/\/cvinoticias.com\/v3\/wp-json\/wp\/v2\/users\/2"}],"replies":[{"embeddable":true,"href":"https:\/\/cvinoticias.com\/v3\/wp-json\/wp\/v2\/comments?post=7740"}],"version-history":[{"count":1,"href":"https:\/\/cvinoticias.com\/v3\/wp-json\/wp\/v2\/posts\/7740\/revisions"}],"predecessor-version":[{"id":7743,"href":"https:\/\/cvinoticias.com\/v3\/wp-json\/wp\/v2\/posts\/7740\/revisions\/7743"}],"wp:featuredmedia":[{"embeddable":true,"href":"https:\/\/cvinoticias.com\/v3\/wp-json\/wp\/v2\/media\/7741"}],"wp:attachment":[{"href":"https:\/\/cvinoticias.com\/v3\/wp-json\/wp\/v2\/media?parent=7740"}],"wp:term":[{"taxonomy":"category","embeddable":true,"href":"https:\/\/cvinoticias.com\/v3\/wp-json\/wp\/v2\/categories?post=7740"},{"taxonomy":"post_tag","embeddable":true,"href":"https:\/\/cvinoticias.com\/v3\/wp-json\/wp\/v2\/tags?post=7740"}],"curies":[{"name":"wp","href":"https:\/\/api.w.org\/{rel}","templated":true}]}}