{"id":7734,"date":"2021-08-18T21:50:52","date_gmt":"2021-08-18T21:50:52","guid":{"rendered":"https:\/\/cvinoticias.com\/v3\/?p=7734"},"modified":"2021-08-18T21:50:52","modified_gmt":"2021-08-18T21:50:52","slug":"los-precios-mayoristas-subieron-22-en-julio-y-el-costo-de-la-construccion-crecio-5","status":"publish","type":"post","link":"https:\/\/cvinoticias.com\/v3\/los-precios-mayoristas-subieron-22-en-julio-y-el-costo-de-la-construccion-crecio-5\/","title":{"rendered":"Los precios mayoristas subieron 2,2% en julio y el costo de la construcci\u00f3n creci\u00f3 5%"},"content":{"rendered":"\n<p><strong><em>El \u00edndice de precios mayoristas registr\u00f3 un incremento de 2,2% en julio; mientras que el costo de la construcci\u00f3n avanz\u00f3 5%, inform\u00f3 hoy el Instituto Nacional de Estad\u00edstica y Censos (indec)<\/em><\/strong>.<\/p>\n\n\n\n<p>El\u00a0\u00edndice de precios mayoristas registr\u00f3 un incremento de 2,2% en julio; mientras que el costo de la construcci\u00f3n avanz\u00f3 5%, inform\u00f3 el Instituto Nacional de Estad\u00edstica y Censos (Indec)<\/p>\n\n\n\n<p>De esta manera, en lo que va del a\u00f1o, los precios mayoristas acumularon un aumento de 32,7% y el costo de la construcci\u00f3n, 30,4%.<\/p>\n\n\n\n<p>El Indec termin\u00f3 de difundir la variaci\u00f3n de los distintos \u00edndices relacionados con la evoluci\u00f3n de los precios, que comenz\u00f3 la semana pasada con la difusi\u00f3n de la inflaci\u00f3n minorista que fue de 3% en julio, con lo que acumul\u00f3 un avance de 29,1% en los siete primeros meses del a\u00f1o.<\/p>\n\n\n\n<p>En los \u00faltimos 12 meses,\u00a0los precios minoristas subieron 51,8%; los mayoristas, 63%; y el costo de la construcci\u00f3n, 66,8%.<\/p>\n\n\n\n<p>En lo que respecta a los precios mayoristas, en el \u00edtem que agrupa a los productos primarios, los agropecuarios marcaron en julio un incremento de 1,8%; 4,6%, los relacionados con la pesca; 1,9%, en petr\u00f3leo crudo y gas; y 7,7%, en minerales no metal\u00edferos vinculados con la construcci\u00f3n.<\/p>\n\n\n\n<p>Por su parte, el costo mayorista de la energ\u00eda el\u00e9ctrica para las empresas subi\u00f3 1% en julio y los productos importados, 1,6%.<\/p>\n\n\n\n<p>Entre los productos manufacturados se anotaron alzas del 8,6 % en muebles y otros productos industriales; 2,6% en veh\u00edculos; 2,3% en equipos para medicina; 1,7% en m\u00e1quinas y aparatos el\u00e9ctricos; y 3,4% en m\u00e1quinas y equipos en general.<\/p>\n\n\n\n<p>Tambi\u00e9n se registraron subas del 3,4% en materiales textiles; 2,3% en alimentos y bebidas; 4,2% en papel y derivados; y 3,6% en caucho y pl\u00e1stico.<\/p>\n\n\n\n<p>En lo que va del corriente a\u00f1o, con\u00a0una suba promedio del 32,7%, se registraron alzas del 41,5% en petr\u00f3leo crudo y gas; del 35,7% en minerales no metal\u00edferos; y del 19,7% en agropecuarios.<\/p>\n\n\n\n<p>Entre enero y julio, la energ\u00eda el\u00e9ctrica para las empresas se increment\u00f3 45,1%\u00a0y los productos importados, 28,9%.<\/p>\n\n\n\n<p>En los productos elaborados se anotaron subas del 32,4% en veh\u00edculos; 38% en otros medios de transporte; 52,1% en refinados del petr\u00f3leo; 42,8% en met\u00e1licos b\u00e1sicos; 24,9% en alimentos y bebidas; y 32,6% en manufacturas textiles.<\/p>\n\n\n\n<p>En lo que respecta al costo de la construcci\u00f3n, el aumento del 5% registrado en julio fue impulsado esencialmente por la suba del 7,2% en en el rubro mano de obra -que da cuenta la evoluci\u00f3n del salario en el sector- ; del 5% en gastos generales; y 2,8% en los precios de los materiales.<\/p>\n\n\n\n<p>El cap\u00edtulo ano de obra incorpor\u00f3 en julio los nuevos valores establecidos por el acuerdo salarial de la Uni\u00f3n Obrera de la Construcci\u00f3n de la Rep\u00fablica Argentina (UOCRA), con fecha 9 de abril de 2021, homologado por la Resoluci\u00f3n del Ministerio de Trabajo el 21 de abril de 2021, aplicable a las categor\u00edas laborales previstas en el Convenio Colectivo de Trabajo n\u00ba 76\/75 desde julio de 2021, precis\u00f3 el informe del Indec.<\/p>\n\n\n\n<p>En tanto, el aumento en las categor\u00edas laborales impacta en el cap\u00edtulo gastos generales, debido a que contiene el \u00edtem \u201csereno\u201d, que tambi\u00e9n se encuentra enmarcado dentro de la resoluci\u00f3n mencionada.<\/p>\n\n\n\n<p>En lo que va del a\u00f1o, la suba acumulada del 30,4% verificada en el costo de la construcci\u00f3n, se explica por un alza del 32,9% en el precio de los materiales, del 32,2% en los gastos generales, asociados a los servicios que se prestan en la construcci\u00f3n, como alquiler de volquetes, andamios o maquinaria; y del 27,6% en la mano de obra.<\/p>\n\n\n\n<h2 class=\"wp-block-heading\"><\/h2>\n","protected":false},"excerpt":{"rendered":"<p>El \u00edndice de precios mayoristas registr\u00f3 un incremento de 2,2% en julio; mientras que el costo de la construcci\u00f3n avanz\u00f3 5%, inform\u00f3 hoy el Instituto Nacional de Estad\u00edstica y Censos (indec). El\u00a0\u00edndice de precios mayoristas registr\u00f3 un incremento de 2,2% en julio; mientras que el costo de la construcci\u00f3n avanz\u00f3 5%, inform\u00f3 el Instituto Nacional [&hellip;]<\/p>\n","protected":false},"author":2,"featured_media":7735,"comment_status":"open","ping_status":"open","sticky":false,"template":"","format":"standard","meta":{"footnotes":""},"categories":[32],"tags":[],"class_list":["post-7734","post","type-post","status-publish","format-standard","has-post-thumbnail","hentry","category-economia"],"yoast_head":"<!-- This site is optimized with the Yoast SEO plugin v27.4 - https:\/\/yoast.com\/product\/yoast-seo-wordpress\/ -->\n<title>Los precios mayoristas subieron 2,2% en julio y el costo de la construcci\u00f3n creci\u00f3 5% | CVI NOTICIAS<\/title>\n<meta name=\"robots\" content=\"index, follow, max-snippet:-1, max-image-preview:large, max-video-preview:-1\" \/>\n<link rel=\"canonical\" href=\"https:\/\/cvinoticias.com\/v3\/los-precios-mayoristas-subieron-22-en-julio-y-el-costo-de-la-construccion-crecio-5\/\" \/>\n<meta property=\"og:locale\" content=\"es_ES\" \/>\n<meta property=\"og:type\" content=\"article\" \/>\n<meta property=\"og:title\" content=\"Los precios mayoristas subieron 2,2% en julio y el costo de la construcci\u00f3n creci\u00f3 5% | CVI NOTICIAS\" \/>\n<meta property=\"og:description\" content=\"El \u00edndice de precios mayoristas registr\u00f3 un incremento de 2,2% en julio; mientras que el costo de la construcci\u00f3n avanz\u00f3 5%, inform\u00f3 hoy el Instituto Nacional de Estad\u00edstica y Censos (indec). El\u00a0\u00edndice de precios mayoristas registr\u00f3 un incremento de 2,2% en julio; mientras que el costo de la construcci\u00f3n avanz\u00f3 5%, inform\u00f3 el Instituto Nacional [&hellip;]\" \/>\n<meta property=\"og:url\" content=\"https:\/\/cvinoticias.com\/v3\/los-precios-mayoristas-subieron-22-en-julio-y-el-costo-de-la-construccion-crecio-5\/\" \/>\n<meta property=\"og:site_name\" content=\"CVI NOTICIAS\" \/>\n<meta property=\"article:publisher\" content=\"https:\/\/www.facebook.com\/cvinoticias\" \/>\n<meta property=\"article:published_time\" content=\"2021-08-18T21:50:52+00:00\" \/>\n<meta property=\"og:image\" content=\"https:\/\/cvinoticias.com\/wp-content\/uploads\/2021\/08\/indec-2.jpg\" \/>\n\t<meta property=\"og:image:width\" content=\"1200\" \/>\n\t<meta property=\"og:image:height\" content=\"886\" \/>\n\t<meta property=\"og:image:type\" content=\"image\/jpeg\" \/>\n<meta name=\"author\" content=\"f1000024\" \/>\n<meta name=\"twitter:card\" content=\"summary_large_image\" \/>\n<meta name=\"twitter:label1\" content=\"Escrito por\" \/>\n\t<meta name=\"twitter:data1\" content=\"f1000024\" \/>\n\t<meta name=\"twitter:label2\" content=\"Tiempo de lectura\" \/>\n\t<meta name=\"twitter:data2\" content=\"3 minutos\" \/>\n<script type=\"application\/ld+json\" class=\"yoast-schema-graph\">{\"@context\":\"https:\\\/\\\/schema.org\",\"@graph\":[{\"@type\":\"Article\",\"@id\":\"https:\\\/\\\/cvinoticias.com\\\/v3\\\/los-precios-mayoristas-subieron-22-en-julio-y-el-costo-de-la-construccion-crecio-5\\\/#article\",\"isPartOf\":{\"@id\":\"https:\\\/\\\/cvinoticias.com\\\/v3\\\/los-precios-mayoristas-subieron-22-en-julio-y-el-costo-de-la-construccion-crecio-5\\\/\"},\"author\":{\"name\":\"f1000024\",\"@id\":\"https:\\\/\\\/cvinoticias.com\\\/v3\\\/#\\\/schema\\\/person\\\/2db77e3c6bc03c538495d7b2b8be9b66\"},\"headline\":\"Los precios mayoristas subieron 2,2% en julio y el costo de la construcci\u00f3n creci\u00f3 5%\",\"datePublished\":\"2021-08-18T21:50:52+00:00\",\"mainEntityOfPage\":{\"@id\":\"https:\\\/\\\/cvinoticias.com\\\/v3\\\/los-precios-mayoristas-subieron-22-en-julio-y-el-costo-de-la-construccion-crecio-5\\\/\"},\"wordCount\":603,\"commentCount\":0,\"publisher\":{\"@id\":\"https:\\\/\\\/cvinoticias.com\\\/v3\\\/#organization\"},\"image\":{\"@id\":\"https:\\\/\\\/cvinoticias.com\\\/v3\\\/los-precios-mayoristas-subieron-22-en-julio-y-el-costo-de-la-construccion-crecio-5\\\/#primaryimage\"},\"thumbnailUrl\":\"https:\\\/\\\/cvinoticias.com\\\/wp-content\\\/uploads\\\/2021\\\/08\\\/indec-2.jpg\",\"articleSection\":[\"Econom\u00eda\"],\"inLanguage\":\"es\",\"potentialAction\":[{\"@type\":\"CommentAction\",\"name\":\"Comment\",\"target\":[\"https:\\\/\\\/cvinoticias.com\\\/v3\\\/los-precios-mayoristas-subieron-22-en-julio-y-el-costo-de-la-construccion-crecio-5\\\/#respond\"]}]},{\"@type\":\"WebPage\",\"@id\":\"https:\\\/\\\/cvinoticias.com\\\/v3\\\/los-precios-mayoristas-subieron-22-en-julio-y-el-costo-de-la-construccion-crecio-5\\\/\",\"url\":\"https:\\\/\\\/cvinoticias.com\\\/v3\\\/los-precios-mayoristas-subieron-22-en-julio-y-el-costo-de-la-construccion-crecio-5\\\/\",\"name\":\"Los precios mayoristas subieron 2,2% en julio y el costo de la construcci\u00f3n creci\u00f3 5% | CVI NOTICIAS\",\"isPartOf\":{\"@id\":\"https:\\\/\\\/cvinoticias.com\\\/v3\\\/#website\"},\"primaryImageOfPage\":{\"@id\":\"https:\\\/\\\/cvinoticias.com\\\/v3\\\/los-precios-mayoristas-subieron-22-en-julio-y-el-costo-de-la-construccion-crecio-5\\\/#primaryimage\"},\"image\":{\"@id\":\"https:\\\/\\\/cvinoticias.com\\\/v3\\\/los-precios-mayoristas-subieron-22-en-julio-y-el-costo-de-la-construccion-crecio-5\\\/#primaryimage\"},\"thumbnailUrl\":\"https:\\\/\\\/cvinoticias.com\\\/wp-content\\\/uploads\\\/2021\\\/08\\\/indec-2.jpg\",\"datePublished\":\"2021-08-18T21:50:52+00:00\",\"breadcrumb\":{\"@id\":\"https:\\\/\\\/cvinoticias.com\\\/v3\\\/los-precios-mayoristas-subieron-22-en-julio-y-el-costo-de-la-construccion-crecio-5\\\/#breadcrumb\"},\"inLanguage\":\"es\",\"potentialAction\":[{\"@type\":\"ReadAction\",\"target\":[\"https:\\\/\\\/cvinoticias.com\\\/v3\\\/los-precios-mayoristas-subieron-22-en-julio-y-el-costo-de-la-construccion-crecio-5\\\/\"]}]},{\"@type\":\"ImageObject\",\"inLanguage\":\"es\",\"@id\":\"https:\\\/\\\/cvinoticias.com\\\/v3\\\/los-precios-mayoristas-subieron-22-en-julio-y-el-costo-de-la-construccion-crecio-5\\\/#primaryimage\",\"url\":\"https:\\\/\\\/cvinoticias.com\\\/wp-content\\\/uploads\\\/2021\\\/08\\\/indec-2.jpg\",\"contentUrl\":\"https:\\\/\\\/cvinoticias.com\\\/wp-content\\\/uploads\\\/2021\\\/08\\\/indec-2.jpg\",\"width\":1200,\"height\":886},{\"@type\":\"BreadcrumbList\",\"@id\":\"https:\\\/\\\/cvinoticias.com\\\/v3\\\/los-precios-mayoristas-subieron-22-en-julio-y-el-costo-de-la-construccion-crecio-5\\\/#breadcrumb\",\"itemListElement\":[{\"@type\":\"ListItem\",\"position\":1,\"name\":\"Portada\",\"item\":\"https:\\\/\\\/cvinoticias.com\\\/v3\\\/\"},{\"@type\":\"ListItem\",\"position\":2,\"name\":\"Los precios mayoristas subieron 2,2% en julio y el costo de la construcci\u00f3n creci\u00f3 5%\"}]},{\"@type\":\"WebSite\",\"@id\":\"https:\\\/\\\/cvinoticias.com\\\/v3\\\/#website\",\"url\":\"https:\\\/\\\/cvinoticias.com\\\/v3\\\/\",\"name\":\"CVI NOTICIAS\",\"description\":\"\",\"publisher\":{\"@id\":\"https:\\\/\\\/cvinoticias.com\\\/v3\\\/#organization\"},\"alternateName\":\"CVI\",\"potentialAction\":[{\"@type\":\"SearchAction\",\"target\":{\"@type\":\"EntryPoint\",\"urlTemplate\":\"https:\\\/\\\/cvinoticias.com\\\/v3\\\/?s={search_term_string}\"},\"query-input\":{\"@type\":\"PropertyValueSpecification\",\"valueRequired\":true,\"valueName\":\"search_term_string\"}}],\"inLanguage\":\"es\"},{\"@type\":\"Organization\",\"@id\":\"https:\\\/\\\/cvinoticias.com\\\/v3\\\/#organization\",\"name\":\"CVI NOTICIAS\",\"url\":\"https:\\\/\\\/cvinoticias.com\\\/v3\\\/\",\"logo\":{\"@type\":\"ImageObject\",\"inLanguage\":\"es\",\"@id\":\"https:\\\/\\\/cvinoticias.com\\\/v3\\\/#\\\/schema\\\/logo\\\/image\\\/\",\"url\":\"https:\\\/\\\/cvinoticias.com\\\/wp-content\\\/uploads\\\/2023\\\/04\\\/cropped-cropped-cropped-cropped-cropped-3-1.png\",\"contentUrl\":\"https:\\\/\\\/cvinoticias.com\\\/wp-content\\\/uploads\\\/2023\\\/04\\\/cropped-cropped-cropped-cropped-cropped-3-1.png\",\"width\":95,\"height\":122,\"caption\":\"CVI NOTICIAS\"},\"image\":{\"@id\":\"https:\\\/\\\/cvinoticias.com\\\/v3\\\/#\\\/schema\\\/logo\\\/image\\\/\"},\"sameAs\":[\"https:\\\/\\\/www.facebook.com\\\/cvinoticias\",\"https:\\\/\\\/www.instagram.com\\\/cvinoticias\\\/\",\"https:\\\/\\\/www.youtube.com\\\/@CVINOTICIAS\"]},{\"@type\":\"Person\",\"@id\":\"https:\\\/\\\/cvinoticias.com\\\/v3\\\/#\\\/schema\\\/person\\\/2db77e3c6bc03c538495d7b2b8be9b66\",\"name\":\"f1000024\",\"image\":{\"@type\":\"ImageObject\",\"inLanguage\":\"es\",\"@id\":\"https:\\\/\\\/secure.gravatar.com\\\/avatar\\\/d4fe7459cfc51ff5129ce1a732bbef5928568b8092d412ef95611616376bbeed?s=96&d=mm&r=g\",\"url\":\"https:\\\/\\\/secure.gravatar.com\\\/avatar\\\/d4fe7459cfc51ff5129ce1a732bbef5928568b8092d412ef95611616376bbeed?s=96&d=mm&r=g\",\"contentUrl\":\"https:\\\/\\\/secure.gravatar.com\\\/avatar\\\/d4fe7459cfc51ff5129ce1a732bbef5928568b8092d412ef95611616376bbeed?s=96&d=mm&r=g\",\"caption\":\"f1000024\"},\"url\":\"https:\\\/\\\/cvinoticias.com\\\/v3\\\/author\\\/f1000024\\\/\"}]}<\/script>\n<!-- \/ Yoast SEO plugin. -->","yoast_head_json":{"title":"Los precios mayoristas subieron 2,2% en julio y el costo de la construcci\u00f3n creci\u00f3 5% | CVI NOTICIAS","robots":{"index":"index","follow":"follow","max-snippet":"max-snippet:-1","max-image-preview":"max-image-preview:large","max-video-preview":"max-video-preview:-1"},"canonical":"https:\/\/cvinoticias.com\/v3\/los-precios-mayoristas-subieron-22-en-julio-y-el-costo-de-la-construccion-crecio-5\/","og_locale":"es_ES","og_type":"article","og_title":"Los precios mayoristas subieron 2,2% en julio y el costo de la construcci\u00f3n creci\u00f3 5% | CVI NOTICIAS","og_description":"El \u00edndice de precios mayoristas registr\u00f3 un incremento de 2,2% en julio; mientras que el costo de la construcci\u00f3n avanz\u00f3 5%, inform\u00f3 hoy el Instituto Nacional de Estad\u00edstica y Censos (indec). El\u00a0\u00edndice de precios mayoristas registr\u00f3 un incremento de 2,2% en julio; mientras que el costo de la construcci\u00f3n avanz\u00f3 5%, inform\u00f3 el Instituto Nacional [&hellip;]","og_url":"https:\/\/cvinoticias.com\/v3\/los-precios-mayoristas-subieron-22-en-julio-y-el-costo-de-la-construccion-crecio-5\/","og_site_name":"CVI NOTICIAS","article_publisher":"https:\/\/www.facebook.com\/cvinoticias","article_published_time":"2021-08-18T21:50:52+00:00","og_image":[{"width":1200,"height":886,"url":"https:\/\/cvinoticias.com\/wp-content\/uploads\/2021\/08\/indec-2.jpg","type":"image\/jpeg"}],"author":"f1000024","twitter_card":"summary_large_image","twitter_misc":{"Escrito por":"f1000024","Tiempo de lectura":"3 minutos"},"schema":{"@context":"https:\/\/schema.org","@graph":[{"@type":"Article","@id":"https:\/\/cvinoticias.com\/v3\/los-precios-mayoristas-subieron-22-en-julio-y-el-costo-de-la-construccion-crecio-5\/#article","isPartOf":{"@id":"https:\/\/cvinoticias.com\/v3\/los-precios-mayoristas-subieron-22-en-julio-y-el-costo-de-la-construccion-crecio-5\/"},"author":{"name":"f1000024","@id":"https:\/\/cvinoticias.com\/v3\/#\/schema\/person\/2db77e3c6bc03c538495d7b2b8be9b66"},"headline":"Los precios mayoristas subieron 2,2% en julio y el costo de la construcci\u00f3n creci\u00f3 5%","datePublished":"2021-08-18T21:50:52+00:00","mainEntityOfPage":{"@id":"https:\/\/cvinoticias.com\/v3\/los-precios-mayoristas-subieron-22-en-julio-y-el-costo-de-la-construccion-crecio-5\/"},"wordCount":603,"commentCount":0,"publisher":{"@id":"https:\/\/cvinoticias.com\/v3\/#organization"},"image":{"@id":"https:\/\/cvinoticias.com\/v3\/los-precios-mayoristas-subieron-22-en-julio-y-el-costo-de-la-construccion-crecio-5\/#primaryimage"},"thumbnailUrl":"https:\/\/cvinoticias.com\/wp-content\/uploads\/2021\/08\/indec-2.jpg","articleSection":["Econom\u00eda"],"inLanguage":"es","potentialAction":[{"@type":"CommentAction","name":"Comment","target":["https:\/\/cvinoticias.com\/v3\/los-precios-mayoristas-subieron-22-en-julio-y-el-costo-de-la-construccion-crecio-5\/#respond"]}]},{"@type":"WebPage","@id":"https:\/\/cvinoticias.com\/v3\/los-precios-mayoristas-subieron-22-en-julio-y-el-costo-de-la-construccion-crecio-5\/","url":"https:\/\/cvinoticias.com\/v3\/los-precios-mayoristas-subieron-22-en-julio-y-el-costo-de-la-construccion-crecio-5\/","name":"Los precios mayoristas subieron 2,2% en julio y el costo de la construcci\u00f3n creci\u00f3 5% | CVI NOTICIAS","isPartOf":{"@id":"https:\/\/cvinoticias.com\/v3\/#website"},"primaryImageOfPage":{"@id":"https:\/\/cvinoticias.com\/v3\/los-precios-mayoristas-subieron-22-en-julio-y-el-costo-de-la-construccion-crecio-5\/#primaryimage"},"image":{"@id":"https:\/\/cvinoticias.com\/v3\/los-precios-mayoristas-subieron-22-en-julio-y-el-costo-de-la-construccion-crecio-5\/#primaryimage"},"thumbnailUrl":"https:\/\/cvinoticias.com\/wp-content\/uploads\/2021\/08\/indec-2.jpg","datePublished":"2021-08-18T21:50:52+00:00","breadcrumb":{"@id":"https:\/\/cvinoticias.com\/v3\/los-precios-mayoristas-subieron-22-en-julio-y-el-costo-de-la-construccion-crecio-5\/#breadcrumb"},"inLanguage":"es","potentialAction":[{"@type":"ReadAction","target":["https:\/\/cvinoticias.com\/v3\/los-precios-mayoristas-subieron-22-en-julio-y-el-costo-de-la-construccion-crecio-5\/"]}]},{"@type":"ImageObject","inLanguage":"es","@id":"https:\/\/cvinoticias.com\/v3\/los-precios-mayoristas-subieron-22-en-julio-y-el-costo-de-la-construccion-crecio-5\/#primaryimage","url":"https:\/\/cvinoticias.com\/wp-content\/uploads\/2021\/08\/indec-2.jpg","contentUrl":"https:\/\/cvinoticias.com\/wp-content\/uploads\/2021\/08\/indec-2.jpg","width":1200,"height":886},{"@type":"BreadcrumbList","@id":"https:\/\/cvinoticias.com\/v3\/los-precios-mayoristas-subieron-22-en-julio-y-el-costo-de-la-construccion-crecio-5\/#breadcrumb","itemListElement":[{"@type":"ListItem","position":1,"name":"Portada","item":"https:\/\/cvinoticias.com\/v3\/"},{"@type":"ListItem","position":2,"name":"Los precios mayoristas subieron 2,2% en julio y el costo de la construcci\u00f3n creci\u00f3 5%"}]},{"@type":"WebSite","@id":"https:\/\/cvinoticias.com\/v3\/#website","url":"https:\/\/cvinoticias.com\/v3\/","name":"CVI NOTICIAS","description":"","publisher":{"@id":"https:\/\/cvinoticias.com\/v3\/#organization"},"alternateName":"CVI","potentialAction":[{"@type":"SearchAction","target":{"@type":"EntryPoint","urlTemplate":"https:\/\/cvinoticias.com\/v3\/?s={search_term_string}"},"query-input":{"@type":"PropertyValueSpecification","valueRequired":true,"valueName":"search_term_string"}}],"inLanguage":"es"},{"@type":"Organization","@id":"https:\/\/cvinoticias.com\/v3\/#organization","name":"CVI NOTICIAS","url":"https:\/\/cvinoticias.com\/v3\/","logo":{"@type":"ImageObject","inLanguage":"es","@id":"https:\/\/cvinoticias.com\/v3\/#\/schema\/logo\/image\/","url":"https:\/\/cvinoticias.com\/wp-content\/uploads\/2023\/04\/cropped-cropped-cropped-cropped-cropped-3-1.png","contentUrl":"https:\/\/cvinoticias.com\/wp-content\/uploads\/2023\/04\/cropped-cropped-cropped-cropped-cropped-3-1.png","width":95,"height":122,"caption":"CVI NOTICIAS"},"image":{"@id":"https:\/\/cvinoticias.com\/v3\/#\/schema\/logo\/image\/"},"sameAs":["https:\/\/www.facebook.com\/cvinoticias","https:\/\/www.instagram.com\/cvinoticias\/","https:\/\/www.youtube.com\/@CVINOTICIAS"]},{"@type":"Person","@id":"https:\/\/cvinoticias.com\/v3\/#\/schema\/person\/2db77e3c6bc03c538495d7b2b8be9b66","name":"f1000024","image":{"@type":"ImageObject","inLanguage":"es","@id":"https:\/\/secure.gravatar.com\/avatar\/d4fe7459cfc51ff5129ce1a732bbef5928568b8092d412ef95611616376bbeed?s=96&d=mm&r=g","url":"https:\/\/secure.gravatar.com\/avatar\/d4fe7459cfc51ff5129ce1a732bbef5928568b8092d412ef95611616376bbeed?s=96&d=mm&r=g","contentUrl":"https:\/\/secure.gravatar.com\/avatar\/d4fe7459cfc51ff5129ce1a732bbef5928568b8092d412ef95611616376bbeed?s=96&d=mm&r=g","caption":"f1000024"},"url":"https:\/\/cvinoticias.com\/v3\/author\/f1000024\/"}]}},"_links":{"self":[{"href":"https:\/\/cvinoticias.com\/v3\/wp-json\/wp\/v2\/posts\/7734","targetHints":{"allow":["GET"]}}],"collection":[{"href":"https:\/\/cvinoticias.com\/v3\/wp-json\/wp\/v2\/posts"}],"about":[{"href":"https:\/\/cvinoticias.com\/v3\/wp-json\/wp\/v2\/types\/post"}],"author":[{"embeddable":true,"href":"https:\/\/cvinoticias.com\/v3\/wp-json\/wp\/v2\/users\/2"}],"replies":[{"embeddable":true,"href":"https:\/\/cvinoticias.com\/v3\/wp-json\/wp\/v2\/comments?post=7734"}],"version-history":[{"count":1,"href":"https:\/\/cvinoticias.com\/v3\/wp-json\/wp\/v2\/posts\/7734\/revisions"}],"predecessor-version":[{"id":7736,"href":"https:\/\/cvinoticias.com\/v3\/wp-json\/wp\/v2\/posts\/7734\/revisions\/7736"}],"wp:featuredmedia":[{"embeddable":true,"href":"https:\/\/cvinoticias.com\/v3\/wp-json\/wp\/v2\/media\/7735"}],"wp:attachment":[{"href":"https:\/\/cvinoticias.com\/v3\/wp-json\/wp\/v2\/media?parent=7734"}],"wp:term":[{"taxonomy":"category","embeddable":true,"href":"https:\/\/cvinoticias.com\/v3\/wp-json\/wp\/v2\/categories?post=7734"},{"taxonomy":"post_tag","embeddable":true,"href":"https:\/\/cvinoticias.com\/v3\/wp-json\/wp\/v2\/tags?post=7734"}],"curies":[{"name":"wp","href":"https:\/\/api.w.org\/{rel}","templated":true}]}}