{"id":7725,"date":"2021-08-18T17:14:18","date_gmt":"2021-08-18T17:14:18","guid":{"rendered":"https:\/\/cvinoticias.com\/v3\/?p=7725"},"modified":"2021-08-18T17:14:18","modified_gmt":"2021-08-18T17:14:18","slug":"farmaceuticos-y-quimicos-presentaron-campana-de-concientizacion-acompanados-por-autoridades-provinciales","status":"publish","type":"post","link":"https:\/\/cvinoticias.com\/v3\/farmaceuticos-y-quimicos-presentaron-campana-de-concientizacion-acompanados-por-autoridades-provinciales\/","title":{"rendered":"Farmac\u00e9uticos y Qu\u00edmicos presentaron campa\u00f1a de concientizaci\u00f3n acompa\u00f1ados por autoridades provinciales"},"content":{"rendered":"\n<p><strong><em>El Gobernador acompa\u00f1\u00f3 la iniciativa del Colegio de Farmac\u00e9uticos y Qu\u00edmicos de Misiones (COLFARMI) que present\u00f3 una campa\u00f1a de concientizaci\u00f3n sobre la importancia de adquirir medicamentos s\u00f3lo en farmacias como forma de garantizarse la calidad del medicamento.<\/em><\/strong><\/p>\n\n\n\n<p>Esta ma\u00f1ana, el Colegio de Farmac\u00e9uticos y Qu\u00edmicos de Misiones realiz\u00f3 la presentaci\u00f3n de una campa\u00f1a de concientizaci\u00f3n y difusi\u00f3n sobre la importancia de consumir medicamentos seguros, eficaces y en condiciones necesarias, una acci\u00f3n que s\u00f3lo se puede garantizar cuando se reciben de manos del farmac\u00e9utico y en un local habilitado. Durante el lanzamiento, el gobernador Oscar Herrera Ahuad expres\u00f3 la importancia de que \u201cMisiones tenga seguridad sanitaria y no se da solamente con tener un hospital equipado, un m\u00e9dico, una enfermera o un terapista; se da en todos los niveles, est\u00e1 dada por todos aquellos servicios que conforman el equipo de salud\u201d.<\/p>\n\n\n\n<p>En cuanto a los motivos de su presencia, explic\u00f3 que \u201cvengo a apoyar y a acompa\u00f1ar esta campa\u00f1a que l\u00f3gicamente viene de la mano con las pol\u00edticas p\u00fablicas en materia de seguridad sanitaria que tienen que ver con la trazabilidad, que a la vez tiene que ver con la seguridad de tener tambi\u00e9n personas capacitadas para entender la receta de un profesional\u201d. A ello, agreg\u00f3 que las farmacias son un \u201cservicio esencial, nunca se han cerrado en ning\u00fan lugar de la Argentina, entonces no hay excusa para no ir a adquirir una medicaci\u00f3n segura\u201d. Habl\u00f3 tambi\u00e9n de la necesidad de un control exhaustivo conjuntamente con los organismos dependientes y sobre todo de este colegio\u201d para lidiar con la problem\u00e1tica. \u201cDebemos mostrar que hemos evolucionado, pero tambi\u00e9n que nuestra poblaci\u00f3n tiene que comprobar y cumplir con las normativas que hacen a la confianza, a los sistemas de salud y que hacen a la prescripci\u00f3n por gen\u00e9ricos\u201d, puntualiz\u00f3.<\/p>\n\n\n\n<p>Entre los asistentes al evento estuvieron el ministro de Prevenci\u00f3n de Adicciones, Samuel L\u00f3pez; la diputada Provincial y vicepresidente de la FEFARA, Natalia Rodr\u00edguez; la titular del Colegio de Farmac\u00e9uticos y Qu\u00edmicos de Misiones, Lorena Schtainer Hendrie y miembros del sector farmac\u00e9utico entre otras autoridades provinciales.<\/p>\n\n\n\n<p><strong>LA CAMPA\u00d1A PRESENTADA<\/strong><\/p>\n\n\n\n<p>La campa\u00f1a de concientizaci\u00f3n y difusi\u00f3n de informaci\u00f3n del Colegio de Farmac\u00e9uticos y Qu\u00edmicos se enmarca en el lema elegido este a\u00f1o por la Federaci\u00f3n Internacional Farmac\u00e9utica para conmemorar, el 25 de septiembre, el D\u00eda Mundial del Farmac\u00e9utico: \u201cLa farmacia: siempre de confianza, al servicio de tu salud\u201d. Precisamente, la entidad record\u00f3 que \u201cdurante muchos a\u00f1os los farmac\u00e9uticos han sido considerados sistem\u00e1ticamente entre los cinco profesionales m\u00e1s confiables en las encuestas nacionales, ese potencial es muy valioso en un momento de incertidumbre y en el que las dudas \u2013ya sea sobre las vacunas o los medicamentos asociados al COVID-19 &#8211; siguen siendo un obst\u00e1culo importante y la confianza del p\u00fablico en la farmacia es m\u00e1s importante que nunca.<\/p>\n\n\n\n<figure class=\"wp-block-image size-large\"><a href=\"https:\/\/cvinoticias.com\/wp-content\/uploads\/2021\/08\/FB_IMG_1629306402754.jpg\"><img decoding=\"async\" width=\"1024\" height=\"683\" data-src=\"https:\/\/cvinoticias.com\/wp-content\/uploads\/2021\/08\/FB_IMG_1629306402754-1024x683.jpg\" alt=\"\" class=\"wp-image-7727 lazyload\" data-srcset=\"https:\/\/cvinoticias.com\/wp-content\/uploads\/2021\/08\/FB_IMG_1629306402754-1024x683.jpg 1024w, https:\/\/cvinoticias.com\/wp-content\/uploads\/2021\/08\/FB_IMG_1629306402754-300x200.jpg 300w, https:\/\/cvinoticias.com\/wp-content\/uploads\/2021\/08\/FB_IMG_1629306402754-768x512.jpg 768w, https:\/\/cvinoticias.com\/wp-content\/uploads\/2021\/08\/FB_IMG_1629306402754.jpg 1080w\" data-sizes=\"(max-width: 1024px) 100vw, 1024px\" src=\"data:image\/svg+xml;base64,PHN2ZyB3aWR0aD0iMSIgaGVpZ2h0PSIxIiB4bWxucz0iaHR0cDovL3d3dy53My5vcmcvMjAwMC9zdmciPjwvc3ZnPg==\" style=\"--smush-placeholder-width: 1024px; --smush-placeholder-aspect-ratio: 1024\/683;\" \/><\/a><\/figure>\n\n\n\n<p>As\u00ed, COLFARMI hace suya la inquietud de la federaci\u00f3n, pero decidi\u00f3 imprimirle su impronta, apuntando a dos temas siempre actuales, sobre los que basa su campa\u00f1a: \u201cMedicamentos solo en Farmacias\u201d y \u201cPrescripci\u00f3n por nombre gen\u00e9rico\u201d. La primera apunta a la importancia de adquirir medicamentos s\u00f3lo en farmacias y que el farmac\u00e9utico es el profesional de la salud adecuado para asesorar a la poblaci\u00f3n.<\/p>\n\n\n\n<p>Por ello, el sentido de esta campa\u00f1a es el de concientizar a la poblaci\u00f3n sobre la necesidad de consumir medicamentos seguros, eficaces y en las condiciones necesarias, como solo se puede garantizar cuando se reciben de manos del farmac\u00e9utico y en el \u00e1mbito adecuado, la farmacia. Cabe destacar que en Misiones la Ley XVII\u2013 N\u00b0 93 del Ejercicio de la Actividad Farmac\u00e9utica, establece en su Art\u00edculo 3\u00b0 que \u201cel medicamento es un bien social y debe ser dispensado al p\u00fablico exclusivamente en los establecimientos farmac\u00e9uticos habilitados\u201d.<\/p>\n\n\n\n<p>En tanto, la prescripci\u00f3n por nombre gen\u00e9rico est\u00e1 establecida por la Ley Nacional 25.649, sancionada en septiembre del 2002, que establece que toda receta o prescripci\u00f3n m\u00e9dica deber\u00e1 efectuarse en forma obligatoria expresando el nombre gen\u00e9rico del medicamento o denominaci\u00f3n com\u00fan internacional que se indique, seguida de forma farmac\u00e9utica y dosis\/unidad, con detalle del grado de concentraci\u00f3n. Por lo que la campa\u00f1a insistir\u00e1 en la importancia de que el paciente pueda elegir entre las distintas marcas y por lo tanto precios, con la misma calidad garantizada. Ya que la seguridad terap\u00e9utica de cualquier marca comercial se encuentra asegurada si cuenta con la aprobaci\u00f3n de ANMAT, independientemente del precio del producto.<\/p>\n\n\n\n<figure class=\"wp-block-image size-large\"><a href=\"https:\/\/cvinoticias.com\/wp-content\/uploads\/2021\/08\/FB_IMG_1629306405415.jpg\"><img decoding=\"async\" width=\"1024\" height=\"683\" data-src=\"https:\/\/cvinoticias.com\/wp-content\/uploads\/2021\/08\/FB_IMG_1629306405415-1024x683.jpg\" alt=\"\" class=\"wp-image-7728 lazyload\" data-srcset=\"https:\/\/cvinoticias.com\/wp-content\/uploads\/2021\/08\/FB_IMG_1629306405415-1024x683.jpg 1024w, https:\/\/cvinoticias.com\/wp-content\/uploads\/2021\/08\/FB_IMG_1629306405415-300x200.jpg 300w, https:\/\/cvinoticias.com\/wp-content\/uploads\/2021\/08\/FB_IMG_1629306405415-768x512.jpg 768w, https:\/\/cvinoticias.com\/wp-content\/uploads\/2021\/08\/FB_IMG_1629306405415.jpg 1080w\" data-sizes=\"(max-width: 1024px) 100vw, 1024px\" src=\"data:image\/svg+xml;base64,PHN2ZyB3aWR0aD0iMSIgaGVpZ2h0PSIxIiB4bWxucz0iaHR0cDovL3d3dy53My5vcmcvMjAwMC9zdmciPjwvc3ZnPg==\" style=\"--smush-placeholder-width: 1024px; --smush-placeholder-aspect-ratio: 1024\/683;\" \/><\/a><\/figure>\n","protected":false},"excerpt":{"rendered":"<p>El Gobernador acompa\u00f1\u00f3 la iniciativa del Colegio de Farmac\u00e9uticos y Qu\u00edmicos de Misiones (COLFARMI) que present\u00f3 una campa\u00f1a de concientizaci\u00f3n sobre la importancia de adquirir medicamentos s\u00f3lo en farmacias como forma de garantizarse la calidad del medicamento. Esta ma\u00f1ana, el Colegio de Farmac\u00e9uticos y Qu\u00edmicos de Misiones realiz\u00f3 la presentaci\u00f3n de una campa\u00f1a de concientizaci\u00f3n [&hellip;]<\/p>\n","protected":false},"author":2,"featured_media":7726,"comment_status":"open","ping_status":"open","sticky":false,"template":"","format":"standard","meta":{"footnotes":""},"categories":[43],"tags":[],"class_list":["post-7725","post","type-post","status-publish","format-standard","has-post-thumbnail","hentry","category-provinciales"],"yoast_head":"<!-- This site is optimized with the Yoast SEO plugin v27.4 - https:\/\/yoast.com\/product\/yoast-seo-wordpress\/ -->\n<title>Farmac\u00e9uticos y Qu\u00edmicos presentaron campa\u00f1a de concientizaci\u00f3n acompa\u00f1ados por autoridades provinciales | CVI NOTICIAS<\/title>\n<meta name=\"robots\" content=\"index, follow, max-snippet:-1, max-image-preview:large, max-video-preview:-1\" \/>\n<link rel=\"canonical\" href=\"https:\/\/cvinoticias.com\/v3\/farmaceuticos-y-quimicos-presentaron-campana-de-concientizacion-acompanados-por-autoridades-provinciales\/\" \/>\n<meta property=\"og:locale\" content=\"es_ES\" \/>\n<meta property=\"og:type\" content=\"article\" \/>\n<meta property=\"og:title\" content=\"Farmac\u00e9uticos y Qu\u00edmicos presentaron campa\u00f1a de concientizaci\u00f3n acompa\u00f1ados por autoridades provinciales | CVI NOTICIAS\" \/>\n<meta property=\"og:description\" content=\"El Gobernador acompa\u00f1\u00f3 la iniciativa del Colegio de Farmac\u00e9uticos y Qu\u00edmicos de Misiones (COLFARMI) que present\u00f3 una campa\u00f1a de concientizaci\u00f3n sobre la importancia de adquirir medicamentos s\u00f3lo en farmacias como forma de garantizarse la calidad del medicamento. Esta ma\u00f1ana, el Colegio de Farmac\u00e9uticos y Qu\u00edmicos de Misiones realiz\u00f3 la presentaci\u00f3n de una campa\u00f1a de concientizaci\u00f3n [&hellip;]\" \/>\n<meta property=\"og:url\" content=\"https:\/\/cvinoticias.com\/v3\/farmaceuticos-y-quimicos-presentaron-campana-de-concientizacion-acompanados-por-autoridades-provinciales\/\" \/>\n<meta property=\"og:site_name\" content=\"CVI NOTICIAS\" \/>\n<meta property=\"article:publisher\" content=\"https:\/\/www.facebook.com\/cvinoticias\" \/>\n<meta property=\"article:published_time\" content=\"2021-08-18T17:14:18+00:00\" \/>\n<meta property=\"og:image\" content=\"https:\/\/cvinoticias.com\/wp-content\/uploads\/2021\/08\/FB_IMG_1629306399334.jpg\" \/>\n\t<meta property=\"og:image:width\" content=\"1080\" \/>\n\t<meta property=\"og:image:height\" content=\"720\" \/>\n\t<meta property=\"og:image:type\" content=\"image\/jpeg\" \/>\n<meta name=\"author\" content=\"f1000024\" \/>\n<meta name=\"twitter:card\" content=\"summary_large_image\" \/>\n<meta name=\"twitter:label1\" content=\"Escrito por\" \/>\n\t<meta name=\"twitter:data1\" content=\"f1000024\" \/>\n\t<meta name=\"twitter:label2\" content=\"Tiempo de lectura\" \/>\n\t<meta name=\"twitter:data2\" content=\"4 minutos\" \/>\n<script type=\"application\/ld+json\" class=\"yoast-schema-graph\">{\"@context\":\"https:\\\/\\\/schema.org\",\"@graph\":[{\"@type\":\"Article\",\"@id\":\"https:\\\/\\\/cvinoticias.com\\\/v3\\\/farmaceuticos-y-quimicos-presentaron-campana-de-concientizacion-acompanados-por-autoridades-provinciales\\\/#article\",\"isPartOf\":{\"@id\":\"https:\\\/\\\/cvinoticias.com\\\/v3\\\/farmaceuticos-y-quimicos-presentaron-campana-de-concientizacion-acompanados-por-autoridades-provinciales\\\/\"},\"author\":{\"name\":\"f1000024\",\"@id\":\"https:\\\/\\\/cvinoticias.com\\\/v3\\\/#\\\/schema\\\/person\\\/2db77e3c6bc03c538495d7b2b8be9b66\"},\"headline\":\"Farmac\u00e9uticos y Qu\u00edmicos presentaron campa\u00f1a de concientizaci\u00f3n acompa\u00f1ados por autoridades provinciales\",\"datePublished\":\"2021-08-18T17:14:18+00:00\",\"mainEntityOfPage\":{\"@id\":\"https:\\\/\\\/cvinoticias.com\\\/v3\\\/farmaceuticos-y-quimicos-presentaron-campana-de-concientizacion-acompanados-por-autoridades-provinciales\\\/\"},\"wordCount\":815,\"commentCount\":0,\"publisher\":{\"@id\":\"https:\\\/\\\/cvinoticias.com\\\/v3\\\/#organization\"},\"image\":{\"@id\":\"https:\\\/\\\/cvinoticias.com\\\/v3\\\/farmaceuticos-y-quimicos-presentaron-campana-de-concientizacion-acompanados-por-autoridades-provinciales\\\/#primaryimage\"},\"thumbnailUrl\":\"https:\\\/\\\/cvinoticias.com\\\/wp-content\\\/uploads\\\/2021\\\/08\\\/FB_IMG_1629306399334.jpg\",\"articleSection\":[\"Provinciales\"],\"inLanguage\":\"es\",\"potentialAction\":[{\"@type\":\"CommentAction\",\"name\":\"Comment\",\"target\":[\"https:\\\/\\\/cvinoticias.com\\\/v3\\\/farmaceuticos-y-quimicos-presentaron-campana-de-concientizacion-acompanados-por-autoridades-provinciales\\\/#respond\"]}]},{\"@type\":\"WebPage\",\"@id\":\"https:\\\/\\\/cvinoticias.com\\\/v3\\\/farmaceuticos-y-quimicos-presentaron-campana-de-concientizacion-acompanados-por-autoridades-provinciales\\\/\",\"url\":\"https:\\\/\\\/cvinoticias.com\\\/v3\\\/farmaceuticos-y-quimicos-presentaron-campana-de-concientizacion-acompanados-por-autoridades-provinciales\\\/\",\"name\":\"Farmac\u00e9uticos y Qu\u00edmicos presentaron campa\u00f1a de concientizaci\u00f3n acompa\u00f1ados por autoridades provinciales | CVI NOTICIAS\",\"isPartOf\":{\"@id\":\"https:\\\/\\\/cvinoticias.com\\\/v3\\\/#website\"},\"primaryImageOfPage\":{\"@id\":\"https:\\\/\\\/cvinoticias.com\\\/v3\\\/farmaceuticos-y-quimicos-presentaron-campana-de-concientizacion-acompanados-por-autoridades-provinciales\\\/#primaryimage\"},\"image\":{\"@id\":\"https:\\\/\\\/cvinoticias.com\\\/v3\\\/farmaceuticos-y-quimicos-presentaron-campana-de-concientizacion-acompanados-por-autoridades-provinciales\\\/#primaryimage\"},\"thumbnailUrl\":\"https:\\\/\\\/cvinoticias.com\\\/wp-content\\\/uploads\\\/2021\\\/08\\\/FB_IMG_1629306399334.jpg\",\"datePublished\":\"2021-08-18T17:14:18+00:00\",\"breadcrumb\":{\"@id\":\"https:\\\/\\\/cvinoticias.com\\\/v3\\\/farmaceuticos-y-quimicos-presentaron-campana-de-concientizacion-acompanados-por-autoridades-provinciales\\\/#breadcrumb\"},\"inLanguage\":\"es\",\"potentialAction\":[{\"@type\":\"ReadAction\",\"target\":[\"https:\\\/\\\/cvinoticias.com\\\/v3\\\/farmaceuticos-y-quimicos-presentaron-campana-de-concientizacion-acompanados-por-autoridades-provinciales\\\/\"]}]},{\"@type\":\"ImageObject\",\"inLanguage\":\"es\",\"@id\":\"https:\\\/\\\/cvinoticias.com\\\/v3\\\/farmaceuticos-y-quimicos-presentaron-campana-de-concientizacion-acompanados-por-autoridades-provinciales\\\/#primaryimage\",\"url\":\"https:\\\/\\\/cvinoticias.com\\\/wp-content\\\/uploads\\\/2021\\\/08\\\/FB_IMG_1629306399334.jpg\",\"contentUrl\":\"https:\\\/\\\/cvinoticias.com\\\/wp-content\\\/uploads\\\/2021\\\/08\\\/FB_IMG_1629306399334.jpg\",\"width\":1080,\"height\":720},{\"@type\":\"BreadcrumbList\",\"@id\":\"https:\\\/\\\/cvinoticias.com\\\/v3\\\/farmaceuticos-y-quimicos-presentaron-campana-de-concientizacion-acompanados-por-autoridades-provinciales\\\/#breadcrumb\",\"itemListElement\":[{\"@type\":\"ListItem\",\"position\":1,\"name\":\"Portada\",\"item\":\"https:\\\/\\\/cvinoticias.com\\\/v3\\\/\"},{\"@type\":\"ListItem\",\"position\":2,\"name\":\"Farmac\u00e9uticos y Qu\u00edmicos presentaron campa\u00f1a de concientizaci\u00f3n acompa\u00f1ados por autoridades provinciales\"}]},{\"@type\":\"WebSite\",\"@id\":\"https:\\\/\\\/cvinoticias.com\\\/v3\\\/#website\",\"url\":\"https:\\\/\\\/cvinoticias.com\\\/v3\\\/\",\"name\":\"CVI NOTICIAS\",\"description\":\"\",\"publisher\":{\"@id\":\"https:\\\/\\\/cvinoticias.com\\\/v3\\\/#organization\"},\"alternateName\":\"CVI\",\"potentialAction\":[{\"@type\":\"SearchAction\",\"target\":{\"@type\":\"EntryPoint\",\"urlTemplate\":\"https:\\\/\\\/cvinoticias.com\\\/v3\\\/?s={search_term_string}\"},\"query-input\":{\"@type\":\"PropertyValueSpecification\",\"valueRequired\":true,\"valueName\":\"search_term_string\"}}],\"inLanguage\":\"es\"},{\"@type\":\"Organization\",\"@id\":\"https:\\\/\\\/cvinoticias.com\\\/v3\\\/#organization\",\"name\":\"CVI NOTICIAS\",\"url\":\"https:\\\/\\\/cvinoticias.com\\\/v3\\\/\",\"logo\":{\"@type\":\"ImageObject\",\"inLanguage\":\"es\",\"@id\":\"https:\\\/\\\/cvinoticias.com\\\/v3\\\/#\\\/schema\\\/logo\\\/image\\\/\",\"url\":\"https:\\\/\\\/cvinoticias.com\\\/wp-content\\\/uploads\\\/2023\\\/04\\\/cropped-cropped-cropped-cropped-cropped-3-1.png\",\"contentUrl\":\"https:\\\/\\\/cvinoticias.com\\\/wp-content\\\/uploads\\\/2023\\\/04\\\/cropped-cropped-cropped-cropped-cropped-3-1.png\",\"width\":95,\"height\":122,\"caption\":\"CVI NOTICIAS\"},\"image\":{\"@id\":\"https:\\\/\\\/cvinoticias.com\\\/v3\\\/#\\\/schema\\\/logo\\\/image\\\/\"},\"sameAs\":[\"https:\\\/\\\/www.facebook.com\\\/cvinoticias\",\"https:\\\/\\\/www.instagram.com\\\/cvinoticias\\\/\",\"https:\\\/\\\/www.youtube.com\\\/@CVINOTICIAS\"]},{\"@type\":\"Person\",\"@id\":\"https:\\\/\\\/cvinoticias.com\\\/v3\\\/#\\\/schema\\\/person\\\/2db77e3c6bc03c538495d7b2b8be9b66\",\"name\":\"f1000024\",\"image\":{\"@type\":\"ImageObject\",\"inLanguage\":\"es\",\"@id\":\"https:\\\/\\\/secure.gravatar.com\\\/avatar\\\/d4fe7459cfc51ff5129ce1a732bbef5928568b8092d412ef95611616376bbeed?s=96&d=mm&r=g\",\"url\":\"https:\\\/\\\/secure.gravatar.com\\\/avatar\\\/d4fe7459cfc51ff5129ce1a732bbef5928568b8092d412ef95611616376bbeed?s=96&d=mm&r=g\",\"contentUrl\":\"https:\\\/\\\/secure.gravatar.com\\\/avatar\\\/d4fe7459cfc51ff5129ce1a732bbef5928568b8092d412ef95611616376bbeed?s=96&d=mm&r=g\",\"caption\":\"f1000024\"},\"url\":\"https:\\\/\\\/cvinoticias.com\\\/v3\\\/author\\\/f1000024\\\/\"}]}<\/script>\n<!-- \/ Yoast SEO plugin. -->","yoast_head_json":{"title":"Farmac\u00e9uticos y Qu\u00edmicos presentaron campa\u00f1a de concientizaci\u00f3n acompa\u00f1ados por autoridades provinciales | CVI NOTICIAS","robots":{"index":"index","follow":"follow","max-snippet":"max-snippet:-1","max-image-preview":"max-image-preview:large","max-video-preview":"max-video-preview:-1"},"canonical":"https:\/\/cvinoticias.com\/v3\/farmaceuticos-y-quimicos-presentaron-campana-de-concientizacion-acompanados-por-autoridades-provinciales\/","og_locale":"es_ES","og_type":"article","og_title":"Farmac\u00e9uticos y Qu\u00edmicos presentaron campa\u00f1a de concientizaci\u00f3n acompa\u00f1ados por autoridades provinciales | CVI NOTICIAS","og_description":"El Gobernador acompa\u00f1\u00f3 la iniciativa del Colegio de Farmac\u00e9uticos y Qu\u00edmicos de Misiones (COLFARMI) que present\u00f3 una campa\u00f1a de concientizaci\u00f3n sobre la importancia de adquirir medicamentos s\u00f3lo en farmacias como forma de garantizarse la calidad del medicamento. Esta ma\u00f1ana, el Colegio de Farmac\u00e9uticos y Qu\u00edmicos de Misiones realiz\u00f3 la presentaci\u00f3n de una campa\u00f1a de concientizaci\u00f3n [&hellip;]","og_url":"https:\/\/cvinoticias.com\/v3\/farmaceuticos-y-quimicos-presentaron-campana-de-concientizacion-acompanados-por-autoridades-provinciales\/","og_site_name":"CVI NOTICIAS","article_publisher":"https:\/\/www.facebook.com\/cvinoticias","article_published_time":"2021-08-18T17:14:18+00:00","og_image":[{"width":1080,"height":720,"url":"https:\/\/cvinoticias.com\/wp-content\/uploads\/2021\/08\/FB_IMG_1629306399334.jpg","type":"image\/jpeg"}],"author":"f1000024","twitter_card":"summary_large_image","twitter_misc":{"Escrito por":"f1000024","Tiempo de lectura":"4 minutos"},"schema":{"@context":"https:\/\/schema.org","@graph":[{"@type":"Article","@id":"https:\/\/cvinoticias.com\/v3\/farmaceuticos-y-quimicos-presentaron-campana-de-concientizacion-acompanados-por-autoridades-provinciales\/#article","isPartOf":{"@id":"https:\/\/cvinoticias.com\/v3\/farmaceuticos-y-quimicos-presentaron-campana-de-concientizacion-acompanados-por-autoridades-provinciales\/"},"author":{"name":"f1000024","@id":"https:\/\/cvinoticias.com\/v3\/#\/schema\/person\/2db77e3c6bc03c538495d7b2b8be9b66"},"headline":"Farmac\u00e9uticos y Qu\u00edmicos presentaron campa\u00f1a de concientizaci\u00f3n acompa\u00f1ados por autoridades provinciales","datePublished":"2021-08-18T17:14:18+00:00","mainEntityOfPage":{"@id":"https:\/\/cvinoticias.com\/v3\/farmaceuticos-y-quimicos-presentaron-campana-de-concientizacion-acompanados-por-autoridades-provinciales\/"},"wordCount":815,"commentCount":0,"publisher":{"@id":"https:\/\/cvinoticias.com\/v3\/#organization"},"image":{"@id":"https:\/\/cvinoticias.com\/v3\/farmaceuticos-y-quimicos-presentaron-campana-de-concientizacion-acompanados-por-autoridades-provinciales\/#primaryimage"},"thumbnailUrl":"https:\/\/cvinoticias.com\/wp-content\/uploads\/2021\/08\/FB_IMG_1629306399334.jpg","articleSection":["Provinciales"],"inLanguage":"es","potentialAction":[{"@type":"CommentAction","name":"Comment","target":["https:\/\/cvinoticias.com\/v3\/farmaceuticos-y-quimicos-presentaron-campana-de-concientizacion-acompanados-por-autoridades-provinciales\/#respond"]}]},{"@type":"WebPage","@id":"https:\/\/cvinoticias.com\/v3\/farmaceuticos-y-quimicos-presentaron-campana-de-concientizacion-acompanados-por-autoridades-provinciales\/","url":"https:\/\/cvinoticias.com\/v3\/farmaceuticos-y-quimicos-presentaron-campana-de-concientizacion-acompanados-por-autoridades-provinciales\/","name":"Farmac\u00e9uticos y Qu\u00edmicos presentaron campa\u00f1a de concientizaci\u00f3n acompa\u00f1ados por autoridades provinciales | CVI NOTICIAS","isPartOf":{"@id":"https:\/\/cvinoticias.com\/v3\/#website"},"primaryImageOfPage":{"@id":"https:\/\/cvinoticias.com\/v3\/farmaceuticos-y-quimicos-presentaron-campana-de-concientizacion-acompanados-por-autoridades-provinciales\/#primaryimage"},"image":{"@id":"https:\/\/cvinoticias.com\/v3\/farmaceuticos-y-quimicos-presentaron-campana-de-concientizacion-acompanados-por-autoridades-provinciales\/#primaryimage"},"thumbnailUrl":"https:\/\/cvinoticias.com\/wp-content\/uploads\/2021\/08\/FB_IMG_1629306399334.jpg","datePublished":"2021-08-18T17:14:18+00:00","breadcrumb":{"@id":"https:\/\/cvinoticias.com\/v3\/farmaceuticos-y-quimicos-presentaron-campana-de-concientizacion-acompanados-por-autoridades-provinciales\/#breadcrumb"},"inLanguage":"es","potentialAction":[{"@type":"ReadAction","target":["https:\/\/cvinoticias.com\/v3\/farmaceuticos-y-quimicos-presentaron-campana-de-concientizacion-acompanados-por-autoridades-provinciales\/"]}]},{"@type":"ImageObject","inLanguage":"es","@id":"https:\/\/cvinoticias.com\/v3\/farmaceuticos-y-quimicos-presentaron-campana-de-concientizacion-acompanados-por-autoridades-provinciales\/#primaryimage","url":"https:\/\/cvinoticias.com\/wp-content\/uploads\/2021\/08\/FB_IMG_1629306399334.jpg","contentUrl":"https:\/\/cvinoticias.com\/wp-content\/uploads\/2021\/08\/FB_IMG_1629306399334.jpg","width":1080,"height":720},{"@type":"BreadcrumbList","@id":"https:\/\/cvinoticias.com\/v3\/farmaceuticos-y-quimicos-presentaron-campana-de-concientizacion-acompanados-por-autoridades-provinciales\/#breadcrumb","itemListElement":[{"@type":"ListItem","position":1,"name":"Portada","item":"https:\/\/cvinoticias.com\/v3\/"},{"@type":"ListItem","position":2,"name":"Farmac\u00e9uticos y Qu\u00edmicos presentaron campa\u00f1a de concientizaci\u00f3n acompa\u00f1ados por autoridades provinciales"}]},{"@type":"WebSite","@id":"https:\/\/cvinoticias.com\/v3\/#website","url":"https:\/\/cvinoticias.com\/v3\/","name":"CVI NOTICIAS","description":"","publisher":{"@id":"https:\/\/cvinoticias.com\/v3\/#organization"},"alternateName":"CVI","potentialAction":[{"@type":"SearchAction","target":{"@type":"EntryPoint","urlTemplate":"https:\/\/cvinoticias.com\/v3\/?s={search_term_string}"},"query-input":{"@type":"PropertyValueSpecification","valueRequired":true,"valueName":"search_term_string"}}],"inLanguage":"es"},{"@type":"Organization","@id":"https:\/\/cvinoticias.com\/v3\/#organization","name":"CVI NOTICIAS","url":"https:\/\/cvinoticias.com\/v3\/","logo":{"@type":"ImageObject","inLanguage":"es","@id":"https:\/\/cvinoticias.com\/v3\/#\/schema\/logo\/image\/","url":"https:\/\/cvinoticias.com\/wp-content\/uploads\/2023\/04\/cropped-cropped-cropped-cropped-cropped-3-1.png","contentUrl":"https:\/\/cvinoticias.com\/wp-content\/uploads\/2023\/04\/cropped-cropped-cropped-cropped-cropped-3-1.png","width":95,"height":122,"caption":"CVI NOTICIAS"},"image":{"@id":"https:\/\/cvinoticias.com\/v3\/#\/schema\/logo\/image\/"},"sameAs":["https:\/\/www.facebook.com\/cvinoticias","https:\/\/www.instagram.com\/cvinoticias\/","https:\/\/www.youtube.com\/@CVINOTICIAS"]},{"@type":"Person","@id":"https:\/\/cvinoticias.com\/v3\/#\/schema\/person\/2db77e3c6bc03c538495d7b2b8be9b66","name":"f1000024","image":{"@type":"ImageObject","inLanguage":"es","@id":"https:\/\/secure.gravatar.com\/avatar\/d4fe7459cfc51ff5129ce1a732bbef5928568b8092d412ef95611616376bbeed?s=96&d=mm&r=g","url":"https:\/\/secure.gravatar.com\/avatar\/d4fe7459cfc51ff5129ce1a732bbef5928568b8092d412ef95611616376bbeed?s=96&d=mm&r=g","contentUrl":"https:\/\/secure.gravatar.com\/avatar\/d4fe7459cfc51ff5129ce1a732bbef5928568b8092d412ef95611616376bbeed?s=96&d=mm&r=g","caption":"f1000024"},"url":"https:\/\/cvinoticias.com\/v3\/author\/f1000024\/"}]}},"_links":{"self":[{"href":"https:\/\/cvinoticias.com\/v3\/wp-json\/wp\/v2\/posts\/7725","targetHints":{"allow":["GET"]}}],"collection":[{"href":"https:\/\/cvinoticias.com\/v3\/wp-json\/wp\/v2\/posts"}],"about":[{"href":"https:\/\/cvinoticias.com\/v3\/wp-json\/wp\/v2\/types\/post"}],"author":[{"embeddable":true,"href":"https:\/\/cvinoticias.com\/v3\/wp-json\/wp\/v2\/users\/2"}],"replies":[{"embeddable":true,"href":"https:\/\/cvinoticias.com\/v3\/wp-json\/wp\/v2\/comments?post=7725"}],"version-history":[{"count":1,"href":"https:\/\/cvinoticias.com\/v3\/wp-json\/wp\/v2\/posts\/7725\/revisions"}],"predecessor-version":[{"id":7729,"href":"https:\/\/cvinoticias.com\/v3\/wp-json\/wp\/v2\/posts\/7725\/revisions\/7729"}],"wp:featuredmedia":[{"embeddable":true,"href":"https:\/\/cvinoticias.com\/v3\/wp-json\/wp\/v2\/media\/7726"}],"wp:attachment":[{"href":"https:\/\/cvinoticias.com\/v3\/wp-json\/wp\/v2\/media?parent=7725"}],"wp:term":[{"taxonomy":"category","embeddable":true,"href":"https:\/\/cvinoticias.com\/v3\/wp-json\/wp\/v2\/categories?post=7725"},{"taxonomy":"post_tag","embeddable":true,"href":"https:\/\/cvinoticias.com\/v3\/wp-json\/wp\/v2\/tags?post=7725"}],"curies":[{"name":"wp","href":"https:\/\/api.w.org\/{rel}","templated":true}]}}