{"id":7715,"date":"2021-08-18T14:18:52","date_gmt":"2021-08-18T14:18:52","guid":{"rendered":"https:\/\/cvinoticias.com\/v3\/?p=7715"},"modified":"2021-08-18T14:18:52","modified_gmt":"2021-08-18T14:18:52","slug":"lanzamiento-pre-viaje-2-y-pedido-del-gobernador-oscar-herrera-ahuad","status":"publish","type":"post","link":"https:\/\/cvinoticias.com\/v3\/lanzamiento-pre-viaje-2-y-pedido-del-gobernador-oscar-herrera-ahuad\/","title":{"rendered":"Lanzamiento Pre Viaje 2 y pedido del gobernador Oscar Herrera Ahuad"},"content":{"rendered":"\n<p><strong><em>El intendente de Iguaz\u00fa, Claudio Filippa, dialog\u00f3 con Cable Noticias sobre los beneficios que brinda el Programa Pre Viaje 2, a todas aquellas personas que hacen turismo.<\/em><\/strong><\/p>\n\n\n\n<p>\u00abCon un 50% de descuento en los abonos que realicen en los viajes que hacen\u00bb, expres\u00f3 Filippa qui\u00e9n tambi\u00e9n se refiri\u00f3 al compromiso que asumi\u00f3 el Presidente Fern\u00e1ndez sobre los pedidos que gobernador Herrera Ahuad realiz\u00f3 c\u00f3mo ser la prueba piloto de la apertura del Puente Tancredo Neves a partir del 1\u00b0 de Septiembre.<\/p>\n\n\n\n<p>Cabe se\u00f1alar que el gobernador Oscar Herrera Ahuad indic\u00f3 que se establecieron eficientes centros de testeo y control en Puerto Iguaz\u00fa; que la localidad ya cuenta con un buen r\u00e9gimen de inmunizaci\u00f3n, adem\u00e1s de haber logrado un importante equilibrio epidemiol\u00f3gico \u201cque permite que podamos animarnos a tener una vida internacional con una pol\u00edtica regional interesante que nutra tambi\u00e9n a la zona norte de la provincia\u201d.<\/p>\n\n\n\n<figure class=\"wp-block-embed is-type-video is-provider-youtube wp-block-embed-youtube wp-embed-aspect-4-3 wp-has-aspect-ratio\"><div class=\"wp-block-embed__wrapper\">\n<iframe title=\"Lanzamiento Pre Viaje 2 y pedido del gobernador a Fern\u00e1ndez\" width=\"640\" height=\"480\" data-src=\"https:\/\/www.youtube.com\/embed\/DLHr0WwboNI?feature=oembed\" frameborder=\"0\" allow=\"accelerometer; autoplay; clipboard-write; encrypted-media; gyroscope; picture-in-picture; web-share\" referrerpolicy=\"strict-origin-when-cross-origin\" allowfullscreen src=\"data:image\/svg+xml;base64,PHN2ZyB3aWR0aD0iMSIgaGVpZ2h0PSIxIiB4bWxucz0iaHR0cDovL3d3dy53My5vcmcvMjAwMC9zdmciPjwvc3ZnPg==\" class=\"lazyload\" data-load-mode=\"1\"><\/iframe>\n<\/div><\/figure>\n","protected":false},"excerpt":{"rendered":"<p>El intendente de Iguaz\u00fa, Claudio Filippa, dialog\u00f3 con Cable Noticias sobre los beneficios que brinda el Programa Pre Viaje 2, a todas aquellas personas que hacen turismo. \u00abCon un 50% de descuento en los abonos que realicen en los viajes que hacen\u00bb, expres\u00f3 Filippa qui\u00e9n tambi\u00e9n se refiri\u00f3 al compromiso que asumi\u00f3 el Presidente Fern\u00e1ndez [&hellip;]<\/p>\n","protected":false},"author":2,"featured_media":7716,"comment_status":"open","ping_status":"open","sticky":false,"template":"","format":"standard","meta":{"footnotes":""},"categories":[29],"tags":[],"class_list":["post-7715","post","type-post","status-publish","format-standard","has-post-thumbnail","hentry","category-locales"],"yoast_head":"<!-- This site is optimized with the Yoast SEO plugin v27.5 - https:\/\/yoast.com\/product\/yoast-seo-wordpress\/ -->\n<title>Lanzamiento Pre Viaje 2 y pedido del gobernador Oscar Herrera Ahuad | CVI NOTICIAS<\/title>\n<meta name=\"robots\" content=\"index, follow, max-snippet:-1, max-image-preview:large, max-video-preview:-1\" \/>\n<link rel=\"canonical\" href=\"https:\/\/cvinoticias.com\/v3\/lanzamiento-pre-viaje-2-y-pedido-del-gobernador-oscar-herrera-ahuad\/\" \/>\n<meta property=\"og:locale\" content=\"es_ES\" \/>\n<meta property=\"og:type\" content=\"article\" \/>\n<meta property=\"og:title\" content=\"Lanzamiento Pre Viaje 2 y pedido del gobernador Oscar Herrera Ahuad | CVI NOTICIAS\" \/>\n<meta property=\"og:description\" content=\"El intendente de Iguaz\u00fa, Claudio Filippa, dialog\u00f3 con Cable Noticias sobre los beneficios que brinda el Programa Pre Viaje 2, a todas aquellas personas que hacen turismo. \u00abCon un 50% de descuento en los abonos que realicen en los viajes que hacen\u00bb, expres\u00f3 Filippa qui\u00e9n tambi\u00e9n se refiri\u00f3 al compromiso que asumi\u00f3 el Presidente Fern\u00e1ndez [&hellip;]\" \/>\n<meta property=\"og:url\" content=\"https:\/\/cvinoticias.com\/v3\/lanzamiento-pre-viaje-2-y-pedido-del-gobernador-oscar-herrera-ahuad\/\" \/>\n<meta property=\"og:site_name\" content=\"CVI NOTICIAS\" \/>\n<meta property=\"article:publisher\" content=\"https:\/\/www.facebook.com\/cvinoticias\" \/>\n<meta property=\"article:published_time\" content=\"2021-08-18T14:18:52+00:00\" \/>\n<meta property=\"og:image\" content=\"https:\/\/cvinoticias.com\/wp-content\/uploads\/2021\/08\/Screenshot_20210818-110451_YouTube.jpg\" \/>\n\t<meta property=\"og:image:width\" content=\"1080\" \/>\n\t<meta property=\"og:image:height\" content=\"584\" \/>\n\t<meta property=\"og:image:type\" content=\"image\/jpeg\" \/>\n<meta name=\"author\" content=\"f1000024\" \/>\n<meta name=\"twitter:card\" content=\"summary_large_image\" \/>\n<meta name=\"twitter:label1\" content=\"Escrito por\" \/>\n\t<meta name=\"twitter:data1\" content=\"f1000024\" \/>\n\t<meta name=\"twitter:label2\" content=\"Tiempo de lectura\" \/>\n\t<meta name=\"twitter:data2\" content=\"1 minuto\" \/>\n<script type=\"application\/ld+json\" class=\"yoast-schema-graph\">{\"@context\":\"https:\\\/\\\/schema.org\",\"@graph\":[{\"@type\":\"Article\",\"@id\":\"https:\\\/\\\/cvinoticias.com\\\/v3\\\/lanzamiento-pre-viaje-2-y-pedido-del-gobernador-oscar-herrera-ahuad\\\/#article\",\"isPartOf\":{\"@id\":\"https:\\\/\\\/cvinoticias.com\\\/v3\\\/lanzamiento-pre-viaje-2-y-pedido-del-gobernador-oscar-herrera-ahuad\\\/\"},\"author\":{\"name\":\"f1000024\",\"@id\":\"https:\\\/\\\/cvinoticias.com\\\/v3\\\/#\\\/schema\\\/person\\\/2db77e3c6bc03c538495d7b2b8be9b66\"},\"headline\":\"Lanzamiento Pre Viaje 2 y pedido del gobernador Oscar Herrera Ahuad\",\"datePublished\":\"2021-08-18T14:18:52+00:00\",\"mainEntityOfPage\":{\"@id\":\"https:\\\/\\\/cvinoticias.com\\\/v3\\\/lanzamiento-pre-viaje-2-y-pedido-del-gobernador-oscar-herrera-ahuad\\\/\"},\"wordCount\":169,\"commentCount\":0,\"publisher\":{\"@id\":\"https:\\\/\\\/cvinoticias.com\\\/v3\\\/#organization\"},\"image\":{\"@id\":\"https:\\\/\\\/cvinoticias.com\\\/v3\\\/lanzamiento-pre-viaje-2-y-pedido-del-gobernador-oscar-herrera-ahuad\\\/#primaryimage\"},\"thumbnailUrl\":\"https:\\\/\\\/cvinoticias.com\\\/wp-content\\\/uploads\\\/2021\\\/08\\\/Screenshot_20210818-110451_YouTube.jpg\",\"articleSection\":[\"Locales\"],\"inLanguage\":\"es\",\"potentialAction\":[{\"@type\":\"CommentAction\",\"name\":\"Comment\",\"target\":[\"https:\\\/\\\/cvinoticias.com\\\/v3\\\/lanzamiento-pre-viaje-2-y-pedido-del-gobernador-oscar-herrera-ahuad\\\/#respond\"]}]},{\"@type\":\"WebPage\",\"@id\":\"https:\\\/\\\/cvinoticias.com\\\/v3\\\/lanzamiento-pre-viaje-2-y-pedido-del-gobernador-oscar-herrera-ahuad\\\/\",\"url\":\"https:\\\/\\\/cvinoticias.com\\\/v3\\\/lanzamiento-pre-viaje-2-y-pedido-del-gobernador-oscar-herrera-ahuad\\\/\",\"name\":\"Lanzamiento Pre Viaje 2 y pedido del gobernador Oscar Herrera Ahuad | CVI NOTICIAS\",\"isPartOf\":{\"@id\":\"https:\\\/\\\/cvinoticias.com\\\/v3\\\/#website\"},\"primaryImageOfPage\":{\"@id\":\"https:\\\/\\\/cvinoticias.com\\\/v3\\\/lanzamiento-pre-viaje-2-y-pedido-del-gobernador-oscar-herrera-ahuad\\\/#primaryimage\"},\"image\":{\"@id\":\"https:\\\/\\\/cvinoticias.com\\\/v3\\\/lanzamiento-pre-viaje-2-y-pedido-del-gobernador-oscar-herrera-ahuad\\\/#primaryimage\"},\"thumbnailUrl\":\"https:\\\/\\\/cvinoticias.com\\\/wp-content\\\/uploads\\\/2021\\\/08\\\/Screenshot_20210818-110451_YouTube.jpg\",\"datePublished\":\"2021-08-18T14:18:52+00:00\",\"breadcrumb\":{\"@id\":\"https:\\\/\\\/cvinoticias.com\\\/v3\\\/lanzamiento-pre-viaje-2-y-pedido-del-gobernador-oscar-herrera-ahuad\\\/#breadcrumb\"},\"inLanguage\":\"es\",\"potentialAction\":[{\"@type\":\"ReadAction\",\"target\":[\"https:\\\/\\\/cvinoticias.com\\\/v3\\\/lanzamiento-pre-viaje-2-y-pedido-del-gobernador-oscar-herrera-ahuad\\\/\"]}]},{\"@type\":\"ImageObject\",\"inLanguage\":\"es\",\"@id\":\"https:\\\/\\\/cvinoticias.com\\\/v3\\\/lanzamiento-pre-viaje-2-y-pedido-del-gobernador-oscar-herrera-ahuad\\\/#primaryimage\",\"url\":\"https:\\\/\\\/cvinoticias.com\\\/wp-content\\\/uploads\\\/2021\\\/08\\\/Screenshot_20210818-110451_YouTube.jpg\",\"contentUrl\":\"https:\\\/\\\/cvinoticias.com\\\/wp-content\\\/uploads\\\/2021\\\/08\\\/Screenshot_20210818-110451_YouTube.jpg\",\"width\":1080,\"height\":584},{\"@type\":\"BreadcrumbList\",\"@id\":\"https:\\\/\\\/cvinoticias.com\\\/v3\\\/lanzamiento-pre-viaje-2-y-pedido-del-gobernador-oscar-herrera-ahuad\\\/#breadcrumb\",\"itemListElement\":[{\"@type\":\"ListItem\",\"position\":1,\"name\":\"Portada\",\"item\":\"https:\\\/\\\/cvinoticias.com\\\/v3\\\/\"},{\"@type\":\"ListItem\",\"position\":2,\"name\":\"Lanzamiento Pre Viaje 2 y pedido del gobernador Oscar Herrera Ahuad\"}]},{\"@type\":\"WebSite\",\"@id\":\"https:\\\/\\\/cvinoticias.com\\\/v3\\\/#website\",\"url\":\"https:\\\/\\\/cvinoticias.com\\\/v3\\\/\",\"name\":\"CVI NOTICIAS\",\"description\":\"\",\"publisher\":{\"@id\":\"https:\\\/\\\/cvinoticias.com\\\/v3\\\/#organization\"},\"alternateName\":\"CVI\",\"potentialAction\":[{\"@type\":\"SearchAction\",\"target\":{\"@type\":\"EntryPoint\",\"urlTemplate\":\"https:\\\/\\\/cvinoticias.com\\\/v3\\\/?s={search_term_string}\"},\"query-input\":{\"@type\":\"PropertyValueSpecification\",\"valueRequired\":true,\"valueName\":\"search_term_string\"}}],\"inLanguage\":\"es\"},{\"@type\":\"Organization\",\"@id\":\"https:\\\/\\\/cvinoticias.com\\\/v3\\\/#organization\",\"name\":\"CVI NOTICIAS\",\"url\":\"https:\\\/\\\/cvinoticias.com\\\/v3\\\/\",\"logo\":{\"@type\":\"ImageObject\",\"inLanguage\":\"es\",\"@id\":\"https:\\\/\\\/cvinoticias.com\\\/v3\\\/#\\\/schema\\\/logo\\\/image\\\/\",\"url\":\"https:\\\/\\\/cvinoticias.com\\\/wp-content\\\/uploads\\\/2023\\\/04\\\/cropped-cropped-cropped-cropped-cropped-3-1.png\",\"contentUrl\":\"https:\\\/\\\/cvinoticias.com\\\/wp-content\\\/uploads\\\/2023\\\/04\\\/cropped-cropped-cropped-cropped-cropped-3-1.png\",\"width\":95,\"height\":122,\"caption\":\"CVI NOTICIAS\"},\"image\":{\"@id\":\"https:\\\/\\\/cvinoticias.com\\\/v3\\\/#\\\/schema\\\/logo\\\/image\\\/\"},\"sameAs\":[\"https:\\\/\\\/www.facebook.com\\\/cvinoticias\",\"https:\\\/\\\/www.instagram.com\\\/cvinoticias\\\/\",\"https:\\\/\\\/www.youtube.com\\\/@CVINOTICIAS\"]},{\"@type\":\"Person\",\"@id\":\"https:\\\/\\\/cvinoticias.com\\\/v3\\\/#\\\/schema\\\/person\\\/2db77e3c6bc03c538495d7b2b8be9b66\",\"name\":\"f1000024\",\"image\":{\"@type\":\"ImageObject\",\"inLanguage\":\"es\",\"@id\":\"https:\\\/\\\/secure.gravatar.com\\\/avatar\\\/d4fe7459cfc51ff5129ce1a732bbef5928568b8092d412ef95611616376bbeed?s=96&d=mm&r=g\",\"url\":\"https:\\\/\\\/secure.gravatar.com\\\/avatar\\\/d4fe7459cfc51ff5129ce1a732bbef5928568b8092d412ef95611616376bbeed?s=96&d=mm&r=g\",\"contentUrl\":\"https:\\\/\\\/secure.gravatar.com\\\/avatar\\\/d4fe7459cfc51ff5129ce1a732bbef5928568b8092d412ef95611616376bbeed?s=96&d=mm&r=g\",\"caption\":\"f1000024\"},\"url\":\"https:\\\/\\\/cvinoticias.com\\\/v3\\\/author\\\/f1000024\\\/\"}]}<\/script>\n<!-- \/ Yoast SEO plugin. -->","yoast_head_json":{"title":"Lanzamiento Pre Viaje 2 y pedido del gobernador Oscar Herrera Ahuad | CVI NOTICIAS","robots":{"index":"index","follow":"follow","max-snippet":"max-snippet:-1","max-image-preview":"max-image-preview:large","max-video-preview":"max-video-preview:-1"},"canonical":"https:\/\/cvinoticias.com\/v3\/lanzamiento-pre-viaje-2-y-pedido-del-gobernador-oscar-herrera-ahuad\/","og_locale":"es_ES","og_type":"article","og_title":"Lanzamiento Pre Viaje 2 y pedido del gobernador Oscar Herrera Ahuad | CVI NOTICIAS","og_description":"El intendente de Iguaz\u00fa, Claudio Filippa, dialog\u00f3 con Cable Noticias sobre los beneficios que brinda el Programa Pre Viaje 2, a todas aquellas personas que hacen turismo. \u00abCon un 50% de descuento en los abonos que realicen en los viajes que hacen\u00bb, expres\u00f3 Filippa qui\u00e9n tambi\u00e9n se refiri\u00f3 al compromiso que asumi\u00f3 el Presidente Fern\u00e1ndez [&hellip;]","og_url":"https:\/\/cvinoticias.com\/v3\/lanzamiento-pre-viaje-2-y-pedido-del-gobernador-oscar-herrera-ahuad\/","og_site_name":"CVI NOTICIAS","article_publisher":"https:\/\/www.facebook.com\/cvinoticias","article_published_time":"2021-08-18T14:18:52+00:00","og_image":[{"width":1080,"height":584,"url":"https:\/\/cvinoticias.com\/wp-content\/uploads\/2021\/08\/Screenshot_20210818-110451_YouTube.jpg","type":"image\/jpeg"}],"author":"f1000024","twitter_card":"summary_large_image","twitter_misc":{"Escrito por":"f1000024","Tiempo de lectura":"1 minuto"},"schema":{"@context":"https:\/\/schema.org","@graph":[{"@type":"Article","@id":"https:\/\/cvinoticias.com\/v3\/lanzamiento-pre-viaje-2-y-pedido-del-gobernador-oscar-herrera-ahuad\/#article","isPartOf":{"@id":"https:\/\/cvinoticias.com\/v3\/lanzamiento-pre-viaje-2-y-pedido-del-gobernador-oscar-herrera-ahuad\/"},"author":{"name":"f1000024","@id":"https:\/\/cvinoticias.com\/v3\/#\/schema\/person\/2db77e3c6bc03c538495d7b2b8be9b66"},"headline":"Lanzamiento Pre Viaje 2 y pedido del gobernador Oscar Herrera Ahuad","datePublished":"2021-08-18T14:18:52+00:00","mainEntityOfPage":{"@id":"https:\/\/cvinoticias.com\/v3\/lanzamiento-pre-viaje-2-y-pedido-del-gobernador-oscar-herrera-ahuad\/"},"wordCount":169,"commentCount":0,"publisher":{"@id":"https:\/\/cvinoticias.com\/v3\/#organization"},"image":{"@id":"https:\/\/cvinoticias.com\/v3\/lanzamiento-pre-viaje-2-y-pedido-del-gobernador-oscar-herrera-ahuad\/#primaryimage"},"thumbnailUrl":"https:\/\/cvinoticias.com\/wp-content\/uploads\/2021\/08\/Screenshot_20210818-110451_YouTube.jpg","articleSection":["Locales"],"inLanguage":"es","potentialAction":[{"@type":"CommentAction","name":"Comment","target":["https:\/\/cvinoticias.com\/v3\/lanzamiento-pre-viaje-2-y-pedido-del-gobernador-oscar-herrera-ahuad\/#respond"]}]},{"@type":"WebPage","@id":"https:\/\/cvinoticias.com\/v3\/lanzamiento-pre-viaje-2-y-pedido-del-gobernador-oscar-herrera-ahuad\/","url":"https:\/\/cvinoticias.com\/v3\/lanzamiento-pre-viaje-2-y-pedido-del-gobernador-oscar-herrera-ahuad\/","name":"Lanzamiento Pre Viaje 2 y pedido del gobernador Oscar Herrera Ahuad | CVI NOTICIAS","isPartOf":{"@id":"https:\/\/cvinoticias.com\/v3\/#website"},"primaryImageOfPage":{"@id":"https:\/\/cvinoticias.com\/v3\/lanzamiento-pre-viaje-2-y-pedido-del-gobernador-oscar-herrera-ahuad\/#primaryimage"},"image":{"@id":"https:\/\/cvinoticias.com\/v3\/lanzamiento-pre-viaje-2-y-pedido-del-gobernador-oscar-herrera-ahuad\/#primaryimage"},"thumbnailUrl":"https:\/\/cvinoticias.com\/wp-content\/uploads\/2021\/08\/Screenshot_20210818-110451_YouTube.jpg","datePublished":"2021-08-18T14:18:52+00:00","breadcrumb":{"@id":"https:\/\/cvinoticias.com\/v3\/lanzamiento-pre-viaje-2-y-pedido-del-gobernador-oscar-herrera-ahuad\/#breadcrumb"},"inLanguage":"es","potentialAction":[{"@type":"ReadAction","target":["https:\/\/cvinoticias.com\/v3\/lanzamiento-pre-viaje-2-y-pedido-del-gobernador-oscar-herrera-ahuad\/"]}]},{"@type":"ImageObject","inLanguage":"es","@id":"https:\/\/cvinoticias.com\/v3\/lanzamiento-pre-viaje-2-y-pedido-del-gobernador-oscar-herrera-ahuad\/#primaryimage","url":"https:\/\/cvinoticias.com\/wp-content\/uploads\/2021\/08\/Screenshot_20210818-110451_YouTube.jpg","contentUrl":"https:\/\/cvinoticias.com\/wp-content\/uploads\/2021\/08\/Screenshot_20210818-110451_YouTube.jpg","width":1080,"height":584},{"@type":"BreadcrumbList","@id":"https:\/\/cvinoticias.com\/v3\/lanzamiento-pre-viaje-2-y-pedido-del-gobernador-oscar-herrera-ahuad\/#breadcrumb","itemListElement":[{"@type":"ListItem","position":1,"name":"Portada","item":"https:\/\/cvinoticias.com\/v3\/"},{"@type":"ListItem","position":2,"name":"Lanzamiento Pre Viaje 2 y pedido del gobernador Oscar Herrera Ahuad"}]},{"@type":"WebSite","@id":"https:\/\/cvinoticias.com\/v3\/#website","url":"https:\/\/cvinoticias.com\/v3\/","name":"CVI NOTICIAS","description":"","publisher":{"@id":"https:\/\/cvinoticias.com\/v3\/#organization"},"alternateName":"CVI","potentialAction":[{"@type":"SearchAction","target":{"@type":"EntryPoint","urlTemplate":"https:\/\/cvinoticias.com\/v3\/?s={search_term_string}"},"query-input":{"@type":"PropertyValueSpecification","valueRequired":true,"valueName":"search_term_string"}}],"inLanguage":"es"},{"@type":"Organization","@id":"https:\/\/cvinoticias.com\/v3\/#organization","name":"CVI NOTICIAS","url":"https:\/\/cvinoticias.com\/v3\/","logo":{"@type":"ImageObject","inLanguage":"es","@id":"https:\/\/cvinoticias.com\/v3\/#\/schema\/logo\/image\/","url":"https:\/\/cvinoticias.com\/wp-content\/uploads\/2023\/04\/cropped-cropped-cropped-cropped-cropped-3-1.png","contentUrl":"https:\/\/cvinoticias.com\/wp-content\/uploads\/2023\/04\/cropped-cropped-cropped-cropped-cropped-3-1.png","width":95,"height":122,"caption":"CVI NOTICIAS"},"image":{"@id":"https:\/\/cvinoticias.com\/v3\/#\/schema\/logo\/image\/"},"sameAs":["https:\/\/www.facebook.com\/cvinoticias","https:\/\/www.instagram.com\/cvinoticias\/","https:\/\/www.youtube.com\/@CVINOTICIAS"]},{"@type":"Person","@id":"https:\/\/cvinoticias.com\/v3\/#\/schema\/person\/2db77e3c6bc03c538495d7b2b8be9b66","name":"f1000024","image":{"@type":"ImageObject","inLanguage":"es","@id":"https:\/\/secure.gravatar.com\/avatar\/d4fe7459cfc51ff5129ce1a732bbef5928568b8092d412ef95611616376bbeed?s=96&d=mm&r=g","url":"https:\/\/secure.gravatar.com\/avatar\/d4fe7459cfc51ff5129ce1a732bbef5928568b8092d412ef95611616376bbeed?s=96&d=mm&r=g","contentUrl":"https:\/\/secure.gravatar.com\/avatar\/d4fe7459cfc51ff5129ce1a732bbef5928568b8092d412ef95611616376bbeed?s=96&d=mm&r=g","caption":"f1000024"},"url":"https:\/\/cvinoticias.com\/v3\/author\/f1000024\/"}]}},"_links":{"self":[{"href":"https:\/\/cvinoticias.com\/v3\/wp-json\/wp\/v2\/posts\/7715","targetHints":{"allow":["GET"]}}],"collection":[{"href":"https:\/\/cvinoticias.com\/v3\/wp-json\/wp\/v2\/posts"}],"about":[{"href":"https:\/\/cvinoticias.com\/v3\/wp-json\/wp\/v2\/types\/post"}],"author":[{"embeddable":true,"href":"https:\/\/cvinoticias.com\/v3\/wp-json\/wp\/v2\/users\/2"}],"replies":[{"embeddable":true,"href":"https:\/\/cvinoticias.com\/v3\/wp-json\/wp\/v2\/comments?post=7715"}],"version-history":[{"count":1,"href":"https:\/\/cvinoticias.com\/v3\/wp-json\/wp\/v2\/posts\/7715\/revisions"}],"predecessor-version":[{"id":7717,"href":"https:\/\/cvinoticias.com\/v3\/wp-json\/wp\/v2\/posts\/7715\/revisions\/7717"}],"wp:featuredmedia":[{"embeddable":true,"href":"https:\/\/cvinoticias.com\/v3\/wp-json\/wp\/v2\/media\/7716"}],"wp:attachment":[{"href":"https:\/\/cvinoticias.com\/v3\/wp-json\/wp\/v2\/media?parent=7715"}],"wp:term":[{"taxonomy":"category","embeddable":true,"href":"https:\/\/cvinoticias.com\/v3\/wp-json\/wp\/v2\/categories?post=7715"},{"taxonomy":"post_tag","embeddable":true,"href":"https:\/\/cvinoticias.com\/v3\/wp-json\/wp\/v2\/tags?post=7715"}],"curies":[{"name":"wp","href":"https:\/\/api.w.org\/{rel}","templated":true}]}}