{"id":7708,"date":"2021-08-18T01:58:21","date_gmt":"2021-08-18T01:58:21","guid":{"rendered":"https:\/\/cvinoticias.com\/v3\/?p=7708"},"modified":"2021-08-18T01:58:21","modified_gmt":"2021-08-18T01:58:21","slug":"copa-mujeres-historicas-en-eldorado-las-mujeres-vuelven-a-ser-protagonistas-dijo-britez","status":"publish","type":"post","link":"https:\/\/cvinoticias.com\/v3\/copa-mujeres-historicas-en-eldorado-las-mujeres-vuelven-a-ser-protagonistas-dijo-britez\/","title":{"rendered":"Copa Mujeres Hist\u00f3ricas en Eldorado: \u201cLas mujeres vuelven a ser protagonistas\u201d dijo Br\u00edtez"},"content":{"rendered":"\n<p><strong><em>Se realiz\u00f3 el encuentro Copa Mujeres Hist\u00f3ricas, de F\u00fatbol Femenino organizado por la Entidad Binacional Yacyret\u00e1 en la ciudad de Eldorado.<\/em><\/strong><\/p>\n\n\n\n<p>La jornada deportiva cont\u00f3 con la presencia de la Diputada Nacional Cristina Br\u00edtez y del pre candidato Frente de Todos, Javier Gortari, junto al Sub Jefe del Departamento de Obras Complementarias de la EBY Pablo Ciejovicz.<\/p>\n\n\n\n<p>El torneo, que convoc\u00f3 a diez equipos de la zona, culmin\u00f3 con la victoria de Eldocity, que en duro final, derrot\u00f3 a El Serrucho.<\/p>\n\n\n\n<p>Pasi\u00f3n, compa\u00f1erismo, esp\u00edritu deportivo, objetivos trabajados en equipo, son solo algunas de las sensaciones que se vivieron durante el campeonato que se realiz\u00f3 en el barrio Itat\u00ed, dentro del programa Cultivando Agua Buena, de la EBY, con el prop\u00f3sito de construir y sumar nuevas experiencias de gesti\u00f3n participativa, con acciones dentro de la comunidad.<\/p>\n\n\n\n<figure class=\"wp-block-image size-large\"><a href=\"https:\/\/cvinoticias.com\/wp-content\/uploads\/2021\/08\/IMG-20210817-WA0167.jpg\"><img decoding=\"async\" width=\"1024\" height=\"684\" data-src=\"https:\/\/cvinoticias.com\/wp-content\/uploads\/2021\/08\/IMG-20210817-WA0167-1024x684.jpg\" alt=\"\" class=\"wp-image-7710 lazyload\" data-srcset=\"https:\/\/cvinoticias.com\/wp-content\/uploads\/2021\/08\/IMG-20210817-WA0167-1024x684.jpg 1024w, https:\/\/cvinoticias.com\/wp-content\/uploads\/2021\/08\/IMG-20210817-WA0167-300x200.jpg 300w, https:\/\/cvinoticias.com\/wp-content\/uploads\/2021\/08\/IMG-20210817-WA0167-768x513.jpg 768w, https:\/\/cvinoticias.com\/wp-content\/uploads\/2021\/08\/IMG-20210817-WA0167.jpg 1280w\" data-sizes=\"(max-width: 1024px) 100vw, 1024px\" src=\"data:image\/svg+xml;base64,PHN2ZyB3aWR0aD0iMSIgaGVpZ2h0PSIxIiB4bWxucz0iaHR0cDovL3d3dy53My5vcmcvMjAwMC9zdmciPjwvc3ZnPg==\" style=\"--smush-placeholder-width: 1024px; --smush-placeholder-aspect-ratio: 1024\/684;\" \/><\/a><\/figure>\n\n\n\n<p>\u201cLas mujeres vuelven a ser protagonistas indiscutidas en un espacio creado para su desarrollo y la acci\u00f3n comunitaria. Este es un tiempo para el reconocimiento de derechos y sobre todo de su puesta pr\u00e1ctica. Hoy venimos con otra actividad para Eldorado, con la asistencia de la EBY, que se suma as\u00ed a varias acciones que ya se realizaron en esta ciudad\u201d resalt\u00f3 Br\u00edtez en el momento de la entrega de premios. Tambi\u00e9n el Pre candidato a Diputado Nacional, Frente de Todos, Javier Gortari destac\u00f3 la participaci\u00f3n femenina en el encuentro \u201ccomo una oportunidad de acercamiento de la comunidad con una excelente excusa como lo es el deporte en un ambiente saludable en sana competencia\u201d.<\/p>\n\n\n\n<p>El certamen convoc\u00f3 a diez equipos de futbol: Picada 9, Las Chicas de Chiqui, Bolivar, Roulet, Serrucho, La Rejunta, Eldocity, La Chicas del Fondo, Las Pitufinas, Santiago de Liniers adem\u00e1s de un gran n\u00famero de p\u00fablico que sigui\u00f3 de cerca el desarrollo de cada uno de los encuentros hasta llegar a la final. Micaela Proensa, de El Serrucho se colg\u00f3 la medalla a Mejor Jugadora.<\/p>\n","protected":false},"excerpt":{"rendered":"<p>Se realiz\u00f3 el encuentro Copa Mujeres Hist\u00f3ricas, de F\u00fatbol Femenino organizado por la Entidad Binacional Yacyret\u00e1 en la ciudad de Eldorado. La jornada deportiva cont\u00f3 con la presencia de la Diputada Nacional Cristina Br\u00edtez y del pre candidato Frente de Todos, Javier Gortari, junto al Sub Jefe del Departamento de Obras Complementarias de la EBY [&hellip;]<\/p>\n","protected":false},"author":2,"featured_media":7709,"comment_status":"open","ping_status":"open","sticky":false,"template":"","format":"standard","meta":{"footnotes":""},"categories":[43],"tags":[],"class_list":["post-7708","post","type-post","status-publish","format-standard","has-post-thumbnail","hentry","category-provinciales"],"yoast_head":"<!-- This site is optimized with the Yoast SEO plugin v27.4 - https:\/\/yoast.com\/product\/yoast-seo-wordpress\/ -->\n<title>Copa Mujeres Hist\u00f3ricas en Eldorado: \u201cLas mujeres vuelven a ser protagonistas\u201d dijo Br\u00edtez | CVI NOTICIAS<\/title>\n<meta name=\"robots\" content=\"index, follow, max-snippet:-1, max-image-preview:large, max-video-preview:-1\" \/>\n<link rel=\"canonical\" href=\"https:\/\/cvinoticias.com\/v3\/copa-mujeres-historicas-en-eldorado-las-mujeres-vuelven-a-ser-protagonistas-dijo-britez\/\" \/>\n<meta property=\"og:locale\" content=\"es_ES\" \/>\n<meta property=\"og:type\" content=\"article\" \/>\n<meta property=\"og:title\" content=\"Copa Mujeres Hist\u00f3ricas en Eldorado: \u201cLas mujeres vuelven a ser protagonistas\u201d dijo Br\u00edtez | CVI NOTICIAS\" \/>\n<meta property=\"og:description\" content=\"Se realiz\u00f3 el encuentro Copa Mujeres Hist\u00f3ricas, de F\u00fatbol Femenino organizado por la Entidad Binacional Yacyret\u00e1 en la ciudad de Eldorado. La jornada deportiva cont\u00f3 con la presencia de la Diputada Nacional Cristina Br\u00edtez y del pre candidato Frente de Todos, Javier Gortari, junto al Sub Jefe del Departamento de Obras Complementarias de la EBY [&hellip;]\" \/>\n<meta property=\"og:url\" content=\"https:\/\/cvinoticias.com\/v3\/copa-mujeres-historicas-en-eldorado-las-mujeres-vuelven-a-ser-protagonistas-dijo-britez\/\" \/>\n<meta property=\"og:site_name\" content=\"CVI NOTICIAS\" \/>\n<meta property=\"article:publisher\" content=\"https:\/\/www.facebook.com\/cvinoticias\" \/>\n<meta property=\"article:published_time\" content=\"2021-08-18T01:58:21+00:00\" \/>\n<meta property=\"og:image\" content=\"https:\/\/cvinoticias.com\/wp-content\/uploads\/2021\/08\/IMG-20210817-WA0166.jpg\" \/>\n\t<meta property=\"og:image:width\" content=\"720\" \/>\n\t<meta property=\"og:image:height\" content=\"531\" \/>\n\t<meta property=\"og:image:type\" content=\"image\/jpeg\" \/>\n<meta name=\"author\" content=\"f1000024\" \/>\n<meta name=\"twitter:card\" content=\"summary_large_image\" \/>\n<meta name=\"twitter:label1\" content=\"Escrito por\" \/>\n\t<meta name=\"twitter:data1\" content=\"f1000024\" \/>\n\t<meta name=\"twitter:label2\" content=\"Tiempo de lectura\" \/>\n\t<meta name=\"twitter:data2\" content=\"2 minutos\" \/>\n<script type=\"application\/ld+json\" class=\"yoast-schema-graph\">{\"@context\":\"https:\\\/\\\/schema.org\",\"@graph\":[{\"@type\":\"Article\",\"@id\":\"https:\\\/\\\/cvinoticias.com\\\/v3\\\/copa-mujeres-historicas-en-eldorado-las-mujeres-vuelven-a-ser-protagonistas-dijo-britez\\\/#article\",\"isPartOf\":{\"@id\":\"https:\\\/\\\/cvinoticias.com\\\/v3\\\/copa-mujeres-historicas-en-eldorado-las-mujeres-vuelven-a-ser-protagonistas-dijo-britez\\\/\"},\"author\":{\"name\":\"f1000024\",\"@id\":\"https:\\\/\\\/cvinoticias.com\\\/v3\\\/#\\\/schema\\\/person\\\/2db77e3c6bc03c538495d7b2b8be9b66\"},\"headline\":\"Copa Mujeres Hist\u00f3ricas en Eldorado: \u201cLas mujeres vuelven a ser protagonistas\u201d dijo Br\u00edtez\",\"datePublished\":\"2021-08-18T01:58:21+00:00\",\"mainEntityOfPage\":{\"@id\":\"https:\\\/\\\/cvinoticias.com\\\/v3\\\/copa-mujeres-historicas-en-eldorado-las-mujeres-vuelven-a-ser-protagonistas-dijo-britez\\\/\"},\"wordCount\":344,\"commentCount\":0,\"publisher\":{\"@id\":\"https:\\\/\\\/cvinoticias.com\\\/v3\\\/#organization\"},\"image\":{\"@id\":\"https:\\\/\\\/cvinoticias.com\\\/v3\\\/copa-mujeres-historicas-en-eldorado-las-mujeres-vuelven-a-ser-protagonistas-dijo-britez\\\/#primaryimage\"},\"thumbnailUrl\":\"https:\\\/\\\/cvinoticias.com\\\/wp-content\\\/uploads\\\/2021\\\/08\\\/IMG-20210817-WA0166.jpg\",\"articleSection\":[\"Provinciales\"],\"inLanguage\":\"es\",\"potentialAction\":[{\"@type\":\"CommentAction\",\"name\":\"Comment\",\"target\":[\"https:\\\/\\\/cvinoticias.com\\\/v3\\\/copa-mujeres-historicas-en-eldorado-las-mujeres-vuelven-a-ser-protagonistas-dijo-britez\\\/#respond\"]}]},{\"@type\":\"WebPage\",\"@id\":\"https:\\\/\\\/cvinoticias.com\\\/v3\\\/copa-mujeres-historicas-en-eldorado-las-mujeres-vuelven-a-ser-protagonistas-dijo-britez\\\/\",\"url\":\"https:\\\/\\\/cvinoticias.com\\\/v3\\\/copa-mujeres-historicas-en-eldorado-las-mujeres-vuelven-a-ser-protagonistas-dijo-britez\\\/\",\"name\":\"Copa Mujeres Hist\u00f3ricas en Eldorado: \u201cLas mujeres vuelven a ser protagonistas\u201d dijo Br\u00edtez | CVI NOTICIAS\",\"isPartOf\":{\"@id\":\"https:\\\/\\\/cvinoticias.com\\\/v3\\\/#website\"},\"primaryImageOfPage\":{\"@id\":\"https:\\\/\\\/cvinoticias.com\\\/v3\\\/copa-mujeres-historicas-en-eldorado-las-mujeres-vuelven-a-ser-protagonistas-dijo-britez\\\/#primaryimage\"},\"image\":{\"@id\":\"https:\\\/\\\/cvinoticias.com\\\/v3\\\/copa-mujeres-historicas-en-eldorado-las-mujeres-vuelven-a-ser-protagonistas-dijo-britez\\\/#primaryimage\"},\"thumbnailUrl\":\"https:\\\/\\\/cvinoticias.com\\\/wp-content\\\/uploads\\\/2021\\\/08\\\/IMG-20210817-WA0166.jpg\",\"datePublished\":\"2021-08-18T01:58:21+00:00\",\"breadcrumb\":{\"@id\":\"https:\\\/\\\/cvinoticias.com\\\/v3\\\/copa-mujeres-historicas-en-eldorado-las-mujeres-vuelven-a-ser-protagonistas-dijo-britez\\\/#breadcrumb\"},\"inLanguage\":\"es\",\"potentialAction\":[{\"@type\":\"ReadAction\",\"target\":[\"https:\\\/\\\/cvinoticias.com\\\/v3\\\/copa-mujeres-historicas-en-eldorado-las-mujeres-vuelven-a-ser-protagonistas-dijo-britez\\\/\"]}]},{\"@type\":\"ImageObject\",\"inLanguage\":\"es\",\"@id\":\"https:\\\/\\\/cvinoticias.com\\\/v3\\\/copa-mujeres-historicas-en-eldorado-las-mujeres-vuelven-a-ser-protagonistas-dijo-britez\\\/#primaryimage\",\"url\":\"https:\\\/\\\/cvinoticias.com\\\/wp-content\\\/uploads\\\/2021\\\/08\\\/IMG-20210817-WA0166.jpg\",\"contentUrl\":\"https:\\\/\\\/cvinoticias.com\\\/wp-content\\\/uploads\\\/2021\\\/08\\\/IMG-20210817-WA0166.jpg\",\"width\":720,\"height\":531},{\"@type\":\"BreadcrumbList\",\"@id\":\"https:\\\/\\\/cvinoticias.com\\\/v3\\\/copa-mujeres-historicas-en-eldorado-las-mujeres-vuelven-a-ser-protagonistas-dijo-britez\\\/#breadcrumb\",\"itemListElement\":[{\"@type\":\"ListItem\",\"position\":1,\"name\":\"Portada\",\"item\":\"https:\\\/\\\/cvinoticias.com\\\/v3\\\/\"},{\"@type\":\"ListItem\",\"position\":2,\"name\":\"Copa Mujeres Hist\u00f3ricas en Eldorado: \u201cLas mujeres vuelven a ser protagonistas\u201d dijo Br\u00edtez\"}]},{\"@type\":\"WebSite\",\"@id\":\"https:\\\/\\\/cvinoticias.com\\\/v3\\\/#website\",\"url\":\"https:\\\/\\\/cvinoticias.com\\\/v3\\\/\",\"name\":\"CVI NOTICIAS\",\"description\":\"\",\"publisher\":{\"@id\":\"https:\\\/\\\/cvinoticias.com\\\/v3\\\/#organization\"},\"alternateName\":\"CVI\",\"potentialAction\":[{\"@type\":\"SearchAction\",\"target\":{\"@type\":\"EntryPoint\",\"urlTemplate\":\"https:\\\/\\\/cvinoticias.com\\\/v3\\\/?s={search_term_string}\"},\"query-input\":{\"@type\":\"PropertyValueSpecification\",\"valueRequired\":true,\"valueName\":\"search_term_string\"}}],\"inLanguage\":\"es\"},{\"@type\":\"Organization\",\"@id\":\"https:\\\/\\\/cvinoticias.com\\\/v3\\\/#organization\",\"name\":\"CVI NOTICIAS\",\"url\":\"https:\\\/\\\/cvinoticias.com\\\/v3\\\/\",\"logo\":{\"@type\":\"ImageObject\",\"inLanguage\":\"es\",\"@id\":\"https:\\\/\\\/cvinoticias.com\\\/v3\\\/#\\\/schema\\\/logo\\\/image\\\/\",\"url\":\"https:\\\/\\\/cvinoticias.com\\\/wp-content\\\/uploads\\\/2023\\\/04\\\/cropped-cropped-cropped-cropped-cropped-3-1.png\",\"contentUrl\":\"https:\\\/\\\/cvinoticias.com\\\/wp-content\\\/uploads\\\/2023\\\/04\\\/cropped-cropped-cropped-cropped-cropped-3-1.png\",\"width\":95,\"height\":122,\"caption\":\"CVI NOTICIAS\"},\"image\":{\"@id\":\"https:\\\/\\\/cvinoticias.com\\\/v3\\\/#\\\/schema\\\/logo\\\/image\\\/\"},\"sameAs\":[\"https:\\\/\\\/www.facebook.com\\\/cvinoticias\",\"https:\\\/\\\/www.instagram.com\\\/cvinoticias\\\/\",\"https:\\\/\\\/www.youtube.com\\\/@CVINOTICIAS\"]},{\"@type\":\"Person\",\"@id\":\"https:\\\/\\\/cvinoticias.com\\\/v3\\\/#\\\/schema\\\/person\\\/2db77e3c6bc03c538495d7b2b8be9b66\",\"name\":\"f1000024\",\"image\":{\"@type\":\"ImageObject\",\"inLanguage\":\"es\",\"@id\":\"https:\\\/\\\/secure.gravatar.com\\\/avatar\\\/d4fe7459cfc51ff5129ce1a732bbef5928568b8092d412ef95611616376bbeed?s=96&d=mm&r=g\",\"url\":\"https:\\\/\\\/secure.gravatar.com\\\/avatar\\\/d4fe7459cfc51ff5129ce1a732bbef5928568b8092d412ef95611616376bbeed?s=96&d=mm&r=g\",\"contentUrl\":\"https:\\\/\\\/secure.gravatar.com\\\/avatar\\\/d4fe7459cfc51ff5129ce1a732bbef5928568b8092d412ef95611616376bbeed?s=96&d=mm&r=g\",\"caption\":\"f1000024\"},\"url\":\"https:\\\/\\\/cvinoticias.com\\\/v3\\\/author\\\/f1000024\\\/\"}]}<\/script>\n<!-- \/ Yoast SEO plugin. -->","yoast_head_json":{"title":"Copa Mujeres Hist\u00f3ricas en Eldorado: \u201cLas mujeres vuelven a ser protagonistas\u201d dijo Br\u00edtez | CVI NOTICIAS","robots":{"index":"index","follow":"follow","max-snippet":"max-snippet:-1","max-image-preview":"max-image-preview:large","max-video-preview":"max-video-preview:-1"},"canonical":"https:\/\/cvinoticias.com\/v3\/copa-mujeres-historicas-en-eldorado-las-mujeres-vuelven-a-ser-protagonistas-dijo-britez\/","og_locale":"es_ES","og_type":"article","og_title":"Copa Mujeres Hist\u00f3ricas en Eldorado: \u201cLas mujeres vuelven a ser protagonistas\u201d dijo Br\u00edtez | CVI NOTICIAS","og_description":"Se realiz\u00f3 el encuentro Copa Mujeres Hist\u00f3ricas, de F\u00fatbol Femenino organizado por la Entidad Binacional Yacyret\u00e1 en la ciudad de Eldorado. La jornada deportiva cont\u00f3 con la presencia de la Diputada Nacional Cristina Br\u00edtez y del pre candidato Frente de Todos, Javier Gortari, junto al Sub Jefe del Departamento de Obras Complementarias de la EBY [&hellip;]","og_url":"https:\/\/cvinoticias.com\/v3\/copa-mujeres-historicas-en-eldorado-las-mujeres-vuelven-a-ser-protagonistas-dijo-britez\/","og_site_name":"CVI NOTICIAS","article_publisher":"https:\/\/www.facebook.com\/cvinoticias","article_published_time":"2021-08-18T01:58:21+00:00","og_image":[{"width":720,"height":531,"url":"https:\/\/cvinoticias.com\/wp-content\/uploads\/2021\/08\/IMG-20210817-WA0166.jpg","type":"image\/jpeg"}],"author":"f1000024","twitter_card":"summary_large_image","twitter_misc":{"Escrito por":"f1000024","Tiempo de lectura":"2 minutos"},"schema":{"@context":"https:\/\/schema.org","@graph":[{"@type":"Article","@id":"https:\/\/cvinoticias.com\/v3\/copa-mujeres-historicas-en-eldorado-las-mujeres-vuelven-a-ser-protagonistas-dijo-britez\/#article","isPartOf":{"@id":"https:\/\/cvinoticias.com\/v3\/copa-mujeres-historicas-en-eldorado-las-mujeres-vuelven-a-ser-protagonistas-dijo-britez\/"},"author":{"name":"f1000024","@id":"https:\/\/cvinoticias.com\/v3\/#\/schema\/person\/2db77e3c6bc03c538495d7b2b8be9b66"},"headline":"Copa Mujeres Hist\u00f3ricas en Eldorado: \u201cLas mujeres vuelven a ser protagonistas\u201d dijo Br\u00edtez","datePublished":"2021-08-18T01:58:21+00:00","mainEntityOfPage":{"@id":"https:\/\/cvinoticias.com\/v3\/copa-mujeres-historicas-en-eldorado-las-mujeres-vuelven-a-ser-protagonistas-dijo-britez\/"},"wordCount":344,"commentCount":0,"publisher":{"@id":"https:\/\/cvinoticias.com\/v3\/#organization"},"image":{"@id":"https:\/\/cvinoticias.com\/v3\/copa-mujeres-historicas-en-eldorado-las-mujeres-vuelven-a-ser-protagonistas-dijo-britez\/#primaryimage"},"thumbnailUrl":"https:\/\/cvinoticias.com\/wp-content\/uploads\/2021\/08\/IMG-20210817-WA0166.jpg","articleSection":["Provinciales"],"inLanguage":"es","potentialAction":[{"@type":"CommentAction","name":"Comment","target":["https:\/\/cvinoticias.com\/v3\/copa-mujeres-historicas-en-eldorado-las-mujeres-vuelven-a-ser-protagonistas-dijo-britez\/#respond"]}]},{"@type":"WebPage","@id":"https:\/\/cvinoticias.com\/v3\/copa-mujeres-historicas-en-eldorado-las-mujeres-vuelven-a-ser-protagonistas-dijo-britez\/","url":"https:\/\/cvinoticias.com\/v3\/copa-mujeres-historicas-en-eldorado-las-mujeres-vuelven-a-ser-protagonistas-dijo-britez\/","name":"Copa Mujeres Hist\u00f3ricas en Eldorado: \u201cLas mujeres vuelven a ser protagonistas\u201d dijo Br\u00edtez | CVI NOTICIAS","isPartOf":{"@id":"https:\/\/cvinoticias.com\/v3\/#website"},"primaryImageOfPage":{"@id":"https:\/\/cvinoticias.com\/v3\/copa-mujeres-historicas-en-eldorado-las-mujeres-vuelven-a-ser-protagonistas-dijo-britez\/#primaryimage"},"image":{"@id":"https:\/\/cvinoticias.com\/v3\/copa-mujeres-historicas-en-eldorado-las-mujeres-vuelven-a-ser-protagonistas-dijo-britez\/#primaryimage"},"thumbnailUrl":"https:\/\/cvinoticias.com\/wp-content\/uploads\/2021\/08\/IMG-20210817-WA0166.jpg","datePublished":"2021-08-18T01:58:21+00:00","breadcrumb":{"@id":"https:\/\/cvinoticias.com\/v3\/copa-mujeres-historicas-en-eldorado-las-mujeres-vuelven-a-ser-protagonistas-dijo-britez\/#breadcrumb"},"inLanguage":"es","potentialAction":[{"@type":"ReadAction","target":["https:\/\/cvinoticias.com\/v3\/copa-mujeres-historicas-en-eldorado-las-mujeres-vuelven-a-ser-protagonistas-dijo-britez\/"]}]},{"@type":"ImageObject","inLanguage":"es","@id":"https:\/\/cvinoticias.com\/v3\/copa-mujeres-historicas-en-eldorado-las-mujeres-vuelven-a-ser-protagonistas-dijo-britez\/#primaryimage","url":"https:\/\/cvinoticias.com\/wp-content\/uploads\/2021\/08\/IMG-20210817-WA0166.jpg","contentUrl":"https:\/\/cvinoticias.com\/wp-content\/uploads\/2021\/08\/IMG-20210817-WA0166.jpg","width":720,"height":531},{"@type":"BreadcrumbList","@id":"https:\/\/cvinoticias.com\/v3\/copa-mujeres-historicas-en-eldorado-las-mujeres-vuelven-a-ser-protagonistas-dijo-britez\/#breadcrumb","itemListElement":[{"@type":"ListItem","position":1,"name":"Portada","item":"https:\/\/cvinoticias.com\/v3\/"},{"@type":"ListItem","position":2,"name":"Copa Mujeres Hist\u00f3ricas en Eldorado: \u201cLas mujeres vuelven a ser protagonistas\u201d dijo Br\u00edtez"}]},{"@type":"WebSite","@id":"https:\/\/cvinoticias.com\/v3\/#website","url":"https:\/\/cvinoticias.com\/v3\/","name":"CVI NOTICIAS","description":"","publisher":{"@id":"https:\/\/cvinoticias.com\/v3\/#organization"},"alternateName":"CVI","potentialAction":[{"@type":"SearchAction","target":{"@type":"EntryPoint","urlTemplate":"https:\/\/cvinoticias.com\/v3\/?s={search_term_string}"},"query-input":{"@type":"PropertyValueSpecification","valueRequired":true,"valueName":"search_term_string"}}],"inLanguage":"es"},{"@type":"Organization","@id":"https:\/\/cvinoticias.com\/v3\/#organization","name":"CVI NOTICIAS","url":"https:\/\/cvinoticias.com\/v3\/","logo":{"@type":"ImageObject","inLanguage":"es","@id":"https:\/\/cvinoticias.com\/v3\/#\/schema\/logo\/image\/","url":"https:\/\/cvinoticias.com\/wp-content\/uploads\/2023\/04\/cropped-cropped-cropped-cropped-cropped-3-1.png","contentUrl":"https:\/\/cvinoticias.com\/wp-content\/uploads\/2023\/04\/cropped-cropped-cropped-cropped-cropped-3-1.png","width":95,"height":122,"caption":"CVI NOTICIAS"},"image":{"@id":"https:\/\/cvinoticias.com\/v3\/#\/schema\/logo\/image\/"},"sameAs":["https:\/\/www.facebook.com\/cvinoticias","https:\/\/www.instagram.com\/cvinoticias\/","https:\/\/www.youtube.com\/@CVINOTICIAS"]},{"@type":"Person","@id":"https:\/\/cvinoticias.com\/v3\/#\/schema\/person\/2db77e3c6bc03c538495d7b2b8be9b66","name":"f1000024","image":{"@type":"ImageObject","inLanguage":"es","@id":"https:\/\/secure.gravatar.com\/avatar\/d4fe7459cfc51ff5129ce1a732bbef5928568b8092d412ef95611616376bbeed?s=96&d=mm&r=g","url":"https:\/\/secure.gravatar.com\/avatar\/d4fe7459cfc51ff5129ce1a732bbef5928568b8092d412ef95611616376bbeed?s=96&d=mm&r=g","contentUrl":"https:\/\/secure.gravatar.com\/avatar\/d4fe7459cfc51ff5129ce1a732bbef5928568b8092d412ef95611616376bbeed?s=96&d=mm&r=g","caption":"f1000024"},"url":"https:\/\/cvinoticias.com\/v3\/author\/f1000024\/"}]}},"_links":{"self":[{"href":"https:\/\/cvinoticias.com\/v3\/wp-json\/wp\/v2\/posts\/7708","targetHints":{"allow":["GET"]}}],"collection":[{"href":"https:\/\/cvinoticias.com\/v3\/wp-json\/wp\/v2\/posts"}],"about":[{"href":"https:\/\/cvinoticias.com\/v3\/wp-json\/wp\/v2\/types\/post"}],"author":[{"embeddable":true,"href":"https:\/\/cvinoticias.com\/v3\/wp-json\/wp\/v2\/users\/2"}],"replies":[{"embeddable":true,"href":"https:\/\/cvinoticias.com\/v3\/wp-json\/wp\/v2\/comments?post=7708"}],"version-history":[{"count":1,"href":"https:\/\/cvinoticias.com\/v3\/wp-json\/wp\/v2\/posts\/7708\/revisions"}],"predecessor-version":[{"id":7711,"href":"https:\/\/cvinoticias.com\/v3\/wp-json\/wp\/v2\/posts\/7708\/revisions\/7711"}],"wp:featuredmedia":[{"embeddable":true,"href":"https:\/\/cvinoticias.com\/v3\/wp-json\/wp\/v2\/media\/7709"}],"wp:attachment":[{"href":"https:\/\/cvinoticias.com\/v3\/wp-json\/wp\/v2\/media?parent=7708"}],"wp:term":[{"taxonomy":"category","embeddable":true,"href":"https:\/\/cvinoticias.com\/v3\/wp-json\/wp\/v2\/categories?post=7708"},{"taxonomy":"post_tag","embeddable":true,"href":"https:\/\/cvinoticias.com\/v3\/wp-json\/wp\/v2\/tags?post=7708"}],"curies":[{"name":"wp","href":"https:\/\/api.w.org\/{rel}","templated":true}]}}