{"id":7705,"date":"2021-08-17T23:12:55","date_gmt":"2021-08-17T23:12:55","guid":{"rendered":"https:\/\/cvinoticias.com\/v3\/?p=7705"},"modified":"2021-08-17T23:12:55","modified_gmt":"2021-08-17T23:12:55","slug":"una-yaguarete-fue-fotografiada-en-el-circuito-superior-del-parque-nacional-iguazu","status":"publish","type":"post","link":"https:\/\/cvinoticias.com\/v3\/una-yaguarete-fue-fotografiada-en-el-circuito-superior-del-parque-nacional-iguazu\/","title":{"rendered":"Una yaguaret\u00e9 fue fotografiada en el circuito superior del Parque Nacional Iguaz\u00fa"},"content":{"rendered":"\n<p><strong><em>Kunum\u00ed es la famosa yaguaret\u00e9 que fue captada caminando en la parte superior de las Cataratas del Iguaz\u00fa. Las fotograf\u00edas tuvieron gran repercusi\u00f3n en las redes.<\/em><\/strong><\/p>\n\n\n\n<p>Seg\u00fan informaron desde la fundaci\u00f3n Proyecto Yaguaret\u00e9, es una hembra nacida en Argentina en el a\u00f1o 2020. Es nieta de Kerana, registrada por primera vez en Argentina en 2014.<\/p>\n\n\n\n<p>Cec\u00edlia Miura, fot\u00f3grafa que se encontraba en el Parque Nacional Do Igua\u00e7u, Brasil, y fue qui\u00e9n pudo divisar al felino en la costa del lado argentino, entre los saltos de las Cataratas del Iguaz\u00fa y tom\u00f3 r\u00e1pidamente las fotograf\u00edas.<\/p>\n\n\n\n<p>R.C<\/p>\n","protected":false},"excerpt":{"rendered":"<p>Kunum\u00ed es la famosa yaguaret\u00e9 que fue captada caminando en la parte superior de las Cataratas del Iguaz\u00fa. Las fotograf\u00edas tuvieron gran repercusi\u00f3n en las redes. Seg\u00fan informaron desde la fundaci\u00f3n Proyecto Yaguaret\u00e9, es una hembra nacida en Argentina en el a\u00f1o 2020. Es nieta de Kerana, registrada por primera vez en Argentina en 2014. [&hellip;]<\/p>\n","protected":false},"author":2,"featured_media":7706,"comment_status":"open","ping_status":"open","sticky":false,"template":"","format":"standard","meta":{"footnotes":""},"categories":[47],"tags":[],"class_list":["post-7705","post","type-post","status-publish","format-standard","has-post-thumbnail","hentry","category-sociedad"],"yoast_head":"<!-- This site is optimized with the Yoast SEO plugin v27.4 - https:\/\/yoast.com\/product\/yoast-seo-wordpress\/ -->\n<title>Una yaguaret\u00e9 fue fotografiada en el circuito superior del Parque Nacional Iguaz\u00fa | CVI NOTICIAS<\/title>\n<meta name=\"robots\" content=\"index, follow, max-snippet:-1, max-image-preview:large, max-video-preview:-1\" \/>\n<link rel=\"canonical\" href=\"https:\/\/cvinoticias.com\/v3\/una-yaguarete-fue-fotografiada-en-el-circuito-superior-del-parque-nacional-iguazu\/\" \/>\n<meta property=\"og:locale\" content=\"es_ES\" \/>\n<meta property=\"og:type\" content=\"article\" \/>\n<meta property=\"og:title\" content=\"Una yaguaret\u00e9 fue fotografiada en el circuito superior del Parque Nacional Iguaz\u00fa | CVI NOTICIAS\" \/>\n<meta property=\"og:description\" content=\"Kunum\u00ed es la famosa yaguaret\u00e9 que fue captada caminando en la parte superior de las Cataratas del Iguaz\u00fa. Las fotograf\u00edas tuvieron gran repercusi\u00f3n en las redes. Seg\u00fan informaron desde la fundaci\u00f3n Proyecto Yaguaret\u00e9, es una hembra nacida en Argentina en el a\u00f1o 2020. Es nieta de Kerana, registrada por primera vez en Argentina en 2014. [&hellip;]\" \/>\n<meta property=\"og:url\" content=\"https:\/\/cvinoticias.com\/v3\/una-yaguarete-fue-fotografiada-en-el-circuito-superior-del-parque-nacional-iguazu\/\" \/>\n<meta property=\"og:site_name\" content=\"CVI NOTICIAS\" \/>\n<meta property=\"article:publisher\" content=\"https:\/\/www.facebook.com\/cvinoticias\" \/>\n<meta property=\"article:published_time\" content=\"2021-08-17T23:12:55+00:00\" \/>\n<meta property=\"og:image\" content=\"https:\/\/cvinoticias.com\/wp-content\/uploads\/2021\/08\/yaguarete-2.jpg\" \/>\n\t<meta property=\"og:image:width\" content=\"700\" \/>\n\t<meta property=\"og:image:height\" content=\"700\" \/>\n\t<meta property=\"og:image:type\" content=\"image\/jpeg\" \/>\n<meta name=\"author\" content=\"f1000024\" \/>\n<meta name=\"twitter:card\" content=\"summary_large_image\" \/>\n<meta name=\"twitter:label1\" content=\"Escrito por\" \/>\n\t<meta name=\"twitter:data1\" content=\"f1000024\" \/>\n\t<meta name=\"twitter:label2\" content=\"Tiempo de lectura\" \/>\n\t<meta name=\"twitter:data2\" content=\"1 minuto\" \/>\n<script type=\"application\/ld+json\" class=\"yoast-schema-graph\">{\"@context\":\"https:\\\/\\\/schema.org\",\"@graph\":[{\"@type\":\"Article\",\"@id\":\"https:\\\/\\\/cvinoticias.com\\\/v3\\\/una-yaguarete-fue-fotografiada-en-el-circuito-superior-del-parque-nacional-iguazu\\\/#article\",\"isPartOf\":{\"@id\":\"https:\\\/\\\/cvinoticias.com\\\/v3\\\/una-yaguarete-fue-fotografiada-en-el-circuito-superior-del-parque-nacional-iguazu\\\/\"},\"author\":{\"name\":\"f1000024\",\"@id\":\"https:\\\/\\\/cvinoticias.com\\\/v3\\\/#\\\/schema\\\/person\\\/2db77e3c6bc03c538495d7b2b8be9b66\"},\"headline\":\"Una yaguaret\u00e9 fue fotografiada en el circuito superior del Parque Nacional Iguaz\u00fa\",\"datePublished\":\"2021-08-17T23:12:55+00:00\",\"mainEntityOfPage\":{\"@id\":\"https:\\\/\\\/cvinoticias.com\\\/v3\\\/una-yaguarete-fue-fotografiada-en-el-circuito-superior-del-parque-nacional-iguazu\\\/\"},\"wordCount\":117,\"commentCount\":0,\"publisher\":{\"@id\":\"https:\\\/\\\/cvinoticias.com\\\/v3\\\/#organization\"},\"image\":{\"@id\":\"https:\\\/\\\/cvinoticias.com\\\/v3\\\/una-yaguarete-fue-fotografiada-en-el-circuito-superior-del-parque-nacional-iguazu\\\/#primaryimage\"},\"thumbnailUrl\":\"https:\\\/\\\/cvinoticias.com\\\/wp-content\\\/uploads\\\/2021\\\/08\\\/yaguarete-2.jpg\",\"articleSection\":[\"Sociedad\"],\"inLanguage\":\"es\",\"potentialAction\":[{\"@type\":\"CommentAction\",\"name\":\"Comment\",\"target\":[\"https:\\\/\\\/cvinoticias.com\\\/v3\\\/una-yaguarete-fue-fotografiada-en-el-circuito-superior-del-parque-nacional-iguazu\\\/#respond\"]}]},{\"@type\":\"WebPage\",\"@id\":\"https:\\\/\\\/cvinoticias.com\\\/v3\\\/una-yaguarete-fue-fotografiada-en-el-circuito-superior-del-parque-nacional-iguazu\\\/\",\"url\":\"https:\\\/\\\/cvinoticias.com\\\/v3\\\/una-yaguarete-fue-fotografiada-en-el-circuito-superior-del-parque-nacional-iguazu\\\/\",\"name\":\"Una yaguaret\u00e9 fue fotografiada en el circuito superior del Parque Nacional Iguaz\u00fa | CVI NOTICIAS\",\"isPartOf\":{\"@id\":\"https:\\\/\\\/cvinoticias.com\\\/v3\\\/#website\"},\"primaryImageOfPage\":{\"@id\":\"https:\\\/\\\/cvinoticias.com\\\/v3\\\/una-yaguarete-fue-fotografiada-en-el-circuito-superior-del-parque-nacional-iguazu\\\/#primaryimage\"},\"image\":{\"@id\":\"https:\\\/\\\/cvinoticias.com\\\/v3\\\/una-yaguarete-fue-fotografiada-en-el-circuito-superior-del-parque-nacional-iguazu\\\/#primaryimage\"},\"thumbnailUrl\":\"https:\\\/\\\/cvinoticias.com\\\/wp-content\\\/uploads\\\/2021\\\/08\\\/yaguarete-2.jpg\",\"datePublished\":\"2021-08-17T23:12:55+00:00\",\"breadcrumb\":{\"@id\":\"https:\\\/\\\/cvinoticias.com\\\/v3\\\/una-yaguarete-fue-fotografiada-en-el-circuito-superior-del-parque-nacional-iguazu\\\/#breadcrumb\"},\"inLanguage\":\"es\",\"potentialAction\":[{\"@type\":\"ReadAction\",\"target\":[\"https:\\\/\\\/cvinoticias.com\\\/v3\\\/una-yaguarete-fue-fotografiada-en-el-circuito-superior-del-parque-nacional-iguazu\\\/\"]}]},{\"@type\":\"ImageObject\",\"inLanguage\":\"es\",\"@id\":\"https:\\\/\\\/cvinoticias.com\\\/v3\\\/una-yaguarete-fue-fotografiada-en-el-circuito-superior-del-parque-nacional-iguazu\\\/#primaryimage\",\"url\":\"https:\\\/\\\/cvinoticias.com\\\/wp-content\\\/uploads\\\/2021\\\/08\\\/yaguarete-2.jpg\",\"contentUrl\":\"https:\\\/\\\/cvinoticias.com\\\/wp-content\\\/uploads\\\/2021\\\/08\\\/yaguarete-2.jpg\",\"width\":700,\"height\":700},{\"@type\":\"BreadcrumbList\",\"@id\":\"https:\\\/\\\/cvinoticias.com\\\/v3\\\/una-yaguarete-fue-fotografiada-en-el-circuito-superior-del-parque-nacional-iguazu\\\/#breadcrumb\",\"itemListElement\":[{\"@type\":\"ListItem\",\"position\":1,\"name\":\"Portada\",\"item\":\"https:\\\/\\\/cvinoticias.com\\\/v3\\\/\"},{\"@type\":\"ListItem\",\"position\":2,\"name\":\"Una yaguaret\u00e9 fue fotografiada en el circuito superior del Parque Nacional Iguaz\u00fa\"}]},{\"@type\":\"WebSite\",\"@id\":\"https:\\\/\\\/cvinoticias.com\\\/v3\\\/#website\",\"url\":\"https:\\\/\\\/cvinoticias.com\\\/v3\\\/\",\"name\":\"CVI NOTICIAS\",\"description\":\"\",\"publisher\":{\"@id\":\"https:\\\/\\\/cvinoticias.com\\\/v3\\\/#organization\"},\"alternateName\":\"CVI\",\"potentialAction\":[{\"@type\":\"SearchAction\",\"target\":{\"@type\":\"EntryPoint\",\"urlTemplate\":\"https:\\\/\\\/cvinoticias.com\\\/v3\\\/?s={search_term_string}\"},\"query-input\":{\"@type\":\"PropertyValueSpecification\",\"valueRequired\":true,\"valueName\":\"search_term_string\"}}],\"inLanguage\":\"es\"},{\"@type\":\"Organization\",\"@id\":\"https:\\\/\\\/cvinoticias.com\\\/v3\\\/#organization\",\"name\":\"CVI NOTICIAS\",\"url\":\"https:\\\/\\\/cvinoticias.com\\\/v3\\\/\",\"logo\":{\"@type\":\"ImageObject\",\"inLanguage\":\"es\",\"@id\":\"https:\\\/\\\/cvinoticias.com\\\/v3\\\/#\\\/schema\\\/logo\\\/image\\\/\",\"url\":\"https:\\\/\\\/cvinoticias.com\\\/wp-content\\\/uploads\\\/2023\\\/04\\\/cropped-cropped-cropped-cropped-cropped-3-1.png\",\"contentUrl\":\"https:\\\/\\\/cvinoticias.com\\\/wp-content\\\/uploads\\\/2023\\\/04\\\/cropped-cropped-cropped-cropped-cropped-3-1.png\",\"width\":95,\"height\":122,\"caption\":\"CVI NOTICIAS\"},\"image\":{\"@id\":\"https:\\\/\\\/cvinoticias.com\\\/v3\\\/#\\\/schema\\\/logo\\\/image\\\/\"},\"sameAs\":[\"https:\\\/\\\/www.facebook.com\\\/cvinoticias\",\"https:\\\/\\\/www.instagram.com\\\/cvinoticias\\\/\",\"https:\\\/\\\/www.youtube.com\\\/@CVINOTICIAS\"]},{\"@type\":\"Person\",\"@id\":\"https:\\\/\\\/cvinoticias.com\\\/v3\\\/#\\\/schema\\\/person\\\/2db77e3c6bc03c538495d7b2b8be9b66\",\"name\":\"f1000024\",\"image\":{\"@type\":\"ImageObject\",\"inLanguage\":\"es\",\"@id\":\"https:\\\/\\\/secure.gravatar.com\\\/avatar\\\/d4fe7459cfc51ff5129ce1a732bbef5928568b8092d412ef95611616376bbeed?s=96&d=mm&r=g\",\"url\":\"https:\\\/\\\/secure.gravatar.com\\\/avatar\\\/d4fe7459cfc51ff5129ce1a732bbef5928568b8092d412ef95611616376bbeed?s=96&d=mm&r=g\",\"contentUrl\":\"https:\\\/\\\/secure.gravatar.com\\\/avatar\\\/d4fe7459cfc51ff5129ce1a732bbef5928568b8092d412ef95611616376bbeed?s=96&d=mm&r=g\",\"caption\":\"f1000024\"},\"url\":\"https:\\\/\\\/cvinoticias.com\\\/v3\\\/author\\\/f1000024\\\/\"}]}<\/script>\n<!-- \/ Yoast SEO plugin. -->","yoast_head_json":{"title":"Una yaguaret\u00e9 fue fotografiada en el circuito superior del Parque Nacional Iguaz\u00fa | CVI NOTICIAS","robots":{"index":"index","follow":"follow","max-snippet":"max-snippet:-1","max-image-preview":"max-image-preview:large","max-video-preview":"max-video-preview:-1"},"canonical":"https:\/\/cvinoticias.com\/v3\/una-yaguarete-fue-fotografiada-en-el-circuito-superior-del-parque-nacional-iguazu\/","og_locale":"es_ES","og_type":"article","og_title":"Una yaguaret\u00e9 fue fotografiada en el circuito superior del Parque Nacional Iguaz\u00fa | CVI NOTICIAS","og_description":"Kunum\u00ed es la famosa yaguaret\u00e9 que fue captada caminando en la parte superior de las Cataratas del Iguaz\u00fa. Las fotograf\u00edas tuvieron gran repercusi\u00f3n en las redes. Seg\u00fan informaron desde la fundaci\u00f3n Proyecto Yaguaret\u00e9, es una hembra nacida en Argentina en el a\u00f1o 2020. Es nieta de Kerana, registrada por primera vez en Argentina en 2014. [&hellip;]","og_url":"https:\/\/cvinoticias.com\/v3\/una-yaguarete-fue-fotografiada-en-el-circuito-superior-del-parque-nacional-iguazu\/","og_site_name":"CVI NOTICIAS","article_publisher":"https:\/\/www.facebook.com\/cvinoticias","article_published_time":"2021-08-17T23:12:55+00:00","og_image":[{"width":700,"height":700,"url":"https:\/\/cvinoticias.com\/wp-content\/uploads\/2021\/08\/yaguarete-2.jpg","type":"image\/jpeg"}],"author":"f1000024","twitter_card":"summary_large_image","twitter_misc":{"Escrito por":"f1000024","Tiempo de lectura":"1 minuto"},"schema":{"@context":"https:\/\/schema.org","@graph":[{"@type":"Article","@id":"https:\/\/cvinoticias.com\/v3\/una-yaguarete-fue-fotografiada-en-el-circuito-superior-del-parque-nacional-iguazu\/#article","isPartOf":{"@id":"https:\/\/cvinoticias.com\/v3\/una-yaguarete-fue-fotografiada-en-el-circuito-superior-del-parque-nacional-iguazu\/"},"author":{"name":"f1000024","@id":"https:\/\/cvinoticias.com\/v3\/#\/schema\/person\/2db77e3c6bc03c538495d7b2b8be9b66"},"headline":"Una yaguaret\u00e9 fue fotografiada en el circuito superior del Parque Nacional Iguaz\u00fa","datePublished":"2021-08-17T23:12:55+00:00","mainEntityOfPage":{"@id":"https:\/\/cvinoticias.com\/v3\/una-yaguarete-fue-fotografiada-en-el-circuito-superior-del-parque-nacional-iguazu\/"},"wordCount":117,"commentCount":0,"publisher":{"@id":"https:\/\/cvinoticias.com\/v3\/#organization"},"image":{"@id":"https:\/\/cvinoticias.com\/v3\/una-yaguarete-fue-fotografiada-en-el-circuito-superior-del-parque-nacional-iguazu\/#primaryimage"},"thumbnailUrl":"https:\/\/cvinoticias.com\/wp-content\/uploads\/2021\/08\/yaguarete-2.jpg","articleSection":["Sociedad"],"inLanguage":"es","potentialAction":[{"@type":"CommentAction","name":"Comment","target":["https:\/\/cvinoticias.com\/v3\/una-yaguarete-fue-fotografiada-en-el-circuito-superior-del-parque-nacional-iguazu\/#respond"]}]},{"@type":"WebPage","@id":"https:\/\/cvinoticias.com\/v3\/una-yaguarete-fue-fotografiada-en-el-circuito-superior-del-parque-nacional-iguazu\/","url":"https:\/\/cvinoticias.com\/v3\/una-yaguarete-fue-fotografiada-en-el-circuito-superior-del-parque-nacional-iguazu\/","name":"Una yaguaret\u00e9 fue fotografiada en el circuito superior del Parque Nacional Iguaz\u00fa | CVI NOTICIAS","isPartOf":{"@id":"https:\/\/cvinoticias.com\/v3\/#website"},"primaryImageOfPage":{"@id":"https:\/\/cvinoticias.com\/v3\/una-yaguarete-fue-fotografiada-en-el-circuito-superior-del-parque-nacional-iguazu\/#primaryimage"},"image":{"@id":"https:\/\/cvinoticias.com\/v3\/una-yaguarete-fue-fotografiada-en-el-circuito-superior-del-parque-nacional-iguazu\/#primaryimage"},"thumbnailUrl":"https:\/\/cvinoticias.com\/wp-content\/uploads\/2021\/08\/yaguarete-2.jpg","datePublished":"2021-08-17T23:12:55+00:00","breadcrumb":{"@id":"https:\/\/cvinoticias.com\/v3\/una-yaguarete-fue-fotografiada-en-el-circuito-superior-del-parque-nacional-iguazu\/#breadcrumb"},"inLanguage":"es","potentialAction":[{"@type":"ReadAction","target":["https:\/\/cvinoticias.com\/v3\/una-yaguarete-fue-fotografiada-en-el-circuito-superior-del-parque-nacional-iguazu\/"]}]},{"@type":"ImageObject","inLanguage":"es","@id":"https:\/\/cvinoticias.com\/v3\/una-yaguarete-fue-fotografiada-en-el-circuito-superior-del-parque-nacional-iguazu\/#primaryimage","url":"https:\/\/cvinoticias.com\/wp-content\/uploads\/2021\/08\/yaguarete-2.jpg","contentUrl":"https:\/\/cvinoticias.com\/wp-content\/uploads\/2021\/08\/yaguarete-2.jpg","width":700,"height":700},{"@type":"BreadcrumbList","@id":"https:\/\/cvinoticias.com\/v3\/una-yaguarete-fue-fotografiada-en-el-circuito-superior-del-parque-nacional-iguazu\/#breadcrumb","itemListElement":[{"@type":"ListItem","position":1,"name":"Portada","item":"https:\/\/cvinoticias.com\/v3\/"},{"@type":"ListItem","position":2,"name":"Una yaguaret\u00e9 fue fotografiada en el circuito superior del Parque Nacional Iguaz\u00fa"}]},{"@type":"WebSite","@id":"https:\/\/cvinoticias.com\/v3\/#website","url":"https:\/\/cvinoticias.com\/v3\/","name":"CVI NOTICIAS","description":"","publisher":{"@id":"https:\/\/cvinoticias.com\/v3\/#organization"},"alternateName":"CVI","potentialAction":[{"@type":"SearchAction","target":{"@type":"EntryPoint","urlTemplate":"https:\/\/cvinoticias.com\/v3\/?s={search_term_string}"},"query-input":{"@type":"PropertyValueSpecification","valueRequired":true,"valueName":"search_term_string"}}],"inLanguage":"es"},{"@type":"Organization","@id":"https:\/\/cvinoticias.com\/v3\/#organization","name":"CVI NOTICIAS","url":"https:\/\/cvinoticias.com\/v3\/","logo":{"@type":"ImageObject","inLanguage":"es","@id":"https:\/\/cvinoticias.com\/v3\/#\/schema\/logo\/image\/","url":"https:\/\/cvinoticias.com\/wp-content\/uploads\/2023\/04\/cropped-cropped-cropped-cropped-cropped-3-1.png","contentUrl":"https:\/\/cvinoticias.com\/wp-content\/uploads\/2023\/04\/cropped-cropped-cropped-cropped-cropped-3-1.png","width":95,"height":122,"caption":"CVI NOTICIAS"},"image":{"@id":"https:\/\/cvinoticias.com\/v3\/#\/schema\/logo\/image\/"},"sameAs":["https:\/\/www.facebook.com\/cvinoticias","https:\/\/www.instagram.com\/cvinoticias\/","https:\/\/www.youtube.com\/@CVINOTICIAS"]},{"@type":"Person","@id":"https:\/\/cvinoticias.com\/v3\/#\/schema\/person\/2db77e3c6bc03c538495d7b2b8be9b66","name":"f1000024","image":{"@type":"ImageObject","inLanguage":"es","@id":"https:\/\/secure.gravatar.com\/avatar\/d4fe7459cfc51ff5129ce1a732bbef5928568b8092d412ef95611616376bbeed?s=96&d=mm&r=g","url":"https:\/\/secure.gravatar.com\/avatar\/d4fe7459cfc51ff5129ce1a732bbef5928568b8092d412ef95611616376bbeed?s=96&d=mm&r=g","contentUrl":"https:\/\/secure.gravatar.com\/avatar\/d4fe7459cfc51ff5129ce1a732bbef5928568b8092d412ef95611616376bbeed?s=96&d=mm&r=g","caption":"f1000024"},"url":"https:\/\/cvinoticias.com\/v3\/author\/f1000024\/"}]}},"_links":{"self":[{"href":"https:\/\/cvinoticias.com\/v3\/wp-json\/wp\/v2\/posts\/7705","targetHints":{"allow":["GET"]}}],"collection":[{"href":"https:\/\/cvinoticias.com\/v3\/wp-json\/wp\/v2\/posts"}],"about":[{"href":"https:\/\/cvinoticias.com\/v3\/wp-json\/wp\/v2\/types\/post"}],"author":[{"embeddable":true,"href":"https:\/\/cvinoticias.com\/v3\/wp-json\/wp\/v2\/users\/2"}],"replies":[{"embeddable":true,"href":"https:\/\/cvinoticias.com\/v3\/wp-json\/wp\/v2\/comments?post=7705"}],"version-history":[{"count":1,"href":"https:\/\/cvinoticias.com\/v3\/wp-json\/wp\/v2\/posts\/7705\/revisions"}],"predecessor-version":[{"id":7707,"href":"https:\/\/cvinoticias.com\/v3\/wp-json\/wp\/v2\/posts\/7705\/revisions\/7707"}],"wp:featuredmedia":[{"embeddable":true,"href":"https:\/\/cvinoticias.com\/v3\/wp-json\/wp\/v2\/media\/7706"}],"wp:attachment":[{"href":"https:\/\/cvinoticias.com\/v3\/wp-json\/wp\/v2\/media?parent=7705"}],"wp:term":[{"taxonomy":"category","embeddable":true,"href":"https:\/\/cvinoticias.com\/v3\/wp-json\/wp\/v2\/categories?post=7705"},{"taxonomy":"post_tag","embeddable":true,"href":"https:\/\/cvinoticias.com\/v3\/wp-json\/wp\/v2\/tags?post=7705"}],"curies":[{"name":"wp","href":"https:\/\/api.w.org\/{rel}","templated":true}]}}