{"id":7696,"date":"2021-08-17T21:05:41","date_gmt":"2021-08-17T21:05:41","guid":{"rendered":"https:\/\/cvinoticias.com\/v3\/?p=7696"},"modified":"2021-08-17T21:05:41","modified_gmt":"2021-08-17T21:05:41","slug":"aseguran-que-la-vacuna-argentina-contra-el-coronavirus-podria-entrar-en-fase-1-a-principios-de-2022","status":"publish","type":"post","link":"https:\/\/cvinoticias.com\/v3\/aseguran-que-la-vacuna-argentina-contra-el-coronavirus-podria-entrar-en-fase-1-a-principios-de-2022\/","title":{"rendered":"Aseguran que la vacuna argentina contra el coronavirus podr\u00eda entrar en fase 1 a principios de 2022"},"content":{"rendered":"\n<p><a href=\"https:\/\/enfoquemisiones.com\/aseguran-que-la-vacuna-argentina-contra-el-coronavirus-podria-entrar-en-fase-1-a-principios-de-2022\/#\"><\/a><strong><em>La vacuna contra el coronavirus que est\u00e1n desarrollando en conjunto el Conicet y la Universidad de San Mart\u00edn (Unsam) ser\u00e1 utilizada como un \u00abbooster\u00bb, un refuerzo de otras, y los ensayos con voluntarios de fase 1 podr\u00edan comenzar a principios de 2022, asegur\u00f3 hoy el presidente de la Agencia Nacional de Promoci\u00f3n de la Investigaci\u00f3n, el Desarrollo Tecnol\u00f3gico y la Innovaci\u00f3n (I+D+i), Fernando Peirano.<\/em><\/strong><\/p>\n\n\n\n<p>El funcionario destac\u00f3 que el proyecto de la vacuna argentina contra el coronavirus \u00abArvac Cecilia Grierson\u00bb, dirigido por Juliana Cassataro, del equipo del Instituto de Investigaciones Biotecnol\u00f3gicas de la Universidad Nacional de San Mart\u00edn y el Conicet, es \u00abel que est\u00e1 avanzando m\u00e1s r\u00e1pido\u00bb.<\/p>\n\n\n\n<p>\u00abLa expectativa es que bien a principio del a\u00f1o que viene comience el trabajo en voluntarios, es decir la fase 1, para probar la seguridad y la eficacia de esa vacuna\u00bb, se\u00f1al\u00f3 Peirano.<\/p>\n\n\n\n<p>La vacuna en desarrollo es el primer proyecto seleccionado por la Agencia Nacional de Promoci\u00f3n de la Investigaci\u00f3n, el Desarrollo Tecnol\u00f3gico y la Innovaci\u00f3n (Agencia I+D+i) en el marco de la Unidad Coronavirus que integra junto con el Ministerio de Ciencia, Tecnolog\u00eda e Innovaci\u00f3n de la Naci\u00f3n y el Conicet.<\/p>\n\n\n\n<p>En junio, la Agencia I+D+i aprob\u00f3 un apoyo de 60.000.000 de pesos para concluir la etapa precl\u00ednica de la realizaci\u00f3n de los ensayos de seguridad y capacidad inmune correspondientes y avanzar hacia las etapas cl\u00ednicas que eval\u00faen seguridad y eficacia de las \u00abArvac Cecilia Grierson\u00bb en humanos.<\/p>\n\n\n\n<p>\u00abEst\u00e1 pensada para ser un booster, es decir un refuerzo\u00bb, explic\u00f3 Peirano y estim\u00f3 que se podr\u00e1 utilizar para ampliar el calendario de vacunaci\u00f3n \u00abincluyendo una vacuna regular frente al coronavirus\u00bb.<\/p>\n\n\n\n<p>En ese sentido, destac\u00f3 la importancia de que esa vacuna regular \u00absea dise\u00f1ada, producida y aplicada en Argentina, y tambi\u00e9n en Am\u00e9rica Latina y en otros pa\u00edses del mundo\u00bb.<\/p>\n\n\n\n<p>El grupo interdisciplinario de investigadores e investigadoras obtuvo dos prototipos de vacuna que en estudios en modelos animales demostraron capacidad para inducir muy buenos niveles de anticuerpos neutralizantes del virus y respuesta inmune celular T, en l\u00ednea con los requerimientos actuales para vacunas que previenen la Covid-19.<\/p>\n\n\n\n<p>Por otro lado, el funcionario remarc\u00f3 que la vacuna en desarrollo \u00abArvac Cecilia Grierson\u00bb no es el \u00fanico proyecto, sino que \u00abhay otros en marcha que vienen atr\u00e1s y los estamos terminando de evaluar para darle un apoyo fuerte, el apoyo de los recursos necesarios para atravesar la fase precl\u00ednica\u00bb.<\/p>\n\n\n\n<p>\u00abAs\u00ed que la Argentina ah\u00ed tiene un potencial donde la vacuna sin duda es salud, pero tambi\u00e9n es desarrollo, es capacidad de presentarnos al mundo y contribuir con algo que es muy necesario hoy por hoy\u00bb, finaliz\u00f3.<\/p>\n\n\n\n<p><\/p>\n\n\n\n<p><strong>Fuente: T\u00e9lam<\/strong><\/p>\n\n\n\n<figure class=\"wp-block-image\"><img decoding=\"async\" data-src=\"https:\/\/enfoquemisiones.com\/wp-content\/uploads\/2019\/01\/logo-em.png\" alt=\"Enfoque Misiones\" src=\"data:image\/svg+xml;base64,PHN2ZyB3aWR0aD0iMSIgaGVpZ2h0PSIxIiB4bWxucz0iaHR0cDovL3d3dy53My5vcmcvMjAwMC9zdmciPjwvc3ZnPg==\" class=\"lazyload\" \/><\/figure>\n\n\n\n<p><a href=\"https:\/\/enfoquemisiones.com\/\"><br><\/a><a href=\"https:\/\/enfoquemisiones.com\/aseguran-que-la-vacuna-argentina-contra-el-coronavirus-podria-entrar-en-fase-1-a-principios-de-2022\/#\"><\/a><\/p>\n","protected":false},"excerpt":{"rendered":"<p>La vacuna contra el coronavirus que est\u00e1n desarrollando en conjunto el Conicet y la Universidad de San Mart\u00edn (Unsam) ser\u00e1 utilizada como un \u00abbooster\u00bb, un refuerzo de otras, y los ensayos con voluntarios de fase 1 podr\u00edan comenzar a principios de 2022, asegur\u00f3 hoy el presidente de la Agencia Nacional de Promoci\u00f3n de la Investigaci\u00f3n, [&hellip;]<\/p>\n","protected":false},"author":2,"featured_media":7697,"comment_status":"open","ping_status":"open","sticky":false,"template":"","format":"standard","meta":{"footnotes":""},"categories":[22],"tags":[],"class_list":["post-7696","post","type-post","status-publish","format-standard","has-post-thumbnail","hentry","category-salud"],"yoast_head":"<!-- This site is optimized with the Yoast SEO plugin v27.4 - https:\/\/yoast.com\/product\/yoast-seo-wordpress\/ -->\n<title>Aseguran que la vacuna argentina contra el coronavirus podr\u00eda entrar en fase 1 a principios de 2022 | CVI NOTICIAS<\/title>\n<meta name=\"robots\" content=\"index, follow, max-snippet:-1, max-image-preview:large, max-video-preview:-1\" \/>\n<link rel=\"canonical\" href=\"https:\/\/cvinoticias.com\/v3\/aseguran-que-la-vacuna-argentina-contra-el-coronavirus-podria-entrar-en-fase-1-a-principios-de-2022\/\" \/>\n<meta property=\"og:locale\" content=\"es_ES\" \/>\n<meta property=\"og:type\" content=\"article\" \/>\n<meta property=\"og:title\" content=\"Aseguran que la vacuna argentina contra el coronavirus podr\u00eda entrar en fase 1 a principios de 2022 | CVI NOTICIAS\" \/>\n<meta property=\"og:description\" content=\"La vacuna contra el coronavirus que est\u00e1n desarrollando en conjunto el Conicet y la Universidad de San Mart\u00edn (Unsam) ser\u00e1 utilizada como un \u00abbooster\u00bb, un refuerzo de otras, y los ensayos con voluntarios de fase 1 podr\u00edan comenzar a principios de 2022, asegur\u00f3 hoy el presidente de la Agencia Nacional de Promoci\u00f3n de la Investigaci\u00f3n, [&hellip;]\" \/>\n<meta property=\"og:url\" content=\"https:\/\/cvinoticias.com\/v3\/aseguran-que-la-vacuna-argentina-contra-el-coronavirus-podria-entrar-en-fase-1-a-principios-de-2022\/\" \/>\n<meta property=\"og:site_name\" content=\"CVI NOTICIAS\" \/>\n<meta property=\"article:publisher\" content=\"https:\/\/www.facebook.com\/cvinoticias\" \/>\n<meta property=\"article:published_time\" content=\"2021-08-17T21:05:41+00:00\" \/>\n<meta property=\"og:image\" content=\"https:\/\/cvinoticias.com\/wp-content\/uploads\/2021\/08\/vacuna-covid-argentina-900x600-1.jpg\" \/>\n\t<meta property=\"og:image:width\" content=\"900\" \/>\n\t<meta property=\"og:image:height\" content=\"600\" \/>\n\t<meta property=\"og:image:type\" content=\"image\/jpeg\" \/>\n<meta name=\"author\" content=\"f1000024\" \/>\n<meta name=\"twitter:card\" content=\"summary_large_image\" \/>\n<meta name=\"twitter:label1\" content=\"Escrito por\" \/>\n\t<meta name=\"twitter:data1\" content=\"f1000024\" \/>\n\t<meta name=\"twitter:label2\" content=\"Tiempo de lectura\" \/>\n\t<meta name=\"twitter:data2\" content=\"2 minutos\" \/>\n<script type=\"application\/ld+json\" class=\"yoast-schema-graph\">{\"@context\":\"https:\\\/\\\/schema.org\",\"@graph\":[{\"@type\":\"Article\",\"@id\":\"https:\\\/\\\/cvinoticias.com\\\/v3\\\/aseguran-que-la-vacuna-argentina-contra-el-coronavirus-podria-entrar-en-fase-1-a-principios-de-2022\\\/#article\",\"isPartOf\":{\"@id\":\"https:\\\/\\\/cvinoticias.com\\\/v3\\\/aseguran-que-la-vacuna-argentina-contra-el-coronavirus-podria-entrar-en-fase-1-a-principios-de-2022\\\/\"},\"author\":{\"name\":\"f1000024\",\"@id\":\"https:\\\/\\\/cvinoticias.com\\\/v3\\\/#\\\/schema\\\/person\\\/2db77e3c6bc03c538495d7b2b8be9b66\"},\"headline\":\"Aseguran que la vacuna argentina contra el coronavirus podr\u00eda entrar en fase 1 a principios de 2022\",\"datePublished\":\"2021-08-17T21:05:41+00:00\",\"mainEntityOfPage\":{\"@id\":\"https:\\\/\\\/cvinoticias.com\\\/v3\\\/aseguran-que-la-vacuna-argentina-contra-el-coronavirus-podria-entrar-en-fase-1-a-principios-de-2022\\\/\"},\"wordCount\":486,\"commentCount\":0,\"publisher\":{\"@id\":\"https:\\\/\\\/cvinoticias.com\\\/v3\\\/#organization\"},\"image\":{\"@id\":\"https:\\\/\\\/cvinoticias.com\\\/v3\\\/aseguran-que-la-vacuna-argentina-contra-el-coronavirus-podria-entrar-en-fase-1-a-principios-de-2022\\\/#primaryimage\"},\"thumbnailUrl\":\"https:\\\/\\\/cvinoticias.com\\\/wp-content\\\/uploads\\\/2021\\\/08\\\/vacuna-covid-argentina-900x600-1.jpg\",\"articleSection\":[\"Salud\"],\"inLanguage\":\"es\",\"potentialAction\":[{\"@type\":\"CommentAction\",\"name\":\"Comment\",\"target\":[\"https:\\\/\\\/cvinoticias.com\\\/v3\\\/aseguran-que-la-vacuna-argentina-contra-el-coronavirus-podria-entrar-en-fase-1-a-principios-de-2022\\\/#respond\"]}]},{\"@type\":\"WebPage\",\"@id\":\"https:\\\/\\\/cvinoticias.com\\\/v3\\\/aseguran-que-la-vacuna-argentina-contra-el-coronavirus-podria-entrar-en-fase-1-a-principios-de-2022\\\/\",\"url\":\"https:\\\/\\\/cvinoticias.com\\\/v3\\\/aseguran-que-la-vacuna-argentina-contra-el-coronavirus-podria-entrar-en-fase-1-a-principios-de-2022\\\/\",\"name\":\"Aseguran que la vacuna argentina contra el coronavirus podr\u00eda entrar en fase 1 a principios de 2022 | CVI NOTICIAS\",\"isPartOf\":{\"@id\":\"https:\\\/\\\/cvinoticias.com\\\/v3\\\/#website\"},\"primaryImageOfPage\":{\"@id\":\"https:\\\/\\\/cvinoticias.com\\\/v3\\\/aseguran-que-la-vacuna-argentina-contra-el-coronavirus-podria-entrar-en-fase-1-a-principios-de-2022\\\/#primaryimage\"},\"image\":{\"@id\":\"https:\\\/\\\/cvinoticias.com\\\/v3\\\/aseguran-que-la-vacuna-argentina-contra-el-coronavirus-podria-entrar-en-fase-1-a-principios-de-2022\\\/#primaryimage\"},\"thumbnailUrl\":\"https:\\\/\\\/cvinoticias.com\\\/wp-content\\\/uploads\\\/2021\\\/08\\\/vacuna-covid-argentina-900x600-1.jpg\",\"datePublished\":\"2021-08-17T21:05:41+00:00\",\"breadcrumb\":{\"@id\":\"https:\\\/\\\/cvinoticias.com\\\/v3\\\/aseguran-que-la-vacuna-argentina-contra-el-coronavirus-podria-entrar-en-fase-1-a-principios-de-2022\\\/#breadcrumb\"},\"inLanguage\":\"es\",\"potentialAction\":[{\"@type\":\"ReadAction\",\"target\":[\"https:\\\/\\\/cvinoticias.com\\\/v3\\\/aseguran-que-la-vacuna-argentina-contra-el-coronavirus-podria-entrar-en-fase-1-a-principios-de-2022\\\/\"]}]},{\"@type\":\"ImageObject\",\"inLanguage\":\"es\",\"@id\":\"https:\\\/\\\/cvinoticias.com\\\/v3\\\/aseguran-que-la-vacuna-argentina-contra-el-coronavirus-podria-entrar-en-fase-1-a-principios-de-2022\\\/#primaryimage\",\"url\":\"https:\\\/\\\/cvinoticias.com\\\/wp-content\\\/uploads\\\/2021\\\/08\\\/vacuna-covid-argentina-900x600-1.jpg\",\"contentUrl\":\"https:\\\/\\\/cvinoticias.com\\\/wp-content\\\/uploads\\\/2021\\\/08\\\/vacuna-covid-argentina-900x600-1.jpg\",\"width\":900,\"height\":600},{\"@type\":\"BreadcrumbList\",\"@id\":\"https:\\\/\\\/cvinoticias.com\\\/v3\\\/aseguran-que-la-vacuna-argentina-contra-el-coronavirus-podria-entrar-en-fase-1-a-principios-de-2022\\\/#breadcrumb\",\"itemListElement\":[{\"@type\":\"ListItem\",\"position\":1,\"name\":\"Portada\",\"item\":\"https:\\\/\\\/cvinoticias.com\\\/v3\\\/\"},{\"@type\":\"ListItem\",\"position\":2,\"name\":\"Aseguran que la vacuna argentina contra el coronavirus podr\u00eda entrar en fase 1 a principios de 2022\"}]},{\"@type\":\"WebSite\",\"@id\":\"https:\\\/\\\/cvinoticias.com\\\/v3\\\/#website\",\"url\":\"https:\\\/\\\/cvinoticias.com\\\/v3\\\/\",\"name\":\"CVI NOTICIAS\",\"description\":\"\",\"publisher\":{\"@id\":\"https:\\\/\\\/cvinoticias.com\\\/v3\\\/#organization\"},\"alternateName\":\"CVI\",\"potentialAction\":[{\"@type\":\"SearchAction\",\"target\":{\"@type\":\"EntryPoint\",\"urlTemplate\":\"https:\\\/\\\/cvinoticias.com\\\/v3\\\/?s={search_term_string}\"},\"query-input\":{\"@type\":\"PropertyValueSpecification\",\"valueRequired\":true,\"valueName\":\"search_term_string\"}}],\"inLanguage\":\"es\"},{\"@type\":\"Organization\",\"@id\":\"https:\\\/\\\/cvinoticias.com\\\/v3\\\/#organization\",\"name\":\"CVI NOTICIAS\",\"url\":\"https:\\\/\\\/cvinoticias.com\\\/v3\\\/\",\"logo\":{\"@type\":\"ImageObject\",\"inLanguage\":\"es\",\"@id\":\"https:\\\/\\\/cvinoticias.com\\\/v3\\\/#\\\/schema\\\/logo\\\/image\\\/\",\"url\":\"https:\\\/\\\/cvinoticias.com\\\/wp-content\\\/uploads\\\/2023\\\/04\\\/cropped-cropped-cropped-cropped-cropped-3-1.png\",\"contentUrl\":\"https:\\\/\\\/cvinoticias.com\\\/wp-content\\\/uploads\\\/2023\\\/04\\\/cropped-cropped-cropped-cropped-cropped-3-1.png\",\"width\":95,\"height\":122,\"caption\":\"CVI NOTICIAS\"},\"image\":{\"@id\":\"https:\\\/\\\/cvinoticias.com\\\/v3\\\/#\\\/schema\\\/logo\\\/image\\\/\"},\"sameAs\":[\"https:\\\/\\\/www.facebook.com\\\/cvinoticias\",\"https:\\\/\\\/www.instagram.com\\\/cvinoticias\\\/\",\"https:\\\/\\\/www.youtube.com\\\/@CVINOTICIAS\"]},{\"@type\":\"Person\",\"@id\":\"https:\\\/\\\/cvinoticias.com\\\/v3\\\/#\\\/schema\\\/person\\\/2db77e3c6bc03c538495d7b2b8be9b66\",\"name\":\"f1000024\",\"image\":{\"@type\":\"ImageObject\",\"inLanguage\":\"es\",\"@id\":\"https:\\\/\\\/secure.gravatar.com\\\/avatar\\\/d4fe7459cfc51ff5129ce1a732bbef5928568b8092d412ef95611616376bbeed?s=96&d=mm&r=g\",\"url\":\"https:\\\/\\\/secure.gravatar.com\\\/avatar\\\/d4fe7459cfc51ff5129ce1a732bbef5928568b8092d412ef95611616376bbeed?s=96&d=mm&r=g\",\"contentUrl\":\"https:\\\/\\\/secure.gravatar.com\\\/avatar\\\/d4fe7459cfc51ff5129ce1a732bbef5928568b8092d412ef95611616376bbeed?s=96&d=mm&r=g\",\"caption\":\"f1000024\"},\"url\":\"https:\\\/\\\/cvinoticias.com\\\/v3\\\/author\\\/f1000024\\\/\"}]}<\/script>\n<!-- \/ Yoast SEO plugin. -->","yoast_head_json":{"title":"Aseguran que la vacuna argentina contra el coronavirus podr\u00eda entrar en fase 1 a principios de 2022 | CVI NOTICIAS","robots":{"index":"index","follow":"follow","max-snippet":"max-snippet:-1","max-image-preview":"max-image-preview:large","max-video-preview":"max-video-preview:-1"},"canonical":"https:\/\/cvinoticias.com\/v3\/aseguran-que-la-vacuna-argentina-contra-el-coronavirus-podria-entrar-en-fase-1-a-principios-de-2022\/","og_locale":"es_ES","og_type":"article","og_title":"Aseguran que la vacuna argentina contra el coronavirus podr\u00eda entrar en fase 1 a principios de 2022 | CVI NOTICIAS","og_description":"La vacuna contra el coronavirus que est\u00e1n desarrollando en conjunto el Conicet y la Universidad de San Mart\u00edn (Unsam) ser\u00e1 utilizada como un \u00abbooster\u00bb, un refuerzo de otras, y los ensayos con voluntarios de fase 1 podr\u00edan comenzar a principios de 2022, asegur\u00f3 hoy el presidente de la Agencia Nacional de Promoci\u00f3n de la Investigaci\u00f3n, [&hellip;]","og_url":"https:\/\/cvinoticias.com\/v3\/aseguran-que-la-vacuna-argentina-contra-el-coronavirus-podria-entrar-en-fase-1-a-principios-de-2022\/","og_site_name":"CVI NOTICIAS","article_publisher":"https:\/\/www.facebook.com\/cvinoticias","article_published_time":"2021-08-17T21:05:41+00:00","og_image":[{"width":900,"height":600,"url":"https:\/\/cvinoticias.com\/wp-content\/uploads\/2021\/08\/vacuna-covid-argentina-900x600-1.jpg","type":"image\/jpeg"}],"author":"f1000024","twitter_card":"summary_large_image","twitter_misc":{"Escrito por":"f1000024","Tiempo de lectura":"2 minutos"},"schema":{"@context":"https:\/\/schema.org","@graph":[{"@type":"Article","@id":"https:\/\/cvinoticias.com\/v3\/aseguran-que-la-vacuna-argentina-contra-el-coronavirus-podria-entrar-en-fase-1-a-principios-de-2022\/#article","isPartOf":{"@id":"https:\/\/cvinoticias.com\/v3\/aseguran-que-la-vacuna-argentina-contra-el-coronavirus-podria-entrar-en-fase-1-a-principios-de-2022\/"},"author":{"name":"f1000024","@id":"https:\/\/cvinoticias.com\/v3\/#\/schema\/person\/2db77e3c6bc03c538495d7b2b8be9b66"},"headline":"Aseguran que la vacuna argentina contra el coronavirus podr\u00eda entrar en fase 1 a principios de 2022","datePublished":"2021-08-17T21:05:41+00:00","mainEntityOfPage":{"@id":"https:\/\/cvinoticias.com\/v3\/aseguran-que-la-vacuna-argentina-contra-el-coronavirus-podria-entrar-en-fase-1-a-principios-de-2022\/"},"wordCount":486,"commentCount":0,"publisher":{"@id":"https:\/\/cvinoticias.com\/v3\/#organization"},"image":{"@id":"https:\/\/cvinoticias.com\/v3\/aseguran-que-la-vacuna-argentina-contra-el-coronavirus-podria-entrar-en-fase-1-a-principios-de-2022\/#primaryimage"},"thumbnailUrl":"https:\/\/cvinoticias.com\/wp-content\/uploads\/2021\/08\/vacuna-covid-argentina-900x600-1.jpg","articleSection":["Salud"],"inLanguage":"es","potentialAction":[{"@type":"CommentAction","name":"Comment","target":["https:\/\/cvinoticias.com\/v3\/aseguran-que-la-vacuna-argentina-contra-el-coronavirus-podria-entrar-en-fase-1-a-principios-de-2022\/#respond"]}]},{"@type":"WebPage","@id":"https:\/\/cvinoticias.com\/v3\/aseguran-que-la-vacuna-argentina-contra-el-coronavirus-podria-entrar-en-fase-1-a-principios-de-2022\/","url":"https:\/\/cvinoticias.com\/v3\/aseguran-que-la-vacuna-argentina-contra-el-coronavirus-podria-entrar-en-fase-1-a-principios-de-2022\/","name":"Aseguran que la vacuna argentina contra el coronavirus podr\u00eda entrar en fase 1 a principios de 2022 | CVI NOTICIAS","isPartOf":{"@id":"https:\/\/cvinoticias.com\/v3\/#website"},"primaryImageOfPage":{"@id":"https:\/\/cvinoticias.com\/v3\/aseguran-que-la-vacuna-argentina-contra-el-coronavirus-podria-entrar-en-fase-1-a-principios-de-2022\/#primaryimage"},"image":{"@id":"https:\/\/cvinoticias.com\/v3\/aseguran-que-la-vacuna-argentina-contra-el-coronavirus-podria-entrar-en-fase-1-a-principios-de-2022\/#primaryimage"},"thumbnailUrl":"https:\/\/cvinoticias.com\/wp-content\/uploads\/2021\/08\/vacuna-covid-argentina-900x600-1.jpg","datePublished":"2021-08-17T21:05:41+00:00","breadcrumb":{"@id":"https:\/\/cvinoticias.com\/v3\/aseguran-que-la-vacuna-argentina-contra-el-coronavirus-podria-entrar-en-fase-1-a-principios-de-2022\/#breadcrumb"},"inLanguage":"es","potentialAction":[{"@type":"ReadAction","target":["https:\/\/cvinoticias.com\/v3\/aseguran-que-la-vacuna-argentina-contra-el-coronavirus-podria-entrar-en-fase-1-a-principios-de-2022\/"]}]},{"@type":"ImageObject","inLanguage":"es","@id":"https:\/\/cvinoticias.com\/v3\/aseguran-que-la-vacuna-argentina-contra-el-coronavirus-podria-entrar-en-fase-1-a-principios-de-2022\/#primaryimage","url":"https:\/\/cvinoticias.com\/wp-content\/uploads\/2021\/08\/vacuna-covid-argentina-900x600-1.jpg","contentUrl":"https:\/\/cvinoticias.com\/wp-content\/uploads\/2021\/08\/vacuna-covid-argentina-900x600-1.jpg","width":900,"height":600},{"@type":"BreadcrumbList","@id":"https:\/\/cvinoticias.com\/v3\/aseguran-que-la-vacuna-argentina-contra-el-coronavirus-podria-entrar-en-fase-1-a-principios-de-2022\/#breadcrumb","itemListElement":[{"@type":"ListItem","position":1,"name":"Portada","item":"https:\/\/cvinoticias.com\/v3\/"},{"@type":"ListItem","position":2,"name":"Aseguran que la vacuna argentina contra el coronavirus podr\u00eda entrar en fase 1 a principios de 2022"}]},{"@type":"WebSite","@id":"https:\/\/cvinoticias.com\/v3\/#website","url":"https:\/\/cvinoticias.com\/v3\/","name":"CVI NOTICIAS","description":"","publisher":{"@id":"https:\/\/cvinoticias.com\/v3\/#organization"},"alternateName":"CVI","potentialAction":[{"@type":"SearchAction","target":{"@type":"EntryPoint","urlTemplate":"https:\/\/cvinoticias.com\/v3\/?s={search_term_string}"},"query-input":{"@type":"PropertyValueSpecification","valueRequired":true,"valueName":"search_term_string"}}],"inLanguage":"es"},{"@type":"Organization","@id":"https:\/\/cvinoticias.com\/v3\/#organization","name":"CVI NOTICIAS","url":"https:\/\/cvinoticias.com\/v3\/","logo":{"@type":"ImageObject","inLanguage":"es","@id":"https:\/\/cvinoticias.com\/v3\/#\/schema\/logo\/image\/","url":"https:\/\/cvinoticias.com\/wp-content\/uploads\/2023\/04\/cropped-cropped-cropped-cropped-cropped-3-1.png","contentUrl":"https:\/\/cvinoticias.com\/wp-content\/uploads\/2023\/04\/cropped-cropped-cropped-cropped-cropped-3-1.png","width":95,"height":122,"caption":"CVI NOTICIAS"},"image":{"@id":"https:\/\/cvinoticias.com\/v3\/#\/schema\/logo\/image\/"},"sameAs":["https:\/\/www.facebook.com\/cvinoticias","https:\/\/www.instagram.com\/cvinoticias\/","https:\/\/www.youtube.com\/@CVINOTICIAS"]},{"@type":"Person","@id":"https:\/\/cvinoticias.com\/v3\/#\/schema\/person\/2db77e3c6bc03c538495d7b2b8be9b66","name":"f1000024","image":{"@type":"ImageObject","inLanguage":"es","@id":"https:\/\/secure.gravatar.com\/avatar\/d4fe7459cfc51ff5129ce1a732bbef5928568b8092d412ef95611616376bbeed?s=96&d=mm&r=g","url":"https:\/\/secure.gravatar.com\/avatar\/d4fe7459cfc51ff5129ce1a732bbef5928568b8092d412ef95611616376bbeed?s=96&d=mm&r=g","contentUrl":"https:\/\/secure.gravatar.com\/avatar\/d4fe7459cfc51ff5129ce1a732bbef5928568b8092d412ef95611616376bbeed?s=96&d=mm&r=g","caption":"f1000024"},"url":"https:\/\/cvinoticias.com\/v3\/author\/f1000024\/"}]}},"_links":{"self":[{"href":"https:\/\/cvinoticias.com\/v3\/wp-json\/wp\/v2\/posts\/7696","targetHints":{"allow":["GET"]}}],"collection":[{"href":"https:\/\/cvinoticias.com\/v3\/wp-json\/wp\/v2\/posts"}],"about":[{"href":"https:\/\/cvinoticias.com\/v3\/wp-json\/wp\/v2\/types\/post"}],"author":[{"embeddable":true,"href":"https:\/\/cvinoticias.com\/v3\/wp-json\/wp\/v2\/users\/2"}],"replies":[{"embeddable":true,"href":"https:\/\/cvinoticias.com\/v3\/wp-json\/wp\/v2\/comments?post=7696"}],"version-history":[{"count":1,"href":"https:\/\/cvinoticias.com\/v3\/wp-json\/wp\/v2\/posts\/7696\/revisions"}],"predecessor-version":[{"id":7698,"href":"https:\/\/cvinoticias.com\/v3\/wp-json\/wp\/v2\/posts\/7696\/revisions\/7698"}],"wp:featuredmedia":[{"embeddable":true,"href":"https:\/\/cvinoticias.com\/v3\/wp-json\/wp\/v2\/media\/7697"}],"wp:attachment":[{"href":"https:\/\/cvinoticias.com\/v3\/wp-json\/wp\/v2\/media?parent=7696"}],"wp:term":[{"taxonomy":"category","embeddable":true,"href":"https:\/\/cvinoticias.com\/v3\/wp-json\/wp\/v2\/categories?post=7696"},{"taxonomy":"post_tag","embeddable":true,"href":"https:\/\/cvinoticias.com\/v3\/wp-json\/wp\/v2\/tags?post=7696"}],"curies":[{"name":"wp","href":"https:\/\/api.w.org\/{rel}","templated":true}]}}