{"id":7687,"date":"2021-08-17T20:34:34","date_gmt":"2021-08-17T20:34:34","guid":{"rendered":"https:\/\/cvinoticias.com\/v3\/?p=7687"},"modified":"2021-08-17T20:34:34","modified_gmt":"2021-08-17T20:34:34","slug":"facebook-live-en-medio-de-la-selva-pedro-puerta-presento-su-propuesta-en-educacion-a-mas-de-mil-personas","status":"publish","type":"post","link":"https:\/\/cvinoticias.com\/v3\/facebook-live-en-medio-de-la-selva-pedro-puerta-presento-su-propuesta-en-educacion-a-mas-de-mil-personas\/","title":{"rendered":"Facebook Live en medio de la selva: Pedro Puerta present\u00f3 su propuesta en educaci\u00f3n a m\u00e1s de mil personas"},"content":{"rendered":"\n<p><strong><em>El joven precandidato Pedro Puerta present\u00f3 su propuesta \u201cMisiones conecta educaci\u00f3n\u201d , un plan de infraestructura digital que busca llevar puntos digitales con wifi y capacitaciones a los diferentes puntos de la provincia de Misiones.<\/em><\/strong><\/p>\n\n\n\n<p>Desde la reserva Yabot\u00ed Pedro present\u00f3 su propuesta en un Facebook Live acompa\u00f1ado por Andr\u00e9s Ibarra, ex ministro de modernizaci\u00f3n y vicejefe de gabinete durante la gesti\u00f3n 2015-2019, y Aldana Fedorischak, una joven misionera que durante su \u00faltimo examen de la universidad, se qued\u00f3 sin wifi y tuvo que rendir desde la ruta.<\/p>\n\n\n\n<figure class=\"wp-block-image size-large\"><a href=\"https:\/\/cvinoticias.com\/wp-content\/uploads\/2021\/08\/IMG-20210817-WA0100.jpg\"><img decoding=\"async\" width=\"1024\" height=\"682\" data-src=\"https:\/\/cvinoticias.com\/wp-content\/uploads\/2021\/08\/IMG-20210817-WA0100-1024x682.jpg\" alt=\"\" class=\"wp-image-7688 lazyload\" data-srcset=\"https:\/\/cvinoticias.com\/wp-content\/uploads\/2021\/08\/IMG-20210817-WA0100-1024x682.jpg 1024w, https:\/\/cvinoticias.com\/wp-content\/uploads\/2021\/08\/IMG-20210817-WA0100-300x200.jpg 300w, https:\/\/cvinoticias.com\/wp-content\/uploads\/2021\/08\/IMG-20210817-WA0100-768x511.jpg 768w, https:\/\/cvinoticias.com\/wp-content\/uploads\/2021\/08\/IMG-20210817-WA0100.jpg 1280w\" data-sizes=\"(max-width: 1024px) 100vw, 1024px\" src=\"data:image\/svg+xml;base64,PHN2ZyB3aWR0aD0iMSIgaGVpZ2h0PSIxIiB4bWxucz0iaHR0cDovL3d3dy53My5vcmcvMjAwMC9zdmciPjwvc3ZnPg==\" style=\"--smush-placeholder-width: 1024px; --smush-placeholder-aspect-ratio: 1024\/682;\" \/><\/a><\/figure>\n\n\n\n<p>\u201cLa pandemia llev\u00f3 a que m\u00e1s de un mill\u00f3n y medio de chicos y chicas dejaran la escuela por problemas de conectividad, a ellos tenemos que ir a buscarlos, traerlos de vuelta al aula\u201d enfatiz\u00f3 Pedro, y agrega \u201ctenemos que favorecer mecanismos de accesibilidad y asequibilidad. Que haya m\u00e1s lugares desde donde los misioneros puedan conectarse y que lo puedan hacer de manera gratuita o a un precio accesible\u201d.<\/p>\n\n\n\n<p>La propuesta tiene dos grandes ejes: establecer puntos wifi de calidad en diferentes establecimientos educativos p\u00fablicos de toda la provincia y acompa\u00f1arlos con programas de capacitaci\u00f3n en rob\u00f3tica, inform\u00e1tica e innovaci\u00f3n para los niveles primarios, secundarios e universitarios.<\/p>\n\n\n\n<p>\u201cHoy en Misiones s\u00f3lo 4 de cada 10 familias tiene acceso a internet y con una velocidad dos veces m\u00e1s lenta que el promedio nacional y cuatro veces m\u00e1s lenta que la Capital Federal\u201d aclar\u00f3 el precandidato sobre la situaci\u00f3n de conectividad en la provincia. \u201cMisiones necesita generar las bases para que nuestros j\u00f3venes puedan desarrollarse, la pandemia evidenci\u00f3 una situaci\u00f3n cr\u00edtica donde lo digital y la educaci\u00f3n est\u00e1n \u00edntimamente ligados\u201d reflexiona.<\/p>\n\n\n\n<p>Andr\u00e9s Ibarra, responsable del plan de conectividad durante la gesti\u00f3n de Mauricio Macri, particip\u00f3 del evento y expuso \u201cLlegar a las personas que hoy est\u00e1n desconectadas es llevarle oportunidades de crecimiento, oportunidades de formarse y la posibilidad de acceder a contenidos de cualquier parte del mundo\u201d y contin\u00faa \u201ceste proyecto va al coraz\u00f3n de las necesidades la gente y trasciende cualquier bandera pol\u00edtica, en este contexto es m\u00e1s que necesario\u201d.<\/p>\n\n\n\n<p>Para cerrar Pedro termin\u00f3 pidiendo una mayor \u201cdescentralizaci\u00f3n\u201d de los recursos educativos y digitales de la provincia para llegar \u201ca cada joven misionero que hoy no puede estudiar ni conectarse\u201d. \u201cUna Misiones conectada es lograr que los que hoy no tienen internet lo tengan, no es un edificio en el centro de Posadas\u201d. Y finaliza, \u201cSi yo puedo conectarme desde ac\u00e1, Misiones puede hacerlo. El gobierno nacional, el provincial, el congreso puede trabajar porque cada joven tenga acceso a internet y tenga su educaci\u00f3n garantizada.<\/p>\n\n\n\n<figure class=\"wp-block-image size-large\"><a href=\"https:\/\/cvinoticias.com\/wp-content\/uploads\/2021\/08\/IMG-20210817-WA0098.jpg\"><img decoding=\"async\" width=\"1024\" height=\"682\" data-src=\"https:\/\/cvinoticias.com\/wp-content\/uploads\/2021\/08\/IMG-20210817-WA0098-1024x682.jpg\" alt=\"\" class=\"wp-image-7689 lazyload\" data-srcset=\"https:\/\/cvinoticias.com\/wp-content\/uploads\/2021\/08\/IMG-20210817-WA0098-1024x682.jpg 1024w, https:\/\/cvinoticias.com\/wp-content\/uploads\/2021\/08\/IMG-20210817-WA0098-300x200.jpg 300w, https:\/\/cvinoticias.com\/wp-content\/uploads\/2021\/08\/IMG-20210817-WA0098-768x512.jpg 768w, https:\/\/cvinoticias.com\/wp-content\/uploads\/2021\/08\/IMG-20210817-WA0098.jpg 1280w\" data-sizes=\"(max-width: 1024px) 100vw, 1024px\" src=\"data:image\/svg+xml;base64,PHN2ZyB3aWR0aD0iMSIgaGVpZ2h0PSIxIiB4bWxucz0iaHR0cDovL3d3dy53My5vcmcvMjAwMC9zdmciPjwvc3ZnPg==\" style=\"--smush-placeholder-width: 1024px; --smush-placeholder-aspect-ratio: 1024\/682;\" \/><\/a><\/figure>\n","protected":false},"excerpt":{"rendered":"<p>El joven precandidato Pedro Puerta present\u00f3 su propuesta \u201cMisiones conecta educaci\u00f3n\u201d , un plan de infraestructura digital que busca llevar puntos digitales con wifi y capacitaciones a los diferentes puntos de la provincia de Misiones. Desde la reserva Yabot\u00ed Pedro present\u00f3 su propuesta en un Facebook Live acompa\u00f1ado por Andr\u00e9s Ibarra, ex ministro de modernizaci\u00f3n [&hellip;]<\/p>\n","protected":false},"author":2,"featured_media":7690,"comment_status":"open","ping_status":"open","sticky":false,"template":"","format":"standard","meta":{"footnotes":""},"categories":[42],"tags":[],"class_list":["post-7687","post","type-post","status-publish","format-standard","has-post-thumbnail","hentry","category-politica"],"yoast_head":"<!-- This site is optimized with the Yoast SEO plugin v27.5 - https:\/\/yoast.com\/product\/yoast-seo-wordpress\/ -->\n<title>Facebook Live en medio de la selva: Pedro Puerta present\u00f3 su propuesta en educaci\u00f3n a m\u00e1s de mil personas | CVI NOTICIAS<\/title>\n<meta name=\"robots\" content=\"index, follow, max-snippet:-1, max-image-preview:large, max-video-preview:-1\" \/>\n<link rel=\"canonical\" href=\"https:\/\/cvinoticias.com\/v3\/facebook-live-en-medio-de-la-selva-pedro-puerta-presento-su-propuesta-en-educacion-a-mas-de-mil-personas\/\" \/>\n<meta property=\"og:locale\" content=\"es_ES\" \/>\n<meta property=\"og:type\" content=\"article\" \/>\n<meta property=\"og:title\" content=\"Facebook Live en medio de la selva: Pedro Puerta present\u00f3 su propuesta en educaci\u00f3n a m\u00e1s de mil personas | CVI NOTICIAS\" \/>\n<meta property=\"og:description\" content=\"El joven precandidato Pedro Puerta present\u00f3 su propuesta \u201cMisiones conecta educaci\u00f3n\u201d , un plan de infraestructura digital que busca llevar puntos digitales con wifi y capacitaciones a los diferentes puntos de la provincia de Misiones. Desde la reserva Yabot\u00ed Pedro present\u00f3 su propuesta en un Facebook Live acompa\u00f1ado por Andr\u00e9s Ibarra, ex ministro de modernizaci\u00f3n [&hellip;]\" \/>\n<meta property=\"og:url\" content=\"https:\/\/cvinoticias.com\/v3\/facebook-live-en-medio-de-la-selva-pedro-puerta-presento-su-propuesta-en-educacion-a-mas-de-mil-personas\/\" \/>\n<meta property=\"og:site_name\" content=\"CVI NOTICIAS\" \/>\n<meta property=\"article:publisher\" content=\"https:\/\/www.facebook.com\/cvinoticias\" \/>\n<meta property=\"article:published_time\" content=\"2021-08-17T20:34:34+00:00\" \/>\n<meta property=\"og:image\" content=\"https:\/\/cvinoticias.com\/wp-content\/uploads\/2021\/08\/IMG-20210817-WA0101.jpg\" \/>\n\t<meta property=\"og:image:width\" content=\"1280\" \/>\n\t<meta property=\"og:image:height\" content=\"853\" \/>\n\t<meta property=\"og:image:type\" content=\"image\/jpeg\" \/>\n<meta name=\"author\" content=\"f1000024\" \/>\n<meta name=\"twitter:card\" content=\"summary_large_image\" \/>\n<meta name=\"twitter:label1\" content=\"Escrito por\" \/>\n\t<meta name=\"twitter:data1\" content=\"f1000024\" \/>\n\t<meta name=\"twitter:label2\" content=\"Tiempo de lectura\" \/>\n\t<meta name=\"twitter:data2\" content=\"2 minutos\" \/>\n<script type=\"application\/ld+json\" class=\"yoast-schema-graph\">{\"@context\":\"https:\\\/\\\/schema.org\",\"@graph\":[{\"@type\":\"Article\",\"@id\":\"https:\\\/\\\/cvinoticias.com\\\/v3\\\/facebook-live-en-medio-de-la-selva-pedro-puerta-presento-su-propuesta-en-educacion-a-mas-de-mil-personas\\\/#article\",\"isPartOf\":{\"@id\":\"https:\\\/\\\/cvinoticias.com\\\/v3\\\/facebook-live-en-medio-de-la-selva-pedro-puerta-presento-su-propuesta-en-educacion-a-mas-de-mil-personas\\\/\"},\"author\":{\"name\":\"f1000024\",\"@id\":\"https:\\\/\\\/cvinoticias.com\\\/v3\\\/#\\\/schema\\\/person\\\/2db77e3c6bc03c538495d7b2b8be9b66\"},\"headline\":\"Facebook Live en medio de la selva: Pedro Puerta present\u00f3 su propuesta en educaci\u00f3n a m\u00e1s de mil personas\",\"datePublished\":\"2021-08-17T20:34:34+00:00\",\"mainEntityOfPage\":{\"@id\":\"https:\\\/\\\/cvinoticias.com\\\/v3\\\/facebook-live-en-medio-de-la-selva-pedro-puerta-presento-su-propuesta-en-educacion-a-mas-de-mil-personas\\\/\"},\"wordCount\":472,\"commentCount\":0,\"publisher\":{\"@id\":\"https:\\\/\\\/cvinoticias.com\\\/v3\\\/#organization\"},\"image\":{\"@id\":\"https:\\\/\\\/cvinoticias.com\\\/v3\\\/facebook-live-en-medio-de-la-selva-pedro-puerta-presento-su-propuesta-en-educacion-a-mas-de-mil-personas\\\/#primaryimage\"},\"thumbnailUrl\":\"https:\\\/\\\/cvinoticias.com\\\/wp-content\\\/uploads\\\/2021\\\/08\\\/IMG-20210817-WA0101.jpg\",\"articleSection\":[\"Politica\"],\"inLanguage\":\"es\",\"potentialAction\":[{\"@type\":\"CommentAction\",\"name\":\"Comment\",\"target\":[\"https:\\\/\\\/cvinoticias.com\\\/v3\\\/facebook-live-en-medio-de-la-selva-pedro-puerta-presento-su-propuesta-en-educacion-a-mas-de-mil-personas\\\/#respond\"]}]},{\"@type\":\"WebPage\",\"@id\":\"https:\\\/\\\/cvinoticias.com\\\/v3\\\/facebook-live-en-medio-de-la-selva-pedro-puerta-presento-su-propuesta-en-educacion-a-mas-de-mil-personas\\\/\",\"url\":\"https:\\\/\\\/cvinoticias.com\\\/v3\\\/facebook-live-en-medio-de-la-selva-pedro-puerta-presento-su-propuesta-en-educacion-a-mas-de-mil-personas\\\/\",\"name\":\"Facebook Live en medio de la selva: Pedro Puerta present\u00f3 su propuesta en educaci\u00f3n a m\u00e1s de mil personas | CVI NOTICIAS\",\"isPartOf\":{\"@id\":\"https:\\\/\\\/cvinoticias.com\\\/v3\\\/#website\"},\"primaryImageOfPage\":{\"@id\":\"https:\\\/\\\/cvinoticias.com\\\/v3\\\/facebook-live-en-medio-de-la-selva-pedro-puerta-presento-su-propuesta-en-educacion-a-mas-de-mil-personas\\\/#primaryimage\"},\"image\":{\"@id\":\"https:\\\/\\\/cvinoticias.com\\\/v3\\\/facebook-live-en-medio-de-la-selva-pedro-puerta-presento-su-propuesta-en-educacion-a-mas-de-mil-personas\\\/#primaryimage\"},\"thumbnailUrl\":\"https:\\\/\\\/cvinoticias.com\\\/wp-content\\\/uploads\\\/2021\\\/08\\\/IMG-20210817-WA0101.jpg\",\"datePublished\":\"2021-08-17T20:34:34+00:00\",\"breadcrumb\":{\"@id\":\"https:\\\/\\\/cvinoticias.com\\\/v3\\\/facebook-live-en-medio-de-la-selva-pedro-puerta-presento-su-propuesta-en-educacion-a-mas-de-mil-personas\\\/#breadcrumb\"},\"inLanguage\":\"es\",\"potentialAction\":[{\"@type\":\"ReadAction\",\"target\":[\"https:\\\/\\\/cvinoticias.com\\\/v3\\\/facebook-live-en-medio-de-la-selva-pedro-puerta-presento-su-propuesta-en-educacion-a-mas-de-mil-personas\\\/\"]}]},{\"@type\":\"ImageObject\",\"inLanguage\":\"es\",\"@id\":\"https:\\\/\\\/cvinoticias.com\\\/v3\\\/facebook-live-en-medio-de-la-selva-pedro-puerta-presento-su-propuesta-en-educacion-a-mas-de-mil-personas\\\/#primaryimage\",\"url\":\"https:\\\/\\\/cvinoticias.com\\\/wp-content\\\/uploads\\\/2021\\\/08\\\/IMG-20210817-WA0101.jpg\",\"contentUrl\":\"https:\\\/\\\/cvinoticias.com\\\/wp-content\\\/uploads\\\/2021\\\/08\\\/IMG-20210817-WA0101.jpg\",\"width\":1280,\"height\":853},{\"@type\":\"BreadcrumbList\",\"@id\":\"https:\\\/\\\/cvinoticias.com\\\/v3\\\/facebook-live-en-medio-de-la-selva-pedro-puerta-presento-su-propuesta-en-educacion-a-mas-de-mil-personas\\\/#breadcrumb\",\"itemListElement\":[{\"@type\":\"ListItem\",\"position\":1,\"name\":\"Portada\",\"item\":\"https:\\\/\\\/cvinoticias.com\\\/v3\\\/\"},{\"@type\":\"ListItem\",\"position\":2,\"name\":\"Facebook Live en medio de la selva: Pedro Puerta present\u00f3 su propuesta en educaci\u00f3n a m\u00e1s de mil personas\"}]},{\"@type\":\"WebSite\",\"@id\":\"https:\\\/\\\/cvinoticias.com\\\/v3\\\/#website\",\"url\":\"https:\\\/\\\/cvinoticias.com\\\/v3\\\/\",\"name\":\"CVI NOTICIAS\",\"description\":\"\",\"publisher\":{\"@id\":\"https:\\\/\\\/cvinoticias.com\\\/v3\\\/#organization\"},\"alternateName\":\"CVI\",\"potentialAction\":[{\"@type\":\"SearchAction\",\"target\":{\"@type\":\"EntryPoint\",\"urlTemplate\":\"https:\\\/\\\/cvinoticias.com\\\/v3\\\/?s={search_term_string}\"},\"query-input\":{\"@type\":\"PropertyValueSpecification\",\"valueRequired\":true,\"valueName\":\"search_term_string\"}}],\"inLanguage\":\"es\"},{\"@type\":\"Organization\",\"@id\":\"https:\\\/\\\/cvinoticias.com\\\/v3\\\/#organization\",\"name\":\"CVI NOTICIAS\",\"url\":\"https:\\\/\\\/cvinoticias.com\\\/v3\\\/\",\"logo\":{\"@type\":\"ImageObject\",\"inLanguage\":\"es\",\"@id\":\"https:\\\/\\\/cvinoticias.com\\\/v3\\\/#\\\/schema\\\/logo\\\/image\\\/\",\"url\":\"https:\\\/\\\/cvinoticias.com\\\/wp-content\\\/uploads\\\/2023\\\/04\\\/cropped-cropped-cropped-cropped-cropped-3-1.png\",\"contentUrl\":\"https:\\\/\\\/cvinoticias.com\\\/wp-content\\\/uploads\\\/2023\\\/04\\\/cropped-cropped-cropped-cropped-cropped-3-1.png\",\"width\":95,\"height\":122,\"caption\":\"CVI NOTICIAS\"},\"image\":{\"@id\":\"https:\\\/\\\/cvinoticias.com\\\/v3\\\/#\\\/schema\\\/logo\\\/image\\\/\"},\"sameAs\":[\"https:\\\/\\\/www.facebook.com\\\/cvinoticias\",\"https:\\\/\\\/www.instagram.com\\\/cvinoticias\\\/\",\"https:\\\/\\\/www.youtube.com\\\/@CVINOTICIAS\"]},{\"@type\":\"Person\",\"@id\":\"https:\\\/\\\/cvinoticias.com\\\/v3\\\/#\\\/schema\\\/person\\\/2db77e3c6bc03c538495d7b2b8be9b66\",\"name\":\"f1000024\",\"image\":{\"@type\":\"ImageObject\",\"inLanguage\":\"es\",\"@id\":\"https:\\\/\\\/secure.gravatar.com\\\/avatar\\\/d4fe7459cfc51ff5129ce1a732bbef5928568b8092d412ef95611616376bbeed?s=96&d=mm&r=g\",\"url\":\"https:\\\/\\\/secure.gravatar.com\\\/avatar\\\/d4fe7459cfc51ff5129ce1a732bbef5928568b8092d412ef95611616376bbeed?s=96&d=mm&r=g\",\"contentUrl\":\"https:\\\/\\\/secure.gravatar.com\\\/avatar\\\/d4fe7459cfc51ff5129ce1a732bbef5928568b8092d412ef95611616376bbeed?s=96&d=mm&r=g\",\"caption\":\"f1000024\"},\"url\":\"https:\\\/\\\/cvinoticias.com\\\/v3\\\/author\\\/f1000024\\\/\"}]}<\/script>\n<!-- \/ Yoast SEO plugin. -->","yoast_head_json":{"title":"Facebook Live en medio de la selva: Pedro Puerta present\u00f3 su propuesta en educaci\u00f3n a m\u00e1s de mil personas | CVI NOTICIAS","robots":{"index":"index","follow":"follow","max-snippet":"max-snippet:-1","max-image-preview":"max-image-preview:large","max-video-preview":"max-video-preview:-1"},"canonical":"https:\/\/cvinoticias.com\/v3\/facebook-live-en-medio-de-la-selva-pedro-puerta-presento-su-propuesta-en-educacion-a-mas-de-mil-personas\/","og_locale":"es_ES","og_type":"article","og_title":"Facebook Live en medio de la selva: Pedro Puerta present\u00f3 su propuesta en educaci\u00f3n a m\u00e1s de mil personas | CVI NOTICIAS","og_description":"El joven precandidato Pedro Puerta present\u00f3 su propuesta \u201cMisiones conecta educaci\u00f3n\u201d , un plan de infraestructura digital que busca llevar puntos digitales con wifi y capacitaciones a los diferentes puntos de la provincia de Misiones. Desde la reserva Yabot\u00ed Pedro present\u00f3 su propuesta en un Facebook Live acompa\u00f1ado por Andr\u00e9s Ibarra, ex ministro de modernizaci\u00f3n [&hellip;]","og_url":"https:\/\/cvinoticias.com\/v3\/facebook-live-en-medio-de-la-selva-pedro-puerta-presento-su-propuesta-en-educacion-a-mas-de-mil-personas\/","og_site_name":"CVI NOTICIAS","article_publisher":"https:\/\/www.facebook.com\/cvinoticias","article_published_time":"2021-08-17T20:34:34+00:00","og_image":[{"width":1280,"height":853,"url":"https:\/\/cvinoticias.com\/wp-content\/uploads\/2021\/08\/IMG-20210817-WA0101.jpg","type":"image\/jpeg"}],"author":"f1000024","twitter_card":"summary_large_image","twitter_misc":{"Escrito por":"f1000024","Tiempo de lectura":"2 minutos"},"schema":{"@context":"https:\/\/schema.org","@graph":[{"@type":"Article","@id":"https:\/\/cvinoticias.com\/v3\/facebook-live-en-medio-de-la-selva-pedro-puerta-presento-su-propuesta-en-educacion-a-mas-de-mil-personas\/#article","isPartOf":{"@id":"https:\/\/cvinoticias.com\/v3\/facebook-live-en-medio-de-la-selva-pedro-puerta-presento-su-propuesta-en-educacion-a-mas-de-mil-personas\/"},"author":{"name":"f1000024","@id":"https:\/\/cvinoticias.com\/v3\/#\/schema\/person\/2db77e3c6bc03c538495d7b2b8be9b66"},"headline":"Facebook Live en medio de la selva: Pedro Puerta present\u00f3 su propuesta en educaci\u00f3n a m\u00e1s de mil personas","datePublished":"2021-08-17T20:34:34+00:00","mainEntityOfPage":{"@id":"https:\/\/cvinoticias.com\/v3\/facebook-live-en-medio-de-la-selva-pedro-puerta-presento-su-propuesta-en-educacion-a-mas-de-mil-personas\/"},"wordCount":472,"commentCount":0,"publisher":{"@id":"https:\/\/cvinoticias.com\/v3\/#organization"},"image":{"@id":"https:\/\/cvinoticias.com\/v3\/facebook-live-en-medio-de-la-selva-pedro-puerta-presento-su-propuesta-en-educacion-a-mas-de-mil-personas\/#primaryimage"},"thumbnailUrl":"https:\/\/cvinoticias.com\/wp-content\/uploads\/2021\/08\/IMG-20210817-WA0101.jpg","articleSection":["Politica"],"inLanguage":"es","potentialAction":[{"@type":"CommentAction","name":"Comment","target":["https:\/\/cvinoticias.com\/v3\/facebook-live-en-medio-de-la-selva-pedro-puerta-presento-su-propuesta-en-educacion-a-mas-de-mil-personas\/#respond"]}]},{"@type":"WebPage","@id":"https:\/\/cvinoticias.com\/v3\/facebook-live-en-medio-de-la-selva-pedro-puerta-presento-su-propuesta-en-educacion-a-mas-de-mil-personas\/","url":"https:\/\/cvinoticias.com\/v3\/facebook-live-en-medio-de-la-selva-pedro-puerta-presento-su-propuesta-en-educacion-a-mas-de-mil-personas\/","name":"Facebook Live en medio de la selva: Pedro Puerta present\u00f3 su propuesta en educaci\u00f3n a m\u00e1s de mil personas | CVI NOTICIAS","isPartOf":{"@id":"https:\/\/cvinoticias.com\/v3\/#website"},"primaryImageOfPage":{"@id":"https:\/\/cvinoticias.com\/v3\/facebook-live-en-medio-de-la-selva-pedro-puerta-presento-su-propuesta-en-educacion-a-mas-de-mil-personas\/#primaryimage"},"image":{"@id":"https:\/\/cvinoticias.com\/v3\/facebook-live-en-medio-de-la-selva-pedro-puerta-presento-su-propuesta-en-educacion-a-mas-de-mil-personas\/#primaryimage"},"thumbnailUrl":"https:\/\/cvinoticias.com\/wp-content\/uploads\/2021\/08\/IMG-20210817-WA0101.jpg","datePublished":"2021-08-17T20:34:34+00:00","breadcrumb":{"@id":"https:\/\/cvinoticias.com\/v3\/facebook-live-en-medio-de-la-selva-pedro-puerta-presento-su-propuesta-en-educacion-a-mas-de-mil-personas\/#breadcrumb"},"inLanguage":"es","potentialAction":[{"@type":"ReadAction","target":["https:\/\/cvinoticias.com\/v3\/facebook-live-en-medio-de-la-selva-pedro-puerta-presento-su-propuesta-en-educacion-a-mas-de-mil-personas\/"]}]},{"@type":"ImageObject","inLanguage":"es","@id":"https:\/\/cvinoticias.com\/v3\/facebook-live-en-medio-de-la-selva-pedro-puerta-presento-su-propuesta-en-educacion-a-mas-de-mil-personas\/#primaryimage","url":"https:\/\/cvinoticias.com\/wp-content\/uploads\/2021\/08\/IMG-20210817-WA0101.jpg","contentUrl":"https:\/\/cvinoticias.com\/wp-content\/uploads\/2021\/08\/IMG-20210817-WA0101.jpg","width":1280,"height":853},{"@type":"BreadcrumbList","@id":"https:\/\/cvinoticias.com\/v3\/facebook-live-en-medio-de-la-selva-pedro-puerta-presento-su-propuesta-en-educacion-a-mas-de-mil-personas\/#breadcrumb","itemListElement":[{"@type":"ListItem","position":1,"name":"Portada","item":"https:\/\/cvinoticias.com\/v3\/"},{"@type":"ListItem","position":2,"name":"Facebook Live en medio de la selva: Pedro Puerta present\u00f3 su propuesta en educaci\u00f3n a m\u00e1s de mil personas"}]},{"@type":"WebSite","@id":"https:\/\/cvinoticias.com\/v3\/#website","url":"https:\/\/cvinoticias.com\/v3\/","name":"CVI NOTICIAS","description":"","publisher":{"@id":"https:\/\/cvinoticias.com\/v3\/#organization"},"alternateName":"CVI","potentialAction":[{"@type":"SearchAction","target":{"@type":"EntryPoint","urlTemplate":"https:\/\/cvinoticias.com\/v3\/?s={search_term_string}"},"query-input":{"@type":"PropertyValueSpecification","valueRequired":true,"valueName":"search_term_string"}}],"inLanguage":"es"},{"@type":"Organization","@id":"https:\/\/cvinoticias.com\/v3\/#organization","name":"CVI NOTICIAS","url":"https:\/\/cvinoticias.com\/v3\/","logo":{"@type":"ImageObject","inLanguage":"es","@id":"https:\/\/cvinoticias.com\/v3\/#\/schema\/logo\/image\/","url":"https:\/\/cvinoticias.com\/wp-content\/uploads\/2023\/04\/cropped-cropped-cropped-cropped-cropped-3-1.png","contentUrl":"https:\/\/cvinoticias.com\/wp-content\/uploads\/2023\/04\/cropped-cropped-cropped-cropped-cropped-3-1.png","width":95,"height":122,"caption":"CVI NOTICIAS"},"image":{"@id":"https:\/\/cvinoticias.com\/v3\/#\/schema\/logo\/image\/"},"sameAs":["https:\/\/www.facebook.com\/cvinoticias","https:\/\/www.instagram.com\/cvinoticias\/","https:\/\/www.youtube.com\/@CVINOTICIAS"]},{"@type":"Person","@id":"https:\/\/cvinoticias.com\/v3\/#\/schema\/person\/2db77e3c6bc03c538495d7b2b8be9b66","name":"f1000024","image":{"@type":"ImageObject","inLanguage":"es","@id":"https:\/\/secure.gravatar.com\/avatar\/d4fe7459cfc51ff5129ce1a732bbef5928568b8092d412ef95611616376bbeed?s=96&d=mm&r=g","url":"https:\/\/secure.gravatar.com\/avatar\/d4fe7459cfc51ff5129ce1a732bbef5928568b8092d412ef95611616376bbeed?s=96&d=mm&r=g","contentUrl":"https:\/\/secure.gravatar.com\/avatar\/d4fe7459cfc51ff5129ce1a732bbef5928568b8092d412ef95611616376bbeed?s=96&d=mm&r=g","caption":"f1000024"},"url":"https:\/\/cvinoticias.com\/v3\/author\/f1000024\/"}]}},"_links":{"self":[{"href":"https:\/\/cvinoticias.com\/v3\/wp-json\/wp\/v2\/posts\/7687","targetHints":{"allow":["GET"]}}],"collection":[{"href":"https:\/\/cvinoticias.com\/v3\/wp-json\/wp\/v2\/posts"}],"about":[{"href":"https:\/\/cvinoticias.com\/v3\/wp-json\/wp\/v2\/types\/post"}],"author":[{"embeddable":true,"href":"https:\/\/cvinoticias.com\/v3\/wp-json\/wp\/v2\/users\/2"}],"replies":[{"embeddable":true,"href":"https:\/\/cvinoticias.com\/v3\/wp-json\/wp\/v2\/comments?post=7687"}],"version-history":[{"count":1,"href":"https:\/\/cvinoticias.com\/v3\/wp-json\/wp\/v2\/posts\/7687\/revisions"}],"predecessor-version":[{"id":7691,"href":"https:\/\/cvinoticias.com\/v3\/wp-json\/wp\/v2\/posts\/7687\/revisions\/7691"}],"wp:featuredmedia":[{"embeddable":true,"href":"https:\/\/cvinoticias.com\/v3\/wp-json\/wp\/v2\/media\/7690"}],"wp:attachment":[{"href":"https:\/\/cvinoticias.com\/v3\/wp-json\/wp\/v2\/media?parent=7687"}],"wp:term":[{"taxonomy":"category","embeddable":true,"href":"https:\/\/cvinoticias.com\/v3\/wp-json\/wp\/v2\/categories?post=7687"},{"taxonomy":"post_tag","embeddable":true,"href":"https:\/\/cvinoticias.com\/v3\/wp-json\/wp\/v2\/tags?post=7687"}],"curies":[{"name":"wp","href":"https:\/\/api.w.org\/{rel}","templated":true}]}}