{"id":7668,"date":"2021-08-17T08:28:16","date_gmt":"2021-08-17T08:28:16","guid":{"rendered":"https:\/\/cvinoticias.com\/v3\/?p=7668"},"modified":"2021-08-17T08:28:16","modified_gmt":"2021-08-17T08:28:16","slug":"mas-de-2-millones-de-argentinos-se-movilizaron-en-el-fin-de-semana-largo-y-gastaron-mas-de-5-millones","status":"publish","type":"post","link":"https:\/\/cvinoticias.com\/v3\/mas-de-2-millones-de-argentinos-se-movilizaron-en-el-fin-de-semana-largo-y-gastaron-mas-de-5-millones\/","title":{"rendered":"M\u00e1s de 2 millones de argentinos se movilizaron en el fin de semana largo y gastaron m\u00e1s de $5 millones"},"content":{"rendered":"\n<p><em><strong>M\u00e1s de 714.000 turistas se movilizaron este fin de semana largo y su consumo aument\u00f3 61% con relaci\u00f3n a la misma fecha del 2019, antes de la pandemia, seg\u00fan inform\u00f3 este lunes la Confederaci\u00f3n Argentina de la Mediana Empresa (CAME).<\/strong><\/em><\/p>\n\n\n\n<p>Asimismo, indic\u00f3 que la cantidad de turistas subi\u00f3 2,1% respecto del mismo fin de semana largo de 2019, ya que en 2020 no hubo apertura tur\u00edstica por la pandemia.\u00a0Con un gasto diario de $2.308 cada uno y una estad\u00eda media de 2,3 d\u00edas, desembolsaron $3.793,9 millones en forma directa, un 61% m\u00e1s que en 2019.<\/p>\n\n\n\n<p><em>\u201cEntre el viernes 13 y este lunes 16 de agosto 714.700 turistas y 1,5 millones de excursionistas recorrieron el pa\u00eds, movilizando al comercio, la hoteler\u00eda y la gastronom\u00eda, tres sectores que contin\u00faan muy afectados luego de un a\u00f1o y medio de pandemia\u201d,<\/em>\u00a0detall\u00f3 CAME. La entidad remarc\u00f3 que el fin de semana largo por el feriado trasladable del 17 de agosto, moviliz\u00f3 a 2.215.570 turistas y excursionistas, que gastaron en forma directa $5.430 millones en las ciudades que forman parte del circuito tur\u00edstico nacional, que cada vez son m\u00e1s.<\/p>\n\n\n\n<figure class=\"wp-block-image size-large\"><a href=\"https:\/\/cvinoticias.com\/wp-content\/uploads\/2021\/08\/20210808_135731-scaled.jpg\"><img decoding=\"async\" width=\"1024\" height=\"768\" data-src=\"https:\/\/cvinoticias.com\/wp-content\/uploads\/2021\/08\/20210808_135731-1024x768.jpg\" alt=\"\" class=\"wp-image-7670 lazyload\" data-srcset=\"https:\/\/cvinoticias.com\/wp-content\/uploads\/2021\/08\/20210808_135731-1024x768.jpg 1024w, https:\/\/cvinoticias.com\/wp-content\/uploads\/2021\/08\/20210808_135731-300x225.jpg 300w, https:\/\/cvinoticias.com\/wp-content\/uploads\/2021\/08\/20210808_135731-768x576.jpg 768w, https:\/\/cvinoticias.com\/wp-content\/uploads\/2021\/08\/20210808_135731-1536x1152.jpg 1536w, https:\/\/cvinoticias.com\/wp-content\/uploads\/2021\/08\/20210808_135731-2048x1536.jpg 2048w\" data-sizes=\"(max-width: 1024px) 100vw, 1024px\" src=\"data:image\/svg+xml;base64,PHN2ZyB3aWR0aD0iMSIgaGVpZ2h0PSIxIiB4bWxucz0iaHR0cDovL3d3dy53My5vcmcvMjAwMC9zdmciPjwvc3ZnPg==\" style=\"--smush-placeholder-width: 1024px; --smush-placeholder-aspect-ratio: 1024\/768;\" \/><\/a><\/figure>\n\n\n\n<p>En ese marco, completaron el fin de semana 1.500.870 excursionistas, que se desplazaron de una ciudad a otra a pasar el d\u00eda. Con un dispendio promedio de $1.090 per c\u00e1pita, se estima que gastaron $1.636 millones en forma directa.<\/p>\n\n\n\n<p>La CAME indic\u00f3 que \u201cal desembolso directo hay que agregar el efecto multiplicador que luego se genera, en algunos casos autom\u00e1ticamente y en otros, con alg\u00fan rezago\u201d. Adem\u00e1s,\u00a0volvi\u00f3 el turismo deportivo, con variadas competencias el fin de semana a lo largo y ancho del pa\u00eds.<a href=\"https:\/\/datachaco.com\/a_default\/user\/login?_next=%2Fcontenido%2F124316%2Fmas-de-2-millones-de-argentinos-se-movilizaron-en-el-fin-de-semana-largo-y-gasta%3Flogged-in%3D1\"><\/a><\/p>\n\n\n\n<p>El norte argentino se lanz\u00f3 con fuertes campa\u00f1as con bastante anticipaci\u00f3n y tuvo sus resultados. Termin\u00f3 siendo una de las regiones m\u00e1s concurridas, con niveles de ocupaci\u00f3n al 100% en algunas ciudades. La regi\u00f3n sur, en cambio, se vio afectada por la cancelaci\u00f3n de vuelos.<\/p>\n\n\n\n<figure class=\"wp-block-image size-large\"><a href=\"https:\/\/cvinoticias.com\/wp-content\/uploads\/2021\/08\/IMG-20210424-WA0156.jpg\"><img decoding=\"async\" width=\"1024\" height=\"576\" data-src=\"https:\/\/cvinoticias.com\/wp-content\/uploads\/2021\/08\/IMG-20210424-WA0156-1024x576.jpg\" alt=\"\" class=\"wp-image-7671 lazyload\" data-srcset=\"https:\/\/cvinoticias.com\/wp-content\/uploads\/2021\/08\/IMG-20210424-WA0156-1024x576.jpg 1024w, https:\/\/cvinoticias.com\/wp-content\/uploads\/2021\/08\/IMG-20210424-WA0156-300x169.jpg 300w, https:\/\/cvinoticias.com\/wp-content\/uploads\/2021\/08\/IMG-20210424-WA0156-768x432.jpg 768w, https:\/\/cvinoticias.com\/wp-content\/uploads\/2021\/08\/IMG-20210424-WA0156.jpg 1280w\" data-sizes=\"(max-width: 1024px) 100vw, 1024px\" src=\"data:image\/svg+xml;base64,PHN2ZyB3aWR0aD0iMSIgaGVpZ2h0PSIxIiB4bWxucz0iaHR0cDovL3d3dy53My5vcmcvMjAwMC9zdmciPjwvc3ZnPg==\" style=\"--smush-placeholder-width: 1024px; --smush-placeholder-aspect-ratio: 1024\/576;\" \/><\/a><\/figure>\n\n\n\n<p>De acuerdo al informe de la CAME,\u00a0Puerto Iguaz\u00fa super\u00f3 el 80% de ocupaci\u00f3n, recibiendo la visita de muchos misioneros y de turistas de la regi\u00f3n del NEA.\u00a0El Parque Nacional Iguaz\u00fa tuvo una concurrencia muy activa, principalmente el s\u00e1bado y domingo, con un ingreso mayor a las 5 mil quinientas personas.<\/p>\n\n\n\n<p><a href=\"https:\/\/datachaco.com\/\"><\/a><\/p>\n\n\n\n<p>Cantidad de ingresantes al Parque Nacional Iguaz\u00fa este fin de semana largo = 7400:<\/p>\n\n\n\n<p>12\/08: 541 visitantes<br>13\/08: 869 visitantes<br>14\/08: 2361 visitantes<br>15\/08: 3629 visitantes<\/p>\n","protected":false},"excerpt":{"rendered":"<p>M\u00e1s de 714.000 turistas se movilizaron este fin de semana largo y su consumo aument\u00f3 61% con relaci\u00f3n a la misma fecha del 2019, antes de la pandemia, seg\u00fan inform\u00f3 este lunes la Confederaci\u00f3n Argentina de la Mediana Empresa (CAME). Asimismo, indic\u00f3 que la cantidad de turistas subi\u00f3 2,1% respecto del mismo fin de semana [&hellip;]<\/p>\n","protected":false},"author":2,"featured_media":7669,"comment_status":"open","ping_status":"open","sticky":false,"template":"","format":"standard","meta":{"footnotes":""},"categories":[50],"tags":[],"class_list":["post-7668","post","type-post","status-publish","format-standard","has-post-thumbnail","hentry","category-turismo"],"yoast_head":"<!-- This site is optimized with the Yoast SEO plugin v27.4 - https:\/\/yoast.com\/product\/yoast-seo-wordpress\/ -->\n<title>M\u00e1s de 2 millones de argentinos se movilizaron en el fin de semana largo y gastaron m\u00e1s de $5 millones | CVI NOTICIAS<\/title>\n<meta name=\"robots\" content=\"index, follow, max-snippet:-1, max-image-preview:large, max-video-preview:-1\" \/>\n<link rel=\"canonical\" href=\"https:\/\/cvinoticias.com\/v3\/mas-de-2-millones-de-argentinos-se-movilizaron-en-el-fin-de-semana-largo-y-gastaron-mas-de-5-millones\/\" \/>\n<meta property=\"og:locale\" content=\"es_ES\" \/>\n<meta property=\"og:type\" content=\"article\" \/>\n<meta property=\"og:title\" content=\"M\u00e1s de 2 millones de argentinos se movilizaron en el fin de semana largo y gastaron m\u00e1s de $5 millones | CVI NOTICIAS\" \/>\n<meta property=\"og:description\" content=\"M\u00e1s de 714.000 turistas se movilizaron este fin de semana largo y su consumo aument\u00f3 61% con relaci\u00f3n a la misma fecha del 2019, antes de la pandemia, seg\u00fan inform\u00f3 este lunes la Confederaci\u00f3n Argentina de la Mediana Empresa (CAME). Asimismo, indic\u00f3 que la cantidad de turistas subi\u00f3 2,1% respecto del mismo fin de semana [&hellip;]\" \/>\n<meta property=\"og:url\" content=\"https:\/\/cvinoticias.com\/v3\/mas-de-2-millones-de-argentinos-se-movilizaron-en-el-fin-de-semana-largo-y-gastaron-mas-de-5-millones\/\" \/>\n<meta property=\"og:site_name\" content=\"CVI NOTICIAS\" \/>\n<meta property=\"article:publisher\" content=\"https:\/\/www.facebook.com\/cvinoticias\" \/>\n<meta property=\"article:published_time\" content=\"2021-08-17T08:28:16+00:00\" \/>\n<meta property=\"og:image\" content=\"https:\/\/cvinoticias.com\/wp-content\/uploads\/2021\/08\/IMG-20210816-WA0029.jpg\" \/>\n\t<meta property=\"og:image:width\" content=\"1600\" \/>\n\t<meta property=\"og:image:height\" content=\"1200\" \/>\n\t<meta property=\"og:image:type\" content=\"image\/jpeg\" \/>\n<meta name=\"author\" content=\"f1000024\" \/>\n<meta name=\"twitter:card\" content=\"summary_large_image\" \/>\n<meta name=\"twitter:label1\" content=\"Escrito por\" \/>\n\t<meta name=\"twitter:data1\" content=\"f1000024\" \/>\n\t<meta name=\"twitter:label2\" content=\"Tiempo de lectura\" \/>\n\t<meta name=\"twitter:data2\" content=\"2 minutos\" \/>\n<script type=\"application\/ld+json\" class=\"yoast-schema-graph\">{\"@context\":\"https:\\\/\\\/schema.org\",\"@graph\":[{\"@type\":\"Article\",\"@id\":\"https:\\\/\\\/cvinoticias.com\\\/v3\\\/mas-de-2-millones-de-argentinos-se-movilizaron-en-el-fin-de-semana-largo-y-gastaron-mas-de-5-millones\\\/#article\",\"isPartOf\":{\"@id\":\"https:\\\/\\\/cvinoticias.com\\\/v3\\\/mas-de-2-millones-de-argentinos-se-movilizaron-en-el-fin-de-semana-largo-y-gastaron-mas-de-5-millones\\\/\"},\"author\":{\"name\":\"f1000024\",\"@id\":\"https:\\\/\\\/cvinoticias.com\\\/v3\\\/#\\\/schema\\\/person\\\/2db77e3c6bc03c538495d7b2b8be9b66\"},\"headline\":\"M\u00e1s de 2 millones de argentinos se movilizaron en el fin de semana largo y gastaron m\u00e1s de $5 millones\",\"datePublished\":\"2021-08-17T08:28:16+00:00\",\"mainEntityOfPage\":{\"@id\":\"https:\\\/\\\/cvinoticias.com\\\/v3\\\/mas-de-2-millones-de-argentinos-se-movilizaron-en-el-fin-de-semana-largo-y-gastaron-mas-de-5-millones\\\/\"},\"wordCount\":409,\"commentCount\":0,\"publisher\":{\"@id\":\"https:\\\/\\\/cvinoticias.com\\\/v3\\\/#organization\"},\"image\":{\"@id\":\"https:\\\/\\\/cvinoticias.com\\\/v3\\\/mas-de-2-millones-de-argentinos-se-movilizaron-en-el-fin-de-semana-largo-y-gastaron-mas-de-5-millones\\\/#primaryimage\"},\"thumbnailUrl\":\"https:\\\/\\\/cvinoticias.com\\\/wp-content\\\/uploads\\\/2021\\\/08\\\/IMG-20210816-WA0029.jpg\",\"articleSection\":[\"Turismo\"],\"inLanguage\":\"es\",\"potentialAction\":[{\"@type\":\"CommentAction\",\"name\":\"Comment\",\"target\":[\"https:\\\/\\\/cvinoticias.com\\\/v3\\\/mas-de-2-millones-de-argentinos-se-movilizaron-en-el-fin-de-semana-largo-y-gastaron-mas-de-5-millones\\\/#respond\"]}]},{\"@type\":\"WebPage\",\"@id\":\"https:\\\/\\\/cvinoticias.com\\\/v3\\\/mas-de-2-millones-de-argentinos-se-movilizaron-en-el-fin-de-semana-largo-y-gastaron-mas-de-5-millones\\\/\",\"url\":\"https:\\\/\\\/cvinoticias.com\\\/v3\\\/mas-de-2-millones-de-argentinos-se-movilizaron-en-el-fin-de-semana-largo-y-gastaron-mas-de-5-millones\\\/\",\"name\":\"M\u00e1s de 2 millones de argentinos se movilizaron en el fin de semana largo y gastaron m\u00e1s de $5 millones | CVI NOTICIAS\",\"isPartOf\":{\"@id\":\"https:\\\/\\\/cvinoticias.com\\\/v3\\\/#website\"},\"primaryImageOfPage\":{\"@id\":\"https:\\\/\\\/cvinoticias.com\\\/v3\\\/mas-de-2-millones-de-argentinos-se-movilizaron-en-el-fin-de-semana-largo-y-gastaron-mas-de-5-millones\\\/#primaryimage\"},\"image\":{\"@id\":\"https:\\\/\\\/cvinoticias.com\\\/v3\\\/mas-de-2-millones-de-argentinos-se-movilizaron-en-el-fin-de-semana-largo-y-gastaron-mas-de-5-millones\\\/#primaryimage\"},\"thumbnailUrl\":\"https:\\\/\\\/cvinoticias.com\\\/wp-content\\\/uploads\\\/2021\\\/08\\\/IMG-20210816-WA0029.jpg\",\"datePublished\":\"2021-08-17T08:28:16+00:00\",\"breadcrumb\":{\"@id\":\"https:\\\/\\\/cvinoticias.com\\\/v3\\\/mas-de-2-millones-de-argentinos-se-movilizaron-en-el-fin-de-semana-largo-y-gastaron-mas-de-5-millones\\\/#breadcrumb\"},\"inLanguage\":\"es\",\"potentialAction\":[{\"@type\":\"ReadAction\",\"target\":[\"https:\\\/\\\/cvinoticias.com\\\/v3\\\/mas-de-2-millones-de-argentinos-se-movilizaron-en-el-fin-de-semana-largo-y-gastaron-mas-de-5-millones\\\/\"]}]},{\"@type\":\"ImageObject\",\"inLanguage\":\"es\",\"@id\":\"https:\\\/\\\/cvinoticias.com\\\/v3\\\/mas-de-2-millones-de-argentinos-se-movilizaron-en-el-fin-de-semana-largo-y-gastaron-mas-de-5-millones\\\/#primaryimage\",\"url\":\"https:\\\/\\\/cvinoticias.com\\\/wp-content\\\/uploads\\\/2021\\\/08\\\/IMG-20210816-WA0029.jpg\",\"contentUrl\":\"https:\\\/\\\/cvinoticias.com\\\/wp-content\\\/uploads\\\/2021\\\/08\\\/IMG-20210816-WA0029.jpg\",\"width\":1600,\"height\":1200},{\"@type\":\"BreadcrumbList\",\"@id\":\"https:\\\/\\\/cvinoticias.com\\\/v3\\\/mas-de-2-millones-de-argentinos-se-movilizaron-en-el-fin-de-semana-largo-y-gastaron-mas-de-5-millones\\\/#breadcrumb\",\"itemListElement\":[{\"@type\":\"ListItem\",\"position\":1,\"name\":\"Portada\",\"item\":\"https:\\\/\\\/cvinoticias.com\\\/v3\\\/\"},{\"@type\":\"ListItem\",\"position\":2,\"name\":\"M\u00e1s de 2 millones de argentinos se movilizaron en el fin de semana largo y gastaron m\u00e1s de $5 millones\"}]},{\"@type\":\"WebSite\",\"@id\":\"https:\\\/\\\/cvinoticias.com\\\/v3\\\/#website\",\"url\":\"https:\\\/\\\/cvinoticias.com\\\/v3\\\/\",\"name\":\"CVI NOTICIAS\",\"description\":\"\",\"publisher\":{\"@id\":\"https:\\\/\\\/cvinoticias.com\\\/v3\\\/#organization\"},\"alternateName\":\"CVI\",\"potentialAction\":[{\"@type\":\"SearchAction\",\"target\":{\"@type\":\"EntryPoint\",\"urlTemplate\":\"https:\\\/\\\/cvinoticias.com\\\/v3\\\/?s={search_term_string}\"},\"query-input\":{\"@type\":\"PropertyValueSpecification\",\"valueRequired\":true,\"valueName\":\"search_term_string\"}}],\"inLanguage\":\"es\"},{\"@type\":\"Organization\",\"@id\":\"https:\\\/\\\/cvinoticias.com\\\/v3\\\/#organization\",\"name\":\"CVI NOTICIAS\",\"url\":\"https:\\\/\\\/cvinoticias.com\\\/v3\\\/\",\"logo\":{\"@type\":\"ImageObject\",\"inLanguage\":\"es\",\"@id\":\"https:\\\/\\\/cvinoticias.com\\\/v3\\\/#\\\/schema\\\/logo\\\/image\\\/\",\"url\":\"https:\\\/\\\/cvinoticias.com\\\/wp-content\\\/uploads\\\/2023\\\/04\\\/cropped-cropped-cropped-cropped-cropped-3-1.png\",\"contentUrl\":\"https:\\\/\\\/cvinoticias.com\\\/wp-content\\\/uploads\\\/2023\\\/04\\\/cropped-cropped-cropped-cropped-cropped-3-1.png\",\"width\":95,\"height\":122,\"caption\":\"CVI NOTICIAS\"},\"image\":{\"@id\":\"https:\\\/\\\/cvinoticias.com\\\/v3\\\/#\\\/schema\\\/logo\\\/image\\\/\"},\"sameAs\":[\"https:\\\/\\\/www.facebook.com\\\/cvinoticias\",\"https:\\\/\\\/www.instagram.com\\\/cvinoticias\\\/\",\"https:\\\/\\\/www.youtube.com\\\/@CVINOTICIAS\"]},{\"@type\":\"Person\",\"@id\":\"https:\\\/\\\/cvinoticias.com\\\/v3\\\/#\\\/schema\\\/person\\\/2db77e3c6bc03c538495d7b2b8be9b66\",\"name\":\"f1000024\",\"image\":{\"@type\":\"ImageObject\",\"inLanguage\":\"es\",\"@id\":\"https:\\\/\\\/secure.gravatar.com\\\/avatar\\\/d4fe7459cfc51ff5129ce1a732bbef5928568b8092d412ef95611616376bbeed?s=96&d=mm&r=g\",\"url\":\"https:\\\/\\\/secure.gravatar.com\\\/avatar\\\/d4fe7459cfc51ff5129ce1a732bbef5928568b8092d412ef95611616376bbeed?s=96&d=mm&r=g\",\"contentUrl\":\"https:\\\/\\\/secure.gravatar.com\\\/avatar\\\/d4fe7459cfc51ff5129ce1a732bbef5928568b8092d412ef95611616376bbeed?s=96&d=mm&r=g\",\"caption\":\"f1000024\"},\"url\":\"https:\\\/\\\/cvinoticias.com\\\/v3\\\/author\\\/f1000024\\\/\"}]}<\/script>\n<!-- \/ Yoast SEO plugin. -->","yoast_head_json":{"title":"M\u00e1s de 2 millones de argentinos se movilizaron en el fin de semana largo y gastaron m\u00e1s de $5 millones | CVI NOTICIAS","robots":{"index":"index","follow":"follow","max-snippet":"max-snippet:-1","max-image-preview":"max-image-preview:large","max-video-preview":"max-video-preview:-1"},"canonical":"https:\/\/cvinoticias.com\/v3\/mas-de-2-millones-de-argentinos-se-movilizaron-en-el-fin-de-semana-largo-y-gastaron-mas-de-5-millones\/","og_locale":"es_ES","og_type":"article","og_title":"M\u00e1s de 2 millones de argentinos se movilizaron en el fin de semana largo y gastaron m\u00e1s de $5 millones | CVI NOTICIAS","og_description":"M\u00e1s de 714.000 turistas se movilizaron este fin de semana largo y su consumo aument\u00f3 61% con relaci\u00f3n a la misma fecha del 2019, antes de la pandemia, seg\u00fan inform\u00f3 este lunes la Confederaci\u00f3n Argentina de la Mediana Empresa (CAME). Asimismo, indic\u00f3 que la cantidad de turistas subi\u00f3 2,1% respecto del mismo fin de semana [&hellip;]","og_url":"https:\/\/cvinoticias.com\/v3\/mas-de-2-millones-de-argentinos-se-movilizaron-en-el-fin-de-semana-largo-y-gastaron-mas-de-5-millones\/","og_site_name":"CVI NOTICIAS","article_publisher":"https:\/\/www.facebook.com\/cvinoticias","article_published_time":"2021-08-17T08:28:16+00:00","og_image":[{"width":1600,"height":1200,"url":"https:\/\/cvinoticias.com\/wp-content\/uploads\/2021\/08\/IMG-20210816-WA0029.jpg","type":"image\/jpeg"}],"author":"f1000024","twitter_card":"summary_large_image","twitter_misc":{"Escrito por":"f1000024","Tiempo de lectura":"2 minutos"},"schema":{"@context":"https:\/\/schema.org","@graph":[{"@type":"Article","@id":"https:\/\/cvinoticias.com\/v3\/mas-de-2-millones-de-argentinos-se-movilizaron-en-el-fin-de-semana-largo-y-gastaron-mas-de-5-millones\/#article","isPartOf":{"@id":"https:\/\/cvinoticias.com\/v3\/mas-de-2-millones-de-argentinos-se-movilizaron-en-el-fin-de-semana-largo-y-gastaron-mas-de-5-millones\/"},"author":{"name":"f1000024","@id":"https:\/\/cvinoticias.com\/v3\/#\/schema\/person\/2db77e3c6bc03c538495d7b2b8be9b66"},"headline":"M\u00e1s de 2 millones de argentinos se movilizaron en el fin de semana largo y gastaron m\u00e1s de $5 millones","datePublished":"2021-08-17T08:28:16+00:00","mainEntityOfPage":{"@id":"https:\/\/cvinoticias.com\/v3\/mas-de-2-millones-de-argentinos-se-movilizaron-en-el-fin-de-semana-largo-y-gastaron-mas-de-5-millones\/"},"wordCount":409,"commentCount":0,"publisher":{"@id":"https:\/\/cvinoticias.com\/v3\/#organization"},"image":{"@id":"https:\/\/cvinoticias.com\/v3\/mas-de-2-millones-de-argentinos-se-movilizaron-en-el-fin-de-semana-largo-y-gastaron-mas-de-5-millones\/#primaryimage"},"thumbnailUrl":"https:\/\/cvinoticias.com\/wp-content\/uploads\/2021\/08\/IMG-20210816-WA0029.jpg","articleSection":["Turismo"],"inLanguage":"es","potentialAction":[{"@type":"CommentAction","name":"Comment","target":["https:\/\/cvinoticias.com\/v3\/mas-de-2-millones-de-argentinos-se-movilizaron-en-el-fin-de-semana-largo-y-gastaron-mas-de-5-millones\/#respond"]}]},{"@type":"WebPage","@id":"https:\/\/cvinoticias.com\/v3\/mas-de-2-millones-de-argentinos-se-movilizaron-en-el-fin-de-semana-largo-y-gastaron-mas-de-5-millones\/","url":"https:\/\/cvinoticias.com\/v3\/mas-de-2-millones-de-argentinos-se-movilizaron-en-el-fin-de-semana-largo-y-gastaron-mas-de-5-millones\/","name":"M\u00e1s de 2 millones de argentinos se movilizaron en el fin de semana largo y gastaron m\u00e1s de $5 millones | CVI NOTICIAS","isPartOf":{"@id":"https:\/\/cvinoticias.com\/v3\/#website"},"primaryImageOfPage":{"@id":"https:\/\/cvinoticias.com\/v3\/mas-de-2-millones-de-argentinos-se-movilizaron-en-el-fin-de-semana-largo-y-gastaron-mas-de-5-millones\/#primaryimage"},"image":{"@id":"https:\/\/cvinoticias.com\/v3\/mas-de-2-millones-de-argentinos-se-movilizaron-en-el-fin-de-semana-largo-y-gastaron-mas-de-5-millones\/#primaryimage"},"thumbnailUrl":"https:\/\/cvinoticias.com\/wp-content\/uploads\/2021\/08\/IMG-20210816-WA0029.jpg","datePublished":"2021-08-17T08:28:16+00:00","breadcrumb":{"@id":"https:\/\/cvinoticias.com\/v3\/mas-de-2-millones-de-argentinos-se-movilizaron-en-el-fin-de-semana-largo-y-gastaron-mas-de-5-millones\/#breadcrumb"},"inLanguage":"es","potentialAction":[{"@type":"ReadAction","target":["https:\/\/cvinoticias.com\/v3\/mas-de-2-millones-de-argentinos-se-movilizaron-en-el-fin-de-semana-largo-y-gastaron-mas-de-5-millones\/"]}]},{"@type":"ImageObject","inLanguage":"es","@id":"https:\/\/cvinoticias.com\/v3\/mas-de-2-millones-de-argentinos-se-movilizaron-en-el-fin-de-semana-largo-y-gastaron-mas-de-5-millones\/#primaryimage","url":"https:\/\/cvinoticias.com\/wp-content\/uploads\/2021\/08\/IMG-20210816-WA0029.jpg","contentUrl":"https:\/\/cvinoticias.com\/wp-content\/uploads\/2021\/08\/IMG-20210816-WA0029.jpg","width":1600,"height":1200},{"@type":"BreadcrumbList","@id":"https:\/\/cvinoticias.com\/v3\/mas-de-2-millones-de-argentinos-se-movilizaron-en-el-fin-de-semana-largo-y-gastaron-mas-de-5-millones\/#breadcrumb","itemListElement":[{"@type":"ListItem","position":1,"name":"Portada","item":"https:\/\/cvinoticias.com\/v3\/"},{"@type":"ListItem","position":2,"name":"M\u00e1s de 2 millones de argentinos se movilizaron en el fin de semana largo y gastaron m\u00e1s de $5 millones"}]},{"@type":"WebSite","@id":"https:\/\/cvinoticias.com\/v3\/#website","url":"https:\/\/cvinoticias.com\/v3\/","name":"CVI NOTICIAS","description":"","publisher":{"@id":"https:\/\/cvinoticias.com\/v3\/#organization"},"alternateName":"CVI","potentialAction":[{"@type":"SearchAction","target":{"@type":"EntryPoint","urlTemplate":"https:\/\/cvinoticias.com\/v3\/?s={search_term_string}"},"query-input":{"@type":"PropertyValueSpecification","valueRequired":true,"valueName":"search_term_string"}}],"inLanguage":"es"},{"@type":"Organization","@id":"https:\/\/cvinoticias.com\/v3\/#organization","name":"CVI NOTICIAS","url":"https:\/\/cvinoticias.com\/v3\/","logo":{"@type":"ImageObject","inLanguage":"es","@id":"https:\/\/cvinoticias.com\/v3\/#\/schema\/logo\/image\/","url":"https:\/\/cvinoticias.com\/wp-content\/uploads\/2023\/04\/cropped-cropped-cropped-cropped-cropped-3-1.png","contentUrl":"https:\/\/cvinoticias.com\/wp-content\/uploads\/2023\/04\/cropped-cropped-cropped-cropped-cropped-3-1.png","width":95,"height":122,"caption":"CVI NOTICIAS"},"image":{"@id":"https:\/\/cvinoticias.com\/v3\/#\/schema\/logo\/image\/"},"sameAs":["https:\/\/www.facebook.com\/cvinoticias","https:\/\/www.instagram.com\/cvinoticias\/","https:\/\/www.youtube.com\/@CVINOTICIAS"]},{"@type":"Person","@id":"https:\/\/cvinoticias.com\/v3\/#\/schema\/person\/2db77e3c6bc03c538495d7b2b8be9b66","name":"f1000024","image":{"@type":"ImageObject","inLanguage":"es","@id":"https:\/\/secure.gravatar.com\/avatar\/d4fe7459cfc51ff5129ce1a732bbef5928568b8092d412ef95611616376bbeed?s=96&d=mm&r=g","url":"https:\/\/secure.gravatar.com\/avatar\/d4fe7459cfc51ff5129ce1a732bbef5928568b8092d412ef95611616376bbeed?s=96&d=mm&r=g","contentUrl":"https:\/\/secure.gravatar.com\/avatar\/d4fe7459cfc51ff5129ce1a732bbef5928568b8092d412ef95611616376bbeed?s=96&d=mm&r=g","caption":"f1000024"},"url":"https:\/\/cvinoticias.com\/v3\/author\/f1000024\/"}]}},"_links":{"self":[{"href":"https:\/\/cvinoticias.com\/v3\/wp-json\/wp\/v2\/posts\/7668","targetHints":{"allow":["GET"]}}],"collection":[{"href":"https:\/\/cvinoticias.com\/v3\/wp-json\/wp\/v2\/posts"}],"about":[{"href":"https:\/\/cvinoticias.com\/v3\/wp-json\/wp\/v2\/types\/post"}],"author":[{"embeddable":true,"href":"https:\/\/cvinoticias.com\/v3\/wp-json\/wp\/v2\/users\/2"}],"replies":[{"embeddable":true,"href":"https:\/\/cvinoticias.com\/v3\/wp-json\/wp\/v2\/comments?post=7668"}],"version-history":[{"count":1,"href":"https:\/\/cvinoticias.com\/v3\/wp-json\/wp\/v2\/posts\/7668\/revisions"}],"predecessor-version":[{"id":7672,"href":"https:\/\/cvinoticias.com\/v3\/wp-json\/wp\/v2\/posts\/7668\/revisions\/7672"}],"wp:featuredmedia":[{"embeddable":true,"href":"https:\/\/cvinoticias.com\/v3\/wp-json\/wp\/v2\/media\/7669"}],"wp:attachment":[{"href":"https:\/\/cvinoticias.com\/v3\/wp-json\/wp\/v2\/media?parent=7668"}],"wp:term":[{"taxonomy":"category","embeddable":true,"href":"https:\/\/cvinoticias.com\/v3\/wp-json\/wp\/v2\/categories?post=7668"},{"taxonomy":"post_tag","embeddable":true,"href":"https:\/\/cvinoticias.com\/v3\/wp-json\/wp\/v2\/tags?post=7668"}],"curies":[{"name":"wp","href":"https:\/\/api.w.org\/{rel}","templated":true}]}}