{"id":7661,"date":"2021-08-17T04:00:18","date_gmt":"2021-08-17T04:00:18","guid":{"rendered":"https:\/\/cvinoticias.com\/v3\/?p=7661"},"modified":"2021-08-17T04:00:18","modified_gmt":"2021-08-17T04:00:18","slug":"el-gobierno-hara-con-las-piedras-dejadas-un-espacio-en-memoria-de-los-fallecidos-por-covid","status":"publish","type":"post","link":"https:\/\/cvinoticias.com\/v3\/el-gobierno-hara-con-las-piedras-dejadas-un-espacio-en-memoria-de-los-fallecidos-por-covid\/","title":{"rendered":"El Gobierno har\u00e1 con las piedras dejadas un espacio en memoria de los fallecidos por Covid"},"content":{"rendered":"\n<p><strong><em>El homenaje, convocado a trav\u00e9s de las redes sociales bajo la etiqueta \u00abmarcha de las piedras\u00bb, cont\u00f3 con la asistencia de algunos candidatos de Juntos por el Cambio. Luego del acto, el Gobierno construir\u00e1 un espacio en memoria de las v\u00edctimas con las piedras.<\/em><\/strong><\/p>\n\n\n\n<p>Un homenaje a las v\u00edctimas mortales que dej\u00f3 la pandemia de coronavirus se llev\u00f3 a cabo hoy en la Plaza de Mayo y frente a la Residencia oficial de Olivos, donde los asistentes dejaron piedras grabadas con los nombres de muchos de los fallecidos.<\/p>\n\n\n\n<figure class=\"wp-block-image size-full\"><a href=\"https:\/\/cvinoticias.com\/wp-content\/uploads\/2021\/08\/1629170428_703_El-Gobierno-hara-con-las-piedras-dejadas-un-espacio-en.jpg\"><img decoding=\"async\" width=\"1004\" height=\"565\" data-src=\"https:\/\/cvinoticias.com\/wp-content\/uploads\/2021\/08\/1629170428_703_El-Gobierno-hara-con-las-piedras-dejadas-un-espacio-en.jpg\" alt=\"\" class=\"wp-image-7662 lazyload\" data-srcset=\"https:\/\/cvinoticias.com\/wp-content\/uploads\/2021\/08\/1629170428_703_El-Gobierno-hara-con-las-piedras-dejadas-un-espacio-en.jpg 1004w, https:\/\/cvinoticias.com\/wp-content\/uploads\/2021\/08\/1629170428_703_El-Gobierno-hara-con-las-piedras-dejadas-un-espacio-en-300x169.jpg 300w, https:\/\/cvinoticias.com\/wp-content\/uploads\/2021\/08\/1629170428_703_El-Gobierno-hara-con-las-piedras-dejadas-un-espacio-en-768x432.jpg 768w\" data-sizes=\"(max-width: 1004px) 100vw, 1004px\" src=\"data:image\/svg+xml;base64,PHN2ZyB3aWR0aD0iMSIgaGVpZ2h0PSIxIiB4bWxucz0iaHR0cDovL3d3dy53My5vcmcvMjAwMC9zdmciPjwvc3ZnPg==\" style=\"--smush-placeholder-width: 1004px; --smush-placeholder-aspect-ratio: 1004\/565;\" \/><\/a><\/figure>\n\n\n\n<p>El homenaje, convocado a trav\u00e9s de las redes sociales bajo la etiqueta \u00abmarcha de las piedras\u00bb, cont\u00f3 con la asistencia de algunos pol\u00edticos de la oposici\u00f3n, como Ricardo L\u00f3pez Murphy, Fernando Iglesias y Sabrina Ajmechet.<\/p>\n\n\n\n<p>En tanto,\u00a0el Gobierno resolvi\u00f3 construir \u00abun espacio en memoria\u00bb de los fallecidos por el coronavirus con las piedras con nombres de las v\u00edctimas que manifestantes dejaron en el centro porte\u00f1o y en Olivos, informaron fuentes oficiales.<\/p>\n\n\n\n<p>\u00abEl Gobierno nacional procedi\u00f3 a recoger las piedras que fueran depositadas con los nombres de las personas fallecidas para guardarlas adecuadamente y posteriormente encarar la construcci\u00f3n de un espacio en su memoria\u00bb, dijeron los voceros.<\/p>\n\n\n\n<p>En la Plaza de Mayo, frente a la Casa Rosada, la mayor\u00eda de los participantes del acto,\u00a0familiares o amigos de los fallecidos a causa de la Covid-19, se acercaron en silencio hasta los sectores elegidos para depositar las piedras grabadas con los nombres de las v\u00edctimas\u00a0y se retiraron del lugar despu\u00e9s de unos breves minutos de reflexi\u00f3n y lamento por la p\u00e9rdida.<\/p>\n\n\n\n<figure class=\"wp-block-image size-full is-resized\"><a href=\"https:\/\/cvinoticias.com\/wp-content\/uploads\/2021\/08\/611add4d1fa6c_1004x565.jpg\"><img decoding=\"async\" data-src=\"https:\/\/cvinoticias.com\/wp-content\/uploads\/2021\/08\/611add4d1fa6c_1004x565.jpg\" alt=\"\" class=\"wp-image-7664 lazyload\" width=\"414\" height=\"233\" data-srcset=\"https:\/\/cvinoticias.com\/wp-content\/uploads\/2021\/08\/611add4d1fa6c_1004x565.jpg 1004w, https:\/\/cvinoticias.com\/wp-content\/uploads\/2021\/08\/611add4d1fa6c_1004x565-300x169.jpg 300w, https:\/\/cvinoticias.com\/wp-content\/uploads\/2021\/08\/611add4d1fa6c_1004x565-768x432.jpg 768w\" data-sizes=\"(max-width: 414px) 100vw, 414px\" src=\"data:image\/svg+xml;base64,PHN2ZyB3aWR0aD0iMSIgaGVpZ2h0PSIxIiB4bWxucz0iaHR0cDovL3d3dy53My5vcmcvMjAwMC9zdmciPjwvc3ZnPg==\" style=\"--smush-placeholder-width: 414px; --smush-placeholder-aspect-ratio: 414\/233;\" \/><\/a><\/figure>\n\n\n\n<p>La propuesta de movilizarse en un d\u00eda feriado frente a la Casa Rosada y la residencia presidencial de Olivos surgi\u00f3 en las redes sociales, donde se fue multiplicando a partir de los hashtags #MarchaDeLasPiedras y #VoluntariosMarchaDeLasPiedras, tras un tuiteo inicial que propuso \u00abllevar una piedra por cada muerto por Covid a Casa Rosada y dejarla ah\u00ed\u00bb.<\/p>\n\n\n\n<p>La movilizaci\u00f3n se fue poblando en las primeras horas de la tarde, tanto en Olivos como en la Plaza de Mayo, con piedras escritas con fibrones o carteles,\u00a0en las que se intercalaban historias de vida con algunas consignas contra el manejo de la pandemia.<\/p>\n\n\n\n<p>Un afiche colocado sobre el asfalto de la avenida Libertador, frente a la quinta de Olivos, dec\u00eda, por caso: \u00abPor la corrupci\u00f3n, negligencia e insensibilidad social, prohibido olvidar, QEPD\u00bb.<\/p>\n\n\n\n<p>Frente a la Casa Rosada, en tanto, entre los manifestantes que depositaban piedras sobre el espacio p\u00fablico se vieron a varios integrantes de la coalici\u00f3n opositora JxC, como los diputados Jorge Enr\u00edquez (PRO-CABA) y Luis Petri (UCR-Mendoza), quienes postearon desde Twitter im\u00e1genes de las piedras con cr\u00edticas al mandatario.<\/p>\n\n\n\n<p>M\u00e1s de 109.000 personas murieron en el pa\u00eds a causa de la pandemia de coronavirus, que en Argentina comenz\u00f3 en marzo de 2020.<\/p>\n\n\n\n<figure class=\"wp-block-image size-full\"><a href=\"https:\/\/cvinoticias.com\/wp-content\/uploads\/2021\/08\/0be653e16b47ddfd9f68e0742d2f945a.jpeg\"><img decoding=\"async\" width=\"639\" height=\"426\" data-src=\"https:\/\/cvinoticias.com\/wp-content\/uploads\/2021\/08\/0be653e16b47ddfd9f68e0742d2f945a.jpeg\" alt=\"\" class=\"wp-image-7665 lazyload\" data-srcset=\"https:\/\/cvinoticias.com\/wp-content\/uploads\/2021\/08\/0be653e16b47ddfd9f68e0742d2f945a.jpeg 639w, https:\/\/cvinoticias.com\/wp-content\/uploads\/2021\/08\/0be653e16b47ddfd9f68e0742d2f945a-300x200.jpeg 300w\" data-sizes=\"(max-width: 639px) 100vw, 639px\" src=\"data:image\/svg+xml;base64,PHN2ZyB3aWR0aD0iMSIgaGVpZ2h0PSIxIiB4bWxucz0iaHR0cDovL3d3dy53My5vcmcvMjAwMC9zdmciPjwvc3ZnPg==\" style=\"--smush-placeholder-width: 639px; --smush-placeholder-aspect-ratio: 639\/426;\" \/><\/a><\/figure>\n","protected":false},"excerpt":{"rendered":"<p>El homenaje, convocado a trav\u00e9s de las redes sociales bajo la etiqueta \u00abmarcha de las piedras\u00bb, cont\u00f3 con la asistencia de algunos candidatos de Juntos por el Cambio. Luego del acto, el Gobierno construir\u00e1 un espacio en memoria de las v\u00edctimas con las piedras. Un homenaje a las v\u00edctimas mortales que dej\u00f3 la pandemia de [&hellip;]<\/p>\n","protected":false},"author":2,"featured_media":7666,"comment_status":"open","ping_status":"open","sticky":false,"template":"","format":"standard","meta":{"footnotes":""},"categories":[39],"tags":[],"class_list":["post-7661","post","type-post","status-publish","format-standard","has-post-thumbnail","hentry","category-nacionales"],"yoast_head":"<!-- This site is optimized with the Yoast SEO plugin v27.4 - https:\/\/yoast.com\/product\/yoast-seo-wordpress\/ -->\n<title>El Gobierno har\u00e1 con las piedras dejadas un espacio en memoria de los fallecidos por Covid | CVI NOTICIAS<\/title>\n<meta name=\"robots\" content=\"index, follow, max-snippet:-1, max-image-preview:large, max-video-preview:-1\" \/>\n<link rel=\"canonical\" href=\"https:\/\/cvinoticias.com\/v3\/el-gobierno-hara-con-las-piedras-dejadas-un-espacio-en-memoria-de-los-fallecidos-por-covid\/\" \/>\n<meta property=\"og:locale\" content=\"es_ES\" \/>\n<meta property=\"og:type\" content=\"article\" \/>\n<meta property=\"og:title\" content=\"El Gobierno har\u00e1 con las piedras dejadas un espacio en memoria de los fallecidos por Covid | CVI NOTICIAS\" \/>\n<meta property=\"og:description\" content=\"El homenaje, convocado a trav\u00e9s de las redes sociales bajo la etiqueta \u00abmarcha de las piedras\u00bb, cont\u00f3 con la asistencia de algunos candidatos de Juntos por el Cambio. Luego del acto, el Gobierno construir\u00e1 un espacio en memoria de las v\u00edctimas con las piedras. Un homenaje a las v\u00edctimas mortales que dej\u00f3 la pandemia de [&hellip;]\" \/>\n<meta property=\"og:url\" content=\"https:\/\/cvinoticias.com\/v3\/el-gobierno-hara-con-las-piedras-dejadas-un-espacio-en-memoria-de-los-fallecidos-por-covid\/\" \/>\n<meta property=\"og:site_name\" content=\"CVI NOTICIAS\" \/>\n<meta property=\"article:publisher\" content=\"https:\/\/www.facebook.com\/cvinoticias\" \/>\n<meta property=\"article:published_time\" content=\"2021-08-17T04:00:18+00:00\" \/>\n<meta property=\"og:image\" content=\"https:\/\/cvinoticias.com\/wp-content\/uploads\/2021\/08\/126dfe4c1589b6b355868457ae3e68e0995b8018.jpeg\" \/>\n\t<meta property=\"og:image:width\" content=\"2480\" \/>\n\t<meta property=\"og:image:height\" content=\"1677\" \/>\n\t<meta property=\"og:image:type\" content=\"image\/jpeg\" \/>\n<meta name=\"author\" content=\"f1000024\" \/>\n<meta name=\"twitter:card\" content=\"summary_large_image\" \/>\n<meta name=\"twitter:label1\" content=\"Escrito por\" \/>\n\t<meta name=\"twitter:data1\" content=\"f1000024\" \/>\n\t<meta name=\"twitter:label2\" content=\"Tiempo de lectura\" \/>\n\t<meta name=\"twitter:data2\" content=\"2 minutos\" \/>\n<script type=\"application\/ld+json\" class=\"yoast-schema-graph\">{\"@context\":\"https:\\\/\\\/schema.org\",\"@graph\":[{\"@type\":\"Article\",\"@id\":\"https:\\\/\\\/cvinoticias.com\\\/v3\\\/el-gobierno-hara-con-las-piedras-dejadas-un-espacio-en-memoria-de-los-fallecidos-por-covid\\\/#article\",\"isPartOf\":{\"@id\":\"https:\\\/\\\/cvinoticias.com\\\/v3\\\/el-gobierno-hara-con-las-piedras-dejadas-un-espacio-en-memoria-de-los-fallecidos-por-covid\\\/\"},\"author\":{\"name\":\"f1000024\",\"@id\":\"https:\\\/\\\/cvinoticias.com\\\/v3\\\/#\\\/schema\\\/person\\\/2db77e3c6bc03c538495d7b2b8be9b66\"},\"headline\":\"El Gobierno har\u00e1 con las piedras dejadas un espacio en memoria de los fallecidos por Covid\",\"datePublished\":\"2021-08-17T04:00:18+00:00\",\"mainEntityOfPage\":{\"@id\":\"https:\\\/\\\/cvinoticias.com\\\/v3\\\/el-gobierno-hara-con-las-piedras-dejadas-un-espacio-en-memoria-de-los-fallecidos-por-covid\\\/\"},\"wordCount\":501,\"commentCount\":0,\"publisher\":{\"@id\":\"https:\\\/\\\/cvinoticias.com\\\/v3\\\/#organization\"},\"image\":{\"@id\":\"https:\\\/\\\/cvinoticias.com\\\/v3\\\/el-gobierno-hara-con-las-piedras-dejadas-un-espacio-en-memoria-de-los-fallecidos-por-covid\\\/#primaryimage\"},\"thumbnailUrl\":\"https:\\\/\\\/cvinoticias.com\\\/wp-content\\\/uploads\\\/2021\\\/08\\\/126dfe4c1589b6b355868457ae3e68e0995b8018.jpeg\",\"articleSection\":[\"Nacionales\"],\"inLanguage\":\"es\",\"potentialAction\":[{\"@type\":\"CommentAction\",\"name\":\"Comment\",\"target\":[\"https:\\\/\\\/cvinoticias.com\\\/v3\\\/el-gobierno-hara-con-las-piedras-dejadas-un-espacio-en-memoria-de-los-fallecidos-por-covid\\\/#respond\"]}]},{\"@type\":\"WebPage\",\"@id\":\"https:\\\/\\\/cvinoticias.com\\\/v3\\\/el-gobierno-hara-con-las-piedras-dejadas-un-espacio-en-memoria-de-los-fallecidos-por-covid\\\/\",\"url\":\"https:\\\/\\\/cvinoticias.com\\\/v3\\\/el-gobierno-hara-con-las-piedras-dejadas-un-espacio-en-memoria-de-los-fallecidos-por-covid\\\/\",\"name\":\"El Gobierno har\u00e1 con las piedras dejadas un espacio en memoria de los fallecidos por Covid | CVI NOTICIAS\",\"isPartOf\":{\"@id\":\"https:\\\/\\\/cvinoticias.com\\\/v3\\\/#website\"},\"primaryImageOfPage\":{\"@id\":\"https:\\\/\\\/cvinoticias.com\\\/v3\\\/el-gobierno-hara-con-las-piedras-dejadas-un-espacio-en-memoria-de-los-fallecidos-por-covid\\\/#primaryimage\"},\"image\":{\"@id\":\"https:\\\/\\\/cvinoticias.com\\\/v3\\\/el-gobierno-hara-con-las-piedras-dejadas-un-espacio-en-memoria-de-los-fallecidos-por-covid\\\/#primaryimage\"},\"thumbnailUrl\":\"https:\\\/\\\/cvinoticias.com\\\/wp-content\\\/uploads\\\/2021\\\/08\\\/126dfe4c1589b6b355868457ae3e68e0995b8018.jpeg\",\"datePublished\":\"2021-08-17T04:00:18+00:00\",\"breadcrumb\":{\"@id\":\"https:\\\/\\\/cvinoticias.com\\\/v3\\\/el-gobierno-hara-con-las-piedras-dejadas-un-espacio-en-memoria-de-los-fallecidos-por-covid\\\/#breadcrumb\"},\"inLanguage\":\"es\",\"potentialAction\":[{\"@type\":\"ReadAction\",\"target\":[\"https:\\\/\\\/cvinoticias.com\\\/v3\\\/el-gobierno-hara-con-las-piedras-dejadas-un-espacio-en-memoria-de-los-fallecidos-por-covid\\\/\"]}]},{\"@type\":\"ImageObject\",\"inLanguage\":\"es\",\"@id\":\"https:\\\/\\\/cvinoticias.com\\\/v3\\\/el-gobierno-hara-con-las-piedras-dejadas-un-espacio-en-memoria-de-los-fallecidos-por-covid\\\/#primaryimage\",\"url\":\"https:\\\/\\\/cvinoticias.com\\\/wp-content\\\/uploads\\\/2021\\\/08\\\/126dfe4c1589b6b355868457ae3e68e0995b8018.jpeg\",\"contentUrl\":\"https:\\\/\\\/cvinoticias.com\\\/wp-content\\\/uploads\\\/2021\\\/08\\\/126dfe4c1589b6b355868457ae3e68e0995b8018.jpeg\",\"width\":2480,\"height\":1677},{\"@type\":\"BreadcrumbList\",\"@id\":\"https:\\\/\\\/cvinoticias.com\\\/v3\\\/el-gobierno-hara-con-las-piedras-dejadas-un-espacio-en-memoria-de-los-fallecidos-por-covid\\\/#breadcrumb\",\"itemListElement\":[{\"@type\":\"ListItem\",\"position\":1,\"name\":\"Portada\",\"item\":\"https:\\\/\\\/cvinoticias.com\\\/v3\\\/\"},{\"@type\":\"ListItem\",\"position\":2,\"name\":\"El Gobierno har\u00e1 con las piedras dejadas un espacio en memoria de los fallecidos por Covid\"}]},{\"@type\":\"WebSite\",\"@id\":\"https:\\\/\\\/cvinoticias.com\\\/v3\\\/#website\",\"url\":\"https:\\\/\\\/cvinoticias.com\\\/v3\\\/\",\"name\":\"CVI NOTICIAS\",\"description\":\"\",\"publisher\":{\"@id\":\"https:\\\/\\\/cvinoticias.com\\\/v3\\\/#organization\"},\"alternateName\":\"CVI\",\"potentialAction\":[{\"@type\":\"SearchAction\",\"target\":{\"@type\":\"EntryPoint\",\"urlTemplate\":\"https:\\\/\\\/cvinoticias.com\\\/v3\\\/?s={search_term_string}\"},\"query-input\":{\"@type\":\"PropertyValueSpecification\",\"valueRequired\":true,\"valueName\":\"search_term_string\"}}],\"inLanguage\":\"es\"},{\"@type\":\"Organization\",\"@id\":\"https:\\\/\\\/cvinoticias.com\\\/v3\\\/#organization\",\"name\":\"CVI NOTICIAS\",\"url\":\"https:\\\/\\\/cvinoticias.com\\\/v3\\\/\",\"logo\":{\"@type\":\"ImageObject\",\"inLanguage\":\"es\",\"@id\":\"https:\\\/\\\/cvinoticias.com\\\/v3\\\/#\\\/schema\\\/logo\\\/image\\\/\",\"url\":\"https:\\\/\\\/cvinoticias.com\\\/wp-content\\\/uploads\\\/2023\\\/04\\\/cropped-cropped-cropped-cropped-cropped-3-1.png\",\"contentUrl\":\"https:\\\/\\\/cvinoticias.com\\\/wp-content\\\/uploads\\\/2023\\\/04\\\/cropped-cropped-cropped-cropped-cropped-3-1.png\",\"width\":95,\"height\":122,\"caption\":\"CVI NOTICIAS\"},\"image\":{\"@id\":\"https:\\\/\\\/cvinoticias.com\\\/v3\\\/#\\\/schema\\\/logo\\\/image\\\/\"},\"sameAs\":[\"https:\\\/\\\/www.facebook.com\\\/cvinoticias\",\"https:\\\/\\\/www.instagram.com\\\/cvinoticias\\\/\",\"https:\\\/\\\/www.youtube.com\\\/@CVINOTICIAS\"]},{\"@type\":\"Person\",\"@id\":\"https:\\\/\\\/cvinoticias.com\\\/v3\\\/#\\\/schema\\\/person\\\/2db77e3c6bc03c538495d7b2b8be9b66\",\"name\":\"f1000024\",\"image\":{\"@type\":\"ImageObject\",\"inLanguage\":\"es\",\"@id\":\"https:\\\/\\\/secure.gravatar.com\\\/avatar\\\/d4fe7459cfc51ff5129ce1a732bbef5928568b8092d412ef95611616376bbeed?s=96&d=mm&r=g\",\"url\":\"https:\\\/\\\/secure.gravatar.com\\\/avatar\\\/d4fe7459cfc51ff5129ce1a732bbef5928568b8092d412ef95611616376bbeed?s=96&d=mm&r=g\",\"contentUrl\":\"https:\\\/\\\/secure.gravatar.com\\\/avatar\\\/d4fe7459cfc51ff5129ce1a732bbef5928568b8092d412ef95611616376bbeed?s=96&d=mm&r=g\",\"caption\":\"f1000024\"},\"url\":\"https:\\\/\\\/cvinoticias.com\\\/v3\\\/author\\\/f1000024\\\/\"}]}<\/script>\n<!-- \/ Yoast SEO plugin. -->","yoast_head_json":{"title":"El Gobierno har\u00e1 con las piedras dejadas un espacio en memoria de los fallecidos por Covid | CVI NOTICIAS","robots":{"index":"index","follow":"follow","max-snippet":"max-snippet:-1","max-image-preview":"max-image-preview:large","max-video-preview":"max-video-preview:-1"},"canonical":"https:\/\/cvinoticias.com\/v3\/el-gobierno-hara-con-las-piedras-dejadas-un-espacio-en-memoria-de-los-fallecidos-por-covid\/","og_locale":"es_ES","og_type":"article","og_title":"El Gobierno har\u00e1 con las piedras dejadas un espacio en memoria de los fallecidos por Covid | CVI NOTICIAS","og_description":"El homenaje, convocado a trav\u00e9s de las redes sociales bajo la etiqueta \u00abmarcha de las piedras\u00bb, cont\u00f3 con la asistencia de algunos candidatos de Juntos por el Cambio. Luego del acto, el Gobierno construir\u00e1 un espacio en memoria de las v\u00edctimas con las piedras. Un homenaje a las v\u00edctimas mortales que dej\u00f3 la pandemia de [&hellip;]","og_url":"https:\/\/cvinoticias.com\/v3\/el-gobierno-hara-con-las-piedras-dejadas-un-espacio-en-memoria-de-los-fallecidos-por-covid\/","og_site_name":"CVI NOTICIAS","article_publisher":"https:\/\/www.facebook.com\/cvinoticias","article_published_time":"2021-08-17T04:00:18+00:00","og_image":[{"width":2480,"height":1677,"url":"https:\/\/cvinoticias.com\/wp-content\/uploads\/2021\/08\/126dfe4c1589b6b355868457ae3e68e0995b8018.jpeg","type":"image\/jpeg"}],"author":"f1000024","twitter_card":"summary_large_image","twitter_misc":{"Escrito por":"f1000024","Tiempo de lectura":"2 minutos"},"schema":{"@context":"https:\/\/schema.org","@graph":[{"@type":"Article","@id":"https:\/\/cvinoticias.com\/v3\/el-gobierno-hara-con-las-piedras-dejadas-un-espacio-en-memoria-de-los-fallecidos-por-covid\/#article","isPartOf":{"@id":"https:\/\/cvinoticias.com\/v3\/el-gobierno-hara-con-las-piedras-dejadas-un-espacio-en-memoria-de-los-fallecidos-por-covid\/"},"author":{"name":"f1000024","@id":"https:\/\/cvinoticias.com\/v3\/#\/schema\/person\/2db77e3c6bc03c538495d7b2b8be9b66"},"headline":"El Gobierno har\u00e1 con las piedras dejadas un espacio en memoria de los fallecidos por Covid","datePublished":"2021-08-17T04:00:18+00:00","mainEntityOfPage":{"@id":"https:\/\/cvinoticias.com\/v3\/el-gobierno-hara-con-las-piedras-dejadas-un-espacio-en-memoria-de-los-fallecidos-por-covid\/"},"wordCount":501,"commentCount":0,"publisher":{"@id":"https:\/\/cvinoticias.com\/v3\/#organization"},"image":{"@id":"https:\/\/cvinoticias.com\/v3\/el-gobierno-hara-con-las-piedras-dejadas-un-espacio-en-memoria-de-los-fallecidos-por-covid\/#primaryimage"},"thumbnailUrl":"https:\/\/cvinoticias.com\/wp-content\/uploads\/2021\/08\/126dfe4c1589b6b355868457ae3e68e0995b8018.jpeg","articleSection":["Nacionales"],"inLanguage":"es","potentialAction":[{"@type":"CommentAction","name":"Comment","target":["https:\/\/cvinoticias.com\/v3\/el-gobierno-hara-con-las-piedras-dejadas-un-espacio-en-memoria-de-los-fallecidos-por-covid\/#respond"]}]},{"@type":"WebPage","@id":"https:\/\/cvinoticias.com\/v3\/el-gobierno-hara-con-las-piedras-dejadas-un-espacio-en-memoria-de-los-fallecidos-por-covid\/","url":"https:\/\/cvinoticias.com\/v3\/el-gobierno-hara-con-las-piedras-dejadas-un-espacio-en-memoria-de-los-fallecidos-por-covid\/","name":"El Gobierno har\u00e1 con las piedras dejadas un espacio en memoria de los fallecidos por Covid | CVI NOTICIAS","isPartOf":{"@id":"https:\/\/cvinoticias.com\/v3\/#website"},"primaryImageOfPage":{"@id":"https:\/\/cvinoticias.com\/v3\/el-gobierno-hara-con-las-piedras-dejadas-un-espacio-en-memoria-de-los-fallecidos-por-covid\/#primaryimage"},"image":{"@id":"https:\/\/cvinoticias.com\/v3\/el-gobierno-hara-con-las-piedras-dejadas-un-espacio-en-memoria-de-los-fallecidos-por-covid\/#primaryimage"},"thumbnailUrl":"https:\/\/cvinoticias.com\/wp-content\/uploads\/2021\/08\/126dfe4c1589b6b355868457ae3e68e0995b8018.jpeg","datePublished":"2021-08-17T04:00:18+00:00","breadcrumb":{"@id":"https:\/\/cvinoticias.com\/v3\/el-gobierno-hara-con-las-piedras-dejadas-un-espacio-en-memoria-de-los-fallecidos-por-covid\/#breadcrumb"},"inLanguage":"es","potentialAction":[{"@type":"ReadAction","target":["https:\/\/cvinoticias.com\/v3\/el-gobierno-hara-con-las-piedras-dejadas-un-espacio-en-memoria-de-los-fallecidos-por-covid\/"]}]},{"@type":"ImageObject","inLanguage":"es","@id":"https:\/\/cvinoticias.com\/v3\/el-gobierno-hara-con-las-piedras-dejadas-un-espacio-en-memoria-de-los-fallecidos-por-covid\/#primaryimage","url":"https:\/\/cvinoticias.com\/wp-content\/uploads\/2021\/08\/126dfe4c1589b6b355868457ae3e68e0995b8018.jpeg","contentUrl":"https:\/\/cvinoticias.com\/wp-content\/uploads\/2021\/08\/126dfe4c1589b6b355868457ae3e68e0995b8018.jpeg","width":2480,"height":1677},{"@type":"BreadcrumbList","@id":"https:\/\/cvinoticias.com\/v3\/el-gobierno-hara-con-las-piedras-dejadas-un-espacio-en-memoria-de-los-fallecidos-por-covid\/#breadcrumb","itemListElement":[{"@type":"ListItem","position":1,"name":"Portada","item":"https:\/\/cvinoticias.com\/v3\/"},{"@type":"ListItem","position":2,"name":"El Gobierno har\u00e1 con las piedras dejadas un espacio en memoria de los fallecidos por Covid"}]},{"@type":"WebSite","@id":"https:\/\/cvinoticias.com\/v3\/#website","url":"https:\/\/cvinoticias.com\/v3\/","name":"CVI NOTICIAS","description":"","publisher":{"@id":"https:\/\/cvinoticias.com\/v3\/#organization"},"alternateName":"CVI","potentialAction":[{"@type":"SearchAction","target":{"@type":"EntryPoint","urlTemplate":"https:\/\/cvinoticias.com\/v3\/?s={search_term_string}"},"query-input":{"@type":"PropertyValueSpecification","valueRequired":true,"valueName":"search_term_string"}}],"inLanguage":"es"},{"@type":"Organization","@id":"https:\/\/cvinoticias.com\/v3\/#organization","name":"CVI NOTICIAS","url":"https:\/\/cvinoticias.com\/v3\/","logo":{"@type":"ImageObject","inLanguage":"es","@id":"https:\/\/cvinoticias.com\/v3\/#\/schema\/logo\/image\/","url":"https:\/\/cvinoticias.com\/wp-content\/uploads\/2023\/04\/cropped-cropped-cropped-cropped-cropped-3-1.png","contentUrl":"https:\/\/cvinoticias.com\/wp-content\/uploads\/2023\/04\/cropped-cropped-cropped-cropped-cropped-3-1.png","width":95,"height":122,"caption":"CVI NOTICIAS"},"image":{"@id":"https:\/\/cvinoticias.com\/v3\/#\/schema\/logo\/image\/"},"sameAs":["https:\/\/www.facebook.com\/cvinoticias","https:\/\/www.instagram.com\/cvinoticias\/","https:\/\/www.youtube.com\/@CVINOTICIAS"]},{"@type":"Person","@id":"https:\/\/cvinoticias.com\/v3\/#\/schema\/person\/2db77e3c6bc03c538495d7b2b8be9b66","name":"f1000024","image":{"@type":"ImageObject","inLanguage":"es","@id":"https:\/\/secure.gravatar.com\/avatar\/d4fe7459cfc51ff5129ce1a732bbef5928568b8092d412ef95611616376bbeed?s=96&d=mm&r=g","url":"https:\/\/secure.gravatar.com\/avatar\/d4fe7459cfc51ff5129ce1a732bbef5928568b8092d412ef95611616376bbeed?s=96&d=mm&r=g","contentUrl":"https:\/\/secure.gravatar.com\/avatar\/d4fe7459cfc51ff5129ce1a732bbef5928568b8092d412ef95611616376bbeed?s=96&d=mm&r=g","caption":"f1000024"},"url":"https:\/\/cvinoticias.com\/v3\/author\/f1000024\/"}]}},"_links":{"self":[{"href":"https:\/\/cvinoticias.com\/v3\/wp-json\/wp\/v2\/posts\/7661","targetHints":{"allow":["GET"]}}],"collection":[{"href":"https:\/\/cvinoticias.com\/v3\/wp-json\/wp\/v2\/posts"}],"about":[{"href":"https:\/\/cvinoticias.com\/v3\/wp-json\/wp\/v2\/types\/post"}],"author":[{"embeddable":true,"href":"https:\/\/cvinoticias.com\/v3\/wp-json\/wp\/v2\/users\/2"}],"replies":[{"embeddable":true,"href":"https:\/\/cvinoticias.com\/v3\/wp-json\/wp\/v2\/comments?post=7661"}],"version-history":[{"count":1,"href":"https:\/\/cvinoticias.com\/v3\/wp-json\/wp\/v2\/posts\/7661\/revisions"}],"predecessor-version":[{"id":7667,"href":"https:\/\/cvinoticias.com\/v3\/wp-json\/wp\/v2\/posts\/7661\/revisions\/7667"}],"wp:featuredmedia":[{"embeddable":true,"href":"https:\/\/cvinoticias.com\/v3\/wp-json\/wp\/v2\/media\/7666"}],"wp:attachment":[{"href":"https:\/\/cvinoticias.com\/v3\/wp-json\/wp\/v2\/media?parent=7661"}],"wp:term":[{"taxonomy":"category","embeddable":true,"href":"https:\/\/cvinoticias.com\/v3\/wp-json\/wp\/v2\/categories?post=7661"},{"taxonomy":"post_tag","embeddable":true,"href":"https:\/\/cvinoticias.com\/v3\/wp-json\/wp\/v2\/tags?post=7661"}],"curies":[{"name":"wp","href":"https:\/\/api.w.org\/{rel}","templated":true}]}}