{"id":7655,"date":"2021-08-16T16:54:12","date_gmt":"2021-08-16T16:54:12","guid":{"rendered":"https:\/\/cvinoticias.com\/v3\/?p=7655"},"modified":"2021-08-16T16:54:12","modified_gmt":"2021-08-16T16:54:12","slug":"iguazu-reconocimiento-al-grupo-americano-de-parte-de-rotary","status":"publish","type":"post","link":"https:\/\/cvinoticias.com\/v3\/iguazu-reconocimiento-al-grupo-americano-de-parte-de-rotary\/","title":{"rendered":"Iguaz\u00fa: Reconocimiento al Grupo Americano de parte de Rotary"},"content":{"rendered":"\n<p><strong><em>Al cumplirse un a\u00f1o de la donaci\u00f3n de una C\u00e1mara de Flujo Laminar al Hospital SAMIC de Iguaz\u00fa \u2013 Marta T. Schwarz, por parte del Grupo Americano, Rotary Club Puerto Iguaz\u00fa Cataratas hizo entrega de una placa de reconocimiento al Sr. D. Santiago Lucenti, propietario de la empresa, destacando la dimensi\u00f3n del impacto que tuvo el uso de este equipo en la sala de Oncolog\u00eda del Hospital.<\/em><\/strong><\/p>\n\n\n\n<p>La c\u00e1mara de Flujo Laminar permite la elaboraci\u00f3n de los medicamentos de quimioterapia de manera segura, e hizo posible que los pacientes oncol\u00f3gicos de Puerto Iguaz\u00fa y otras localidades cercanas, puedan realizar ese tratamiento.<\/p>\n\n\n\n<figure class=\"wp-block-image size-full\"><a href=\"https:\/\/cvinoticias.com\/wp-content\/uploads\/2021\/08\/IMG-20210816-WA0055.jpg\"><img decoding=\"async\" width=\"768\" height=\"1024\" data-src=\"https:\/\/cvinoticias.com\/wp-content\/uploads\/2021\/08\/IMG-20210816-WA0055.jpg\" alt=\"\" class=\"wp-image-7656 lazyload\" data-srcset=\"https:\/\/cvinoticias.com\/wp-content\/uploads\/2021\/08\/IMG-20210816-WA0055.jpg 768w, https:\/\/cvinoticias.com\/wp-content\/uploads\/2021\/08\/IMG-20210816-WA0055-225x300.jpg 225w\" data-sizes=\"(max-width: 768px) 100vw, 768px\" src=\"data:image\/svg+xml;base64,PHN2ZyB3aWR0aD0iMSIgaGVpZ2h0PSIxIiB4bWxucz0iaHR0cDovL3d3dy53My5vcmcvMjAwMC9zdmciPjwvc3ZnPg==\" style=\"--smush-placeholder-width: 768px; --smush-placeholder-aspect-ratio: 768\/1024;\" \/><\/a><\/figure>\n\n\n\n<p>En el lapso de un a\u00f1o se realizaron 695 infusiones, adem\u00e1s de otros tratamientos m\u00e9dicos. Antes de esta donaci\u00f3n, es importante destacar, que no se realizaba quimioterapia en nuestra localidad, los pacientes deb\u00edan trasladarse con lo que implicaba econ\u00f3mica y emocionalmente. Muchas vidas se han salvado gracias a este equipo.<\/p>\n\n\n\n<figure class=\"wp-block-image size-full\"><a href=\"https:\/\/cvinoticias.com\/wp-content\/uploads\/2021\/08\/IMG-20210816-WA0056.jpg\"><img decoding=\"async\" width=\"794\" height=\"683\" data-src=\"https:\/\/cvinoticias.com\/wp-content\/uploads\/2021\/08\/IMG-20210816-WA0056.jpg\" alt=\"\" class=\"wp-image-7657 lazyload\" data-srcset=\"https:\/\/cvinoticias.com\/wp-content\/uploads\/2021\/08\/IMG-20210816-WA0056.jpg 794w, https:\/\/cvinoticias.com\/wp-content\/uploads\/2021\/08\/IMG-20210816-WA0056-300x258.jpg 300w, https:\/\/cvinoticias.com\/wp-content\/uploads\/2021\/08\/IMG-20210816-WA0056-768x661.jpg 768w\" data-sizes=\"(max-width: 794px) 100vw, 794px\" src=\"data:image\/svg+xml;base64,PHN2ZyB3aWR0aD0iMSIgaGVpZ2h0PSIxIiB4bWxucz0iaHR0cDovL3d3dy53My5vcmcvMjAwMC9zdmciPjwvc3ZnPg==\" style=\"--smush-placeholder-width: 794px; --smush-placeholder-aspect-ratio: 794\/683;\" \/><\/a><\/figure>\n\n\n\n<figure class=\"wp-block-image size-full\"><a href=\"https:\/\/cvinoticias.com\/wp-content\/uploads\/2021\/08\/IMG-20210816-WA0057.jpg\"><img decoding=\"async\" width=\"854\" height=\"701\" data-src=\"https:\/\/cvinoticias.com\/wp-content\/uploads\/2021\/08\/IMG-20210816-WA0057.jpg\" alt=\"\" class=\"wp-image-7658 lazyload\" data-srcset=\"https:\/\/cvinoticias.com\/wp-content\/uploads\/2021\/08\/IMG-20210816-WA0057.jpg 854w, https:\/\/cvinoticias.com\/wp-content\/uploads\/2021\/08\/IMG-20210816-WA0057-300x246.jpg 300w, https:\/\/cvinoticias.com\/wp-content\/uploads\/2021\/08\/IMG-20210816-WA0057-768x630.jpg 768w\" data-sizes=\"(max-width: 854px) 100vw, 854px\" src=\"data:image\/svg+xml;base64,PHN2ZyB3aWR0aD0iMSIgaGVpZ2h0PSIxIiB4bWxucz0iaHR0cDovL3d3dy53My5vcmcvMjAwMC9zdmciPjwvc3ZnPg==\" style=\"--smush-placeholder-width: 854px; --smush-placeholder-aspect-ratio: 854\/701;\" \/><\/a><\/figure>\n","protected":false},"excerpt":{"rendered":"<p>Al cumplirse un a\u00f1o de la donaci\u00f3n de una C\u00e1mara de Flujo Laminar al Hospital SAMIC de Iguaz\u00fa \u2013 Marta T. Schwarz, por parte del Grupo Americano, Rotary Club Puerto Iguaz\u00fa Cataratas hizo entrega de una placa de reconocimiento al Sr. D. Santiago Lucenti, propietario de la empresa, destacando la dimensi\u00f3n del impacto que tuvo [&hellip;]<\/p>\n","protected":false},"author":2,"featured_media":7659,"comment_status":"open","ping_status":"open","sticky":false,"template":"","format":"standard","meta":{"footnotes":""},"categories":[29,22],"tags":[],"class_list":["post-7655","post","type-post","status-publish","format-standard","has-post-thumbnail","hentry","category-locales","category-salud"],"yoast_head":"<!-- This site is optimized with the Yoast SEO plugin v27.4 - https:\/\/yoast.com\/product\/yoast-seo-wordpress\/ -->\n<title>Iguaz\u00fa: Reconocimiento al Grupo Americano de parte de Rotary | CVI NOTICIAS<\/title>\n<meta name=\"robots\" content=\"index, follow, max-snippet:-1, max-image-preview:large, max-video-preview:-1\" \/>\n<link rel=\"canonical\" href=\"https:\/\/cvinoticias.com\/v3\/iguazu-reconocimiento-al-grupo-americano-de-parte-de-rotary\/\" \/>\n<meta property=\"og:locale\" content=\"es_ES\" \/>\n<meta property=\"og:type\" content=\"article\" \/>\n<meta property=\"og:title\" content=\"Iguaz\u00fa: Reconocimiento al Grupo Americano de parte de Rotary | CVI NOTICIAS\" \/>\n<meta property=\"og:description\" content=\"Al cumplirse un a\u00f1o de la donaci\u00f3n de una C\u00e1mara de Flujo Laminar al Hospital SAMIC de Iguaz\u00fa \u2013 Marta T. Schwarz, por parte del Grupo Americano, Rotary Club Puerto Iguaz\u00fa Cataratas hizo entrega de una placa de reconocimiento al Sr. D. Santiago Lucenti, propietario de la empresa, destacando la dimensi\u00f3n del impacto que tuvo [&hellip;]\" \/>\n<meta property=\"og:url\" content=\"https:\/\/cvinoticias.com\/v3\/iguazu-reconocimiento-al-grupo-americano-de-parte-de-rotary\/\" \/>\n<meta property=\"og:site_name\" content=\"CVI NOTICIAS\" \/>\n<meta property=\"article:publisher\" content=\"https:\/\/www.facebook.com\/cvinoticias\" \/>\n<meta property=\"article:published_time\" content=\"2021-08-16T16:54:12+00:00\" \/>\n<meta property=\"og:image\" content=\"https:\/\/cvinoticias.com\/wp-content\/uploads\/2021\/08\/IMG-20210816-WA0054.jpg\" \/>\n\t<meta property=\"og:image:width\" content=\"1024\" \/>\n\t<meta property=\"og:image:height\" content=\"768\" \/>\n\t<meta property=\"og:image:type\" content=\"image\/jpeg\" \/>\n<meta name=\"author\" content=\"f1000024\" \/>\n<meta name=\"twitter:card\" content=\"summary_large_image\" \/>\n<meta name=\"twitter:label1\" content=\"Escrito por\" \/>\n\t<meta name=\"twitter:data1\" content=\"f1000024\" \/>\n\t<meta name=\"twitter:label2\" content=\"Tiempo de lectura\" \/>\n\t<meta name=\"twitter:data2\" content=\"1 minuto\" \/>\n<script type=\"application\/ld+json\" class=\"yoast-schema-graph\">{\"@context\":\"https:\\\/\\\/schema.org\",\"@graph\":[{\"@type\":\"Article\",\"@id\":\"https:\\\/\\\/cvinoticias.com\\\/v3\\\/iguazu-reconocimiento-al-grupo-americano-de-parte-de-rotary\\\/#article\",\"isPartOf\":{\"@id\":\"https:\\\/\\\/cvinoticias.com\\\/v3\\\/iguazu-reconocimiento-al-grupo-americano-de-parte-de-rotary\\\/\"},\"author\":{\"name\":\"f1000024\",\"@id\":\"https:\\\/\\\/cvinoticias.com\\\/v3\\\/#\\\/schema\\\/person\\\/2db77e3c6bc03c538495d7b2b8be9b66\"},\"headline\":\"Iguaz\u00fa: Reconocimiento al Grupo Americano de parte de Rotary\",\"datePublished\":\"2021-08-16T16:54:12+00:00\",\"mainEntityOfPage\":{\"@id\":\"https:\\\/\\\/cvinoticias.com\\\/v3\\\/iguazu-reconocimiento-al-grupo-americano-de-parte-de-rotary\\\/\"},\"wordCount\":172,\"commentCount\":0,\"publisher\":{\"@id\":\"https:\\\/\\\/cvinoticias.com\\\/v3\\\/#organization\"},\"image\":{\"@id\":\"https:\\\/\\\/cvinoticias.com\\\/v3\\\/iguazu-reconocimiento-al-grupo-americano-de-parte-de-rotary\\\/#primaryimage\"},\"thumbnailUrl\":\"https:\\\/\\\/cvinoticias.com\\\/wp-content\\\/uploads\\\/2021\\\/08\\\/IMG-20210816-WA0054.jpg\",\"articleSection\":[\"Locales\",\"Salud\"],\"inLanguage\":\"es\",\"potentialAction\":[{\"@type\":\"CommentAction\",\"name\":\"Comment\",\"target\":[\"https:\\\/\\\/cvinoticias.com\\\/v3\\\/iguazu-reconocimiento-al-grupo-americano-de-parte-de-rotary\\\/#respond\"]}]},{\"@type\":\"WebPage\",\"@id\":\"https:\\\/\\\/cvinoticias.com\\\/v3\\\/iguazu-reconocimiento-al-grupo-americano-de-parte-de-rotary\\\/\",\"url\":\"https:\\\/\\\/cvinoticias.com\\\/v3\\\/iguazu-reconocimiento-al-grupo-americano-de-parte-de-rotary\\\/\",\"name\":\"Iguaz\u00fa: Reconocimiento al Grupo Americano de parte de Rotary | CVI NOTICIAS\",\"isPartOf\":{\"@id\":\"https:\\\/\\\/cvinoticias.com\\\/v3\\\/#website\"},\"primaryImageOfPage\":{\"@id\":\"https:\\\/\\\/cvinoticias.com\\\/v3\\\/iguazu-reconocimiento-al-grupo-americano-de-parte-de-rotary\\\/#primaryimage\"},\"image\":{\"@id\":\"https:\\\/\\\/cvinoticias.com\\\/v3\\\/iguazu-reconocimiento-al-grupo-americano-de-parte-de-rotary\\\/#primaryimage\"},\"thumbnailUrl\":\"https:\\\/\\\/cvinoticias.com\\\/wp-content\\\/uploads\\\/2021\\\/08\\\/IMG-20210816-WA0054.jpg\",\"datePublished\":\"2021-08-16T16:54:12+00:00\",\"breadcrumb\":{\"@id\":\"https:\\\/\\\/cvinoticias.com\\\/v3\\\/iguazu-reconocimiento-al-grupo-americano-de-parte-de-rotary\\\/#breadcrumb\"},\"inLanguage\":\"es\",\"potentialAction\":[{\"@type\":\"ReadAction\",\"target\":[\"https:\\\/\\\/cvinoticias.com\\\/v3\\\/iguazu-reconocimiento-al-grupo-americano-de-parte-de-rotary\\\/\"]}]},{\"@type\":\"ImageObject\",\"inLanguage\":\"es\",\"@id\":\"https:\\\/\\\/cvinoticias.com\\\/v3\\\/iguazu-reconocimiento-al-grupo-americano-de-parte-de-rotary\\\/#primaryimage\",\"url\":\"https:\\\/\\\/cvinoticias.com\\\/wp-content\\\/uploads\\\/2021\\\/08\\\/IMG-20210816-WA0054.jpg\",\"contentUrl\":\"https:\\\/\\\/cvinoticias.com\\\/wp-content\\\/uploads\\\/2021\\\/08\\\/IMG-20210816-WA0054.jpg\",\"width\":1024,\"height\":768},{\"@type\":\"BreadcrumbList\",\"@id\":\"https:\\\/\\\/cvinoticias.com\\\/v3\\\/iguazu-reconocimiento-al-grupo-americano-de-parte-de-rotary\\\/#breadcrumb\",\"itemListElement\":[{\"@type\":\"ListItem\",\"position\":1,\"name\":\"Portada\",\"item\":\"https:\\\/\\\/cvinoticias.com\\\/v3\\\/\"},{\"@type\":\"ListItem\",\"position\":2,\"name\":\"Iguaz\u00fa: Reconocimiento al Grupo Americano de parte de Rotary\"}]},{\"@type\":\"WebSite\",\"@id\":\"https:\\\/\\\/cvinoticias.com\\\/v3\\\/#website\",\"url\":\"https:\\\/\\\/cvinoticias.com\\\/v3\\\/\",\"name\":\"CVI NOTICIAS\",\"description\":\"\",\"publisher\":{\"@id\":\"https:\\\/\\\/cvinoticias.com\\\/v3\\\/#organization\"},\"alternateName\":\"CVI\",\"potentialAction\":[{\"@type\":\"SearchAction\",\"target\":{\"@type\":\"EntryPoint\",\"urlTemplate\":\"https:\\\/\\\/cvinoticias.com\\\/v3\\\/?s={search_term_string}\"},\"query-input\":{\"@type\":\"PropertyValueSpecification\",\"valueRequired\":true,\"valueName\":\"search_term_string\"}}],\"inLanguage\":\"es\"},{\"@type\":\"Organization\",\"@id\":\"https:\\\/\\\/cvinoticias.com\\\/v3\\\/#organization\",\"name\":\"CVI NOTICIAS\",\"url\":\"https:\\\/\\\/cvinoticias.com\\\/v3\\\/\",\"logo\":{\"@type\":\"ImageObject\",\"inLanguage\":\"es\",\"@id\":\"https:\\\/\\\/cvinoticias.com\\\/v3\\\/#\\\/schema\\\/logo\\\/image\\\/\",\"url\":\"https:\\\/\\\/cvinoticias.com\\\/wp-content\\\/uploads\\\/2023\\\/04\\\/cropped-cropped-cropped-cropped-cropped-3-1.png\",\"contentUrl\":\"https:\\\/\\\/cvinoticias.com\\\/wp-content\\\/uploads\\\/2023\\\/04\\\/cropped-cropped-cropped-cropped-cropped-3-1.png\",\"width\":95,\"height\":122,\"caption\":\"CVI NOTICIAS\"},\"image\":{\"@id\":\"https:\\\/\\\/cvinoticias.com\\\/v3\\\/#\\\/schema\\\/logo\\\/image\\\/\"},\"sameAs\":[\"https:\\\/\\\/www.facebook.com\\\/cvinoticias\",\"https:\\\/\\\/www.instagram.com\\\/cvinoticias\\\/\",\"https:\\\/\\\/www.youtube.com\\\/@CVINOTICIAS\"]},{\"@type\":\"Person\",\"@id\":\"https:\\\/\\\/cvinoticias.com\\\/v3\\\/#\\\/schema\\\/person\\\/2db77e3c6bc03c538495d7b2b8be9b66\",\"name\":\"f1000024\",\"image\":{\"@type\":\"ImageObject\",\"inLanguage\":\"es\",\"@id\":\"https:\\\/\\\/secure.gravatar.com\\\/avatar\\\/d4fe7459cfc51ff5129ce1a732bbef5928568b8092d412ef95611616376bbeed?s=96&d=mm&r=g\",\"url\":\"https:\\\/\\\/secure.gravatar.com\\\/avatar\\\/d4fe7459cfc51ff5129ce1a732bbef5928568b8092d412ef95611616376bbeed?s=96&d=mm&r=g\",\"contentUrl\":\"https:\\\/\\\/secure.gravatar.com\\\/avatar\\\/d4fe7459cfc51ff5129ce1a732bbef5928568b8092d412ef95611616376bbeed?s=96&d=mm&r=g\",\"caption\":\"f1000024\"},\"url\":\"https:\\\/\\\/cvinoticias.com\\\/v3\\\/author\\\/f1000024\\\/\"}]}<\/script>\n<!-- \/ Yoast SEO plugin. -->","yoast_head_json":{"title":"Iguaz\u00fa: Reconocimiento al Grupo Americano de parte de Rotary | CVI NOTICIAS","robots":{"index":"index","follow":"follow","max-snippet":"max-snippet:-1","max-image-preview":"max-image-preview:large","max-video-preview":"max-video-preview:-1"},"canonical":"https:\/\/cvinoticias.com\/v3\/iguazu-reconocimiento-al-grupo-americano-de-parte-de-rotary\/","og_locale":"es_ES","og_type":"article","og_title":"Iguaz\u00fa: Reconocimiento al Grupo Americano de parte de Rotary | CVI NOTICIAS","og_description":"Al cumplirse un a\u00f1o de la donaci\u00f3n de una C\u00e1mara de Flujo Laminar al Hospital SAMIC de Iguaz\u00fa \u2013 Marta T. Schwarz, por parte del Grupo Americano, Rotary Club Puerto Iguaz\u00fa Cataratas hizo entrega de una placa de reconocimiento al Sr. D. Santiago Lucenti, propietario de la empresa, destacando la dimensi\u00f3n del impacto que tuvo [&hellip;]","og_url":"https:\/\/cvinoticias.com\/v3\/iguazu-reconocimiento-al-grupo-americano-de-parte-de-rotary\/","og_site_name":"CVI NOTICIAS","article_publisher":"https:\/\/www.facebook.com\/cvinoticias","article_published_time":"2021-08-16T16:54:12+00:00","og_image":[{"width":1024,"height":768,"url":"https:\/\/cvinoticias.com\/wp-content\/uploads\/2021\/08\/IMG-20210816-WA0054.jpg","type":"image\/jpeg"}],"author":"f1000024","twitter_card":"summary_large_image","twitter_misc":{"Escrito por":"f1000024","Tiempo de lectura":"1 minuto"},"schema":{"@context":"https:\/\/schema.org","@graph":[{"@type":"Article","@id":"https:\/\/cvinoticias.com\/v3\/iguazu-reconocimiento-al-grupo-americano-de-parte-de-rotary\/#article","isPartOf":{"@id":"https:\/\/cvinoticias.com\/v3\/iguazu-reconocimiento-al-grupo-americano-de-parte-de-rotary\/"},"author":{"name":"f1000024","@id":"https:\/\/cvinoticias.com\/v3\/#\/schema\/person\/2db77e3c6bc03c538495d7b2b8be9b66"},"headline":"Iguaz\u00fa: Reconocimiento al Grupo Americano de parte de Rotary","datePublished":"2021-08-16T16:54:12+00:00","mainEntityOfPage":{"@id":"https:\/\/cvinoticias.com\/v3\/iguazu-reconocimiento-al-grupo-americano-de-parte-de-rotary\/"},"wordCount":172,"commentCount":0,"publisher":{"@id":"https:\/\/cvinoticias.com\/v3\/#organization"},"image":{"@id":"https:\/\/cvinoticias.com\/v3\/iguazu-reconocimiento-al-grupo-americano-de-parte-de-rotary\/#primaryimage"},"thumbnailUrl":"https:\/\/cvinoticias.com\/wp-content\/uploads\/2021\/08\/IMG-20210816-WA0054.jpg","articleSection":["Locales","Salud"],"inLanguage":"es","potentialAction":[{"@type":"CommentAction","name":"Comment","target":["https:\/\/cvinoticias.com\/v3\/iguazu-reconocimiento-al-grupo-americano-de-parte-de-rotary\/#respond"]}]},{"@type":"WebPage","@id":"https:\/\/cvinoticias.com\/v3\/iguazu-reconocimiento-al-grupo-americano-de-parte-de-rotary\/","url":"https:\/\/cvinoticias.com\/v3\/iguazu-reconocimiento-al-grupo-americano-de-parte-de-rotary\/","name":"Iguaz\u00fa: Reconocimiento al Grupo Americano de parte de Rotary | CVI NOTICIAS","isPartOf":{"@id":"https:\/\/cvinoticias.com\/v3\/#website"},"primaryImageOfPage":{"@id":"https:\/\/cvinoticias.com\/v3\/iguazu-reconocimiento-al-grupo-americano-de-parte-de-rotary\/#primaryimage"},"image":{"@id":"https:\/\/cvinoticias.com\/v3\/iguazu-reconocimiento-al-grupo-americano-de-parte-de-rotary\/#primaryimage"},"thumbnailUrl":"https:\/\/cvinoticias.com\/wp-content\/uploads\/2021\/08\/IMG-20210816-WA0054.jpg","datePublished":"2021-08-16T16:54:12+00:00","breadcrumb":{"@id":"https:\/\/cvinoticias.com\/v3\/iguazu-reconocimiento-al-grupo-americano-de-parte-de-rotary\/#breadcrumb"},"inLanguage":"es","potentialAction":[{"@type":"ReadAction","target":["https:\/\/cvinoticias.com\/v3\/iguazu-reconocimiento-al-grupo-americano-de-parte-de-rotary\/"]}]},{"@type":"ImageObject","inLanguage":"es","@id":"https:\/\/cvinoticias.com\/v3\/iguazu-reconocimiento-al-grupo-americano-de-parte-de-rotary\/#primaryimage","url":"https:\/\/cvinoticias.com\/wp-content\/uploads\/2021\/08\/IMG-20210816-WA0054.jpg","contentUrl":"https:\/\/cvinoticias.com\/wp-content\/uploads\/2021\/08\/IMG-20210816-WA0054.jpg","width":1024,"height":768},{"@type":"BreadcrumbList","@id":"https:\/\/cvinoticias.com\/v3\/iguazu-reconocimiento-al-grupo-americano-de-parte-de-rotary\/#breadcrumb","itemListElement":[{"@type":"ListItem","position":1,"name":"Portada","item":"https:\/\/cvinoticias.com\/v3\/"},{"@type":"ListItem","position":2,"name":"Iguaz\u00fa: Reconocimiento al Grupo Americano de parte de Rotary"}]},{"@type":"WebSite","@id":"https:\/\/cvinoticias.com\/v3\/#website","url":"https:\/\/cvinoticias.com\/v3\/","name":"CVI NOTICIAS","description":"","publisher":{"@id":"https:\/\/cvinoticias.com\/v3\/#organization"},"alternateName":"CVI","potentialAction":[{"@type":"SearchAction","target":{"@type":"EntryPoint","urlTemplate":"https:\/\/cvinoticias.com\/v3\/?s={search_term_string}"},"query-input":{"@type":"PropertyValueSpecification","valueRequired":true,"valueName":"search_term_string"}}],"inLanguage":"es"},{"@type":"Organization","@id":"https:\/\/cvinoticias.com\/v3\/#organization","name":"CVI NOTICIAS","url":"https:\/\/cvinoticias.com\/v3\/","logo":{"@type":"ImageObject","inLanguage":"es","@id":"https:\/\/cvinoticias.com\/v3\/#\/schema\/logo\/image\/","url":"https:\/\/cvinoticias.com\/wp-content\/uploads\/2023\/04\/cropped-cropped-cropped-cropped-cropped-3-1.png","contentUrl":"https:\/\/cvinoticias.com\/wp-content\/uploads\/2023\/04\/cropped-cropped-cropped-cropped-cropped-3-1.png","width":95,"height":122,"caption":"CVI NOTICIAS"},"image":{"@id":"https:\/\/cvinoticias.com\/v3\/#\/schema\/logo\/image\/"},"sameAs":["https:\/\/www.facebook.com\/cvinoticias","https:\/\/www.instagram.com\/cvinoticias\/","https:\/\/www.youtube.com\/@CVINOTICIAS"]},{"@type":"Person","@id":"https:\/\/cvinoticias.com\/v3\/#\/schema\/person\/2db77e3c6bc03c538495d7b2b8be9b66","name":"f1000024","image":{"@type":"ImageObject","inLanguage":"es","@id":"https:\/\/secure.gravatar.com\/avatar\/d4fe7459cfc51ff5129ce1a732bbef5928568b8092d412ef95611616376bbeed?s=96&d=mm&r=g","url":"https:\/\/secure.gravatar.com\/avatar\/d4fe7459cfc51ff5129ce1a732bbef5928568b8092d412ef95611616376bbeed?s=96&d=mm&r=g","contentUrl":"https:\/\/secure.gravatar.com\/avatar\/d4fe7459cfc51ff5129ce1a732bbef5928568b8092d412ef95611616376bbeed?s=96&d=mm&r=g","caption":"f1000024"},"url":"https:\/\/cvinoticias.com\/v3\/author\/f1000024\/"}]}},"_links":{"self":[{"href":"https:\/\/cvinoticias.com\/v3\/wp-json\/wp\/v2\/posts\/7655","targetHints":{"allow":["GET"]}}],"collection":[{"href":"https:\/\/cvinoticias.com\/v3\/wp-json\/wp\/v2\/posts"}],"about":[{"href":"https:\/\/cvinoticias.com\/v3\/wp-json\/wp\/v2\/types\/post"}],"author":[{"embeddable":true,"href":"https:\/\/cvinoticias.com\/v3\/wp-json\/wp\/v2\/users\/2"}],"replies":[{"embeddable":true,"href":"https:\/\/cvinoticias.com\/v3\/wp-json\/wp\/v2\/comments?post=7655"}],"version-history":[{"count":1,"href":"https:\/\/cvinoticias.com\/v3\/wp-json\/wp\/v2\/posts\/7655\/revisions"}],"predecessor-version":[{"id":7660,"href":"https:\/\/cvinoticias.com\/v3\/wp-json\/wp\/v2\/posts\/7655\/revisions\/7660"}],"wp:featuredmedia":[{"embeddable":true,"href":"https:\/\/cvinoticias.com\/v3\/wp-json\/wp\/v2\/media\/7659"}],"wp:attachment":[{"href":"https:\/\/cvinoticias.com\/v3\/wp-json\/wp\/v2\/media?parent=7655"}],"wp:term":[{"taxonomy":"category","embeddable":true,"href":"https:\/\/cvinoticias.com\/v3\/wp-json\/wp\/v2\/categories?post=7655"},{"taxonomy":"post_tag","embeddable":true,"href":"https:\/\/cvinoticias.com\/v3\/wp-json\/wp\/v2\/tags?post=7655"}],"curies":[{"name":"wp","href":"https:\/\/api.w.org\/{rel}","templated":true}]}}