{"id":7642,"date":"2021-08-16T14:42:27","date_gmt":"2021-08-16T14:42:27","guid":{"rendered":"https:\/\/cvinoticias.com\/v3\/?p=7642"},"modified":"2021-08-16T15:09:12","modified_gmt":"2021-08-16T15:09:12","slug":"puerto-iguazu-fue-inaugurado-formalmente-el-barrio-policial-en-las-2000-hectareas","status":"publish","type":"post","link":"https:\/\/cvinoticias.com\/v3\/puerto-iguazu-fue-inaugurado-formalmente-el-barrio-policial-en-las-2000-hectareas\/","title":{"rendered":"Puerto Iguaz\u00fa: Fue inaugurado formalmente el \u00abBarrio Policial\u00bb en las 2000 Hect\u00e1reas"},"content":{"rendered":"\n<p><strong><em>En la tarde de este domingo 15 de agosto, en un sencillo acto, qued\u00f3 formalmente inaugurado el \u00abBarrio Policial\u00bb de las 2.000 Hect\u00e1reas y se oficializ\u00f3 el nombramiento de la calle principal como \u00abRolando Benigno Guardiola\u00bb.<\/em><\/strong><\/p>\n\n\n\n<p>En un sencillo acto y con la presencia de la Comisi\u00f3n Barrial Pte. Mamani Julio Enrique, Vicepresidente Robledo Mirian Judith, Protesorero Cardozo Baez Oscar, se realiz\u00f3 el descubrimiento del cartel artesanal que lleva el nombre del barrio inaugurado, Barrio Policial.<\/p>\n\n\n\n<figure class=\"wp-block-image size-large\"><a href=\"https:\/\/cvinoticias.com\/wp-content\/uploads\/2021\/08\/IMG-20210816-WA0001.jpg\"><img decoding=\"async\" width=\"590\" height=\"1024\" data-src=\"https:\/\/cvinoticias.com\/wp-content\/uploads\/2021\/08\/IMG-20210816-WA0001-590x1024.jpg\" alt=\"\" class=\"wp-image-7643 lazyload\" data-srcset=\"https:\/\/cvinoticias.com\/wp-content\/uploads\/2021\/08\/IMG-20210816-WA0001-590x1024.jpg 590w, https:\/\/cvinoticias.com\/wp-content\/uploads\/2021\/08\/IMG-20210816-WA0001-173x300.jpg 173w, https:\/\/cvinoticias.com\/wp-content\/uploads\/2021\/08\/IMG-20210816-WA0001.jpg 738w\" data-sizes=\"(max-width: 590px) 100vw, 590px\" src=\"data:image\/svg+xml;base64,PHN2ZyB3aWR0aD0iMSIgaGVpZ2h0PSIxIiB4bWxucz0iaHR0cDovL3d3dy53My5vcmcvMjAwMC9zdmciPjwvc3ZnPg==\" style=\"--smush-placeholder-width: 590px; --smush-placeholder-aspect-ratio: 590\/1024;\" \/><\/a><\/figure>\n\n\n\n<p>As\u00ed tambi\u00e9n en el acto estuvieron presentes como principales invitados el Dr Cristian Guardiola y el pr\u00f3ximo profesor de Educaci\u00f3n F\u00edsica, Facundo Guardiola, ambos hijos del fallecido y tan recordado \u00abRolando Benigno Guardiola\u00bb, nombre asignado, oficialmente, con descubrimiento de se\u00f1al\u00e9tica, de la calle principal del barrio.<\/p>\n\n\n\n<figure class=\"wp-block-image size-large\"><a href=\"https:\/\/cvinoticias.com\/wp-content\/uploads\/2021\/08\/IMG-20210816-WA0024.jpg\"><img decoding=\"async\" width=\"581\" height=\"1024\" data-src=\"https:\/\/cvinoticias.com\/wp-content\/uploads\/2021\/08\/IMG-20210816-WA0024-581x1024.jpg\" alt=\"\" class=\"wp-image-7644 lazyload\" data-srcset=\"https:\/\/cvinoticias.com\/wp-content\/uploads\/2021\/08\/IMG-20210816-WA0024-581x1024.jpg 581w, https:\/\/cvinoticias.com\/wp-content\/uploads\/2021\/08\/IMG-20210816-WA0024-170x300.jpg 170w, https:\/\/cvinoticias.com\/wp-content\/uploads\/2021\/08\/IMG-20210816-WA0024.jpg 726w\" data-sizes=\"(max-width: 581px) 100vw, 581px\" src=\"data:image\/svg+xml;base64,PHN2ZyB3aWR0aD0iMSIgaGVpZ2h0PSIxIiB4bWxucz0iaHR0cDovL3d3dy53My5vcmcvMjAwMC9zdmciPjwvc3ZnPg==\" style=\"--smush-placeholder-width: 581px; --smush-placeholder-aspect-ratio: 581\/1024;\" \/><\/a><\/figure>\n\n\n\n<p>Posteriormente, siendo las 15:00 hs, la comisi\u00f3n del barrio inaugurado, juntamente con vecinos agasajaron a los ni\u00f1os en su d\u00eda. Los mismos disfrutaron de los peloteros, juegos, compentencias, regalos; de la compa\u00f1ia y entretenimiento de \u00abMini\u00bb y de \u00abLa Chilindrina\u00bb.<\/p>\n\n\n\n<figure class=\"wp-block-image size-large\"><a href=\"https:\/\/cvinoticias.com\/wp-content\/uploads\/2021\/08\/IMG-20210816-WA0005.jpg\"><img decoding=\"async\" width=\"1024\" height=\"461\" data-src=\"https:\/\/cvinoticias.com\/wp-content\/uploads\/2021\/08\/IMG-20210816-WA0005-1024x461.jpg\" alt=\"\" class=\"wp-image-7645 lazyload\" data-srcset=\"https:\/\/cvinoticias.com\/wp-content\/uploads\/2021\/08\/IMG-20210816-WA0005-1024x461.jpg 1024w, https:\/\/cvinoticias.com\/wp-content\/uploads\/2021\/08\/IMG-20210816-WA0005-300x135.jpg 300w, https:\/\/cvinoticias.com\/wp-content\/uploads\/2021\/08\/IMG-20210816-WA0005-768x346.jpg 768w, https:\/\/cvinoticias.com\/wp-content\/uploads\/2021\/08\/IMG-20210816-WA0005-1536x691.jpg 1536w, https:\/\/cvinoticias.com\/wp-content\/uploads\/2021\/08\/IMG-20210816-WA0005.jpg 1600w\" data-sizes=\"(max-width: 1024px) 100vw, 1024px\" src=\"data:image\/svg+xml;base64,PHN2ZyB3aWR0aD0iMSIgaGVpZ2h0PSIxIiB4bWxucz0iaHR0cDovL3d3dy53My5vcmcvMjAwMC9zdmciPjwvc3ZnPg==\" style=\"--smush-placeholder-width: 1024px; --smush-placeholder-aspect-ratio: 1024\/461;\" \/><\/a><\/figure>\n\n\n\n<p>Para finalizar, los 250 ni\u00f1os que asistieron junto a&nbsp; sus padres compartieron la merienda con una sabrosa chocolatada, mazas y bocaditos dulces que fueron elaborados por integrantes del Barrio.<\/p>\n\n\n\n<p>La comisi\u00f3n, agredece a todos comercios, empresarios, amigos y vecinos que con su gesto solidario permitieron que este grupo de personas hayan sido instrumentos para brindarles una tarde fel\u00edz a tantos ni\u00f1os que se hicieron presentes.<\/p>\n\n\n\n<figure class=\"wp-block-image size-large\"><a href=\"https:\/\/cvinoticias.com\/wp-content\/uploads\/2021\/08\/IMG-20210816-WA0023.jpg\"><img decoding=\"async\" width=\"768\" height=\"1024\" data-src=\"https:\/\/cvinoticias.com\/wp-content\/uploads\/2021\/08\/IMG-20210816-WA0023-768x1024.jpg\" alt=\"\" class=\"wp-image-7646 lazyload\" data-srcset=\"https:\/\/cvinoticias.com\/wp-content\/uploads\/2021\/08\/IMG-20210816-WA0023-768x1024.jpg 768w, https:\/\/cvinoticias.com\/wp-content\/uploads\/2021\/08\/IMG-20210816-WA0023-225x300.jpg 225w, https:\/\/cvinoticias.com\/wp-content\/uploads\/2021\/08\/IMG-20210816-WA0023.jpg 960w\" data-sizes=\"(max-width: 768px) 100vw, 768px\" src=\"data:image\/svg+xml;base64,PHN2ZyB3aWR0aD0iMSIgaGVpZ2h0PSIxIiB4bWxucz0iaHR0cDovL3d3dy53My5vcmcvMjAwMC9zdmciPjwvc3ZnPg==\" style=\"--smush-placeholder-width: 768px; --smush-placeholder-aspect-ratio: 768\/1024;\" \/><\/a><\/figure>\n\n\n\n<figure class=\"wp-block-image size-large is-resized\"><a href=\"https:\/\/cvinoticias.com\/wp-content\/uploads\/2021\/08\/IMG-20210816-WA0015.jpg\"><img decoding=\"async\" data-src=\"https:\/\/cvinoticias.com\/wp-content\/uploads\/2021\/08\/IMG-20210816-WA0015-461x1024.jpg\" alt=\"\" class=\"wp-image-7647 lazyload\" width=\"581\" height=\"1291\" data-srcset=\"https:\/\/cvinoticias.com\/wp-content\/uploads\/2021\/08\/IMG-20210816-WA0015-461x1024.jpg 461w, https:\/\/cvinoticias.com\/wp-content\/uploads\/2021\/08\/IMG-20210816-WA0015-135x300.jpg 135w, https:\/\/cvinoticias.com\/wp-content\/uploads\/2021\/08\/IMG-20210816-WA0015.jpg 576w\" data-sizes=\"(max-width: 581px) 100vw, 581px\" src=\"data:image\/svg+xml;base64,PHN2ZyB3aWR0aD0iMSIgaGVpZ2h0PSIxIiB4bWxucz0iaHR0cDovL3d3dy53My5vcmcvMjAwMC9zdmciPjwvc3ZnPg==\" style=\"--smush-placeholder-width: 581px; --smush-placeholder-aspect-ratio: 581\/1291;\" \/><\/a><\/figure>\n\n\n\n<figure class=\"wp-block-image size-large is-resized\"><a href=\"https:\/\/cvinoticias.com\/wp-content\/uploads\/2021\/08\/IMG-20210816-WA0006.jpg\"><img decoding=\"async\" data-src=\"https:\/\/cvinoticias.com\/wp-content\/uploads\/2021\/08\/IMG-20210816-WA0006-526x1024.jpg\" alt=\"\" class=\"wp-image-7648 lazyload\" width=\"788\" height=\"1534\" data-srcset=\"https:\/\/cvinoticias.com\/wp-content\/uploads\/2021\/08\/IMG-20210816-WA0006-526x1024.jpg 526w, https:\/\/cvinoticias.com\/wp-content\/uploads\/2021\/08\/IMG-20210816-WA0006-154x300.jpg 154w, https:\/\/cvinoticias.com\/wp-content\/uploads\/2021\/08\/IMG-20210816-WA0006.jpg 657w\" data-sizes=\"(max-width: 788px) 100vw, 788px\" src=\"data:image\/svg+xml;base64,PHN2ZyB3aWR0aD0iMSIgaGVpZ2h0PSIxIiB4bWxucz0iaHR0cDovL3d3dy53My5vcmcvMjAwMC9zdmciPjwvc3ZnPg==\" style=\"--smush-placeholder-width: 788px; --smush-placeholder-aspect-ratio: 788\/1534;\" \/><\/a><\/figure>\n\n\n\n<figure class=\"wp-block-image size-large\"><a href=\"https:\/\/cvinoticias.com\/wp-content\/uploads\/2021\/08\/IMG-20210816-WA0011.jpg\"><img decoding=\"async\" width=\"532\" height=\"1024\" data-src=\"https:\/\/cvinoticias.com\/wp-content\/uploads\/2021\/08\/IMG-20210816-WA0011-532x1024.jpg\" alt=\"\" class=\"wp-image-7649 lazyload\" data-srcset=\"https:\/\/cvinoticias.com\/wp-content\/uploads\/2021\/08\/IMG-20210816-WA0011-532x1024.jpg 532w, https:\/\/cvinoticias.com\/wp-content\/uploads\/2021\/08\/IMG-20210816-WA0011-156x300.jpg 156w, https:\/\/cvinoticias.com\/wp-content\/uploads\/2021\/08\/IMG-20210816-WA0011.jpg 665w\" data-sizes=\"(max-width: 532px) 100vw, 532px\" src=\"data:image\/svg+xml;base64,PHN2ZyB3aWR0aD0iMSIgaGVpZ2h0PSIxIiB4bWxucz0iaHR0cDovL3d3dy53My5vcmcvMjAwMC9zdmciPjwvc3ZnPg==\" style=\"--smush-placeholder-width: 532px; --smush-placeholder-aspect-ratio: 532\/1024;\" \/><\/a><\/figure>\n\n\n\n<figure class=\"wp-block-image size-large\"><a href=\"https:\/\/cvinoticias.com\/wp-content\/uploads\/2021\/08\/IMG-20210816-WA0002.jpg\"><img decoding=\"async\" width=\"556\" height=\"1024\" data-src=\"https:\/\/cvinoticias.com\/wp-content\/uploads\/2021\/08\/IMG-20210816-WA0002-556x1024.jpg\" alt=\"\" class=\"wp-image-7650 lazyload\" data-srcset=\"https:\/\/cvinoticias.com\/wp-content\/uploads\/2021\/08\/IMG-20210816-WA0002-556x1024.jpg 556w, https:\/\/cvinoticias.com\/wp-content\/uploads\/2021\/08\/IMG-20210816-WA0002-163x300.jpg 163w, https:\/\/cvinoticias.com\/wp-content\/uploads\/2021\/08\/IMG-20210816-WA0002.jpg 695w\" data-sizes=\"(max-width: 556px) 100vw, 556px\" src=\"data:image\/svg+xml;base64,PHN2ZyB3aWR0aD0iMSIgaGVpZ2h0PSIxIiB4bWxucz0iaHR0cDovL3d3dy53My5vcmcvMjAwMC9zdmciPjwvc3ZnPg==\" style=\"--smush-placeholder-width: 556px; --smush-placeholder-aspect-ratio: 556\/1024;\" \/><\/a><\/figure>\n\n\n\n<figure class=\"wp-block-image size-large\"><a href=\"https:\/\/cvinoticias.com\/wp-content\/uploads\/2021\/08\/IMG-20210816-WA0008.jpg\"><img decoding=\"async\" width=\"569\" height=\"1024\" data-src=\"https:\/\/cvinoticias.com\/wp-content\/uploads\/2021\/08\/IMG-20210816-WA0008-569x1024.jpg\" alt=\"\" class=\"wp-image-7651 lazyload\" data-srcset=\"https:\/\/cvinoticias.com\/wp-content\/uploads\/2021\/08\/IMG-20210816-WA0008-569x1024.jpg 569w, https:\/\/cvinoticias.com\/wp-content\/uploads\/2021\/08\/IMG-20210816-WA0008-167x300.jpg 167w, https:\/\/cvinoticias.com\/wp-content\/uploads\/2021\/08\/IMG-20210816-WA0008.jpg 711w\" data-sizes=\"(max-width: 569px) 100vw, 569px\" src=\"data:image\/svg+xml;base64,PHN2ZyB3aWR0aD0iMSIgaGVpZ2h0PSIxIiB4bWxucz0iaHR0cDovL3d3dy53My5vcmcvMjAwMC9zdmciPjwvc3ZnPg==\" style=\"--smush-placeholder-width: 569px; --smush-placeholder-aspect-ratio: 569\/1024;\" \/><\/a><\/figure>\n","protected":false},"excerpt":{"rendered":"<p>En la tarde de este domingo 15 de agosto, en un sencillo acto, qued\u00f3 formalmente inaugurado el \u00abBarrio Policial\u00bb de las 2.000 Hect\u00e1reas y se oficializ\u00f3 el nombramiento de la calle principal como \u00abRolando Benigno Guardiola\u00bb. En un sencillo acto y con la presencia de la Comisi\u00f3n Barrial Pte. Mamani Julio Enrique, Vicepresidente Robledo Mirian [&hellip;]<\/p>\n","protected":false},"author":2,"featured_media":7652,"comment_status":"open","ping_status":"open","sticky":false,"template":"","format":"standard","meta":{"footnotes":""},"categories":[29],"tags":[],"class_list":["post-7642","post","type-post","status-publish","format-standard","has-post-thumbnail","hentry","category-locales"],"yoast_head":"<!-- This site is optimized with the Yoast SEO plugin v27.4 - https:\/\/yoast.com\/product\/yoast-seo-wordpress\/ -->\n<title>Puerto Iguaz\u00fa: Fue inaugurado formalmente el &quot;Barrio Policial&quot; en las 2000 Hect\u00e1reas | CVI NOTICIAS<\/title>\n<meta name=\"robots\" content=\"index, follow, max-snippet:-1, max-image-preview:large, max-video-preview:-1\" \/>\n<link rel=\"canonical\" href=\"https:\/\/cvinoticias.com\/v3\/puerto-iguazu-fue-inaugurado-formalmente-el-barrio-policial-en-las-2000-hectareas\/\" \/>\n<meta property=\"og:locale\" content=\"es_ES\" \/>\n<meta property=\"og:type\" content=\"article\" \/>\n<meta property=\"og:title\" content=\"Puerto Iguaz\u00fa: Fue inaugurado formalmente el &quot;Barrio Policial&quot; en las 2000 Hect\u00e1reas | CVI NOTICIAS\" \/>\n<meta property=\"og:description\" content=\"En la tarde de este domingo 15 de agosto, en un sencillo acto, qued\u00f3 formalmente inaugurado el \u00abBarrio Policial\u00bb de las 2.000 Hect\u00e1reas y se oficializ\u00f3 el nombramiento de la calle principal como \u00abRolando Benigno Guardiola\u00bb. En un sencillo acto y con la presencia de la Comisi\u00f3n Barrial Pte. Mamani Julio Enrique, Vicepresidente Robledo Mirian [&hellip;]\" \/>\n<meta property=\"og:url\" content=\"https:\/\/cvinoticias.com\/v3\/puerto-iguazu-fue-inaugurado-formalmente-el-barrio-policial-en-las-2000-hectareas\/\" \/>\n<meta property=\"og:site_name\" content=\"CVI NOTICIAS\" \/>\n<meta property=\"article:publisher\" content=\"https:\/\/www.facebook.com\/cvinoticias\" \/>\n<meta property=\"article:published_time\" content=\"2021-08-16T14:42:27+00:00\" \/>\n<meta property=\"article:modified_time\" content=\"2021-08-16T15:09:12+00:00\" \/>\n<meta property=\"og:image\" content=\"https:\/\/cvinoticias.com\/wp-content\/uploads\/2021\/08\/Screenshot_20210816-114044_Gallery.jpg\" \/>\n\t<meta property=\"og:image:width\" content=\"939\" \/>\n\t<meta property=\"og:image:height\" content=\"998\" \/>\n\t<meta property=\"og:image:type\" content=\"image\/jpeg\" \/>\n<meta name=\"author\" content=\"f1000024\" \/>\n<meta name=\"twitter:card\" content=\"summary_large_image\" \/>\n<meta name=\"twitter:label1\" content=\"Escrito por\" \/>\n\t<meta name=\"twitter:data1\" content=\"f1000024\" \/>\n\t<meta name=\"twitter:label2\" content=\"Tiempo de lectura\" \/>\n\t<meta name=\"twitter:data2\" content=\"1 minuto\" \/>\n<script type=\"application\/ld+json\" class=\"yoast-schema-graph\">{\"@context\":\"https:\\\/\\\/schema.org\",\"@graph\":[{\"@type\":\"Article\",\"@id\":\"https:\\\/\\\/cvinoticias.com\\\/v3\\\/puerto-iguazu-fue-inaugurado-formalmente-el-barrio-policial-en-las-2000-hectareas\\\/#article\",\"isPartOf\":{\"@id\":\"https:\\\/\\\/cvinoticias.com\\\/v3\\\/puerto-iguazu-fue-inaugurado-formalmente-el-barrio-policial-en-las-2000-hectareas\\\/\"},\"author\":{\"name\":\"f1000024\",\"@id\":\"https:\\\/\\\/cvinoticias.com\\\/v3\\\/#\\\/schema\\\/person\\\/2db77e3c6bc03c538495d7b2b8be9b66\"},\"headline\":\"Puerto Iguaz\u00fa: Fue inaugurado formalmente el \u00abBarrio Policial\u00bb en las 2000 Hect\u00e1reas\",\"datePublished\":\"2021-08-16T14:42:27+00:00\",\"dateModified\":\"2021-08-16T15:09:12+00:00\",\"mainEntityOfPage\":{\"@id\":\"https:\\\/\\\/cvinoticias.com\\\/v3\\\/puerto-iguazu-fue-inaugurado-formalmente-el-barrio-policial-en-las-2000-hectareas\\\/\"},\"wordCount\":252,\"commentCount\":0,\"publisher\":{\"@id\":\"https:\\\/\\\/cvinoticias.com\\\/v3\\\/#organization\"},\"image\":{\"@id\":\"https:\\\/\\\/cvinoticias.com\\\/v3\\\/puerto-iguazu-fue-inaugurado-formalmente-el-barrio-policial-en-las-2000-hectareas\\\/#primaryimage\"},\"thumbnailUrl\":\"https:\\\/\\\/cvinoticias.com\\\/wp-content\\\/uploads\\\/2021\\\/08\\\/Screenshot_20210816-114044_Gallery.jpg\",\"articleSection\":[\"Locales\"],\"inLanguage\":\"es\",\"potentialAction\":[{\"@type\":\"CommentAction\",\"name\":\"Comment\",\"target\":[\"https:\\\/\\\/cvinoticias.com\\\/v3\\\/puerto-iguazu-fue-inaugurado-formalmente-el-barrio-policial-en-las-2000-hectareas\\\/#respond\"]}]},{\"@type\":\"WebPage\",\"@id\":\"https:\\\/\\\/cvinoticias.com\\\/v3\\\/puerto-iguazu-fue-inaugurado-formalmente-el-barrio-policial-en-las-2000-hectareas\\\/\",\"url\":\"https:\\\/\\\/cvinoticias.com\\\/v3\\\/puerto-iguazu-fue-inaugurado-formalmente-el-barrio-policial-en-las-2000-hectareas\\\/\",\"name\":\"Puerto Iguaz\u00fa: Fue inaugurado formalmente el \\\"Barrio Policial\\\" en las 2000 Hect\u00e1reas | CVI NOTICIAS\",\"isPartOf\":{\"@id\":\"https:\\\/\\\/cvinoticias.com\\\/v3\\\/#website\"},\"primaryImageOfPage\":{\"@id\":\"https:\\\/\\\/cvinoticias.com\\\/v3\\\/puerto-iguazu-fue-inaugurado-formalmente-el-barrio-policial-en-las-2000-hectareas\\\/#primaryimage\"},\"image\":{\"@id\":\"https:\\\/\\\/cvinoticias.com\\\/v3\\\/puerto-iguazu-fue-inaugurado-formalmente-el-barrio-policial-en-las-2000-hectareas\\\/#primaryimage\"},\"thumbnailUrl\":\"https:\\\/\\\/cvinoticias.com\\\/wp-content\\\/uploads\\\/2021\\\/08\\\/Screenshot_20210816-114044_Gallery.jpg\",\"datePublished\":\"2021-08-16T14:42:27+00:00\",\"dateModified\":\"2021-08-16T15:09:12+00:00\",\"breadcrumb\":{\"@id\":\"https:\\\/\\\/cvinoticias.com\\\/v3\\\/puerto-iguazu-fue-inaugurado-formalmente-el-barrio-policial-en-las-2000-hectareas\\\/#breadcrumb\"},\"inLanguage\":\"es\",\"potentialAction\":[{\"@type\":\"ReadAction\",\"target\":[\"https:\\\/\\\/cvinoticias.com\\\/v3\\\/puerto-iguazu-fue-inaugurado-formalmente-el-barrio-policial-en-las-2000-hectareas\\\/\"]}]},{\"@type\":\"ImageObject\",\"inLanguage\":\"es\",\"@id\":\"https:\\\/\\\/cvinoticias.com\\\/v3\\\/puerto-iguazu-fue-inaugurado-formalmente-el-barrio-policial-en-las-2000-hectareas\\\/#primaryimage\",\"url\":\"https:\\\/\\\/cvinoticias.com\\\/wp-content\\\/uploads\\\/2021\\\/08\\\/Screenshot_20210816-114044_Gallery.jpg\",\"contentUrl\":\"https:\\\/\\\/cvinoticias.com\\\/wp-content\\\/uploads\\\/2021\\\/08\\\/Screenshot_20210816-114044_Gallery.jpg\",\"width\":939,\"height\":998},{\"@type\":\"BreadcrumbList\",\"@id\":\"https:\\\/\\\/cvinoticias.com\\\/v3\\\/puerto-iguazu-fue-inaugurado-formalmente-el-barrio-policial-en-las-2000-hectareas\\\/#breadcrumb\",\"itemListElement\":[{\"@type\":\"ListItem\",\"position\":1,\"name\":\"Portada\",\"item\":\"https:\\\/\\\/cvinoticias.com\\\/v3\\\/\"},{\"@type\":\"ListItem\",\"position\":2,\"name\":\"Puerto Iguaz\u00fa: Fue inaugurado formalmente el \u00abBarrio Policial\u00bb en las 2000 Hect\u00e1reas\"}]},{\"@type\":\"WebSite\",\"@id\":\"https:\\\/\\\/cvinoticias.com\\\/v3\\\/#website\",\"url\":\"https:\\\/\\\/cvinoticias.com\\\/v3\\\/\",\"name\":\"CVI NOTICIAS\",\"description\":\"\",\"publisher\":{\"@id\":\"https:\\\/\\\/cvinoticias.com\\\/v3\\\/#organization\"},\"alternateName\":\"CVI\",\"potentialAction\":[{\"@type\":\"SearchAction\",\"target\":{\"@type\":\"EntryPoint\",\"urlTemplate\":\"https:\\\/\\\/cvinoticias.com\\\/v3\\\/?s={search_term_string}\"},\"query-input\":{\"@type\":\"PropertyValueSpecification\",\"valueRequired\":true,\"valueName\":\"search_term_string\"}}],\"inLanguage\":\"es\"},{\"@type\":\"Organization\",\"@id\":\"https:\\\/\\\/cvinoticias.com\\\/v3\\\/#organization\",\"name\":\"CVI NOTICIAS\",\"url\":\"https:\\\/\\\/cvinoticias.com\\\/v3\\\/\",\"logo\":{\"@type\":\"ImageObject\",\"inLanguage\":\"es\",\"@id\":\"https:\\\/\\\/cvinoticias.com\\\/v3\\\/#\\\/schema\\\/logo\\\/image\\\/\",\"url\":\"https:\\\/\\\/cvinoticias.com\\\/wp-content\\\/uploads\\\/2023\\\/04\\\/cropped-cropped-cropped-cropped-cropped-3-1.png\",\"contentUrl\":\"https:\\\/\\\/cvinoticias.com\\\/wp-content\\\/uploads\\\/2023\\\/04\\\/cropped-cropped-cropped-cropped-cropped-3-1.png\",\"width\":95,\"height\":122,\"caption\":\"CVI NOTICIAS\"},\"image\":{\"@id\":\"https:\\\/\\\/cvinoticias.com\\\/v3\\\/#\\\/schema\\\/logo\\\/image\\\/\"},\"sameAs\":[\"https:\\\/\\\/www.facebook.com\\\/cvinoticias\",\"https:\\\/\\\/www.instagram.com\\\/cvinoticias\\\/\",\"https:\\\/\\\/www.youtube.com\\\/@CVINOTICIAS\"]},{\"@type\":\"Person\",\"@id\":\"https:\\\/\\\/cvinoticias.com\\\/v3\\\/#\\\/schema\\\/person\\\/2db77e3c6bc03c538495d7b2b8be9b66\",\"name\":\"f1000024\",\"image\":{\"@type\":\"ImageObject\",\"inLanguage\":\"es\",\"@id\":\"https:\\\/\\\/secure.gravatar.com\\\/avatar\\\/d4fe7459cfc51ff5129ce1a732bbef5928568b8092d412ef95611616376bbeed?s=96&d=mm&r=g\",\"url\":\"https:\\\/\\\/secure.gravatar.com\\\/avatar\\\/d4fe7459cfc51ff5129ce1a732bbef5928568b8092d412ef95611616376bbeed?s=96&d=mm&r=g\",\"contentUrl\":\"https:\\\/\\\/secure.gravatar.com\\\/avatar\\\/d4fe7459cfc51ff5129ce1a732bbef5928568b8092d412ef95611616376bbeed?s=96&d=mm&r=g\",\"caption\":\"f1000024\"},\"url\":\"https:\\\/\\\/cvinoticias.com\\\/v3\\\/author\\\/f1000024\\\/\"}]}<\/script>\n<!-- \/ Yoast SEO plugin. -->","yoast_head_json":{"title":"Puerto Iguaz\u00fa: Fue inaugurado formalmente el \"Barrio Policial\" en las 2000 Hect\u00e1reas | CVI NOTICIAS","robots":{"index":"index","follow":"follow","max-snippet":"max-snippet:-1","max-image-preview":"max-image-preview:large","max-video-preview":"max-video-preview:-1"},"canonical":"https:\/\/cvinoticias.com\/v3\/puerto-iguazu-fue-inaugurado-formalmente-el-barrio-policial-en-las-2000-hectareas\/","og_locale":"es_ES","og_type":"article","og_title":"Puerto Iguaz\u00fa: Fue inaugurado formalmente el \"Barrio Policial\" en las 2000 Hect\u00e1reas | CVI NOTICIAS","og_description":"En la tarde de este domingo 15 de agosto, en un sencillo acto, qued\u00f3 formalmente inaugurado el \u00abBarrio Policial\u00bb de las 2.000 Hect\u00e1reas y se oficializ\u00f3 el nombramiento de la calle principal como \u00abRolando Benigno Guardiola\u00bb. En un sencillo acto y con la presencia de la Comisi\u00f3n Barrial Pte. Mamani Julio Enrique, Vicepresidente Robledo Mirian [&hellip;]","og_url":"https:\/\/cvinoticias.com\/v3\/puerto-iguazu-fue-inaugurado-formalmente-el-barrio-policial-en-las-2000-hectareas\/","og_site_name":"CVI NOTICIAS","article_publisher":"https:\/\/www.facebook.com\/cvinoticias","article_published_time":"2021-08-16T14:42:27+00:00","article_modified_time":"2021-08-16T15:09:12+00:00","og_image":[{"width":939,"height":998,"url":"https:\/\/cvinoticias.com\/wp-content\/uploads\/2021\/08\/Screenshot_20210816-114044_Gallery.jpg","type":"image\/jpeg"}],"author":"f1000024","twitter_card":"summary_large_image","twitter_misc":{"Escrito por":"f1000024","Tiempo de lectura":"1 minuto"},"schema":{"@context":"https:\/\/schema.org","@graph":[{"@type":"Article","@id":"https:\/\/cvinoticias.com\/v3\/puerto-iguazu-fue-inaugurado-formalmente-el-barrio-policial-en-las-2000-hectareas\/#article","isPartOf":{"@id":"https:\/\/cvinoticias.com\/v3\/puerto-iguazu-fue-inaugurado-formalmente-el-barrio-policial-en-las-2000-hectareas\/"},"author":{"name":"f1000024","@id":"https:\/\/cvinoticias.com\/v3\/#\/schema\/person\/2db77e3c6bc03c538495d7b2b8be9b66"},"headline":"Puerto Iguaz\u00fa: Fue inaugurado formalmente el \u00abBarrio Policial\u00bb en las 2000 Hect\u00e1reas","datePublished":"2021-08-16T14:42:27+00:00","dateModified":"2021-08-16T15:09:12+00:00","mainEntityOfPage":{"@id":"https:\/\/cvinoticias.com\/v3\/puerto-iguazu-fue-inaugurado-formalmente-el-barrio-policial-en-las-2000-hectareas\/"},"wordCount":252,"commentCount":0,"publisher":{"@id":"https:\/\/cvinoticias.com\/v3\/#organization"},"image":{"@id":"https:\/\/cvinoticias.com\/v3\/puerto-iguazu-fue-inaugurado-formalmente-el-barrio-policial-en-las-2000-hectareas\/#primaryimage"},"thumbnailUrl":"https:\/\/cvinoticias.com\/wp-content\/uploads\/2021\/08\/Screenshot_20210816-114044_Gallery.jpg","articleSection":["Locales"],"inLanguage":"es","potentialAction":[{"@type":"CommentAction","name":"Comment","target":["https:\/\/cvinoticias.com\/v3\/puerto-iguazu-fue-inaugurado-formalmente-el-barrio-policial-en-las-2000-hectareas\/#respond"]}]},{"@type":"WebPage","@id":"https:\/\/cvinoticias.com\/v3\/puerto-iguazu-fue-inaugurado-formalmente-el-barrio-policial-en-las-2000-hectareas\/","url":"https:\/\/cvinoticias.com\/v3\/puerto-iguazu-fue-inaugurado-formalmente-el-barrio-policial-en-las-2000-hectareas\/","name":"Puerto Iguaz\u00fa: Fue inaugurado formalmente el \"Barrio Policial\" en las 2000 Hect\u00e1reas | CVI NOTICIAS","isPartOf":{"@id":"https:\/\/cvinoticias.com\/v3\/#website"},"primaryImageOfPage":{"@id":"https:\/\/cvinoticias.com\/v3\/puerto-iguazu-fue-inaugurado-formalmente-el-barrio-policial-en-las-2000-hectareas\/#primaryimage"},"image":{"@id":"https:\/\/cvinoticias.com\/v3\/puerto-iguazu-fue-inaugurado-formalmente-el-barrio-policial-en-las-2000-hectareas\/#primaryimage"},"thumbnailUrl":"https:\/\/cvinoticias.com\/wp-content\/uploads\/2021\/08\/Screenshot_20210816-114044_Gallery.jpg","datePublished":"2021-08-16T14:42:27+00:00","dateModified":"2021-08-16T15:09:12+00:00","breadcrumb":{"@id":"https:\/\/cvinoticias.com\/v3\/puerto-iguazu-fue-inaugurado-formalmente-el-barrio-policial-en-las-2000-hectareas\/#breadcrumb"},"inLanguage":"es","potentialAction":[{"@type":"ReadAction","target":["https:\/\/cvinoticias.com\/v3\/puerto-iguazu-fue-inaugurado-formalmente-el-barrio-policial-en-las-2000-hectareas\/"]}]},{"@type":"ImageObject","inLanguage":"es","@id":"https:\/\/cvinoticias.com\/v3\/puerto-iguazu-fue-inaugurado-formalmente-el-barrio-policial-en-las-2000-hectareas\/#primaryimage","url":"https:\/\/cvinoticias.com\/wp-content\/uploads\/2021\/08\/Screenshot_20210816-114044_Gallery.jpg","contentUrl":"https:\/\/cvinoticias.com\/wp-content\/uploads\/2021\/08\/Screenshot_20210816-114044_Gallery.jpg","width":939,"height":998},{"@type":"BreadcrumbList","@id":"https:\/\/cvinoticias.com\/v3\/puerto-iguazu-fue-inaugurado-formalmente-el-barrio-policial-en-las-2000-hectareas\/#breadcrumb","itemListElement":[{"@type":"ListItem","position":1,"name":"Portada","item":"https:\/\/cvinoticias.com\/v3\/"},{"@type":"ListItem","position":2,"name":"Puerto Iguaz\u00fa: Fue inaugurado formalmente el \u00abBarrio Policial\u00bb en las 2000 Hect\u00e1reas"}]},{"@type":"WebSite","@id":"https:\/\/cvinoticias.com\/v3\/#website","url":"https:\/\/cvinoticias.com\/v3\/","name":"CVI NOTICIAS","description":"","publisher":{"@id":"https:\/\/cvinoticias.com\/v3\/#organization"},"alternateName":"CVI","potentialAction":[{"@type":"SearchAction","target":{"@type":"EntryPoint","urlTemplate":"https:\/\/cvinoticias.com\/v3\/?s={search_term_string}"},"query-input":{"@type":"PropertyValueSpecification","valueRequired":true,"valueName":"search_term_string"}}],"inLanguage":"es"},{"@type":"Organization","@id":"https:\/\/cvinoticias.com\/v3\/#organization","name":"CVI NOTICIAS","url":"https:\/\/cvinoticias.com\/v3\/","logo":{"@type":"ImageObject","inLanguage":"es","@id":"https:\/\/cvinoticias.com\/v3\/#\/schema\/logo\/image\/","url":"https:\/\/cvinoticias.com\/wp-content\/uploads\/2023\/04\/cropped-cropped-cropped-cropped-cropped-3-1.png","contentUrl":"https:\/\/cvinoticias.com\/wp-content\/uploads\/2023\/04\/cropped-cropped-cropped-cropped-cropped-3-1.png","width":95,"height":122,"caption":"CVI NOTICIAS"},"image":{"@id":"https:\/\/cvinoticias.com\/v3\/#\/schema\/logo\/image\/"},"sameAs":["https:\/\/www.facebook.com\/cvinoticias","https:\/\/www.instagram.com\/cvinoticias\/","https:\/\/www.youtube.com\/@CVINOTICIAS"]},{"@type":"Person","@id":"https:\/\/cvinoticias.com\/v3\/#\/schema\/person\/2db77e3c6bc03c538495d7b2b8be9b66","name":"f1000024","image":{"@type":"ImageObject","inLanguage":"es","@id":"https:\/\/secure.gravatar.com\/avatar\/d4fe7459cfc51ff5129ce1a732bbef5928568b8092d412ef95611616376bbeed?s=96&d=mm&r=g","url":"https:\/\/secure.gravatar.com\/avatar\/d4fe7459cfc51ff5129ce1a732bbef5928568b8092d412ef95611616376bbeed?s=96&d=mm&r=g","contentUrl":"https:\/\/secure.gravatar.com\/avatar\/d4fe7459cfc51ff5129ce1a732bbef5928568b8092d412ef95611616376bbeed?s=96&d=mm&r=g","caption":"f1000024"},"url":"https:\/\/cvinoticias.com\/v3\/author\/f1000024\/"}]}},"_links":{"self":[{"href":"https:\/\/cvinoticias.com\/v3\/wp-json\/wp\/v2\/posts\/7642","targetHints":{"allow":["GET"]}}],"collection":[{"href":"https:\/\/cvinoticias.com\/v3\/wp-json\/wp\/v2\/posts"}],"about":[{"href":"https:\/\/cvinoticias.com\/v3\/wp-json\/wp\/v2\/types\/post"}],"author":[{"embeddable":true,"href":"https:\/\/cvinoticias.com\/v3\/wp-json\/wp\/v2\/users\/2"}],"replies":[{"embeddable":true,"href":"https:\/\/cvinoticias.com\/v3\/wp-json\/wp\/v2\/comments?post=7642"}],"version-history":[{"count":2,"href":"https:\/\/cvinoticias.com\/v3\/wp-json\/wp\/v2\/posts\/7642\/revisions"}],"predecessor-version":[{"id":7654,"href":"https:\/\/cvinoticias.com\/v3\/wp-json\/wp\/v2\/posts\/7642\/revisions\/7654"}],"wp:featuredmedia":[{"embeddable":true,"href":"https:\/\/cvinoticias.com\/v3\/wp-json\/wp\/v2\/media\/7652"}],"wp:attachment":[{"href":"https:\/\/cvinoticias.com\/v3\/wp-json\/wp\/v2\/media?parent=7642"}],"wp:term":[{"taxonomy":"category","embeddable":true,"href":"https:\/\/cvinoticias.com\/v3\/wp-json\/wp\/v2\/categories?post=7642"},{"taxonomy":"post_tag","embeddable":true,"href":"https:\/\/cvinoticias.com\/v3\/wp-json\/wp\/v2\/tags?post=7642"}],"curies":[{"name":"wp","href":"https:\/\/api.w.org\/{rel}","templated":true}]}}