{"id":7633,"date":"2021-08-16T00:04:37","date_gmt":"2021-08-16T00:04:37","guid":{"rendered":"https:\/\/cvinoticias.com\/v3\/?p=7633"},"modified":"2021-08-16T00:04:37","modified_gmt":"2021-08-16T00:04:37","slug":"puerto-iguazu-javier-gortari-acompano-al-presidente-alberto-fernandez-en-su-visita-a-misiones","status":"publish","type":"post","link":"https:\/\/cvinoticias.com\/v3\/puerto-iguazu-javier-gortari-acompano-al-presidente-alberto-fernandez-en-su-visita-a-misiones\/","title":{"rendered":"Puerto Iguaz\u00fa: Javier Gortari acompa\u00f1\u00f3 al presidente Alberto Fern\u00e1ndez en su visita a Misiones"},"content":{"rendered":"\n<p><strong><em>El encuentro entre el pre candidato a Diputado Nacional por el Frente de Todos y el presidente tuvo lugar en el marco del lanzamiento del programa Pre Viaje cuyo objetivo es reactivar la econom\u00eda tur\u00edstica de todo el pa\u00eds entre las que destaca la localidad de Puerto Iguaz\u00fa, Misiones.<\/em><\/strong><\/p>\n\n\n\n<p>\u201cMuy felices de recibir al presidente, important\u00edsimo para Misiones la llegada de este tipo de programas que generan herramientas para recuperar la actividad tur\u00edstica tan golpeada por la pandemia\u201d, coment\u00f3 Javier Gortari, precandidato a Diputado Nacional por el Frente de Todos.<\/p>\n\n\n\n<p>Por su parte el presidente Alberto Fern\u00e1ndez manifest\u00f3 que \u00abel tiempo m\u00e1s ingrato de la pandemia ha terminado\u00bb y exhort\u00f3 a volver a encender la m\u00e1quina del turismo.<\/p>\n\n\n\n<p>En tanto Gortari tambi\u00e9n destac\u00f3 y agradeci\u00f3 al presidente el plan de vacunaci\u00f3n que el Gobierno Nacional viene llevando adelante como un elemento fundamental que nos permite pensar la posibilidad de la vuelta al turismo.<\/p>\n\n\n\n<p>En una muestra de afecto mutuo durante el encuentro, el precandidato a Diputado Nacional por el Frente de Todos, Javier Gortari, obsequi\u00f3 al presidente su libro \u201cTareferos. Vida y trabajo en los yerbales\u201d. Libro de investigaci\u00f3n que intenta aportar ideas y acciones tendientes a la integraci\u00f3n y reducci\u00f3n de pobreza y marginaci\u00f3n.<\/p>\n\n\n\n<figure class=\"wp-block-image size-large\"><a href=\"https:\/\/cvinoticias.com\/wp-content\/uploads\/2021\/08\/IMG-20210815-WA0224.jpg\"><img decoding=\"async\" width=\"1024\" height=\"683\" data-src=\"https:\/\/cvinoticias.com\/wp-content\/uploads\/2021\/08\/IMG-20210815-WA0224-1024x683.jpg\" alt=\"\" class=\"wp-image-7635 lazyload\" data-srcset=\"https:\/\/cvinoticias.com\/wp-content\/uploads\/2021\/08\/IMG-20210815-WA0224-1024x683.jpg 1024w, https:\/\/cvinoticias.com\/wp-content\/uploads\/2021\/08\/IMG-20210815-WA0224-300x200.jpg 300w, https:\/\/cvinoticias.com\/wp-content\/uploads\/2021\/08\/IMG-20210815-WA0224-768x512.jpg 768w, https:\/\/cvinoticias.com\/wp-content\/uploads\/2021\/08\/IMG-20210815-WA0224.jpg 1308w\" data-sizes=\"(max-width: 1024px) 100vw, 1024px\" src=\"data:image\/svg+xml;base64,PHN2ZyB3aWR0aD0iMSIgaGVpZ2h0PSIxIiB4bWxucz0iaHR0cDovL3d3dy53My5vcmcvMjAwMC9zdmciPjwvc3ZnPg==\" style=\"--smush-placeholder-width: 1024px; --smush-placeholder-aspect-ratio: 1024\/683;\" \/><\/a><\/figure>\n","protected":false},"excerpt":{"rendered":"<p>El encuentro entre el pre candidato a Diputado Nacional por el Frente de Todos y el presidente tuvo lugar en el marco del lanzamiento del programa Pre Viaje cuyo objetivo es reactivar la econom\u00eda tur\u00edstica de todo el pa\u00eds entre las que destaca la localidad de Puerto Iguaz\u00fa, Misiones. \u201cMuy felices de recibir al presidente, [&hellip;]<\/p>\n","protected":false},"author":2,"featured_media":7634,"comment_status":"open","ping_status":"open","sticky":false,"template":"","format":"standard","meta":{"footnotes":""},"categories":[42],"tags":[],"class_list":["post-7633","post","type-post","status-publish","format-standard","has-post-thumbnail","hentry","category-politica"],"yoast_head":"<!-- This site is optimized with the Yoast SEO plugin v27.4 - https:\/\/yoast.com\/product\/yoast-seo-wordpress\/ -->\n<title>Puerto Iguaz\u00fa: Javier Gortari acompa\u00f1\u00f3 al presidente Alberto Fern\u00e1ndez en su visita a Misiones | CVI NOTICIAS<\/title>\n<meta name=\"robots\" content=\"index, follow, max-snippet:-1, max-image-preview:large, max-video-preview:-1\" \/>\n<link rel=\"canonical\" href=\"https:\/\/cvinoticias.com\/v3\/puerto-iguazu-javier-gortari-acompano-al-presidente-alberto-fernandez-en-su-visita-a-misiones\/\" \/>\n<meta property=\"og:locale\" content=\"es_ES\" \/>\n<meta property=\"og:type\" content=\"article\" \/>\n<meta property=\"og:title\" content=\"Puerto Iguaz\u00fa: Javier Gortari acompa\u00f1\u00f3 al presidente Alberto Fern\u00e1ndez en su visita a Misiones | CVI NOTICIAS\" \/>\n<meta property=\"og:description\" content=\"El encuentro entre el pre candidato a Diputado Nacional por el Frente de Todos y el presidente tuvo lugar en el marco del lanzamiento del programa Pre Viaje cuyo objetivo es reactivar la econom\u00eda tur\u00edstica de todo el pa\u00eds entre las que destaca la localidad de Puerto Iguaz\u00fa, Misiones. \u201cMuy felices de recibir al presidente, [&hellip;]\" \/>\n<meta property=\"og:url\" content=\"https:\/\/cvinoticias.com\/v3\/puerto-iguazu-javier-gortari-acompano-al-presidente-alberto-fernandez-en-su-visita-a-misiones\/\" \/>\n<meta property=\"og:site_name\" content=\"CVI NOTICIAS\" \/>\n<meta property=\"article:publisher\" content=\"https:\/\/www.facebook.com\/cvinoticias\" \/>\n<meta property=\"article:published_time\" content=\"2021-08-16T00:04:37+00:00\" \/>\n<meta property=\"og:image\" content=\"https:\/\/cvinoticias.com\/wp-content\/uploads\/2021\/08\/IMG-20210815-WA0225.jpg\" \/>\n\t<meta property=\"og:image:width\" content=\"1280\" \/>\n\t<meta property=\"og:image:height\" content=\"853\" \/>\n\t<meta property=\"og:image:type\" content=\"image\/jpeg\" \/>\n<meta name=\"author\" content=\"f1000024\" \/>\n<meta name=\"twitter:card\" content=\"summary_large_image\" \/>\n<meta name=\"twitter:label1\" content=\"Escrito por\" \/>\n\t<meta name=\"twitter:data1\" content=\"f1000024\" \/>\n\t<meta name=\"twitter:label2\" content=\"Tiempo de lectura\" \/>\n\t<meta name=\"twitter:data2\" content=\"1 minuto\" \/>\n<script type=\"application\/ld+json\" class=\"yoast-schema-graph\">{\"@context\":\"https:\\\/\\\/schema.org\",\"@graph\":[{\"@type\":\"Article\",\"@id\":\"https:\\\/\\\/cvinoticias.com\\\/v3\\\/puerto-iguazu-javier-gortari-acompano-al-presidente-alberto-fernandez-en-su-visita-a-misiones\\\/#article\",\"isPartOf\":{\"@id\":\"https:\\\/\\\/cvinoticias.com\\\/v3\\\/puerto-iguazu-javier-gortari-acompano-al-presidente-alberto-fernandez-en-su-visita-a-misiones\\\/\"},\"author\":{\"name\":\"f1000024\",\"@id\":\"https:\\\/\\\/cvinoticias.com\\\/v3\\\/#\\\/schema\\\/person\\\/2db77e3c6bc03c538495d7b2b8be9b66\"},\"headline\":\"Puerto Iguaz\u00fa: Javier Gortari acompa\u00f1\u00f3 al presidente Alberto Fern\u00e1ndez en su visita a Misiones\",\"datePublished\":\"2021-08-16T00:04:37+00:00\",\"mainEntityOfPage\":{\"@id\":\"https:\\\/\\\/cvinoticias.com\\\/v3\\\/puerto-iguazu-javier-gortari-acompano-al-presidente-alberto-fernandez-en-su-visita-a-misiones\\\/\"},\"wordCount\":234,\"commentCount\":0,\"publisher\":{\"@id\":\"https:\\\/\\\/cvinoticias.com\\\/v3\\\/#organization\"},\"image\":{\"@id\":\"https:\\\/\\\/cvinoticias.com\\\/v3\\\/puerto-iguazu-javier-gortari-acompano-al-presidente-alberto-fernandez-en-su-visita-a-misiones\\\/#primaryimage\"},\"thumbnailUrl\":\"https:\\\/\\\/cvinoticias.com\\\/wp-content\\\/uploads\\\/2021\\\/08\\\/IMG-20210815-WA0225.jpg\",\"articleSection\":[\"Politica\"],\"inLanguage\":\"es\",\"potentialAction\":[{\"@type\":\"CommentAction\",\"name\":\"Comment\",\"target\":[\"https:\\\/\\\/cvinoticias.com\\\/v3\\\/puerto-iguazu-javier-gortari-acompano-al-presidente-alberto-fernandez-en-su-visita-a-misiones\\\/#respond\"]}]},{\"@type\":\"WebPage\",\"@id\":\"https:\\\/\\\/cvinoticias.com\\\/v3\\\/puerto-iguazu-javier-gortari-acompano-al-presidente-alberto-fernandez-en-su-visita-a-misiones\\\/\",\"url\":\"https:\\\/\\\/cvinoticias.com\\\/v3\\\/puerto-iguazu-javier-gortari-acompano-al-presidente-alberto-fernandez-en-su-visita-a-misiones\\\/\",\"name\":\"Puerto Iguaz\u00fa: Javier Gortari acompa\u00f1\u00f3 al presidente Alberto Fern\u00e1ndez en su visita a Misiones | CVI NOTICIAS\",\"isPartOf\":{\"@id\":\"https:\\\/\\\/cvinoticias.com\\\/v3\\\/#website\"},\"primaryImageOfPage\":{\"@id\":\"https:\\\/\\\/cvinoticias.com\\\/v3\\\/puerto-iguazu-javier-gortari-acompano-al-presidente-alberto-fernandez-en-su-visita-a-misiones\\\/#primaryimage\"},\"image\":{\"@id\":\"https:\\\/\\\/cvinoticias.com\\\/v3\\\/puerto-iguazu-javier-gortari-acompano-al-presidente-alberto-fernandez-en-su-visita-a-misiones\\\/#primaryimage\"},\"thumbnailUrl\":\"https:\\\/\\\/cvinoticias.com\\\/wp-content\\\/uploads\\\/2021\\\/08\\\/IMG-20210815-WA0225.jpg\",\"datePublished\":\"2021-08-16T00:04:37+00:00\",\"breadcrumb\":{\"@id\":\"https:\\\/\\\/cvinoticias.com\\\/v3\\\/puerto-iguazu-javier-gortari-acompano-al-presidente-alberto-fernandez-en-su-visita-a-misiones\\\/#breadcrumb\"},\"inLanguage\":\"es\",\"potentialAction\":[{\"@type\":\"ReadAction\",\"target\":[\"https:\\\/\\\/cvinoticias.com\\\/v3\\\/puerto-iguazu-javier-gortari-acompano-al-presidente-alberto-fernandez-en-su-visita-a-misiones\\\/\"]}]},{\"@type\":\"ImageObject\",\"inLanguage\":\"es\",\"@id\":\"https:\\\/\\\/cvinoticias.com\\\/v3\\\/puerto-iguazu-javier-gortari-acompano-al-presidente-alberto-fernandez-en-su-visita-a-misiones\\\/#primaryimage\",\"url\":\"https:\\\/\\\/cvinoticias.com\\\/wp-content\\\/uploads\\\/2021\\\/08\\\/IMG-20210815-WA0225.jpg\",\"contentUrl\":\"https:\\\/\\\/cvinoticias.com\\\/wp-content\\\/uploads\\\/2021\\\/08\\\/IMG-20210815-WA0225.jpg\",\"width\":1280,\"height\":853},{\"@type\":\"BreadcrumbList\",\"@id\":\"https:\\\/\\\/cvinoticias.com\\\/v3\\\/puerto-iguazu-javier-gortari-acompano-al-presidente-alberto-fernandez-en-su-visita-a-misiones\\\/#breadcrumb\",\"itemListElement\":[{\"@type\":\"ListItem\",\"position\":1,\"name\":\"Portada\",\"item\":\"https:\\\/\\\/cvinoticias.com\\\/v3\\\/\"},{\"@type\":\"ListItem\",\"position\":2,\"name\":\"Puerto Iguaz\u00fa: Javier Gortari acompa\u00f1\u00f3 al presidente Alberto Fern\u00e1ndez en su visita a Misiones\"}]},{\"@type\":\"WebSite\",\"@id\":\"https:\\\/\\\/cvinoticias.com\\\/v3\\\/#website\",\"url\":\"https:\\\/\\\/cvinoticias.com\\\/v3\\\/\",\"name\":\"CVI NOTICIAS\",\"description\":\"\",\"publisher\":{\"@id\":\"https:\\\/\\\/cvinoticias.com\\\/v3\\\/#organization\"},\"alternateName\":\"CVI\",\"potentialAction\":[{\"@type\":\"SearchAction\",\"target\":{\"@type\":\"EntryPoint\",\"urlTemplate\":\"https:\\\/\\\/cvinoticias.com\\\/v3\\\/?s={search_term_string}\"},\"query-input\":{\"@type\":\"PropertyValueSpecification\",\"valueRequired\":true,\"valueName\":\"search_term_string\"}}],\"inLanguage\":\"es\"},{\"@type\":\"Organization\",\"@id\":\"https:\\\/\\\/cvinoticias.com\\\/v3\\\/#organization\",\"name\":\"CVI NOTICIAS\",\"url\":\"https:\\\/\\\/cvinoticias.com\\\/v3\\\/\",\"logo\":{\"@type\":\"ImageObject\",\"inLanguage\":\"es\",\"@id\":\"https:\\\/\\\/cvinoticias.com\\\/v3\\\/#\\\/schema\\\/logo\\\/image\\\/\",\"url\":\"https:\\\/\\\/cvinoticias.com\\\/wp-content\\\/uploads\\\/2023\\\/04\\\/cropped-cropped-cropped-cropped-cropped-3-1.png\",\"contentUrl\":\"https:\\\/\\\/cvinoticias.com\\\/wp-content\\\/uploads\\\/2023\\\/04\\\/cropped-cropped-cropped-cropped-cropped-3-1.png\",\"width\":95,\"height\":122,\"caption\":\"CVI NOTICIAS\"},\"image\":{\"@id\":\"https:\\\/\\\/cvinoticias.com\\\/v3\\\/#\\\/schema\\\/logo\\\/image\\\/\"},\"sameAs\":[\"https:\\\/\\\/www.facebook.com\\\/cvinoticias\",\"https:\\\/\\\/www.instagram.com\\\/cvinoticias\\\/\",\"https:\\\/\\\/www.youtube.com\\\/@CVINOTICIAS\"]},{\"@type\":\"Person\",\"@id\":\"https:\\\/\\\/cvinoticias.com\\\/v3\\\/#\\\/schema\\\/person\\\/2db77e3c6bc03c538495d7b2b8be9b66\",\"name\":\"f1000024\",\"image\":{\"@type\":\"ImageObject\",\"inLanguage\":\"es\",\"@id\":\"https:\\\/\\\/secure.gravatar.com\\\/avatar\\\/d4fe7459cfc51ff5129ce1a732bbef5928568b8092d412ef95611616376bbeed?s=96&d=mm&r=g\",\"url\":\"https:\\\/\\\/secure.gravatar.com\\\/avatar\\\/d4fe7459cfc51ff5129ce1a732bbef5928568b8092d412ef95611616376bbeed?s=96&d=mm&r=g\",\"contentUrl\":\"https:\\\/\\\/secure.gravatar.com\\\/avatar\\\/d4fe7459cfc51ff5129ce1a732bbef5928568b8092d412ef95611616376bbeed?s=96&d=mm&r=g\",\"caption\":\"f1000024\"},\"url\":\"https:\\\/\\\/cvinoticias.com\\\/v3\\\/author\\\/f1000024\\\/\"}]}<\/script>\n<!-- \/ Yoast SEO plugin. -->","yoast_head_json":{"title":"Puerto Iguaz\u00fa: Javier Gortari acompa\u00f1\u00f3 al presidente Alberto Fern\u00e1ndez en su visita a Misiones | CVI NOTICIAS","robots":{"index":"index","follow":"follow","max-snippet":"max-snippet:-1","max-image-preview":"max-image-preview:large","max-video-preview":"max-video-preview:-1"},"canonical":"https:\/\/cvinoticias.com\/v3\/puerto-iguazu-javier-gortari-acompano-al-presidente-alberto-fernandez-en-su-visita-a-misiones\/","og_locale":"es_ES","og_type":"article","og_title":"Puerto Iguaz\u00fa: Javier Gortari acompa\u00f1\u00f3 al presidente Alberto Fern\u00e1ndez en su visita a Misiones | CVI NOTICIAS","og_description":"El encuentro entre el pre candidato a Diputado Nacional por el Frente de Todos y el presidente tuvo lugar en el marco del lanzamiento del programa Pre Viaje cuyo objetivo es reactivar la econom\u00eda tur\u00edstica de todo el pa\u00eds entre las que destaca la localidad de Puerto Iguaz\u00fa, Misiones. \u201cMuy felices de recibir al presidente, [&hellip;]","og_url":"https:\/\/cvinoticias.com\/v3\/puerto-iguazu-javier-gortari-acompano-al-presidente-alberto-fernandez-en-su-visita-a-misiones\/","og_site_name":"CVI NOTICIAS","article_publisher":"https:\/\/www.facebook.com\/cvinoticias","article_published_time":"2021-08-16T00:04:37+00:00","og_image":[{"width":1280,"height":853,"url":"https:\/\/cvinoticias.com\/wp-content\/uploads\/2021\/08\/IMG-20210815-WA0225.jpg","type":"image\/jpeg"}],"author":"f1000024","twitter_card":"summary_large_image","twitter_misc":{"Escrito por":"f1000024","Tiempo de lectura":"1 minuto"},"schema":{"@context":"https:\/\/schema.org","@graph":[{"@type":"Article","@id":"https:\/\/cvinoticias.com\/v3\/puerto-iguazu-javier-gortari-acompano-al-presidente-alberto-fernandez-en-su-visita-a-misiones\/#article","isPartOf":{"@id":"https:\/\/cvinoticias.com\/v3\/puerto-iguazu-javier-gortari-acompano-al-presidente-alberto-fernandez-en-su-visita-a-misiones\/"},"author":{"name":"f1000024","@id":"https:\/\/cvinoticias.com\/v3\/#\/schema\/person\/2db77e3c6bc03c538495d7b2b8be9b66"},"headline":"Puerto Iguaz\u00fa: Javier Gortari acompa\u00f1\u00f3 al presidente Alberto Fern\u00e1ndez en su visita a Misiones","datePublished":"2021-08-16T00:04:37+00:00","mainEntityOfPage":{"@id":"https:\/\/cvinoticias.com\/v3\/puerto-iguazu-javier-gortari-acompano-al-presidente-alberto-fernandez-en-su-visita-a-misiones\/"},"wordCount":234,"commentCount":0,"publisher":{"@id":"https:\/\/cvinoticias.com\/v3\/#organization"},"image":{"@id":"https:\/\/cvinoticias.com\/v3\/puerto-iguazu-javier-gortari-acompano-al-presidente-alberto-fernandez-en-su-visita-a-misiones\/#primaryimage"},"thumbnailUrl":"https:\/\/cvinoticias.com\/wp-content\/uploads\/2021\/08\/IMG-20210815-WA0225.jpg","articleSection":["Politica"],"inLanguage":"es","potentialAction":[{"@type":"CommentAction","name":"Comment","target":["https:\/\/cvinoticias.com\/v3\/puerto-iguazu-javier-gortari-acompano-al-presidente-alberto-fernandez-en-su-visita-a-misiones\/#respond"]}]},{"@type":"WebPage","@id":"https:\/\/cvinoticias.com\/v3\/puerto-iguazu-javier-gortari-acompano-al-presidente-alberto-fernandez-en-su-visita-a-misiones\/","url":"https:\/\/cvinoticias.com\/v3\/puerto-iguazu-javier-gortari-acompano-al-presidente-alberto-fernandez-en-su-visita-a-misiones\/","name":"Puerto Iguaz\u00fa: Javier Gortari acompa\u00f1\u00f3 al presidente Alberto Fern\u00e1ndez en su visita a Misiones | CVI NOTICIAS","isPartOf":{"@id":"https:\/\/cvinoticias.com\/v3\/#website"},"primaryImageOfPage":{"@id":"https:\/\/cvinoticias.com\/v3\/puerto-iguazu-javier-gortari-acompano-al-presidente-alberto-fernandez-en-su-visita-a-misiones\/#primaryimage"},"image":{"@id":"https:\/\/cvinoticias.com\/v3\/puerto-iguazu-javier-gortari-acompano-al-presidente-alberto-fernandez-en-su-visita-a-misiones\/#primaryimage"},"thumbnailUrl":"https:\/\/cvinoticias.com\/wp-content\/uploads\/2021\/08\/IMG-20210815-WA0225.jpg","datePublished":"2021-08-16T00:04:37+00:00","breadcrumb":{"@id":"https:\/\/cvinoticias.com\/v3\/puerto-iguazu-javier-gortari-acompano-al-presidente-alberto-fernandez-en-su-visita-a-misiones\/#breadcrumb"},"inLanguage":"es","potentialAction":[{"@type":"ReadAction","target":["https:\/\/cvinoticias.com\/v3\/puerto-iguazu-javier-gortari-acompano-al-presidente-alberto-fernandez-en-su-visita-a-misiones\/"]}]},{"@type":"ImageObject","inLanguage":"es","@id":"https:\/\/cvinoticias.com\/v3\/puerto-iguazu-javier-gortari-acompano-al-presidente-alberto-fernandez-en-su-visita-a-misiones\/#primaryimage","url":"https:\/\/cvinoticias.com\/wp-content\/uploads\/2021\/08\/IMG-20210815-WA0225.jpg","contentUrl":"https:\/\/cvinoticias.com\/wp-content\/uploads\/2021\/08\/IMG-20210815-WA0225.jpg","width":1280,"height":853},{"@type":"BreadcrumbList","@id":"https:\/\/cvinoticias.com\/v3\/puerto-iguazu-javier-gortari-acompano-al-presidente-alberto-fernandez-en-su-visita-a-misiones\/#breadcrumb","itemListElement":[{"@type":"ListItem","position":1,"name":"Portada","item":"https:\/\/cvinoticias.com\/v3\/"},{"@type":"ListItem","position":2,"name":"Puerto Iguaz\u00fa: Javier Gortari acompa\u00f1\u00f3 al presidente Alberto Fern\u00e1ndez en su visita a Misiones"}]},{"@type":"WebSite","@id":"https:\/\/cvinoticias.com\/v3\/#website","url":"https:\/\/cvinoticias.com\/v3\/","name":"CVI NOTICIAS","description":"","publisher":{"@id":"https:\/\/cvinoticias.com\/v3\/#organization"},"alternateName":"CVI","potentialAction":[{"@type":"SearchAction","target":{"@type":"EntryPoint","urlTemplate":"https:\/\/cvinoticias.com\/v3\/?s={search_term_string}"},"query-input":{"@type":"PropertyValueSpecification","valueRequired":true,"valueName":"search_term_string"}}],"inLanguage":"es"},{"@type":"Organization","@id":"https:\/\/cvinoticias.com\/v3\/#organization","name":"CVI NOTICIAS","url":"https:\/\/cvinoticias.com\/v3\/","logo":{"@type":"ImageObject","inLanguage":"es","@id":"https:\/\/cvinoticias.com\/v3\/#\/schema\/logo\/image\/","url":"https:\/\/cvinoticias.com\/wp-content\/uploads\/2023\/04\/cropped-cropped-cropped-cropped-cropped-3-1.png","contentUrl":"https:\/\/cvinoticias.com\/wp-content\/uploads\/2023\/04\/cropped-cropped-cropped-cropped-cropped-3-1.png","width":95,"height":122,"caption":"CVI NOTICIAS"},"image":{"@id":"https:\/\/cvinoticias.com\/v3\/#\/schema\/logo\/image\/"},"sameAs":["https:\/\/www.facebook.com\/cvinoticias","https:\/\/www.instagram.com\/cvinoticias\/","https:\/\/www.youtube.com\/@CVINOTICIAS"]},{"@type":"Person","@id":"https:\/\/cvinoticias.com\/v3\/#\/schema\/person\/2db77e3c6bc03c538495d7b2b8be9b66","name":"f1000024","image":{"@type":"ImageObject","inLanguage":"es","@id":"https:\/\/secure.gravatar.com\/avatar\/d4fe7459cfc51ff5129ce1a732bbef5928568b8092d412ef95611616376bbeed?s=96&d=mm&r=g","url":"https:\/\/secure.gravatar.com\/avatar\/d4fe7459cfc51ff5129ce1a732bbef5928568b8092d412ef95611616376bbeed?s=96&d=mm&r=g","contentUrl":"https:\/\/secure.gravatar.com\/avatar\/d4fe7459cfc51ff5129ce1a732bbef5928568b8092d412ef95611616376bbeed?s=96&d=mm&r=g","caption":"f1000024"},"url":"https:\/\/cvinoticias.com\/v3\/author\/f1000024\/"}]}},"_links":{"self":[{"href":"https:\/\/cvinoticias.com\/v3\/wp-json\/wp\/v2\/posts\/7633","targetHints":{"allow":["GET"]}}],"collection":[{"href":"https:\/\/cvinoticias.com\/v3\/wp-json\/wp\/v2\/posts"}],"about":[{"href":"https:\/\/cvinoticias.com\/v3\/wp-json\/wp\/v2\/types\/post"}],"author":[{"embeddable":true,"href":"https:\/\/cvinoticias.com\/v3\/wp-json\/wp\/v2\/users\/2"}],"replies":[{"embeddable":true,"href":"https:\/\/cvinoticias.com\/v3\/wp-json\/wp\/v2\/comments?post=7633"}],"version-history":[{"count":1,"href":"https:\/\/cvinoticias.com\/v3\/wp-json\/wp\/v2\/posts\/7633\/revisions"}],"predecessor-version":[{"id":7636,"href":"https:\/\/cvinoticias.com\/v3\/wp-json\/wp\/v2\/posts\/7633\/revisions\/7636"}],"wp:featuredmedia":[{"embeddable":true,"href":"https:\/\/cvinoticias.com\/v3\/wp-json\/wp\/v2\/media\/7634"}],"wp:attachment":[{"href":"https:\/\/cvinoticias.com\/v3\/wp-json\/wp\/v2\/media?parent=7633"}],"wp:term":[{"taxonomy":"category","embeddable":true,"href":"https:\/\/cvinoticias.com\/v3\/wp-json\/wp\/v2\/categories?post=7633"},{"taxonomy":"post_tag","embeddable":true,"href":"https:\/\/cvinoticias.com\/v3\/wp-json\/wp\/v2\/tags?post=7633"}],"curies":[{"name":"wp","href":"https:\/\/api.w.org\/{rel}","templated":true}]}}