{"id":7629,"date":"2021-08-15T21:56:06","date_gmt":"2021-08-15T21:56:06","guid":{"rendered":"https:\/\/cvinoticias.com\/v3\/?p=7629"},"modified":"2021-08-15T21:56:06","modified_gmt":"2021-08-15T21:56:06","slug":"posadas-destrozo-el-parabrisas-del-auto-de-su-expareja-y-la-detuvieron","status":"publish","type":"post","link":"https:\/\/cvinoticias.com\/v3\/posadas-destrozo-el-parabrisas-del-auto-de-su-expareja-y-la-detuvieron\/","title":{"rendered":"Posadas: Destroz\u00f3 el parabrisas del auto de su expareja y la detuvieron"},"content":{"rendered":"\n<p><strong><em>Sucedi\u00f3 esta tarde en inmediaciones a las avenidas Vivanco y Blas Parera donde una joven de 20 a\u00f1os, termin\u00f3 detenida por la Polic\u00eda luego de destrozar el parabrisas del autom\u00f3vil de su pareja de 25.<\/em><\/strong><\/p>\n\n\n\n<p>El hecho fue alertado por el damnificado, quien llam\u00f3 al Centro Integral de Operaciones 911 e inmediatamente una comisi\u00f3n de la Comisar\u00eda de la Mujer Oeste fue hasta el lugar. All\u00ed, el joven relat\u00f3 que su exconcubina caus\u00f3 los destrozos en su rodado que lo dej\u00f3 estacionado frente a su domicilio.<\/p>\n\n\n\n<p>Metros m\u00e1s adelante, se encontraba la violenta que inmediatamente fue detenida y trasladada al Hospital Ren\u00e9 Favaloro para que la curaran, debido a que present\u00f3 cortes en el antebrazo cuando realiz\u00f3 el disturbio. Posteriormente la alojaron en sede policial a disposici\u00f3n de la Justicia.<\/p>\n\n\n\n<figure class=\"wp-block-image size-full\"><a href=\"https:\/\/cvinoticias.com\/wp-content\/uploads\/2021\/08\/FB_IMG_1629064421904.jpg\"><img decoding=\"async\" width=\"625\" height=\"557\" data-src=\"https:\/\/cvinoticias.com\/wp-content\/uploads\/2021\/08\/FB_IMG_1629064421904.jpg\" alt=\"\" class=\"wp-image-7630 lazyload\" data-srcset=\"https:\/\/cvinoticias.com\/wp-content\/uploads\/2021\/08\/FB_IMG_1629064421904.jpg 625w, https:\/\/cvinoticias.com\/wp-content\/uploads\/2021\/08\/FB_IMG_1629064421904-300x267.jpg 300w\" data-sizes=\"(max-width: 625px) 100vw, 625px\" src=\"data:image\/svg+xml;base64,PHN2ZyB3aWR0aD0iMSIgaGVpZ2h0PSIxIiB4bWxucz0iaHR0cDovL3d3dy53My5vcmcvMjAwMC9zdmciPjwvc3ZnPg==\" style=\"--smush-placeholder-width: 625px; --smush-placeholder-aspect-ratio: 625\/557;\" \/><\/a><\/figure>\n","protected":false},"excerpt":{"rendered":"<p>Sucedi\u00f3 esta tarde en inmediaciones a las avenidas Vivanco y Blas Parera donde una joven de 20 a\u00f1os, termin\u00f3 detenida por la Polic\u00eda luego de destrozar el parabrisas del autom\u00f3vil de su pareja de 25. El hecho fue alertado por el damnificado, quien llam\u00f3 al Centro Integral de Operaciones 911 e inmediatamente una comisi\u00f3n de [&hellip;]<\/p>\n","protected":false},"author":2,"featured_media":7631,"comment_status":"open","ping_status":"open","sticky":false,"template":"","format":"standard","meta":{"footnotes":""},"categories":[41],"tags":[],"class_list":["post-7629","post","type-post","status-publish","format-standard","has-post-thumbnail","hentry","category-policiales"],"yoast_head":"<!-- This site is optimized with the Yoast SEO plugin v27.5 - https:\/\/yoast.com\/product\/yoast-seo-wordpress\/ -->\n<title>Posadas: Destroz\u00f3 el parabrisas del auto de su expareja y la detuvieron | CVI NOTICIAS<\/title>\n<meta name=\"robots\" content=\"index, follow, max-snippet:-1, max-image-preview:large, max-video-preview:-1\" \/>\n<link rel=\"canonical\" href=\"https:\/\/cvinoticias.com\/v3\/posadas-destrozo-el-parabrisas-del-auto-de-su-expareja-y-la-detuvieron\/\" \/>\n<meta property=\"og:locale\" content=\"es_ES\" \/>\n<meta property=\"og:type\" content=\"article\" \/>\n<meta property=\"og:title\" content=\"Posadas: Destroz\u00f3 el parabrisas del auto de su expareja y la detuvieron | CVI NOTICIAS\" \/>\n<meta property=\"og:description\" content=\"Sucedi\u00f3 esta tarde en inmediaciones a las avenidas Vivanco y Blas Parera donde una joven de 20 a\u00f1os, termin\u00f3 detenida por la Polic\u00eda luego de destrozar el parabrisas del autom\u00f3vil de su pareja de 25. El hecho fue alertado por el damnificado, quien llam\u00f3 al Centro Integral de Operaciones 911 e inmediatamente una comisi\u00f3n de [&hellip;]\" \/>\n<meta property=\"og:url\" content=\"https:\/\/cvinoticias.com\/v3\/posadas-destrozo-el-parabrisas-del-auto-de-su-expareja-y-la-detuvieron\/\" \/>\n<meta property=\"og:site_name\" content=\"CVI NOTICIAS\" \/>\n<meta property=\"article:publisher\" content=\"https:\/\/www.facebook.com\/cvinoticias\" \/>\n<meta property=\"article:published_time\" content=\"2021-08-15T21:56:06+00:00\" \/>\n<meta property=\"og:image\" content=\"https:\/\/cvinoticias.com\/wp-content\/uploads\/2021\/08\/FB_IMG_1629064419225.jpg\" \/>\n\t<meta property=\"og:image:width\" content=\"604\" \/>\n\t<meta property=\"og:image:height\" content=\"538\" \/>\n\t<meta property=\"og:image:type\" content=\"image\/jpeg\" \/>\n<meta name=\"author\" content=\"f1000024\" \/>\n<meta name=\"twitter:card\" content=\"summary_large_image\" \/>\n<meta name=\"twitter:label1\" content=\"Escrito por\" \/>\n\t<meta name=\"twitter:data1\" content=\"f1000024\" \/>\n\t<meta name=\"twitter:label2\" content=\"Tiempo de lectura\" \/>\n\t<meta name=\"twitter:data2\" content=\"1 minuto\" \/>\n<script type=\"application\/ld+json\" class=\"yoast-schema-graph\">{\"@context\":\"https:\\\/\\\/schema.org\",\"@graph\":[{\"@type\":\"Article\",\"@id\":\"https:\\\/\\\/cvinoticias.com\\\/v3\\\/posadas-destrozo-el-parabrisas-del-auto-de-su-expareja-y-la-detuvieron\\\/#article\",\"isPartOf\":{\"@id\":\"https:\\\/\\\/cvinoticias.com\\\/v3\\\/posadas-destrozo-el-parabrisas-del-auto-de-su-expareja-y-la-detuvieron\\\/\"},\"author\":{\"name\":\"f1000024\",\"@id\":\"https:\\\/\\\/cvinoticias.com\\\/v3\\\/#\\\/schema\\\/person\\\/2db77e3c6bc03c538495d7b2b8be9b66\"},\"headline\":\"Posadas: Destroz\u00f3 el parabrisas del auto de su expareja y la detuvieron\",\"datePublished\":\"2021-08-15T21:56:06+00:00\",\"mainEntityOfPage\":{\"@id\":\"https:\\\/\\\/cvinoticias.com\\\/v3\\\/posadas-destrozo-el-parabrisas-del-auto-de-su-expareja-y-la-detuvieron\\\/\"},\"wordCount\":146,\"commentCount\":0,\"publisher\":{\"@id\":\"https:\\\/\\\/cvinoticias.com\\\/v3\\\/#organization\"},\"image\":{\"@id\":\"https:\\\/\\\/cvinoticias.com\\\/v3\\\/posadas-destrozo-el-parabrisas-del-auto-de-su-expareja-y-la-detuvieron\\\/#primaryimage\"},\"thumbnailUrl\":\"https:\\\/\\\/cvinoticias.com\\\/wp-content\\\/uploads\\\/2021\\\/08\\\/FB_IMG_1629064419225.jpg\",\"articleSection\":[\"Policiales\"],\"inLanguage\":\"es\",\"potentialAction\":[{\"@type\":\"CommentAction\",\"name\":\"Comment\",\"target\":[\"https:\\\/\\\/cvinoticias.com\\\/v3\\\/posadas-destrozo-el-parabrisas-del-auto-de-su-expareja-y-la-detuvieron\\\/#respond\"]}]},{\"@type\":\"WebPage\",\"@id\":\"https:\\\/\\\/cvinoticias.com\\\/v3\\\/posadas-destrozo-el-parabrisas-del-auto-de-su-expareja-y-la-detuvieron\\\/\",\"url\":\"https:\\\/\\\/cvinoticias.com\\\/v3\\\/posadas-destrozo-el-parabrisas-del-auto-de-su-expareja-y-la-detuvieron\\\/\",\"name\":\"Posadas: Destroz\u00f3 el parabrisas del auto de su expareja y la detuvieron | CVI NOTICIAS\",\"isPartOf\":{\"@id\":\"https:\\\/\\\/cvinoticias.com\\\/v3\\\/#website\"},\"primaryImageOfPage\":{\"@id\":\"https:\\\/\\\/cvinoticias.com\\\/v3\\\/posadas-destrozo-el-parabrisas-del-auto-de-su-expareja-y-la-detuvieron\\\/#primaryimage\"},\"image\":{\"@id\":\"https:\\\/\\\/cvinoticias.com\\\/v3\\\/posadas-destrozo-el-parabrisas-del-auto-de-su-expareja-y-la-detuvieron\\\/#primaryimage\"},\"thumbnailUrl\":\"https:\\\/\\\/cvinoticias.com\\\/wp-content\\\/uploads\\\/2021\\\/08\\\/FB_IMG_1629064419225.jpg\",\"datePublished\":\"2021-08-15T21:56:06+00:00\",\"breadcrumb\":{\"@id\":\"https:\\\/\\\/cvinoticias.com\\\/v3\\\/posadas-destrozo-el-parabrisas-del-auto-de-su-expareja-y-la-detuvieron\\\/#breadcrumb\"},\"inLanguage\":\"es\",\"potentialAction\":[{\"@type\":\"ReadAction\",\"target\":[\"https:\\\/\\\/cvinoticias.com\\\/v3\\\/posadas-destrozo-el-parabrisas-del-auto-de-su-expareja-y-la-detuvieron\\\/\"]}]},{\"@type\":\"ImageObject\",\"inLanguage\":\"es\",\"@id\":\"https:\\\/\\\/cvinoticias.com\\\/v3\\\/posadas-destrozo-el-parabrisas-del-auto-de-su-expareja-y-la-detuvieron\\\/#primaryimage\",\"url\":\"https:\\\/\\\/cvinoticias.com\\\/wp-content\\\/uploads\\\/2021\\\/08\\\/FB_IMG_1629064419225.jpg\",\"contentUrl\":\"https:\\\/\\\/cvinoticias.com\\\/wp-content\\\/uploads\\\/2021\\\/08\\\/FB_IMG_1629064419225.jpg\",\"width\":604,\"height\":538},{\"@type\":\"BreadcrumbList\",\"@id\":\"https:\\\/\\\/cvinoticias.com\\\/v3\\\/posadas-destrozo-el-parabrisas-del-auto-de-su-expareja-y-la-detuvieron\\\/#breadcrumb\",\"itemListElement\":[{\"@type\":\"ListItem\",\"position\":1,\"name\":\"Portada\",\"item\":\"https:\\\/\\\/cvinoticias.com\\\/v3\\\/\"},{\"@type\":\"ListItem\",\"position\":2,\"name\":\"Posadas: Destroz\u00f3 el parabrisas del auto de su expareja y la detuvieron\"}]},{\"@type\":\"WebSite\",\"@id\":\"https:\\\/\\\/cvinoticias.com\\\/v3\\\/#website\",\"url\":\"https:\\\/\\\/cvinoticias.com\\\/v3\\\/\",\"name\":\"CVI NOTICIAS\",\"description\":\"\",\"publisher\":{\"@id\":\"https:\\\/\\\/cvinoticias.com\\\/v3\\\/#organization\"},\"alternateName\":\"CVI\",\"potentialAction\":[{\"@type\":\"SearchAction\",\"target\":{\"@type\":\"EntryPoint\",\"urlTemplate\":\"https:\\\/\\\/cvinoticias.com\\\/v3\\\/?s={search_term_string}\"},\"query-input\":{\"@type\":\"PropertyValueSpecification\",\"valueRequired\":true,\"valueName\":\"search_term_string\"}}],\"inLanguage\":\"es\"},{\"@type\":\"Organization\",\"@id\":\"https:\\\/\\\/cvinoticias.com\\\/v3\\\/#organization\",\"name\":\"CVI NOTICIAS\",\"url\":\"https:\\\/\\\/cvinoticias.com\\\/v3\\\/\",\"logo\":{\"@type\":\"ImageObject\",\"inLanguage\":\"es\",\"@id\":\"https:\\\/\\\/cvinoticias.com\\\/v3\\\/#\\\/schema\\\/logo\\\/image\\\/\",\"url\":\"https:\\\/\\\/cvinoticias.com\\\/wp-content\\\/uploads\\\/2023\\\/04\\\/cropped-cropped-cropped-cropped-cropped-3-1.png\",\"contentUrl\":\"https:\\\/\\\/cvinoticias.com\\\/wp-content\\\/uploads\\\/2023\\\/04\\\/cropped-cropped-cropped-cropped-cropped-3-1.png\",\"width\":95,\"height\":122,\"caption\":\"CVI NOTICIAS\"},\"image\":{\"@id\":\"https:\\\/\\\/cvinoticias.com\\\/v3\\\/#\\\/schema\\\/logo\\\/image\\\/\"},\"sameAs\":[\"https:\\\/\\\/www.facebook.com\\\/cvinoticias\",\"https:\\\/\\\/www.instagram.com\\\/cvinoticias\\\/\",\"https:\\\/\\\/www.youtube.com\\\/@CVINOTICIAS\"]},{\"@type\":\"Person\",\"@id\":\"https:\\\/\\\/cvinoticias.com\\\/v3\\\/#\\\/schema\\\/person\\\/2db77e3c6bc03c538495d7b2b8be9b66\",\"name\":\"f1000024\",\"image\":{\"@type\":\"ImageObject\",\"inLanguage\":\"es\",\"@id\":\"https:\\\/\\\/secure.gravatar.com\\\/avatar\\\/d4fe7459cfc51ff5129ce1a732bbef5928568b8092d412ef95611616376bbeed?s=96&d=mm&r=g\",\"url\":\"https:\\\/\\\/secure.gravatar.com\\\/avatar\\\/d4fe7459cfc51ff5129ce1a732bbef5928568b8092d412ef95611616376bbeed?s=96&d=mm&r=g\",\"contentUrl\":\"https:\\\/\\\/secure.gravatar.com\\\/avatar\\\/d4fe7459cfc51ff5129ce1a732bbef5928568b8092d412ef95611616376bbeed?s=96&d=mm&r=g\",\"caption\":\"f1000024\"},\"url\":\"https:\\\/\\\/cvinoticias.com\\\/v3\\\/author\\\/f1000024\\\/\"}]}<\/script>\n<!-- \/ Yoast SEO plugin. -->","yoast_head_json":{"title":"Posadas: Destroz\u00f3 el parabrisas del auto de su expareja y la detuvieron | CVI NOTICIAS","robots":{"index":"index","follow":"follow","max-snippet":"max-snippet:-1","max-image-preview":"max-image-preview:large","max-video-preview":"max-video-preview:-1"},"canonical":"https:\/\/cvinoticias.com\/v3\/posadas-destrozo-el-parabrisas-del-auto-de-su-expareja-y-la-detuvieron\/","og_locale":"es_ES","og_type":"article","og_title":"Posadas: Destroz\u00f3 el parabrisas del auto de su expareja y la detuvieron | CVI NOTICIAS","og_description":"Sucedi\u00f3 esta tarde en inmediaciones a las avenidas Vivanco y Blas Parera donde una joven de 20 a\u00f1os, termin\u00f3 detenida por la Polic\u00eda luego de destrozar el parabrisas del autom\u00f3vil de su pareja de 25. El hecho fue alertado por el damnificado, quien llam\u00f3 al Centro Integral de Operaciones 911 e inmediatamente una comisi\u00f3n de [&hellip;]","og_url":"https:\/\/cvinoticias.com\/v3\/posadas-destrozo-el-parabrisas-del-auto-de-su-expareja-y-la-detuvieron\/","og_site_name":"CVI NOTICIAS","article_publisher":"https:\/\/www.facebook.com\/cvinoticias","article_published_time":"2021-08-15T21:56:06+00:00","og_image":[{"width":604,"height":538,"url":"https:\/\/cvinoticias.com\/wp-content\/uploads\/2021\/08\/FB_IMG_1629064419225.jpg","type":"image\/jpeg"}],"author":"f1000024","twitter_card":"summary_large_image","twitter_misc":{"Escrito por":"f1000024","Tiempo de lectura":"1 minuto"},"schema":{"@context":"https:\/\/schema.org","@graph":[{"@type":"Article","@id":"https:\/\/cvinoticias.com\/v3\/posadas-destrozo-el-parabrisas-del-auto-de-su-expareja-y-la-detuvieron\/#article","isPartOf":{"@id":"https:\/\/cvinoticias.com\/v3\/posadas-destrozo-el-parabrisas-del-auto-de-su-expareja-y-la-detuvieron\/"},"author":{"name":"f1000024","@id":"https:\/\/cvinoticias.com\/v3\/#\/schema\/person\/2db77e3c6bc03c538495d7b2b8be9b66"},"headline":"Posadas: Destroz\u00f3 el parabrisas del auto de su expareja y la detuvieron","datePublished":"2021-08-15T21:56:06+00:00","mainEntityOfPage":{"@id":"https:\/\/cvinoticias.com\/v3\/posadas-destrozo-el-parabrisas-del-auto-de-su-expareja-y-la-detuvieron\/"},"wordCount":146,"commentCount":0,"publisher":{"@id":"https:\/\/cvinoticias.com\/v3\/#organization"},"image":{"@id":"https:\/\/cvinoticias.com\/v3\/posadas-destrozo-el-parabrisas-del-auto-de-su-expareja-y-la-detuvieron\/#primaryimage"},"thumbnailUrl":"https:\/\/cvinoticias.com\/wp-content\/uploads\/2021\/08\/FB_IMG_1629064419225.jpg","articleSection":["Policiales"],"inLanguage":"es","potentialAction":[{"@type":"CommentAction","name":"Comment","target":["https:\/\/cvinoticias.com\/v3\/posadas-destrozo-el-parabrisas-del-auto-de-su-expareja-y-la-detuvieron\/#respond"]}]},{"@type":"WebPage","@id":"https:\/\/cvinoticias.com\/v3\/posadas-destrozo-el-parabrisas-del-auto-de-su-expareja-y-la-detuvieron\/","url":"https:\/\/cvinoticias.com\/v3\/posadas-destrozo-el-parabrisas-del-auto-de-su-expareja-y-la-detuvieron\/","name":"Posadas: Destroz\u00f3 el parabrisas del auto de su expareja y la detuvieron | CVI NOTICIAS","isPartOf":{"@id":"https:\/\/cvinoticias.com\/v3\/#website"},"primaryImageOfPage":{"@id":"https:\/\/cvinoticias.com\/v3\/posadas-destrozo-el-parabrisas-del-auto-de-su-expareja-y-la-detuvieron\/#primaryimage"},"image":{"@id":"https:\/\/cvinoticias.com\/v3\/posadas-destrozo-el-parabrisas-del-auto-de-su-expareja-y-la-detuvieron\/#primaryimage"},"thumbnailUrl":"https:\/\/cvinoticias.com\/wp-content\/uploads\/2021\/08\/FB_IMG_1629064419225.jpg","datePublished":"2021-08-15T21:56:06+00:00","breadcrumb":{"@id":"https:\/\/cvinoticias.com\/v3\/posadas-destrozo-el-parabrisas-del-auto-de-su-expareja-y-la-detuvieron\/#breadcrumb"},"inLanguage":"es","potentialAction":[{"@type":"ReadAction","target":["https:\/\/cvinoticias.com\/v3\/posadas-destrozo-el-parabrisas-del-auto-de-su-expareja-y-la-detuvieron\/"]}]},{"@type":"ImageObject","inLanguage":"es","@id":"https:\/\/cvinoticias.com\/v3\/posadas-destrozo-el-parabrisas-del-auto-de-su-expareja-y-la-detuvieron\/#primaryimage","url":"https:\/\/cvinoticias.com\/wp-content\/uploads\/2021\/08\/FB_IMG_1629064419225.jpg","contentUrl":"https:\/\/cvinoticias.com\/wp-content\/uploads\/2021\/08\/FB_IMG_1629064419225.jpg","width":604,"height":538},{"@type":"BreadcrumbList","@id":"https:\/\/cvinoticias.com\/v3\/posadas-destrozo-el-parabrisas-del-auto-de-su-expareja-y-la-detuvieron\/#breadcrumb","itemListElement":[{"@type":"ListItem","position":1,"name":"Portada","item":"https:\/\/cvinoticias.com\/v3\/"},{"@type":"ListItem","position":2,"name":"Posadas: Destroz\u00f3 el parabrisas del auto de su expareja y la detuvieron"}]},{"@type":"WebSite","@id":"https:\/\/cvinoticias.com\/v3\/#website","url":"https:\/\/cvinoticias.com\/v3\/","name":"CVI NOTICIAS","description":"","publisher":{"@id":"https:\/\/cvinoticias.com\/v3\/#organization"},"alternateName":"CVI","potentialAction":[{"@type":"SearchAction","target":{"@type":"EntryPoint","urlTemplate":"https:\/\/cvinoticias.com\/v3\/?s={search_term_string}"},"query-input":{"@type":"PropertyValueSpecification","valueRequired":true,"valueName":"search_term_string"}}],"inLanguage":"es"},{"@type":"Organization","@id":"https:\/\/cvinoticias.com\/v3\/#organization","name":"CVI NOTICIAS","url":"https:\/\/cvinoticias.com\/v3\/","logo":{"@type":"ImageObject","inLanguage":"es","@id":"https:\/\/cvinoticias.com\/v3\/#\/schema\/logo\/image\/","url":"https:\/\/cvinoticias.com\/wp-content\/uploads\/2023\/04\/cropped-cropped-cropped-cropped-cropped-3-1.png","contentUrl":"https:\/\/cvinoticias.com\/wp-content\/uploads\/2023\/04\/cropped-cropped-cropped-cropped-cropped-3-1.png","width":95,"height":122,"caption":"CVI NOTICIAS"},"image":{"@id":"https:\/\/cvinoticias.com\/v3\/#\/schema\/logo\/image\/"},"sameAs":["https:\/\/www.facebook.com\/cvinoticias","https:\/\/www.instagram.com\/cvinoticias\/","https:\/\/www.youtube.com\/@CVINOTICIAS"]},{"@type":"Person","@id":"https:\/\/cvinoticias.com\/v3\/#\/schema\/person\/2db77e3c6bc03c538495d7b2b8be9b66","name":"f1000024","image":{"@type":"ImageObject","inLanguage":"es","@id":"https:\/\/secure.gravatar.com\/avatar\/d4fe7459cfc51ff5129ce1a732bbef5928568b8092d412ef95611616376bbeed?s=96&d=mm&r=g","url":"https:\/\/secure.gravatar.com\/avatar\/d4fe7459cfc51ff5129ce1a732bbef5928568b8092d412ef95611616376bbeed?s=96&d=mm&r=g","contentUrl":"https:\/\/secure.gravatar.com\/avatar\/d4fe7459cfc51ff5129ce1a732bbef5928568b8092d412ef95611616376bbeed?s=96&d=mm&r=g","caption":"f1000024"},"url":"https:\/\/cvinoticias.com\/v3\/author\/f1000024\/"}]}},"_links":{"self":[{"href":"https:\/\/cvinoticias.com\/v3\/wp-json\/wp\/v2\/posts\/7629","targetHints":{"allow":["GET"]}}],"collection":[{"href":"https:\/\/cvinoticias.com\/v3\/wp-json\/wp\/v2\/posts"}],"about":[{"href":"https:\/\/cvinoticias.com\/v3\/wp-json\/wp\/v2\/types\/post"}],"author":[{"embeddable":true,"href":"https:\/\/cvinoticias.com\/v3\/wp-json\/wp\/v2\/users\/2"}],"replies":[{"embeddable":true,"href":"https:\/\/cvinoticias.com\/v3\/wp-json\/wp\/v2\/comments?post=7629"}],"version-history":[{"count":1,"href":"https:\/\/cvinoticias.com\/v3\/wp-json\/wp\/v2\/posts\/7629\/revisions"}],"predecessor-version":[{"id":7632,"href":"https:\/\/cvinoticias.com\/v3\/wp-json\/wp\/v2\/posts\/7629\/revisions\/7632"}],"wp:featuredmedia":[{"embeddable":true,"href":"https:\/\/cvinoticias.com\/v3\/wp-json\/wp\/v2\/media\/7631"}],"wp:attachment":[{"href":"https:\/\/cvinoticias.com\/v3\/wp-json\/wp\/v2\/media?parent=7629"}],"wp:term":[{"taxonomy":"category","embeddable":true,"href":"https:\/\/cvinoticias.com\/v3\/wp-json\/wp\/v2\/categories?post=7629"},{"taxonomy":"post_tag","embeddable":true,"href":"https:\/\/cvinoticias.com\/v3\/wp-json\/wp\/v2\/tags?post=7629"}],"curies":[{"name":"wp","href":"https:\/\/api.w.org\/{rel}","templated":true}]}}