{"id":7626,"date":"2021-08-15T21:52:35","date_gmt":"2021-08-15T21:52:35","guid":{"rendered":"https:\/\/cvinoticias.com\/v3\/?p=7626"},"modified":"2021-08-15T21:52:35","modified_gmt":"2021-08-15T21:52:35","slug":"bundziak-fue-5-en-la-final-de-la-11-fecha-del-tc-mouras","status":"publish","type":"post","link":"https:\/\/cvinoticias.com\/v3\/bundziak-fue-5-en-la-final-de-la-11-fecha-del-tc-mouras\/","title":{"rendered":"Bundziak fue 5\u00b0 en la final de la 11\u00b0 fecha del TC Mouras"},"content":{"rendered":"\n<p><strong><em>El piloto de Puerto Iguaz\u00fa Rudito Bundziak (Ford) se ubic\u00f3 en la 5\u00b0 posici\u00f3n en la final de la 11\u00b0 fecha del TC Mouras, que se disput\u00f3 en el Aut\u00f3dromo Roberto Jos\u00e9 Mouras de La Plata.<\/em><\/strong><\/p>\n\n\n\n<p>La jornada comenz\u00f3 retrasada por la neblina y las series se disputaron cerca del mediod\u00eda, siendo Bundziak cuarto en la primera bater\u00eda.<\/p>\n\n\n\n<p>Para la final el Quilmes Plas realiz\u00f3 unos cambios y el Ford mostr\u00f3 peque\u00f1os cambios que hicieron que el piloto de Iguaz\u00fa pueda avanzar luego de largar desde la s\u00e9ptima posici\u00f3n. Desde el inicio el misionero busc\u00f3 ir para adelante y pudo ganar dos lugares para terminar en la quinta posici\u00f3n. El ganador de la carrera y de la Etapa Regular fue Jerem\u00edas Olmedo (Ford).<\/p>\n\n\n\n<p>Con este resultado Bundziak termin\u00f3 cuarto en la Etapa Regular con 314 unidades y comenzar\u00e1 la Copa de Oro R\u00edo Uruguay Seguros en la quinta posici\u00f3n y con 8 unidades, producto de su victoria lograda en la tercera fecha.<\/p>\n\n\n\n<p>Los 12 clasificados a la Copa de Oro son: Jerem\u00edas Olmedo (31 puntos), Tob\u00edas Mart\u00ednez (16), Diego Azar, Marcos Quijada, Rudito Bundziak, Lucas Vicino y Rodrigo Lug\u00f3n comienzan con 8 unidades; Lucas Valle, Luciano Cotignola, Juan Pablo Pilo, Gabriel Gandulia y Alfonso Domenech tambi\u00e9n avanzaron a la Copa, pero a\u00fan deben ganar una competencia para pelear por el t\u00edtulo.<\/p>\n\n\n\n<p>\u201cHoy dimos todo lo que ten\u00edamos. Cerramos la Etapa Regular y comienza un nuevo torneo con la Copa de Oro, vamos a trabajar con el equipo para ser competitivos porque ahora cada error se paga muy caro\u201d, explic\u00f3 Bundziak.<\/p>\n\n\n\n<p>Bundziak agradeci\u00f3 a los sponsor Municipalidad de Puerto Iguaz\u00fa, Manantial de Oro, Tienda Urbana, El Pan de la abuela, Syncom, Yerba Mate Andresito, R\u00edo Uruguay Seguros (RUS), Su\u00e1rez y Asociados, Ama lubricantes, Taller de Revisi\u00f3n T\u00e9cnica Al Control S.A. Revisi\u00f3n T\u00e9cnica SIT, Pinturer\u00eda Atilio, Aserradero San Antonio, Nick Detailing, Electro Misiones \u2013 Neored y al Quilmes Plas.<\/p>\n\n\n\n<p>La pr\u00f3xima fecha, la 12\u00b0 del calendario, y la primera de la Copa de Oro, ser\u00e1 el 5 de septiembre en escenario a confirmar por la ACTC.<\/p>\n","protected":false},"excerpt":{"rendered":"<p>El piloto de Puerto Iguaz\u00fa Rudito Bundziak (Ford) se ubic\u00f3 en la 5\u00b0 posici\u00f3n en la final de la 11\u00b0 fecha del TC Mouras, que se disput\u00f3 en el Aut\u00f3dromo Roberto Jos\u00e9 Mouras de La Plata. La jornada comenz\u00f3 retrasada por la neblina y las series se disputaron cerca del mediod\u00eda, siendo Bundziak cuarto en [&hellip;]<\/p>\n","protected":false},"author":2,"featured_media":7627,"comment_status":"open","ping_status":"open","sticky":false,"template":"","format":"standard","meta":{"footnotes":""},"categories":[24],"tags":[],"class_list":["post-7626","post","type-post","status-publish","format-standard","has-post-thumbnail","hentry","category-deportes"],"yoast_head":"<!-- This site is optimized with the Yoast SEO plugin v27.4 - https:\/\/yoast.com\/product\/yoast-seo-wordpress\/ -->\n<title>Bundziak fue 5\u00b0 en la final de la 11\u00b0 fecha del TC Mouras | CVI NOTICIAS<\/title>\n<meta name=\"robots\" content=\"index, follow, max-snippet:-1, max-image-preview:large, max-video-preview:-1\" \/>\n<link rel=\"canonical\" href=\"https:\/\/cvinoticias.com\/v3\/bundziak-fue-5-en-la-final-de-la-11-fecha-del-tc-mouras\/\" \/>\n<meta property=\"og:locale\" content=\"es_ES\" \/>\n<meta property=\"og:type\" content=\"article\" \/>\n<meta property=\"og:title\" content=\"Bundziak fue 5\u00b0 en la final de la 11\u00b0 fecha del TC Mouras | CVI NOTICIAS\" \/>\n<meta property=\"og:description\" content=\"El piloto de Puerto Iguaz\u00fa Rudito Bundziak (Ford) se ubic\u00f3 en la 5\u00b0 posici\u00f3n en la final de la 11\u00b0 fecha del TC Mouras, que se disput\u00f3 en el Aut\u00f3dromo Roberto Jos\u00e9 Mouras de La Plata. La jornada comenz\u00f3 retrasada por la neblina y las series se disputaron cerca del mediod\u00eda, siendo Bundziak cuarto en [&hellip;]\" \/>\n<meta property=\"og:url\" content=\"https:\/\/cvinoticias.com\/v3\/bundziak-fue-5-en-la-final-de-la-11-fecha-del-tc-mouras\/\" \/>\n<meta property=\"og:site_name\" content=\"CVI NOTICIAS\" \/>\n<meta property=\"article:publisher\" content=\"https:\/\/www.facebook.com\/cvinoticias\" \/>\n<meta property=\"article:published_time\" content=\"2021-08-15T21:52:35+00:00\" \/>\n<meta property=\"og:image\" content=\"https:\/\/cvinoticias.com\/wp-content\/uploads\/2021\/08\/FB_IMG_1629064238421.jpg\" \/>\n\t<meta property=\"og:image:width\" content=\"1080\" \/>\n\t<meta property=\"og:image:height\" content=\"684\" \/>\n\t<meta property=\"og:image:type\" content=\"image\/jpeg\" \/>\n<meta name=\"author\" content=\"f1000024\" \/>\n<meta name=\"twitter:card\" content=\"summary_large_image\" \/>\n<meta name=\"twitter:label1\" content=\"Escrito por\" \/>\n\t<meta name=\"twitter:data1\" content=\"f1000024\" \/>\n\t<meta name=\"twitter:label2\" content=\"Tiempo de lectura\" \/>\n\t<meta name=\"twitter:data2\" content=\"2 minutos\" \/>\n<script type=\"application\/ld+json\" class=\"yoast-schema-graph\">{\"@context\":\"https:\\\/\\\/schema.org\",\"@graph\":[{\"@type\":\"Article\",\"@id\":\"https:\\\/\\\/cvinoticias.com\\\/v3\\\/bundziak-fue-5-en-la-final-de-la-11-fecha-del-tc-mouras\\\/#article\",\"isPartOf\":{\"@id\":\"https:\\\/\\\/cvinoticias.com\\\/v3\\\/bundziak-fue-5-en-la-final-de-la-11-fecha-del-tc-mouras\\\/\"},\"author\":{\"name\":\"f1000024\",\"@id\":\"https:\\\/\\\/cvinoticias.com\\\/v3\\\/#\\\/schema\\\/person\\\/2db77e3c6bc03c538495d7b2b8be9b66\"},\"headline\":\"Bundziak fue 5\u00b0 en la final de la 11\u00b0 fecha del TC Mouras\",\"datePublished\":\"2021-08-15T21:52:35+00:00\",\"mainEntityOfPage\":{\"@id\":\"https:\\\/\\\/cvinoticias.com\\\/v3\\\/bundziak-fue-5-en-la-final-de-la-11-fecha-del-tc-mouras\\\/\"},\"wordCount\":372,\"commentCount\":0,\"publisher\":{\"@id\":\"https:\\\/\\\/cvinoticias.com\\\/v3\\\/#organization\"},\"image\":{\"@id\":\"https:\\\/\\\/cvinoticias.com\\\/v3\\\/bundziak-fue-5-en-la-final-de-la-11-fecha-del-tc-mouras\\\/#primaryimage\"},\"thumbnailUrl\":\"https:\\\/\\\/cvinoticias.com\\\/wp-content\\\/uploads\\\/2021\\\/08\\\/FB_IMG_1629064238421.jpg\",\"articleSection\":[\"Deportes\"],\"inLanguage\":\"es\",\"potentialAction\":[{\"@type\":\"CommentAction\",\"name\":\"Comment\",\"target\":[\"https:\\\/\\\/cvinoticias.com\\\/v3\\\/bundziak-fue-5-en-la-final-de-la-11-fecha-del-tc-mouras\\\/#respond\"]}]},{\"@type\":\"WebPage\",\"@id\":\"https:\\\/\\\/cvinoticias.com\\\/v3\\\/bundziak-fue-5-en-la-final-de-la-11-fecha-del-tc-mouras\\\/\",\"url\":\"https:\\\/\\\/cvinoticias.com\\\/v3\\\/bundziak-fue-5-en-la-final-de-la-11-fecha-del-tc-mouras\\\/\",\"name\":\"Bundziak fue 5\u00b0 en la final de la 11\u00b0 fecha del TC Mouras | CVI NOTICIAS\",\"isPartOf\":{\"@id\":\"https:\\\/\\\/cvinoticias.com\\\/v3\\\/#website\"},\"primaryImageOfPage\":{\"@id\":\"https:\\\/\\\/cvinoticias.com\\\/v3\\\/bundziak-fue-5-en-la-final-de-la-11-fecha-del-tc-mouras\\\/#primaryimage\"},\"image\":{\"@id\":\"https:\\\/\\\/cvinoticias.com\\\/v3\\\/bundziak-fue-5-en-la-final-de-la-11-fecha-del-tc-mouras\\\/#primaryimage\"},\"thumbnailUrl\":\"https:\\\/\\\/cvinoticias.com\\\/wp-content\\\/uploads\\\/2021\\\/08\\\/FB_IMG_1629064238421.jpg\",\"datePublished\":\"2021-08-15T21:52:35+00:00\",\"breadcrumb\":{\"@id\":\"https:\\\/\\\/cvinoticias.com\\\/v3\\\/bundziak-fue-5-en-la-final-de-la-11-fecha-del-tc-mouras\\\/#breadcrumb\"},\"inLanguage\":\"es\",\"potentialAction\":[{\"@type\":\"ReadAction\",\"target\":[\"https:\\\/\\\/cvinoticias.com\\\/v3\\\/bundziak-fue-5-en-la-final-de-la-11-fecha-del-tc-mouras\\\/\"]}]},{\"@type\":\"ImageObject\",\"inLanguage\":\"es\",\"@id\":\"https:\\\/\\\/cvinoticias.com\\\/v3\\\/bundziak-fue-5-en-la-final-de-la-11-fecha-del-tc-mouras\\\/#primaryimage\",\"url\":\"https:\\\/\\\/cvinoticias.com\\\/wp-content\\\/uploads\\\/2021\\\/08\\\/FB_IMG_1629064238421.jpg\",\"contentUrl\":\"https:\\\/\\\/cvinoticias.com\\\/wp-content\\\/uploads\\\/2021\\\/08\\\/FB_IMG_1629064238421.jpg\",\"width\":1080,\"height\":684},{\"@type\":\"BreadcrumbList\",\"@id\":\"https:\\\/\\\/cvinoticias.com\\\/v3\\\/bundziak-fue-5-en-la-final-de-la-11-fecha-del-tc-mouras\\\/#breadcrumb\",\"itemListElement\":[{\"@type\":\"ListItem\",\"position\":1,\"name\":\"Portada\",\"item\":\"https:\\\/\\\/cvinoticias.com\\\/v3\\\/\"},{\"@type\":\"ListItem\",\"position\":2,\"name\":\"Bundziak fue 5\u00b0 en la final de la 11\u00b0 fecha del TC Mouras\"}]},{\"@type\":\"WebSite\",\"@id\":\"https:\\\/\\\/cvinoticias.com\\\/v3\\\/#website\",\"url\":\"https:\\\/\\\/cvinoticias.com\\\/v3\\\/\",\"name\":\"CVI NOTICIAS\",\"description\":\"\",\"publisher\":{\"@id\":\"https:\\\/\\\/cvinoticias.com\\\/v3\\\/#organization\"},\"alternateName\":\"CVI\",\"potentialAction\":[{\"@type\":\"SearchAction\",\"target\":{\"@type\":\"EntryPoint\",\"urlTemplate\":\"https:\\\/\\\/cvinoticias.com\\\/v3\\\/?s={search_term_string}\"},\"query-input\":{\"@type\":\"PropertyValueSpecification\",\"valueRequired\":true,\"valueName\":\"search_term_string\"}}],\"inLanguage\":\"es\"},{\"@type\":\"Organization\",\"@id\":\"https:\\\/\\\/cvinoticias.com\\\/v3\\\/#organization\",\"name\":\"CVI NOTICIAS\",\"url\":\"https:\\\/\\\/cvinoticias.com\\\/v3\\\/\",\"logo\":{\"@type\":\"ImageObject\",\"inLanguage\":\"es\",\"@id\":\"https:\\\/\\\/cvinoticias.com\\\/v3\\\/#\\\/schema\\\/logo\\\/image\\\/\",\"url\":\"https:\\\/\\\/cvinoticias.com\\\/wp-content\\\/uploads\\\/2023\\\/04\\\/cropped-cropped-cropped-cropped-cropped-3-1.png\",\"contentUrl\":\"https:\\\/\\\/cvinoticias.com\\\/wp-content\\\/uploads\\\/2023\\\/04\\\/cropped-cropped-cropped-cropped-cropped-3-1.png\",\"width\":95,\"height\":122,\"caption\":\"CVI NOTICIAS\"},\"image\":{\"@id\":\"https:\\\/\\\/cvinoticias.com\\\/v3\\\/#\\\/schema\\\/logo\\\/image\\\/\"},\"sameAs\":[\"https:\\\/\\\/www.facebook.com\\\/cvinoticias\",\"https:\\\/\\\/www.instagram.com\\\/cvinoticias\\\/\",\"https:\\\/\\\/www.youtube.com\\\/@CVINOTICIAS\"]},{\"@type\":\"Person\",\"@id\":\"https:\\\/\\\/cvinoticias.com\\\/v3\\\/#\\\/schema\\\/person\\\/2db77e3c6bc03c538495d7b2b8be9b66\",\"name\":\"f1000024\",\"image\":{\"@type\":\"ImageObject\",\"inLanguage\":\"es\",\"@id\":\"https:\\\/\\\/secure.gravatar.com\\\/avatar\\\/d4fe7459cfc51ff5129ce1a732bbef5928568b8092d412ef95611616376bbeed?s=96&d=mm&r=g\",\"url\":\"https:\\\/\\\/secure.gravatar.com\\\/avatar\\\/d4fe7459cfc51ff5129ce1a732bbef5928568b8092d412ef95611616376bbeed?s=96&d=mm&r=g\",\"contentUrl\":\"https:\\\/\\\/secure.gravatar.com\\\/avatar\\\/d4fe7459cfc51ff5129ce1a732bbef5928568b8092d412ef95611616376bbeed?s=96&d=mm&r=g\",\"caption\":\"f1000024\"},\"url\":\"https:\\\/\\\/cvinoticias.com\\\/v3\\\/author\\\/f1000024\\\/\"}]}<\/script>\n<!-- \/ Yoast SEO plugin. -->","yoast_head_json":{"title":"Bundziak fue 5\u00b0 en la final de la 11\u00b0 fecha del TC Mouras | CVI NOTICIAS","robots":{"index":"index","follow":"follow","max-snippet":"max-snippet:-1","max-image-preview":"max-image-preview:large","max-video-preview":"max-video-preview:-1"},"canonical":"https:\/\/cvinoticias.com\/v3\/bundziak-fue-5-en-la-final-de-la-11-fecha-del-tc-mouras\/","og_locale":"es_ES","og_type":"article","og_title":"Bundziak fue 5\u00b0 en la final de la 11\u00b0 fecha del TC Mouras | CVI NOTICIAS","og_description":"El piloto de Puerto Iguaz\u00fa Rudito Bundziak (Ford) se ubic\u00f3 en la 5\u00b0 posici\u00f3n en la final de la 11\u00b0 fecha del TC Mouras, que se disput\u00f3 en el Aut\u00f3dromo Roberto Jos\u00e9 Mouras de La Plata. La jornada comenz\u00f3 retrasada por la neblina y las series se disputaron cerca del mediod\u00eda, siendo Bundziak cuarto en [&hellip;]","og_url":"https:\/\/cvinoticias.com\/v3\/bundziak-fue-5-en-la-final-de-la-11-fecha-del-tc-mouras\/","og_site_name":"CVI NOTICIAS","article_publisher":"https:\/\/www.facebook.com\/cvinoticias","article_published_time":"2021-08-15T21:52:35+00:00","og_image":[{"width":1080,"height":684,"url":"https:\/\/cvinoticias.com\/wp-content\/uploads\/2021\/08\/FB_IMG_1629064238421.jpg","type":"image\/jpeg"}],"author":"f1000024","twitter_card":"summary_large_image","twitter_misc":{"Escrito por":"f1000024","Tiempo de lectura":"2 minutos"},"schema":{"@context":"https:\/\/schema.org","@graph":[{"@type":"Article","@id":"https:\/\/cvinoticias.com\/v3\/bundziak-fue-5-en-la-final-de-la-11-fecha-del-tc-mouras\/#article","isPartOf":{"@id":"https:\/\/cvinoticias.com\/v3\/bundziak-fue-5-en-la-final-de-la-11-fecha-del-tc-mouras\/"},"author":{"name":"f1000024","@id":"https:\/\/cvinoticias.com\/v3\/#\/schema\/person\/2db77e3c6bc03c538495d7b2b8be9b66"},"headline":"Bundziak fue 5\u00b0 en la final de la 11\u00b0 fecha del TC Mouras","datePublished":"2021-08-15T21:52:35+00:00","mainEntityOfPage":{"@id":"https:\/\/cvinoticias.com\/v3\/bundziak-fue-5-en-la-final-de-la-11-fecha-del-tc-mouras\/"},"wordCount":372,"commentCount":0,"publisher":{"@id":"https:\/\/cvinoticias.com\/v3\/#organization"},"image":{"@id":"https:\/\/cvinoticias.com\/v3\/bundziak-fue-5-en-la-final-de-la-11-fecha-del-tc-mouras\/#primaryimage"},"thumbnailUrl":"https:\/\/cvinoticias.com\/wp-content\/uploads\/2021\/08\/FB_IMG_1629064238421.jpg","articleSection":["Deportes"],"inLanguage":"es","potentialAction":[{"@type":"CommentAction","name":"Comment","target":["https:\/\/cvinoticias.com\/v3\/bundziak-fue-5-en-la-final-de-la-11-fecha-del-tc-mouras\/#respond"]}]},{"@type":"WebPage","@id":"https:\/\/cvinoticias.com\/v3\/bundziak-fue-5-en-la-final-de-la-11-fecha-del-tc-mouras\/","url":"https:\/\/cvinoticias.com\/v3\/bundziak-fue-5-en-la-final-de-la-11-fecha-del-tc-mouras\/","name":"Bundziak fue 5\u00b0 en la final de la 11\u00b0 fecha del TC Mouras | CVI NOTICIAS","isPartOf":{"@id":"https:\/\/cvinoticias.com\/v3\/#website"},"primaryImageOfPage":{"@id":"https:\/\/cvinoticias.com\/v3\/bundziak-fue-5-en-la-final-de-la-11-fecha-del-tc-mouras\/#primaryimage"},"image":{"@id":"https:\/\/cvinoticias.com\/v3\/bundziak-fue-5-en-la-final-de-la-11-fecha-del-tc-mouras\/#primaryimage"},"thumbnailUrl":"https:\/\/cvinoticias.com\/wp-content\/uploads\/2021\/08\/FB_IMG_1629064238421.jpg","datePublished":"2021-08-15T21:52:35+00:00","breadcrumb":{"@id":"https:\/\/cvinoticias.com\/v3\/bundziak-fue-5-en-la-final-de-la-11-fecha-del-tc-mouras\/#breadcrumb"},"inLanguage":"es","potentialAction":[{"@type":"ReadAction","target":["https:\/\/cvinoticias.com\/v3\/bundziak-fue-5-en-la-final-de-la-11-fecha-del-tc-mouras\/"]}]},{"@type":"ImageObject","inLanguage":"es","@id":"https:\/\/cvinoticias.com\/v3\/bundziak-fue-5-en-la-final-de-la-11-fecha-del-tc-mouras\/#primaryimage","url":"https:\/\/cvinoticias.com\/wp-content\/uploads\/2021\/08\/FB_IMG_1629064238421.jpg","contentUrl":"https:\/\/cvinoticias.com\/wp-content\/uploads\/2021\/08\/FB_IMG_1629064238421.jpg","width":1080,"height":684},{"@type":"BreadcrumbList","@id":"https:\/\/cvinoticias.com\/v3\/bundziak-fue-5-en-la-final-de-la-11-fecha-del-tc-mouras\/#breadcrumb","itemListElement":[{"@type":"ListItem","position":1,"name":"Portada","item":"https:\/\/cvinoticias.com\/v3\/"},{"@type":"ListItem","position":2,"name":"Bundziak fue 5\u00b0 en la final de la 11\u00b0 fecha del TC Mouras"}]},{"@type":"WebSite","@id":"https:\/\/cvinoticias.com\/v3\/#website","url":"https:\/\/cvinoticias.com\/v3\/","name":"CVI NOTICIAS","description":"","publisher":{"@id":"https:\/\/cvinoticias.com\/v3\/#organization"},"alternateName":"CVI","potentialAction":[{"@type":"SearchAction","target":{"@type":"EntryPoint","urlTemplate":"https:\/\/cvinoticias.com\/v3\/?s={search_term_string}"},"query-input":{"@type":"PropertyValueSpecification","valueRequired":true,"valueName":"search_term_string"}}],"inLanguage":"es"},{"@type":"Organization","@id":"https:\/\/cvinoticias.com\/v3\/#organization","name":"CVI NOTICIAS","url":"https:\/\/cvinoticias.com\/v3\/","logo":{"@type":"ImageObject","inLanguage":"es","@id":"https:\/\/cvinoticias.com\/v3\/#\/schema\/logo\/image\/","url":"https:\/\/cvinoticias.com\/wp-content\/uploads\/2023\/04\/cropped-cropped-cropped-cropped-cropped-3-1.png","contentUrl":"https:\/\/cvinoticias.com\/wp-content\/uploads\/2023\/04\/cropped-cropped-cropped-cropped-cropped-3-1.png","width":95,"height":122,"caption":"CVI NOTICIAS"},"image":{"@id":"https:\/\/cvinoticias.com\/v3\/#\/schema\/logo\/image\/"},"sameAs":["https:\/\/www.facebook.com\/cvinoticias","https:\/\/www.instagram.com\/cvinoticias\/","https:\/\/www.youtube.com\/@CVINOTICIAS"]},{"@type":"Person","@id":"https:\/\/cvinoticias.com\/v3\/#\/schema\/person\/2db77e3c6bc03c538495d7b2b8be9b66","name":"f1000024","image":{"@type":"ImageObject","inLanguage":"es","@id":"https:\/\/secure.gravatar.com\/avatar\/d4fe7459cfc51ff5129ce1a732bbef5928568b8092d412ef95611616376bbeed?s=96&d=mm&r=g","url":"https:\/\/secure.gravatar.com\/avatar\/d4fe7459cfc51ff5129ce1a732bbef5928568b8092d412ef95611616376bbeed?s=96&d=mm&r=g","contentUrl":"https:\/\/secure.gravatar.com\/avatar\/d4fe7459cfc51ff5129ce1a732bbef5928568b8092d412ef95611616376bbeed?s=96&d=mm&r=g","caption":"f1000024"},"url":"https:\/\/cvinoticias.com\/v3\/author\/f1000024\/"}]}},"_links":{"self":[{"href":"https:\/\/cvinoticias.com\/v3\/wp-json\/wp\/v2\/posts\/7626","targetHints":{"allow":["GET"]}}],"collection":[{"href":"https:\/\/cvinoticias.com\/v3\/wp-json\/wp\/v2\/posts"}],"about":[{"href":"https:\/\/cvinoticias.com\/v3\/wp-json\/wp\/v2\/types\/post"}],"author":[{"embeddable":true,"href":"https:\/\/cvinoticias.com\/v3\/wp-json\/wp\/v2\/users\/2"}],"replies":[{"embeddable":true,"href":"https:\/\/cvinoticias.com\/v3\/wp-json\/wp\/v2\/comments?post=7626"}],"version-history":[{"count":1,"href":"https:\/\/cvinoticias.com\/v3\/wp-json\/wp\/v2\/posts\/7626\/revisions"}],"predecessor-version":[{"id":7628,"href":"https:\/\/cvinoticias.com\/v3\/wp-json\/wp\/v2\/posts\/7626\/revisions\/7628"}],"wp:featuredmedia":[{"embeddable":true,"href":"https:\/\/cvinoticias.com\/v3\/wp-json\/wp\/v2\/media\/7627"}],"wp:attachment":[{"href":"https:\/\/cvinoticias.com\/v3\/wp-json\/wp\/v2\/media?parent=7626"}],"wp:term":[{"taxonomy":"category","embeddable":true,"href":"https:\/\/cvinoticias.com\/v3\/wp-json\/wp\/v2\/categories?post=7626"},{"taxonomy":"post_tag","embeddable":true,"href":"https:\/\/cvinoticias.com\/v3\/wp-json\/wp\/v2\/tags?post=7626"}],"curies":[{"name":"wp","href":"https:\/\/api.w.org\/{rel}","templated":true}]}}