{"id":7623,"date":"2021-08-15T20:55:35","date_gmt":"2021-08-15T20:55:35","guid":{"rendered":"https:\/\/cvinoticias.com\/v3\/?p=7623"},"modified":"2021-08-15T20:55:35","modified_gmt":"2021-08-15T20:55:35","slug":"investigan-el-homicidio-de-un-hombre-en-montecarlo-y-hay-una-mujer-detenida","status":"publish","type":"post","link":"https:\/\/cvinoticias.com\/v3\/investigan-el-homicidio-de-un-hombre-en-montecarlo-y-hay-una-mujer-detenida\/","title":{"rendered":"Investigan el homicidio de un hombre en Montecarlo y hay una mujer detenida"},"content":{"rendered":"\n<p><strong><em>La v\u00edctima fatal fue identificada como Rafael Olivera de 70 a\u00f1os. El mismo, fue hallado sin vida esta ma\u00f1ana en su domicilio del barrio Henter con heridas y lesiones en distintas partes del cuerpo.<\/em><\/strong><\/p>\n\n\n\n<p>El personal de la Comisar\u00eda de Montecarlo fue alertado v\u00eda telef\u00f3nica por una vecina del citado barrio, quien afirm\u00f3 que el hombre estaba en su domicilio sin aparentes signos vitales. Por ello, una comisi\u00f3n de esta dependencia junto a la divisi\u00f3n Comando Radioel\u00e9ctrico local, se dirigi\u00f3 al lugar y constat\u00f3 la veracidad de lo ocurrido.<\/p>\n\n\n\n<p>En ese contexto, el hijo de Rafael declar\u00f3 que su padre se encontraba hasta altas horas de anoche en la morada, en compa\u00f1\u00eda de una mujer que reside en el barrio Horizonte.<\/p>\n\n\n\n<p>Horas despu\u00e9s, los polic\u00edas fueron hasta el domicilio de la sospechosa de 50 a\u00f1os que fue detenida. Por otro lado, seg\u00fan los resultados del ex\u00e1men m\u00e9dico policial, el cuerpo presentaba mordedura en brazo y herida punzopenetrante del antebrazo derecho a causa de un clavo, hematoma en zona oxipital, traumatismo nasal y p\u00e9rdida de pulplejo del primer dedo de la mano derecha.<\/p>\n\n\n\n<p>Interviene en el caso el Juzgado de Instrucci\u00f3n N\u00b02 de Eldorado, quien dispuso el traslado del cuerpo a la Morgue Judicial de Posadas para que se le realice la correspondiente autopsia. Efectivos de la divisi\u00f3n Polic\u00eda Cient\u00edfica de la Unidad Regional III realizaron las pericias en el lugar del hecho.<\/p>\n","protected":false},"excerpt":{"rendered":"<p>La v\u00edctima fatal fue identificada como Rafael Olivera de 70 a\u00f1os. El mismo, fue hallado sin vida esta ma\u00f1ana en su domicilio del barrio Henter con heridas y lesiones en distintas partes del cuerpo. El personal de la Comisar\u00eda de Montecarlo fue alertado v\u00eda telef\u00f3nica por una vecina del citado barrio, quien afirm\u00f3 que el [&hellip;]<\/p>\n","protected":false},"author":2,"featured_media":7624,"comment_status":"open","ping_status":"open","sticky":false,"template":"","format":"standard","meta":{"footnotes":""},"categories":[41],"tags":[],"class_list":["post-7623","post","type-post","status-publish","format-standard","has-post-thumbnail","hentry","category-policiales"],"yoast_head":"<!-- This site is optimized with the Yoast SEO plugin v27.4 - https:\/\/yoast.com\/product\/yoast-seo-wordpress\/ -->\n<title>Investigan el homicidio de un hombre en Montecarlo y hay una mujer detenida | CVI NOTICIAS<\/title>\n<meta name=\"robots\" content=\"index, follow, max-snippet:-1, max-image-preview:large, max-video-preview:-1\" \/>\n<link rel=\"canonical\" href=\"https:\/\/cvinoticias.com\/v3\/investigan-el-homicidio-de-un-hombre-en-montecarlo-y-hay-una-mujer-detenida\/\" \/>\n<meta property=\"og:locale\" content=\"es_ES\" \/>\n<meta property=\"og:type\" content=\"article\" \/>\n<meta property=\"og:title\" content=\"Investigan el homicidio de un hombre en Montecarlo y hay una mujer detenida | CVI NOTICIAS\" \/>\n<meta property=\"og:description\" content=\"La v\u00edctima fatal fue identificada como Rafael Olivera de 70 a\u00f1os. El mismo, fue hallado sin vida esta ma\u00f1ana en su domicilio del barrio Henter con heridas y lesiones en distintas partes del cuerpo. El personal de la Comisar\u00eda de Montecarlo fue alertado v\u00eda telef\u00f3nica por una vecina del citado barrio, quien afirm\u00f3 que el [&hellip;]\" \/>\n<meta property=\"og:url\" content=\"https:\/\/cvinoticias.com\/v3\/investigan-el-homicidio-de-un-hombre-en-montecarlo-y-hay-una-mujer-detenida\/\" \/>\n<meta property=\"og:site_name\" content=\"CVI NOTICIAS\" \/>\n<meta property=\"article:publisher\" content=\"https:\/\/www.facebook.com\/cvinoticias\" \/>\n<meta property=\"article:published_time\" content=\"2021-08-15T20:55:35+00:00\" \/>\n<meta property=\"og:image\" content=\"https:\/\/cvinoticias.com\/wp-content\/uploads\/2021\/08\/IMG-20210815-WA0217.jpg\" \/>\n\t<meta property=\"og:image:width\" content=\"1280\" \/>\n\t<meta property=\"og:image:height\" content=\"720\" \/>\n\t<meta property=\"og:image:type\" content=\"image\/jpeg\" \/>\n<meta name=\"author\" content=\"f1000024\" \/>\n<meta name=\"twitter:card\" content=\"summary_large_image\" \/>\n<meta name=\"twitter:label1\" content=\"Escrito por\" \/>\n\t<meta name=\"twitter:data1\" content=\"f1000024\" \/>\n\t<meta name=\"twitter:label2\" content=\"Tiempo de lectura\" \/>\n\t<meta name=\"twitter:data2\" content=\"1 minuto\" \/>\n<script type=\"application\/ld+json\" class=\"yoast-schema-graph\">{\"@context\":\"https:\\\/\\\/schema.org\",\"@graph\":[{\"@type\":\"Article\",\"@id\":\"https:\\\/\\\/cvinoticias.com\\\/v3\\\/investigan-el-homicidio-de-un-hombre-en-montecarlo-y-hay-una-mujer-detenida\\\/#article\",\"isPartOf\":{\"@id\":\"https:\\\/\\\/cvinoticias.com\\\/v3\\\/investigan-el-homicidio-de-un-hombre-en-montecarlo-y-hay-una-mujer-detenida\\\/\"},\"author\":{\"name\":\"f1000024\",\"@id\":\"https:\\\/\\\/cvinoticias.com\\\/v3\\\/#\\\/schema\\\/person\\\/2db77e3c6bc03c538495d7b2b8be9b66\"},\"headline\":\"Investigan el homicidio de un hombre en Montecarlo y hay una mujer detenida\",\"datePublished\":\"2021-08-15T20:55:35+00:00\",\"mainEntityOfPage\":{\"@id\":\"https:\\\/\\\/cvinoticias.com\\\/v3\\\/investigan-el-homicidio-de-un-hombre-en-montecarlo-y-hay-una-mujer-detenida\\\/\"},\"wordCount\":264,\"commentCount\":0,\"publisher\":{\"@id\":\"https:\\\/\\\/cvinoticias.com\\\/v3\\\/#organization\"},\"image\":{\"@id\":\"https:\\\/\\\/cvinoticias.com\\\/v3\\\/investigan-el-homicidio-de-un-hombre-en-montecarlo-y-hay-una-mujer-detenida\\\/#primaryimage\"},\"thumbnailUrl\":\"https:\\\/\\\/cvinoticias.com\\\/wp-content\\\/uploads\\\/2021\\\/08\\\/IMG-20210815-WA0217.jpg\",\"articleSection\":[\"Policiales\"],\"inLanguage\":\"es\",\"potentialAction\":[{\"@type\":\"CommentAction\",\"name\":\"Comment\",\"target\":[\"https:\\\/\\\/cvinoticias.com\\\/v3\\\/investigan-el-homicidio-de-un-hombre-en-montecarlo-y-hay-una-mujer-detenida\\\/#respond\"]}]},{\"@type\":\"WebPage\",\"@id\":\"https:\\\/\\\/cvinoticias.com\\\/v3\\\/investigan-el-homicidio-de-un-hombre-en-montecarlo-y-hay-una-mujer-detenida\\\/\",\"url\":\"https:\\\/\\\/cvinoticias.com\\\/v3\\\/investigan-el-homicidio-de-un-hombre-en-montecarlo-y-hay-una-mujer-detenida\\\/\",\"name\":\"Investigan el homicidio de un hombre en Montecarlo y hay una mujer detenida | CVI NOTICIAS\",\"isPartOf\":{\"@id\":\"https:\\\/\\\/cvinoticias.com\\\/v3\\\/#website\"},\"primaryImageOfPage\":{\"@id\":\"https:\\\/\\\/cvinoticias.com\\\/v3\\\/investigan-el-homicidio-de-un-hombre-en-montecarlo-y-hay-una-mujer-detenida\\\/#primaryimage\"},\"image\":{\"@id\":\"https:\\\/\\\/cvinoticias.com\\\/v3\\\/investigan-el-homicidio-de-un-hombre-en-montecarlo-y-hay-una-mujer-detenida\\\/#primaryimage\"},\"thumbnailUrl\":\"https:\\\/\\\/cvinoticias.com\\\/wp-content\\\/uploads\\\/2021\\\/08\\\/IMG-20210815-WA0217.jpg\",\"datePublished\":\"2021-08-15T20:55:35+00:00\",\"breadcrumb\":{\"@id\":\"https:\\\/\\\/cvinoticias.com\\\/v3\\\/investigan-el-homicidio-de-un-hombre-en-montecarlo-y-hay-una-mujer-detenida\\\/#breadcrumb\"},\"inLanguage\":\"es\",\"potentialAction\":[{\"@type\":\"ReadAction\",\"target\":[\"https:\\\/\\\/cvinoticias.com\\\/v3\\\/investigan-el-homicidio-de-un-hombre-en-montecarlo-y-hay-una-mujer-detenida\\\/\"]}]},{\"@type\":\"ImageObject\",\"inLanguage\":\"es\",\"@id\":\"https:\\\/\\\/cvinoticias.com\\\/v3\\\/investigan-el-homicidio-de-un-hombre-en-montecarlo-y-hay-una-mujer-detenida\\\/#primaryimage\",\"url\":\"https:\\\/\\\/cvinoticias.com\\\/wp-content\\\/uploads\\\/2021\\\/08\\\/IMG-20210815-WA0217.jpg\",\"contentUrl\":\"https:\\\/\\\/cvinoticias.com\\\/wp-content\\\/uploads\\\/2021\\\/08\\\/IMG-20210815-WA0217.jpg\",\"width\":1280,\"height\":720},{\"@type\":\"BreadcrumbList\",\"@id\":\"https:\\\/\\\/cvinoticias.com\\\/v3\\\/investigan-el-homicidio-de-un-hombre-en-montecarlo-y-hay-una-mujer-detenida\\\/#breadcrumb\",\"itemListElement\":[{\"@type\":\"ListItem\",\"position\":1,\"name\":\"Portada\",\"item\":\"https:\\\/\\\/cvinoticias.com\\\/v3\\\/\"},{\"@type\":\"ListItem\",\"position\":2,\"name\":\"Investigan el homicidio de un hombre en Montecarlo y hay una mujer detenida\"}]},{\"@type\":\"WebSite\",\"@id\":\"https:\\\/\\\/cvinoticias.com\\\/v3\\\/#website\",\"url\":\"https:\\\/\\\/cvinoticias.com\\\/v3\\\/\",\"name\":\"CVI NOTICIAS\",\"description\":\"\",\"publisher\":{\"@id\":\"https:\\\/\\\/cvinoticias.com\\\/v3\\\/#organization\"},\"alternateName\":\"CVI\",\"potentialAction\":[{\"@type\":\"SearchAction\",\"target\":{\"@type\":\"EntryPoint\",\"urlTemplate\":\"https:\\\/\\\/cvinoticias.com\\\/v3\\\/?s={search_term_string}\"},\"query-input\":{\"@type\":\"PropertyValueSpecification\",\"valueRequired\":true,\"valueName\":\"search_term_string\"}}],\"inLanguage\":\"es\"},{\"@type\":\"Organization\",\"@id\":\"https:\\\/\\\/cvinoticias.com\\\/v3\\\/#organization\",\"name\":\"CVI NOTICIAS\",\"url\":\"https:\\\/\\\/cvinoticias.com\\\/v3\\\/\",\"logo\":{\"@type\":\"ImageObject\",\"inLanguage\":\"es\",\"@id\":\"https:\\\/\\\/cvinoticias.com\\\/v3\\\/#\\\/schema\\\/logo\\\/image\\\/\",\"url\":\"https:\\\/\\\/cvinoticias.com\\\/wp-content\\\/uploads\\\/2023\\\/04\\\/cropped-cropped-cropped-cropped-cropped-3-1.png\",\"contentUrl\":\"https:\\\/\\\/cvinoticias.com\\\/wp-content\\\/uploads\\\/2023\\\/04\\\/cropped-cropped-cropped-cropped-cropped-3-1.png\",\"width\":95,\"height\":122,\"caption\":\"CVI NOTICIAS\"},\"image\":{\"@id\":\"https:\\\/\\\/cvinoticias.com\\\/v3\\\/#\\\/schema\\\/logo\\\/image\\\/\"},\"sameAs\":[\"https:\\\/\\\/www.facebook.com\\\/cvinoticias\",\"https:\\\/\\\/www.instagram.com\\\/cvinoticias\\\/\",\"https:\\\/\\\/www.youtube.com\\\/@CVINOTICIAS\"]},{\"@type\":\"Person\",\"@id\":\"https:\\\/\\\/cvinoticias.com\\\/v3\\\/#\\\/schema\\\/person\\\/2db77e3c6bc03c538495d7b2b8be9b66\",\"name\":\"f1000024\",\"image\":{\"@type\":\"ImageObject\",\"inLanguage\":\"es\",\"@id\":\"https:\\\/\\\/secure.gravatar.com\\\/avatar\\\/d4fe7459cfc51ff5129ce1a732bbef5928568b8092d412ef95611616376bbeed?s=96&d=mm&r=g\",\"url\":\"https:\\\/\\\/secure.gravatar.com\\\/avatar\\\/d4fe7459cfc51ff5129ce1a732bbef5928568b8092d412ef95611616376bbeed?s=96&d=mm&r=g\",\"contentUrl\":\"https:\\\/\\\/secure.gravatar.com\\\/avatar\\\/d4fe7459cfc51ff5129ce1a732bbef5928568b8092d412ef95611616376bbeed?s=96&d=mm&r=g\",\"caption\":\"f1000024\"},\"url\":\"https:\\\/\\\/cvinoticias.com\\\/v3\\\/author\\\/f1000024\\\/\"}]}<\/script>\n<!-- \/ Yoast SEO plugin. -->","yoast_head_json":{"title":"Investigan el homicidio de un hombre en Montecarlo y hay una mujer detenida | CVI NOTICIAS","robots":{"index":"index","follow":"follow","max-snippet":"max-snippet:-1","max-image-preview":"max-image-preview:large","max-video-preview":"max-video-preview:-1"},"canonical":"https:\/\/cvinoticias.com\/v3\/investigan-el-homicidio-de-un-hombre-en-montecarlo-y-hay-una-mujer-detenida\/","og_locale":"es_ES","og_type":"article","og_title":"Investigan el homicidio de un hombre en Montecarlo y hay una mujer detenida | CVI NOTICIAS","og_description":"La v\u00edctima fatal fue identificada como Rafael Olivera de 70 a\u00f1os. El mismo, fue hallado sin vida esta ma\u00f1ana en su domicilio del barrio Henter con heridas y lesiones en distintas partes del cuerpo. El personal de la Comisar\u00eda de Montecarlo fue alertado v\u00eda telef\u00f3nica por una vecina del citado barrio, quien afirm\u00f3 que el [&hellip;]","og_url":"https:\/\/cvinoticias.com\/v3\/investigan-el-homicidio-de-un-hombre-en-montecarlo-y-hay-una-mujer-detenida\/","og_site_name":"CVI NOTICIAS","article_publisher":"https:\/\/www.facebook.com\/cvinoticias","article_published_time":"2021-08-15T20:55:35+00:00","og_image":[{"width":1280,"height":720,"url":"https:\/\/cvinoticias.com\/wp-content\/uploads\/2021\/08\/IMG-20210815-WA0217.jpg","type":"image\/jpeg"}],"author":"f1000024","twitter_card":"summary_large_image","twitter_misc":{"Escrito por":"f1000024","Tiempo de lectura":"1 minuto"},"schema":{"@context":"https:\/\/schema.org","@graph":[{"@type":"Article","@id":"https:\/\/cvinoticias.com\/v3\/investigan-el-homicidio-de-un-hombre-en-montecarlo-y-hay-una-mujer-detenida\/#article","isPartOf":{"@id":"https:\/\/cvinoticias.com\/v3\/investigan-el-homicidio-de-un-hombre-en-montecarlo-y-hay-una-mujer-detenida\/"},"author":{"name":"f1000024","@id":"https:\/\/cvinoticias.com\/v3\/#\/schema\/person\/2db77e3c6bc03c538495d7b2b8be9b66"},"headline":"Investigan el homicidio de un hombre en Montecarlo y hay una mujer detenida","datePublished":"2021-08-15T20:55:35+00:00","mainEntityOfPage":{"@id":"https:\/\/cvinoticias.com\/v3\/investigan-el-homicidio-de-un-hombre-en-montecarlo-y-hay-una-mujer-detenida\/"},"wordCount":264,"commentCount":0,"publisher":{"@id":"https:\/\/cvinoticias.com\/v3\/#organization"},"image":{"@id":"https:\/\/cvinoticias.com\/v3\/investigan-el-homicidio-de-un-hombre-en-montecarlo-y-hay-una-mujer-detenida\/#primaryimage"},"thumbnailUrl":"https:\/\/cvinoticias.com\/wp-content\/uploads\/2021\/08\/IMG-20210815-WA0217.jpg","articleSection":["Policiales"],"inLanguage":"es","potentialAction":[{"@type":"CommentAction","name":"Comment","target":["https:\/\/cvinoticias.com\/v3\/investigan-el-homicidio-de-un-hombre-en-montecarlo-y-hay-una-mujer-detenida\/#respond"]}]},{"@type":"WebPage","@id":"https:\/\/cvinoticias.com\/v3\/investigan-el-homicidio-de-un-hombre-en-montecarlo-y-hay-una-mujer-detenida\/","url":"https:\/\/cvinoticias.com\/v3\/investigan-el-homicidio-de-un-hombre-en-montecarlo-y-hay-una-mujer-detenida\/","name":"Investigan el homicidio de un hombre en Montecarlo y hay una mujer detenida | CVI NOTICIAS","isPartOf":{"@id":"https:\/\/cvinoticias.com\/v3\/#website"},"primaryImageOfPage":{"@id":"https:\/\/cvinoticias.com\/v3\/investigan-el-homicidio-de-un-hombre-en-montecarlo-y-hay-una-mujer-detenida\/#primaryimage"},"image":{"@id":"https:\/\/cvinoticias.com\/v3\/investigan-el-homicidio-de-un-hombre-en-montecarlo-y-hay-una-mujer-detenida\/#primaryimage"},"thumbnailUrl":"https:\/\/cvinoticias.com\/wp-content\/uploads\/2021\/08\/IMG-20210815-WA0217.jpg","datePublished":"2021-08-15T20:55:35+00:00","breadcrumb":{"@id":"https:\/\/cvinoticias.com\/v3\/investigan-el-homicidio-de-un-hombre-en-montecarlo-y-hay-una-mujer-detenida\/#breadcrumb"},"inLanguage":"es","potentialAction":[{"@type":"ReadAction","target":["https:\/\/cvinoticias.com\/v3\/investigan-el-homicidio-de-un-hombre-en-montecarlo-y-hay-una-mujer-detenida\/"]}]},{"@type":"ImageObject","inLanguage":"es","@id":"https:\/\/cvinoticias.com\/v3\/investigan-el-homicidio-de-un-hombre-en-montecarlo-y-hay-una-mujer-detenida\/#primaryimage","url":"https:\/\/cvinoticias.com\/wp-content\/uploads\/2021\/08\/IMG-20210815-WA0217.jpg","contentUrl":"https:\/\/cvinoticias.com\/wp-content\/uploads\/2021\/08\/IMG-20210815-WA0217.jpg","width":1280,"height":720},{"@type":"BreadcrumbList","@id":"https:\/\/cvinoticias.com\/v3\/investigan-el-homicidio-de-un-hombre-en-montecarlo-y-hay-una-mujer-detenida\/#breadcrumb","itemListElement":[{"@type":"ListItem","position":1,"name":"Portada","item":"https:\/\/cvinoticias.com\/v3\/"},{"@type":"ListItem","position":2,"name":"Investigan el homicidio de un hombre en Montecarlo y hay una mujer detenida"}]},{"@type":"WebSite","@id":"https:\/\/cvinoticias.com\/v3\/#website","url":"https:\/\/cvinoticias.com\/v3\/","name":"CVI NOTICIAS","description":"","publisher":{"@id":"https:\/\/cvinoticias.com\/v3\/#organization"},"alternateName":"CVI","potentialAction":[{"@type":"SearchAction","target":{"@type":"EntryPoint","urlTemplate":"https:\/\/cvinoticias.com\/v3\/?s={search_term_string}"},"query-input":{"@type":"PropertyValueSpecification","valueRequired":true,"valueName":"search_term_string"}}],"inLanguage":"es"},{"@type":"Organization","@id":"https:\/\/cvinoticias.com\/v3\/#organization","name":"CVI NOTICIAS","url":"https:\/\/cvinoticias.com\/v3\/","logo":{"@type":"ImageObject","inLanguage":"es","@id":"https:\/\/cvinoticias.com\/v3\/#\/schema\/logo\/image\/","url":"https:\/\/cvinoticias.com\/wp-content\/uploads\/2023\/04\/cropped-cropped-cropped-cropped-cropped-3-1.png","contentUrl":"https:\/\/cvinoticias.com\/wp-content\/uploads\/2023\/04\/cropped-cropped-cropped-cropped-cropped-3-1.png","width":95,"height":122,"caption":"CVI NOTICIAS"},"image":{"@id":"https:\/\/cvinoticias.com\/v3\/#\/schema\/logo\/image\/"},"sameAs":["https:\/\/www.facebook.com\/cvinoticias","https:\/\/www.instagram.com\/cvinoticias\/","https:\/\/www.youtube.com\/@CVINOTICIAS"]},{"@type":"Person","@id":"https:\/\/cvinoticias.com\/v3\/#\/schema\/person\/2db77e3c6bc03c538495d7b2b8be9b66","name":"f1000024","image":{"@type":"ImageObject","inLanguage":"es","@id":"https:\/\/secure.gravatar.com\/avatar\/d4fe7459cfc51ff5129ce1a732bbef5928568b8092d412ef95611616376bbeed?s=96&d=mm&r=g","url":"https:\/\/secure.gravatar.com\/avatar\/d4fe7459cfc51ff5129ce1a732bbef5928568b8092d412ef95611616376bbeed?s=96&d=mm&r=g","contentUrl":"https:\/\/secure.gravatar.com\/avatar\/d4fe7459cfc51ff5129ce1a732bbef5928568b8092d412ef95611616376bbeed?s=96&d=mm&r=g","caption":"f1000024"},"url":"https:\/\/cvinoticias.com\/v3\/author\/f1000024\/"}]}},"_links":{"self":[{"href":"https:\/\/cvinoticias.com\/v3\/wp-json\/wp\/v2\/posts\/7623","targetHints":{"allow":["GET"]}}],"collection":[{"href":"https:\/\/cvinoticias.com\/v3\/wp-json\/wp\/v2\/posts"}],"about":[{"href":"https:\/\/cvinoticias.com\/v3\/wp-json\/wp\/v2\/types\/post"}],"author":[{"embeddable":true,"href":"https:\/\/cvinoticias.com\/v3\/wp-json\/wp\/v2\/users\/2"}],"replies":[{"embeddable":true,"href":"https:\/\/cvinoticias.com\/v3\/wp-json\/wp\/v2\/comments?post=7623"}],"version-history":[{"count":1,"href":"https:\/\/cvinoticias.com\/v3\/wp-json\/wp\/v2\/posts\/7623\/revisions"}],"predecessor-version":[{"id":7625,"href":"https:\/\/cvinoticias.com\/v3\/wp-json\/wp\/v2\/posts\/7623\/revisions\/7625"}],"wp:featuredmedia":[{"embeddable":true,"href":"https:\/\/cvinoticias.com\/v3\/wp-json\/wp\/v2\/media\/7624"}],"wp:attachment":[{"href":"https:\/\/cvinoticias.com\/v3\/wp-json\/wp\/v2\/media?parent=7623"}],"wp:term":[{"taxonomy":"category","embeddable":true,"href":"https:\/\/cvinoticias.com\/v3\/wp-json\/wp\/v2\/categories?post=7623"},{"taxonomy":"post_tag","embeddable":true,"href":"https:\/\/cvinoticias.com\/v3\/wp-json\/wp\/v2\/tags?post=7623"}],"curies":[{"name":"wp","href":"https:\/\/api.w.org\/{rel}","templated":true}]}}