{"id":7609,"date":"2021-08-15T16:59:24","date_gmt":"2021-08-15T16:59:24","guid":{"rendered":"https:\/\/cvinoticias.com\/v3\/?p=7609"},"modified":"2021-08-15T17:00:45","modified_gmt":"2021-08-15T17:00:45","slug":"se-realizo-la-xxxiv-peregrinacion-al-santuario-de-santa-maria-del-yguazu","status":"publish","type":"post","link":"https:\/\/cvinoticias.com\/v3\/se-realizo-la-xxxiv-peregrinacion-al-santuario-de-santa-maria-del-yguazu\/","title":{"rendered":"Se realiz\u00f3 la XXXIV peregrinaci\u00f3n al Santuario de Santa Mar\u00eda del Yguaz\u00fa"},"content":{"rendered":"\n<p><strong><em>Este a\u00f1o, el Gesto de Peregrinaci\u00f3n tuvo como lema \u00abJos\u00e9 lev\u00e1ntate, toma al Ni\u00f1o y a su Madre\u00bb parti\u00f3 desde Puerto Leoni y a lo largo de la jornada\u00a0 fue recorriendo distintas comunidades de nuestra Di\u00f3cesis, hasta llegar aproximadamente a las 18:30 hs, a su hogar el Santuario Di\u00f3cesano Santa Mar\u00eda del Yguaz\u00fa.<\/em><\/strong><\/p>\n\n\n\n<figure class=\"wp-block-image size-large\"><a href=\"https:\/\/cvinoticias.com\/wp-content\/uploads\/2021\/08\/PicsArt_08-15-01.41.31-1-scaled.jpg\"><img decoding=\"async\" width=\"923\" height=\"1024\" data-src=\"https:\/\/cvinoticias.com\/wp-content\/uploads\/2021\/08\/PicsArt_08-15-01.41.31-1-923x1024.jpg\" alt=\"\" class=\"wp-image-7611 lazyload\" data-srcset=\"https:\/\/cvinoticias.com\/wp-content\/uploads\/2021\/08\/PicsArt_08-15-01.41.31-1-923x1024.jpg 923w, https:\/\/cvinoticias.com\/wp-content\/uploads\/2021\/08\/PicsArt_08-15-01.41.31-1-270x300.jpg 270w, https:\/\/cvinoticias.com\/wp-content\/uploads\/2021\/08\/PicsArt_08-15-01.41.31-1-768x852.jpg 768w, https:\/\/cvinoticias.com\/wp-content\/uploads\/2021\/08\/PicsArt_08-15-01.41.31-1-1385x1536.jpg 1385w, https:\/\/cvinoticias.com\/wp-content\/uploads\/2021\/08\/PicsArt_08-15-01.41.31-1-1846x2048.jpg 1846w\" data-sizes=\"(max-width: 923px) 100vw, 923px\" src=\"data:image\/svg+xml;base64,PHN2ZyB3aWR0aD0iMSIgaGVpZ2h0PSIxIiB4bWxucz0iaHR0cDovL3d3dy53My5vcmcvMjAwMC9zdmciPjwvc3ZnPg==\" style=\"--smush-placeholder-width: 923px; --smush-placeholder-aspect-ratio: 923\/1024;\" \/><\/a><\/figure>\n\n\n\n<p>En el Santuario, la imagen peregrina, fue recibida por el Obispo Nicol\u00e1s Baisi, j\u00f3venes de la comunidad de San Isidro Labrador, feligreses de distintas parroquias de Iguaz\u00fa, sacerdotes, religiosas, seminaristas y el grupo de C\u00e1ritas Diocesana.<\/p>\n\n\n\n<p>Luego de recibir la imagen peregrina el Obispo Nicol\u00e1s Baisi encabez\u00f3 la Santa Misa en la v\u00edspera de este d\u00eda 15 de agosto. Al finalizar se procedi\u00f3 a salir en caravana junto a la imagen de Santa Mar\u00eda del Yguaz\u00fa por la ciudad de Iguaz\u00fa haciendo una primer parada en la Catedral Virgen del Carmen y continuando hasta el Hito de las Tres Fronteras donde se realiz\u00f3 una \u00faltima parada elevando una oraci\u00f3n por toda la comunidad iguazuense, la di\u00f3cesis, los turistas presentes y los que vendr\u00e1n. Al finalizar la caravana emprendi\u00f3 el regreso hasta el Santuario Di\u00f3cesano donde los j\u00f3venes esperaban para continuar en Vigilia hasta las 00 hs.<\/p>\n\n\n\n<figure class=\"wp-block-image size-large\"><a href=\"https:\/\/cvinoticias.com\/wp-content\/uploads\/2021\/08\/PicsArt_08-15-01.43.38-scaled.jpg\"><img decoding=\"async\" width=\"605\" height=\"1024\" data-src=\"https:\/\/cvinoticias.com\/wp-content\/uploads\/2021\/08\/PicsArt_08-15-01.43.38-605x1024.jpg\" alt=\"\" class=\"wp-image-7612 lazyload\" data-srcset=\"https:\/\/cvinoticias.com\/wp-content\/uploads\/2021\/08\/PicsArt_08-15-01.43.38-605x1024.jpg 605w, https:\/\/cvinoticias.com\/wp-content\/uploads\/2021\/08\/PicsArt_08-15-01.43.38-177x300.jpg 177w, https:\/\/cvinoticias.com\/wp-content\/uploads\/2021\/08\/PicsArt_08-15-01.43.38-768x1301.jpg 768w, https:\/\/cvinoticias.com\/wp-content\/uploads\/2021\/08\/PicsArt_08-15-01.43.38-907x1536.jpg 907w, https:\/\/cvinoticias.com\/wp-content\/uploads\/2021\/08\/PicsArt_08-15-01.43.38-1209x2048.jpg 1209w, https:\/\/cvinoticias.com\/wp-content\/uploads\/2021\/08\/PicsArt_08-15-01.43.38-scaled.jpg 1511w\" data-sizes=\"(max-width: 605px) 100vw, 605px\" src=\"data:image\/svg+xml;base64,PHN2ZyB3aWR0aD0iMSIgaGVpZ2h0PSIxIiB4bWxucz0iaHR0cDovL3d3dy53My5vcmcvMjAwMC9zdmciPjwvc3ZnPg==\" style=\"--smush-placeholder-width: 605px; --smush-placeholder-aspect-ratio: 605\/1024;\" \/><\/a><\/figure>\n\n\n\n<p>Hoy domingo 15 de agosto, desde la Ermita Nuestra Se\u00f1ora de Luj\u00e1n,\u00a0 ubicada sobre Av.Papa Francisco, saldr\u00e1 la peregrinaci\u00f3n a las 14 hs hasta el Santuario donde a las 16 hs el obispo Baisi Nicol\u00e1s oficiara la Misa Central.<\/p>\n\n\n\n<figure class=\"wp-block-image size-large is-resized\"><a href=\"https:\/\/cvinoticias.com\/wp-content\/uploads\/2021\/08\/Screenshot_20210814-053136_Facebook.jpg\"><img decoding=\"async\" data-src=\"https:\/\/cvinoticias.com\/wp-content\/uploads\/2021\/08\/Screenshot_20210814-053136_Facebook-461x1024.jpg\" alt=\"\" class=\"wp-image-7613 lazyload\" width=\"637\" height=\"1416\" data-srcset=\"https:\/\/cvinoticias.com\/wp-content\/uploads\/2021\/08\/Screenshot_20210814-053136_Facebook-461x1024.jpg 461w, https:\/\/cvinoticias.com\/wp-content\/uploads\/2021\/08\/Screenshot_20210814-053136_Facebook-135x300.jpg 135w, https:\/\/cvinoticias.com\/wp-content\/uploads\/2021\/08\/Screenshot_20210814-053136_Facebook-768x1707.jpg 768w, https:\/\/cvinoticias.com\/wp-content\/uploads\/2021\/08\/Screenshot_20210814-053136_Facebook-691x1536.jpg 691w, https:\/\/cvinoticias.com\/wp-content\/uploads\/2021\/08\/Screenshot_20210814-053136_Facebook-922x2048.jpg 922w, https:\/\/cvinoticias.com\/wp-content\/uploads\/2021\/08\/Screenshot_20210814-053136_Facebook.jpg 1080w\" data-sizes=\"(max-width: 637px) 100vw, 637px\" src=\"data:image\/svg+xml;base64,PHN2ZyB3aWR0aD0iMSIgaGVpZ2h0PSIxIiB4bWxucz0iaHR0cDovL3d3dy53My5vcmcvMjAwMC9zdmciPjwvc3ZnPg==\" style=\"--smush-placeholder-width: 637px; --smush-placeholder-aspect-ratio: 637\/1416;\" \/><\/a><\/figure>\n\n\n\n<p><strong><em>Historia de la Santa Mar\u00eda del Yguaz\u00fa<\/em><\/strong><\/p>\n\n\n\n<p>Se sabe que en este lugar, muy cerca de las Cataratas del Iguaz\u00fa, existi\u00f3 un antiguo pueblo jesu\u00edtico, que se llam\u00f3 Santa Mar\u00eda del Yguaz\u00fa.<\/p>\n\n\n\n<p>Esta reducci\u00f3n fue fundada en 1626 por los padres Diego Boroa y Claudio Buyer. Los caciques Taup\u00e1 y Paraver\u00e1 llegaron a ser sus mejores colaboradores, trabajando en la edificaci\u00f3n del pueblo. Seg\u00fan el padre Techo, los guaran\u00edes que all\u00ed acudieron para hacerse cristianos fueron unos 8.600.<\/p>\n\n\n\n<p>No fueron pocas las dificultades que tuvieron que afrontar los misioneros, sobre todo a los comienzos, en que la pobreza era muy grande. No fue f\u00e1cil convencer a los abor\u00edgenes para que abandonasen el uso de la poligamia. Pero la mayor dificultad fue la persecuci\u00f3n de los blancos sobre todo de los mamelucos o bandeirantes, que ven\u00edan de San Pablo para llevarse a los indios como esclavos. Esta fue la raz\u00f3n que oblig\u00f3 a abandonar el primer asentamiento de la Misi\u00f3n, y a trasladarse m\u00e1s al sur, cerca del r\u00edo Uruguay, donde se encuentran hasta hoy las ruinas de Santa Mar\u00eda del Yguaz\u00fa.<\/p>\n\n\n\n<p>Era el a\u00f1o 1633 cuando tuvo lugar este \u00e9xodo. Cuando se intent\u00f3 rescatar de las cenizas el t\u00edtulo de Santa Mar\u00eda del Yguaz\u00fa, su imagen no exist\u00eda m\u00e1s. Por esto, en un primer momento se pens\u00f3 en encargar una talla, r\u00e9plica de alguna de estas antiguas im\u00e1genes jesu\u00edticas, del cl\u00e1sico barroco colonial. Pero parece que la Virgen no quiso que fuera as\u00ed. Tal vez porque, lo que hoy pretendemos no es exactamente reeditar lo que fue, sino crear algo nuevo, aunque en la l\u00ednea hist\u00f3rica de lo que fue. Por esto, y de un modo providencial, aparece esta imagen, que es una creaci\u00f3n art\u00edstica, de un estilo nuevo, original, pero sobre todo aut\u00f3ctona de profundas ra\u00edces en la tierra, como las del tronco de este \u00e1rbol misionero que se llama cancharana.<\/p>\n\n\n\n<p>Don Rodolfo Allou lo hab\u00eda tallado en 1980, inspir\u00e1ndose en la mujer pobre y campesina, que habita nuestras picadas. Mujer sufrida con su hijito en los brazos, que acuna y estrecha contra su pecho en actitud de mucha protecci\u00f3n. Sus manos no es que sean tan finas y femeninas, exactamente como las de la mujer del campo, que tiene que trabajar la chacra. Est\u00e1 parada, y tiene en sus brazos al Ni\u00f1o, para que todo se centre mejor en el misterio de su hijo Jes\u00fas.<\/p>\n\n\n\n<p>El rol de Mar\u00eda ser\u00e1 siempre llevar a Jes\u00fas. Ella, tan humilde, estuvo presente en el polideportivo el d\u00eda de la creaci\u00f3n de la Di\u00f3cesis. Casi nadie se dio cuenta. Y de all\u00ed volvi\u00f3 otra vez al Museo de D. Allou. Hasta que lleg\u00f3 su d\u00eda, por una serie de coincidencias providenciales. El obispo Pi\u00f1a quiso dedicarle la fiesta aniversario, el 16 de agosto de 1987, al cumplirse el primer a\u00f1o de la creaci\u00f3n de la di\u00f3cesis. Fue una hermosa fiesta, precedida de una Novena sobre la Iglesia y la Sant\u00edsima Virgen, que predic\u00f3 el obispo en la catedral y que los sacerdotes repitieron en sus respectivas parroquias. La noche anterior hubo una solemne Vigilia de J\u00f3venes. El d\u00eda 16 amaneci\u00f3 fr\u00edo y lluvioso, lo que no fue obst\u00e1culo para que se pudiera tener una hermosa Celebraci&amp;oacute;n, en la que acompa\u00f1aron al obispo diocesano, monse\u00f1or Joaqu\u00edn Pi\u00f1a, el obispo em\u00e9rito de Posadas, monse\u00f1or Jorge Kemerer y casi todos los sacerdotes y religiosas, rodeados de much\u00edsimos devotos de la Virgen, venidos de todos los rincones de la Di\u00f3cesis.<\/p>\n\n\n\n<figure class=\"wp-block-image size-large\"><a href=\"https:\/\/cvinoticias.com\/wp-content\/uploads\/2021\/08\/PicsArt_08-15-01.45.14-scaled.jpg\"><img decoding=\"async\" width=\"1024\" height=\"768\" data-src=\"https:\/\/cvinoticias.com\/wp-content\/uploads\/2021\/08\/PicsArt_08-15-01.45.14-1024x768.jpg\" alt=\"\" class=\"wp-image-7614 lazyload\" data-srcset=\"https:\/\/cvinoticias.com\/wp-content\/uploads\/2021\/08\/PicsArt_08-15-01.45.14-1024x768.jpg 1024w, https:\/\/cvinoticias.com\/wp-content\/uploads\/2021\/08\/PicsArt_08-15-01.45.14-300x225.jpg 300w, https:\/\/cvinoticias.com\/wp-content\/uploads\/2021\/08\/PicsArt_08-15-01.45.14-768x576.jpg 768w, https:\/\/cvinoticias.com\/wp-content\/uploads\/2021\/08\/PicsArt_08-15-01.45.14-1536x1152.jpg 1536w, https:\/\/cvinoticias.com\/wp-content\/uploads\/2021\/08\/PicsArt_08-15-01.45.14-2048x1536.jpg 2048w\" data-sizes=\"(max-width: 1024px) 100vw, 1024px\" src=\"data:image\/svg+xml;base64,PHN2ZyB3aWR0aD0iMSIgaGVpZ2h0PSIxIiB4bWxucz0iaHR0cDovL3d3dy53My5vcmcvMjAwMC9zdmciPjwvc3ZnPg==\" style=\"--smush-placeholder-width: 1024px; --smush-placeholder-aspect-ratio: 1024\/768;\" \/><\/a><\/figure>\n\n\n\n<figure class=\"wp-block-image size-large\"><a href=\"https:\/\/cvinoticias.com\/wp-content\/uploads\/2021\/08\/PicsArt_08-15-01.48.15.jpg\"><img decoding=\"async\" width=\"1024\" height=\"990\" data-src=\"https:\/\/cvinoticias.com\/wp-content\/uploads\/2021\/08\/PicsArt_08-15-01.48.15-1024x990.jpg\" alt=\"\" class=\"wp-image-7615 lazyload\" data-srcset=\"https:\/\/cvinoticias.com\/wp-content\/uploads\/2021\/08\/PicsArt_08-15-01.48.15-1024x990.jpg 1024w, https:\/\/cvinoticias.com\/wp-content\/uploads\/2021\/08\/PicsArt_08-15-01.48.15-300x290.jpg 300w, https:\/\/cvinoticias.com\/wp-content\/uploads\/2021\/08\/PicsArt_08-15-01.48.15-768x743.jpg 768w, https:\/\/cvinoticias.com\/wp-content\/uploads\/2021\/08\/PicsArt_08-15-01.48.15-1536x1485.jpg 1536w, https:\/\/cvinoticias.com\/wp-content\/uploads\/2021\/08\/PicsArt_08-15-01.48.15-2048x1981.jpg 2048w\" data-sizes=\"(max-width: 1024px) 100vw, 1024px\" src=\"data:image\/svg+xml;base64,PHN2ZyB3aWR0aD0iMSIgaGVpZ2h0PSIxIiB4bWxucz0iaHR0cDovL3d3dy53My5vcmcvMjAwMC9zdmciPjwvc3ZnPg==\" style=\"--smush-placeholder-width: 1024px; --smush-placeholder-aspect-ratio: 1024\/990;\" \/><\/a><\/figure>\n\n\n\n<figure class=\"wp-block-image size-large\"><a href=\"https:\/\/cvinoticias.com\/wp-content\/uploads\/2021\/08\/PicsArt_08-15-01.49.30-scaled.jpg\"><img decoding=\"async\" width=\"1024\" height=\"768\" data-src=\"https:\/\/cvinoticias.com\/wp-content\/uploads\/2021\/08\/PicsArt_08-15-01.49.30-1024x768.jpg\" alt=\"\" class=\"wp-image-7616 lazyload\" data-srcset=\"https:\/\/cvinoticias.com\/wp-content\/uploads\/2021\/08\/PicsArt_08-15-01.49.30-1024x768.jpg 1024w, https:\/\/cvinoticias.com\/wp-content\/uploads\/2021\/08\/PicsArt_08-15-01.49.30-300x225.jpg 300w, https:\/\/cvinoticias.com\/wp-content\/uploads\/2021\/08\/PicsArt_08-15-01.49.30-768x576.jpg 768w, https:\/\/cvinoticias.com\/wp-content\/uploads\/2021\/08\/PicsArt_08-15-01.49.30-1536x1152.jpg 1536w, https:\/\/cvinoticias.com\/wp-content\/uploads\/2021\/08\/PicsArt_08-15-01.49.30-2048x1536.jpg 2048w\" data-sizes=\"(max-width: 1024px) 100vw, 1024px\" src=\"data:image\/svg+xml;base64,PHN2ZyB3aWR0aD0iMSIgaGVpZ2h0PSIxIiB4bWxucz0iaHR0cDovL3d3dy53My5vcmcvMjAwMC9zdmciPjwvc3ZnPg==\" style=\"--smush-placeholder-width: 1024px; --smush-placeholder-aspect-ratio: 1024\/768;\" \/><\/a><\/figure>\n","protected":false},"excerpt":{"rendered":"<p>Este a\u00f1o, el Gesto de Peregrinaci\u00f3n tuvo como lema \u00abJos\u00e9 lev\u00e1ntate, toma al Ni\u00f1o y a su Madre\u00bb parti\u00f3 desde Puerto Leoni y a lo largo de la jornada\u00a0 fue recorriendo distintas comunidades de nuestra Di\u00f3cesis, hasta llegar aproximadamente a las 18:30 hs, a su hogar el Santuario Di\u00f3cesano Santa Mar\u00eda del Yguaz\u00fa. En el [&hellip;]<\/p>\n","protected":false},"author":2,"featured_media":7617,"comment_status":"open","ping_status":"open","sticky":false,"template":"","format":"standard","meta":{"footnotes":""},"categories":[44],"tags":[],"class_list":["post-7609","post","type-post","status-publish","format-standard","has-post-thumbnail","hentry","category-religion"],"yoast_head":"<!-- This site is optimized with the Yoast SEO plugin v27.4 - https:\/\/yoast.com\/product\/yoast-seo-wordpress\/ -->\n<title>Se realiz\u00f3 la XXXIV peregrinaci\u00f3n al Santuario de Santa Mar\u00eda del Yguaz\u00fa | CVI NOTICIAS<\/title>\n<meta name=\"robots\" content=\"index, follow, max-snippet:-1, max-image-preview:large, max-video-preview:-1\" \/>\n<link rel=\"canonical\" href=\"https:\/\/cvinoticias.com\/v3\/se-realizo-la-xxxiv-peregrinacion-al-santuario-de-santa-maria-del-yguazu\/\" \/>\n<meta property=\"og:locale\" content=\"es_ES\" \/>\n<meta property=\"og:type\" content=\"article\" \/>\n<meta property=\"og:title\" content=\"Se realiz\u00f3 la XXXIV peregrinaci\u00f3n al Santuario de Santa Mar\u00eda del Yguaz\u00fa | CVI NOTICIAS\" \/>\n<meta property=\"og:description\" content=\"Este a\u00f1o, el Gesto de Peregrinaci\u00f3n tuvo como lema \u00abJos\u00e9 lev\u00e1ntate, toma al Ni\u00f1o y a su Madre\u00bb parti\u00f3 desde Puerto Leoni y a lo largo de la jornada\u00a0 fue recorriendo distintas comunidades de nuestra Di\u00f3cesis, hasta llegar aproximadamente a las 18:30 hs, a su hogar el Santuario Di\u00f3cesano Santa Mar\u00eda del Yguaz\u00fa. En el [&hellip;]\" \/>\n<meta property=\"og:url\" content=\"https:\/\/cvinoticias.com\/v3\/se-realizo-la-xxxiv-peregrinacion-al-santuario-de-santa-maria-del-yguazu\/\" \/>\n<meta property=\"og:site_name\" content=\"CVI NOTICIAS\" \/>\n<meta property=\"article:publisher\" content=\"https:\/\/www.facebook.com\/cvinoticias\" \/>\n<meta property=\"article:published_time\" content=\"2021-08-15T16:59:24+00:00\" \/>\n<meta property=\"article:modified_time\" content=\"2021-08-15T17:00:45+00:00\" \/>\n<meta property=\"og:image\" content=\"https:\/\/cvinoticias.com\/wp-content\/uploads\/2021\/08\/PicsArt_08-15-01.46.54-scaled.jpg\" \/>\n\t<meta property=\"og:image:width\" content=\"1920\" \/>\n\t<meta property=\"og:image:height\" content=\"2560\" \/>\n\t<meta property=\"og:image:type\" content=\"image\/jpeg\" \/>\n<meta name=\"author\" content=\"f1000024\" \/>\n<meta name=\"twitter:card\" content=\"summary_large_image\" \/>\n<meta name=\"twitter:label1\" content=\"Escrito por\" \/>\n\t<meta name=\"twitter:data1\" content=\"f1000024\" \/>\n\t<meta name=\"twitter:label2\" content=\"Tiempo de lectura\" \/>\n\t<meta name=\"twitter:data2\" content=\"4 minutos\" \/>\n<script type=\"application\/ld+json\" class=\"yoast-schema-graph\">{\"@context\":\"https:\\\/\\\/schema.org\",\"@graph\":[{\"@type\":\"Article\",\"@id\":\"https:\\\/\\\/cvinoticias.com\\\/v3\\\/se-realizo-la-xxxiv-peregrinacion-al-santuario-de-santa-maria-del-yguazu\\\/#article\",\"isPartOf\":{\"@id\":\"https:\\\/\\\/cvinoticias.com\\\/v3\\\/se-realizo-la-xxxiv-peregrinacion-al-santuario-de-santa-maria-del-yguazu\\\/\"},\"author\":{\"name\":\"f1000024\",\"@id\":\"https:\\\/\\\/cvinoticias.com\\\/v3\\\/#\\\/schema\\\/person\\\/2db77e3c6bc03c538495d7b2b8be9b66\"},\"headline\":\"Se realiz\u00f3 la XXXIV peregrinaci\u00f3n al Santuario de Santa Mar\u00eda del Yguaz\u00fa\",\"datePublished\":\"2021-08-15T16:59:24+00:00\",\"dateModified\":\"2021-08-15T17:00:45+00:00\",\"mainEntityOfPage\":{\"@id\":\"https:\\\/\\\/cvinoticias.com\\\/v3\\\/se-realizo-la-xxxiv-peregrinacion-al-santuario-de-santa-maria-del-yguazu\\\/\"},\"wordCount\":899,\"commentCount\":0,\"publisher\":{\"@id\":\"https:\\\/\\\/cvinoticias.com\\\/v3\\\/#organization\"},\"image\":{\"@id\":\"https:\\\/\\\/cvinoticias.com\\\/v3\\\/se-realizo-la-xxxiv-peregrinacion-al-santuario-de-santa-maria-del-yguazu\\\/#primaryimage\"},\"thumbnailUrl\":\"https:\\\/\\\/cvinoticias.com\\\/wp-content\\\/uploads\\\/2021\\\/08\\\/PicsArt_08-15-01.46.54-scaled.jpg\",\"articleSection\":[\"Religi\u00f3n\"],\"inLanguage\":\"es\",\"potentialAction\":[{\"@type\":\"CommentAction\",\"name\":\"Comment\",\"target\":[\"https:\\\/\\\/cvinoticias.com\\\/v3\\\/se-realizo-la-xxxiv-peregrinacion-al-santuario-de-santa-maria-del-yguazu\\\/#respond\"]}]},{\"@type\":\"WebPage\",\"@id\":\"https:\\\/\\\/cvinoticias.com\\\/v3\\\/se-realizo-la-xxxiv-peregrinacion-al-santuario-de-santa-maria-del-yguazu\\\/\",\"url\":\"https:\\\/\\\/cvinoticias.com\\\/v3\\\/se-realizo-la-xxxiv-peregrinacion-al-santuario-de-santa-maria-del-yguazu\\\/\",\"name\":\"Se realiz\u00f3 la XXXIV peregrinaci\u00f3n al Santuario de Santa Mar\u00eda del Yguaz\u00fa | CVI NOTICIAS\",\"isPartOf\":{\"@id\":\"https:\\\/\\\/cvinoticias.com\\\/v3\\\/#website\"},\"primaryImageOfPage\":{\"@id\":\"https:\\\/\\\/cvinoticias.com\\\/v3\\\/se-realizo-la-xxxiv-peregrinacion-al-santuario-de-santa-maria-del-yguazu\\\/#primaryimage\"},\"image\":{\"@id\":\"https:\\\/\\\/cvinoticias.com\\\/v3\\\/se-realizo-la-xxxiv-peregrinacion-al-santuario-de-santa-maria-del-yguazu\\\/#primaryimage\"},\"thumbnailUrl\":\"https:\\\/\\\/cvinoticias.com\\\/wp-content\\\/uploads\\\/2021\\\/08\\\/PicsArt_08-15-01.46.54-scaled.jpg\",\"datePublished\":\"2021-08-15T16:59:24+00:00\",\"dateModified\":\"2021-08-15T17:00:45+00:00\",\"breadcrumb\":{\"@id\":\"https:\\\/\\\/cvinoticias.com\\\/v3\\\/se-realizo-la-xxxiv-peregrinacion-al-santuario-de-santa-maria-del-yguazu\\\/#breadcrumb\"},\"inLanguage\":\"es\",\"potentialAction\":[{\"@type\":\"ReadAction\",\"target\":[\"https:\\\/\\\/cvinoticias.com\\\/v3\\\/se-realizo-la-xxxiv-peregrinacion-al-santuario-de-santa-maria-del-yguazu\\\/\"]}]},{\"@type\":\"ImageObject\",\"inLanguage\":\"es\",\"@id\":\"https:\\\/\\\/cvinoticias.com\\\/v3\\\/se-realizo-la-xxxiv-peregrinacion-al-santuario-de-santa-maria-del-yguazu\\\/#primaryimage\",\"url\":\"https:\\\/\\\/cvinoticias.com\\\/wp-content\\\/uploads\\\/2021\\\/08\\\/PicsArt_08-15-01.46.54-scaled.jpg\",\"contentUrl\":\"https:\\\/\\\/cvinoticias.com\\\/wp-content\\\/uploads\\\/2021\\\/08\\\/PicsArt_08-15-01.46.54-scaled.jpg\",\"width\":1920,\"height\":2560},{\"@type\":\"BreadcrumbList\",\"@id\":\"https:\\\/\\\/cvinoticias.com\\\/v3\\\/se-realizo-la-xxxiv-peregrinacion-al-santuario-de-santa-maria-del-yguazu\\\/#breadcrumb\",\"itemListElement\":[{\"@type\":\"ListItem\",\"position\":1,\"name\":\"Portada\",\"item\":\"https:\\\/\\\/cvinoticias.com\\\/v3\\\/\"},{\"@type\":\"ListItem\",\"position\":2,\"name\":\"Se realiz\u00f3 la XXXIV peregrinaci\u00f3n al Santuario de Santa Mar\u00eda del Yguaz\u00fa\"}]},{\"@type\":\"WebSite\",\"@id\":\"https:\\\/\\\/cvinoticias.com\\\/v3\\\/#website\",\"url\":\"https:\\\/\\\/cvinoticias.com\\\/v3\\\/\",\"name\":\"CVI NOTICIAS\",\"description\":\"\",\"publisher\":{\"@id\":\"https:\\\/\\\/cvinoticias.com\\\/v3\\\/#organization\"},\"alternateName\":\"CVI\",\"potentialAction\":[{\"@type\":\"SearchAction\",\"target\":{\"@type\":\"EntryPoint\",\"urlTemplate\":\"https:\\\/\\\/cvinoticias.com\\\/v3\\\/?s={search_term_string}\"},\"query-input\":{\"@type\":\"PropertyValueSpecification\",\"valueRequired\":true,\"valueName\":\"search_term_string\"}}],\"inLanguage\":\"es\"},{\"@type\":\"Organization\",\"@id\":\"https:\\\/\\\/cvinoticias.com\\\/v3\\\/#organization\",\"name\":\"CVI NOTICIAS\",\"url\":\"https:\\\/\\\/cvinoticias.com\\\/v3\\\/\",\"logo\":{\"@type\":\"ImageObject\",\"inLanguage\":\"es\",\"@id\":\"https:\\\/\\\/cvinoticias.com\\\/v3\\\/#\\\/schema\\\/logo\\\/image\\\/\",\"url\":\"https:\\\/\\\/cvinoticias.com\\\/wp-content\\\/uploads\\\/2023\\\/04\\\/cropped-cropped-cropped-cropped-cropped-3-1.png\",\"contentUrl\":\"https:\\\/\\\/cvinoticias.com\\\/wp-content\\\/uploads\\\/2023\\\/04\\\/cropped-cropped-cropped-cropped-cropped-3-1.png\",\"width\":95,\"height\":122,\"caption\":\"CVI NOTICIAS\"},\"image\":{\"@id\":\"https:\\\/\\\/cvinoticias.com\\\/v3\\\/#\\\/schema\\\/logo\\\/image\\\/\"},\"sameAs\":[\"https:\\\/\\\/www.facebook.com\\\/cvinoticias\",\"https:\\\/\\\/www.instagram.com\\\/cvinoticias\\\/\",\"https:\\\/\\\/www.youtube.com\\\/@CVINOTICIAS\"]},{\"@type\":\"Person\",\"@id\":\"https:\\\/\\\/cvinoticias.com\\\/v3\\\/#\\\/schema\\\/person\\\/2db77e3c6bc03c538495d7b2b8be9b66\",\"name\":\"f1000024\",\"image\":{\"@type\":\"ImageObject\",\"inLanguage\":\"es\",\"@id\":\"https:\\\/\\\/secure.gravatar.com\\\/avatar\\\/d4fe7459cfc51ff5129ce1a732bbef5928568b8092d412ef95611616376bbeed?s=96&d=mm&r=g\",\"url\":\"https:\\\/\\\/secure.gravatar.com\\\/avatar\\\/d4fe7459cfc51ff5129ce1a732bbef5928568b8092d412ef95611616376bbeed?s=96&d=mm&r=g\",\"contentUrl\":\"https:\\\/\\\/secure.gravatar.com\\\/avatar\\\/d4fe7459cfc51ff5129ce1a732bbef5928568b8092d412ef95611616376bbeed?s=96&d=mm&r=g\",\"caption\":\"f1000024\"},\"url\":\"https:\\\/\\\/cvinoticias.com\\\/v3\\\/author\\\/f1000024\\\/\"}]}<\/script>\n<!-- \/ Yoast SEO plugin. -->","yoast_head_json":{"title":"Se realiz\u00f3 la XXXIV peregrinaci\u00f3n al Santuario de Santa Mar\u00eda del Yguaz\u00fa | CVI NOTICIAS","robots":{"index":"index","follow":"follow","max-snippet":"max-snippet:-1","max-image-preview":"max-image-preview:large","max-video-preview":"max-video-preview:-1"},"canonical":"https:\/\/cvinoticias.com\/v3\/se-realizo-la-xxxiv-peregrinacion-al-santuario-de-santa-maria-del-yguazu\/","og_locale":"es_ES","og_type":"article","og_title":"Se realiz\u00f3 la XXXIV peregrinaci\u00f3n al Santuario de Santa Mar\u00eda del Yguaz\u00fa | CVI NOTICIAS","og_description":"Este a\u00f1o, el Gesto de Peregrinaci\u00f3n tuvo como lema \u00abJos\u00e9 lev\u00e1ntate, toma al Ni\u00f1o y a su Madre\u00bb parti\u00f3 desde Puerto Leoni y a lo largo de la jornada\u00a0 fue recorriendo distintas comunidades de nuestra Di\u00f3cesis, hasta llegar aproximadamente a las 18:30 hs, a su hogar el Santuario Di\u00f3cesano Santa Mar\u00eda del Yguaz\u00fa. En el [&hellip;]","og_url":"https:\/\/cvinoticias.com\/v3\/se-realizo-la-xxxiv-peregrinacion-al-santuario-de-santa-maria-del-yguazu\/","og_site_name":"CVI NOTICIAS","article_publisher":"https:\/\/www.facebook.com\/cvinoticias","article_published_time":"2021-08-15T16:59:24+00:00","article_modified_time":"2021-08-15T17:00:45+00:00","og_image":[{"width":1920,"height":2560,"url":"https:\/\/cvinoticias.com\/wp-content\/uploads\/2021\/08\/PicsArt_08-15-01.46.54-scaled.jpg","type":"image\/jpeg"}],"author":"f1000024","twitter_card":"summary_large_image","twitter_misc":{"Escrito por":"f1000024","Tiempo de lectura":"4 minutos"},"schema":{"@context":"https:\/\/schema.org","@graph":[{"@type":"Article","@id":"https:\/\/cvinoticias.com\/v3\/se-realizo-la-xxxiv-peregrinacion-al-santuario-de-santa-maria-del-yguazu\/#article","isPartOf":{"@id":"https:\/\/cvinoticias.com\/v3\/se-realizo-la-xxxiv-peregrinacion-al-santuario-de-santa-maria-del-yguazu\/"},"author":{"name":"f1000024","@id":"https:\/\/cvinoticias.com\/v3\/#\/schema\/person\/2db77e3c6bc03c538495d7b2b8be9b66"},"headline":"Se realiz\u00f3 la XXXIV peregrinaci\u00f3n al Santuario de Santa Mar\u00eda del Yguaz\u00fa","datePublished":"2021-08-15T16:59:24+00:00","dateModified":"2021-08-15T17:00:45+00:00","mainEntityOfPage":{"@id":"https:\/\/cvinoticias.com\/v3\/se-realizo-la-xxxiv-peregrinacion-al-santuario-de-santa-maria-del-yguazu\/"},"wordCount":899,"commentCount":0,"publisher":{"@id":"https:\/\/cvinoticias.com\/v3\/#organization"},"image":{"@id":"https:\/\/cvinoticias.com\/v3\/se-realizo-la-xxxiv-peregrinacion-al-santuario-de-santa-maria-del-yguazu\/#primaryimage"},"thumbnailUrl":"https:\/\/cvinoticias.com\/wp-content\/uploads\/2021\/08\/PicsArt_08-15-01.46.54-scaled.jpg","articleSection":["Religi\u00f3n"],"inLanguage":"es","potentialAction":[{"@type":"CommentAction","name":"Comment","target":["https:\/\/cvinoticias.com\/v3\/se-realizo-la-xxxiv-peregrinacion-al-santuario-de-santa-maria-del-yguazu\/#respond"]}]},{"@type":"WebPage","@id":"https:\/\/cvinoticias.com\/v3\/se-realizo-la-xxxiv-peregrinacion-al-santuario-de-santa-maria-del-yguazu\/","url":"https:\/\/cvinoticias.com\/v3\/se-realizo-la-xxxiv-peregrinacion-al-santuario-de-santa-maria-del-yguazu\/","name":"Se realiz\u00f3 la XXXIV peregrinaci\u00f3n al Santuario de Santa Mar\u00eda del Yguaz\u00fa | CVI NOTICIAS","isPartOf":{"@id":"https:\/\/cvinoticias.com\/v3\/#website"},"primaryImageOfPage":{"@id":"https:\/\/cvinoticias.com\/v3\/se-realizo-la-xxxiv-peregrinacion-al-santuario-de-santa-maria-del-yguazu\/#primaryimage"},"image":{"@id":"https:\/\/cvinoticias.com\/v3\/se-realizo-la-xxxiv-peregrinacion-al-santuario-de-santa-maria-del-yguazu\/#primaryimage"},"thumbnailUrl":"https:\/\/cvinoticias.com\/wp-content\/uploads\/2021\/08\/PicsArt_08-15-01.46.54-scaled.jpg","datePublished":"2021-08-15T16:59:24+00:00","dateModified":"2021-08-15T17:00:45+00:00","breadcrumb":{"@id":"https:\/\/cvinoticias.com\/v3\/se-realizo-la-xxxiv-peregrinacion-al-santuario-de-santa-maria-del-yguazu\/#breadcrumb"},"inLanguage":"es","potentialAction":[{"@type":"ReadAction","target":["https:\/\/cvinoticias.com\/v3\/se-realizo-la-xxxiv-peregrinacion-al-santuario-de-santa-maria-del-yguazu\/"]}]},{"@type":"ImageObject","inLanguage":"es","@id":"https:\/\/cvinoticias.com\/v3\/se-realizo-la-xxxiv-peregrinacion-al-santuario-de-santa-maria-del-yguazu\/#primaryimage","url":"https:\/\/cvinoticias.com\/wp-content\/uploads\/2021\/08\/PicsArt_08-15-01.46.54-scaled.jpg","contentUrl":"https:\/\/cvinoticias.com\/wp-content\/uploads\/2021\/08\/PicsArt_08-15-01.46.54-scaled.jpg","width":1920,"height":2560},{"@type":"BreadcrumbList","@id":"https:\/\/cvinoticias.com\/v3\/se-realizo-la-xxxiv-peregrinacion-al-santuario-de-santa-maria-del-yguazu\/#breadcrumb","itemListElement":[{"@type":"ListItem","position":1,"name":"Portada","item":"https:\/\/cvinoticias.com\/v3\/"},{"@type":"ListItem","position":2,"name":"Se realiz\u00f3 la XXXIV peregrinaci\u00f3n al Santuario de Santa Mar\u00eda del Yguaz\u00fa"}]},{"@type":"WebSite","@id":"https:\/\/cvinoticias.com\/v3\/#website","url":"https:\/\/cvinoticias.com\/v3\/","name":"CVI NOTICIAS","description":"","publisher":{"@id":"https:\/\/cvinoticias.com\/v3\/#organization"},"alternateName":"CVI","potentialAction":[{"@type":"SearchAction","target":{"@type":"EntryPoint","urlTemplate":"https:\/\/cvinoticias.com\/v3\/?s={search_term_string}"},"query-input":{"@type":"PropertyValueSpecification","valueRequired":true,"valueName":"search_term_string"}}],"inLanguage":"es"},{"@type":"Organization","@id":"https:\/\/cvinoticias.com\/v3\/#organization","name":"CVI NOTICIAS","url":"https:\/\/cvinoticias.com\/v3\/","logo":{"@type":"ImageObject","inLanguage":"es","@id":"https:\/\/cvinoticias.com\/v3\/#\/schema\/logo\/image\/","url":"https:\/\/cvinoticias.com\/wp-content\/uploads\/2023\/04\/cropped-cropped-cropped-cropped-cropped-3-1.png","contentUrl":"https:\/\/cvinoticias.com\/wp-content\/uploads\/2023\/04\/cropped-cropped-cropped-cropped-cropped-3-1.png","width":95,"height":122,"caption":"CVI NOTICIAS"},"image":{"@id":"https:\/\/cvinoticias.com\/v3\/#\/schema\/logo\/image\/"},"sameAs":["https:\/\/www.facebook.com\/cvinoticias","https:\/\/www.instagram.com\/cvinoticias\/","https:\/\/www.youtube.com\/@CVINOTICIAS"]},{"@type":"Person","@id":"https:\/\/cvinoticias.com\/v3\/#\/schema\/person\/2db77e3c6bc03c538495d7b2b8be9b66","name":"f1000024","image":{"@type":"ImageObject","inLanguage":"es","@id":"https:\/\/secure.gravatar.com\/avatar\/d4fe7459cfc51ff5129ce1a732bbef5928568b8092d412ef95611616376bbeed?s=96&d=mm&r=g","url":"https:\/\/secure.gravatar.com\/avatar\/d4fe7459cfc51ff5129ce1a732bbef5928568b8092d412ef95611616376bbeed?s=96&d=mm&r=g","contentUrl":"https:\/\/secure.gravatar.com\/avatar\/d4fe7459cfc51ff5129ce1a732bbef5928568b8092d412ef95611616376bbeed?s=96&d=mm&r=g","caption":"f1000024"},"url":"https:\/\/cvinoticias.com\/v3\/author\/f1000024\/"}]}},"_links":{"self":[{"href":"https:\/\/cvinoticias.com\/v3\/wp-json\/wp\/v2\/posts\/7609","targetHints":{"allow":["GET"]}}],"collection":[{"href":"https:\/\/cvinoticias.com\/v3\/wp-json\/wp\/v2\/posts"}],"about":[{"href":"https:\/\/cvinoticias.com\/v3\/wp-json\/wp\/v2\/types\/post"}],"author":[{"embeddable":true,"href":"https:\/\/cvinoticias.com\/v3\/wp-json\/wp\/v2\/users\/2"}],"replies":[{"embeddable":true,"href":"https:\/\/cvinoticias.com\/v3\/wp-json\/wp\/v2\/comments?post=7609"}],"version-history":[{"count":2,"href":"https:\/\/cvinoticias.com\/v3\/wp-json\/wp\/v2\/posts\/7609\/revisions"}],"predecessor-version":[{"id":7619,"href":"https:\/\/cvinoticias.com\/v3\/wp-json\/wp\/v2\/posts\/7609\/revisions\/7619"}],"wp:featuredmedia":[{"embeddable":true,"href":"https:\/\/cvinoticias.com\/v3\/wp-json\/wp\/v2\/media\/7617"}],"wp:attachment":[{"href":"https:\/\/cvinoticias.com\/v3\/wp-json\/wp\/v2\/media?parent=7609"}],"wp:term":[{"taxonomy":"category","embeddable":true,"href":"https:\/\/cvinoticias.com\/v3\/wp-json\/wp\/v2\/categories?post=7609"},{"taxonomy":"post_tag","embeddable":true,"href":"https:\/\/cvinoticias.com\/v3\/wp-json\/wp\/v2\/tags?post=7609"}],"curies":[{"name":"wp","href":"https:\/\/api.w.org\/{rel}","templated":true}]}}