{"id":7596,"date":"2021-08-13T21:06:03","date_gmt":"2021-08-13T21:06:03","guid":{"rendered":"https:\/\/cvinoticias.com\/v3\/?p=7596"},"modified":"2021-08-13T21:06:03","modified_gmt":"2021-08-13T21:06:03","slug":"puerto-libertad-alumnos-del-aula-satelite-de-la-comunidad-aborigen-andres-guazurari-recibieron-el-dia-del-nino","status":"publish","type":"post","link":"https:\/\/cvinoticias.com\/v3\/puerto-libertad-alumnos-del-aula-satelite-de-la-comunidad-aborigen-andres-guazurari-recibieron-el-dia-del-nino\/","title":{"rendered":"Puerto Libertad: Alumnos del Aula Sat\u00e9lite de la comunidad Aborigen Andr\u00e9s Guazurari recibieron el d\u00eda del Ni\u00f1o"},"content":{"rendered":"\n<p><strong><em>Los Preparativos comenzaron hace varios d\u00edas yesta ma\u00f1ana, efectivos policiales de la Divisi\u00f3n Infanter\u00eda Zona Norte llegaron hasta el aula sat\u00e9lite de la Comunidad Aborigen Andr\u00e9s Guazurari, ubicado sobre Ruta Nacional Doce llegando a la localidad de Libertad.<\/em><\/strong><\/p>\n\n\n\n<p>Comprometidos con la misi\u00f3n de servir y proteger, con el equipo docente y directivos del establecimiento, compartieron una gran jornada de juegos interactivos junto a los m\u00e1s peque\u00f1os a quienes agasajaron con una deliciosa merienda, golosinas y regalos.<\/p>\n\n\n\n<figure class=\"wp-block-image size-large\"><a href=\"https:\/\/cvinoticias.com\/wp-content\/uploads\/2021\/08\/FB_IMG_1628888398976.jpg\"><img decoding=\"async\" width=\"1024\" height=\"485\" data-src=\"https:\/\/cvinoticias.com\/wp-content\/uploads\/2021\/08\/FB_IMG_1628888398976-1024x485.jpg\" alt=\"\" class=\"wp-image-7597 lazyload\" data-srcset=\"https:\/\/cvinoticias.com\/wp-content\/uploads\/2021\/08\/FB_IMG_1628888398976-1024x485.jpg 1024w, https:\/\/cvinoticias.com\/wp-content\/uploads\/2021\/08\/FB_IMG_1628888398976-300x142.jpg 300w, https:\/\/cvinoticias.com\/wp-content\/uploads\/2021\/08\/FB_IMG_1628888398976-768x364.jpg 768w, https:\/\/cvinoticias.com\/wp-content\/uploads\/2021\/08\/FB_IMG_1628888398976.jpg 1032w\" data-sizes=\"(max-width: 1024px) 100vw, 1024px\" src=\"data:image\/svg+xml;base64,PHN2ZyB3aWR0aD0iMSIgaGVpZ2h0PSIxIiB4bWxucz0iaHR0cDovL3d3dy53My5vcmcvMjAwMC9zdmciPjwvc3ZnPg==\" style=\"--smush-placeholder-width: 1024px; --smush-placeholder-aspect-ratio: 1024\/485;\" \/><\/a><\/figure>\n\n\n\n<figure class=\"wp-block-image size-full\"><a href=\"https:\/\/cvinoticias.com\/wp-content\/uploads\/2021\/08\/FB_IMG_1628888441282.jpg\"><img decoding=\"async\" width=\"576\" height=\"690\" data-src=\"https:\/\/cvinoticias.com\/wp-content\/uploads\/2021\/08\/FB_IMG_1628888441282.jpg\" alt=\"\" class=\"wp-image-7598 lazyload\" data-srcset=\"https:\/\/cvinoticias.com\/wp-content\/uploads\/2021\/08\/FB_IMG_1628888441282.jpg 576w, https:\/\/cvinoticias.com\/wp-content\/uploads\/2021\/08\/FB_IMG_1628888441282-250x300.jpg 250w\" data-sizes=\"(max-width: 576px) 100vw, 576px\" src=\"data:image\/svg+xml;base64,PHN2ZyB3aWR0aD0iMSIgaGVpZ2h0PSIxIiB4bWxucz0iaHR0cDovL3d3dy53My5vcmcvMjAwMC9zdmciPjwvc3ZnPg==\" style=\"--smush-placeholder-width: 576px; --smush-placeholder-aspect-ratio: 576\/690;\" \/><\/a><\/figure>\n","protected":false},"excerpt":{"rendered":"<p>Los Preparativos comenzaron hace varios d\u00edas yesta ma\u00f1ana, efectivos policiales de la Divisi\u00f3n Infanter\u00eda Zona Norte llegaron hasta el aula sat\u00e9lite de la Comunidad Aborigen Andr\u00e9s Guazurari, ubicado sobre Ruta Nacional Doce llegando a la localidad de Libertad. Comprometidos con la misi\u00f3n de servir y proteger, con el equipo docente y directivos del establecimiento, compartieron [&hellip;]<\/p>\n","protected":false},"author":2,"featured_media":7599,"comment_status":"open","ping_status":"open","sticky":false,"template":"","format":"standard","meta":{"footnotes":""},"categories":[47],"tags":[],"class_list":["post-7596","post","type-post","status-publish","format-standard","has-post-thumbnail","hentry","category-sociedad"],"yoast_head":"<!-- This site is optimized with the Yoast SEO plugin v27.4 - https:\/\/yoast.com\/product\/yoast-seo-wordpress\/ -->\n<title>Puerto Libertad: Alumnos del Aula Sat\u00e9lite de la comunidad Aborigen Andr\u00e9s Guazurari recibieron el d\u00eda del Ni\u00f1o | CVI NOTICIAS<\/title>\n<meta name=\"robots\" content=\"index, follow, max-snippet:-1, max-image-preview:large, max-video-preview:-1\" \/>\n<link rel=\"canonical\" href=\"https:\/\/cvinoticias.com\/v3\/puerto-libertad-alumnos-del-aula-satelite-de-la-comunidad-aborigen-andres-guazurari-recibieron-el-dia-del-nino\/\" \/>\n<meta property=\"og:locale\" content=\"es_ES\" \/>\n<meta property=\"og:type\" content=\"article\" \/>\n<meta property=\"og:title\" content=\"Puerto Libertad: Alumnos del Aula Sat\u00e9lite de la comunidad Aborigen Andr\u00e9s Guazurari recibieron el d\u00eda del Ni\u00f1o | CVI NOTICIAS\" \/>\n<meta property=\"og:description\" content=\"Los Preparativos comenzaron hace varios d\u00edas yesta ma\u00f1ana, efectivos policiales de la Divisi\u00f3n Infanter\u00eda Zona Norte llegaron hasta el aula sat\u00e9lite de la Comunidad Aborigen Andr\u00e9s Guazurari, ubicado sobre Ruta Nacional Doce llegando a la localidad de Libertad. Comprometidos con la misi\u00f3n de servir y proteger, con el equipo docente y directivos del establecimiento, compartieron [&hellip;]\" \/>\n<meta property=\"og:url\" content=\"https:\/\/cvinoticias.com\/v3\/puerto-libertad-alumnos-del-aula-satelite-de-la-comunidad-aborigen-andres-guazurari-recibieron-el-dia-del-nino\/\" \/>\n<meta property=\"og:site_name\" content=\"CVI NOTICIAS\" \/>\n<meta property=\"article:publisher\" content=\"https:\/\/www.facebook.com\/cvinoticias\" \/>\n<meta property=\"article:published_time\" content=\"2021-08-13T21:06:03+00:00\" \/>\n<meta property=\"og:image\" content=\"https:\/\/cvinoticias.com\/wp-content\/uploads\/2021\/08\/FB_IMG_1628888413000.jpg\" \/>\n\t<meta property=\"og:image:width\" content=\"1080\" \/>\n\t<meta property=\"og:image:height\" content=\"486\" \/>\n\t<meta property=\"og:image:type\" content=\"image\/jpeg\" \/>\n<meta name=\"author\" content=\"f1000024\" \/>\n<meta name=\"twitter:card\" content=\"summary_large_image\" \/>\n<meta name=\"twitter:label1\" content=\"Escrito por\" \/>\n\t<meta name=\"twitter:data1\" content=\"f1000024\" \/>\n<script type=\"application\/ld+json\" class=\"yoast-schema-graph\">{\"@context\":\"https:\\\/\\\/schema.org\",\"@graph\":[{\"@type\":\"Article\",\"@id\":\"https:\\\/\\\/cvinoticias.com\\\/v3\\\/puerto-libertad-alumnos-del-aula-satelite-de-la-comunidad-aborigen-andres-guazurari-recibieron-el-dia-del-nino\\\/#article\",\"isPartOf\":{\"@id\":\"https:\\\/\\\/cvinoticias.com\\\/v3\\\/puerto-libertad-alumnos-del-aula-satelite-de-la-comunidad-aborigen-andres-guazurari-recibieron-el-dia-del-nino\\\/\"},\"author\":{\"name\":\"f1000024\",\"@id\":\"https:\\\/\\\/cvinoticias.com\\\/v3\\\/#\\\/schema\\\/person\\\/2db77e3c6bc03c538495d7b2b8be9b66\"},\"headline\":\"Puerto Libertad: Alumnos del Aula Sat\u00e9lite de la comunidad Aborigen Andr\u00e9s Guazurari recibieron el d\u00eda del Ni\u00f1o\",\"datePublished\":\"2021-08-13T21:06:03+00:00\",\"mainEntityOfPage\":{\"@id\":\"https:\\\/\\\/cvinoticias.com\\\/v3\\\/puerto-libertad-alumnos-del-aula-satelite-de-la-comunidad-aborigen-andres-guazurari-recibieron-el-dia-del-nino\\\/\"},\"wordCount\":106,\"commentCount\":0,\"publisher\":{\"@id\":\"https:\\\/\\\/cvinoticias.com\\\/v3\\\/#organization\"},\"image\":{\"@id\":\"https:\\\/\\\/cvinoticias.com\\\/v3\\\/puerto-libertad-alumnos-del-aula-satelite-de-la-comunidad-aborigen-andres-guazurari-recibieron-el-dia-del-nino\\\/#primaryimage\"},\"thumbnailUrl\":\"https:\\\/\\\/cvinoticias.com\\\/wp-content\\\/uploads\\\/2021\\\/08\\\/FB_IMG_1628888413000.jpg\",\"articleSection\":[\"Sociedad\"],\"inLanguage\":\"es\",\"potentialAction\":[{\"@type\":\"CommentAction\",\"name\":\"Comment\",\"target\":[\"https:\\\/\\\/cvinoticias.com\\\/v3\\\/puerto-libertad-alumnos-del-aula-satelite-de-la-comunidad-aborigen-andres-guazurari-recibieron-el-dia-del-nino\\\/#respond\"]}]},{\"@type\":\"WebPage\",\"@id\":\"https:\\\/\\\/cvinoticias.com\\\/v3\\\/puerto-libertad-alumnos-del-aula-satelite-de-la-comunidad-aborigen-andres-guazurari-recibieron-el-dia-del-nino\\\/\",\"url\":\"https:\\\/\\\/cvinoticias.com\\\/v3\\\/puerto-libertad-alumnos-del-aula-satelite-de-la-comunidad-aborigen-andres-guazurari-recibieron-el-dia-del-nino\\\/\",\"name\":\"Puerto Libertad: Alumnos del Aula Sat\u00e9lite de la comunidad Aborigen Andr\u00e9s Guazurari recibieron el d\u00eda del Ni\u00f1o | CVI NOTICIAS\",\"isPartOf\":{\"@id\":\"https:\\\/\\\/cvinoticias.com\\\/v3\\\/#website\"},\"primaryImageOfPage\":{\"@id\":\"https:\\\/\\\/cvinoticias.com\\\/v3\\\/puerto-libertad-alumnos-del-aula-satelite-de-la-comunidad-aborigen-andres-guazurari-recibieron-el-dia-del-nino\\\/#primaryimage\"},\"image\":{\"@id\":\"https:\\\/\\\/cvinoticias.com\\\/v3\\\/puerto-libertad-alumnos-del-aula-satelite-de-la-comunidad-aborigen-andres-guazurari-recibieron-el-dia-del-nino\\\/#primaryimage\"},\"thumbnailUrl\":\"https:\\\/\\\/cvinoticias.com\\\/wp-content\\\/uploads\\\/2021\\\/08\\\/FB_IMG_1628888413000.jpg\",\"datePublished\":\"2021-08-13T21:06:03+00:00\",\"breadcrumb\":{\"@id\":\"https:\\\/\\\/cvinoticias.com\\\/v3\\\/puerto-libertad-alumnos-del-aula-satelite-de-la-comunidad-aborigen-andres-guazurari-recibieron-el-dia-del-nino\\\/#breadcrumb\"},\"inLanguage\":\"es\",\"potentialAction\":[{\"@type\":\"ReadAction\",\"target\":[\"https:\\\/\\\/cvinoticias.com\\\/v3\\\/puerto-libertad-alumnos-del-aula-satelite-de-la-comunidad-aborigen-andres-guazurari-recibieron-el-dia-del-nino\\\/\"]}]},{\"@type\":\"ImageObject\",\"inLanguage\":\"es\",\"@id\":\"https:\\\/\\\/cvinoticias.com\\\/v3\\\/puerto-libertad-alumnos-del-aula-satelite-de-la-comunidad-aborigen-andres-guazurari-recibieron-el-dia-del-nino\\\/#primaryimage\",\"url\":\"https:\\\/\\\/cvinoticias.com\\\/wp-content\\\/uploads\\\/2021\\\/08\\\/FB_IMG_1628888413000.jpg\",\"contentUrl\":\"https:\\\/\\\/cvinoticias.com\\\/wp-content\\\/uploads\\\/2021\\\/08\\\/FB_IMG_1628888413000.jpg\",\"width\":1080,\"height\":486},{\"@type\":\"BreadcrumbList\",\"@id\":\"https:\\\/\\\/cvinoticias.com\\\/v3\\\/puerto-libertad-alumnos-del-aula-satelite-de-la-comunidad-aborigen-andres-guazurari-recibieron-el-dia-del-nino\\\/#breadcrumb\",\"itemListElement\":[{\"@type\":\"ListItem\",\"position\":1,\"name\":\"Portada\",\"item\":\"https:\\\/\\\/cvinoticias.com\\\/v3\\\/\"},{\"@type\":\"ListItem\",\"position\":2,\"name\":\"Puerto Libertad: Alumnos del Aula Sat\u00e9lite de la comunidad Aborigen Andr\u00e9s Guazurari recibieron el d\u00eda del Ni\u00f1o\"}]},{\"@type\":\"WebSite\",\"@id\":\"https:\\\/\\\/cvinoticias.com\\\/v3\\\/#website\",\"url\":\"https:\\\/\\\/cvinoticias.com\\\/v3\\\/\",\"name\":\"CVI NOTICIAS\",\"description\":\"\",\"publisher\":{\"@id\":\"https:\\\/\\\/cvinoticias.com\\\/v3\\\/#organization\"},\"alternateName\":\"CVI\",\"potentialAction\":[{\"@type\":\"SearchAction\",\"target\":{\"@type\":\"EntryPoint\",\"urlTemplate\":\"https:\\\/\\\/cvinoticias.com\\\/v3\\\/?s={search_term_string}\"},\"query-input\":{\"@type\":\"PropertyValueSpecification\",\"valueRequired\":true,\"valueName\":\"search_term_string\"}}],\"inLanguage\":\"es\"},{\"@type\":\"Organization\",\"@id\":\"https:\\\/\\\/cvinoticias.com\\\/v3\\\/#organization\",\"name\":\"CVI NOTICIAS\",\"url\":\"https:\\\/\\\/cvinoticias.com\\\/v3\\\/\",\"logo\":{\"@type\":\"ImageObject\",\"inLanguage\":\"es\",\"@id\":\"https:\\\/\\\/cvinoticias.com\\\/v3\\\/#\\\/schema\\\/logo\\\/image\\\/\",\"url\":\"https:\\\/\\\/cvinoticias.com\\\/wp-content\\\/uploads\\\/2023\\\/04\\\/cropped-cropped-cropped-cropped-cropped-3-1.png\",\"contentUrl\":\"https:\\\/\\\/cvinoticias.com\\\/wp-content\\\/uploads\\\/2023\\\/04\\\/cropped-cropped-cropped-cropped-cropped-3-1.png\",\"width\":95,\"height\":122,\"caption\":\"CVI NOTICIAS\"},\"image\":{\"@id\":\"https:\\\/\\\/cvinoticias.com\\\/v3\\\/#\\\/schema\\\/logo\\\/image\\\/\"},\"sameAs\":[\"https:\\\/\\\/www.facebook.com\\\/cvinoticias\",\"https:\\\/\\\/www.instagram.com\\\/cvinoticias\\\/\",\"https:\\\/\\\/www.youtube.com\\\/@CVINOTICIAS\"]},{\"@type\":\"Person\",\"@id\":\"https:\\\/\\\/cvinoticias.com\\\/v3\\\/#\\\/schema\\\/person\\\/2db77e3c6bc03c538495d7b2b8be9b66\",\"name\":\"f1000024\",\"image\":{\"@type\":\"ImageObject\",\"inLanguage\":\"es\",\"@id\":\"https:\\\/\\\/secure.gravatar.com\\\/avatar\\\/d4fe7459cfc51ff5129ce1a732bbef5928568b8092d412ef95611616376bbeed?s=96&d=mm&r=g\",\"url\":\"https:\\\/\\\/secure.gravatar.com\\\/avatar\\\/d4fe7459cfc51ff5129ce1a732bbef5928568b8092d412ef95611616376bbeed?s=96&d=mm&r=g\",\"contentUrl\":\"https:\\\/\\\/secure.gravatar.com\\\/avatar\\\/d4fe7459cfc51ff5129ce1a732bbef5928568b8092d412ef95611616376bbeed?s=96&d=mm&r=g\",\"caption\":\"f1000024\"},\"url\":\"https:\\\/\\\/cvinoticias.com\\\/v3\\\/author\\\/f1000024\\\/\"}]}<\/script>\n<!-- \/ Yoast SEO plugin. -->","yoast_head_json":{"title":"Puerto Libertad: Alumnos del Aula Sat\u00e9lite de la comunidad Aborigen Andr\u00e9s Guazurari recibieron el d\u00eda del Ni\u00f1o | CVI NOTICIAS","robots":{"index":"index","follow":"follow","max-snippet":"max-snippet:-1","max-image-preview":"max-image-preview:large","max-video-preview":"max-video-preview:-1"},"canonical":"https:\/\/cvinoticias.com\/v3\/puerto-libertad-alumnos-del-aula-satelite-de-la-comunidad-aborigen-andres-guazurari-recibieron-el-dia-del-nino\/","og_locale":"es_ES","og_type":"article","og_title":"Puerto Libertad: Alumnos del Aula Sat\u00e9lite de la comunidad Aborigen Andr\u00e9s Guazurari recibieron el d\u00eda del Ni\u00f1o | CVI NOTICIAS","og_description":"Los Preparativos comenzaron hace varios d\u00edas yesta ma\u00f1ana, efectivos policiales de la Divisi\u00f3n Infanter\u00eda Zona Norte llegaron hasta el aula sat\u00e9lite de la Comunidad Aborigen Andr\u00e9s Guazurari, ubicado sobre Ruta Nacional Doce llegando a la localidad de Libertad. Comprometidos con la misi\u00f3n de servir y proteger, con el equipo docente y directivos del establecimiento, compartieron [&hellip;]","og_url":"https:\/\/cvinoticias.com\/v3\/puerto-libertad-alumnos-del-aula-satelite-de-la-comunidad-aborigen-andres-guazurari-recibieron-el-dia-del-nino\/","og_site_name":"CVI NOTICIAS","article_publisher":"https:\/\/www.facebook.com\/cvinoticias","article_published_time":"2021-08-13T21:06:03+00:00","og_image":[{"width":1080,"height":486,"url":"https:\/\/cvinoticias.com\/wp-content\/uploads\/2021\/08\/FB_IMG_1628888413000.jpg","type":"image\/jpeg"}],"author":"f1000024","twitter_card":"summary_large_image","twitter_misc":{"Escrito por":"f1000024"},"schema":{"@context":"https:\/\/schema.org","@graph":[{"@type":"Article","@id":"https:\/\/cvinoticias.com\/v3\/puerto-libertad-alumnos-del-aula-satelite-de-la-comunidad-aborigen-andres-guazurari-recibieron-el-dia-del-nino\/#article","isPartOf":{"@id":"https:\/\/cvinoticias.com\/v3\/puerto-libertad-alumnos-del-aula-satelite-de-la-comunidad-aborigen-andres-guazurari-recibieron-el-dia-del-nino\/"},"author":{"name":"f1000024","@id":"https:\/\/cvinoticias.com\/v3\/#\/schema\/person\/2db77e3c6bc03c538495d7b2b8be9b66"},"headline":"Puerto Libertad: Alumnos del Aula Sat\u00e9lite de la comunidad Aborigen Andr\u00e9s Guazurari recibieron el d\u00eda del Ni\u00f1o","datePublished":"2021-08-13T21:06:03+00:00","mainEntityOfPage":{"@id":"https:\/\/cvinoticias.com\/v3\/puerto-libertad-alumnos-del-aula-satelite-de-la-comunidad-aborigen-andres-guazurari-recibieron-el-dia-del-nino\/"},"wordCount":106,"commentCount":0,"publisher":{"@id":"https:\/\/cvinoticias.com\/v3\/#organization"},"image":{"@id":"https:\/\/cvinoticias.com\/v3\/puerto-libertad-alumnos-del-aula-satelite-de-la-comunidad-aborigen-andres-guazurari-recibieron-el-dia-del-nino\/#primaryimage"},"thumbnailUrl":"https:\/\/cvinoticias.com\/wp-content\/uploads\/2021\/08\/FB_IMG_1628888413000.jpg","articleSection":["Sociedad"],"inLanguage":"es","potentialAction":[{"@type":"CommentAction","name":"Comment","target":["https:\/\/cvinoticias.com\/v3\/puerto-libertad-alumnos-del-aula-satelite-de-la-comunidad-aborigen-andres-guazurari-recibieron-el-dia-del-nino\/#respond"]}]},{"@type":"WebPage","@id":"https:\/\/cvinoticias.com\/v3\/puerto-libertad-alumnos-del-aula-satelite-de-la-comunidad-aborigen-andres-guazurari-recibieron-el-dia-del-nino\/","url":"https:\/\/cvinoticias.com\/v3\/puerto-libertad-alumnos-del-aula-satelite-de-la-comunidad-aborigen-andres-guazurari-recibieron-el-dia-del-nino\/","name":"Puerto Libertad: Alumnos del Aula Sat\u00e9lite de la comunidad Aborigen Andr\u00e9s Guazurari recibieron el d\u00eda del Ni\u00f1o | CVI NOTICIAS","isPartOf":{"@id":"https:\/\/cvinoticias.com\/v3\/#website"},"primaryImageOfPage":{"@id":"https:\/\/cvinoticias.com\/v3\/puerto-libertad-alumnos-del-aula-satelite-de-la-comunidad-aborigen-andres-guazurari-recibieron-el-dia-del-nino\/#primaryimage"},"image":{"@id":"https:\/\/cvinoticias.com\/v3\/puerto-libertad-alumnos-del-aula-satelite-de-la-comunidad-aborigen-andres-guazurari-recibieron-el-dia-del-nino\/#primaryimage"},"thumbnailUrl":"https:\/\/cvinoticias.com\/wp-content\/uploads\/2021\/08\/FB_IMG_1628888413000.jpg","datePublished":"2021-08-13T21:06:03+00:00","breadcrumb":{"@id":"https:\/\/cvinoticias.com\/v3\/puerto-libertad-alumnos-del-aula-satelite-de-la-comunidad-aborigen-andres-guazurari-recibieron-el-dia-del-nino\/#breadcrumb"},"inLanguage":"es","potentialAction":[{"@type":"ReadAction","target":["https:\/\/cvinoticias.com\/v3\/puerto-libertad-alumnos-del-aula-satelite-de-la-comunidad-aborigen-andres-guazurari-recibieron-el-dia-del-nino\/"]}]},{"@type":"ImageObject","inLanguage":"es","@id":"https:\/\/cvinoticias.com\/v3\/puerto-libertad-alumnos-del-aula-satelite-de-la-comunidad-aborigen-andres-guazurari-recibieron-el-dia-del-nino\/#primaryimage","url":"https:\/\/cvinoticias.com\/wp-content\/uploads\/2021\/08\/FB_IMG_1628888413000.jpg","contentUrl":"https:\/\/cvinoticias.com\/wp-content\/uploads\/2021\/08\/FB_IMG_1628888413000.jpg","width":1080,"height":486},{"@type":"BreadcrumbList","@id":"https:\/\/cvinoticias.com\/v3\/puerto-libertad-alumnos-del-aula-satelite-de-la-comunidad-aborigen-andres-guazurari-recibieron-el-dia-del-nino\/#breadcrumb","itemListElement":[{"@type":"ListItem","position":1,"name":"Portada","item":"https:\/\/cvinoticias.com\/v3\/"},{"@type":"ListItem","position":2,"name":"Puerto Libertad: Alumnos del Aula Sat\u00e9lite de la comunidad Aborigen Andr\u00e9s Guazurari recibieron el d\u00eda del Ni\u00f1o"}]},{"@type":"WebSite","@id":"https:\/\/cvinoticias.com\/v3\/#website","url":"https:\/\/cvinoticias.com\/v3\/","name":"CVI NOTICIAS","description":"","publisher":{"@id":"https:\/\/cvinoticias.com\/v3\/#organization"},"alternateName":"CVI","potentialAction":[{"@type":"SearchAction","target":{"@type":"EntryPoint","urlTemplate":"https:\/\/cvinoticias.com\/v3\/?s={search_term_string}"},"query-input":{"@type":"PropertyValueSpecification","valueRequired":true,"valueName":"search_term_string"}}],"inLanguage":"es"},{"@type":"Organization","@id":"https:\/\/cvinoticias.com\/v3\/#organization","name":"CVI NOTICIAS","url":"https:\/\/cvinoticias.com\/v3\/","logo":{"@type":"ImageObject","inLanguage":"es","@id":"https:\/\/cvinoticias.com\/v3\/#\/schema\/logo\/image\/","url":"https:\/\/cvinoticias.com\/wp-content\/uploads\/2023\/04\/cropped-cropped-cropped-cropped-cropped-3-1.png","contentUrl":"https:\/\/cvinoticias.com\/wp-content\/uploads\/2023\/04\/cropped-cropped-cropped-cropped-cropped-3-1.png","width":95,"height":122,"caption":"CVI NOTICIAS"},"image":{"@id":"https:\/\/cvinoticias.com\/v3\/#\/schema\/logo\/image\/"},"sameAs":["https:\/\/www.facebook.com\/cvinoticias","https:\/\/www.instagram.com\/cvinoticias\/","https:\/\/www.youtube.com\/@CVINOTICIAS"]},{"@type":"Person","@id":"https:\/\/cvinoticias.com\/v3\/#\/schema\/person\/2db77e3c6bc03c538495d7b2b8be9b66","name":"f1000024","image":{"@type":"ImageObject","inLanguage":"es","@id":"https:\/\/secure.gravatar.com\/avatar\/d4fe7459cfc51ff5129ce1a732bbef5928568b8092d412ef95611616376bbeed?s=96&d=mm&r=g","url":"https:\/\/secure.gravatar.com\/avatar\/d4fe7459cfc51ff5129ce1a732bbef5928568b8092d412ef95611616376bbeed?s=96&d=mm&r=g","contentUrl":"https:\/\/secure.gravatar.com\/avatar\/d4fe7459cfc51ff5129ce1a732bbef5928568b8092d412ef95611616376bbeed?s=96&d=mm&r=g","caption":"f1000024"},"url":"https:\/\/cvinoticias.com\/v3\/author\/f1000024\/"}]}},"_links":{"self":[{"href":"https:\/\/cvinoticias.com\/v3\/wp-json\/wp\/v2\/posts\/7596","targetHints":{"allow":["GET"]}}],"collection":[{"href":"https:\/\/cvinoticias.com\/v3\/wp-json\/wp\/v2\/posts"}],"about":[{"href":"https:\/\/cvinoticias.com\/v3\/wp-json\/wp\/v2\/types\/post"}],"author":[{"embeddable":true,"href":"https:\/\/cvinoticias.com\/v3\/wp-json\/wp\/v2\/users\/2"}],"replies":[{"embeddable":true,"href":"https:\/\/cvinoticias.com\/v3\/wp-json\/wp\/v2\/comments?post=7596"}],"version-history":[{"count":1,"href":"https:\/\/cvinoticias.com\/v3\/wp-json\/wp\/v2\/posts\/7596\/revisions"}],"predecessor-version":[{"id":7600,"href":"https:\/\/cvinoticias.com\/v3\/wp-json\/wp\/v2\/posts\/7596\/revisions\/7600"}],"wp:featuredmedia":[{"embeddable":true,"href":"https:\/\/cvinoticias.com\/v3\/wp-json\/wp\/v2\/media\/7599"}],"wp:attachment":[{"href":"https:\/\/cvinoticias.com\/v3\/wp-json\/wp\/v2\/media?parent=7596"}],"wp:term":[{"taxonomy":"category","embeddable":true,"href":"https:\/\/cvinoticias.com\/v3\/wp-json\/wp\/v2\/categories?post=7596"},{"taxonomy":"post_tag","embeddable":true,"href":"https:\/\/cvinoticias.com\/v3\/wp-json\/wp\/v2\/tags?post=7596"}],"curies":[{"name":"wp","href":"https:\/\/api.w.org\/{rel}","templated":true}]}}