{"id":7586,"date":"2021-08-13T20:17:29","date_gmt":"2021-08-13T20:17:29","guid":{"rendered":"https:\/\/cvinoticias.com\/v3\/?p=7586"},"modified":"2021-08-13T20:17:29","modified_gmt":"2021-08-13T20:17:29","slug":"la-municipalidad-de-wanda-invita-a-disfrutar-de-la-travesia-ciclistica-85-aniversario-de-wanda","status":"publish","type":"post","link":"https:\/\/cvinoticias.com\/v3\/la-municipalidad-de-wanda-invita-a-disfrutar-de-la-travesia-ciclistica-85-aniversario-de-wanda\/","title":{"rendered":"La Municipalidad de Wanda invita a disfrutar de la \u00abTraves\u00eda Cicl\u00edstica 85\u00b0 Aniversario de Wanda\u00bb"},"content":{"rendered":"\n<p><strong><em>En el marco de los festejos por los 85 aniversario de la localidad de Wanda domingo 15 de agosto se estar\u00e1 desarrollando la 5 fecha del Encuentro Provincial de Clicloturismo, recorriendo una distancia de 35km y 70km.<\/em><\/strong><\/p>\n\n\n\n<p><strong>Consideraciones generales<\/strong><\/p>\n\n\n\n<p><br>1- La preinscripci\u00f3n se realiza a trav\u00e9s del formulario establecido en la plataforma Google. La inscripci\u00f3n quedar\u00e1 confirmada con la asistencia en el d\u00eda del evento y la firma del deslinde de responsabilidad.<br>2- El evento es una TRAVES\u00cdA RECREATIVA NO COMPETITIVA.<br>3- Tanto el recorrido de 35 km como el de 70 km son Circulares. Se sale y llega al mismo punto (Polideportivo Municipal Fitti Kruse). 4- Todo el trayecto estar\u00e1 debidamente se\u00f1alizado y demarcado.<br>5- El recorrido se realizar\u00e1 sobre una base de caminos rurales y vecinales totalmente transitables y algunos tramos menores en senderos con alg\u00fan grado de dificultad t\u00e9cnica en el manejo de la bicicleta.<br>6- Habr\u00e1 puestos de hidrataci\u00f3n aproximadamente cada 12 km (agua, Frutas y dulces)establecidos de antemano y en los cuales se DEPOSITARA LA BASURA INDIVIDUAL GENERADA DURANTE LA ACTIVIDAD.<br>7- la organizaci\u00f3n dispondr\u00e1 de m\u00f3viles que actuar\u00e1n de apoyo en caso de que alguno requiera asistencia, as\u00ed como tambi\u00e9n ambulancia pasiva dispuesta en un punto estrat\u00e9gico por cualquier eventualidad.<br>8- La prueba es totalmente gratuita sin obligaci\u00f3n o imposici\u00f3n de ning\u00fan tipo y la participaci\u00f3n es responsabilidad exclusiva de cada inscripto .<br>9- La organizaci\u00f3n se reserva el derecho de suspender y\/ o modificar la fecha de realizaci\u00f3n en caso de inclemencia clim\u00e1tica prevaleciendo la seguridad por sobre otro aspecto<\/p>\n\n\n\n<p>Las inscripciones son libres y gratuitas, para consultas llamar al 3757433961 (Alfredo). El evento est\u00e1 organizado por MBARET\u00c9 MTB &amp; TRAIL, cuenta con el apoyo de la Municipalidad de Wanda y la Direcci\u00f3n de Deportes Wanda.<\/p>\n","protected":false},"excerpt":{"rendered":"<p>En el marco de los festejos por los 85 aniversario de la localidad de Wanda domingo 15 de agosto se estar\u00e1 desarrollando la 5 fecha del Encuentro Provincial de Clicloturismo, recorriendo una distancia de 35km y 70km. Consideraciones generales 1- La preinscripci\u00f3n se realiza a trav\u00e9s del formulario establecido en la plataforma Google. La inscripci\u00f3n [&hellip;]<\/p>\n","protected":false},"author":2,"featured_media":7588,"comment_status":"open","ping_status":"open","sticky":false,"template":"","format":"standard","meta":{"footnotes":""},"categories":[43],"tags":[],"class_list":["post-7586","post","type-post","status-publish","format-standard","has-post-thumbnail","hentry","category-provinciales"],"yoast_head":"<!-- This site is optimized with the Yoast SEO plugin v27.4 - https:\/\/yoast.com\/product\/yoast-seo-wordpress\/ -->\n<title>La Municipalidad de Wanda invita a disfrutar de la &quot;Traves\u00eda Cicl\u00edstica 85\u00b0 Aniversario de Wanda&quot; | CVI NOTICIAS<\/title>\n<meta name=\"robots\" content=\"index, follow, max-snippet:-1, max-image-preview:large, max-video-preview:-1\" \/>\n<link rel=\"canonical\" href=\"https:\/\/cvinoticias.com\/v3\/la-municipalidad-de-wanda-invita-a-disfrutar-de-la-travesia-ciclistica-85-aniversario-de-wanda\/\" \/>\n<meta property=\"og:locale\" content=\"es_ES\" \/>\n<meta property=\"og:type\" content=\"article\" \/>\n<meta property=\"og:title\" content=\"La Municipalidad de Wanda invita a disfrutar de la &quot;Traves\u00eda Cicl\u00edstica 85\u00b0 Aniversario de Wanda&quot; | CVI NOTICIAS\" \/>\n<meta property=\"og:description\" content=\"En el marco de los festejos por los 85 aniversario de la localidad de Wanda domingo 15 de agosto se estar\u00e1 desarrollando la 5 fecha del Encuentro Provincial de Clicloturismo, recorriendo una distancia de 35km y 70km. Consideraciones generales 1- La preinscripci\u00f3n se realiza a trav\u00e9s del formulario establecido en la plataforma Google. La inscripci\u00f3n [&hellip;]\" \/>\n<meta property=\"og:url\" content=\"https:\/\/cvinoticias.com\/v3\/la-municipalidad-de-wanda-invita-a-disfrutar-de-la-travesia-ciclistica-85-aniversario-de-wanda\/\" \/>\n<meta property=\"og:site_name\" content=\"CVI NOTICIAS\" \/>\n<meta property=\"article:publisher\" content=\"https:\/\/www.facebook.com\/cvinoticias\" \/>\n<meta property=\"article:published_time\" content=\"2021-08-13T20:17:29+00:00\" \/>\n<meta property=\"og:image\" content=\"https:\/\/cvinoticias.com\/wp-content\/uploads\/2021\/08\/Screenshot_20210813-170819_WhatsApp-1.jpg\" \/>\n\t<meta property=\"og:image:width\" content=\"1080\" \/>\n\t<meta property=\"og:image:height\" content=\"1514\" \/>\n\t<meta property=\"og:image:type\" content=\"image\/jpeg\" \/>\n<meta name=\"author\" content=\"f1000024\" \/>\n<meta name=\"twitter:card\" content=\"summary_large_image\" \/>\n<meta name=\"twitter:label1\" content=\"Escrito por\" \/>\n\t<meta name=\"twitter:data1\" content=\"f1000024\" \/>\n\t<meta name=\"twitter:label2\" content=\"Tiempo de lectura\" \/>\n\t<meta name=\"twitter:data2\" content=\"2 minutos\" \/>\n<script type=\"application\/ld+json\" class=\"yoast-schema-graph\">{\"@context\":\"https:\\\/\\\/schema.org\",\"@graph\":[{\"@type\":\"Article\",\"@id\":\"https:\\\/\\\/cvinoticias.com\\\/v3\\\/la-municipalidad-de-wanda-invita-a-disfrutar-de-la-travesia-ciclistica-85-aniversario-de-wanda\\\/#article\",\"isPartOf\":{\"@id\":\"https:\\\/\\\/cvinoticias.com\\\/v3\\\/la-municipalidad-de-wanda-invita-a-disfrutar-de-la-travesia-ciclistica-85-aniversario-de-wanda\\\/\"},\"author\":{\"name\":\"f1000024\",\"@id\":\"https:\\\/\\\/cvinoticias.com\\\/v3\\\/#\\\/schema\\\/person\\\/2db77e3c6bc03c538495d7b2b8be9b66\"},\"headline\":\"La Municipalidad de Wanda invita a disfrutar de la \u00abTraves\u00eda Cicl\u00edstica 85\u00b0 Aniversario de Wanda\u00bb\",\"datePublished\":\"2021-08-13T20:17:29+00:00\",\"mainEntityOfPage\":{\"@id\":\"https:\\\/\\\/cvinoticias.com\\\/v3\\\/la-municipalidad-de-wanda-invita-a-disfrutar-de-la-travesia-ciclistica-85-aniversario-de-wanda\\\/\"},\"wordCount\":324,\"commentCount\":0,\"publisher\":{\"@id\":\"https:\\\/\\\/cvinoticias.com\\\/v3\\\/#organization\"},\"image\":{\"@id\":\"https:\\\/\\\/cvinoticias.com\\\/v3\\\/la-municipalidad-de-wanda-invita-a-disfrutar-de-la-travesia-ciclistica-85-aniversario-de-wanda\\\/#primaryimage\"},\"thumbnailUrl\":\"https:\\\/\\\/cvinoticias.com\\\/wp-content\\\/uploads\\\/2021\\\/08\\\/Screenshot_20210813-170819_WhatsApp-1.jpg\",\"articleSection\":[\"Provinciales\"],\"inLanguage\":\"es\",\"potentialAction\":[{\"@type\":\"CommentAction\",\"name\":\"Comment\",\"target\":[\"https:\\\/\\\/cvinoticias.com\\\/v3\\\/la-municipalidad-de-wanda-invita-a-disfrutar-de-la-travesia-ciclistica-85-aniversario-de-wanda\\\/#respond\"]}]},{\"@type\":\"WebPage\",\"@id\":\"https:\\\/\\\/cvinoticias.com\\\/v3\\\/la-municipalidad-de-wanda-invita-a-disfrutar-de-la-travesia-ciclistica-85-aniversario-de-wanda\\\/\",\"url\":\"https:\\\/\\\/cvinoticias.com\\\/v3\\\/la-municipalidad-de-wanda-invita-a-disfrutar-de-la-travesia-ciclistica-85-aniversario-de-wanda\\\/\",\"name\":\"La Municipalidad de Wanda invita a disfrutar de la \\\"Traves\u00eda Cicl\u00edstica 85\u00b0 Aniversario de Wanda\\\" | CVI NOTICIAS\",\"isPartOf\":{\"@id\":\"https:\\\/\\\/cvinoticias.com\\\/v3\\\/#website\"},\"primaryImageOfPage\":{\"@id\":\"https:\\\/\\\/cvinoticias.com\\\/v3\\\/la-municipalidad-de-wanda-invita-a-disfrutar-de-la-travesia-ciclistica-85-aniversario-de-wanda\\\/#primaryimage\"},\"image\":{\"@id\":\"https:\\\/\\\/cvinoticias.com\\\/v3\\\/la-municipalidad-de-wanda-invita-a-disfrutar-de-la-travesia-ciclistica-85-aniversario-de-wanda\\\/#primaryimage\"},\"thumbnailUrl\":\"https:\\\/\\\/cvinoticias.com\\\/wp-content\\\/uploads\\\/2021\\\/08\\\/Screenshot_20210813-170819_WhatsApp-1.jpg\",\"datePublished\":\"2021-08-13T20:17:29+00:00\",\"breadcrumb\":{\"@id\":\"https:\\\/\\\/cvinoticias.com\\\/v3\\\/la-municipalidad-de-wanda-invita-a-disfrutar-de-la-travesia-ciclistica-85-aniversario-de-wanda\\\/#breadcrumb\"},\"inLanguage\":\"es\",\"potentialAction\":[{\"@type\":\"ReadAction\",\"target\":[\"https:\\\/\\\/cvinoticias.com\\\/v3\\\/la-municipalidad-de-wanda-invita-a-disfrutar-de-la-travesia-ciclistica-85-aniversario-de-wanda\\\/\"]}]},{\"@type\":\"ImageObject\",\"inLanguage\":\"es\",\"@id\":\"https:\\\/\\\/cvinoticias.com\\\/v3\\\/la-municipalidad-de-wanda-invita-a-disfrutar-de-la-travesia-ciclistica-85-aniversario-de-wanda\\\/#primaryimage\",\"url\":\"https:\\\/\\\/cvinoticias.com\\\/wp-content\\\/uploads\\\/2021\\\/08\\\/Screenshot_20210813-170819_WhatsApp-1.jpg\",\"contentUrl\":\"https:\\\/\\\/cvinoticias.com\\\/wp-content\\\/uploads\\\/2021\\\/08\\\/Screenshot_20210813-170819_WhatsApp-1.jpg\",\"width\":1080,\"height\":1514},{\"@type\":\"BreadcrumbList\",\"@id\":\"https:\\\/\\\/cvinoticias.com\\\/v3\\\/la-municipalidad-de-wanda-invita-a-disfrutar-de-la-travesia-ciclistica-85-aniversario-de-wanda\\\/#breadcrumb\",\"itemListElement\":[{\"@type\":\"ListItem\",\"position\":1,\"name\":\"Portada\",\"item\":\"https:\\\/\\\/cvinoticias.com\\\/v3\\\/\"},{\"@type\":\"ListItem\",\"position\":2,\"name\":\"La Municipalidad de Wanda invita a disfrutar de la \u00abTraves\u00eda Cicl\u00edstica 85\u00b0 Aniversario de Wanda\u00bb\"}]},{\"@type\":\"WebSite\",\"@id\":\"https:\\\/\\\/cvinoticias.com\\\/v3\\\/#website\",\"url\":\"https:\\\/\\\/cvinoticias.com\\\/v3\\\/\",\"name\":\"CVI NOTICIAS\",\"description\":\"\",\"publisher\":{\"@id\":\"https:\\\/\\\/cvinoticias.com\\\/v3\\\/#organization\"},\"alternateName\":\"CVI\",\"potentialAction\":[{\"@type\":\"SearchAction\",\"target\":{\"@type\":\"EntryPoint\",\"urlTemplate\":\"https:\\\/\\\/cvinoticias.com\\\/v3\\\/?s={search_term_string}\"},\"query-input\":{\"@type\":\"PropertyValueSpecification\",\"valueRequired\":true,\"valueName\":\"search_term_string\"}}],\"inLanguage\":\"es\"},{\"@type\":\"Organization\",\"@id\":\"https:\\\/\\\/cvinoticias.com\\\/v3\\\/#organization\",\"name\":\"CVI NOTICIAS\",\"url\":\"https:\\\/\\\/cvinoticias.com\\\/v3\\\/\",\"logo\":{\"@type\":\"ImageObject\",\"inLanguage\":\"es\",\"@id\":\"https:\\\/\\\/cvinoticias.com\\\/v3\\\/#\\\/schema\\\/logo\\\/image\\\/\",\"url\":\"https:\\\/\\\/cvinoticias.com\\\/wp-content\\\/uploads\\\/2023\\\/04\\\/cropped-cropped-cropped-cropped-cropped-3-1.png\",\"contentUrl\":\"https:\\\/\\\/cvinoticias.com\\\/wp-content\\\/uploads\\\/2023\\\/04\\\/cropped-cropped-cropped-cropped-cropped-3-1.png\",\"width\":95,\"height\":122,\"caption\":\"CVI NOTICIAS\"},\"image\":{\"@id\":\"https:\\\/\\\/cvinoticias.com\\\/v3\\\/#\\\/schema\\\/logo\\\/image\\\/\"},\"sameAs\":[\"https:\\\/\\\/www.facebook.com\\\/cvinoticias\",\"https:\\\/\\\/www.instagram.com\\\/cvinoticias\\\/\",\"https:\\\/\\\/www.youtube.com\\\/@CVINOTICIAS\"]},{\"@type\":\"Person\",\"@id\":\"https:\\\/\\\/cvinoticias.com\\\/v3\\\/#\\\/schema\\\/person\\\/2db77e3c6bc03c538495d7b2b8be9b66\",\"name\":\"f1000024\",\"image\":{\"@type\":\"ImageObject\",\"inLanguage\":\"es\",\"@id\":\"https:\\\/\\\/secure.gravatar.com\\\/avatar\\\/d4fe7459cfc51ff5129ce1a732bbef5928568b8092d412ef95611616376bbeed?s=96&d=mm&r=g\",\"url\":\"https:\\\/\\\/secure.gravatar.com\\\/avatar\\\/d4fe7459cfc51ff5129ce1a732bbef5928568b8092d412ef95611616376bbeed?s=96&d=mm&r=g\",\"contentUrl\":\"https:\\\/\\\/secure.gravatar.com\\\/avatar\\\/d4fe7459cfc51ff5129ce1a732bbef5928568b8092d412ef95611616376bbeed?s=96&d=mm&r=g\",\"caption\":\"f1000024\"},\"url\":\"https:\\\/\\\/cvinoticias.com\\\/v3\\\/author\\\/f1000024\\\/\"}]}<\/script>\n<!-- \/ Yoast SEO plugin. -->","yoast_head_json":{"title":"La Municipalidad de Wanda invita a disfrutar de la \"Traves\u00eda Cicl\u00edstica 85\u00b0 Aniversario de Wanda\" | CVI NOTICIAS","robots":{"index":"index","follow":"follow","max-snippet":"max-snippet:-1","max-image-preview":"max-image-preview:large","max-video-preview":"max-video-preview:-1"},"canonical":"https:\/\/cvinoticias.com\/v3\/la-municipalidad-de-wanda-invita-a-disfrutar-de-la-travesia-ciclistica-85-aniversario-de-wanda\/","og_locale":"es_ES","og_type":"article","og_title":"La Municipalidad de Wanda invita a disfrutar de la \"Traves\u00eda Cicl\u00edstica 85\u00b0 Aniversario de Wanda\" | CVI NOTICIAS","og_description":"En el marco de los festejos por los 85 aniversario de la localidad de Wanda domingo 15 de agosto se estar\u00e1 desarrollando la 5 fecha del Encuentro Provincial de Clicloturismo, recorriendo una distancia de 35km y 70km. Consideraciones generales 1- La preinscripci\u00f3n se realiza a trav\u00e9s del formulario establecido en la plataforma Google. La inscripci\u00f3n [&hellip;]","og_url":"https:\/\/cvinoticias.com\/v3\/la-municipalidad-de-wanda-invita-a-disfrutar-de-la-travesia-ciclistica-85-aniversario-de-wanda\/","og_site_name":"CVI NOTICIAS","article_publisher":"https:\/\/www.facebook.com\/cvinoticias","article_published_time":"2021-08-13T20:17:29+00:00","og_image":[{"width":1080,"height":1514,"url":"https:\/\/cvinoticias.com\/wp-content\/uploads\/2021\/08\/Screenshot_20210813-170819_WhatsApp-1.jpg","type":"image\/jpeg"}],"author":"f1000024","twitter_card":"summary_large_image","twitter_misc":{"Escrito por":"f1000024","Tiempo de lectura":"2 minutos"},"schema":{"@context":"https:\/\/schema.org","@graph":[{"@type":"Article","@id":"https:\/\/cvinoticias.com\/v3\/la-municipalidad-de-wanda-invita-a-disfrutar-de-la-travesia-ciclistica-85-aniversario-de-wanda\/#article","isPartOf":{"@id":"https:\/\/cvinoticias.com\/v3\/la-municipalidad-de-wanda-invita-a-disfrutar-de-la-travesia-ciclistica-85-aniversario-de-wanda\/"},"author":{"name":"f1000024","@id":"https:\/\/cvinoticias.com\/v3\/#\/schema\/person\/2db77e3c6bc03c538495d7b2b8be9b66"},"headline":"La Municipalidad de Wanda invita a disfrutar de la \u00abTraves\u00eda Cicl\u00edstica 85\u00b0 Aniversario de Wanda\u00bb","datePublished":"2021-08-13T20:17:29+00:00","mainEntityOfPage":{"@id":"https:\/\/cvinoticias.com\/v3\/la-municipalidad-de-wanda-invita-a-disfrutar-de-la-travesia-ciclistica-85-aniversario-de-wanda\/"},"wordCount":324,"commentCount":0,"publisher":{"@id":"https:\/\/cvinoticias.com\/v3\/#organization"},"image":{"@id":"https:\/\/cvinoticias.com\/v3\/la-municipalidad-de-wanda-invita-a-disfrutar-de-la-travesia-ciclistica-85-aniversario-de-wanda\/#primaryimage"},"thumbnailUrl":"https:\/\/cvinoticias.com\/wp-content\/uploads\/2021\/08\/Screenshot_20210813-170819_WhatsApp-1.jpg","articleSection":["Provinciales"],"inLanguage":"es","potentialAction":[{"@type":"CommentAction","name":"Comment","target":["https:\/\/cvinoticias.com\/v3\/la-municipalidad-de-wanda-invita-a-disfrutar-de-la-travesia-ciclistica-85-aniversario-de-wanda\/#respond"]}]},{"@type":"WebPage","@id":"https:\/\/cvinoticias.com\/v3\/la-municipalidad-de-wanda-invita-a-disfrutar-de-la-travesia-ciclistica-85-aniversario-de-wanda\/","url":"https:\/\/cvinoticias.com\/v3\/la-municipalidad-de-wanda-invita-a-disfrutar-de-la-travesia-ciclistica-85-aniversario-de-wanda\/","name":"La Municipalidad de Wanda invita a disfrutar de la \"Traves\u00eda Cicl\u00edstica 85\u00b0 Aniversario de Wanda\" | CVI NOTICIAS","isPartOf":{"@id":"https:\/\/cvinoticias.com\/v3\/#website"},"primaryImageOfPage":{"@id":"https:\/\/cvinoticias.com\/v3\/la-municipalidad-de-wanda-invita-a-disfrutar-de-la-travesia-ciclistica-85-aniversario-de-wanda\/#primaryimage"},"image":{"@id":"https:\/\/cvinoticias.com\/v3\/la-municipalidad-de-wanda-invita-a-disfrutar-de-la-travesia-ciclistica-85-aniversario-de-wanda\/#primaryimage"},"thumbnailUrl":"https:\/\/cvinoticias.com\/wp-content\/uploads\/2021\/08\/Screenshot_20210813-170819_WhatsApp-1.jpg","datePublished":"2021-08-13T20:17:29+00:00","breadcrumb":{"@id":"https:\/\/cvinoticias.com\/v3\/la-municipalidad-de-wanda-invita-a-disfrutar-de-la-travesia-ciclistica-85-aniversario-de-wanda\/#breadcrumb"},"inLanguage":"es","potentialAction":[{"@type":"ReadAction","target":["https:\/\/cvinoticias.com\/v3\/la-municipalidad-de-wanda-invita-a-disfrutar-de-la-travesia-ciclistica-85-aniversario-de-wanda\/"]}]},{"@type":"ImageObject","inLanguage":"es","@id":"https:\/\/cvinoticias.com\/v3\/la-municipalidad-de-wanda-invita-a-disfrutar-de-la-travesia-ciclistica-85-aniversario-de-wanda\/#primaryimage","url":"https:\/\/cvinoticias.com\/wp-content\/uploads\/2021\/08\/Screenshot_20210813-170819_WhatsApp-1.jpg","contentUrl":"https:\/\/cvinoticias.com\/wp-content\/uploads\/2021\/08\/Screenshot_20210813-170819_WhatsApp-1.jpg","width":1080,"height":1514},{"@type":"BreadcrumbList","@id":"https:\/\/cvinoticias.com\/v3\/la-municipalidad-de-wanda-invita-a-disfrutar-de-la-travesia-ciclistica-85-aniversario-de-wanda\/#breadcrumb","itemListElement":[{"@type":"ListItem","position":1,"name":"Portada","item":"https:\/\/cvinoticias.com\/v3\/"},{"@type":"ListItem","position":2,"name":"La Municipalidad de Wanda invita a disfrutar de la \u00abTraves\u00eda Cicl\u00edstica 85\u00b0 Aniversario de Wanda\u00bb"}]},{"@type":"WebSite","@id":"https:\/\/cvinoticias.com\/v3\/#website","url":"https:\/\/cvinoticias.com\/v3\/","name":"CVI NOTICIAS","description":"","publisher":{"@id":"https:\/\/cvinoticias.com\/v3\/#organization"},"alternateName":"CVI","potentialAction":[{"@type":"SearchAction","target":{"@type":"EntryPoint","urlTemplate":"https:\/\/cvinoticias.com\/v3\/?s={search_term_string}"},"query-input":{"@type":"PropertyValueSpecification","valueRequired":true,"valueName":"search_term_string"}}],"inLanguage":"es"},{"@type":"Organization","@id":"https:\/\/cvinoticias.com\/v3\/#organization","name":"CVI NOTICIAS","url":"https:\/\/cvinoticias.com\/v3\/","logo":{"@type":"ImageObject","inLanguage":"es","@id":"https:\/\/cvinoticias.com\/v3\/#\/schema\/logo\/image\/","url":"https:\/\/cvinoticias.com\/wp-content\/uploads\/2023\/04\/cropped-cropped-cropped-cropped-cropped-3-1.png","contentUrl":"https:\/\/cvinoticias.com\/wp-content\/uploads\/2023\/04\/cropped-cropped-cropped-cropped-cropped-3-1.png","width":95,"height":122,"caption":"CVI NOTICIAS"},"image":{"@id":"https:\/\/cvinoticias.com\/v3\/#\/schema\/logo\/image\/"},"sameAs":["https:\/\/www.facebook.com\/cvinoticias","https:\/\/www.instagram.com\/cvinoticias\/","https:\/\/www.youtube.com\/@CVINOTICIAS"]},{"@type":"Person","@id":"https:\/\/cvinoticias.com\/v3\/#\/schema\/person\/2db77e3c6bc03c538495d7b2b8be9b66","name":"f1000024","image":{"@type":"ImageObject","inLanguage":"es","@id":"https:\/\/secure.gravatar.com\/avatar\/d4fe7459cfc51ff5129ce1a732bbef5928568b8092d412ef95611616376bbeed?s=96&d=mm&r=g","url":"https:\/\/secure.gravatar.com\/avatar\/d4fe7459cfc51ff5129ce1a732bbef5928568b8092d412ef95611616376bbeed?s=96&d=mm&r=g","contentUrl":"https:\/\/secure.gravatar.com\/avatar\/d4fe7459cfc51ff5129ce1a732bbef5928568b8092d412ef95611616376bbeed?s=96&d=mm&r=g","caption":"f1000024"},"url":"https:\/\/cvinoticias.com\/v3\/author\/f1000024\/"}]}},"_links":{"self":[{"href":"https:\/\/cvinoticias.com\/v3\/wp-json\/wp\/v2\/posts\/7586","targetHints":{"allow":["GET"]}}],"collection":[{"href":"https:\/\/cvinoticias.com\/v3\/wp-json\/wp\/v2\/posts"}],"about":[{"href":"https:\/\/cvinoticias.com\/v3\/wp-json\/wp\/v2\/types\/post"}],"author":[{"embeddable":true,"href":"https:\/\/cvinoticias.com\/v3\/wp-json\/wp\/v2\/users\/2"}],"replies":[{"embeddable":true,"href":"https:\/\/cvinoticias.com\/v3\/wp-json\/wp\/v2\/comments?post=7586"}],"version-history":[{"count":1,"href":"https:\/\/cvinoticias.com\/v3\/wp-json\/wp\/v2\/posts\/7586\/revisions"}],"predecessor-version":[{"id":7589,"href":"https:\/\/cvinoticias.com\/v3\/wp-json\/wp\/v2\/posts\/7586\/revisions\/7589"}],"wp:featuredmedia":[{"embeddable":true,"href":"https:\/\/cvinoticias.com\/v3\/wp-json\/wp\/v2\/media\/7588"}],"wp:attachment":[{"href":"https:\/\/cvinoticias.com\/v3\/wp-json\/wp\/v2\/media?parent=7586"}],"wp:term":[{"taxonomy":"category","embeddable":true,"href":"https:\/\/cvinoticias.com\/v3\/wp-json\/wp\/v2\/categories?post=7586"},{"taxonomy":"post_tag","embeddable":true,"href":"https:\/\/cvinoticias.com\/v3\/wp-json\/wp\/v2\/tags?post=7586"}],"curies":[{"name":"wp","href":"https:\/\/api.w.org\/{rel}","templated":true}]}}