{"id":7583,"date":"2021-08-13T16:17:58","date_gmt":"2021-08-13T16:17:58","guid":{"rendered":"https:\/\/cvinoticias.com\/v3\/?p=7583"},"modified":"2021-08-13T16:17:58","modified_gmt":"2021-08-13T16:17:58","slug":"donde-voto-consulta-el-padron-electoral-para-las-elecciones-2021","status":"publish","type":"post","link":"https:\/\/cvinoticias.com\/v3\/donde-voto-consulta-el-padron-electoral-para-las-elecciones-2021\/","title":{"rendered":"D\u00f3nde voto: consult\u00e1 el padr\u00f3n electoral para las elecciones 2021"},"content":{"rendered":"\n<p><strong><em>PASO del 12 de septiembre y las legislativas del 14 de noviembre: la C\u00e1mara Nacional Electoral oficializ\u00f3 los lugares de votaci\u00f3n<\/em><\/strong><\/p>\n\n\n\n<p>Los argentinos podr\u00e1n consultar el padr\u00f3n definitivo para estas elecciones legislativas 2021 a partir de este viernes, seg\u00fan inform\u00f3 la C\u00e1mara Nacional Electoral. El domingo 12 de septiembre se llevar\u00e1n a cabo las elecciones Primarias Abiertas, Simult\u00e1neas y Obligatorias (PASO) en las que se definir\u00e1 qui\u00e9nes ser\u00e1n los candidatos a diputados y senadores -seg\u00fan las provincias- habilitados para competir en los comicios generales del 14 de noviembre.<\/p>\n\n\n\n<p>En el padr\u00f3n definitivo publicado por la Justicia Nacional Electoral los electores pueden consultar la escuela donde deber\u00e1n votar, la mesa de votaci\u00f3n y el n\u00famero de orden. Para hacer una consulta, el usuario tiene que ingresar su n\u00famero de documento (todo junto, sin puntos), el distrito que figura en el DNI y completar un recuadro para confirmar que la consulta es realizada por una persona.<\/p>\n\n\n\n<p>A continuaci\u00f3n, el sistema revelar\u00e1 la escuela donde el elector tendr\u00e1 que ir a votar el 12 de septiembre y el 14 de noviembre, as\u00ed como el n\u00famero de mesa. En caso de tener alguna consulta o reclamo, los votantes pueden llamar a la l\u00ednea 0800-999-7237 o enviar un mensaje de texto al n\u00famero 30777 con la palabra VOTO seguida de espacio, n\u00famero de DNI, espacio y la letra M o F (masculino o femenino).<\/p>\n\n\n\n<p>Para eso, la C\u00e1mara Nacional Electoral habilit\u00f3 en su sitio web www.electoral.gob.ar y en www.padron.gob.ar la consulta del padr\u00f3n definitivo. Adem\u00e1s, \u201cdebido a la actual situaci\u00f3n sanitaria que se vive con respecto a la pandemia ocasionada por el COVID-19, se han incrementado significativamente los lugares de votaci\u00f3n. Es por ello que es de suma importancia que la ciudadan\u00eda habilitada para votar haga las consultas pertinentes para constatar los posibles cambios que se hayan podido realizar\u201d, informaron.<\/p>\n\n\n\n<p>El pasado 3 de agosto, el Tribunal aprob\u00f3 el \u201cProtocolo sanitario de prevenci\u00f3n COVID-19 \u2013 Elecciones nacionales 2021\u201d, que establece distintas medidas sanitarias y organizativas para llevar a cabo las pr\u00f3ximas elecciones nacionales en el contexto de pandemia.<\/p>\n\n\n\n<p>Las elecciones legislativas en Argentina de este a\u00f1o sufrieron un cambio de fecha \u201cpor \u00fanica vez debido contexto de pandemia por COVID-19\u2033, seg\u00fan lo estableci\u00f3 el Bolet\u00edn Oficial que promulg\u00f3 la ley que aprob\u00f3 el Congreso. Si bien se sol\u00edan realizar en los meses de agosto y octubre, este 2021 las fechas ser\u00e1n en septiembre y noviembre.<\/p>\n\n\n\n<p>La ley N\u00b0 27.631 sancionada por el Congreso Nacional el pasado 2 de junio estableci\u00f3 el nuevo cronograma electoral a ra\u00edz de la situaci\u00f3n epidemiol\u00f3gica que atraviesa el pa\u00eds. De esta forma, por \u00fanica vez, las elecciones Primarias, Abiertas, Simult\u00e1neas y Obligatorias (PASO) se realizar\u00e1n el domingo 12 de septiembre, mientras que las generales para votar el recambio de legisladores tendr\u00e1 su lugar el domingo 14 de noviembre.<\/p>\n\n\n\n<p>En esas fechas se votar\u00e1 para renovar la mitad de la C\u00e1mara de Diputados (127 de 257 bancas) y un tercio del Senado (24 de 72). Las provincias que eligen senadores son Catamarca, Chubut, C\u00f3rdoba, Corrientes, La Pampa, Mendoza, Santa Fe y Tucum\u00e1n.<\/p>\n\n\n\n<p>El art\u00edculo 3 de la norma tambi\u00e9n modific\u00f3 \u201cpor \u00fanica vez\u201d, \u201ccon car\u00e1cter de excepci\u00f3n\u201d y \u201csolo para las elecciones nacionales 2021\u2033, el plazo que estaba previsto para el registro de candidatos y pedido de oficializaci\u00f3n de listas, que fue \u201cde hasta 45 d\u00edas anteriores a la elecci\u00f3n\u201d, como ocurri\u00f3 el pasado 24 de julio.<\/p>\n","protected":false},"excerpt":{"rendered":"<p>PASO del 12 de septiembre y las legislativas del 14 de noviembre: la C\u00e1mara Nacional Electoral oficializ\u00f3 los lugares de votaci\u00f3n Los argentinos podr\u00e1n consultar el padr\u00f3n definitivo para estas elecciones legislativas 2021 a partir de este viernes, seg\u00fan inform\u00f3 la C\u00e1mara Nacional Electoral. El domingo 12 de septiembre se llevar\u00e1n a cabo las elecciones [&hellip;]<\/p>\n","protected":false},"author":2,"featured_media":7584,"comment_status":"open","ping_status":"open","sticky":false,"template":"","format":"standard","meta":{"footnotes":""},"categories":[35],"tags":[],"class_list":["post-7583","post","type-post","status-publish","format-standard","has-post-thumbnail","hentry","category-informacion-general"],"yoast_head":"<!-- This site is optimized with the Yoast SEO plugin v27.4 - https:\/\/yoast.com\/product\/yoast-seo-wordpress\/ -->\n<title>D\u00f3nde voto: consult\u00e1 el padr\u00f3n electoral para las elecciones 2021 | CVI NOTICIAS<\/title>\n<meta name=\"robots\" content=\"index, follow, max-snippet:-1, max-image-preview:large, max-video-preview:-1\" \/>\n<link rel=\"canonical\" href=\"https:\/\/cvinoticias.com\/v3\/donde-voto-consulta-el-padron-electoral-para-las-elecciones-2021\/\" \/>\n<meta property=\"og:locale\" content=\"es_ES\" \/>\n<meta property=\"og:type\" content=\"article\" \/>\n<meta property=\"og:title\" content=\"D\u00f3nde voto: consult\u00e1 el padr\u00f3n electoral para las elecciones 2021 | CVI NOTICIAS\" \/>\n<meta property=\"og:description\" content=\"PASO del 12 de septiembre y las legislativas del 14 de noviembre: la C\u00e1mara Nacional Electoral oficializ\u00f3 los lugares de votaci\u00f3n Los argentinos podr\u00e1n consultar el padr\u00f3n definitivo para estas elecciones legislativas 2021 a partir de este viernes, seg\u00fan inform\u00f3 la C\u00e1mara Nacional Electoral. El domingo 12 de septiembre se llevar\u00e1n a cabo las elecciones [&hellip;]\" \/>\n<meta property=\"og:url\" content=\"https:\/\/cvinoticias.com\/v3\/donde-voto-consulta-el-padron-electoral-para-las-elecciones-2021\/\" \/>\n<meta property=\"og:site_name\" content=\"CVI NOTICIAS\" \/>\n<meta property=\"article:publisher\" content=\"https:\/\/www.facebook.com\/cvinoticias\" \/>\n<meta property=\"article:published_time\" content=\"2021-08-13T16:17:58+00:00\" \/>\n<meta property=\"og:image\" content=\"https:\/\/cvinoticias.com\/wp-content\/uploads\/2021\/08\/padron-provisorio-electoral-2021-argentina-pdf.jpg\" \/>\n\t<meta property=\"og:image:width\" content=\"1920\" \/>\n\t<meta property=\"og:image:height\" content=\"1080\" \/>\n\t<meta property=\"og:image:type\" content=\"image\/jpeg\" \/>\n<meta name=\"author\" content=\"f1000024\" \/>\n<meta name=\"twitter:card\" content=\"summary_large_image\" \/>\n<meta name=\"twitter:label1\" content=\"Escrito por\" \/>\n\t<meta name=\"twitter:data1\" content=\"f1000024\" \/>\n\t<meta name=\"twitter:label2\" content=\"Tiempo de lectura\" \/>\n\t<meta name=\"twitter:data2\" content=\"3 minutos\" \/>\n<script type=\"application\/ld+json\" class=\"yoast-schema-graph\">{\"@context\":\"https:\\\/\\\/schema.org\",\"@graph\":[{\"@type\":\"Article\",\"@id\":\"https:\\\/\\\/cvinoticias.com\\\/v3\\\/donde-voto-consulta-el-padron-electoral-para-las-elecciones-2021\\\/#article\",\"isPartOf\":{\"@id\":\"https:\\\/\\\/cvinoticias.com\\\/v3\\\/donde-voto-consulta-el-padron-electoral-para-las-elecciones-2021\\\/\"},\"author\":{\"name\":\"f1000024\",\"@id\":\"https:\\\/\\\/cvinoticias.com\\\/v3\\\/#\\\/schema\\\/person\\\/2db77e3c6bc03c538495d7b2b8be9b66\"},\"headline\":\"D\u00f3nde voto: consult\u00e1 el padr\u00f3n electoral para las elecciones 2021\",\"datePublished\":\"2021-08-13T16:17:58+00:00\",\"mainEntityOfPage\":{\"@id\":\"https:\\\/\\\/cvinoticias.com\\\/v3\\\/donde-voto-consulta-el-padron-electoral-para-las-elecciones-2021\\\/\"},\"wordCount\":610,\"commentCount\":0,\"publisher\":{\"@id\":\"https:\\\/\\\/cvinoticias.com\\\/v3\\\/#organization\"},\"image\":{\"@id\":\"https:\\\/\\\/cvinoticias.com\\\/v3\\\/donde-voto-consulta-el-padron-electoral-para-las-elecciones-2021\\\/#primaryimage\"},\"thumbnailUrl\":\"https:\\\/\\\/cvinoticias.com\\\/wp-content\\\/uploads\\\/2021\\\/08\\\/padron-provisorio-electoral-2021-argentina-pdf.jpg\",\"articleSection\":[\"Informaci\u00f3n General\"],\"inLanguage\":\"es\",\"potentialAction\":[{\"@type\":\"CommentAction\",\"name\":\"Comment\",\"target\":[\"https:\\\/\\\/cvinoticias.com\\\/v3\\\/donde-voto-consulta-el-padron-electoral-para-las-elecciones-2021\\\/#respond\"]}]},{\"@type\":\"WebPage\",\"@id\":\"https:\\\/\\\/cvinoticias.com\\\/v3\\\/donde-voto-consulta-el-padron-electoral-para-las-elecciones-2021\\\/\",\"url\":\"https:\\\/\\\/cvinoticias.com\\\/v3\\\/donde-voto-consulta-el-padron-electoral-para-las-elecciones-2021\\\/\",\"name\":\"D\u00f3nde voto: consult\u00e1 el padr\u00f3n electoral para las elecciones 2021 | CVI NOTICIAS\",\"isPartOf\":{\"@id\":\"https:\\\/\\\/cvinoticias.com\\\/v3\\\/#website\"},\"primaryImageOfPage\":{\"@id\":\"https:\\\/\\\/cvinoticias.com\\\/v3\\\/donde-voto-consulta-el-padron-electoral-para-las-elecciones-2021\\\/#primaryimage\"},\"image\":{\"@id\":\"https:\\\/\\\/cvinoticias.com\\\/v3\\\/donde-voto-consulta-el-padron-electoral-para-las-elecciones-2021\\\/#primaryimage\"},\"thumbnailUrl\":\"https:\\\/\\\/cvinoticias.com\\\/wp-content\\\/uploads\\\/2021\\\/08\\\/padron-provisorio-electoral-2021-argentina-pdf.jpg\",\"datePublished\":\"2021-08-13T16:17:58+00:00\",\"breadcrumb\":{\"@id\":\"https:\\\/\\\/cvinoticias.com\\\/v3\\\/donde-voto-consulta-el-padron-electoral-para-las-elecciones-2021\\\/#breadcrumb\"},\"inLanguage\":\"es\",\"potentialAction\":[{\"@type\":\"ReadAction\",\"target\":[\"https:\\\/\\\/cvinoticias.com\\\/v3\\\/donde-voto-consulta-el-padron-electoral-para-las-elecciones-2021\\\/\"]}]},{\"@type\":\"ImageObject\",\"inLanguage\":\"es\",\"@id\":\"https:\\\/\\\/cvinoticias.com\\\/v3\\\/donde-voto-consulta-el-padron-electoral-para-las-elecciones-2021\\\/#primaryimage\",\"url\":\"https:\\\/\\\/cvinoticias.com\\\/wp-content\\\/uploads\\\/2021\\\/08\\\/padron-provisorio-electoral-2021-argentina-pdf.jpg\",\"contentUrl\":\"https:\\\/\\\/cvinoticias.com\\\/wp-content\\\/uploads\\\/2021\\\/08\\\/padron-provisorio-electoral-2021-argentina-pdf.jpg\",\"width\":1920,\"height\":1080},{\"@type\":\"BreadcrumbList\",\"@id\":\"https:\\\/\\\/cvinoticias.com\\\/v3\\\/donde-voto-consulta-el-padron-electoral-para-las-elecciones-2021\\\/#breadcrumb\",\"itemListElement\":[{\"@type\":\"ListItem\",\"position\":1,\"name\":\"Portada\",\"item\":\"https:\\\/\\\/cvinoticias.com\\\/v3\\\/\"},{\"@type\":\"ListItem\",\"position\":2,\"name\":\"D\u00f3nde voto: consult\u00e1 el padr\u00f3n electoral para las elecciones 2021\"}]},{\"@type\":\"WebSite\",\"@id\":\"https:\\\/\\\/cvinoticias.com\\\/v3\\\/#website\",\"url\":\"https:\\\/\\\/cvinoticias.com\\\/v3\\\/\",\"name\":\"CVI NOTICIAS\",\"description\":\"\",\"publisher\":{\"@id\":\"https:\\\/\\\/cvinoticias.com\\\/v3\\\/#organization\"},\"alternateName\":\"CVI\",\"potentialAction\":[{\"@type\":\"SearchAction\",\"target\":{\"@type\":\"EntryPoint\",\"urlTemplate\":\"https:\\\/\\\/cvinoticias.com\\\/v3\\\/?s={search_term_string}\"},\"query-input\":{\"@type\":\"PropertyValueSpecification\",\"valueRequired\":true,\"valueName\":\"search_term_string\"}}],\"inLanguage\":\"es\"},{\"@type\":\"Organization\",\"@id\":\"https:\\\/\\\/cvinoticias.com\\\/v3\\\/#organization\",\"name\":\"CVI NOTICIAS\",\"url\":\"https:\\\/\\\/cvinoticias.com\\\/v3\\\/\",\"logo\":{\"@type\":\"ImageObject\",\"inLanguage\":\"es\",\"@id\":\"https:\\\/\\\/cvinoticias.com\\\/v3\\\/#\\\/schema\\\/logo\\\/image\\\/\",\"url\":\"https:\\\/\\\/cvinoticias.com\\\/wp-content\\\/uploads\\\/2023\\\/04\\\/cropped-cropped-cropped-cropped-cropped-3-1.png\",\"contentUrl\":\"https:\\\/\\\/cvinoticias.com\\\/wp-content\\\/uploads\\\/2023\\\/04\\\/cropped-cropped-cropped-cropped-cropped-3-1.png\",\"width\":95,\"height\":122,\"caption\":\"CVI NOTICIAS\"},\"image\":{\"@id\":\"https:\\\/\\\/cvinoticias.com\\\/v3\\\/#\\\/schema\\\/logo\\\/image\\\/\"},\"sameAs\":[\"https:\\\/\\\/www.facebook.com\\\/cvinoticias\",\"https:\\\/\\\/www.instagram.com\\\/cvinoticias\\\/\",\"https:\\\/\\\/www.youtube.com\\\/@CVINOTICIAS\"]},{\"@type\":\"Person\",\"@id\":\"https:\\\/\\\/cvinoticias.com\\\/v3\\\/#\\\/schema\\\/person\\\/2db77e3c6bc03c538495d7b2b8be9b66\",\"name\":\"f1000024\",\"image\":{\"@type\":\"ImageObject\",\"inLanguage\":\"es\",\"@id\":\"https:\\\/\\\/secure.gravatar.com\\\/avatar\\\/d4fe7459cfc51ff5129ce1a732bbef5928568b8092d412ef95611616376bbeed?s=96&d=mm&r=g\",\"url\":\"https:\\\/\\\/secure.gravatar.com\\\/avatar\\\/d4fe7459cfc51ff5129ce1a732bbef5928568b8092d412ef95611616376bbeed?s=96&d=mm&r=g\",\"contentUrl\":\"https:\\\/\\\/secure.gravatar.com\\\/avatar\\\/d4fe7459cfc51ff5129ce1a732bbef5928568b8092d412ef95611616376bbeed?s=96&d=mm&r=g\",\"caption\":\"f1000024\"},\"url\":\"https:\\\/\\\/cvinoticias.com\\\/v3\\\/author\\\/f1000024\\\/\"}]}<\/script>\n<!-- \/ Yoast SEO plugin. -->","yoast_head_json":{"title":"D\u00f3nde voto: consult\u00e1 el padr\u00f3n electoral para las elecciones 2021 | CVI NOTICIAS","robots":{"index":"index","follow":"follow","max-snippet":"max-snippet:-1","max-image-preview":"max-image-preview:large","max-video-preview":"max-video-preview:-1"},"canonical":"https:\/\/cvinoticias.com\/v3\/donde-voto-consulta-el-padron-electoral-para-las-elecciones-2021\/","og_locale":"es_ES","og_type":"article","og_title":"D\u00f3nde voto: consult\u00e1 el padr\u00f3n electoral para las elecciones 2021 | CVI NOTICIAS","og_description":"PASO del 12 de septiembre y las legislativas del 14 de noviembre: la C\u00e1mara Nacional Electoral oficializ\u00f3 los lugares de votaci\u00f3n Los argentinos podr\u00e1n consultar el padr\u00f3n definitivo para estas elecciones legislativas 2021 a partir de este viernes, seg\u00fan inform\u00f3 la C\u00e1mara Nacional Electoral. El domingo 12 de septiembre se llevar\u00e1n a cabo las elecciones [&hellip;]","og_url":"https:\/\/cvinoticias.com\/v3\/donde-voto-consulta-el-padron-electoral-para-las-elecciones-2021\/","og_site_name":"CVI NOTICIAS","article_publisher":"https:\/\/www.facebook.com\/cvinoticias","article_published_time":"2021-08-13T16:17:58+00:00","og_image":[{"width":1920,"height":1080,"url":"https:\/\/cvinoticias.com\/wp-content\/uploads\/2021\/08\/padron-provisorio-electoral-2021-argentina-pdf.jpg","type":"image\/jpeg"}],"author":"f1000024","twitter_card":"summary_large_image","twitter_misc":{"Escrito por":"f1000024","Tiempo de lectura":"3 minutos"},"schema":{"@context":"https:\/\/schema.org","@graph":[{"@type":"Article","@id":"https:\/\/cvinoticias.com\/v3\/donde-voto-consulta-el-padron-electoral-para-las-elecciones-2021\/#article","isPartOf":{"@id":"https:\/\/cvinoticias.com\/v3\/donde-voto-consulta-el-padron-electoral-para-las-elecciones-2021\/"},"author":{"name":"f1000024","@id":"https:\/\/cvinoticias.com\/v3\/#\/schema\/person\/2db77e3c6bc03c538495d7b2b8be9b66"},"headline":"D\u00f3nde voto: consult\u00e1 el padr\u00f3n electoral para las elecciones 2021","datePublished":"2021-08-13T16:17:58+00:00","mainEntityOfPage":{"@id":"https:\/\/cvinoticias.com\/v3\/donde-voto-consulta-el-padron-electoral-para-las-elecciones-2021\/"},"wordCount":610,"commentCount":0,"publisher":{"@id":"https:\/\/cvinoticias.com\/v3\/#organization"},"image":{"@id":"https:\/\/cvinoticias.com\/v3\/donde-voto-consulta-el-padron-electoral-para-las-elecciones-2021\/#primaryimage"},"thumbnailUrl":"https:\/\/cvinoticias.com\/wp-content\/uploads\/2021\/08\/padron-provisorio-electoral-2021-argentina-pdf.jpg","articleSection":["Informaci\u00f3n General"],"inLanguage":"es","potentialAction":[{"@type":"CommentAction","name":"Comment","target":["https:\/\/cvinoticias.com\/v3\/donde-voto-consulta-el-padron-electoral-para-las-elecciones-2021\/#respond"]}]},{"@type":"WebPage","@id":"https:\/\/cvinoticias.com\/v3\/donde-voto-consulta-el-padron-electoral-para-las-elecciones-2021\/","url":"https:\/\/cvinoticias.com\/v3\/donde-voto-consulta-el-padron-electoral-para-las-elecciones-2021\/","name":"D\u00f3nde voto: consult\u00e1 el padr\u00f3n electoral para las elecciones 2021 | CVI NOTICIAS","isPartOf":{"@id":"https:\/\/cvinoticias.com\/v3\/#website"},"primaryImageOfPage":{"@id":"https:\/\/cvinoticias.com\/v3\/donde-voto-consulta-el-padron-electoral-para-las-elecciones-2021\/#primaryimage"},"image":{"@id":"https:\/\/cvinoticias.com\/v3\/donde-voto-consulta-el-padron-electoral-para-las-elecciones-2021\/#primaryimage"},"thumbnailUrl":"https:\/\/cvinoticias.com\/wp-content\/uploads\/2021\/08\/padron-provisorio-electoral-2021-argentina-pdf.jpg","datePublished":"2021-08-13T16:17:58+00:00","breadcrumb":{"@id":"https:\/\/cvinoticias.com\/v3\/donde-voto-consulta-el-padron-electoral-para-las-elecciones-2021\/#breadcrumb"},"inLanguage":"es","potentialAction":[{"@type":"ReadAction","target":["https:\/\/cvinoticias.com\/v3\/donde-voto-consulta-el-padron-electoral-para-las-elecciones-2021\/"]}]},{"@type":"ImageObject","inLanguage":"es","@id":"https:\/\/cvinoticias.com\/v3\/donde-voto-consulta-el-padron-electoral-para-las-elecciones-2021\/#primaryimage","url":"https:\/\/cvinoticias.com\/wp-content\/uploads\/2021\/08\/padron-provisorio-electoral-2021-argentina-pdf.jpg","contentUrl":"https:\/\/cvinoticias.com\/wp-content\/uploads\/2021\/08\/padron-provisorio-electoral-2021-argentina-pdf.jpg","width":1920,"height":1080},{"@type":"BreadcrumbList","@id":"https:\/\/cvinoticias.com\/v3\/donde-voto-consulta-el-padron-electoral-para-las-elecciones-2021\/#breadcrumb","itemListElement":[{"@type":"ListItem","position":1,"name":"Portada","item":"https:\/\/cvinoticias.com\/v3\/"},{"@type":"ListItem","position":2,"name":"D\u00f3nde voto: consult\u00e1 el padr\u00f3n electoral para las elecciones 2021"}]},{"@type":"WebSite","@id":"https:\/\/cvinoticias.com\/v3\/#website","url":"https:\/\/cvinoticias.com\/v3\/","name":"CVI NOTICIAS","description":"","publisher":{"@id":"https:\/\/cvinoticias.com\/v3\/#organization"},"alternateName":"CVI","potentialAction":[{"@type":"SearchAction","target":{"@type":"EntryPoint","urlTemplate":"https:\/\/cvinoticias.com\/v3\/?s={search_term_string}"},"query-input":{"@type":"PropertyValueSpecification","valueRequired":true,"valueName":"search_term_string"}}],"inLanguage":"es"},{"@type":"Organization","@id":"https:\/\/cvinoticias.com\/v3\/#organization","name":"CVI NOTICIAS","url":"https:\/\/cvinoticias.com\/v3\/","logo":{"@type":"ImageObject","inLanguage":"es","@id":"https:\/\/cvinoticias.com\/v3\/#\/schema\/logo\/image\/","url":"https:\/\/cvinoticias.com\/wp-content\/uploads\/2023\/04\/cropped-cropped-cropped-cropped-cropped-3-1.png","contentUrl":"https:\/\/cvinoticias.com\/wp-content\/uploads\/2023\/04\/cropped-cropped-cropped-cropped-cropped-3-1.png","width":95,"height":122,"caption":"CVI NOTICIAS"},"image":{"@id":"https:\/\/cvinoticias.com\/v3\/#\/schema\/logo\/image\/"},"sameAs":["https:\/\/www.facebook.com\/cvinoticias","https:\/\/www.instagram.com\/cvinoticias\/","https:\/\/www.youtube.com\/@CVINOTICIAS"]},{"@type":"Person","@id":"https:\/\/cvinoticias.com\/v3\/#\/schema\/person\/2db77e3c6bc03c538495d7b2b8be9b66","name":"f1000024","image":{"@type":"ImageObject","inLanguage":"es","@id":"https:\/\/secure.gravatar.com\/avatar\/d4fe7459cfc51ff5129ce1a732bbef5928568b8092d412ef95611616376bbeed?s=96&d=mm&r=g","url":"https:\/\/secure.gravatar.com\/avatar\/d4fe7459cfc51ff5129ce1a732bbef5928568b8092d412ef95611616376bbeed?s=96&d=mm&r=g","contentUrl":"https:\/\/secure.gravatar.com\/avatar\/d4fe7459cfc51ff5129ce1a732bbef5928568b8092d412ef95611616376bbeed?s=96&d=mm&r=g","caption":"f1000024"},"url":"https:\/\/cvinoticias.com\/v3\/author\/f1000024\/"}]}},"_links":{"self":[{"href":"https:\/\/cvinoticias.com\/v3\/wp-json\/wp\/v2\/posts\/7583","targetHints":{"allow":["GET"]}}],"collection":[{"href":"https:\/\/cvinoticias.com\/v3\/wp-json\/wp\/v2\/posts"}],"about":[{"href":"https:\/\/cvinoticias.com\/v3\/wp-json\/wp\/v2\/types\/post"}],"author":[{"embeddable":true,"href":"https:\/\/cvinoticias.com\/v3\/wp-json\/wp\/v2\/users\/2"}],"replies":[{"embeddable":true,"href":"https:\/\/cvinoticias.com\/v3\/wp-json\/wp\/v2\/comments?post=7583"}],"version-history":[{"count":1,"href":"https:\/\/cvinoticias.com\/v3\/wp-json\/wp\/v2\/posts\/7583\/revisions"}],"predecessor-version":[{"id":7585,"href":"https:\/\/cvinoticias.com\/v3\/wp-json\/wp\/v2\/posts\/7583\/revisions\/7585"}],"wp:featuredmedia":[{"embeddable":true,"href":"https:\/\/cvinoticias.com\/v3\/wp-json\/wp\/v2\/media\/7584"}],"wp:attachment":[{"href":"https:\/\/cvinoticias.com\/v3\/wp-json\/wp\/v2\/media?parent=7583"}],"wp:term":[{"taxonomy":"category","embeddable":true,"href":"https:\/\/cvinoticias.com\/v3\/wp-json\/wp\/v2\/categories?post=7583"},{"taxonomy":"post_tag","embeddable":true,"href":"https:\/\/cvinoticias.com\/v3\/wp-json\/wp\/v2\/tags?post=7583"}],"curies":[{"name":"wp","href":"https:\/\/api.w.org\/{rel}","templated":true}]}}