{"id":7573,"date":"2021-08-13T12:27:25","date_gmt":"2021-08-13T12:27:25","guid":{"rendered":"https:\/\/cvinoticias.com\/v3\/?p=7573"},"modified":"2021-08-13T12:27:25","modified_gmt":"2021-08-13T12:27:25","slug":"presentan-pedido-de-apertura-progresivo-del-puente-tancredo-neves","status":"publish","type":"post","link":"https:\/\/cvinoticias.com\/v3\/presentan-pedido-de-apertura-progresivo-del-puente-tancredo-neves\/","title":{"rendered":"Presentan pedido de apertura progresivo del puente Tancredo Neves"},"content":{"rendered":"\n<p><strong>Instan a la apertura de un corredor seguro en el Paso Internacional Tancredo Neves con un protocolo sanitario y mecanismos de testeo. El pedido lleg\u00f3 por parte de la Diputada Nacional Cristina Br\u00edtez dada la situaci\u00f3n econ\u00f3mica de la poblaci\u00f3n de Puerto Iguaz\u00fa, donde gran parte de su matriz productiva, se basa en el comercio fronterizo y el turismo internacional.<\/strong><\/p>\n\n\n\n<p>La Diputada Nacional por el Frente de Todos a trav\u00e9s de un pedido de Declaraci\u00f3n solicita a las autoridades&nbsp; provinciales la implementaci\u00f3n de un protocolo sanitario que incluya mecanismos de testeo, aislamiento y env\u00edo de los testeo, que posibiliten la apertura del puente Tancredo Neves y habilitar as\u00ed el tr\u00e1fico fronterizo.<\/p>\n\n\n\n<p>Br\u00edtez sostuvo que \u201c<em>la poblaci\u00f3n de Puerto Iguaz\u00fa se encuentra sumergida en una gran depresi\u00f3n, producto de no ver se\u00f1ales de reactivaci\u00f3n de la actividad tur\u00edstica\u201d. En esa direcci\u00f3n explic\u00f3 que \u201cuna apertura progresiva del paso cambiar\u00e1 el \u00e1nimo de la comunidad con el fin de comenzar con una apertura de la actividad en un futuro, adaptar y garantizar los m\u00e1s altos est\u00e1ndares de atenci\u00f3n que se brindan en una de las 7 Maravillas Naturales del Planeta, como as\u00ed tambi\u00e9n el funcionamiento de los Organismos Nacionales, Provinciales y Municipales que interact\u00faan con el visitante<\/em>\u201d.<\/p>\n\n\n\n<p>En ese sentido, la Diputada explic\u00f3 que \u201c<em>desde la Jefatura de Gabinete de Ministros se emiti\u00f3 la Decisi\u00f3n Administrativa 793\/2021 que aborda lineamientos de una reapertura progresiva de actividades internacionales tur\u00edsticas y no tur\u00edsticas con el fin de amenizar los efectos que la pandemia est\u00e1 teniendo en los destinos m\u00e1s tur\u00edsticos del pa\u00eds<\/em>\u201d.<\/p>\n\n\n\n<p>La misiva establece la implementaci\u00f3n de dos corredores seguros a partir del 6 de septiembre pr\u00f3ximo por eso \u201c<em>el proyecto busca instar al Gobernador de la Provincia de Misiones a avanzar en la apertura de los pasos fronterizos de nuestra provincia en general y del paso Internacional Tancredo Neves en particular\u201d. \u201cEn la actualidad, el Sector Tur\u00edstico de Puerto Iguaz\u00fa, cuenta con el 90% de los trabajadores de la actividad inmunizados, por lo que se encuentran en condiciones de reanudar la actividad en forma segura<\/em>\u201d mencion\u00f3 Br\u00edtez.<\/p>\n","protected":false},"excerpt":{"rendered":"<p>Instan a la apertura de un corredor seguro en el Paso Internacional Tancredo Neves con un protocolo sanitario y mecanismos de testeo. El pedido lleg\u00f3 por parte de la Diputada Nacional Cristina Br\u00edtez dada la situaci\u00f3n econ\u00f3mica de la poblaci\u00f3n de Puerto Iguaz\u00fa, donde gran parte de su matriz productiva, se basa en el comercio [&hellip;]<\/p>\n","protected":false},"author":2,"featured_media":7574,"comment_status":"open","ping_status":"open","sticky":false,"template":"","format":"standard","meta":{"footnotes":""},"categories":[42],"tags":[],"class_list":["post-7573","post","type-post","status-publish","format-standard","has-post-thumbnail","hentry","category-politica"],"yoast_head":"<!-- This site is optimized with the Yoast SEO plugin v27.4 - https:\/\/yoast.com\/product\/yoast-seo-wordpress\/ -->\n<title>Presentan pedido de apertura progresivo del puente Tancredo Neves | CVI NOTICIAS<\/title>\n<meta name=\"robots\" content=\"index, follow, max-snippet:-1, max-image-preview:large, max-video-preview:-1\" \/>\n<link rel=\"canonical\" href=\"https:\/\/cvinoticias.com\/v3\/presentan-pedido-de-apertura-progresivo-del-puente-tancredo-neves\/\" \/>\n<meta property=\"og:locale\" content=\"es_ES\" \/>\n<meta property=\"og:type\" content=\"article\" \/>\n<meta property=\"og:title\" content=\"Presentan pedido de apertura progresivo del puente Tancredo Neves | CVI NOTICIAS\" \/>\n<meta property=\"og:description\" content=\"Instan a la apertura de un corredor seguro en el Paso Internacional Tancredo Neves con un protocolo sanitario y mecanismos de testeo. El pedido lleg\u00f3 por parte de la Diputada Nacional Cristina Br\u00edtez dada la situaci\u00f3n econ\u00f3mica de la poblaci\u00f3n de Puerto Iguaz\u00fa, donde gran parte de su matriz productiva, se basa en el comercio [&hellip;]\" \/>\n<meta property=\"og:url\" content=\"https:\/\/cvinoticias.com\/v3\/presentan-pedido-de-apertura-progresivo-del-puente-tancredo-neves\/\" \/>\n<meta property=\"og:site_name\" content=\"CVI NOTICIAS\" \/>\n<meta property=\"article:publisher\" content=\"https:\/\/www.facebook.com\/cvinoticias\" \/>\n<meta property=\"article:published_time\" content=\"2021-08-13T12:27:25+00:00\" \/>\n<meta property=\"og:image\" content=\"https:\/\/cvinoticias.com\/wp-content\/uploads\/2021\/08\/IMG-20210813-WA0023.jpg\" \/>\n\t<meta property=\"og:image:width\" content=\"1080\" \/>\n\t<meta property=\"og:image:height\" content=\"718\" \/>\n\t<meta property=\"og:image:type\" content=\"image\/jpeg\" \/>\n<meta name=\"author\" content=\"f1000024\" \/>\n<meta name=\"twitter:card\" content=\"summary_large_image\" \/>\n<meta name=\"twitter:label1\" content=\"Escrito por\" \/>\n\t<meta name=\"twitter:data1\" content=\"f1000024\" \/>\n\t<meta name=\"twitter:label2\" content=\"Tiempo de lectura\" \/>\n\t<meta name=\"twitter:data2\" content=\"2 minutos\" \/>\n<script type=\"application\/ld+json\" class=\"yoast-schema-graph\">{\"@context\":\"https:\\\/\\\/schema.org\",\"@graph\":[{\"@type\":\"Article\",\"@id\":\"https:\\\/\\\/cvinoticias.com\\\/v3\\\/presentan-pedido-de-apertura-progresivo-del-puente-tancredo-neves\\\/#article\",\"isPartOf\":{\"@id\":\"https:\\\/\\\/cvinoticias.com\\\/v3\\\/presentan-pedido-de-apertura-progresivo-del-puente-tancredo-neves\\\/\"},\"author\":{\"name\":\"f1000024\",\"@id\":\"https:\\\/\\\/cvinoticias.com\\\/v3\\\/#\\\/schema\\\/person\\\/2db77e3c6bc03c538495d7b2b8be9b66\"},\"headline\":\"Presentan pedido de apertura progresivo del puente Tancredo Neves\",\"datePublished\":\"2021-08-13T12:27:25+00:00\",\"mainEntityOfPage\":{\"@id\":\"https:\\\/\\\/cvinoticias.com\\\/v3\\\/presentan-pedido-de-apertura-progresivo-del-puente-tancredo-neves\\\/\"},\"wordCount\":382,\"commentCount\":0,\"publisher\":{\"@id\":\"https:\\\/\\\/cvinoticias.com\\\/v3\\\/#organization\"},\"image\":{\"@id\":\"https:\\\/\\\/cvinoticias.com\\\/v3\\\/presentan-pedido-de-apertura-progresivo-del-puente-tancredo-neves\\\/#primaryimage\"},\"thumbnailUrl\":\"https:\\\/\\\/cvinoticias.com\\\/wp-content\\\/uploads\\\/2021\\\/08\\\/IMG-20210813-WA0023.jpg\",\"articleSection\":[\"Politica\"],\"inLanguage\":\"es\",\"potentialAction\":[{\"@type\":\"CommentAction\",\"name\":\"Comment\",\"target\":[\"https:\\\/\\\/cvinoticias.com\\\/v3\\\/presentan-pedido-de-apertura-progresivo-del-puente-tancredo-neves\\\/#respond\"]}]},{\"@type\":\"WebPage\",\"@id\":\"https:\\\/\\\/cvinoticias.com\\\/v3\\\/presentan-pedido-de-apertura-progresivo-del-puente-tancredo-neves\\\/\",\"url\":\"https:\\\/\\\/cvinoticias.com\\\/v3\\\/presentan-pedido-de-apertura-progresivo-del-puente-tancredo-neves\\\/\",\"name\":\"Presentan pedido de apertura progresivo del puente Tancredo Neves | CVI NOTICIAS\",\"isPartOf\":{\"@id\":\"https:\\\/\\\/cvinoticias.com\\\/v3\\\/#website\"},\"primaryImageOfPage\":{\"@id\":\"https:\\\/\\\/cvinoticias.com\\\/v3\\\/presentan-pedido-de-apertura-progresivo-del-puente-tancredo-neves\\\/#primaryimage\"},\"image\":{\"@id\":\"https:\\\/\\\/cvinoticias.com\\\/v3\\\/presentan-pedido-de-apertura-progresivo-del-puente-tancredo-neves\\\/#primaryimage\"},\"thumbnailUrl\":\"https:\\\/\\\/cvinoticias.com\\\/wp-content\\\/uploads\\\/2021\\\/08\\\/IMG-20210813-WA0023.jpg\",\"datePublished\":\"2021-08-13T12:27:25+00:00\",\"breadcrumb\":{\"@id\":\"https:\\\/\\\/cvinoticias.com\\\/v3\\\/presentan-pedido-de-apertura-progresivo-del-puente-tancredo-neves\\\/#breadcrumb\"},\"inLanguage\":\"es\",\"potentialAction\":[{\"@type\":\"ReadAction\",\"target\":[\"https:\\\/\\\/cvinoticias.com\\\/v3\\\/presentan-pedido-de-apertura-progresivo-del-puente-tancredo-neves\\\/\"]}]},{\"@type\":\"ImageObject\",\"inLanguage\":\"es\",\"@id\":\"https:\\\/\\\/cvinoticias.com\\\/v3\\\/presentan-pedido-de-apertura-progresivo-del-puente-tancredo-neves\\\/#primaryimage\",\"url\":\"https:\\\/\\\/cvinoticias.com\\\/wp-content\\\/uploads\\\/2021\\\/08\\\/IMG-20210813-WA0023.jpg\",\"contentUrl\":\"https:\\\/\\\/cvinoticias.com\\\/wp-content\\\/uploads\\\/2021\\\/08\\\/IMG-20210813-WA0023.jpg\",\"width\":1080,\"height\":718},{\"@type\":\"BreadcrumbList\",\"@id\":\"https:\\\/\\\/cvinoticias.com\\\/v3\\\/presentan-pedido-de-apertura-progresivo-del-puente-tancredo-neves\\\/#breadcrumb\",\"itemListElement\":[{\"@type\":\"ListItem\",\"position\":1,\"name\":\"Portada\",\"item\":\"https:\\\/\\\/cvinoticias.com\\\/v3\\\/\"},{\"@type\":\"ListItem\",\"position\":2,\"name\":\"Presentan pedido de apertura progresivo del puente Tancredo Neves\"}]},{\"@type\":\"WebSite\",\"@id\":\"https:\\\/\\\/cvinoticias.com\\\/v3\\\/#website\",\"url\":\"https:\\\/\\\/cvinoticias.com\\\/v3\\\/\",\"name\":\"CVI NOTICIAS\",\"description\":\"\",\"publisher\":{\"@id\":\"https:\\\/\\\/cvinoticias.com\\\/v3\\\/#organization\"},\"alternateName\":\"CVI\",\"potentialAction\":[{\"@type\":\"SearchAction\",\"target\":{\"@type\":\"EntryPoint\",\"urlTemplate\":\"https:\\\/\\\/cvinoticias.com\\\/v3\\\/?s={search_term_string}\"},\"query-input\":{\"@type\":\"PropertyValueSpecification\",\"valueRequired\":true,\"valueName\":\"search_term_string\"}}],\"inLanguage\":\"es\"},{\"@type\":\"Organization\",\"@id\":\"https:\\\/\\\/cvinoticias.com\\\/v3\\\/#organization\",\"name\":\"CVI NOTICIAS\",\"url\":\"https:\\\/\\\/cvinoticias.com\\\/v3\\\/\",\"logo\":{\"@type\":\"ImageObject\",\"inLanguage\":\"es\",\"@id\":\"https:\\\/\\\/cvinoticias.com\\\/v3\\\/#\\\/schema\\\/logo\\\/image\\\/\",\"url\":\"https:\\\/\\\/cvinoticias.com\\\/wp-content\\\/uploads\\\/2023\\\/04\\\/cropped-cropped-cropped-cropped-cropped-3-1.png\",\"contentUrl\":\"https:\\\/\\\/cvinoticias.com\\\/wp-content\\\/uploads\\\/2023\\\/04\\\/cropped-cropped-cropped-cropped-cropped-3-1.png\",\"width\":95,\"height\":122,\"caption\":\"CVI NOTICIAS\"},\"image\":{\"@id\":\"https:\\\/\\\/cvinoticias.com\\\/v3\\\/#\\\/schema\\\/logo\\\/image\\\/\"},\"sameAs\":[\"https:\\\/\\\/www.facebook.com\\\/cvinoticias\",\"https:\\\/\\\/www.instagram.com\\\/cvinoticias\\\/\",\"https:\\\/\\\/www.youtube.com\\\/@CVINOTICIAS\"]},{\"@type\":\"Person\",\"@id\":\"https:\\\/\\\/cvinoticias.com\\\/v3\\\/#\\\/schema\\\/person\\\/2db77e3c6bc03c538495d7b2b8be9b66\",\"name\":\"f1000024\",\"image\":{\"@type\":\"ImageObject\",\"inLanguage\":\"es\",\"@id\":\"https:\\\/\\\/secure.gravatar.com\\\/avatar\\\/d4fe7459cfc51ff5129ce1a732bbef5928568b8092d412ef95611616376bbeed?s=96&d=mm&r=g\",\"url\":\"https:\\\/\\\/secure.gravatar.com\\\/avatar\\\/d4fe7459cfc51ff5129ce1a732bbef5928568b8092d412ef95611616376bbeed?s=96&d=mm&r=g\",\"contentUrl\":\"https:\\\/\\\/secure.gravatar.com\\\/avatar\\\/d4fe7459cfc51ff5129ce1a732bbef5928568b8092d412ef95611616376bbeed?s=96&d=mm&r=g\",\"caption\":\"f1000024\"},\"url\":\"https:\\\/\\\/cvinoticias.com\\\/v3\\\/author\\\/f1000024\\\/\"}]}<\/script>\n<!-- \/ Yoast SEO plugin. -->","yoast_head_json":{"title":"Presentan pedido de apertura progresivo del puente Tancredo Neves | CVI NOTICIAS","robots":{"index":"index","follow":"follow","max-snippet":"max-snippet:-1","max-image-preview":"max-image-preview:large","max-video-preview":"max-video-preview:-1"},"canonical":"https:\/\/cvinoticias.com\/v3\/presentan-pedido-de-apertura-progresivo-del-puente-tancredo-neves\/","og_locale":"es_ES","og_type":"article","og_title":"Presentan pedido de apertura progresivo del puente Tancredo Neves | CVI NOTICIAS","og_description":"Instan a la apertura de un corredor seguro en el Paso Internacional Tancredo Neves con un protocolo sanitario y mecanismos de testeo. El pedido lleg\u00f3 por parte de la Diputada Nacional Cristina Br\u00edtez dada la situaci\u00f3n econ\u00f3mica de la poblaci\u00f3n de Puerto Iguaz\u00fa, donde gran parte de su matriz productiva, se basa en el comercio [&hellip;]","og_url":"https:\/\/cvinoticias.com\/v3\/presentan-pedido-de-apertura-progresivo-del-puente-tancredo-neves\/","og_site_name":"CVI NOTICIAS","article_publisher":"https:\/\/www.facebook.com\/cvinoticias","article_published_time":"2021-08-13T12:27:25+00:00","og_image":[{"width":1080,"height":718,"url":"https:\/\/cvinoticias.com\/wp-content\/uploads\/2021\/08\/IMG-20210813-WA0023.jpg","type":"image\/jpeg"}],"author":"f1000024","twitter_card":"summary_large_image","twitter_misc":{"Escrito por":"f1000024","Tiempo de lectura":"2 minutos"},"schema":{"@context":"https:\/\/schema.org","@graph":[{"@type":"Article","@id":"https:\/\/cvinoticias.com\/v3\/presentan-pedido-de-apertura-progresivo-del-puente-tancredo-neves\/#article","isPartOf":{"@id":"https:\/\/cvinoticias.com\/v3\/presentan-pedido-de-apertura-progresivo-del-puente-tancredo-neves\/"},"author":{"name":"f1000024","@id":"https:\/\/cvinoticias.com\/v3\/#\/schema\/person\/2db77e3c6bc03c538495d7b2b8be9b66"},"headline":"Presentan pedido de apertura progresivo del puente Tancredo Neves","datePublished":"2021-08-13T12:27:25+00:00","mainEntityOfPage":{"@id":"https:\/\/cvinoticias.com\/v3\/presentan-pedido-de-apertura-progresivo-del-puente-tancredo-neves\/"},"wordCount":382,"commentCount":0,"publisher":{"@id":"https:\/\/cvinoticias.com\/v3\/#organization"},"image":{"@id":"https:\/\/cvinoticias.com\/v3\/presentan-pedido-de-apertura-progresivo-del-puente-tancredo-neves\/#primaryimage"},"thumbnailUrl":"https:\/\/cvinoticias.com\/wp-content\/uploads\/2021\/08\/IMG-20210813-WA0023.jpg","articleSection":["Politica"],"inLanguage":"es","potentialAction":[{"@type":"CommentAction","name":"Comment","target":["https:\/\/cvinoticias.com\/v3\/presentan-pedido-de-apertura-progresivo-del-puente-tancredo-neves\/#respond"]}]},{"@type":"WebPage","@id":"https:\/\/cvinoticias.com\/v3\/presentan-pedido-de-apertura-progresivo-del-puente-tancredo-neves\/","url":"https:\/\/cvinoticias.com\/v3\/presentan-pedido-de-apertura-progresivo-del-puente-tancredo-neves\/","name":"Presentan pedido de apertura progresivo del puente Tancredo Neves | CVI NOTICIAS","isPartOf":{"@id":"https:\/\/cvinoticias.com\/v3\/#website"},"primaryImageOfPage":{"@id":"https:\/\/cvinoticias.com\/v3\/presentan-pedido-de-apertura-progresivo-del-puente-tancredo-neves\/#primaryimage"},"image":{"@id":"https:\/\/cvinoticias.com\/v3\/presentan-pedido-de-apertura-progresivo-del-puente-tancredo-neves\/#primaryimage"},"thumbnailUrl":"https:\/\/cvinoticias.com\/wp-content\/uploads\/2021\/08\/IMG-20210813-WA0023.jpg","datePublished":"2021-08-13T12:27:25+00:00","breadcrumb":{"@id":"https:\/\/cvinoticias.com\/v3\/presentan-pedido-de-apertura-progresivo-del-puente-tancredo-neves\/#breadcrumb"},"inLanguage":"es","potentialAction":[{"@type":"ReadAction","target":["https:\/\/cvinoticias.com\/v3\/presentan-pedido-de-apertura-progresivo-del-puente-tancredo-neves\/"]}]},{"@type":"ImageObject","inLanguage":"es","@id":"https:\/\/cvinoticias.com\/v3\/presentan-pedido-de-apertura-progresivo-del-puente-tancredo-neves\/#primaryimage","url":"https:\/\/cvinoticias.com\/wp-content\/uploads\/2021\/08\/IMG-20210813-WA0023.jpg","contentUrl":"https:\/\/cvinoticias.com\/wp-content\/uploads\/2021\/08\/IMG-20210813-WA0023.jpg","width":1080,"height":718},{"@type":"BreadcrumbList","@id":"https:\/\/cvinoticias.com\/v3\/presentan-pedido-de-apertura-progresivo-del-puente-tancredo-neves\/#breadcrumb","itemListElement":[{"@type":"ListItem","position":1,"name":"Portada","item":"https:\/\/cvinoticias.com\/v3\/"},{"@type":"ListItem","position":2,"name":"Presentan pedido de apertura progresivo del puente Tancredo Neves"}]},{"@type":"WebSite","@id":"https:\/\/cvinoticias.com\/v3\/#website","url":"https:\/\/cvinoticias.com\/v3\/","name":"CVI NOTICIAS","description":"","publisher":{"@id":"https:\/\/cvinoticias.com\/v3\/#organization"},"alternateName":"CVI","potentialAction":[{"@type":"SearchAction","target":{"@type":"EntryPoint","urlTemplate":"https:\/\/cvinoticias.com\/v3\/?s={search_term_string}"},"query-input":{"@type":"PropertyValueSpecification","valueRequired":true,"valueName":"search_term_string"}}],"inLanguage":"es"},{"@type":"Organization","@id":"https:\/\/cvinoticias.com\/v3\/#organization","name":"CVI NOTICIAS","url":"https:\/\/cvinoticias.com\/v3\/","logo":{"@type":"ImageObject","inLanguage":"es","@id":"https:\/\/cvinoticias.com\/v3\/#\/schema\/logo\/image\/","url":"https:\/\/cvinoticias.com\/wp-content\/uploads\/2023\/04\/cropped-cropped-cropped-cropped-cropped-3-1.png","contentUrl":"https:\/\/cvinoticias.com\/wp-content\/uploads\/2023\/04\/cropped-cropped-cropped-cropped-cropped-3-1.png","width":95,"height":122,"caption":"CVI NOTICIAS"},"image":{"@id":"https:\/\/cvinoticias.com\/v3\/#\/schema\/logo\/image\/"},"sameAs":["https:\/\/www.facebook.com\/cvinoticias","https:\/\/www.instagram.com\/cvinoticias\/","https:\/\/www.youtube.com\/@CVINOTICIAS"]},{"@type":"Person","@id":"https:\/\/cvinoticias.com\/v3\/#\/schema\/person\/2db77e3c6bc03c538495d7b2b8be9b66","name":"f1000024","image":{"@type":"ImageObject","inLanguage":"es","@id":"https:\/\/secure.gravatar.com\/avatar\/d4fe7459cfc51ff5129ce1a732bbef5928568b8092d412ef95611616376bbeed?s=96&d=mm&r=g","url":"https:\/\/secure.gravatar.com\/avatar\/d4fe7459cfc51ff5129ce1a732bbef5928568b8092d412ef95611616376bbeed?s=96&d=mm&r=g","contentUrl":"https:\/\/secure.gravatar.com\/avatar\/d4fe7459cfc51ff5129ce1a732bbef5928568b8092d412ef95611616376bbeed?s=96&d=mm&r=g","caption":"f1000024"},"url":"https:\/\/cvinoticias.com\/v3\/author\/f1000024\/"}]}},"_links":{"self":[{"href":"https:\/\/cvinoticias.com\/v3\/wp-json\/wp\/v2\/posts\/7573","targetHints":{"allow":["GET"]}}],"collection":[{"href":"https:\/\/cvinoticias.com\/v3\/wp-json\/wp\/v2\/posts"}],"about":[{"href":"https:\/\/cvinoticias.com\/v3\/wp-json\/wp\/v2\/types\/post"}],"author":[{"embeddable":true,"href":"https:\/\/cvinoticias.com\/v3\/wp-json\/wp\/v2\/users\/2"}],"replies":[{"embeddable":true,"href":"https:\/\/cvinoticias.com\/v3\/wp-json\/wp\/v2\/comments?post=7573"}],"version-history":[{"count":1,"href":"https:\/\/cvinoticias.com\/v3\/wp-json\/wp\/v2\/posts\/7573\/revisions"}],"predecessor-version":[{"id":7575,"href":"https:\/\/cvinoticias.com\/v3\/wp-json\/wp\/v2\/posts\/7573\/revisions\/7575"}],"wp:featuredmedia":[{"embeddable":true,"href":"https:\/\/cvinoticias.com\/v3\/wp-json\/wp\/v2\/media\/7574"}],"wp:attachment":[{"href":"https:\/\/cvinoticias.com\/v3\/wp-json\/wp\/v2\/media?parent=7573"}],"wp:term":[{"taxonomy":"category","embeddable":true,"href":"https:\/\/cvinoticias.com\/v3\/wp-json\/wp\/v2\/categories?post=7573"},{"taxonomy":"post_tag","embeddable":true,"href":"https:\/\/cvinoticias.com\/v3\/wp-json\/wp\/v2\/tags?post=7573"}],"curies":[{"name":"wp","href":"https:\/\/api.w.org\/{rel}","templated":true}]}}