{"id":7570,"date":"2021-08-13T12:17:29","date_gmt":"2021-08-13T12:17:29","guid":{"rendered":"https:\/\/cvinoticias.com\/v3\/?p=7570"},"modified":"2021-08-13T12:17:29","modified_gmt":"2021-08-13T12:17:29","slug":"la-inflacion-de-julio-en-argentina-fue-de-3-y-acumulo-291-en-lo-que-va-del-2021","status":"publish","type":"post","link":"https:\/\/cvinoticias.com\/v3\/la-inflacion-de-julio-en-argentina-fue-de-3-y-acumulo-291-en-lo-que-va-del-2021\/","title":{"rendered":"La inflaci\u00f3n de julio en Argentina fue de 3% y acumul\u00f3 29,1% en lo que va del 2021"},"content":{"rendered":"\n<p><strong><em>La inflaci\u00f3n de julio se desaceler\u00f3 levemente dos d\u00e9cimas a 3%, pero se mantiene en niveles muy elevados con el d\u00f3lar y las tarifas pisadas. En siete meses, super\u00f3 la meta que el Gobierno preve\u00eda para todo el a\u00f1o.<\/em><\/strong><\/p>\n\n\n\n<p>La suba de precios, informada esta tarde por el Indec, acumul\u00f3 en el a\u00f1o un avance de 29,1%. El Presupuesto 2021 elaborado por Mart\u00edn Guzm\u00e1n esperaba&nbsp;un 29%.&nbsp;El dato interanual fue de 51,8%, mientras que la inflaci\u00f3n n\u00facleo (sin estacionales ni regulados) fue de 3,1%, por debajo de la registrada en junio. El cap\u00edtulo de Alimentos y bebidas -el de mayor peso en el \u00edndice- mostr\u00f3 un incremento de 3,4%, por arriba del nivel general pese al freno en las carnes.<\/p>\n\n\n\n<p>El top ten de de pronosticadores del Relevamiento de Expectativas de Mercado (REM) del Banco Central (BCRA) estimaban para este mes&nbsp;un alza de 3%. Para el a\u00f1o completo, los analistas que participan de esa encuesta&nbsp;esperan un 48,5%. En el Gobierno estaban confiados en que el instituto conducido por Marco Lavagna les permitir\u00eda festejar hoy no s\u00f3lo una desaceleraci\u00f3n de la inflaci\u00f3n sino la perforaci\u00f3n del piso del 3%, que se estableci\u00f3 en mayo.<\/p>\n\n\n\n<p>A fines de octubre del a\u00f1o pasado, la suba de precios se aceler\u00f3 y lleg\u00f3 a un piso cercano de 4% en diciembre. En marzo, se registr\u00f3 un pico de 4,8% y desde entonces se desacelera: 4,1% (abril), 3,3% (mayo) y 3,2% (junio). El mes pasado, la suba interanual de los precios traspas\u00f3 por primera vez en el a\u00f1o el 50% (50,2%). La inflaci\u00f3n n\u00facleo, en tanto, se aceler\u00f3 (3,6%).<\/p>\n\n\n\n<p>\u201cLa tasa de inflaci\u00f3n intermensual va a ir reduci\u00e9ndose, y para afianzar una tendencia persistentemente decreciente es necesario resolver los m\u00faltiples problemas que causan la inflaci\u00f3n. Es un proceso que va a llevar tiempo. La expectativa es que en julio sea m\u00e1s baja que en junio y la tasa de inflaci\u00f3n intermensual siga reduci\u00e9ndose\u201d, hab\u00eda dicho Guzm\u00e1n la semana pasada. Luego, en esa misma disertaci\u00f3n, culp\u00f3 a los empresarios por la inflaci\u00f3n y minimiz\u00f3 el rol del Estado.<\/p>\n\n\n\n<p>Justamente, apenas conocido el dato,&nbsp;en el Ministerio de Econom\u00eda celebraron que \u201cpor cuarto mes se desacelera la inflaci\u00f3n\u201d.&nbsp;Cerca de Guzm\u00e1n destacaron la ralentizaci\u00f3n en los precios de la carne y se\u00f1alaron: \u201cLa inflaci\u00f3n n\u00facleo se redujo pasando de 3,6% en junio a 3,1% en julio; mientras que los regulados bajaron de 3,2 a 1,4%\u201d.<\/p>\n\n\n\n<p>\u201cSe destaca el menor incremento en los precios de carnes y derivados, y pan y cereales, mientras que se registr\u00f3 un mayor aumento en verduras e infusiones, al mismo tiempo que los precios de las frutas dejaron de caer&nbsp;para pasar a terreno positivo en varias regiones\u201d, afirmaron desde el Palacio de Hacienda.<\/p>\n\n\n\n<p>Las principales subas del \u00edndice se registraron en el&nbsp;cap\u00edtulo Restaurantes y hoteles (+4,8%).&nbsp;Le siguieron Salud (+3,8%) y Alimentos y bebidas (3,4%). Los estacionales, en un mes impactado por el turismo, avanzaron 4,9%. Los regulados, en tanto, subieron 1,4%. Los servicios, por otro, lado comenzaron a crecer por encima de los bienes (3,1% versus 2,9%).<\/p>\n\n\n\n<p>La visi\u00f3n de los analistas<\/p>\n\n\n\n<p>\u201cEs una desaceleraci\u00f3n poco relevante respecto del mes previo, considerando que la inflaci\u00f3n hace 10 meses que no baja del 3% por mes. Asimismo, este valor resulta algo alarmante, dado que significa que la Argentina navega c\u00f3modamente en una inflaci\u00f3n del 50% anualizada, lo cual ubicar\u00eda a la econom\u00eda&nbsp;ya en un r\u00e9gimen de alta inflaci\u00f3n\u201d,&nbsp;dijo Mat\u00edas De Luca economista de LCG. \u201cEl efecto del atraso cambiario parecer\u00eda estar afectando muy en el margen, pues en los \u00faltimos meses la tasa de depreciaci\u00f3n promedio se redujo del 3% mensual al 1,2%, mientras que los precios s\u00f3lo bajaron del 4% al 3%. Esto dar\u00eda por resultado un tipo de cambio que se quedar\u00eda 20 puntos por debajo de la escalada de los precios\u201d.<\/p>\n\n\n\n<p>\u201cA su vez, la inflaci\u00f3n en alimentos sigue luciendo robusta,&nbsp;acumulando un 30,6% desde diciembre,&nbsp;lo cual impacta en mayor medida en los hogares de menores recursos\u201d, complet\u00f3 su an\u00e1lisis De Luca.<\/p>\n\n\n\n<p>\u201cLa mayor normalidad de la movilidad de personas hizo que restaurantes y hoteles tuviera en julio una suba de precios del 4,8% contra 3,6% del trimestre previo\u201d, dijo Nad\u00edn Arga\u00f1araz.&nbsp;\u201cLo mismo la recreaci\u00f3n, que pas\u00f3 del 2,3% al 3,1% en julio. En los pr\u00f3ximos meses habr\u00e1 que ver si contin\u00faa una suba mayor de precios de restaurantes y hoteles, y de recreaci\u00f3n, junto a una mayor normalizaci\u00f3n que vaya teniendo la econom\u00eda\u201d, afirm\u00f3 el director del Iaraf.<\/p>\n\n\n\n<p>\u201cViene una secuencia de freno, de moderaci\u00f3n leve. Igual tener un 3% es un valor alt\u00edsimo\u201d, dijo Camilo Tiscornia, director de C&amp;T Asesores Econ\u00f3micos. \u201cInfluye mucho Alimentos, que crec\u00edan al 4% y ahora lo hacen arriba de 3%. En particular la carne, que en Buenos Aires no aument\u00f3 este mes. En julio, gran parte del aumento proviene del turismo, por las vacaciones\u201d, dijo el economista, que destac\u00f3 el descenso de la n\u00facleo, pero que advirti\u00f3 que la inflaci\u00f3n interanual es la m\u00e1s elevada desde enero de 2020.<\/p>\n","protected":false},"excerpt":{"rendered":"<p>La inflaci\u00f3n de julio se desaceler\u00f3 levemente dos d\u00e9cimas a 3%, pero se mantiene en niveles muy elevados con el d\u00f3lar y las tarifas pisadas. En siete meses, super\u00f3 la meta que el Gobierno preve\u00eda para todo el a\u00f1o. La suba de precios, informada esta tarde por el Indec, acumul\u00f3 en el a\u00f1o un avance [&hellip;]<\/p>\n","protected":false},"author":2,"featured_media":7571,"comment_status":"open","ping_status":"open","sticky":false,"template":"","format":"standard","meta":{"footnotes":""},"categories":[32],"tags":[],"class_list":["post-7570","post","type-post","status-publish","format-standard","has-post-thumbnail","hentry","category-economia"],"yoast_head":"<!-- This site is optimized with the Yoast SEO plugin v27.4 - https:\/\/yoast.com\/product\/yoast-seo-wordpress\/ -->\n<title>La inflaci\u00f3n de julio en Argentina fue de 3% y acumul\u00f3 29,1% en lo que va del 2021 | CVI NOTICIAS<\/title>\n<meta name=\"robots\" content=\"index, follow, max-snippet:-1, max-image-preview:large, max-video-preview:-1\" \/>\n<link rel=\"canonical\" href=\"https:\/\/cvinoticias.com\/v3\/la-inflacion-de-julio-en-argentina-fue-de-3-y-acumulo-291-en-lo-que-va-del-2021\/\" \/>\n<meta property=\"og:locale\" content=\"es_ES\" \/>\n<meta property=\"og:type\" content=\"article\" \/>\n<meta property=\"og:title\" content=\"La inflaci\u00f3n de julio en Argentina fue de 3% y acumul\u00f3 29,1% en lo que va del 2021 | CVI NOTICIAS\" \/>\n<meta property=\"og:description\" content=\"La inflaci\u00f3n de julio se desaceler\u00f3 levemente dos d\u00e9cimas a 3%, pero se mantiene en niveles muy elevados con el d\u00f3lar y las tarifas pisadas. En siete meses, super\u00f3 la meta que el Gobierno preve\u00eda para todo el a\u00f1o. La suba de precios, informada esta tarde por el Indec, acumul\u00f3 en el a\u00f1o un avance [&hellip;]\" \/>\n<meta property=\"og:url\" content=\"https:\/\/cvinoticias.com\/v3\/la-inflacion-de-julio-en-argentina-fue-de-3-y-acumulo-291-en-lo-que-va-del-2021\/\" \/>\n<meta property=\"og:site_name\" content=\"CVI NOTICIAS\" \/>\n<meta property=\"article:publisher\" content=\"https:\/\/www.facebook.com\/cvinoticias\" \/>\n<meta property=\"article:published_time\" content=\"2021-08-13T12:17:29+00:00\" \/>\n<meta property=\"og:image\" content=\"https:\/\/cvinoticias.com\/wp-content\/uploads\/2021\/08\/mientras-se-espera-la-cifra-oficial-del-indec-que-se-dara-conocer-el-jueves-los-analistas-preven-una-desaceleracion-la-inflacion-que-se-ubique-torno-al-3.jpeg\" \/>\n\t<meta property=\"og:image:width\" content=\"540\" \/>\n\t<meta property=\"og:image:height\" content=\"405\" \/>\n\t<meta property=\"og:image:type\" content=\"image\/jpeg\" \/>\n<meta name=\"author\" content=\"f1000024\" \/>\n<meta name=\"twitter:card\" content=\"summary_large_image\" \/>\n<meta name=\"twitter:label1\" content=\"Escrito por\" \/>\n\t<meta name=\"twitter:data1\" content=\"f1000024\" \/>\n\t<meta name=\"twitter:label2\" content=\"Tiempo de lectura\" \/>\n\t<meta name=\"twitter:data2\" content=\"4 minutos\" \/>\n<script type=\"application\/ld+json\" class=\"yoast-schema-graph\">{\"@context\":\"https:\\\/\\\/schema.org\",\"@graph\":[{\"@type\":\"Article\",\"@id\":\"https:\\\/\\\/cvinoticias.com\\\/v3\\\/la-inflacion-de-julio-en-argentina-fue-de-3-y-acumulo-291-en-lo-que-va-del-2021\\\/#article\",\"isPartOf\":{\"@id\":\"https:\\\/\\\/cvinoticias.com\\\/v3\\\/la-inflacion-de-julio-en-argentina-fue-de-3-y-acumulo-291-en-lo-que-va-del-2021\\\/\"},\"author\":{\"name\":\"f1000024\",\"@id\":\"https:\\\/\\\/cvinoticias.com\\\/v3\\\/#\\\/schema\\\/person\\\/2db77e3c6bc03c538495d7b2b8be9b66\"},\"headline\":\"La inflaci\u00f3n de julio en Argentina fue de 3% y acumul\u00f3 29,1% en lo que va del 2021\",\"datePublished\":\"2021-08-13T12:17:29+00:00\",\"mainEntityOfPage\":{\"@id\":\"https:\\\/\\\/cvinoticias.com\\\/v3\\\/la-inflacion-de-julio-en-argentina-fue-de-3-y-acumulo-291-en-lo-que-va-del-2021\\\/\"},\"wordCount\":892,\"commentCount\":0,\"publisher\":{\"@id\":\"https:\\\/\\\/cvinoticias.com\\\/v3\\\/#organization\"},\"image\":{\"@id\":\"https:\\\/\\\/cvinoticias.com\\\/v3\\\/la-inflacion-de-julio-en-argentina-fue-de-3-y-acumulo-291-en-lo-que-va-del-2021\\\/#primaryimage\"},\"thumbnailUrl\":\"https:\\\/\\\/cvinoticias.com\\\/wp-content\\\/uploads\\\/2021\\\/08\\\/mientras-se-espera-la-cifra-oficial-del-indec-que-se-dara-conocer-el-jueves-los-analistas-preven-una-desaceleracion-la-inflacion-que-se-ubique-torno-al-3.jpeg\",\"articleSection\":[\"Econom\u00eda\"],\"inLanguage\":\"es\",\"potentialAction\":[{\"@type\":\"CommentAction\",\"name\":\"Comment\",\"target\":[\"https:\\\/\\\/cvinoticias.com\\\/v3\\\/la-inflacion-de-julio-en-argentina-fue-de-3-y-acumulo-291-en-lo-que-va-del-2021\\\/#respond\"]}]},{\"@type\":\"WebPage\",\"@id\":\"https:\\\/\\\/cvinoticias.com\\\/v3\\\/la-inflacion-de-julio-en-argentina-fue-de-3-y-acumulo-291-en-lo-que-va-del-2021\\\/\",\"url\":\"https:\\\/\\\/cvinoticias.com\\\/v3\\\/la-inflacion-de-julio-en-argentina-fue-de-3-y-acumulo-291-en-lo-que-va-del-2021\\\/\",\"name\":\"La inflaci\u00f3n de julio en Argentina fue de 3% y acumul\u00f3 29,1% en lo que va del 2021 | CVI NOTICIAS\",\"isPartOf\":{\"@id\":\"https:\\\/\\\/cvinoticias.com\\\/v3\\\/#website\"},\"primaryImageOfPage\":{\"@id\":\"https:\\\/\\\/cvinoticias.com\\\/v3\\\/la-inflacion-de-julio-en-argentina-fue-de-3-y-acumulo-291-en-lo-que-va-del-2021\\\/#primaryimage\"},\"image\":{\"@id\":\"https:\\\/\\\/cvinoticias.com\\\/v3\\\/la-inflacion-de-julio-en-argentina-fue-de-3-y-acumulo-291-en-lo-que-va-del-2021\\\/#primaryimage\"},\"thumbnailUrl\":\"https:\\\/\\\/cvinoticias.com\\\/wp-content\\\/uploads\\\/2021\\\/08\\\/mientras-se-espera-la-cifra-oficial-del-indec-que-se-dara-conocer-el-jueves-los-analistas-preven-una-desaceleracion-la-inflacion-que-se-ubique-torno-al-3.jpeg\",\"datePublished\":\"2021-08-13T12:17:29+00:00\",\"breadcrumb\":{\"@id\":\"https:\\\/\\\/cvinoticias.com\\\/v3\\\/la-inflacion-de-julio-en-argentina-fue-de-3-y-acumulo-291-en-lo-que-va-del-2021\\\/#breadcrumb\"},\"inLanguage\":\"es\",\"potentialAction\":[{\"@type\":\"ReadAction\",\"target\":[\"https:\\\/\\\/cvinoticias.com\\\/v3\\\/la-inflacion-de-julio-en-argentina-fue-de-3-y-acumulo-291-en-lo-que-va-del-2021\\\/\"]}]},{\"@type\":\"ImageObject\",\"inLanguage\":\"es\",\"@id\":\"https:\\\/\\\/cvinoticias.com\\\/v3\\\/la-inflacion-de-julio-en-argentina-fue-de-3-y-acumulo-291-en-lo-que-va-del-2021\\\/#primaryimage\",\"url\":\"https:\\\/\\\/cvinoticias.com\\\/wp-content\\\/uploads\\\/2021\\\/08\\\/mientras-se-espera-la-cifra-oficial-del-indec-que-se-dara-conocer-el-jueves-los-analistas-preven-una-desaceleracion-la-inflacion-que-se-ubique-torno-al-3.jpeg\",\"contentUrl\":\"https:\\\/\\\/cvinoticias.com\\\/wp-content\\\/uploads\\\/2021\\\/08\\\/mientras-se-espera-la-cifra-oficial-del-indec-que-se-dara-conocer-el-jueves-los-analistas-preven-una-desaceleracion-la-inflacion-que-se-ubique-torno-al-3.jpeg\",\"width\":540,\"height\":405},{\"@type\":\"BreadcrumbList\",\"@id\":\"https:\\\/\\\/cvinoticias.com\\\/v3\\\/la-inflacion-de-julio-en-argentina-fue-de-3-y-acumulo-291-en-lo-que-va-del-2021\\\/#breadcrumb\",\"itemListElement\":[{\"@type\":\"ListItem\",\"position\":1,\"name\":\"Portada\",\"item\":\"https:\\\/\\\/cvinoticias.com\\\/v3\\\/\"},{\"@type\":\"ListItem\",\"position\":2,\"name\":\"La inflaci\u00f3n de julio en Argentina fue de 3% y acumul\u00f3 29,1% en lo que va del 2021\"}]},{\"@type\":\"WebSite\",\"@id\":\"https:\\\/\\\/cvinoticias.com\\\/v3\\\/#website\",\"url\":\"https:\\\/\\\/cvinoticias.com\\\/v3\\\/\",\"name\":\"CVI NOTICIAS\",\"description\":\"\",\"publisher\":{\"@id\":\"https:\\\/\\\/cvinoticias.com\\\/v3\\\/#organization\"},\"alternateName\":\"CVI\",\"potentialAction\":[{\"@type\":\"SearchAction\",\"target\":{\"@type\":\"EntryPoint\",\"urlTemplate\":\"https:\\\/\\\/cvinoticias.com\\\/v3\\\/?s={search_term_string}\"},\"query-input\":{\"@type\":\"PropertyValueSpecification\",\"valueRequired\":true,\"valueName\":\"search_term_string\"}}],\"inLanguage\":\"es\"},{\"@type\":\"Organization\",\"@id\":\"https:\\\/\\\/cvinoticias.com\\\/v3\\\/#organization\",\"name\":\"CVI NOTICIAS\",\"url\":\"https:\\\/\\\/cvinoticias.com\\\/v3\\\/\",\"logo\":{\"@type\":\"ImageObject\",\"inLanguage\":\"es\",\"@id\":\"https:\\\/\\\/cvinoticias.com\\\/v3\\\/#\\\/schema\\\/logo\\\/image\\\/\",\"url\":\"https:\\\/\\\/cvinoticias.com\\\/wp-content\\\/uploads\\\/2023\\\/04\\\/cropped-cropped-cropped-cropped-cropped-3-1.png\",\"contentUrl\":\"https:\\\/\\\/cvinoticias.com\\\/wp-content\\\/uploads\\\/2023\\\/04\\\/cropped-cropped-cropped-cropped-cropped-3-1.png\",\"width\":95,\"height\":122,\"caption\":\"CVI NOTICIAS\"},\"image\":{\"@id\":\"https:\\\/\\\/cvinoticias.com\\\/v3\\\/#\\\/schema\\\/logo\\\/image\\\/\"},\"sameAs\":[\"https:\\\/\\\/www.facebook.com\\\/cvinoticias\",\"https:\\\/\\\/www.instagram.com\\\/cvinoticias\\\/\",\"https:\\\/\\\/www.youtube.com\\\/@CVINOTICIAS\"]},{\"@type\":\"Person\",\"@id\":\"https:\\\/\\\/cvinoticias.com\\\/v3\\\/#\\\/schema\\\/person\\\/2db77e3c6bc03c538495d7b2b8be9b66\",\"name\":\"f1000024\",\"image\":{\"@type\":\"ImageObject\",\"inLanguage\":\"es\",\"@id\":\"https:\\\/\\\/secure.gravatar.com\\\/avatar\\\/d4fe7459cfc51ff5129ce1a732bbef5928568b8092d412ef95611616376bbeed?s=96&d=mm&r=g\",\"url\":\"https:\\\/\\\/secure.gravatar.com\\\/avatar\\\/d4fe7459cfc51ff5129ce1a732bbef5928568b8092d412ef95611616376bbeed?s=96&d=mm&r=g\",\"contentUrl\":\"https:\\\/\\\/secure.gravatar.com\\\/avatar\\\/d4fe7459cfc51ff5129ce1a732bbef5928568b8092d412ef95611616376bbeed?s=96&d=mm&r=g\",\"caption\":\"f1000024\"},\"url\":\"https:\\\/\\\/cvinoticias.com\\\/v3\\\/author\\\/f1000024\\\/\"}]}<\/script>\n<!-- \/ Yoast SEO plugin. -->","yoast_head_json":{"title":"La inflaci\u00f3n de julio en Argentina fue de 3% y acumul\u00f3 29,1% en lo que va del 2021 | CVI NOTICIAS","robots":{"index":"index","follow":"follow","max-snippet":"max-snippet:-1","max-image-preview":"max-image-preview:large","max-video-preview":"max-video-preview:-1"},"canonical":"https:\/\/cvinoticias.com\/v3\/la-inflacion-de-julio-en-argentina-fue-de-3-y-acumulo-291-en-lo-que-va-del-2021\/","og_locale":"es_ES","og_type":"article","og_title":"La inflaci\u00f3n de julio en Argentina fue de 3% y acumul\u00f3 29,1% en lo que va del 2021 | CVI NOTICIAS","og_description":"La inflaci\u00f3n de julio se desaceler\u00f3 levemente dos d\u00e9cimas a 3%, pero se mantiene en niveles muy elevados con el d\u00f3lar y las tarifas pisadas. En siete meses, super\u00f3 la meta que el Gobierno preve\u00eda para todo el a\u00f1o. La suba de precios, informada esta tarde por el Indec, acumul\u00f3 en el a\u00f1o un avance [&hellip;]","og_url":"https:\/\/cvinoticias.com\/v3\/la-inflacion-de-julio-en-argentina-fue-de-3-y-acumulo-291-en-lo-que-va-del-2021\/","og_site_name":"CVI NOTICIAS","article_publisher":"https:\/\/www.facebook.com\/cvinoticias","article_published_time":"2021-08-13T12:17:29+00:00","og_image":[{"width":540,"height":405,"url":"https:\/\/cvinoticias.com\/wp-content\/uploads\/2021\/08\/mientras-se-espera-la-cifra-oficial-del-indec-que-se-dara-conocer-el-jueves-los-analistas-preven-una-desaceleracion-la-inflacion-que-se-ubique-torno-al-3.jpeg","type":"image\/jpeg"}],"author":"f1000024","twitter_card":"summary_large_image","twitter_misc":{"Escrito por":"f1000024","Tiempo de lectura":"4 minutos"},"schema":{"@context":"https:\/\/schema.org","@graph":[{"@type":"Article","@id":"https:\/\/cvinoticias.com\/v3\/la-inflacion-de-julio-en-argentina-fue-de-3-y-acumulo-291-en-lo-que-va-del-2021\/#article","isPartOf":{"@id":"https:\/\/cvinoticias.com\/v3\/la-inflacion-de-julio-en-argentina-fue-de-3-y-acumulo-291-en-lo-que-va-del-2021\/"},"author":{"name":"f1000024","@id":"https:\/\/cvinoticias.com\/v3\/#\/schema\/person\/2db77e3c6bc03c538495d7b2b8be9b66"},"headline":"La inflaci\u00f3n de julio en Argentina fue de 3% y acumul\u00f3 29,1% en lo que va del 2021","datePublished":"2021-08-13T12:17:29+00:00","mainEntityOfPage":{"@id":"https:\/\/cvinoticias.com\/v3\/la-inflacion-de-julio-en-argentina-fue-de-3-y-acumulo-291-en-lo-que-va-del-2021\/"},"wordCount":892,"commentCount":0,"publisher":{"@id":"https:\/\/cvinoticias.com\/v3\/#organization"},"image":{"@id":"https:\/\/cvinoticias.com\/v3\/la-inflacion-de-julio-en-argentina-fue-de-3-y-acumulo-291-en-lo-que-va-del-2021\/#primaryimage"},"thumbnailUrl":"https:\/\/cvinoticias.com\/wp-content\/uploads\/2021\/08\/mientras-se-espera-la-cifra-oficial-del-indec-que-se-dara-conocer-el-jueves-los-analistas-preven-una-desaceleracion-la-inflacion-que-se-ubique-torno-al-3.jpeg","articleSection":["Econom\u00eda"],"inLanguage":"es","potentialAction":[{"@type":"CommentAction","name":"Comment","target":["https:\/\/cvinoticias.com\/v3\/la-inflacion-de-julio-en-argentina-fue-de-3-y-acumulo-291-en-lo-que-va-del-2021\/#respond"]}]},{"@type":"WebPage","@id":"https:\/\/cvinoticias.com\/v3\/la-inflacion-de-julio-en-argentina-fue-de-3-y-acumulo-291-en-lo-que-va-del-2021\/","url":"https:\/\/cvinoticias.com\/v3\/la-inflacion-de-julio-en-argentina-fue-de-3-y-acumulo-291-en-lo-que-va-del-2021\/","name":"La inflaci\u00f3n de julio en Argentina fue de 3% y acumul\u00f3 29,1% en lo que va del 2021 | CVI NOTICIAS","isPartOf":{"@id":"https:\/\/cvinoticias.com\/v3\/#website"},"primaryImageOfPage":{"@id":"https:\/\/cvinoticias.com\/v3\/la-inflacion-de-julio-en-argentina-fue-de-3-y-acumulo-291-en-lo-que-va-del-2021\/#primaryimage"},"image":{"@id":"https:\/\/cvinoticias.com\/v3\/la-inflacion-de-julio-en-argentina-fue-de-3-y-acumulo-291-en-lo-que-va-del-2021\/#primaryimage"},"thumbnailUrl":"https:\/\/cvinoticias.com\/wp-content\/uploads\/2021\/08\/mientras-se-espera-la-cifra-oficial-del-indec-que-se-dara-conocer-el-jueves-los-analistas-preven-una-desaceleracion-la-inflacion-que-se-ubique-torno-al-3.jpeg","datePublished":"2021-08-13T12:17:29+00:00","breadcrumb":{"@id":"https:\/\/cvinoticias.com\/v3\/la-inflacion-de-julio-en-argentina-fue-de-3-y-acumulo-291-en-lo-que-va-del-2021\/#breadcrumb"},"inLanguage":"es","potentialAction":[{"@type":"ReadAction","target":["https:\/\/cvinoticias.com\/v3\/la-inflacion-de-julio-en-argentina-fue-de-3-y-acumulo-291-en-lo-que-va-del-2021\/"]}]},{"@type":"ImageObject","inLanguage":"es","@id":"https:\/\/cvinoticias.com\/v3\/la-inflacion-de-julio-en-argentina-fue-de-3-y-acumulo-291-en-lo-que-va-del-2021\/#primaryimage","url":"https:\/\/cvinoticias.com\/wp-content\/uploads\/2021\/08\/mientras-se-espera-la-cifra-oficial-del-indec-que-se-dara-conocer-el-jueves-los-analistas-preven-una-desaceleracion-la-inflacion-que-se-ubique-torno-al-3.jpeg","contentUrl":"https:\/\/cvinoticias.com\/wp-content\/uploads\/2021\/08\/mientras-se-espera-la-cifra-oficial-del-indec-que-se-dara-conocer-el-jueves-los-analistas-preven-una-desaceleracion-la-inflacion-que-se-ubique-torno-al-3.jpeg","width":540,"height":405},{"@type":"BreadcrumbList","@id":"https:\/\/cvinoticias.com\/v3\/la-inflacion-de-julio-en-argentina-fue-de-3-y-acumulo-291-en-lo-que-va-del-2021\/#breadcrumb","itemListElement":[{"@type":"ListItem","position":1,"name":"Portada","item":"https:\/\/cvinoticias.com\/v3\/"},{"@type":"ListItem","position":2,"name":"La inflaci\u00f3n de julio en Argentina fue de 3% y acumul\u00f3 29,1% en lo que va del 2021"}]},{"@type":"WebSite","@id":"https:\/\/cvinoticias.com\/v3\/#website","url":"https:\/\/cvinoticias.com\/v3\/","name":"CVI NOTICIAS","description":"","publisher":{"@id":"https:\/\/cvinoticias.com\/v3\/#organization"},"alternateName":"CVI","potentialAction":[{"@type":"SearchAction","target":{"@type":"EntryPoint","urlTemplate":"https:\/\/cvinoticias.com\/v3\/?s={search_term_string}"},"query-input":{"@type":"PropertyValueSpecification","valueRequired":true,"valueName":"search_term_string"}}],"inLanguage":"es"},{"@type":"Organization","@id":"https:\/\/cvinoticias.com\/v3\/#organization","name":"CVI NOTICIAS","url":"https:\/\/cvinoticias.com\/v3\/","logo":{"@type":"ImageObject","inLanguage":"es","@id":"https:\/\/cvinoticias.com\/v3\/#\/schema\/logo\/image\/","url":"https:\/\/cvinoticias.com\/wp-content\/uploads\/2023\/04\/cropped-cropped-cropped-cropped-cropped-3-1.png","contentUrl":"https:\/\/cvinoticias.com\/wp-content\/uploads\/2023\/04\/cropped-cropped-cropped-cropped-cropped-3-1.png","width":95,"height":122,"caption":"CVI NOTICIAS"},"image":{"@id":"https:\/\/cvinoticias.com\/v3\/#\/schema\/logo\/image\/"},"sameAs":["https:\/\/www.facebook.com\/cvinoticias","https:\/\/www.instagram.com\/cvinoticias\/","https:\/\/www.youtube.com\/@CVINOTICIAS"]},{"@type":"Person","@id":"https:\/\/cvinoticias.com\/v3\/#\/schema\/person\/2db77e3c6bc03c538495d7b2b8be9b66","name":"f1000024","image":{"@type":"ImageObject","inLanguage":"es","@id":"https:\/\/secure.gravatar.com\/avatar\/d4fe7459cfc51ff5129ce1a732bbef5928568b8092d412ef95611616376bbeed?s=96&d=mm&r=g","url":"https:\/\/secure.gravatar.com\/avatar\/d4fe7459cfc51ff5129ce1a732bbef5928568b8092d412ef95611616376bbeed?s=96&d=mm&r=g","contentUrl":"https:\/\/secure.gravatar.com\/avatar\/d4fe7459cfc51ff5129ce1a732bbef5928568b8092d412ef95611616376bbeed?s=96&d=mm&r=g","caption":"f1000024"},"url":"https:\/\/cvinoticias.com\/v3\/author\/f1000024\/"}]}},"_links":{"self":[{"href":"https:\/\/cvinoticias.com\/v3\/wp-json\/wp\/v2\/posts\/7570","targetHints":{"allow":["GET"]}}],"collection":[{"href":"https:\/\/cvinoticias.com\/v3\/wp-json\/wp\/v2\/posts"}],"about":[{"href":"https:\/\/cvinoticias.com\/v3\/wp-json\/wp\/v2\/types\/post"}],"author":[{"embeddable":true,"href":"https:\/\/cvinoticias.com\/v3\/wp-json\/wp\/v2\/users\/2"}],"replies":[{"embeddable":true,"href":"https:\/\/cvinoticias.com\/v3\/wp-json\/wp\/v2\/comments?post=7570"}],"version-history":[{"count":1,"href":"https:\/\/cvinoticias.com\/v3\/wp-json\/wp\/v2\/posts\/7570\/revisions"}],"predecessor-version":[{"id":7572,"href":"https:\/\/cvinoticias.com\/v3\/wp-json\/wp\/v2\/posts\/7570\/revisions\/7572"}],"wp:featuredmedia":[{"embeddable":true,"href":"https:\/\/cvinoticias.com\/v3\/wp-json\/wp\/v2\/media\/7571"}],"wp:attachment":[{"href":"https:\/\/cvinoticias.com\/v3\/wp-json\/wp\/v2\/media?parent=7570"}],"wp:term":[{"taxonomy":"category","embeddable":true,"href":"https:\/\/cvinoticias.com\/v3\/wp-json\/wp\/v2\/categories?post=7570"},{"taxonomy":"post_tag","embeddable":true,"href":"https:\/\/cvinoticias.com\/v3\/wp-json\/wp\/v2\/tags?post=7570"}],"curies":[{"name":"wp","href":"https:\/\/api.w.org\/{rel}","templated":true}]}}