{"id":7559,"date":"2021-08-12T19:37:14","date_gmt":"2021-08-12T19:37:14","guid":{"rendered":"https:\/\/cvinoticias.com\/v3\/?p=7559"},"modified":"2021-08-12T19:37:14","modified_gmt":"2021-08-12T19:37:14","slug":"hallan-a-un-brasileno-muerto-con-un-balazo-en-la-espalda-y-tobillera-electronica-en-san-antonio","status":"publish","type":"post","link":"https:\/\/cvinoticias.com\/v3\/hallan-a-un-brasileno-muerto-con-un-balazo-en-la-espalda-y-tobillera-electronica-en-san-antonio\/","title":{"rendered":"Hallan a un brasile\u00f1o muerto con un balazo en la espalda y tobillera electr\u00f3nica en San Antonio"},"content":{"rendered":"\n<p><strong><em>La polic\u00eda busca a dos sospechosos quienes se habr\u00edan fugado de la escena en motocicleta.<\/em><\/strong><\/p>\n\n\n\n<p>Un hombre fue hallado muerto con al menos una herida de arma de fuego en la espalda&nbsp;pocos minutos antes del mediod\u00eda de este jueves&nbsp;en una calle terrada del barrio Primero de Mayo de San Antonio.<\/p>\n\n\n\n<p>La v\u00edctima fue identificada como&nbsp;Gustavo Frescura, de 20 a\u00f1os y de nacionalidad brasile\u00f1a, quien&nbsp;ten\u00eda colocada una tobillera electr\u00f3nica en la pierna izquierda, ya que estar\u00eda bajo el r\u00e9gimen de prisi\u00f3n domiciliaria con antecedentes por delitos contra la propiedad (robo)en la fronteriza localidad de Francisco Beltrao, aunque ten\u00eda fijado domicilio en Santo Antonio do Sudeste.<\/p>\n\n\n\n<p>Investigadores de la Unidad Regional XII&nbsp;intentan determinar la identidad del occiso y buscan a dos sospechosos que habr\u00edan escapado de la zona en una motocicleta.<\/p>\n\n\n\n<p>En la escena del hallazgo trabajan integrantes de la Polic\u00eda Cient\u00edfica UR-XII y Comando Radioel\u00e9ctrico de San Antonio.<\/p>\n\n\n\n<p><br>Interviene el juez de Instrucci\u00f3n 3 de Puerto Iguaz\u00fa, Mart\u00edn Brites.<\/p>\n","protected":false},"excerpt":{"rendered":"<p>La polic\u00eda busca a dos sospechosos quienes se habr\u00edan fugado de la escena en motocicleta. Un hombre fue hallado muerto con al menos una herida de arma de fuego en la espalda&nbsp;pocos minutos antes del mediod\u00eda de este jueves&nbsp;en una calle terrada del barrio Primero de Mayo de San Antonio. La v\u00edctima fue identificada como&nbsp;Gustavo [&hellip;]<\/p>\n","protected":false},"author":2,"featured_media":7560,"comment_status":"open","ping_status":"open","sticky":false,"template":"","format":"standard","meta":{"footnotes":""},"categories":[41],"tags":[],"class_list":["post-7559","post","type-post","status-publish","format-standard","has-post-thumbnail","hentry","category-policiales"],"yoast_head":"<!-- This site is optimized with the Yoast SEO plugin v27.4 - https:\/\/yoast.com\/product\/yoast-seo-wordpress\/ -->\n<title>Hallan a un brasile\u00f1o muerto con un balazo en la espalda y tobillera electr\u00f3nica en San Antonio | CVI NOTICIAS<\/title>\n<meta name=\"robots\" content=\"index, follow, max-snippet:-1, max-image-preview:large, max-video-preview:-1\" \/>\n<link rel=\"canonical\" href=\"https:\/\/cvinoticias.com\/v3\/hallan-a-un-brasileno-muerto-con-un-balazo-en-la-espalda-y-tobillera-electronica-en-san-antonio\/\" \/>\n<meta property=\"og:locale\" content=\"es_ES\" \/>\n<meta property=\"og:type\" content=\"article\" \/>\n<meta property=\"og:title\" content=\"Hallan a un brasile\u00f1o muerto con un balazo en la espalda y tobillera electr\u00f3nica en San Antonio | CVI NOTICIAS\" \/>\n<meta property=\"og:description\" content=\"La polic\u00eda busca a dos sospechosos quienes se habr\u00edan fugado de la escena en motocicleta. Un hombre fue hallado muerto con al menos una herida de arma de fuego en la espalda&nbsp;pocos minutos antes del mediod\u00eda de este jueves&nbsp;en una calle terrada del barrio Primero de Mayo de San Antonio. La v\u00edctima fue identificada como&nbsp;Gustavo [&hellip;]\" \/>\n<meta property=\"og:url\" content=\"https:\/\/cvinoticias.com\/v3\/hallan-a-un-brasileno-muerto-con-un-balazo-en-la-espalda-y-tobillera-electronica-en-san-antonio\/\" \/>\n<meta property=\"og:site_name\" content=\"CVI NOTICIAS\" \/>\n<meta property=\"article:publisher\" content=\"https:\/\/www.facebook.com\/cvinoticias\" \/>\n<meta property=\"article:published_time\" content=\"2021-08-12T19:37:14+00:00\" \/>\n<meta property=\"og:image\" content=\"https:\/\/cvinoticias.com\/wp-content\/uploads\/2021\/08\/Screenshot_20210812-163350_Facebook.jpg\" \/>\n\t<meta property=\"og:image:width\" content=\"997\" \/>\n\t<meta property=\"og:image:height\" content=\"652\" \/>\n\t<meta property=\"og:image:type\" content=\"image\/jpeg\" \/>\n<meta name=\"author\" content=\"f1000024\" \/>\n<meta name=\"twitter:card\" content=\"summary_large_image\" \/>\n<meta name=\"twitter:label1\" content=\"Escrito por\" \/>\n\t<meta name=\"twitter:data1\" content=\"f1000024\" \/>\n\t<meta name=\"twitter:label2\" content=\"Tiempo de lectura\" \/>\n\t<meta name=\"twitter:data2\" content=\"1 minuto\" \/>\n<script type=\"application\/ld+json\" class=\"yoast-schema-graph\">{\"@context\":\"https:\\\/\\\/schema.org\",\"@graph\":[{\"@type\":\"Article\",\"@id\":\"https:\\\/\\\/cvinoticias.com\\\/v3\\\/hallan-a-un-brasileno-muerto-con-un-balazo-en-la-espalda-y-tobillera-electronica-en-san-antonio\\\/#article\",\"isPartOf\":{\"@id\":\"https:\\\/\\\/cvinoticias.com\\\/v3\\\/hallan-a-un-brasileno-muerto-con-un-balazo-en-la-espalda-y-tobillera-electronica-en-san-antonio\\\/\"},\"author\":{\"name\":\"f1000024\",\"@id\":\"https:\\\/\\\/cvinoticias.com\\\/v3\\\/#\\\/schema\\\/person\\\/2db77e3c6bc03c538495d7b2b8be9b66\"},\"headline\":\"Hallan a un brasile\u00f1o muerto con un balazo en la espalda y tobillera electr\u00f3nica en San Antonio\",\"datePublished\":\"2021-08-12T19:37:14+00:00\",\"mainEntityOfPage\":{\"@id\":\"https:\\\/\\\/cvinoticias.com\\\/v3\\\/hallan-a-un-brasileno-muerto-con-un-balazo-en-la-espalda-y-tobillera-electronica-en-san-antonio\\\/\"},\"wordCount\":204,\"commentCount\":0,\"publisher\":{\"@id\":\"https:\\\/\\\/cvinoticias.com\\\/v3\\\/#organization\"},\"image\":{\"@id\":\"https:\\\/\\\/cvinoticias.com\\\/v3\\\/hallan-a-un-brasileno-muerto-con-un-balazo-en-la-espalda-y-tobillera-electronica-en-san-antonio\\\/#primaryimage\"},\"thumbnailUrl\":\"https:\\\/\\\/cvinoticias.com\\\/wp-content\\\/uploads\\\/2021\\\/08\\\/Screenshot_20210812-163350_Facebook.jpg\",\"articleSection\":[\"Policiales\"],\"inLanguage\":\"es\",\"potentialAction\":[{\"@type\":\"CommentAction\",\"name\":\"Comment\",\"target\":[\"https:\\\/\\\/cvinoticias.com\\\/v3\\\/hallan-a-un-brasileno-muerto-con-un-balazo-en-la-espalda-y-tobillera-electronica-en-san-antonio\\\/#respond\"]}]},{\"@type\":\"WebPage\",\"@id\":\"https:\\\/\\\/cvinoticias.com\\\/v3\\\/hallan-a-un-brasileno-muerto-con-un-balazo-en-la-espalda-y-tobillera-electronica-en-san-antonio\\\/\",\"url\":\"https:\\\/\\\/cvinoticias.com\\\/v3\\\/hallan-a-un-brasileno-muerto-con-un-balazo-en-la-espalda-y-tobillera-electronica-en-san-antonio\\\/\",\"name\":\"Hallan a un brasile\u00f1o muerto con un balazo en la espalda y tobillera electr\u00f3nica en San Antonio | CVI NOTICIAS\",\"isPartOf\":{\"@id\":\"https:\\\/\\\/cvinoticias.com\\\/v3\\\/#website\"},\"primaryImageOfPage\":{\"@id\":\"https:\\\/\\\/cvinoticias.com\\\/v3\\\/hallan-a-un-brasileno-muerto-con-un-balazo-en-la-espalda-y-tobillera-electronica-en-san-antonio\\\/#primaryimage\"},\"image\":{\"@id\":\"https:\\\/\\\/cvinoticias.com\\\/v3\\\/hallan-a-un-brasileno-muerto-con-un-balazo-en-la-espalda-y-tobillera-electronica-en-san-antonio\\\/#primaryimage\"},\"thumbnailUrl\":\"https:\\\/\\\/cvinoticias.com\\\/wp-content\\\/uploads\\\/2021\\\/08\\\/Screenshot_20210812-163350_Facebook.jpg\",\"datePublished\":\"2021-08-12T19:37:14+00:00\",\"breadcrumb\":{\"@id\":\"https:\\\/\\\/cvinoticias.com\\\/v3\\\/hallan-a-un-brasileno-muerto-con-un-balazo-en-la-espalda-y-tobillera-electronica-en-san-antonio\\\/#breadcrumb\"},\"inLanguage\":\"es\",\"potentialAction\":[{\"@type\":\"ReadAction\",\"target\":[\"https:\\\/\\\/cvinoticias.com\\\/v3\\\/hallan-a-un-brasileno-muerto-con-un-balazo-en-la-espalda-y-tobillera-electronica-en-san-antonio\\\/\"]}]},{\"@type\":\"ImageObject\",\"inLanguage\":\"es\",\"@id\":\"https:\\\/\\\/cvinoticias.com\\\/v3\\\/hallan-a-un-brasileno-muerto-con-un-balazo-en-la-espalda-y-tobillera-electronica-en-san-antonio\\\/#primaryimage\",\"url\":\"https:\\\/\\\/cvinoticias.com\\\/wp-content\\\/uploads\\\/2021\\\/08\\\/Screenshot_20210812-163350_Facebook.jpg\",\"contentUrl\":\"https:\\\/\\\/cvinoticias.com\\\/wp-content\\\/uploads\\\/2021\\\/08\\\/Screenshot_20210812-163350_Facebook.jpg\",\"width\":997,\"height\":652},{\"@type\":\"BreadcrumbList\",\"@id\":\"https:\\\/\\\/cvinoticias.com\\\/v3\\\/hallan-a-un-brasileno-muerto-con-un-balazo-en-la-espalda-y-tobillera-electronica-en-san-antonio\\\/#breadcrumb\",\"itemListElement\":[{\"@type\":\"ListItem\",\"position\":1,\"name\":\"Portada\",\"item\":\"https:\\\/\\\/cvinoticias.com\\\/v3\\\/\"},{\"@type\":\"ListItem\",\"position\":2,\"name\":\"Hallan a un brasile\u00f1o muerto con un balazo en la espalda y tobillera electr\u00f3nica en San Antonio\"}]},{\"@type\":\"WebSite\",\"@id\":\"https:\\\/\\\/cvinoticias.com\\\/v3\\\/#website\",\"url\":\"https:\\\/\\\/cvinoticias.com\\\/v3\\\/\",\"name\":\"CVI NOTICIAS\",\"description\":\"\",\"publisher\":{\"@id\":\"https:\\\/\\\/cvinoticias.com\\\/v3\\\/#organization\"},\"alternateName\":\"CVI\",\"potentialAction\":[{\"@type\":\"SearchAction\",\"target\":{\"@type\":\"EntryPoint\",\"urlTemplate\":\"https:\\\/\\\/cvinoticias.com\\\/v3\\\/?s={search_term_string}\"},\"query-input\":{\"@type\":\"PropertyValueSpecification\",\"valueRequired\":true,\"valueName\":\"search_term_string\"}}],\"inLanguage\":\"es\"},{\"@type\":\"Organization\",\"@id\":\"https:\\\/\\\/cvinoticias.com\\\/v3\\\/#organization\",\"name\":\"CVI NOTICIAS\",\"url\":\"https:\\\/\\\/cvinoticias.com\\\/v3\\\/\",\"logo\":{\"@type\":\"ImageObject\",\"inLanguage\":\"es\",\"@id\":\"https:\\\/\\\/cvinoticias.com\\\/v3\\\/#\\\/schema\\\/logo\\\/image\\\/\",\"url\":\"https:\\\/\\\/cvinoticias.com\\\/wp-content\\\/uploads\\\/2023\\\/04\\\/cropped-cropped-cropped-cropped-cropped-3-1.png\",\"contentUrl\":\"https:\\\/\\\/cvinoticias.com\\\/wp-content\\\/uploads\\\/2023\\\/04\\\/cropped-cropped-cropped-cropped-cropped-3-1.png\",\"width\":95,\"height\":122,\"caption\":\"CVI NOTICIAS\"},\"image\":{\"@id\":\"https:\\\/\\\/cvinoticias.com\\\/v3\\\/#\\\/schema\\\/logo\\\/image\\\/\"},\"sameAs\":[\"https:\\\/\\\/www.facebook.com\\\/cvinoticias\",\"https:\\\/\\\/www.instagram.com\\\/cvinoticias\\\/\",\"https:\\\/\\\/www.youtube.com\\\/@CVINOTICIAS\"]},{\"@type\":\"Person\",\"@id\":\"https:\\\/\\\/cvinoticias.com\\\/v3\\\/#\\\/schema\\\/person\\\/2db77e3c6bc03c538495d7b2b8be9b66\",\"name\":\"f1000024\",\"image\":{\"@type\":\"ImageObject\",\"inLanguage\":\"es\",\"@id\":\"https:\\\/\\\/secure.gravatar.com\\\/avatar\\\/d4fe7459cfc51ff5129ce1a732bbef5928568b8092d412ef95611616376bbeed?s=96&d=mm&r=g\",\"url\":\"https:\\\/\\\/secure.gravatar.com\\\/avatar\\\/d4fe7459cfc51ff5129ce1a732bbef5928568b8092d412ef95611616376bbeed?s=96&d=mm&r=g\",\"contentUrl\":\"https:\\\/\\\/secure.gravatar.com\\\/avatar\\\/d4fe7459cfc51ff5129ce1a732bbef5928568b8092d412ef95611616376bbeed?s=96&d=mm&r=g\",\"caption\":\"f1000024\"},\"url\":\"https:\\\/\\\/cvinoticias.com\\\/v3\\\/author\\\/f1000024\\\/\"}]}<\/script>\n<!-- \/ Yoast SEO plugin. -->","yoast_head_json":{"title":"Hallan a un brasile\u00f1o muerto con un balazo en la espalda y tobillera electr\u00f3nica en San Antonio | CVI NOTICIAS","robots":{"index":"index","follow":"follow","max-snippet":"max-snippet:-1","max-image-preview":"max-image-preview:large","max-video-preview":"max-video-preview:-1"},"canonical":"https:\/\/cvinoticias.com\/v3\/hallan-a-un-brasileno-muerto-con-un-balazo-en-la-espalda-y-tobillera-electronica-en-san-antonio\/","og_locale":"es_ES","og_type":"article","og_title":"Hallan a un brasile\u00f1o muerto con un balazo en la espalda y tobillera electr\u00f3nica en San Antonio | CVI NOTICIAS","og_description":"La polic\u00eda busca a dos sospechosos quienes se habr\u00edan fugado de la escena en motocicleta. Un hombre fue hallado muerto con al menos una herida de arma de fuego en la espalda&nbsp;pocos minutos antes del mediod\u00eda de este jueves&nbsp;en una calle terrada del barrio Primero de Mayo de San Antonio. La v\u00edctima fue identificada como&nbsp;Gustavo [&hellip;]","og_url":"https:\/\/cvinoticias.com\/v3\/hallan-a-un-brasileno-muerto-con-un-balazo-en-la-espalda-y-tobillera-electronica-en-san-antonio\/","og_site_name":"CVI NOTICIAS","article_publisher":"https:\/\/www.facebook.com\/cvinoticias","article_published_time":"2021-08-12T19:37:14+00:00","og_image":[{"width":997,"height":652,"url":"https:\/\/cvinoticias.com\/wp-content\/uploads\/2021\/08\/Screenshot_20210812-163350_Facebook.jpg","type":"image\/jpeg"}],"author":"f1000024","twitter_card":"summary_large_image","twitter_misc":{"Escrito por":"f1000024","Tiempo de lectura":"1 minuto"},"schema":{"@context":"https:\/\/schema.org","@graph":[{"@type":"Article","@id":"https:\/\/cvinoticias.com\/v3\/hallan-a-un-brasileno-muerto-con-un-balazo-en-la-espalda-y-tobillera-electronica-en-san-antonio\/#article","isPartOf":{"@id":"https:\/\/cvinoticias.com\/v3\/hallan-a-un-brasileno-muerto-con-un-balazo-en-la-espalda-y-tobillera-electronica-en-san-antonio\/"},"author":{"name":"f1000024","@id":"https:\/\/cvinoticias.com\/v3\/#\/schema\/person\/2db77e3c6bc03c538495d7b2b8be9b66"},"headline":"Hallan a un brasile\u00f1o muerto con un balazo en la espalda y tobillera electr\u00f3nica en San Antonio","datePublished":"2021-08-12T19:37:14+00:00","mainEntityOfPage":{"@id":"https:\/\/cvinoticias.com\/v3\/hallan-a-un-brasileno-muerto-con-un-balazo-en-la-espalda-y-tobillera-electronica-en-san-antonio\/"},"wordCount":204,"commentCount":0,"publisher":{"@id":"https:\/\/cvinoticias.com\/v3\/#organization"},"image":{"@id":"https:\/\/cvinoticias.com\/v3\/hallan-a-un-brasileno-muerto-con-un-balazo-en-la-espalda-y-tobillera-electronica-en-san-antonio\/#primaryimage"},"thumbnailUrl":"https:\/\/cvinoticias.com\/wp-content\/uploads\/2021\/08\/Screenshot_20210812-163350_Facebook.jpg","articleSection":["Policiales"],"inLanguage":"es","potentialAction":[{"@type":"CommentAction","name":"Comment","target":["https:\/\/cvinoticias.com\/v3\/hallan-a-un-brasileno-muerto-con-un-balazo-en-la-espalda-y-tobillera-electronica-en-san-antonio\/#respond"]}]},{"@type":"WebPage","@id":"https:\/\/cvinoticias.com\/v3\/hallan-a-un-brasileno-muerto-con-un-balazo-en-la-espalda-y-tobillera-electronica-en-san-antonio\/","url":"https:\/\/cvinoticias.com\/v3\/hallan-a-un-brasileno-muerto-con-un-balazo-en-la-espalda-y-tobillera-electronica-en-san-antonio\/","name":"Hallan a un brasile\u00f1o muerto con un balazo en la espalda y tobillera electr\u00f3nica en San Antonio | CVI NOTICIAS","isPartOf":{"@id":"https:\/\/cvinoticias.com\/v3\/#website"},"primaryImageOfPage":{"@id":"https:\/\/cvinoticias.com\/v3\/hallan-a-un-brasileno-muerto-con-un-balazo-en-la-espalda-y-tobillera-electronica-en-san-antonio\/#primaryimage"},"image":{"@id":"https:\/\/cvinoticias.com\/v3\/hallan-a-un-brasileno-muerto-con-un-balazo-en-la-espalda-y-tobillera-electronica-en-san-antonio\/#primaryimage"},"thumbnailUrl":"https:\/\/cvinoticias.com\/wp-content\/uploads\/2021\/08\/Screenshot_20210812-163350_Facebook.jpg","datePublished":"2021-08-12T19:37:14+00:00","breadcrumb":{"@id":"https:\/\/cvinoticias.com\/v3\/hallan-a-un-brasileno-muerto-con-un-balazo-en-la-espalda-y-tobillera-electronica-en-san-antonio\/#breadcrumb"},"inLanguage":"es","potentialAction":[{"@type":"ReadAction","target":["https:\/\/cvinoticias.com\/v3\/hallan-a-un-brasileno-muerto-con-un-balazo-en-la-espalda-y-tobillera-electronica-en-san-antonio\/"]}]},{"@type":"ImageObject","inLanguage":"es","@id":"https:\/\/cvinoticias.com\/v3\/hallan-a-un-brasileno-muerto-con-un-balazo-en-la-espalda-y-tobillera-electronica-en-san-antonio\/#primaryimage","url":"https:\/\/cvinoticias.com\/wp-content\/uploads\/2021\/08\/Screenshot_20210812-163350_Facebook.jpg","contentUrl":"https:\/\/cvinoticias.com\/wp-content\/uploads\/2021\/08\/Screenshot_20210812-163350_Facebook.jpg","width":997,"height":652},{"@type":"BreadcrumbList","@id":"https:\/\/cvinoticias.com\/v3\/hallan-a-un-brasileno-muerto-con-un-balazo-en-la-espalda-y-tobillera-electronica-en-san-antonio\/#breadcrumb","itemListElement":[{"@type":"ListItem","position":1,"name":"Portada","item":"https:\/\/cvinoticias.com\/v3\/"},{"@type":"ListItem","position":2,"name":"Hallan a un brasile\u00f1o muerto con un balazo en la espalda y tobillera electr\u00f3nica en San Antonio"}]},{"@type":"WebSite","@id":"https:\/\/cvinoticias.com\/v3\/#website","url":"https:\/\/cvinoticias.com\/v3\/","name":"CVI NOTICIAS","description":"","publisher":{"@id":"https:\/\/cvinoticias.com\/v3\/#organization"},"alternateName":"CVI","potentialAction":[{"@type":"SearchAction","target":{"@type":"EntryPoint","urlTemplate":"https:\/\/cvinoticias.com\/v3\/?s={search_term_string}"},"query-input":{"@type":"PropertyValueSpecification","valueRequired":true,"valueName":"search_term_string"}}],"inLanguage":"es"},{"@type":"Organization","@id":"https:\/\/cvinoticias.com\/v3\/#organization","name":"CVI NOTICIAS","url":"https:\/\/cvinoticias.com\/v3\/","logo":{"@type":"ImageObject","inLanguage":"es","@id":"https:\/\/cvinoticias.com\/v3\/#\/schema\/logo\/image\/","url":"https:\/\/cvinoticias.com\/wp-content\/uploads\/2023\/04\/cropped-cropped-cropped-cropped-cropped-3-1.png","contentUrl":"https:\/\/cvinoticias.com\/wp-content\/uploads\/2023\/04\/cropped-cropped-cropped-cropped-cropped-3-1.png","width":95,"height":122,"caption":"CVI NOTICIAS"},"image":{"@id":"https:\/\/cvinoticias.com\/v3\/#\/schema\/logo\/image\/"},"sameAs":["https:\/\/www.facebook.com\/cvinoticias","https:\/\/www.instagram.com\/cvinoticias\/","https:\/\/www.youtube.com\/@CVINOTICIAS"]},{"@type":"Person","@id":"https:\/\/cvinoticias.com\/v3\/#\/schema\/person\/2db77e3c6bc03c538495d7b2b8be9b66","name":"f1000024","image":{"@type":"ImageObject","inLanguage":"es","@id":"https:\/\/secure.gravatar.com\/avatar\/d4fe7459cfc51ff5129ce1a732bbef5928568b8092d412ef95611616376bbeed?s=96&d=mm&r=g","url":"https:\/\/secure.gravatar.com\/avatar\/d4fe7459cfc51ff5129ce1a732bbef5928568b8092d412ef95611616376bbeed?s=96&d=mm&r=g","contentUrl":"https:\/\/secure.gravatar.com\/avatar\/d4fe7459cfc51ff5129ce1a732bbef5928568b8092d412ef95611616376bbeed?s=96&d=mm&r=g","caption":"f1000024"},"url":"https:\/\/cvinoticias.com\/v3\/author\/f1000024\/"}]}},"_links":{"self":[{"href":"https:\/\/cvinoticias.com\/v3\/wp-json\/wp\/v2\/posts\/7559","targetHints":{"allow":["GET"]}}],"collection":[{"href":"https:\/\/cvinoticias.com\/v3\/wp-json\/wp\/v2\/posts"}],"about":[{"href":"https:\/\/cvinoticias.com\/v3\/wp-json\/wp\/v2\/types\/post"}],"author":[{"embeddable":true,"href":"https:\/\/cvinoticias.com\/v3\/wp-json\/wp\/v2\/users\/2"}],"replies":[{"embeddable":true,"href":"https:\/\/cvinoticias.com\/v3\/wp-json\/wp\/v2\/comments?post=7559"}],"version-history":[{"count":1,"href":"https:\/\/cvinoticias.com\/v3\/wp-json\/wp\/v2\/posts\/7559\/revisions"}],"predecessor-version":[{"id":7561,"href":"https:\/\/cvinoticias.com\/v3\/wp-json\/wp\/v2\/posts\/7559\/revisions\/7561"}],"wp:featuredmedia":[{"embeddable":true,"href":"https:\/\/cvinoticias.com\/v3\/wp-json\/wp\/v2\/media\/7560"}],"wp:attachment":[{"href":"https:\/\/cvinoticias.com\/v3\/wp-json\/wp\/v2\/media?parent=7559"}],"wp:term":[{"taxonomy":"category","embeddable":true,"href":"https:\/\/cvinoticias.com\/v3\/wp-json\/wp\/v2\/categories?post=7559"},{"taxonomy":"post_tag","embeddable":true,"href":"https:\/\/cvinoticias.com\/v3\/wp-json\/wp\/v2\/tags?post=7559"}],"curies":[{"name":"wp","href":"https:\/\/api.w.org\/{rel}","templated":true}]}}