{"id":7547,"date":"2021-08-12T17:13:42","date_gmt":"2021-08-12T17:13:42","guid":{"rendered":"https:\/\/cvinoticias.com\/v3\/?p=7547"},"modified":"2021-08-12T17:13:42","modified_gmt":"2021-08-12T17:13:42","slug":"puerto-rico-un-obrero-perdio-la-vida-tras-caer-desde-un-primer-piso-en-una-obra-en-construccion","status":"publish","type":"post","link":"https:\/\/cvinoticias.com\/v3\/puerto-rico-un-obrero-perdio-la-vida-tras-caer-desde-un-primer-piso-en-una-obra-en-construccion\/","title":{"rendered":"Puerto Rico: Un obrero perdi\u00f3 la vida tras caer desde un primer piso en una obra en construcci\u00f3n"},"content":{"rendered":"\n<p><strong><em>El tr\u00e1gico accidente ocurri\u00f3 hoy a las 9:30 hs, en una obra en construcci\u00f3n situada sobre la avenida 9 de Julio intersecci\u00f3n con calle Andresito. En el lugar, un obrero identificado como Enzo Duarte de 21 a\u00f1os cay\u00f3 desde un primer piso y perdi\u00f3 la vida al instante.<\/em><\/strong><\/p>\n\n\n\n<p>La Comisar\u00eda Seccional Primera fue alertada del suceso a trav\u00e9s del Centro Integral de Operaciones (CIO- 911), donde informaron que un trabajador habr\u00eda ca\u00eddo desde gran altura en una obra en construcci\u00f3n.<\/p>\n\n\n\n<p>Posteriormente, se constat\u00f3 el hecho del cual todav\u00eda se desconocen las causas que son materia de investigaci\u00f3n. El m\u00e9dico policial que examin\u00f3 el cuerpo diagnostic\u00f3 la causa de muerte por \u201cpolitraumatismo de cr\u00e1neo\u201d.<\/p>\n\n\n\n<p>El Juzgado de Instrucci\u00f3n N\u00ba1 de Puerto Rico, dispuso que el cuerpo sea trasladado a la Morgue para su correspondiente autopsia y posteriormente entregado a sus familiares.<br>Trabajaron en el lugar del hecho, efectivos de la Polic\u00eda Cient\u00edfica de la Unidad Regional IV.<\/p>\n","protected":false},"excerpt":{"rendered":"<p>El tr\u00e1gico accidente ocurri\u00f3 hoy a las 9:30 hs, en una obra en construcci\u00f3n situada sobre la avenida 9 de Julio intersecci\u00f3n con calle Andresito. En el lugar, un obrero identificado como Enzo Duarte de 21 a\u00f1os cay\u00f3 desde un primer piso y perdi\u00f3 la vida al instante. La Comisar\u00eda Seccional Primera fue alertada del [&hellip;]<\/p>\n","protected":false},"author":2,"featured_media":7548,"comment_status":"open","ping_status":"open","sticky":false,"template":"","format":"standard","meta":{"footnotes":""},"categories":[41],"tags":[],"class_list":["post-7547","post","type-post","status-publish","format-standard","has-post-thumbnail","hentry","category-policiales"],"yoast_head":"<!-- This site is optimized with the Yoast SEO plugin v27.4 - https:\/\/yoast.com\/product\/yoast-seo-wordpress\/ -->\n<title>Puerto Rico: Un obrero perdi\u00f3 la vida tras caer desde un primer piso en una obra en construcci\u00f3n | CVI NOTICIAS<\/title>\n<meta name=\"robots\" content=\"index, follow, max-snippet:-1, max-image-preview:large, max-video-preview:-1\" \/>\n<link rel=\"canonical\" href=\"https:\/\/cvinoticias.com\/v3\/puerto-rico-un-obrero-perdio-la-vida-tras-caer-desde-un-primer-piso-en-una-obra-en-construccion\/\" \/>\n<meta property=\"og:locale\" content=\"es_ES\" \/>\n<meta property=\"og:type\" content=\"article\" \/>\n<meta property=\"og:title\" content=\"Puerto Rico: Un obrero perdi\u00f3 la vida tras caer desde un primer piso en una obra en construcci\u00f3n | CVI NOTICIAS\" \/>\n<meta property=\"og:description\" content=\"El tr\u00e1gico accidente ocurri\u00f3 hoy a las 9:30 hs, en una obra en construcci\u00f3n situada sobre la avenida 9 de Julio intersecci\u00f3n con calle Andresito. En el lugar, un obrero identificado como Enzo Duarte de 21 a\u00f1os cay\u00f3 desde un primer piso y perdi\u00f3 la vida al instante. La Comisar\u00eda Seccional Primera fue alertada del [&hellip;]\" \/>\n<meta property=\"og:url\" content=\"https:\/\/cvinoticias.com\/v3\/puerto-rico-un-obrero-perdio-la-vida-tras-caer-desde-un-primer-piso-en-una-obra-en-construccion\/\" \/>\n<meta property=\"og:site_name\" content=\"CVI NOTICIAS\" \/>\n<meta property=\"article:publisher\" content=\"https:\/\/www.facebook.com\/cvinoticias\" \/>\n<meta property=\"article:published_time\" content=\"2021-08-12T17:13:42+00:00\" \/>\n<meta property=\"og:image\" content=\"https:\/\/cvinoticias.com\/wp-content\/uploads\/2021\/08\/IMG-20210812-WA0075.jpg\" \/>\n\t<meta property=\"og:image:width\" content=\"774\" \/>\n\t<meta property=\"og:image:height\" content=\"1032\" \/>\n\t<meta property=\"og:image:type\" content=\"image\/jpeg\" \/>\n<meta name=\"author\" content=\"f1000024\" \/>\n<meta name=\"twitter:card\" content=\"summary_large_image\" \/>\n<meta name=\"twitter:label1\" content=\"Escrito por\" \/>\n\t<meta name=\"twitter:data1\" content=\"f1000024\" \/>\n\t<meta name=\"twitter:label2\" content=\"Tiempo de lectura\" \/>\n\t<meta name=\"twitter:data2\" content=\"1 minuto\" \/>\n<script type=\"application\/ld+json\" class=\"yoast-schema-graph\">{\"@context\":\"https:\\\/\\\/schema.org\",\"@graph\":[{\"@type\":\"Article\",\"@id\":\"https:\\\/\\\/cvinoticias.com\\\/v3\\\/puerto-rico-un-obrero-perdio-la-vida-tras-caer-desde-un-primer-piso-en-una-obra-en-construccion\\\/#article\",\"isPartOf\":{\"@id\":\"https:\\\/\\\/cvinoticias.com\\\/v3\\\/puerto-rico-un-obrero-perdio-la-vida-tras-caer-desde-un-primer-piso-en-una-obra-en-construccion\\\/\"},\"author\":{\"name\":\"f1000024\",\"@id\":\"https:\\\/\\\/cvinoticias.com\\\/v3\\\/#\\\/schema\\\/person\\\/2db77e3c6bc03c538495d7b2b8be9b66\"},\"headline\":\"Puerto Rico: Un obrero perdi\u00f3 la vida tras caer desde un primer piso en una obra en construcci\u00f3n\",\"datePublished\":\"2021-08-12T17:13:42+00:00\",\"mainEntityOfPage\":{\"@id\":\"https:\\\/\\\/cvinoticias.com\\\/v3\\\/puerto-rico-un-obrero-perdio-la-vida-tras-caer-desde-un-primer-piso-en-una-obra-en-construccion\\\/\"},\"wordCount\":187,\"commentCount\":1,\"publisher\":{\"@id\":\"https:\\\/\\\/cvinoticias.com\\\/v3\\\/#organization\"},\"image\":{\"@id\":\"https:\\\/\\\/cvinoticias.com\\\/v3\\\/puerto-rico-un-obrero-perdio-la-vida-tras-caer-desde-un-primer-piso-en-una-obra-en-construccion\\\/#primaryimage\"},\"thumbnailUrl\":\"https:\\\/\\\/cvinoticias.com\\\/wp-content\\\/uploads\\\/2021\\\/08\\\/IMG-20210812-WA0075.jpg\",\"articleSection\":[\"Policiales\"],\"inLanguage\":\"es\",\"potentialAction\":[{\"@type\":\"CommentAction\",\"name\":\"Comment\",\"target\":[\"https:\\\/\\\/cvinoticias.com\\\/v3\\\/puerto-rico-un-obrero-perdio-la-vida-tras-caer-desde-un-primer-piso-en-una-obra-en-construccion\\\/#respond\"]}]},{\"@type\":\"WebPage\",\"@id\":\"https:\\\/\\\/cvinoticias.com\\\/v3\\\/puerto-rico-un-obrero-perdio-la-vida-tras-caer-desde-un-primer-piso-en-una-obra-en-construccion\\\/\",\"url\":\"https:\\\/\\\/cvinoticias.com\\\/v3\\\/puerto-rico-un-obrero-perdio-la-vida-tras-caer-desde-un-primer-piso-en-una-obra-en-construccion\\\/\",\"name\":\"Puerto Rico: Un obrero perdi\u00f3 la vida tras caer desde un primer piso en una obra en construcci\u00f3n | CVI NOTICIAS\",\"isPartOf\":{\"@id\":\"https:\\\/\\\/cvinoticias.com\\\/v3\\\/#website\"},\"primaryImageOfPage\":{\"@id\":\"https:\\\/\\\/cvinoticias.com\\\/v3\\\/puerto-rico-un-obrero-perdio-la-vida-tras-caer-desde-un-primer-piso-en-una-obra-en-construccion\\\/#primaryimage\"},\"image\":{\"@id\":\"https:\\\/\\\/cvinoticias.com\\\/v3\\\/puerto-rico-un-obrero-perdio-la-vida-tras-caer-desde-un-primer-piso-en-una-obra-en-construccion\\\/#primaryimage\"},\"thumbnailUrl\":\"https:\\\/\\\/cvinoticias.com\\\/wp-content\\\/uploads\\\/2021\\\/08\\\/IMG-20210812-WA0075.jpg\",\"datePublished\":\"2021-08-12T17:13:42+00:00\",\"breadcrumb\":{\"@id\":\"https:\\\/\\\/cvinoticias.com\\\/v3\\\/puerto-rico-un-obrero-perdio-la-vida-tras-caer-desde-un-primer-piso-en-una-obra-en-construccion\\\/#breadcrumb\"},\"inLanguage\":\"es\",\"potentialAction\":[{\"@type\":\"ReadAction\",\"target\":[\"https:\\\/\\\/cvinoticias.com\\\/v3\\\/puerto-rico-un-obrero-perdio-la-vida-tras-caer-desde-un-primer-piso-en-una-obra-en-construccion\\\/\"]}]},{\"@type\":\"ImageObject\",\"inLanguage\":\"es\",\"@id\":\"https:\\\/\\\/cvinoticias.com\\\/v3\\\/puerto-rico-un-obrero-perdio-la-vida-tras-caer-desde-un-primer-piso-en-una-obra-en-construccion\\\/#primaryimage\",\"url\":\"https:\\\/\\\/cvinoticias.com\\\/wp-content\\\/uploads\\\/2021\\\/08\\\/IMG-20210812-WA0075.jpg\",\"contentUrl\":\"https:\\\/\\\/cvinoticias.com\\\/wp-content\\\/uploads\\\/2021\\\/08\\\/IMG-20210812-WA0075.jpg\",\"width\":774,\"height\":1032},{\"@type\":\"BreadcrumbList\",\"@id\":\"https:\\\/\\\/cvinoticias.com\\\/v3\\\/puerto-rico-un-obrero-perdio-la-vida-tras-caer-desde-un-primer-piso-en-una-obra-en-construccion\\\/#breadcrumb\",\"itemListElement\":[{\"@type\":\"ListItem\",\"position\":1,\"name\":\"Portada\",\"item\":\"https:\\\/\\\/cvinoticias.com\\\/v3\\\/\"},{\"@type\":\"ListItem\",\"position\":2,\"name\":\"Puerto Rico: Un obrero perdi\u00f3 la vida tras caer desde un primer piso en una obra en construcci\u00f3n\"}]},{\"@type\":\"WebSite\",\"@id\":\"https:\\\/\\\/cvinoticias.com\\\/v3\\\/#website\",\"url\":\"https:\\\/\\\/cvinoticias.com\\\/v3\\\/\",\"name\":\"CVI NOTICIAS\",\"description\":\"\",\"publisher\":{\"@id\":\"https:\\\/\\\/cvinoticias.com\\\/v3\\\/#organization\"},\"alternateName\":\"CVI\",\"potentialAction\":[{\"@type\":\"SearchAction\",\"target\":{\"@type\":\"EntryPoint\",\"urlTemplate\":\"https:\\\/\\\/cvinoticias.com\\\/v3\\\/?s={search_term_string}\"},\"query-input\":{\"@type\":\"PropertyValueSpecification\",\"valueRequired\":true,\"valueName\":\"search_term_string\"}}],\"inLanguage\":\"es\"},{\"@type\":\"Organization\",\"@id\":\"https:\\\/\\\/cvinoticias.com\\\/v3\\\/#organization\",\"name\":\"CVI NOTICIAS\",\"url\":\"https:\\\/\\\/cvinoticias.com\\\/v3\\\/\",\"logo\":{\"@type\":\"ImageObject\",\"inLanguage\":\"es\",\"@id\":\"https:\\\/\\\/cvinoticias.com\\\/v3\\\/#\\\/schema\\\/logo\\\/image\\\/\",\"url\":\"https:\\\/\\\/cvinoticias.com\\\/wp-content\\\/uploads\\\/2023\\\/04\\\/cropped-cropped-cropped-cropped-cropped-3-1.png\",\"contentUrl\":\"https:\\\/\\\/cvinoticias.com\\\/wp-content\\\/uploads\\\/2023\\\/04\\\/cropped-cropped-cropped-cropped-cropped-3-1.png\",\"width\":95,\"height\":122,\"caption\":\"CVI NOTICIAS\"},\"image\":{\"@id\":\"https:\\\/\\\/cvinoticias.com\\\/v3\\\/#\\\/schema\\\/logo\\\/image\\\/\"},\"sameAs\":[\"https:\\\/\\\/www.facebook.com\\\/cvinoticias\",\"https:\\\/\\\/www.instagram.com\\\/cvinoticias\\\/\",\"https:\\\/\\\/www.youtube.com\\\/@CVINOTICIAS\"]},{\"@type\":\"Person\",\"@id\":\"https:\\\/\\\/cvinoticias.com\\\/v3\\\/#\\\/schema\\\/person\\\/2db77e3c6bc03c538495d7b2b8be9b66\",\"name\":\"f1000024\",\"image\":{\"@type\":\"ImageObject\",\"inLanguage\":\"es\",\"@id\":\"https:\\\/\\\/secure.gravatar.com\\\/avatar\\\/d4fe7459cfc51ff5129ce1a732bbef5928568b8092d412ef95611616376bbeed?s=96&d=mm&r=g\",\"url\":\"https:\\\/\\\/secure.gravatar.com\\\/avatar\\\/d4fe7459cfc51ff5129ce1a732bbef5928568b8092d412ef95611616376bbeed?s=96&d=mm&r=g\",\"contentUrl\":\"https:\\\/\\\/secure.gravatar.com\\\/avatar\\\/d4fe7459cfc51ff5129ce1a732bbef5928568b8092d412ef95611616376bbeed?s=96&d=mm&r=g\",\"caption\":\"f1000024\"},\"url\":\"https:\\\/\\\/cvinoticias.com\\\/v3\\\/author\\\/f1000024\\\/\"}]}<\/script>\n<!-- \/ Yoast SEO plugin. -->","yoast_head_json":{"title":"Puerto Rico: Un obrero perdi\u00f3 la vida tras caer desde un primer piso en una obra en construcci\u00f3n | CVI NOTICIAS","robots":{"index":"index","follow":"follow","max-snippet":"max-snippet:-1","max-image-preview":"max-image-preview:large","max-video-preview":"max-video-preview:-1"},"canonical":"https:\/\/cvinoticias.com\/v3\/puerto-rico-un-obrero-perdio-la-vida-tras-caer-desde-un-primer-piso-en-una-obra-en-construccion\/","og_locale":"es_ES","og_type":"article","og_title":"Puerto Rico: Un obrero perdi\u00f3 la vida tras caer desde un primer piso en una obra en construcci\u00f3n | CVI NOTICIAS","og_description":"El tr\u00e1gico accidente ocurri\u00f3 hoy a las 9:30 hs, en una obra en construcci\u00f3n situada sobre la avenida 9 de Julio intersecci\u00f3n con calle Andresito. En el lugar, un obrero identificado como Enzo Duarte de 21 a\u00f1os cay\u00f3 desde un primer piso y perdi\u00f3 la vida al instante. La Comisar\u00eda Seccional Primera fue alertada del [&hellip;]","og_url":"https:\/\/cvinoticias.com\/v3\/puerto-rico-un-obrero-perdio-la-vida-tras-caer-desde-un-primer-piso-en-una-obra-en-construccion\/","og_site_name":"CVI NOTICIAS","article_publisher":"https:\/\/www.facebook.com\/cvinoticias","article_published_time":"2021-08-12T17:13:42+00:00","og_image":[{"width":774,"height":1032,"url":"https:\/\/cvinoticias.com\/wp-content\/uploads\/2021\/08\/IMG-20210812-WA0075.jpg","type":"image\/jpeg"}],"author":"f1000024","twitter_card":"summary_large_image","twitter_misc":{"Escrito por":"f1000024","Tiempo de lectura":"1 minuto"},"schema":{"@context":"https:\/\/schema.org","@graph":[{"@type":"Article","@id":"https:\/\/cvinoticias.com\/v3\/puerto-rico-un-obrero-perdio-la-vida-tras-caer-desde-un-primer-piso-en-una-obra-en-construccion\/#article","isPartOf":{"@id":"https:\/\/cvinoticias.com\/v3\/puerto-rico-un-obrero-perdio-la-vida-tras-caer-desde-un-primer-piso-en-una-obra-en-construccion\/"},"author":{"name":"f1000024","@id":"https:\/\/cvinoticias.com\/v3\/#\/schema\/person\/2db77e3c6bc03c538495d7b2b8be9b66"},"headline":"Puerto Rico: Un obrero perdi\u00f3 la vida tras caer desde un primer piso en una obra en construcci\u00f3n","datePublished":"2021-08-12T17:13:42+00:00","mainEntityOfPage":{"@id":"https:\/\/cvinoticias.com\/v3\/puerto-rico-un-obrero-perdio-la-vida-tras-caer-desde-un-primer-piso-en-una-obra-en-construccion\/"},"wordCount":187,"commentCount":1,"publisher":{"@id":"https:\/\/cvinoticias.com\/v3\/#organization"},"image":{"@id":"https:\/\/cvinoticias.com\/v3\/puerto-rico-un-obrero-perdio-la-vida-tras-caer-desde-un-primer-piso-en-una-obra-en-construccion\/#primaryimage"},"thumbnailUrl":"https:\/\/cvinoticias.com\/wp-content\/uploads\/2021\/08\/IMG-20210812-WA0075.jpg","articleSection":["Policiales"],"inLanguage":"es","potentialAction":[{"@type":"CommentAction","name":"Comment","target":["https:\/\/cvinoticias.com\/v3\/puerto-rico-un-obrero-perdio-la-vida-tras-caer-desde-un-primer-piso-en-una-obra-en-construccion\/#respond"]}]},{"@type":"WebPage","@id":"https:\/\/cvinoticias.com\/v3\/puerto-rico-un-obrero-perdio-la-vida-tras-caer-desde-un-primer-piso-en-una-obra-en-construccion\/","url":"https:\/\/cvinoticias.com\/v3\/puerto-rico-un-obrero-perdio-la-vida-tras-caer-desde-un-primer-piso-en-una-obra-en-construccion\/","name":"Puerto Rico: Un obrero perdi\u00f3 la vida tras caer desde un primer piso en una obra en construcci\u00f3n | CVI NOTICIAS","isPartOf":{"@id":"https:\/\/cvinoticias.com\/v3\/#website"},"primaryImageOfPage":{"@id":"https:\/\/cvinoticias.com\/v3\/puerto-rico-un-obrero-perdio-la-vida-tras-caer-desde-un-primer-piso-en-una-obra-en-construccion\/#primaryimage"},"image":{"@id":"https:\/\/cvinoticias.com\/v3\/puerto-rico-un-obrero-perdio-la-vida-tras-caer-desde-un-primer-piso-en-una-obra-en-construccion\/#primaryimage"},"thumbnailUrl":"https:\/\/cvinoticias.com\/wp-content\/uploads\/2021\/08\/IMG-20210812-WA0075.jpg","datePublished":"2021-08-12T17:13:42+00:00","breadcrumb":{"@id":"https:\/\/cvinoticias.com\/v3\/puerto-rico-un-obrero-perdio-la-vida-tras-caer-desde-un-primer-piso-en-una-obra-en-construccion\/#breadcrumb"},"inLanguage":"es","potentialAction":[{"@type":"ReadAction","target":["https:\/\/cvinoticias.com\/v3\/puerto-rico-un-obrero-perdio-la-vida-tras-caer-desde-un-primer-piso-en-una-obra-en-construccion\/"]}]},{"@type":"ImageObject","inLanguage":"es","@id":"https:\/\/cvinoticias.com\/v3\/puerto-rico-un-obrero-perdio-la-vida-tras-caer-desde-un-primer-piso-en-una-obra-en-construccion\/#primaryimage","url":"https:\/\/cvinoticias.com\/wp-content\/uploads\/2021\/08\/IMG-20210812-WA0075.jpg","contentUrl":"https:\/\/cvinoticias.com\/wp-content\/uploads\/2021\/08\/IMG-20210812-WA0075.jpg","width":774,"height":1032},{"@type":"BreadcrumbList","@id":"https:\/\/cvinoticias.com\/v3\/puerto-rico-un-obrero-perdio-la-vida-tras-caer-desde-un-primer-piso-en-una-obra-en-construccion\/#breadcrumb","itemListElement":[{"@type":"ListItem","position":1,"name":"Portada","item":"https:\/\/cvinoticias.com\/v3\/"},{"@type":"ListItem","position":2,"name":"Puerto Rico: Un obrero perdi\u00f3 la vida tras caer desde un primer piso en una obra en construcci\u00f3n"}]},{"@type":"WebSite","@id":"https:\/\/cvinoticias.com\/v3\/#website","url":"https:\/\/cvinoticias.com\/v3\/","name":"CVI NOTICIAS","description":"","publisher":{"@id":"https:\/\/cvinoticias.com\/v3\/#organization"},"alternateName":"CVI","potentialAction":[{"@type":"SearchAction","target":{"@type":"EntryPoint","urlTemplate":"https:\/\/cvinoticias.com\/v3\/?s={search_term_string}"},"query-input":{"@type":"PropertyValueSpecification","valueRequired":true,"valueName":"search_term_string"}}],"inLanguage":"es"},{"@type":"Organization","@id":"https:\/\/cvinoticias.com\/v3\/#organization","name":"CVI NOTICIAS","url":"https:\/\/cvinoticias.com\/v3\/","logo":{"@type":"ImageObject","inLanguage":"es","@id":"https:\/\/cvinoticias.com\/v3\/#\/schema\/logo\/image\/","url":"https:\/\/cvinoticias.com\/wp-content\/uploads\/2023\/04\/cropped-cropped-cropped-cropped-cropped-3-1.png","contentUrl":"https:\/\/cvinoticias.com\/wp-content\/uploads\/2023\/04\/cropped-cropped-cropped-cropped-cropped-3-1.png","width":95,"height":122,"caption":"CVI NOTICIAS"},"image":{"@id":"https:\/\/cvinoticias.com\/v3\/#\/schema\/logo\/image\/"},"sameAs":["https:\/\/www.facebook.com\/cvinoticias","https:\/\/www.instagram.com\/cvinoticias\/","https:\/\/www.youtube.com\/@CVINOTICIAS"]},{"@type":"Person","@id":"https:\/\/cvinoticias.com\/v3\/#\/schema\/person\/2db77e3c6bc03c538495d7b2b8be9b66","name":"f1000024","image":{"@type":"ImageObject","inLanguage":"es","@id":"https:\/\/secure.gravatar.com\/avatar\/d4fe7459cfc51ff5129ce1a732bbef5928568b8092d412ef95611616376bbeed?s=96&d=mm&r=g","url":"https:\/\/secure.gravatar.com\/avatar\/d4fe7459cfc51ff5129ce1a732bbef5928568b8092d412ef95611616376bbeed?s=96&d=mm&r=g","contentUrl":"https:\/\/secure.gravatar.com\/avatar\/d4fe7459cfc51ff5129ce1a732bbef5928568b8092d412ef95611616376bbeed?s=96&d=mm&r=g","caption":"f1000024"},"url":"https:\/\/cvinoticias.com\/v3\/author\/f1000024\/"}]}},"_links":{"self":[{"href":"https:\/\/cvinoticias.com\/v3\/wp-json\/wp\/v2\/posts\/7547","targetHints":{"allow":["GET"]}}],"collection":[{"href":"https:\/\/cvinoticias.com\/v3\/wp-json\/wp\/v2\/posts"}],"about":[{"href":"https:\/\/cvinoticias.com\/v3\/wp-json\/wp\/v2\/types\/post"}],"author":[{"embeddable":true,"href":"https:\/\/cvinoticias.com\/v3\/wp-json\/wp\/v2\/users\/2"}],"replies":[{"embeddable":true,"href":"https:\/\/cvinoticias.com\/v3\/wp-json\/wp\/v2\/comments?post=7547"}],"version-history":[{"count":1,"href":"https:\/\/cvinoticias.com\/v3\/wp-json\/wp\/v2\/posts\/7547\/revisions"}],"predecessor-version":[{"id":7549,"href":"https:\/\/cvinoticias.com\/v3\/wp-json\/wp\/v2\/posts\/7547\/revisions\/7549"}],"wp:featuredmedia":[{"embeddable":true,"href":"https:\/\/cvinoticias.com\/v3\/wp-json\/wp\/v2\/media\/7548"}],"wp:attachment":[{"href":"https:\/\/cvinoticias.com\/v3\/wp-json\/wp\/v2\/media?parent=7547"}],"wp:term":[{"taxonomy":"category","embeddable":true,"href":"https:\/\/cvinoticias.com\/v3\/wp-json\/wp\/v2\/categories?post=7547"},{"taxonomy":"post_tag","embeddable":true,"href":"https:\/\/cvinoticias.com\/v3\/wp-json\/wp\/v2\/tags?post=7547"}],"curies":[{"name":"wp","href":"https:\/\/api.w.org\/{rel}","templated":true}]}}