{"id":7544,"date":"2021-08-12T14:03:48","date_gmt":"2021-08-12T14:03:48","guid":{"rendered":"https:\/\/cvinoticias.com\/v3\/?p=7544"},"modified":"2021-08-12T14:03:48","modified_gmt":"2021-08-12T14:03:48","slug":"reducir-la-jornada-laboral-puede-ser-una-poderosa-herramienta-para-bajar-el-desempleo","status":"publish","type":"post","link":"https:\/\/cvinoticias.com\/v3\/reducir-la-jornada-laboral-puede-ser-una-poderosa-herramienta-para-bajar-el-desempleo\/","title":{"rendered":"Reducir la jornada laboral puede ser \u201cuna poderosa herramienta\u201d para bajar el desempleo"},"content":{"rendered":"\n<h2 class=\"wp-block-heading\">El debate, que llegar\u00e1 al Congreso en el corto plazo por iniciativa del Frente de Todos, ya gener\u00f3 cruces entre empresarios y sindicalistas.<\/h2>\n\n\n\n<p>La&nbsp;reducci\u00f3n de la jornada laboral, que el Frente de Todos prev\u00e9 impulsar en el Congreso en el corto plazo,&nbsp;puede ser \u201cuna poderosa herramienta\u201d para reducir el desempleo e impulsar la econom\u00eda&nbsp;y podr\u00eda aplicarse tanto en el&nbsp;sector p\u00fablico como en el privado.&nbsp;La iniciativa tuvo \u00e9xito en una prueba realizada en Islandia y se aplica en algunas compa\u00f1\u00edas en distintos puntos del mundo.<\/p>\n\n\n\n<p>La posibilidad de debatir su implementaci\u00f3n en la Argentina ya&nbsp;gener\u00f3 cruces entre sectores empresarios y dirigentes sindicales.&nbsp;El precandidato a diputado nacional del Frente de Todos y secretario general de La Bancaria,&nbsp;Sergio Palazzo, anticip\u00f3 que desde su banca buscar\u00e1 impulsar un proyecto que apunta a establecer como m\u00e1xima carga las&nbsp;6 horas diarias o 36 semanales, iniciativa que ya fue ingresada al Congreso.&nbsp;Ante ese futuro debate, el presidente de la Uni\u00f3n Industrial Argentina (UIA),&nbsp;Daniel Funes de Rioja, ya se mostr\u00f3 en contra y advirti\u00f3 que \u201d lo que Argentina necesita es m\u00e1s empleo, m\u00e1s producci\u00f3n, m\u00e1s productividad y empleabilidad. Esto no se resuelve repartiendo el trabajo formal que hoy existe, sino generando m\u00e1s y mejor trabajo\u201d.<\/p>\n\n\n\n<p>En medio del anticipo del debate parlamentario, uno de los autores de la exitosa experiencia en Islandia remarc\u00f3 que\u00a0el modelo podr\u00eda trasladarse a la Argentina y explic\u00f3 los beneficios que tendr\u00eda.<\/p>\n\n\n\n<p>\u201cEs importante adaptar la implementaci\u00f3n de la reducci\u00f3n de la jornada laboral a cada contexto espec\u00edfico, ya sea una organizaci\u00f3n individual -empresa- o a nivel nacional. Sin embargo, muchas de&nbsp;las razones subyacentes para reducir las jornadas laborales son similares alrededor del mundo: altos niveles de \u201cburnout\u201d y stress en los trabajadores; falta de equilibrio entre la vida privada y el trabajo; bajos \u00edndices de productividad debido al \u201cpresentee-ism\u201d (cuando se concurre a trabajar en no \u00f3ptimas condiciones -como estar enfermo- y no se rinde); y varios m\u00e1s.&nbsp;El poder de la reducci\u00f3n de la jornada laboral para apuntar a esos problemas est\u00e1 claramente establecido con evidencia cient\u00edfico-social y ahora es cuesti\u00f3n de encontrar maneras de implementar esta pol\u00edtica en cada contexto\u201d, indic\u00f3 el investigador del think tank brit\u00e1nico Autonomy&nbsp;Jack Kellam.<\/p>\n\n\n\n<p>Al ser consultado sobre si este sistema se puede aplicar&nbsp;tanto en el sector p\u00fablico como en el privado, el europeo se\u00f1al\u00f3 que \u201cpor supuesto\u201d y remarc\u00f3 que hay \u201cintentos exitosos tanto en empresas (desde Microsoft en Jap\u00f3n hasta Perpetual Guardian en Nueva Zelanda) como planes para implementarlo en el sector p\u00fablico en Espa\u00f1a\u201d.&nbsp;\u201cComo siempre, cada organizaci\u00f3n deber\u00e1 aplicar esta pol\u00edtica de acuerdo a sus propias necesidades y consideraciones, pero vemos posible una reducci\u00f3n de la jornada laboral posible en todos los \u00e1mbitos\u201d, a\u00f1adi\u00f3.<\/p>\n\n\n\n<p>A la vez, Kellam subray\u00f3 que&nbsp;si este sistema \u201cse adopta a nivel nacional, la reducci\u00f3n de la jornada laboral puede ser una poderosa herramienta para impulsar los niveles de empleo\u201d.&nbsp;\u201cPor ejemplo, si en algunas \u00e1reas del sector p\u00fablico se impulsara la reducci\u00f3n de la jornada laboral y se contratara nuevo personal, se crear\u00eda un gran n\u00famero de puestos de trabajo. Esto&nbsp;deber\u00eda ser visto como una pol\u00edtica atractiva&nbsp;porque, a pesar de que el Gobierno nacional deber\u00eda pagar m\u00e1s salarios, eso se ver\u00eda compensado con una mayor recaudaci\u00f3n impositiva, as\u00ed como tambi\u00e9n por el `efecto&nbsp;multiplicador\u00b4 a gran escala. Por eso,&nbsp;la reducci\u00f3n de la jornada laboral puede ser una gran herramienta macroecon\u00f3mica\u201d,&nbsp;explic\u00f3.<\/p>\n\n\n\n<p>C\u00f3mo podr\u00edan&nbsp;las empresas tomar la decisi\u00f3n de acortar la jornada laboral sin perder plata es uno de los mayores interrogantes que se plantean desde el sector privado.&nbsp;\u201cEn muchos casos, las compa\u00f1\u00edas pueden avanzar hacia la reducci\u00f3n de la jornada laboral sin incurrir en costos adicionales.&nbsp;Primero,&nbsp;con una planificaci\u00f3n minuciosa y una evaluaci\u00f3n de las pr\u00e1cticas laborales se pueden identificar maneras m\u00e1s productivas de trabajar. Pero con igual importancia, cada vez vemos m\u00e1s seguido que&nbsp;los trabajadores con menor carga horaria tienen niveles m\u00e1s altos de bienestar y salud, que los llevan a ser m\u00e1s productivos cuando est\u00e1n en el trabajo.&nbsp;Obviamente, habr\u00e1 situaciones puntuales donde las empresas podr\u00edan necesitar emplear m\u00e1s personal\u201d,&nbsp;respondi\u00f3 el investigador.<\/p>\n\n\n\n<p><\/p>\n","protected":false},"excerpt":{"rendered":"<p>El debate, que llegar\u00e1 al Congreso en el corto plazo por iniciativa del Frente de Todos, ya gener\u00f3 cruces entre empresarios y sindicalistas. La&nbsp;reducci\u00f3n de la jornada laboral, que el Frente de Todos prev\u00e9 impulsar en el Congreso en el corto plazo,&nbsp;puede ser \u201cuna poderosa herramienta\u201d para reducir el desempleo e impulsar la econom\u00eda&nbsp;y podr\u00eda [&hellip;]<\/p>\n","protected":false},"author":2,"featured_media":7545,"comment_status":"open","ping_status":"open","sticky":false,"template":"","format":"standard","meta":{"footnotes":""},"categories":[35],"tags":[],"class_list":["post-7544","post","type-post","status-publish","format-standard","has-post-thumbnail","hentry","category-informacion-general"],"yoast_head":"<!-- This site is optimized with the Yoast SEO plugin v27.4 - https:\/\/yoast.com\/product\/yoast-seo-wordpress\/ -->\n<title>Reducir la jornada laboral puede ser \u201cuna poderosa herramienta\u201d para bajar el desempleo | CVI NOTICIAS<\/title>\n<meta name=\"robots\" content=\"index, follow, max-snippet:-1, max-image-preview:large, max-video-preview:-1\" \/>\n<link rel=\"canonical\" href=\"https:\/\/cvinoticias.com\/v3\/reducir-la-jornada-laboral-puede-ser-una-poderosa-herramienta-para-bajar-el-desempleo\/\" \/>\n<meta property=\"og:locale\" content=\"es_ES\" \/>\n<meta property=\"og:type\" content=\"article\" \/>\n<meta property=\"og:title\" content=\"Reducir la jornada laboral puede ser \u201cuna poderosa herramienta\u201d para bajar el desempleo | CVI NOTICIAS\" \/>\n<meta property=\"og:description\" content=\"El debate, que llegar\u00e1 al Congreso en el corto plazo por iniciativa del Frente de Todos, ya gener\u00f3 cruces entre empresarios y sindicalistas. La&nbsp;reducci\u00f3n de la jornada laboral, que el Frente de Todos prev\u00e9 impulsar en el Congreso en el corto plazo,&nbsp;puede ser \u201cuna poderosa herramienta\u201d para reducir el desempleo e impulsar la econom\u00eda&nbsp;y podr\u00eda [&hellip;]\" \/>\n<meta property=\"og:url\" content=\"https:\/\/cvinoticias.com\/v3\/reducir-la-jornada-laboral-puede-ser-una-poderosa-herramienta-para-bajar-el-desempleo\/\" \/>\n<meta property=\"og:site_name\" content=\"CVI NOTICIAS\" \/>\n<meta property=\"article:publisher\" content=\"https:\/\/www.facebook.com\/cvinoticias\" \/>\n<meta property=\"article:published_time\" content=\"2021-08-12T14:03:48+00:00\" \/>\n<meta property=\"og:image\" content=\"https:\/\/cvinoticias.com\/wp-content\/uploads\/2021\/08\/proponen-reducir-la-jornada-laboral-e1626546287807.jpg\" \/>\n\t<meta property=\"og:image:width\" content=\"1024\" \/>\n\t<meta property=\"og:image:height\" content=\"578\" \/>\n\t<meta property=\"og:image:type\" content=\"image\/jpeg\" \/>\n<meta name=\"author\" content=\"f1000024\" \/>\n<meta name=\"twitter:card\" content=\"summary_large_image\" \/>\n<meta name=\"twitter:label1\" content=\"Escrito por\" \/>\n\t<meta name=\"twitter:data1\" content=\"f1000024\" \/>\n\t<meta name=\"twitter:label2\" content=\"Tiempo de lectura\" \/>\n\t<meta name=\"twitter:data2\" content=\"4 minutos\" \/>\n<script type=\"application\/ld+json\" class=\"yoast-schema-graph\">{\"@context\":\"https:\\\/\\\/schema.org\",\"@graph\":[{\"@type\":\"Article\",\"@id\":\"https:\\\/\\\/cvinoticias.com\\\/v3\\\/reducir-la-jornada-laboral-puede-ser-una-poderosa-herramienta-para-bajar-el-desempleo\\\/#article\",\"isPartOf\":{\"@id\":\"https:\\\/\\\/cvinoticias.com\\\/v3\\\/reducir-la-jornada-laboral-puede-ser-una-poderosa-herramienta-para-bajar-el-desempleo\\\/\"},\"author\":{\"name\":\"f1000024\",\"@id\":\"https:\\\/\\\/cvinoticias.com\\\/v3\\\/#\\\/schema\\\/person\\\/2db77e3c6bc03c538495d7b2b8be9b66\"},\"headline\":\"Reducir la jornada laboral puede ser \u201cuna poderosa herramienta\u201d para bajar el desempleo\",\"datePublished\":\"2021-08-12T14:03:48+00:00\",\"mainEntityOfPage\":{\"@id\":\"https:\\\/\\\/cvinoticias.com\\\/v3\\\/reducir-la-jornada-laboral-puede-ser-una-poderosa-herramienta-para-bajar-el-desempleo\\\/\"},\"wordCount\":795,\"commentCount\":1,\"publisher\":{\"@id\":\"https:\\\/\\\/cvinoticias.com\\\/v3\\\/#organization\"},\"image\":{\"@id\":\"https:\\\/\\\/cvinoticias.com\\\/v3\\\/reducir-la-jornada-laboral-puede-ser-una-poderosa-herramienta-para-bajar-el-desempleo\\\/#primaryimage\"},\"thumbnailUrl\":\"https:\\\/\\\/cvinoticias.com\\\/wp-content\\\/uploads\\\/2021\\\/08\\\/proponen-reducir-la-jornada-laboral-e1626546287807.jpg\",\"articleSection\":[\"Informaci\u00f3n General\"],\"inLanguage\":\"es\",\"potentialAction\":[{\"@type\":\"CommentAction\",\"name\":\"Comment\",\"target\":[\"https:\\\/\\\/cvinoticias.com\\\/v3\\\/reducir-la-jornada-laboral-puede-ser-una-poderosa-herramienta-para-bajar-el-desempleo\\\/#respond\"]}]},{\"@type\":\"WebPage\",\"@id\":\"https:\\\/\\\/cvinoticias.com\\\/v3\\\/reducir-la-jornada-laboral-puede-ser-una-poderosa-herramienta-para-bajar-el-desempleo\\\/\",\"url\":\"https:\\\/\\\/cvinoticias.com\\\/v3\\\/reducir-la-jornada-laboral-puede-ser-una-poderosa-herramienta-para-bajar-el-desempleo\\\/\",\"name\":\"Reducir la jornada laboral puede ser \u201cuna poderosa herramienta\u201d para bajar el desempleo | CVI NOTICIAS\",\"isPartOf\":{\"@id\":\"https:\\\/\\\/cvinoticias.com\\\/v3\\\/#website\"},\"primaryImageOfPage\":{\"@id\":\"https:\\\/\\\/cvinoticias.com\\\/v3\\\/reducir-la-jornada-laboral-puede-ser-una-poderosa-herramienta-para-bajar-el-desempleo\\\/#primaryimage\"},\"image\":{\"@id\":\"https:\\\/\\\/cvinoticias.com\\\/v3\\\/reducir-la-jornada-laboral-puede-ser-una-poderosa-herramienta-para-bajar-el-desempleo\\\/#primaryimage\"},\"thumbnailUrl\":\"https:\\\/\\\/cvinoticias.com\\\/wp-content\\\/uploads\\\/2021\\\/08\\\/proponen-reducir-la-jornada-laboral-e1626546287807.jpg\",\"datePublished\":\"2021-08-12T14:03:48+00:00\",\"breadcrumb\":{\"@id\":\"https:\\\/\\\/cvinoticias.com\\\/v3\\\/reducir-la-jornada-laboral-puede-ser-una-poderosa-herramienta-para-bajar-el-desempleo\\\/#breadcrumb\"},\"inLanguage\":\"es\",\"potentialAction\":[{\"@type\":\"ReadAction\",\"target\":[\"https:\\\/\\\/cvinoticias.com\\\/v3\\\/reducir-la-jornada-laboral-puede-ser-una-poderosa-herramienta-para-bajar-el-desempleo\\\/\"]}]},{\"@type\":\"ImageObject\",\"inLanguage\":\"es\",\"@id\":\"https:\\\/\\\/cvinoticias.com\\\/v3\\\/reducir-la-jornada-laboral-puede-ser-una-poderosa-herramienta-para-bajar-el-desempleo\\\/#primaryimage\",\"url\":\"https:\\\/\\\/cvinoticias.com\\\/wp-content\\\/uploads\\\/2021\\\/08\\\/proponen-reducir-la-jornada-laboral-e1626546287807.jpg\",\"contentUrl\":\"https:\\\/\\\/cvinoticias.com\\\/wp-content\\\/uploads\\\/2021\\\/08\\\/proponen-reducir-la-jornada-laboral-e1626546287807.jpg\",\"width\":1024,\"height\":578},{\"@type\":\"BreadcrumbList\",\"@id\":\"https:\\\/\\\/cvinoticias.com\\\/v3\\\/reducir-la-jornada-laboral-puede-ser-una-poderosa-herramienta-para-bajar-el-desempleo\\\/#breadcrumb\",\"itemListElement\":[{\"@type\":\"ListItem\",\"position\":1,\"name\":\"Portada\",\"item\":\"https:\\\/\\\/cvinoticias.com\\\/v3\\\/\"},{\"@type\":\"ListItem\",\"position\":2,\"name\":\"Reducir la jornada laboral puede ser \u201cuna poderosa herramienta\u201d para bajar el desempleo\"}]},{\"@type\":\"WebSite\",\"@id\":\"https:\\\/\\\/cvinoticias.com\\\/v3\\\/#website\",\"url\":\"https:\\\/\\\/cvinoticias.com\\\/v3\\\/\",\"name\":\"CVI NOTICIAS\",\"description\":\"\",\"publisher\":{\"@id\":\"https:\\\/\\\/cvinoticias.com\\\/v3\\\/#organization\"},\"alternateName\":\"CVI\",\"potentialAction\":[{\"@type\":\"SearchAction\",\"target\":{\"@type\":\"EntryPoint\",\"urlTemplate\":\"https:\\\/\\\/cvinoticias.com\\\/v3\\\/?s={search_term_string}\"},\"query-input\":{\"@type\":\"PropertyValueSpecification\",\"valueRequired\":true,\"valueName\":\"search_term_string\"}}],\"inLanguage\":\"es\"},{\"@type\":\"Organization\",\"@id\":\"https:\\\/\\\/cvinoticias.com\\\/v3\\\/#organization\",\"name\":\"CVI NOTICIAS\",\"url\":\"https:\\\/\\\/cvinoticias.com\\\/v3\\\/\",\"logo\":{\"@type\":\"ImageObject\",\"inLanguage\":\"es\",\"@id\":\"https:\\\/\\\/cvinoticias.com\\\/v3\\\/#\\\/schema\\\/logo\\\/image\\\/\",\"url\":\"https:\\\/\\\/cvinoticias.com\\\/wp-content\\\/uploads\\\/2023\\\/04\\\/cropped-cropped-cropped-cropped-cropped-3-1.png\",\"contentUrl\":\"https:\\\/\\\/cvinoticias.com\\\/wp-content\\\/uploads\\\/2023\\\/04\\\/cropped-cropped-cropped-cropped-cropped-3-1.png\",\"width\":95,\"height\":122,\"caption\":\"CVI NOTICIAS\"},\"image\":{\"@id\":\"https:\\\/\\\/cvinoticias.com\\\/v3\\\/#\\\/schema\\\/logo\\\/image\\\/\"},\"sameAs\":[\"https:\\\/\\\/www.facebook.com\\\/cvinoticias\",\"https:\\\/\\\/www.instagram.com\\\/cvinoticias\\\/\",\"https:\\\/\\\/www.youtube.com\\\/@CVINOTICIAS\"]},{\"@type\":\"Person\",\"@id\":\"https:\\\/\\\/cvinoticias.com\\\/v3\\\/#\\\/schema\\\/person\\\/2db77e3c6bc03c538495d7b2b8be9b66\",\"name\":\"f1000024\",\"image\":{\"@type\":\"ImageObject\",\"inLanguage\":\"es\",\"@id\":\"https:\\\/\\\/secure.gravatar.com\\\/avatar\\\/d4fe7459cfc51ff5129ce1a732bbef5928568b8092d412ef95611616376bbeed?s=96&d=mm&r=g\",\"url\":\"https:\\\/\\\/secure.gravatar.com\\\/avatar\\\/d4fe7459cfc51ff5129ce1a732bbef5928568b8092d412ef95611616376bbeed?s=96&d=mm&r=g\",\"contentUrl\":\"https:\\\/\\\/secure.gravatar.com\\\/avatar\\\/d4fe7459cfc51ff5129ce1a732bbef5928568b8092d412ef95611616376bbeed?s=96&d=mm&r=g\",\"caption\":\"f1000024\"},\"url\":\"https:\\\/\\\/cvinoticias.com\\\/v3\\\/author\\\/f1000024\\\/\"}]}<\/script>\n<!-- \/ Yoast SEO plugin. -->","yoast_head_json":{"title":"Reducir la jornada laboral puede ser \u201cuna poderosa herramienta\u201d para bajar el desempleo | CVI NOTICIAS","robots":{"index":"index","follow":"follow","max-snippet":"max-snippet:-1","max-image-preview":"max-image-preview:large","max-video-preview":"max-video-preview:-1"},"canonical":"https:\/\/cvinoticias.com\/v3\/reducir-la-jornada-laboral-puede-ser-una-poderosa-herramienta-para-bajar-el-desempleo\/","og_locale":"es_ES","og_type":"article","og_title":"Reducir la jornada laboral puede ser \u201cuna poderosa herramienta\u201d para bajar el desempleo | CVI NOTICIAS","og_description":"El debate, que llegar\u00e1 al Congreso en el corto plazo por iniciativa del Frente de Todos, ya gener\u00f3 cruces entre empresarios y sindicalistas. La&nbsp;reducci\u00f3n de la jornada laboral, que el Frente de Todos prev\u00e9 impulsar en el Congreso en el corto plazo,&nbsp;puede ser \u201cuna poderosa herramienta\u201d para reducir el desempleo e impulsar la econom\u00eda&nbsp;y podr\u00eda [&hellip;]","og_url":"https:\/\/cvinoticias.com\/v3\/reducir-la-jornada-laboral-puede-ser-una-poderosa-herramienta-para-bajar-el-desempleo\/","og_site_name":"CVI NOTICIAS","article_publisher":"https:\/\/www.facebook.com\/cvinoticias","article_published_time":"2021-08-12T14:03:48+00:00","og_image":[{"width":1024,"height":578,"url":"https:\/\/cvinoticias.com\/wp-content\/uploads\/2021\/08\/proponen-reducir-la-jornada-laboral-e1626546287807.jpg","type":"image\/jpeg"}],"author":"f1000024","twitter_card":"summary_large_image","twitter_misc":{"Escrito por":"f1000024","Tiempo de lectura":"4 minutos"},"schema":{"@context":"https:\/\/schema.org","@graph":[{"@type":"Article","@id":"https:\/\/cvinoticias.com\/v3\/reducir-la-jornada-laboral-puede-ser-una-poderosa-herramienta-para-bajar-el-desempleo\/#article","isPartOf":{"@id":"https:\/\/cvinoticias.com\/v3\/reducir-la-jornada-laboral-puede-ser-una-poderosa-herramienta-para-bajar-el-desempleo\/"},"author":{"name":"f1000024","@id":"https:\/\/cvinoticias.com\/v3\/#\/schema\/person\/2db77e3c6bc03c538495d7b2b8be9b66"},"headline":"Reducir la jornada laboral puede ser \u201cuna poderosa herramienta\u201d para bajar el desempleo","datePublished":"2021-08-12T14:03:48+00:00","mainEntityOfPage":{"@id":"https:\/\/cvinoticias.com\/v3\/reducir-la-jornada-laboral-puede-ser-una-poderosa-herramienta-para-bajar-el-desempleo\/"},"wordCount":795,"commentCount":1,"publisher":{"@id":"https:\/\/cvinoticias.com\/v3\/#organization"},"image":{"@id":"https:\/\/cvinoticias.com\/v3\/reducir-la-jornada-laboral-puede-ser-una-poderosa-herramienta-para-bajar-el-desempleo\/#primaryimage"},"thumbnailUrl":"https:\/\/cvinoticias.com\/wp-content\/uploads\/2021\/08\/proponen-reducir-la-jornada-laboral-e1626546287807.jpg","articleSection":["Informaci\u00f3n General"],"inLanguage":"es","potentialAction":[{"@type":"CommentAction","name":"Comment","target":["https:\/\/cvinoticias.com\/v3\/reducir-la-jornada-laboral-puede-ser-una-poderosa-herramienta-para-bajar-el-desempleo\/#respond"]}]},{"@type":"WebPage","@id":"https:\/\/cvinoticias.com\/v3\/reducir-la-jornada-laboral-puede-ser-una-poderosa-herramienta-para-bajar-el-desempleo\/","url":"https:\/\/cvinoticias.com\/v3\/reducir-la-jornada-laboral-puede-ser-una-poderosa-herramienta-para-bajar-el-desempleo\/","name":"Reducir la jornada laboral puede ser \u201cuna poderosa herramienta\u201d para bajar el desempleo | CVI NOTICIAS","isPartOf":{"@id":"https:\/\/cvinoticias.com\/v3\/#website"},"primaryImageOfPage":{"@id":"https:\/\/cvinoticias.com\/v3\/reducir-la-jornada-laboral-puede-ser-una-poderosa-herramienta-para-bajar-el-desempleo\/#primaryimage"},"image":{"@id":"https:\/\/cvinoticias.com\/v3\/reducir-la-jornada-laboral-puede-ser-una-poderosa-herramienta-para-bajar-el-desempleo\/#primaryimage"},"thumbnailUrl":"https:\/\/cvinoticias.com\/wp-content\/uploads\/2021\/08\/proponen-reducir-la-jornada-laboral-e1626546287807.jpg","datePublished":"2021-08-12T14:03:48+00:00","breadcrumb":{"@id":"https:\/\/cvinoticias.com\/v3\/reducir-la-jornada-laboral-puede-ser-una-poderosa-herramienta-para-bajar-el-desempleo\/#breadcrumb"},"inLanguage":"es","potentialAction":[{"@type":"ReadAction","target":["https:\/\/cvinoticias.com\/v3\/reducir-la-jornada-laboral-puede-ser-una-poderosa-herramienta-para-bajar-el-desempleo\/"]}]},{"@type":"ImageObject","inLanguage":"es","@id":"https:\/\/cvinoticias.com\/v3\/reducir-la-jornada-laboral-puede-ser-una-poderosa-herramienta-para-bajar-el-desempleo\/#primaryimage","url":"https:\/\/cvinoticias.com\/wp-content\/uploads\/2021\/08\/proponen-reducir-la-jornada-laboral-e1626546287807.jpg","contentUrl":"https:\/\/cvinoticias.com\/wp-content\/uploads\/2021\/08\/proponen-reducir-la-jornada-laboral-e1626546287807.jpg","width":1024,"height":578},{"@type":"BreadcrumbList","@id":"https:\/\/cvinoticias.com\/v3\/reducir-la-jornada-laboral-puede-ser-una-poderosa-herramienta-para-bajar-el-desempleo\/#breadcrumb","itemListElement":[{"@type":"ListItem","position":1,"name":"Portada","item":"https:\/\/cvinoticias.com\/v3\/"},{"@type":"ListItem","position":2,"name":"Reducir la jornada laboral puede ser \u201cuna poderosa herramienta\u201d para bajar el desempleo"}]},{"@type":"WebSite","@id":"https:\/\/cvinoticias.com\/v3\/#website","url":"https:\/\/cvinoticias.com\/v3\/","name":"CVI NOTICIAS","description":"","publisher":{"@id":"https:\/\/cvinoticias.com\/v3\/#organization"},"alternateName":"CVI","potentialAction":[{"@type":"SearchAction","target":{"@type":"EntryPoint","urlTemplate":"https:\/\/cvinoticias.com\/v3\/?s={search_term_string}"},"query-input":{"@type":"PropertyValueSpecification","valueRequired":true,"valueName":"search_term_string"}}],"inLanguage":"es"},{"@type":"Organization","@id":"https:\/\/cvinoticias.com\/v3\/#organization","name":"CVI NOTICIAS","url":"https:\/\/cvinoticias.com\/v3\/","logo":{"@type":"ImageObject","inLanguage":"es","@id":"https:\/\/cvinoticias.com\/v3\/#\/schema\/logo\/image\/","url":"https:\/\/cvinoticias.com\/wp-content\/uploads\/2023\/04\/cropped-cropped-cropped-cropped-cropped-3-1.png","contentUrl":"https:\/\/cvinoticias.com\/wp-content\/uploads\/2023\/04\/cropped-cropped-cropped-cropped-cropped-3-1.png","width":95,"height":122,"caption":"CVI NOTICIAS"},"image":{"@id":"https:\/\/cvinoticias.com\/v3\/#\/schema\/logo\/image\/"},"sameAs":["https:\/\/www.facebook.com\/cvinoticias","https:\/\/www.instagram.com\/cvinoticias\/","https:\/\/www.youtube.com\/@CVINOTICIAS"]},{"@type":"Person","@id":"https:\/\/cvinoticias.com\/v3\/#\/schema\/person\/2db77e3c6bc03c538495d7b2b8be9b66","name":"f1000024","image":{"@type":"ImageObject","inLanguage":"es","@id":"https:\/\/secure.gravatar.com\/avatar\/d4fe7459cfc51ff5129ce1a732bbef5928568b8092d412ef95611616376bbeed?s=96&d=mm&r=g","url":"https:\/\/secure.gravatar.com\/avatar\/d4fe7459cfc51ff5129ce1a732bbef5928568b8092d412ef95611616376bbeed?s=96&d=mm&r=g","contentUrl":"https:\/\/secure.gravatar.com\/avatar\/d4fe7459cfc51ff5129ce1a732bbef5928568b8092d412ef95611616376bbeed?s=96&d=mm&r=g","caption":"f1000024"},"url":"https:\/\/cvinoticias.com\/v3\/author\/f1000024\/"}]}},"_links":{"self":[{"href":"https:\/\/cvinoticias.com\/v3\/wp-json\/wp\/v2\/posts\/7544","targetHints":{"allow":["GET"]}}],"collection":[{"href":"https:\/\/cvinoticias.com\/v3\/wp-json\/wp\/v2\/posts"}],"about":[{"href":"https:\/\/cvinoticias.com\/v3\/wp-json\/wp\/v2\/types\/post"}],"author":[{"embeddable":true,"href":"https:\/\/cvinoticias.com\/v3\/wp-json\/wp\/v2\/users\/2"}],"replies":[{"embeddable":true,"href":"https:\/\/cvinoticias.com\/v3\/wp-json\/wp\/v2\/comments?post=7544"}],"version-history":[{"count":1,"href":"https:\/\/cvinoticias.com\/v3\/wp-json\/wp\/v2\/posts\/7544\/revisions"}],"predecessor-version":[{"id":7546,"href":"https:\/\/cvinoticias.com\/v3\/wp-json\/wp\/v2\/posts\/7544\/revisions\/7546"}],"wp:featuredmedia":[{"embeddable":true,"href":"https:\/\/cvinoticias.com\/v3\/wp-json\/wp\/v2\/media\/7545"}],"wp:attachment":[{"href":"https:\/\/cvinoticias.com\/v3\/wp-json\/wp\/v2\/media?parent=7544"}],"wp:term":[{"taxonomy":"category","embeddable":true,"href":"https:\/\/cvinoticias.com\/v3\/wp-json\/wp\/v2\/categories?post=7544"},{"taxonomy":"post_tag","embeddable":true,"href":"https:\/\/cvinoticias.com\/v3\/wp-json\/wp\/v2\/tags?post=7544"}],"curies":[{"name":"wp","href":"https:\/\/api.w.org\/{rel}","templated":true}]}}