{"id":7536,"date":"2021-08-12T12:35:40","date_gmt":"2021-08-12T12:35:40","guid":{"rendered":"https:\/\/cvinoticias.com\/v3\/?p=7536"},"modified":"2021-08-12T12:38:41","modified_gmt":"2021-08-12T12:38:41","slug":"anses-cambio-en-el-calendario-de-cobro-la-semana-que-viene","status":"publish","type":"post","link":"https:\/\/cvinoticias.com\/v3\/anses-cambio-en-el-calendario-de-cobro-la-semana-que-viene\/","title":{"rendered":"Anses: Cambios en el calendario de cobro la semana que viene"},"content":{"rendered":"\n<p><strong><em>A fines de julio, el organismo provisional que conduce Fernanda Raverta inform\u00f3 las fechas de cobro para todas las prestaciones. Sin embargo, por un feriado de agosto los d\u00edas debieron ser modificados.<\/em><\/strong><\/p>\n\n\n\n<p>La Administraci\u00f3n Nacional de Seguridad Social ( Anses) contin\u00faa las fechas de cobro para todas las prestaciones durante la segunda semana de agosto. Tanto para beneficiarios de la Asignaci\u00f3n Universal por Hijo (AUH) y Asignaci\u00f3n Universal por Embarazo (AUE), como as\u00ed tambi\u00e9n para titulares jubilaciones y pensiones, pensiones no contributivas (PNC), prestaci\u00f3n por desempleo, y asignaciones familiares y de pago \u00fanico (matrimonio, nacimiento y adopci\u00f3n).<\/p>\n\n\n\n<p>Finalizado el pago del Ingreso Familiar de Emergencia (IFE) que se entreg\u00f3 durante el 2020 por la pandemia del coronavirus (Covid), &nbsp; Anses ya se encuentra abonando el pago de un bono extra en agosto de hasta $5.000 para tres grupos: jubilados y pensionados, Pensi\u00f3n Universal para el Adulto Mayor y pensiones no contributivas por vejez, invalidez, madres de siete hijos o m\u00e1s.<\/p>\n\n\n\n<p>Por el feriado, cambio en el calendario de agosto<br>Este mes cuenta con el feriado por el Paso a la Inmortalidad del General Jos\u00e9 de San Mart\u00edn. El mismo se conmemora cada 17 de agosto, ya que en esta fecha pero en 1850 falleci\u00f3 el pr\u00f3cer.<\/p>\n\n\n\n<p>Sin embargo, para 2021 este feriado se movi\u00f3 para el lunes 16, generando un fin de semana largo con el s\u00e1bado 14 y domingo 15 de agosto. Por tal motivo, el calendario de pago de Anses se vi\u00f3 modificado.<\/p>\n\n\n\n<p>\u00bfC\u00f3mo quedan las fechas de cobro?<br>1) Fecha de cobro AUH<br>Ya cobraron<\/p>\n\n\n\n<p>DNI finalizados en 0: lunes 9 de agosto<br>DNI finalizados en 1: martes 10 de agosto<br>Cobran hoy:<\/p>\n\n\n\n<p>DNI finalizados en 2: mi\u00e9rcoles 11 de agosto<br>Quedan por cobrar:<\/p>\n\n\n\n<p>DNI finalizados en 3: jueves 12 de agosto<br>DNI finalizados en 4: viernes 13 de agosto<br>DNI finalizados en 5: martes 17 de agosto<br>DNI finalizados en 6: mi\u00e9rcoles 18 de agosto<br>DNI finalizados en 7: jueves 19 de agosto<br>DNI finalizados en 8: viernes 20 de agosto<br>DNI finalizados en 9: lunes 23 de agosto<br>2) Fecha de cobro AUE<br>Ya cobraron:<\/p>\n\n\n\n<p>DNI finalizados en 0: martes 10 de agosto<br>Cobran hoy:<\/p>\n\n\n\n<p>DNI finalizados en 1: mi\u00e9rcoles 11 de agosto<br>Quedan por cobrar:<\/p>\n\n\n\n<p>DNI finalizados en 2: jueves 12 de agosto<br>DNI finalizados en 3: viernes 13 de agosto<br>DNI finalizados en 4: martes 17 de agosto<br>DNI finalizados en 5: mi\u00e9rcoles 18 de agosto<br>DNI finalizados en 6: jueves 19 de agosto<br>DNI finalizados en 7: viernes 20 de agosto<br>DNI finalizados en 8: lunes 23 de agosto<br>DNI finalizados en 9: martes 24 de agosto<\/p>\n\n\n\n<p>3) Jubilados y pensionados: \u00bfcu\u00e1ndo cobro?<br>Fecha de cobro jubilados y pensionados con haberes inferiores a $25.923<\/p>\n\n\n\n<p>Ya cobraron<br>DNI finalizados en 0: lunes 9 de agosto<br>DNI finalizados en 1: martes 10 de agosto<\/p>\n\n\n\n<p>Quedan por cobrar<br>DNI finalizados en 3: jueves 12 de agosto<br>DNI finalizados en 4: viernes 13 de agosto<br>DNI finalizados en 5: martes 17 de agosto<br>DNI finalizados en 6: mi\u00e9rcoles 18 de agosto<br>DNI finalizados en 7: jueves 19 de agosto<br>DNI finalizados en 8: viernes 20 de agosto<br>DNI finalizados en 9: lunes 23 de agosto<br>Fecha de cobro jubilados y pensionados con haberes superiores a $25.923<\/p>\n\n\n\n<p>DNI finalizados en 0 y 1: martes 24 de agosto<br>DNI finalizados en 2 y 3: mi\u00e9rcoles 25 de agosto<br>DNI finalizados en 4 y 5: jueves 26 de agosto<br>DNI finalizados en 6 y 7: viernes 27 de agosto<br>DNI finalizados en 8 y 9: lunes 30 de agosto<\/p>\n","protected":false},"excerpt":{"rendered":"<p>A fines de julio, el organismo provisional que conduce Fernanda Raverta inform\u00f3 las fechas de cobro para todas las prestaciones. Sin embargo, por un feriado de agosto los d\u00edas debieron ser modificados. La Administraci\u00f3n Nacional de Seguridad Social ( Anses) contin\u00faa las fechas de cobro para todas las prestaciones durante la segunda semana de agosto. [&hellip;]<\/p>\n","protected":false},"author":2,"featured_media":7537,"comment_status":"open","ping_status":"open","sticky":false,"template":"","format":"standard","meta":{"footnotes":""},"categories":[35],"tags":[],"class_list":["post-7536","post","type-post","status-publish","format-standard","has-post-thumbnail","hentry","category-informacion-general"],"yoast_head":"<!-- This site is optimized with the Yoast SEO plugin v27.4 - https:\/\/yoast.com\/product\/yoast-seo-wordpress\/ -->\n<title>Anses: Cambios en el calendario de cobro la semana que viene | CVI NOTICIAS<\/title>\n<meta name=\"robots\" content=\"index, follow, max-snippet:-1, max-image-preview:large, max-video-preview:-1\" \/>\n<link rel=\"canonical\" href=\"https:\/\/cvinoticias.com\/v3\/anses-cambio-en-el-calendario-de-cobro-la-semana-que-viene\/\" \/>\n<meta property=\"og:locale\" content=\"es_ES\" \/>\n<meta property=\"og:type\" content=\"article\" \/>\n<meta property=\"og:title\" content=\"Anses: Cambios en el calendario de cobro la semana que viene | CVI NOTICIAS\" \/>\n<meta property=\"og:description\" content=\"A fines de julio, el organismo provisional que conduce Fernanda Raverta inform\u00f3 las fechas de cobro para todas las prestaciones. Sin embargo, por un feriado de agosto los d\u00edas debieron ser modificados. La Administraci\u00f3n Nacional de Seguridad Social ( Anses) contin\u00faa las fechas de cobro para todas las prestaciones durante la segunda semana de agosto. [&hellip;]\" \/>\n<meta property=\"og:url\" content=\"https:\/\/cvinoticias.com\/v3\/anses-cambio-en-el-calendario-de-cobro-la-semana-que-viene\/\" \/>\n<meta property=\"og:site_name\" content=\"CVI NOTICIAS\" \/>\n<meta property=\"article:publisher\" content=\"https:\/\/www.facebook.com\/cvinoticias\" \/>\n<meta property=\"article:published_time\" content=\"2021-08-12T12:35:40+00:00\" \/>\n<meta property=\"article:modified_time\" content=\"2021-08-12T12:38:41+00:00\" \/>\n<meta property=\"og:image\" content=\"https:\/\/cvinoticias.com\/wp-content\/uploads\/2021\/08\/calendario_ife_x3x.jpg_689937239.jpg\" \/>\n\t<meta property=\"og:image:width\" content=\"360\" \/>\n\t<meta property=\"og:image:height\" content=\"200\" \/>\n\t<meta property=\"og:image:type\" content=\"image\/jpeg\" \/>\n<meta name=\"author\" content=\"f1000024\" \/>\n<meta name=\"twitter:card\" content=\"summary_large_image\" \/>\n<meta name=\"twitter:label1\" content=\"Escrito por\" \/>\n\t<meta name=\"twitter:data1\" content=\"f1000024\" \/>\n\t<meta name=\"twitter:label2\" content=\"Tiempo de lectura\" \/>\n\t<meta name=\"twitter:data2\" content=\"2 minutos\" \/>\n<script type=\"application\/ld+json\" class=\"yoast-schema-graph\">{\"@context\":\"https:\\\/\\\/schema.org\",\"@graph\":[{\"@type\":\"Article\",\"@id\":\"https:\\\/\\\/cvinoticias.com\\\/v3\\\/anses-cambio-en-el-calendario-de-cobro-la-semana-que-viene\\\/#article\",\"isPartOf\":{\"@id\":\"https:\\\/\\\/cvinoticias.com\\\/v3\\\/anses-cambio-en-el-calendario-de-cobro-la-semana-que-viene\\\/\"},\"author\":{\"name\":\"f1000024\",\"@id\":\"https:\\\/\\\/cvinoticias.com\\\/v3\\\/#\\\/schema\\\/person\\\/2db77e3c6bc03c538495d7b2b8be9b66\"},\"headline\":\"Anses: Cambios en el calendario de cobro la semana que viene\",\"datePublished\":\"2021-08-12T12:35:40+00:00\",\"dateModified\":\"2021-08-12T12:38:41+00:00\",\"mainEntityOfPage\":{\"@id\":\"https:\\\/\\\/cvinoticias.com\\\/v3\\\/anses-cambio-en-el-calendario-de-cobro-la-semana-que-viene\\\/\"},\"wordCount\":500,\"commentCount\":0,\"publisher\":{\"@id\":\"https:\\\/\\\/cvinoticias.com\\\/v3\\\/#organization\"},\"image\":{\"@id\":\"https:\\\/\\\/cvinoticias.com\\\/v3\\\/anses-cambio-en-el-calendario-de-cobro-la-semana-que-viene\\\/#primaryimage\"},\"thumbnailUrl\":\"https:\\\/\\\/cvinoticias.com\\\/wp-content\\\/uploads\\\/2021\\\/08\\\/calendario_ife_x3x.jpg_689937239.jpg\",\"articleSection\":[\"Informaci\u00f3n General\"],\"inLanguage\":\"es\",\"potentialAction\":[{\"@type\":\"CommentAction\",\"name\":\"Comment\",\"target\":[\"https:\\\/\\\/cvinoticias.com\\\/v3\\\/anses-cambio-en-el-calendario-de-cobro-la-semana-que-viene\\\/#respond\"]}]},{\"@type\":\"WebPage\",\"@id\":\"https:\\\/\\\/cvinoticias.com\\\/v3\\\/anses-cambio-en-el-calendario-de-cobro-la-semana-que-viene\\\/\",\"url\":\"https:\\\/\\\/cvinoticias.com\\\/v3\\\/anses-cambio-en-el-calendario-de-cobro-la-semana-que-viene\\\/\",\"name\":\"Anses: Cambios en el calendario de cobro la semana que viene | CVI NOTICIAS\",\"isPartOf\":{\"@id\":\"https:\\\/\\\/cvinoticias.com\\\/v3\\\/#website\"},\"primaryImageOfPage\":{\"@id\":\"https:\\\/\\\/cvinoticias.com\\\/v3\\\/anses-cambio-en-el-calendario-de-cobro-la-semana-que-viene\\\/#primaryimage\"},\"image\":{\"@id\":\"https:\\\/\\\/cvinoticias.com\\\/v3\\\/anses-cambio-en-el-calendario-de-cobro-la-semana-que-viene\\\/#primaryimage\"},\"thumbnailUrl\":\"https:\\\/\\\/cvinoticias.com\\\/wp-content\\\/uploads\\\/2021\\\/08\\\/calendario_ife_x3x.jpg_689937239.jpg\",\"datePublished\":\"2021-08-12T12:35:40+00:00\",\"dateModified\":\"2021-08-12T12:38:41+00:00\",\"breadcrumb\":{\"@id\":\"https:\\\/\\\/cvinoticias.com\\\/v3\\\/anses-cambio-en-el-calendario-de-cobro-la-semana-que-viene\\\/#breadcrumb\"},\"inLanguage\":\"es\",\"potentialAction\":[{\"@type\":\"ReadAction\",\"target\":[\"https:\\\/\\\/cvinoticias.com\\\/v3\\\/anses-cambio-en-el-calendario-de-cobro-la-semana-que-viene\\\/\"]}]},{\"@type\":\"ImageObject\",\"inLanguage\":\"es\",\"@id\":\"https:\\\/\\\/cvinoticias.com\\\/v3\\\/anses-cambio-en-el-calendario-de-cobro-la-semana-que-viene\\\/#primaryimage\",\"url\":\"https:\\\/\\\/cvinoticias.com\\\/wp-content\\\/uploads\\\/2021\\\/08\\\/calendario_ife_x3x.jpg_689937239.jpg\",\"contentUrl\":\"https:\\\/\\\/cvinoticias.com\\\/wp-content\\\/uploads\\\/2021\\\/08\\\/calendario_ife_x3x.jpg_689937239.jpg\",\"width\":360,\"height\":200},{\"@type\":\"BreadcrumbList\",\"@id\":\"https:\\\/\\\/cvinoticias.com\\\/v3\\\/anses-cambio-en-el-calendario-de-cobro-la-semana-que-viene\\\/#breadcrumb\",\"itemListElement\":[{\"@type\":\"ListItem\",\"position\":1,\"name\":\"Portada\",\"item\":\"https:\\\/\\\/cvinoticias.com\\\/v3\\\/\"},{\"@type\":\"ListItem\",\"position\":2,\"name\":\"Anses: Cambios en el calendario de cobro la semana que viene\"}]},{\"@type\":\"WebSite\",\"@id\":\"https:\\\/\\\/cvinoticias.com\\\/v3\\\/#website\",\"url\":\"https:\\\/\\\/cvinoticias.com\\\/v3\\\/\",\"name\":\"CVI NOTICIAS\",\"description\":\"\",\"publisher\":{\"@id\":\"https:\\\/\\\/cvinoticias.com\\\/v3\\\/#organization\"},\"alternateName\":\"CVI\",\"potentialAction\":[{\"@type\":\"SearchAction\",\"target\":{\"@type\":\"EntryPoint\",\"urlTemplate\":\"https:\\\/\\\/cvinoticias.com\\\/v3\\\/?s={search_term_string}\"},\"query-input\":{\"@type\":\"PropertyValueSpecification\",\"valueRequired\":true,\"valueName\":\"search_term_string\"}}],\"inLanguage\":\"es\"},{\"@type\":\"Organization\",\"@id\":\"https:\\\/\\\/cvinoticias.com\\\/v3\\\/#organization\",\"name\":\"CVI NOTICIAS\",\"url\":\"https:\\\/\\\/cvinoticias.com\\\/v3\\\/\",\"logo\":{\"@type\":\"ImageObject\",\"inLanguage\":\"es\",\"@id\":\"https:\\\/\\\/cvinoticias.com\\\/v3\\\/#\\\/schema\\\/logo\\\/image\\\/\",\"url\":\"https:\\\/\\\/cvinoticias.com\\\/wp-content\\\/uploads\\\/2023\\\/04\\\/cropped-cropped-cropped-cropped-cropped-3-1.png\",\"contentUrl\":\"https:\\\/\\\/cvinoticias.com\\\/wp-content\\\/uploads\\\/2023\\\/04\\\/cropped-cropped-cropped-cropped-cropped-3-1.png\",\"width\":95,\"height\":122,\"caption\":\"CVI NOTICIAS\"},\"image\":{\"@id\":\"https:\\\/\\\/cvinoticias.com\\\/v3\\\/#\\\/schema\\\/logo\\\/image\\\/\"},\"sameAs\":[\"https:\\\/\\\/www.facebook.com\\\/cvinoticias\",\"https:\\\/\\\/www.instagram.com\\\/cvinoticias\\\/\",\"https:\\\/\\\/www.youtube.com\\\/@CVINOTICIAS\"]},{\"@type\":\"Person\",\"@id\":\"https:\\\/\\\/cvinoticias.com\\\/v3\\\/#\\\/schema\\\/person\\\/2db77e3c6bc03c538495d7b2b8be9b66\",\"name\":\"f1000024\",\"image\":{\"@type\":\"ImageObject\",\"inLanguage\":\"es\",\"@id\":\"https:\\\/\\\/secure.gravatar.com\\\/avatar\\\/d4fe7459cfc51ff5129ce1a732bbef5928568b8092d412ef95611616376bbeed?s=96&d=mm&r=g\",\"url\":\"https:\\\/\\\/secure.gravatar.com\\\/avatar\\\/d4fe7459cfc51ff5129ce1a732bbef5928568b8092d412ef95611616376bbeed?s=96&d=mm&r=g\",\"contentUrl\":\"https:\\\/\\\/secure.gravatar.com\\\/avatar\\\/d4fe7459cfc51ff5129ce1a732bbef5928568b8092d412ef95611616376bbeed?s=96&d=mm&r=g\",\"caption\":\"f1000024\"},\"url\":\"https:\\\/\\\/cvinoticias.com\\\/v3\\\/author\\\/f1000024\\\/\"}]}<\/script>\n<!-- \/ Yoast SEO plugin. -->","yoast_head_json":{"title":"Anses: Cambios en el calendario de cobro la semana que viene | CVI NOTICIAS","robots":{"index":"index","follow":"follow","max-snippet":"max-snippet:-1","max-image-preview":"max-image-preview:large","max-video-preview":"max-video-preview:-1"},"canonical":"https:\/\/cvinoticias.com\/v3\/anses-cambio-en-el-calendario-de-cobro-la-semana-que-viene\/","og_locale":"es_ES","og_type":"article","og_title":"Anses: Cambios en el calendario de cobro la semana que viene | CVI NOTICIAS","og_description":"A fines de julio, el organismo provisional que conduce Fernanda Raverta inform\u00f3 las fechas de cobro para todas las prestaciones. Sin embargo, por un feriado de agosto los d\u00edas debieron ser modificados. La Administraci\u00f3n Nacional de Seguridad Social ( Anses) contin\u00faa las fechas de cobro para todas las prestaciones durante la segunda semana de agosto. [&hellip;]","og_url":"https:\/\/cvinoticias.com\/v3\/anses-cambio-en-el-calendario-de-cobro-la-semana-que-viene\/","og_site_name":"CVI NOTICIAS","article_publisher":"https:\/\/www.facebook.com\/cvinoticias","article_published_time":"2021-08-12T12:35:40+00:00","article_modified_time":"2021-08-12T12:38:41+00:00","og_image":[{"width":360,"height":200,"url":"https:\/\/cvinoticias.com\/wp-content\/uploads\/2021\/08\/calendario_ife_x3x.jpg_689937239.jpg","type":"image\/jpeg"}],"author":"f1000024","twitter_card":"summary_large_image","twitter_misc":{"Escrito por":"f1000024","Tiempo de lectura":"2 minutos"},"schema":{"@context":"https:\/\/schema.org","@graph":[{"@type":"Article","@id":"https:\/\/cvinoticias.com\/v3\/anses-cambio-en-el-calendario-de-cobro-la-semana-que-viene\/#article","isPartOf":{"@id":"https:\/\/cvinoticias.com\/v3\/anses-cambio-en-el-calendario-de-cobro-la-semana-que-viene\/"},"author":{"name":"f1000024","@id":"https:\/\/cvinoticias.com\/v3\/#\/schema\/person\/2db77e3c6bc03c538495d7b2b8be9b66"},"headline":"Anses: Cambios en el calendario de cobro la semana que viene","datePublished":"2021-08-12T12:35:40+00:00","dateModified":"2021-08-12T12:38:41+00:00","mainEntityOfPage":{"@id":"https:\/\/cvinoticias.com\/v3\/anses-cambio-en-el-calendario-de-cobro-la-semana-que-viene\/"},"wordCount":500,"commentCount":0,"publisher":{"@id":"https:\/\/cvinoticias.com\/v3\/#organization"},"image":{"@id":"https:\/\/cvinoticias.com\/v3\/anses-cambio-en-el-calendario-de-cobro-la-semana-que-viene\/#primaryimage"},"thumbnailUrl":"https:\/\/cvinoticias.com\/wp-content\/uploads\/2021\/08\/calendario_ife_x3x.jpg_689937239.jpg","articleSection":["Informaci\u00f3n General"],"inLanguage":"es","potentialAction":[{"@type":"CommentAction","name":"Comment","target":["https:\/\/cvinoticias.com\/v3\/anses-cambio-en-el-calendario-de-cobro-la-semana-que-viene\/#respond"]}]},{"@type":"WebPage","@id":"https:\/\/cvinoticias.com\/v3\/anses-cambio-en-el-calendario-de-cobro-la-semana-que-viene\/","url":"https:\/\/cvinoticias.com\/v3\/anses-cambio-en-el-calendario-de-cobro-la-semana-que-viene\/","name":"Anses: Cambios en el calendario de cobro la semana que viene | CVI NOTICIAS","isPartOf":{"@id":"https:\/\/cvinoticias.com\/v3\/#website"},"primaryImageOfPage":{"@id":"https:\/\/cvinoticias.com\/v3\/anses-cambio-en-el-calendario-de-cobro-la-semana-que-viene\/#primaryimage"},"image":{"@id":"https:\/\/cvinoticias.com\/v3\/anses-cambio-en-el-calendario-de-cobro-la-semana-que-viene\/#primaryimage"},"thumbnailUrl":"https:\/\/cvinoticias.com\/wp-content\/uploads\/2021\/08\/calendario_ife_x3x.jpg_689937239.jpg","datePublished":"2021-08-12T12:35:40+00:00","dateModified":"2021-08-12T12:38:41+00:00","breadcrumb":{"@id":"https:\/\/cvinoticias.com\/v3\/anses-cambio-en-el-calendario-de-cobro-la-semana-que-viene\/#breadcrumb"},"inLanguage":"es","potentialAction":[{"@type":"ReadAction","target":["https:\/\/cvinoticias.com\/v3\/anses-cambio-en-el-calendario-de-cobro-la-semana-que-viene\/"]}]},{"@type":"ImageObject","inLanguage":"es","@id":"https:\/\/cvinoticias.com\/v3\/anses-cambio-en-el-calendario-de-cobro-la-semana-que-viene\/#primaryimage","url":"https:\/\/cvinoticias.com\/wp-content\/uploads\/2021\/08\/calendario_ife_x3x.jpg_689937239.jpg","contentUrl":"https:\/\/cvinoticias.com\/wp-content\/uploads\/2021\/08\/calendario_ife_x3x.jpg_689937239.jpg","width":360,"height":200},{"@type":"BreadcrumbList","@id":"https:\/\/cvinoticias.com\/v3\/anses-cambio-en-el-calendario-de-cobro-la-semana-que-viene\/#breadcrumb","itemListElement":[{"@type":"ListItem","position":1,"name":"Portada","item":"https:\/\/cvinoticias.com\/v3\/"},{"@type":"ListItem","position":2,"name":"Anses: Cambios en el calendario de cobro la semana que viene"}]},{"@type":"WebSite","@id":"https:\/\/cvinoticias.com\/v3\/#website","url":"https:\/\/cvinoticias.com\/v3\/","name":"CVI NOTICIAS","description":"","publisher":{"@id":"https:\/\/cvinoticias.com\/v3\/#organization"},"alternateName":"CVI","potentialAction":[{"@type":"SearchAction","target":{"@type":"EntryPoint","urlTemplate":"https:\/\/cvinoticias.com\/v3\/?s={search_term_string}"},"query-input":{"@type":"PropertyValueSpecification","valueRequired":true,"valueName":"search_term_string"}}],"inLanguage":"es"},{"@type":"Organization","@id":"https:\/\/cvinoticias.com\/v3\/#organization","name":"CVI NOTICIAS","url":"https:\/\/cvinoticias.com\/v3\/","logo":{"@type":"ImageObject","inLanguage":"es","@id":"https:\/\/cvinoticias.com\/v3\/#\/schema\/logo\/image\/","url":"https:\/\/cvinoticias.com\/wp-content\/uploads\/2023\/04\/cropped-cropped-cropped-cropped-cropped-3-1.png","contentUrl":"https:\/\/cvinoticias.com\/wp-content\/uploads\/2023\/04\/cropped-cropped-cropped-cropped-cropped-3-1.png","width":95,"height":122,"caption":"CVI NOTICIAS"},"image":{"@id":"https:\/\/cvinoticias.com\/v3\/#\/schema\/logo\/image\/"},"sameAs":["https:\/\/www.facebook.com\/cvinoticias","https:\/\/www.instagram.com\/cvinoticias\/","https:\/\/www.youtube.com\/@CVINOTICIAS"]},{"@type":"Person","@id":"https:\/\/cvinoticias.com\/v3\/#\/schema\/person\/2db77e3c6bc03c538495d7b2b8be9b66","name":"f1000024","image":{"@type":"ImageObject","inLanguage":"es","@id":"https:\/\/secure.gravatar.com\/avatar\/d4fe7459cfc51ff5129ce1a732bbef5928568b8092d412ef95611616376bbeed?s=96&d=mm&r=g","url":"https:\/\/secure.gravatar.com\/avatar\/d4fe7459cfc51ff5129ce1a732bbef5928568b8092d412ef95611616376bbeed?s=96&d=mm&r=g","contentUrl":"https:\/\/secure.gravatar.com\/avatar\/d4fe7459cfc51ff5129ce1a732bbef5928568b8092d412ef95611616376bbeed?s=96&d=mm&r=g","caption":"f1000024"},"url":"https:\/\/cvinoticias.com\/v3\/author\/f1000024\/"}]}},"_links":{"self":[{"href":"https:\/\/cvinoticias.com\/v3\/wp-json\/wp\/v2\/posts\/7536","targetHints":{"allow":["GET"]}}],"collection":[{"href":"https:\/\/cvinoticias.com\/v3\/wp-json\/wp\/v2\/posts"}],"about":[{"href":"https:\/\/cvinoticias.com\/v3\/wp-json\/wp\/v2\/types\/post"}],"author":[{"embeddable":true,"href":"https:\/\/cvinoticias.com\/v3\/wp-json\/wp\/v2\/users\/2"}],"replies":[{"embeddable":true,"href":"https:\/\/cvinoticias.com\/v3\/wp-json\/wp\/v2\/comments?post=7536"}],"version-history":[{"count":3,"href":"https:\/\/cvinoticias.com\/v3\/wp-json\/wp\/v2\/posts\/7536\/revisions"}],"predecessor-version":[{"id":7540,"href":"https:\/\/cvinoticias.com\/v3\/wp-json\/wp\/v2\/posts\/7536\/revisions\/7540"}],"wp:featuredmedia":[{"embeddable":true,"href":"https:\/\/cvinoticias.com\/v3\/wp-json\/wp\/v2\/media\/7537"}],"wp:attachment":[{"href":"https:\/\/cvinoticias.com\/v3\/wp-json\/wp\/v2\/media?parent=7536"}],"wp:term":[{"taxonomy":"category","embeddable":true,"href":"https:\/\/cvinoticias.com\/v3\/wp-json\/wp\/v2\/categories?post=7536"},{"taxonomy":"post_tag","embeddable":true,"href":"https:\/\/cvinoticias.com\/v3\/wp-json\/wp\/v2\/tags?post=7536"}],"curies":[{"name":"wp","href":"https:\/\/api.w.org\/{rel}","templated":true}]}}