{"id":7529,"date":"2021-08-12T09:19:41","date_gmt":"2021-08-12T09:19:41","guid":{"rendered":"https:\/\/cvinoticias.com\/v3\/?p=7529"},"modified":"2021-08-12T09:19:41","modified_gmt":"2021-08-12T09:19:41","slug":"cada-12-de-agosto-se-conmemora-el-dia-del-trabajador-de-television-en-la-argentina","status":"publish","type":"post","link":"https:\/\/cvinoticias.com\/v3\/cada-12-de-agosto-se-conmemora-el-dia-del-trabajador-de-television-en-la-argentina\/","title":{"rendered":"Cada 12 de agosto se conmemora el d\u00eda del Trabajador de Televisi\u00f3n en la Argentina."},"content":{"rendered":"\n<p><strong><em>En esta fecha se valora el trabajo de los administrativos, t\u00e9cnicos, operadores, creativos, producci\u00f3n y maestranzas de los canales de aire, cables y productoras.<\/em><\/strong><\/p>\n\n\n\n<p>La televisi\u00f3n es un medio masivo de comunicaci\u00f3n que nos entretiene, informa, y construye identidad. Son muchos los profesionales que se encuentran delante y detr\u00e1s de c\u00e1mara para hacer que la producci\u00f3n y transmisi\u00f3n sean posibles.<\/p>\n\n\n\n<p>Hoy son trabajadores esenciales con el compromiso diario, profesionalismo y dedicaci\u00f3n, destacando el rol que cada uno hace para brindar conectividad e imagen para todos.<\/p>\n\n\n\n<p>El d\u00eda fue establecido en celebraci\u00f3n a&nbsp;Santa Clara de As\u00eds, declarada&nbsp;patrona de la televisi\u00f3n por el Papa P\u00edo XII.&nbsp;Una navidad del siglo XIII, Santa Clara estaba enferma y no pod\u00eda salir de su cama para ir a misa. Pero producto de un milagro, tuvo una visi\u00f3n en tiempo real de la Eucarist\u00eda que se celebraba en su convento. Por este motivo el 17 de febrero de 1958, el Papa P\u00edo XII la declar\u00f3 Patrona de la Televisi\u00f3n y las Telecomunicaciones .<\/p>\n\n\n\n<p>En este d\u00eda saludamos y damos nuestro reconocimiento a todos aquellos hombres y mujeres que trabajan en la Empresa CVI Canal 5 y 22 de Aire; camar\u00f3grafos, conductores, producci\u00f3n, equipo t\u00e9cnico y el personal de l\u00ednea que lleva adelante tareas para que Ud. desde su casa se mantenga informado.<\/p>\n\n\n\n<figure class=\"wp-block-video\"><video controls src=\"https:\/\/cvinoticias.com\/wp-content\/uploads\/2021\/08\/VID-20210812-WA0011.mp4\"><\/video><\/figure>\n","protected":false},"excerpt":{"rendered":"<p>En esta fecha se valora el trabajo de los administrativos, t\u00e9cnicos, operadores, creativos, producci\u00f3n y maestranzas de los canales de aire, cables y productoras. La televisi\u00f3n es un medio masivo de comunicaci\u00f3n que nos entretiene, informa, y construye identidad. Son muchos los profesionales que se encuentran delante y detr\u00e1s de c\u00e1mara para hacer que la [&hellip;]<\/p>\n","protected":false},"author":2,"featured_media":7530,"comment_status":"open","ping_status":"open","sticky":false,"template":"","format":"standard","meta":{"footnotes":""},"categories":[47],"tags":[],"class_list":["post-7529","post","type-post","status-publish","format-standard","has-post-thumbnail","hentry","category-sociedad"],"yoast_head":"<!-- This site is optimized with the Yoast SEO plugin v27.4 - https:\/\/yoast.com\/product\/yoast-seo-wordpress\/ -->\n<title>Cada 12 de agosto se conmemora el d\u00eda del Trabajador de Televisi\u00f3n en la Argentina. | CVI NOTICIAS<\/title>\n<meta name=\"robots\" content=\"index, follow, max-snippet:-1, max-image-preview:large, max-video-preview:-1\" \/>\n<link rel=\"canonical\" href=\"https:\/\/cvinoticias.com\/v3\/cada-12-de-agosto-se-conmemora-el-dia-del-trabajador-de-television-en-la-argentina\/\" \/>\n<meta property=\"og:locale\" content=\"es_ES\" \/>\n<meta property=\"og:type\" content=\"article\" \/>\n<meta property=\"og:title\" content=\"Cada 12 de agosto se conmemora el d\u00eda del Trabajador de Televisi\u00f3n en la Argentina. | CVI NOTICIAS\" \/>\n<meta property=\"og:description\" content=\"En esta fecha se valora el trabajo de los administrativos, t\u00e9cnicos, operadores, creativos, producci\u00f3n y maestranzas de los canales de aire, cables y productoras. La televisi\u00f3n es un medio masivo de comunicaci\u00f3n que nos entretiene, informa, y construye identidad. Son muchos los profesionales que se encuentran delante y detr\u00e1s de c\u00e1mara para hacer que la [&hellip;]\" \/>\n<meta property=\"og:url\" content=\"https:\/\/cvinoticias.com\/v3\/cada-12-de-agosto-se-conmemora-el-dia-del-trabajador-de-television-en-la-argentina\/\" \/>\n<meta property=\"og:site_name\" content=\"CVI NOTICIAS\" \/>\n<meta property=\"article:publisher\" content=\"https:\/\/www.facebook.com\/cvinoticias\" \/>\n<meta property=\"article:published_time\" content=\"2021-08-12T09:19:41+00:00\" \/>\n<meta property=\"og:image\" content=\"https:\/\/cvinoticias.com\/wp-content\/uploads\/2021\/08\/dia-del-trabajador-de-television-12-de-agosto-2018.jpg\" \/>\n\t<meta property=\"og:image:width\" content=\"492\" \/>\n\t<meta property=\"og:image:height\" content=\"336\" \/>\n\t<meta property=\"og:image:type\" content=\"image\/jpeg\" \/>\n<meta name=\"author\" content=\"f1000024\" \/>\n<meta name=\"twitter:card\" content=\"summary_large_image\" \/>\n<meta name=\"twitter:label1\" content=\"Escrito por\" \/>\n\t<meta name=\"twitter:data1\" content=\"f1000024\" \/>\n\t<meta name=\"twitter:label2\" content=\"Tiempo de lectura\" \/>\n\t<meta name=\"twitter:data2\" content=\"1 minuto\" \/>\n<script type=\"application\/ld+json\" class=\"yoast-schema-graph\">{\"@context\":\"https:\\\/\\\/schema.org\",\"@graph\":[{\"@type\":\"Article\",\"@id\":\"https:\\\/\\\/cvinoticias.com\\\/v3\\\/cada-12-de-agosto-se-conmemora-el-dia-del-trabajador-de-television-en-la-argentina\\\/#article\",\"isPartOf\":{\"@id\":\"https:\\\/\\\/cvinoticias.com\\\/v3\\\/cada-12-de-agosto-se-conmemora-el-dia-del-trabajador-de-television-en-la-argentina\\\/\"},\"author\":{\"name\":\"f1000024\",\"@id\":\"https:\\\/\\\/cvinoticias.com\\\/v3\\\/#\\\/schema\\\/person\\\/2db77e3c6bc03c538495d7b2b8be9b66\"},\"headline\":\"Cada 12 de agosto se conmemora el d\u00eda del Trabajador de Televisi\u00f3n en la Argentina.\",\"datePublished\":\"2021-08-12T09:19:41+00:00\",\"mainEntityOfPage\":{\"@id\":\"https:\\\/\\\/cvinoticias.com\\\/v3\\\/cada-12-de-agosto-se-conmemora-el-dia-del-trabajador-de-television-en-la-argentina\\\/\"},\"wordCount\":256,\"commentCount\":0,\"publisher\":{\"@id\":\"https:\\\/\\\/cvinoticias.com\\\/v3\\\/#organization\"},\"image\":{\"@id\":\"https:\\\/\\\/cvinoticias.com\\\/v3\\\/cada-12-de-agosto-se-conmemora-el-dia-del-trabajador-de-television-en-la-argentina\\\/#primaryimage\"},\"thumbnailUrl\":\"https:\\\/\\\/cvinoticias.com\\\/wp-content\\\/uploads\\\/2021\\\/08\\\/dia-del-trabajador-de-television-12-de-agosto-2018.jpg\",\"articleSection\":[\"Sociedad\"],\"inLanguage\":\"es\",\"potentialAction\":[{\"@type\":\"CommentAction\",\"name\":\"Comment\",\"target\":[\"https:\\\/\\\/cvinoticias.com\\\/v3\\\/cada-12-de-agosto-se-conmemora-el-dia-del-trabajador-de-television-en-la-argentina\\\/#respond\"]}]},{\"@type\":\"WebPage\",\"@id\":\"https:\\\/\\\/cvinoticias.com\\\/v3\\\/cada-12-de-agosto-se-conmemora-el-dia-del-trabajador-de-television-en-la-argentina\\\/\",\"url\":\"https:\\\/\\\/cvinoticias.com\\\/v3\\\/cada-12-de-agosto-se-conmemora-el-dia-del-trabajador-de-television-en-la-argentina\\\/\",\"name\":\"Cada 12 de agosto se conmemora el d\u00eda del Trabajador de Televisi\u00f3n en la Argentina. | CVI NOTICIAS\",\"isPartOf\":{\"@id\":\"https:\\\/\\\/cvinoticias.com\\\/v3\\\/#website\"},\"primaryImageOfPage\":{\"@id\":\"https:\\\/\\\/cvinoticias.com\\\/v3\\\/cada-12-de-agosto-se-conmemora-el-dia-del-trabajador-de-television-en-la-argentina\\\/#primaryimage\"},\"image\":{\"@id\":\"https:\\\/\\\/cvinoticias.com\\\/v3\\\/cada-12-de-agosto-se-conmemora-el-dia-del-trabajador-de-television-en-la-argentina\\\/#primaryimage\"},\"thumbnailUrl\":\"https:\\\/\\\/cvinoticias.com\\\/wp-content\\\/uploads\\\/2021\\\/08\\\/dia-del-trabajador-de-television-12-de-agosto-2018.jpg\",\"datePublished\":\"2021-08-12T09:19:41+00:00\",\"breadcrumb\":{\"@id\":\"https:\\\/\\\/cvinoticias.com\\\/v3\\\/cada-12-de-agosto-se-conmemora-el-dia-del-trabajador-de-television-en-la-argentina\\\/#breadcrumb\"},\"inLanguage\":\"es\",\"potentialAction\":[{\"@type\":\"ReadAction\",\"target\":[\"https:\\\/\\\/cvinoticias.com\\\/v3\\\/cada-12-de-agosto-se-conmemora-el-dia-del-trabajador-de-television-en-la-argentina\\\/\"]}]},{\"@type\":\"ImageObject\",\"inLanguage\":\"es\",\"@id\":\"https:\\\/\\\/cvinoticias.com\\\/v3\\\/cada-12-de-agosto-se-conmemora-el-dia-del-trabajador-de-television-en-la-argentina\\\/#primaryimage\",\"url\":\"https:\\\/\\\/cvinoticias.com\\\/wp-content\\\/uploads\\\/2021\\\/08\\\/dia-del-trabajador-de-television-12-de-agosto-2018.jpg\",\"contentUrl\":\"https:\\\/\\\/cvinoticias.com\\\/wp-content\\\/uploads\\\/2021\\\/08\\\/dia-del-trabajador-de-television-12-de-agosto-2018.jpg\",\"width\":492,\"height\":336},{\"@type\":\"BreadcrumbList\",\"@id\":\"https:\\\/\\\/cvinoticias.com\\\/v3\\\/cada-12-de-agosto-se-conmemora-el-dia-del-trabajador-de-television-en-la-argentina\\\/#breadcrumb\",\"itemListElement\":[{\"@type\":\"ListItem\",\"position\":1,\"name\":\"Portada\",\"item\":\"https:\\\/\\\/cvinoticias.com\\\/v3\\\/\"},{\"@type\":\"ListItem\",\"position\":2,\"name\":\"Cada 12 de agosto se conmemora el d\u00eda del Trabajador de Televisi\u00f3n en la Argentina.\"}]},{\"@type\":\"WebSite\",\"@id\":\"https:\\\/\\\/cvinoticias.com\\\/v3\\\/#website\",\"url\":\"https:\\\/\\\/cvinoticias.com\\\/v3\\\/\",\"name\":\"CVI NOTICIAS\",\"description\":\"\",\"publisher\":{\"@id\":\"https:\\\/\\\/cvinoticias.com\\\/v3\\\/#organization\"},\"alternateName\":\"CVI\",\"potentialAction\":[{\"@type\":\"SearchAction\",\"target\":{\"@type\":\"EntryPoint\",\"urlTemplate\":\"https:\\\/\\\/cvinoticias.com\\\/v3\\\/?s={search_term_string}\"},\"query-input\":{\"@type\":\"PropertyValueSpecification\",\"valueRequired\":true,\"valueName\":\"search_term_string\"}}],\"inLanguage\":\"es\"},{\"@type\":\"Organization\",\"@id\":\"https:\\\/\\\/cvinoticias.com\\\/v3\\\/#organization\",\"name\":\"CVI NOTICIAS\",\"url\":\"https:\\\/\\\/cvinoticias.com\\\/v3\\\/\",\"logo\":{\"@type\":\"ImageObject\",\"inLanguage\":\"es\",\"@id\":\"https:\\\/\\\/cvinoticias.com\\\/v3\\\/#\\\/schema\\\/logo\\\/image\\\/\",\"url\":\"https:\\\/\\\/cvinoticias.com\\\/wp-content\\\/uploads\\\/2023\\\/04\\\/cropped-cropped-cropped-cropped-cropped-3-1.png\",\"contentUrl\":\"https:\\\/\\\/cvinoticias.com\\\/wp-content\\\/uploads\\\/2023\\\/04\\\/cropped-cropped-cropped-cropped-cropped-3-1.png\",\"width\":95,\"height\":122,\"caption\":\"CVI NOTICIAS\"},\"image\":{\"@id\":\"https:\\\/\\\/cvinoticias.com\\\/v3\\\/#\\\/schema\\\/logo\\\/image\\\/\"},\"sameAs\":[\"https:\\\/\\\/www.facebook.com\\\/cvinoticias\",\"https:\\\/\\\/www.instagram.com\\\/cvinoticias\\\/\",\"https:\\\/\\\/www.youtube.com\\\/@CVINOTICIAS\"]},{\"@type\":\"Person\",\"@id\":\"https:\\\/\\\/cvinoticias.com\\\/v3\\\/#\\\/schema\\\/person\\\/2db77e3c6bc03c538495d7b2b8be9b66\",\"name\":\"f1000024\",\"image\":{\"@type\":\"ImageObject\",\"inLanguage\":\"es\",\"@id\":\"https:\\\/\\\/secure.gravatar.com\\\/avatar\\\/d4fe7459cfc51ff5129ce1a732bbef5928568b8092d412ef95611616376bbeed?s=96&d=mm&r=g\",\"url\":\"https:\\\/\\\/secure.gravatar.com\\\/avatar\\\/d4fe7459cfc51ff5129ce1a732bbef5928568b8092d412ef95611616376bbeed?s=96&d=mm&r=g\",\"contentUrl\":\"https:\\\/\\\/secure.gravatar.com\\\/avatar\\\/d4fe7459cfc51ff5129ce1a732bbef5928568b8092d412ef95611616376bbeed?s=96&d=mm&r=g\",\"caption\":\"f1000024\"},\"url\":\"https:\\\/\\\/cvinoticias.com\\\/v3\\\/author\\\/f1000024\\\/\"}]}<\/script>\n<!-- \/ Yoast SEO plugin. -->","yoast_head_json":{"title":"Cada 12 de agosto se conmemora el d\u00eda del Trabajador de Televisi\u00f3n en la Argentina. | CVI NOTICIAS","robots":{"index":"index","follow":"follow","max-snippet":"max-snippet:-1","max-image-preview":"max-image-preview:large","max-video-preview":"max-video-preview:-1"},"canonical":"https:\/\/cvinoticias.com\/v3\/cada-12-de-agosto-se-conmemora-el-dia-del-trabajador-de-television-en-la-argentina\/","og_locale":"es_ES","og_type":"article","og_title":"Cada 12 de agosto se conmemora el d\u00eda del Trabajador de Televisi\u00f3n en la Argentina. | CVI NOTICIAS","og_description":"En esta fecha se valora el trabajo de los administrativos, t\u00e9cnicos, operadores, creativos, producci\u00f3n y maestranzas de los canales de aire, cables y productoras. La televisi\u00f3n es un medio masivo de comunicaci\u00f3n que nos entretiene, informa, y construye identidad. Son muchos los profesionales que se encuentran delante y detr\u00e1s de c\u00e1mara para hacer que la [&hellip;]","og_url":"https:\/\/cvinoticias.com\/v3\/cada-12-de-agosto-se-conmemora-el-dia-del-trabajador-de-television-en-la-argentina\/","og_site_name":"CVI NOTICIAS","article_publisher":"https:\/\/www.facebook.com\/cvinoticias","article_published_time":"2021-08-12T09:19:41+00:00","og_image":[{"width":492,"height":336,"url":"https:\/\/cvinoticias.com\/wp-content\/uploads\/2021\/08\/dia-del-trabajador-de-television-12-de-agosto-2018.jpg","type":"image\/jpeg"}],"author":"f1000024","twitter_card":"summary_large_image","twitter_misc":{"Escrito por":"f1000024","Tiempo de lectura":"1 minuto"},"schema":{"@context":"https:\/\/schema.org","@graph":[{"@type":"Article","@id":"https:\/\/cvinoticias.com\/v3\/cada-12-de-agosto-se-conmemora-el-dia-del-trabajador-de-television-en-la-argentina\/#article","isPartOf":{"@id":"https:\/\/cvinoticias.com\/v3\/cada-12-de-agosto-se-conmemora-el-dia-del-trabajador-de-television-en-la-argentina\/"},"author":{"name":"f1000024","@id":"https:\/\/cvinoticias.com\/v3\/#\/schema\/person\/2db77e3c6bc03c538495d7b2b8be9b66"},"headline":"Cada 12 de agosto se conmemora el d\u00eda del Trabajador de Televisi\u00f3n en la Argentina.","datePublished":"2021-08-12T09:19:41+00:00","mainEntityOfPage":{"@id":"https:\/\/cvinoticias.com\/v3\/cada-12-de-agosto-se-conmemora-el-dia-del-trabajador-de-television-en-la-argentina\/"},"wordCount":256,"commentCount":0,"publisher":{"@id":"https:\/\/cvinoticias.com\/v3\/#organization"},"image":{"@id":"https:\/\/cvinoticias.com\/v3\/cada-12-de-agosto-se-conmemora-el-dia-del-trabajador-de-television-en-la-argentina\/#primaryimage"},"thumbnailUrl":"https:\/\/cvinoticias.com\/wp-content\/uploads\/2021\/08\/dia-del-trabajador-de-television-12-de-agosto-2018.jpg","articleSection":["Sociedad"],"inLanguage":"es","potentialAction":[{"@type":"CommentAction","name":"Comment","target":["https:\/\/cvinoticias.com\/v3\/cada-12-de-agosto-se-conmemora-el-dia-del-trabajador-de-television-en-la-argentina\/#respond"]}]},{"@type":"WebPage","@id":"https:\/\/cvinoticias.com\/v3\/cada-12-de-agosto-se-conmemora-el-dia-del-trabajador-de-television-en-la-argentina\/","url":"https:\/\/cvinoticias.com\/v3\/cada-12-de-agosto-se-conmemora-el-dia-del-trabajador-de-television-en-la-argentina\/","name":"Cada 12 de agosto se conmemora el d\u00eda del Trabajador de Televisi\u00f3n en la Argentina. | CVI NOTICIAS","isPartOf":{"@id":"https:\/\/cvinoticias.com\/v3\/#website"},"primaryImageOfPage":{"@id":"https:\/\/cvinoticias.com\/v3\/cada-12-de-agosto-se-conmemora-el-dia-del-trabajador-de-television-en-la-argentina\/#primaryimage"},"image":{"@id":"https:\/\/cvinoticias.com\/v3\/cada-12-de-agosto-se-conmemora-el-dia-del-trabajador-de-television-en-la-argentina\/#primaryimage"},"thumbnailUrl":"https:\/\/cvinoticias.com\/wp-content\/uploads\/2021\/08\/dia-del-trabajador-de-television-12-de-agosto-2018.jpg","datePublished":"2021-08-12T09:19:41+00:00","breadcrumb":{"@id":"https:\/\/cvinoticias.com\/v3\/cada-12-de-agosto-se-conmemora-el-dia-del-trabajador-de-television-en-la-argentina\/#breadcrumb"},"inLanguage":"es","potentialAction":[{"@type":"ReadAction","target":["https:\/\/cvinoticias.com\/v3\/cada-12-de-agosto-se-conmemora-el-dia-del-trabajador-de-television-en-la-argentina\/"]}]},{"@type":"ImageObject","inLanguage":"es","@id":"https:\/\/cvinoticias.com\/v3\/cada-12-de-agosto-se-conmemora-el-dia-del-trabajador-de-television-en-la-argentina\/#primaryimage","url":"https:\/\/cvinoticias.com\/wp-content\/uploads\/2021\/08\/dia-del-trabajador-de-television-12-de-agosto-2018.jpg","contentUrl":"https:\/\/cvinoticias.com\/wp-content\/uploads\/2021\/08\/dia-del-trabajador-de-television-12-de-agosto-2018.jpg","width":492,"height":336},{"@type":"BreadcrumbList","@id":"https:\/\/cvinoticias.com\/v3\/cada-12-de-agosto-se-conmemora-el-dia-del-trabajador-de-television-en-la-argentina\/#breadcrumb","itemListElement":[{"@type":"ListItem","position":1,"name":"Portada","item":"https:\/\/cvinoticias.com\/v3\/"},{"@type":"ListItem","position":2,"name":"Cada 12 de agosto se conmemora el d\u00eda del Trabajador de Televisi\u00f3n en la Argentina."}]},{"@type":"WebSite","@id":"https:\/\/cvinoticias.com\/v3\/#website","url":"https:\/\/cvinoticias.com\/v3\/","name":"CVI NOTICIAS","description":"","publisher":{"@id":"https:\/\/cvinoticias.com\/v3\/#organization"},"alternateName":"CVI","potentialAction":[{"@type":"SearchAction","target":{"@type":"EntryPoint","urlTemplate":"https:\/\/cvinoticias.com\/v3\/?s={search_term_string}"},"query-input":{"@type":"PropertyValueSpecification","valueRequired":true,"valueName":"search_term_string"}}],"inLanguage":"es"},{"@type":"Organization","@id":"https:\/\/cvinoticias.com\/v3\/#organization","name":"CVI NOTICIAS","url":"https:\/\/cvinoticias.com\/v3\/","logo":{"@type":"ImageObject","inLanguage":"es","@id":"https:\/\/cvinoticias.com\/v3\/#\/schema\/logo\/image\/","url":"https:\/\/cvinoticias.com\/wp-content\/uploads\/2023\/04\/cropped-cropped-cropped-cropped-cropped-3-1.png","contentUrl":"https:\/\/cvinoticias.com\/wp-content\/uploads\/2023\/04\/cropped-cropped-cropped-cropped-cropped-3-1.png","width":95,"height":122,"caption":"CVI NOTICIAS"},"image":{"@id":"https:\/\/cvinoticias.com\/v3\/#\/schema\/logo\/image\/"},"sameAs":["https:\/\/www.facebook.com\/cvinoticias","https:\/\/www.instagram.com\/cvinoticias\/","https:\/\/www.youtube.com\/@CVINOTICIAS"]},{"@type":"Person","@id":"https:\/\/cvinoticias.com\/v3\/#\/schema\/person\/2db77e3c6bc03c538495d7b2b8be9b66","name":"f1000024","image":{"@type":"ImageObject","inLanguage":"es","@id":"https:\/\/secure.gravatar.com\/avatar\/d4fe7459cfc51ff5129ce1a732bbef5928568b8092d412ef95611616376bbeed?s=96&d=mm&r=g","url":"https:\/\/secure.gravatar.com\/avatar\/d4fe7459cfc51ff5129ce1a732bbef5928568b8092d412ef95611616376bbeed?s=96&d=mm&r=g","contentUrl":"https:\/\/secure.gravatar.com\/avatar\/d4fe7459cfc51ff5129ce1a732bbef5928568b8092d412ef95611616376bbeed?s=96&d=mm&r=g","caption":"f1000024"},"url":"https:\/\/cvinoticias.com\/v3\/author\/f1000024\/"}]}},"_links":{"self":[{"href":"https:\/\/cvinoticias.com\/v3\/wp-json\/wp\/v2\/posts\/7529","targetHints":{"allow":["GET"]}}],"collection":[{"href":"https:\/\/cvinoticias.com\/v3\/wp-json\/wp\/v2\/posts"}],"about":[{"href":"https:\/\/cvinoticias.com\/v3\/wp-json\/wp\/v2\/types\/post"}],"author":[{"embeddable":true,"href":"https:\/\/cvinoticias.com\/v3\/wp-json\/wp\/v2\/users\/2"}],"replies":[{"embeddable":true,"href":"https:\/\/cvinoticias.com\/v3\/wp-json\/wp\/v2\/comments?post=7529"}],"version-history":[{"count":1,"href":"https:\/\/cvinoticias.com\/v3\/wp-json\/wp\/v2\/posts\/7529\/revisions"}],"predecessor-version":[{"id":7532,"href":"https:\/\/cvinoticias.com\/v3\/wp-json\/wp\/v2\/posts\/7529\/revisions\/7532"}],"wp:featuredmedia":[{"embeddable":true,"href":"https:\/\/cvinoticias.com\/v3\/wp-json\/wp\/v2\/media\/7530"}],"wp:attachment":[{"href":"https:\/\/cvinoticias.com\/v3\/wp-json\/wp\/v2\/media?parent=7529"}],"wp:term":[{"taxonomy":"category","embeddable":true,"href":"https:\/\/cvinoticias.com\/v3\/wp-json\/wp\/v2\/categories?post=7529"},{"taxonomy":"post_tag","embeddable":true,"href":"https:\/\/cvinoticias.com\/v3\/wp-json\/wp\/v2\/tags?post=7529"}],"curies":[{"name":"wp","href":"https:\/\/api.w.org\/{rel}","templated":true}]}}