{"id":7524,"date":"2021-08-12T00:06:54","date_gmt":"2021-08-12T00:06:54","guid":{"rendered":"https:\/\/cvinoticias.com\/v3\/?p=7524"},"modified":"2021-08-12T00:06:54","modified_gmt":"2021-08-12T00:06:54","slug":"puerto-iguazu-la-policia-junto-a-otros-organismos-de-la-provincia-y-del-municipio-brindaron-charla-de-prevencion-de-adicciones","status":"publish","type":"post","link":"https:\/\/cvinoticias.com\/v3\/puerto-iguazu-la-policia-junto-a-otros-organismos-de-la-provincia-y-del-municipio-brindaron-charla-de-prevencion-de-adicciones\/","title":{"rendered":"Puerto Iguaz\u00fa: La Polic\u00eda junto a otros organismos de la Provincia y del municipio brindaron charla de prevenci\u00f3n de adicciones"},"content":{"rendered":"\n<p><strong><em>En el establecimiento escolar Nro. 947 del barrio 25 de Mayo de esta ciudad en la tarde de hoy el comisar\u00edo Mayor Daniel Alonso Jefe de la Polic\u00eda Comunitaria URV, la se\u00f1ora Jefa de la Comisar\u00eda seccional Cuarta, de la Comisar\u00eda de la Mujer, de la Divisi\u00f3n Drogas Peligrosas y equipo de profesionales de la URV brindaron charlas de concientizaci\u00f3n y prevenci\u00f3n de adicciones donde se abordaron espec\u00edficamente la prevenci\u00f3n y los alcances de la ley.<\/em><\/strong><\/p>\n\n\n\n<p>En esta oportunidad tambi\u00e9n estuvieron presentes el Presidente del Honorable Concejo Deliberante Dr. Juan Jos\u00e9 Reynoldi, el concejal Julio Escapini, el director del Departamento de conductas adictivas del municipio y el se\u00f1or Hugo L\u00f3pez del Ministerio de prevenci\u00f3n de adicciones y control de drogas de la provincia, charla que fue dirigida a docentes y padres de alumnos del establecimiento.<\/p>\n\n\n\n<figure class=\"wp-block-image size-full\"><a href=\"https:\/\/cvinoticias.com\/wp-content\/uploads\/2021\/08\/FB_IMG_1628726521297.jpg\"><img decoding=\"async\" width=\"960\" height=\"720\" data-src=\"https:\/\/cvinoticias.com\/wp-content\/uploads\/2021\/08\/FB_IMG_1628726521297.jpg\" alt=\"\" class=\"wp-image-7526 lazyload\" data-srcset=\"https:\/\/cvinoticias.com\/wp-content\/uploads\/2021\/08\/FB_IMG_1628726521297.jpg 960w, https:\/\/cvinoticias.com\/wp-content\/uploads\/2021\/08\/FB_IMG_1628726521297-300x225.jpg 300w, https:\/\/cvinoticias.com\/wp-content\/uploads\/2021\/08\/FB_IMG_1628726521297-768x576.jpg 768w\" data-sizes=\"(max-width: 960px) 100vw, 960px\" src=\"data:image\/svg+xml;base64,PHN2ZyB3aWR0aD0iMSIgaGVpZ2h0PSIxIiB4bWxucz0iaHR0cDovL3d3dy53My5vcmcvMjAwMC9zdmciPjwvc3ZnPg==\" style=\"--smush-placeholder-width: 960px; --smush-placeholder-aspect-ratio: 960\/720;\" \/><\/a><\/figure>\n\n\n\n<figure class=\"wp-block-image size-full\"><a href=\"https:\/\/cvinoticias.com\/wp-content\/uploads\/2021\/08\/FB_IMG_1628726542785.jpg\"><img decoding=\"async\" width=\"960\" height=\"720\" data-src=\"https:\/\/cvinoticias.com\/wp-content\/uploads\/2021\/08\/FB_IMG_1628726542785.jpg\" alt=\"\" class=\"wp-image-7527 lazyload\" data-srcset=\"https:\/\/cvinoticias.com\/wp-content\/uploads\/2021\/08\/FB_IMG_1628726542785.jpg 960w, https:\/\/cvinoticias.com\/wp-content\/uploads\/2021\/08\/FB_IMG_1628726542785-300x225.jpg 300w, https:\/\/cvinoticias.com\/wp-content\/uploads\/2021\/08\/FB_IMG_1628726542785-768x576.jpg 768w\" data-sizes=\"(max-width: 960px) 100vw, 960px\" src=\"data:image\/svg+xml;base64,PHN2ZyB3aWR0aD0iMSIgaGVpZ2h0PSIxIiB4bWxucz0iaHR0cDovL3d3dy53My5vcmcvMjAwMC9zdmciPjwvc3ZnPg==\" style=\"--smush-placeholder-width: 960px; --smush-placeholder-aspect-ratio: 960\/720;\" \/><\/a><\/figure>\n","protected":false},"excerpt":{"rendered":"<p>En el establecimiento escolar Nro. 947 del barrio 25 de Mayo de esta ciudad en la tarde de hoy el comisar\u00edo Mayor Daniel Alonso Jefe de la Polic\u00eda Comunitaria URV, la se\u00f1ora Jefa de la Comisar\u00eda seccional Cuarta, de la Comisar\u00eda de la Mujer, de la Divisi\u00f3n Drogas Peligrosas y equipo de profesionales de la [&hellip;]<\/p>\n","protected":false},"author":2,"featured_media":7525,"comment_status":"open","ping_status":"open","sticky":false,"template":"","format":"standard","meta":{"footnotes":""},"categories":[41],"tags":[],"class_list":["post-7524","post","type-post","status-publish","format-standard","has-post-thumbnail","hentry","category-policiales"],"yoast_head":"<!-- This site is optimized with the Yoast SEO plugin v27.4 - https:\/\/yoast.com\/product\/yoast-seo-wordpress\/ -->\n<title>Puerto Iguaz\u00fa: La Polic\u00eda junto a otros organismos de la Provincia y del municipio brindaron charla de prevenci\u00f3n de adicciones | CVI NOTICIAS<\/title>\n<meta name=\"robots\" content=\"index, follow, max-snippet:-1, max-image-preview:large, max-video-preview:-1\" \/>\n<link rel=\"canonical\" href=\"https:\/\/cvinoticias.com\/v3\/puerto-iguazu-la-policia-junto-a-otros-organismos-de-la-provincia-y-del-municipio-brindaron-charla-de-prevencion-de-adicciones\/\" \/>\n<meta property=\"og:locale\" content=\"es_ES\" \/>\n<meta property=\"og:type\" content=\"article\" \/>\n<meta property=\"og:title\" content=\"Puerto Iguaz\u00fa: La Polic\u00eda junto a otros organismos de la Provincia y del municipio brindaron charla de prevenci\u00f3n de adicciones | CVI NOTICIAS\" \/>\n<meta property=\"og:description\" content=\"En el establecimiento escolar Nro. 947 del barrio 25 de Mayo de esta ciudad en la tarde de hoy el comisar\u00edo Mayor Daniel Alonso Jefe de la Polic\u00eda Comunitaria URV, la se\u00f1ora Jefa de la Comisar\u00eda seccional Cuarta, de la Comisar\u00eda de la Mujer, de la Divisi\u00f3n Drogas Peligrosas y equipo de profesionales de la [&hellip;]\" \/>\n<meta property=\"og:url\" content=\"https:\/\/cvinoticias.com\/v3\/puerto-iguazu-la-policia-junto-a-otros-organismos-de-la-provincia-y-del-municipio-brindaron-charla-de-prevencion-de-adicciones\/\" \/>\n<meta property=\"og:site_name\" content=\"CVI NOTICIAS\" \/>\n<meta property=\"article:publisher\" content=\"https:\/\/www.facebook.com\/cvinoticias\" \/>\n<meta property=\"article:published_time\" content=\"2021-08-12T00:06:54+00:00\" \/>\n<meta property=\"og:image\" content=\"https:\/\/cvinoticias.com\/wp-content\/uploads\/2021\/08\/FB_IMG_1628726537173.jpg\" \/>\n\t<meta property=\"og:image:width\" content=\"960\" \/>\n\t<meta property=\"og:image:height\" content=\"720\" \/>\n\t<meta property=\"og:image:type\" content=\"image\/jpeg\" \/>\n<meta name=\"author\" content=\"f1000024\" \/>\n<meta name=\"twitter:card\" content=\"summary_large_image\" \/>\n<meta name=\"twitter:label1\" content=\"Escrito por\" \/>\n\t<meta name=\"twitter:data1\" content=\"f1000024\" \/>\n\t<meta name=\"twitter:label2\" content=\"Tiempo de lectura\" \/>\n\t<meta name=\"twitter:data2\" content=\"1 minuto\" \/>\n<script type=\"application\/ld+json\" class=\"yoast-schema-graph\">{\"@context\":\"https:\\\/\\\/schema.org\",\"@graph\":[{\"@type\":\"Article\",\"@id\":\"https:\\\/\\\/cvinoticias.com\\\/v3\\\/puerto-iguazu-la-policia-junto-a-otros-organismos-de-la-provincia-y-del-municipio-brindaron-charla-de-prevencion-de-adicciones\\\/#article\",\"isPartOf\":{\"@id\":\"https:\\\/\\\/cvinoticias.com\\\/v3\\\/puerto-iguazu-la-policia-junto-a-otros-organismos-de-la-provincia-y-del-municipio-brindaron-charla-de-prevencion-de-adicciones\\\/\"},\"author\":{\"name\":\"f1000024\",\"@id\":\"https:\\\/\\\/cvinoticias.com\\\/v3\\\/#\\\/schema\\\/person\\\/2db77e3c6bc03c538495d7b2b8be9b66\"},\"headline\":\"Puerto Iguaz\u00fa: La Polic\u00eda junto a otros organismos de la Provincia y del municipio brindaron charla de prevenci\u00f3n de adicciones\",\"datePublished\":\"2021-08-12T00:06:54+00:00\",\"mainEntityOfPage\":{\"@id\":\"https:\\\/\\\/cvinoticias.com\\\/v3\\\/puerto-iguazu-la-policia-junto-a-otros-organismos-de-la-provincia-y-del-municipio-brindaron-charla-de-prevencion-de-adicciones\\\/\"},\"wordCount\":169,\"commentCount\":0,\"publisher\":{\"@id\":\"https:\\\/\\\/cvinoticias.com\\\/v3\\\/#organization\"},\"image\":{\"@id\":\"https:\\\/\\\/cvinoticias.com\\\/v3\\\/puerto-iguazu-la-policia-junto-a-otros-organismos-de-la-provincia-y-del-municipio-brindaron-charla-de-prevencion-de-adicciones\\\/#primaryimage\"},\"thumbnailUrl\":\"https:\\\/\\\/cvinoticias.com\\\/wp-content\\\/uploads\\\/2021\\\/08\\\/FB_IMG_1628726537173.jpg\",\"articleSection\":[\"Policiales\"],\"inLanguage\":\"es\",\"potentialAction\":[{\"@type\":\"CommentAction\",\"name\":\"Comment\",\"target\":[\"https:\\\/\\\/cvinoticias.com\\\/v3\\\/puerto-iguazu-la-policia-junto-a-otros-organismos-de-la-provincia-y-del-municipio-brindaron-charla-de-prevencion-de-adicciones\\\/#respond\"]}]},{\"@type\":\"WebPage\",\"@id\":\"https:\\\/\\\/cvinoticias.com\\\/v3\\\/puerto-iguazu-la-policia-junto-a-otros-organismos-de-la-provincia-y-del-municipio-brindaron-charla-de-prevencion-de-adicciones\\\/\",\"url\":\"https:\\\/\\\/cvinoticias.com\\\/v3\\\/puerto-iguazu-la-policia-junto-a-otros-organismos-de-la-provincia-y-del-municipio-brindaron-charla-de-prevencion-de-adicciones\\\/\",\"name\":\"Puerto Iguaz\u00fa: La Polic\u00eda junto a otros organismos de la Provincia y del municipio brindaron charla de prevenci\u00f3n de adicciones | CVI NOTICIAS\",\"isPartOf\":{\"@id\":\"https:\\\/\\\/cvinoticias.com\\\/v3\\\/#website\"},\"primaryImageOfPage\":{\"@id\":\"https:\\\/\\\/cvinoticias.com\\\/v3\\\/puerto-iguazu-la-policia-junto-a-otros-organismos-de-la-provincia-y-del-municipio-brindaron-charla-de-prevencion-de-adicciones\\\/#primaryimage\"},\"image\":{\"@id\":\"https:\\\/\\\/cvinoticias.com\\\/v3\\\/puerto-iguazu-la-policia-junto-a-otros-organismos-de-la-provincia-y-del-municipio-brindaron-charla-de-prevencion-de-adicciones\\\/#primaryimage\"},\"thumbnailUrl\":\"https:\\\/\\\/cvinoticias.com\\\/wp-content\\\/uploads\\\/2021\\\/08\\\/FB_IMG_1628726537173.jpg\",\"datePublished\":\"2021-08-12T00:06:54+00:00\",\"breadcrumb\":{\"@id\":\"https:\\\/\\\/cvinoticias.com\\\/v3\\\/puerto-iguazu-la-policia-junto-a-otros-organismos-de-la-provincia-y-del-municipio-brindaron-charla-de-prevencion-de-adicciones\\\/#breadcrumb\"},\"inLanguage\":\"es\",\"potentialAction\":[{\"@type\":\"ReadAction\",\"target\":[\"https:\\\/\\\/cvinoticias.com\\\/v3\\\/puerto-iguazu-la-policia-junto-a-otros-organismos-de-la-provincia-y-del-municipio-brindaron-charla-de-prevencion-de-adicciones\\\/\"]}]},{\"@type\":\"ImageObject\",\"inLanguage\":\"es\",\"@id\":\"https:\\\/\\\/cvinoticias.com\\\/v3\\\/puerto-iguazu-la-policia-junto-a-otros-organismos-de-la-provincia-y-del-municipio-brindaron-charla-de-prevencion-de-adicciones\\\/#primaryimage\",\"url\":\"https:\\\/\\\/cvinoticias.com\\\/wp-content\\\/uploads\\\/2021\\\/08\\\/FB_IMG_1628726537173.jpg\",\"contentUrl\":\"https:\\\/\\\/cvinoticias.com\\\/wp-content\\\/uploads\\\/2021\\\/08\\\/FB_IMG_1628726537173.jpg\",\"width\":960,\"height\":720},{\"@type\":\"BreadcrumbList\",\"@id\":\"https:\\\/\\\/cvinoticias.com\\\/v3\\\/puerto-iguazu-la-policia-junto-a-otros-organismos-de-la-provincia-y-del-municipio-brindaron-charla-de-prevencion-de-adicciones\\\/#breadcrumb\",\"itemListElement\":[{\"@type\":\"ListItem\",\"position\":1,\"name\":\"Portada\",\"item\":\"https:\\\/\\\/cvinoticias.com\\\/v3\\\/\"},{\"@type\":\"ListItem\",\"position\":2,\"name\":\"Puerto Iguaz\u00fa: La Polic\u00eda junto a otros organismos de la Provincia y del municipio brindaron charla de prevenci\u00f3n de adicciones\"}]},{\"@type\":\"WebSite\",\"@id\":\"https:\\\/\\\/cvinoticias.com\\\/v3\\\/#website\",\"url\":\"https:\\\/\\\/cvinoticias.com\\\/v3\\\/\",\"name\":\"CVI NOTICIAS\",\"description\":\"\",\"publisher\":{\"@id\":\"https:\\\/\\\/cvinoticias.com\\\/v3\\\/#organization\"},\"alternateName\":\"CVI\",\"potentialAction\":[{\"@type\":\"SearchAction\",\"target\":{\"@type\":\"EntryPoint\",\"urlTemplate\":\"https:\\\/\\\/cvinoticias.com\\\/v3\\\/?s={search_term_string}\"},\"query-input\":{\"@type\":\"PropertyValueSpecification\",\"valueRequired\":true,\"valueName\":\"search_term_string\"}}],\"inLanguage\":\"es\"},{\"@type\":\"Organization\",\"@id\":\"https:\\\/\\\/cvinoticias.com\\\/v3\\\/#organization\",\"name\":\"CVI NOTICIAS\",\"url\":\"https:\\\/\\\/cvinoticias.com\\\/v3\\\/\",\"logo\":{\"@type\":\"ImageObject\",\"inLanguage\":\"es\",\"@id\":\"https:\\\/\\\/cvinoticias.com\\\/v3\\\/#\\\/schema\\\/logo\\\/image\\\/\",\"url\":\"https:\\\/\\\/cvinoticias.com\\\/wp-content\\\/uploads\\\/2023\\\/04\\\/cropped-cropped-cropped-cropped-cropped-3-1.png\",\"contentUrl\":\"https:\\\/\\\/cvinoticias.com\\\/wp-content\\\/uploads\\\/2023\\\/04\\\/cropped-cropped-cropped-cropped-cropped-3-1.png\",\"width\":95,\"height\":122,\"caption\":\"CVI NOTICIAS\"},\"image\":{\"@id\":\"https:\\\/\\\/cvinoticias.com\\\/v3\\\/#\\\/schema\\\/logo\\\/image\\\/\"},\"sameAs\":[\"https:\\\/\\\/www.facebook.com\\\/cvinoticias\",\"https:\\\/\\\/www.instagram.com\\\/cvinoticias\\\/\",\"https:\\\/\\\/www.youtube.com\\\/@CVINOTICIAS\"]},{\"@type\":\"Person\",\"@id\":\"https:\\\/\\\/cvinoticias.com\\\/v3\\\/#\\\/schema\\\/person\\\/2db77e3c6bc03c538495d7b2b8be9b66\",\"name\":\"f1000024\",\"image\":{\"@type\":\"ImageObject\",\"inLanguage\":\"es\",\"@id\":\"https:\\\/\\\/secure.gravatar.com\\\/avatar\\\/d4fe7459cfc51ff5129ce1a732bbef5928568b8092d412ef95611616376bbeed?s=96&d=mm&r=g\",\"url\":\"https:\\\/\\\/secure.gravatar.com\\\/avatar\\\/d4fe7459cfc51ff5129ce1a732bbef5928568b8092d412ef95611616376bbeed?s=96&d=mm&r=g\",\"contentUrl\":\"https:\\\/\\\/secure.gravatar.com\\\/avatar\\\/d4fe7459cfc51ff5129ce1a732bbef5928568b8092d412ef95611616376bbeed?s=96&d=mm&r=g\",\"caption\":\"f1000024\"},\"url\":\"https:\\\/\\\/cvinoticias.com\\\/v3\\\/author\\\/f1000024\\\/\"}]}<\/script>\n<!-- \/ Yoast SEO plugin. -->","yoast_head_json":{"title":"Puerto Iguaz\u00fa: La Polic\u00eda junto a otros organismos de la Provincia y del municipio brindaron charla de prevenci\u00f3n de adicciones | CVI NOTICIAS","robots":{"index":"index","follow":"follow","max-snippet":"max-snippet:-1","max-image-preview":"max-image-preview:large","max-video-preview":"max-video-preview:-1"},"canonical":"https:\/\/cvinoticias.com\/v3\/puerto-iguazu-la-policia-junto-a-otros-organismos-de-la-provincia-y-del-municipio-brindaron-charla-de-prevencion-de-adicciones\/","og_locale":"es_ES","og_type":"article","og_title":"Puerto Iguaz\u00fa: La Polic\u00eda junto a otros organismos de la Provincia y del municipio brindaron charla de prevenci\u00f3n de adicciones | CVI NOTICIAS","og_description":"En el establecimiento escolar Nro. 947 del barrio 25 de Mayo de esta ciudad en la tarde de hoy el comisar\u00edo Mayor Daniel Alonso Jefe de la Polic\u00eda Comunitaria URV, la se\u00f1ora Jefa de la Comisar\u00eda seccional Cuarta, de la Comisar\u00eda de la Mujer, de la Divisi\u00f3n Drogas Peligrosas y equipo de profesionales de la [&hellip;]","og_url":"https:\/\/cvinoticias.com\/v3\/puerto-iguazu-la-policia-junto-a-otros-organismos-de-la-provincia-y-del-municipio-brindaron-charla-de-prevencion-de-adicciones\/","og_site_name":"CVI NOTICIAS","article_publisher":"https:\/\/www.facebook.com\/cvinoticias","article_published_time":"2021-08-12T00:06:54+00:00","og_image":[{"width":960,"height":720,"url":"https:\/\/cvinoticias.com\/wp-content\/uploads\/2021\/08\/FB_IMG_1628726537173.jpg","type":"image\/jpeg"}],"author":"f1000024","twitter_card":"summary_large_image","twitter_misc":{"Escrito por":"f1000024","Tiempo de lectura":"1 minuto"},"schema":{"@context":"https:\/\/schema.org","@graph":[{"@type":"Article","@id":"https:\/\/cvinoticias.com\/v3\/puerto-iguazu-la-policia-junto-a-otros-organismos-de-la-provincia-y-del-municipio-brindaron-charla-de-prevencion-de-adicciones\/#article","isPartOf":{"@id":"https:\/\/cvinoticias.com\/v3\/puerto-iguazu-la-policia-junto-a-otros-organismos-de-la-provincia-y-del-municipio-brindaron-charla-de-prevencion-de-adicciones\/"},"author":{"name":"f1000024","@id":"https:\/\/cvinoticias.com\/v3\/#\/schema\/person\/2db77e3c6bc03c538495d7b2b8be9b66"},"headline":"Puerto Iguaz\u00fa: La Polic\u00eda junto a otros organismos de la Provincia y del municipio brindaron charla de prevenci\u00f3n de adicciones","datePublished":"2021-08-12T00:06:54+00:00","mainEntityOfPage":{"@id":"https:\/\/cvinoticias.com\/v3\/puerto-iguazu-la-policia-junto-a-otros-organismos-de-la-provincia-y-del-municipio-brindaron-charla-de-prevencion-de-adicciones\/"},"wordCount":169,"commentCount":0,"publisher":{"@id":"https:\/\/cvinoticias.com\/v3\/#organization"},"image":{"@id":"https:\/\/cvinoticias.com\/v3\/puerto-iguazu-la-policia-junto-a-otros-organismos-de-la-provincia-y-del-municipio-brindaron-charla-de-prevencion-de-adicciones\/#primaryimage"},"thumbnailUrl":"https:\/\/cvinoticias.com\/wp-content\/uploads\/2021\/08\/FB_IMG_1628726537173.jpg","articleSection":["Policiales"],"inLanguage":"es","potentialAction":[{"@type":"CommentAction","name":"Comment","target":["https:\/\/cvinoticias.com\/v3\/puerto-iguazu-la-policia-junto-a-otros-organismos-de-la-provincia-y-del-municipio-brindaron-charla-de-prevencion-de-adicciones\/#respond"]}]},{"@type":"WebPage","@id":"https:\/\/cvinoticias.com\/v3\/puerto-iguazu-la-policia-junto-a-otros-organismos-de-la-provincia-y-del-municipio-brindaron-charla-de-prevencion-de-adicciones\/","url":"https:\/\/cvinoticias.com\/v3\/puerto-iguazu-la-policia-junto-a-otros-organismos-de-la-provincia-y-del-municipio-brindaron-charla-de-prevencion-de-adicciones\/","name":"Puerto Iguaz\u00fa: La Polic\u00eda junto a otros organismos de la Provincia y del municipio brindaron charla de prevenci\u00f3n de adicciones | CVI NOTICIAS","isPartOf":{"@id":"https:\/\/cvinoticias.com\/v3\/#website"},"primaryImageOfPage":{"@id":"https:\/\/cvinoticias.com\/v3\/puerto-iguazu-la-policia-junto-a-otros-organismos-de-la-provincia-y-del-municipio-brindaron-charla-de-prevencion-de-adicciones\/#primaryimage"},"image":{"@id":"https:\/\/cvinoticias.com\/v3\/puerto-iguazu-la-policia-junto-a-otros-organismos-de-la-provincia-y-del-municipio-brindaron-charla-de-prevencion-de-adicciones\/#primaryimage"},"thumbnailUrl":"https:\/\/cvinoticias.com\/wp-content\/uploads\/2021\/08\/FB_IMG_1628726537173.jpg","datePublished":"2021-08-12T00:06:54+00:00","breadcrumb":{"@id":"https:\/\/cvinoticias.com\/v3\/puerto-iguazu-la-policia-junto-a-otros-organismos-de-la-provincia-y-del-municipio-brindaron-charla-de-prevencion-de-adicciones\/#breadcrumb"},"inLanguage":"es","potentialAction":[{"@type":"ReadAction","target":["https:\/\/cvinoticias.com\/v3\/puerto-iguazu-la-policia-junto-a-otros-organismos-de-la-provincia-y-del-municipio-brindaron-charla-de-prevencion-de-adicciones\/"]}]},{"@type":"ImageObject","inLanguage":"es","@id":"https:\/\/cvinoticias.com\/v3\/puerto-iguazu-la-policia-junto-a-otros-organismos-de-la-provincia-y-del-municipio-brindaron-charla-de-prevencion-de-adicciones\/#primaryimage","url":"https:\/\/cvinoticias.com\/wp-content\/uploads\/2021\/08\/FB_IMG_1628726537173.jpg","contentUrl":"https:\/\/cvinoticias.com\/wp-content\/uploads\/2021\/08\/FB_IMG_1628726537173.jpg","width":960,"height":720},{"@type":"BreadcrumbList","@id":"https:\/\/cvinoticias.com\/v3\/puerto-iguazu-la-policia-junto-a-otros-organismos-de-la-provincia-y-del-municipio-brindaron-charla-de-prevencion-de-adicciones\/#breadcrumb","itemListElement":[{"@type":"ListItem","position":1,"name":"Portada","item":"https:\/\/cvinoticias.com\/v3\/"},{"@type":"ListItem","position":2,"name":"Puerto Iguaz\u00fa: La Polic\u00eda junto a otros organismos de la Provincia y del municipio brindaron charla de prevenci\u00f3n de adicciones"}]},{"@type":"WebSite","@id":"https:\/\/cvinoticias.com\/v3\/#website","url":"https:\/\/cvinoticias.com\/v3\/","name":"CVI NOTICIAS","description":"","publisher":{"@id":"https:\/\/cvinoticias.com\/v3\/#organization"},"alternateName":"CVI","potentialAction":[{"@type":"SearchAction","target":{"@type":"EntryPoint","urlTemplate":"https:\/\/cvinoticias.com\/v3\/?s={search_term_string}"},"query-input":{"@type":"PropertyValueSpecification","valueRequired":true,"valueName":"search_term_string"}}],"inLanguage":"es"},{"@type":"Organization","@id":"https:\/\/cvinoticias.com\/v3\/#organization","name":"CVI NOTICIAS","url":"https:\/\/cvinoticias.com\/v3\/","logo":{"@type":"ImageObject","inLanguage":"es","@id":"https:\/\/cvinoticias.com\/v3\/#\/schema\/logo\/image\/","url":"https:\/\/cvinoticias.com\/wp-content\/uploads\/2023\/04\/cropped-cropped-cropped-cropped-cropped-3-1.png","contentUrl":"https:\/\/cvinoticias.com\/wp-content\/uploads\/2023\/04\/cropped-cropped-cropped-cropped-cropped-3-1.png","width":95,"height":122,"caption":"CVI NOTICIAS"},"image":{"@id":"https:\/\/cvinoticias.com\/v3\/#\/schema\/logo\/image\/"},"sameAs":["https:\/\/www.facebook.com\/cvinoticias","https:\/\/www.instagram.com\/cvinoticias\/","https:\/\/www.youtube.com\/@CVINOTICIAS"]},{"@type":"Person","@id":"https:\/\/cvinoticias.com\/v3\/#\/schema\/person\/2db77e3c6bc03c538495d7b2b8be9b66","name":"f1000024","image":{"@type":"ImageObject","inLanguage":"es","@id":"https:\/\/secure.gravatar.com\/avatar\/d4fe7459cfc51ff5129ce1a732bbef5928568b8092d412ef95611616376bbeed?s=96&d=mm&r=g","url":"https:\/\/secure.gravatar.com\/avatar\/d4fe7459cfc51ff5129ce1a732bbef5928568b8092d412ef95611616376bbeed?s=96&d=mm&r=g","contentUrl":"https:\/\/secure.gravatar.com\/avatar\/d4fe7459cfc51ff5129ce1a732bbef5928568b8092d412ef95611616376bbeed?s=96&d=mm&r=g","caption":"f1000024"},"url":"https:\/\/cvinoticias.com\/v3\/author\/f1000024\/"}]}},"_links":{"self":[{"href":"https:\/\/cvinoticias.com\/v3\/wp-json\/wp\/v2\/posts\/7524","targetHints":{"allow":["GET"]}}],"collection":[{"href":"https:\/\/cvinoticias.com\/v3\/wp-json\/wp\/v2\/posts"}],"about":[{"href":"https:\/\/cvinoticias.com\/v3\/wp-json\/wp\/v2\/types\/post"}],"author":[{"embeddable":true,"href":"https:\/\/cvinoticias.com\/v3\/wp-json\/wp\/v2\/users\/2"}],"replies":[{"embeddable":true,"href":"https:\/\/cvinoticias.com\/v3\/wp-json\/wp\/v2\/comments?post=7524"}],"version-history":[{"count":1,"href":"https:\/\/cvinoticias.com\/v3\/wp-json\/wp\/v2\/posts\/7524\/revisions"}],"predecessor-version":[{"id":7528,"href":"https:\/\/cvinoticias.com\/v3\/wp-json\/wp\/v2\/posts\/7524\/revisions\/7528"}],"wp:featuredmedia":[{"embeddable":true,"href":"https:\/\/cvinoticias.com\/v3\/wp-json\/wp\/v2\/media\/7525"}],"wp:attachment":[{"href":"https:\/\/cvinoticias.com\/v3\/wp-json\/wp\/v2\/media?parent=7524"}],"wp:term":[{"taxonomy":"category","embeddable":true,"href":"https:\/\/cvinoticias.com\/v3\/wp-json\/wp\/v2\/categories?post=7524"},{"taxonomy":"post_tag","embeddable":true,"href":"https:\/\/cvinoticias.com\/v3\/wp-json\/wp\/v2\/tags?post=7524"}],"curies":[{"name":"wp","href":"https:\/\/api.w.org\/{rel}","templated":true}]}}