{"id":7510,"date":"2021-08-11T10:03:01","date_gmt":"2021-08-11T10:03:01","guid":{"rendered":"https:\/\/cvinoticias.com\/v3\/?p=7510"},"modified":"2021-08-11T10:03:01","modified_gmt":"2021-08-11T10:03:01","slug":"a-partir-de-hoy-el-incremento-en-la-vtv-sera-de-un-35-en-toda-la-provincia","status":"publish","type":"post","link":"https:\/\/cvinoticias.com\/v3\/a-partir-de-hoy-el-incremento-en-la-vtv-sera-de-un-35-en-toda-la-provincia\/","title":{"rendered":"A partir de hoy, el incremento en la VTV ser\u00e1 de un 35 % en toda la provincia"},"content":{"rendered":"\n<p><strong><em>A partir de hoy, mi\u00e9rcoles 11 de agosto, comienza a regir un 35% de incremento en la VTV (Verificaci\u00f3n T\u00e9cnica Vehicular) en toda la provincia. As\u00ed lo informo, Ram\u00f3n G\u00f3mez director t\u00e9cnico de la VTV, El Zaim\u00e1n. El costo para los veh\u00edculos particulares ser\u00e1 de 1800 pesos<\/em><\/strong>.<\/p>\n\n\n\n<p>El aumento de la tarifa seg\u00fan la disposici\u00f3n 10\/21 del ministerio de gobierno, establece un 35 % por ciento m\u00e1s. El costo actual queda en los siguientes valores:<\/p>\n\n\n\n<p>\u2013 Veh\u00edculos particulares $ 1800<\/p>\n\n\n\n<p>\u2013 Taxis- remises \u2013 escolares de alquiler $ 1500<\/p>\n\n\n\n<p>\u2013 Automotores de hasta 3500 kg (camionetas y camiones de bajo porte, buses chicos) $ 2200<\/p>\n\n\n\n<p>\u2013 Remolques y acoplados p\/veh\u00edculos livianos $ 1700<\/p>\n\n\n\n<p>\u2013 Transporte de m\u00e1s de 3500 kg. (de pasajeros, de carga, acoplados y remolques) $ 2700<\/p>\n\n\n\n<p>D\u00edas atr\u00e1s, Ram\u00f3n G\u00f3mez, hab\u00eda adelantado la posibilidad de este incremento, recordando los valores actuales, \u201cel auto particular 1300 pesos y el veh\u00edculo de mediano porte 1560 pesos.<\/p>\n\n\n\n<p>En este sentido, G\u00f3mez record\u00f3 que, \u201cel costo de la VTV es impuesto por el gobierno de la provincia a trav\u00e9s del ministerio de gobierno\u201d, y es desde aqu\u00ed que se debe esperar la disposici\u00f3n de cu\u00e1nto ser\u00e1 el incremento y a partir de cu\u00e1ndo deber\u00eda comenzar a implementarse.<\/p>\n\n\n\n<p>En que consiste la verificaci\u00f3n t\u00e9cnica<\/p>\n\n\n\n<p>Desde el taller de VTV, contaron que, \u201cla verificaci\u00f3n t\u00e9cnica consiste en la revisi\u00f3n integral del veh\u00edculo. En la parte de seguridad activa como lo son la direcci\u00f3n, los frenos el sistema de suspensi\u00f3n, neum\u00e1ticos. Y en la parte de seguridad pasiva tanto el sistema de correas como lo es el cintur\u00f3n de seguridad, el matafuego, todo aquello que haga a evitar un accidente, en la parte primaria o secundaria\u201d.<\/p>\n\n\n\n<p>En Misiones se revisan los veh\u00edculos a partir del 3 a\u00f1o de patentado, en el caso de veh\u00edculos particulares, mientras que los veh\u00edculos de carga la verificaci\u00f3n debe hacerse al a\u00f1o patentado.<\/p>\n\n\n\n<p>G\u00f3mez tambi\u00e9n se\u00f1al\u00f3 que, \u201cel periodo de mayor asiduidad es en vacaciones a partir de noviembre, diciembre, enero y despu\u00e9s este per\u00edodo que estamos terminando que es el de las vacaciones de invierno. A partir de ah\u00ed se inicia un leve descenso que se mantienen hasta fin de a\u00f1o\u201d.<\/p>\n\n\n\n<p>.<\/p>\n","protected":false},"excerpt":{"rendered":"<p>A partir de hoy, mi\u00e9rcoles 11 de agosto, comienza a regir un 35% de incremento en la VTV (Verificaci\u00f3n T\u00e9cnica Vehicular) en toda la provincia. As\u00ed lo informo, Ram\u00f3n G\u00f3mez director t\u00e9cnico de la VTV, El Zaim\u00e1n. El costo para los veh\u00edculos particulares ser\u00e1 de 1800 pesos. El aumento de la tarifa seg\u00fan la disposici\u00f3n [&hellip;]<\/p>\n","protected":false},"author":2,"featured_media":7511,"comment_status":"open","ping_status":"open","sticky":false,"template":"","format":"standard","meta":{"footnotes":""},"categories":[35],"tags":[],"class_list":["post-7510","post","type-post","status-publish","format-standard","has-post-thumbnail","hentry","category-informacion-general"],"yoast_head":"<!-- This site is optimized with the Yoast SEO plugin v27.4 - https:\/\/yoast.com\/product\/yoast-seo-wordpress\/ -->\n<title>A partir de hoy, el incremento en la VTV ser\u00e1 de un 35 % en toda la provincia | CVI NOTICIAS<\/title>\n<meta name=\"robots\" content=\"index, follow, max-snippet:-1, max-image-preview:large, max-video-preview:-1\" \/>\n<link rel=\"canonical\" href=\"https:\/\/cvinoticias.com\/v3\/a-partir-de-hoy-el-incremento-en-la-vtv-sera-de-un-35-en-toda-la-provincia\/\" \/>\n<meta property=\"og:locale\" content=\"es_ES\" \/>\n<meta property=\"og:type\" content=\"article\" \/>\n<meta property=\"og:title\" content=\"A partir de hoy, el incremento en la VTV ser\u00e1 de un 35 % en toda la provincia | CVI NOTICIAS\" \/>\n<meta property=\"og:description\" content=\"A partir de hoy, mi\u00e9rcoles 11 de agosto, comienza a regir un 35% de incremento en la VTV (Verificaci\u00f3n T\u00e9cnica Vehicular) en toda la provincia. As\u00ed lo informo, Ram\u00f3n G\u00f3mez director t\u00e9cnico de la VTV, El Zaim\u00e1n. El costo para los veh\u00edculos particulares ser\u00e1 de 1800 pesos. El aumento de la tarifa seg\u00fan la disposici\u00f3n [&hellip;]\" \/>\n<meta property=\"og:url\" content=\"https:\/\/cvinoticias.com\/v3\/a-partir-de-hoy-el-incremento-en-la-vtv-sera-de-un-35-en-toda-la-provincia\/\" \/>\n<meta property=\"og:site_name\" content=\"CVI NOTICIAS\" \/>\n<meta property=\"article:publisher\" content=\"https:\/\/www.facebook.com\/cvinoticias\" \/>\n<meta property=\"article:published_time\" content=\"2021-08-11T10:03:01+00:00\" \/>\n<meta property=\"og:image\" content=\"https:\/\/cvinoticias.com\/wp-content\/uploads\/2021\/08\/2cd59766eff71dacd8b364e97fa7ecb45e5acd51.jpg\" \/>\n\t<meta property=\"og:image:width\" content=\"1140\" \/>\n\t<meta property=\"og:image:height\" content=\"761\" \/>\n\t<meta property=\"og:image:type\" content=\"image\/jpeg\" \/>\n<meta name=\"author\" content=\"f1000024\" \/>\n<meta name=\"twitter:card\" content=\"summary_large_image\" \/>\n<meta name=\"twitter:label1\" content=\"Escrito por\" \/>\n\t<meta name=\"twitter:data1\" content=\"f1000024\" \/>\n\t<meta name=\"twitter:label2\" content=\"Tiempo de lectura\" \/>\n\t<meta name=\"twitter:data2\" content=\"2 minutos\" \/>\n<script type=\"application\/ld+json\" class=\"yoast-schema-graph\">{\"@context\":\"https:\\\/\\\/schema.org\",\"@graph\":[{\"@type\":\"Article\",\"@id\":\"https:\\\/\\\/cvinoticias.com\\\/v3\\\/a-partir-de-hoy-el-incremento-en-la-vtv-sera-de-un-35-en-toda-la-provincia\\\/#article\",\"isPartOf\":{\"@id\":\"https:\\\/\\\/cvinoticias.com\\\/v3\\\/a-partir-de-hoy-el-incremento-en-la-vtv-sera-de-un-35-en-toda-la-provincia\\\/\"},\"author\":{\"name\":\"f1000024\",\"@id\":\"https:\\\/\\\/cvinoticias.com\\\/v3\\\/#\\\/schema\\\/person\\\/2db77e3c6bc03c538495d7b2b8be9b66\"},\"headline\":\"A partir de hoy, el incremento en la VTV ser\u00e1 de un 35 % en toda la provincia\",\"datePublished\":\"2021-08-11T10:03:01+00:00\",\"mainEntityOfPage\":{\"@id\":\"https:\\\/\\\/cvinoticias.com\\\/v3\\\/a-partir-de-hoy-el-incremento-en-la-vtv-sera-de-un-35-en-toda-la-provincia\\\/\"},\"wordCount\":401,\"commentCount\":2,\"publisher\":{\"@id\":\"https:\\\/\\\/cvinoticias.com\\\/v3\\\/#organization\"},\"image\":{\"@id\":\"https:\\\/\\\/cvinoticias.com\\\/v3\\\/a-partir-de-hoy-el-incremento-en-la-vtv-sera-de-un-35-en-toda-la-provincia\\\/#primaryimage\"},\"thumbnailUrl\":\"https:\\\/\\\/cvinoticias.com\\\/wp-content\\\/uploads\\\/2021\\\/08\\\/2cd59766eff71dacd8b364e97fa7ecb45e5acd51.jpg\",\"articleSection\":[\"Informaci\u00f3n General\"],\"inLanguage\":\"es\",\"potentialAction\":[{\"@type\":\"CommentAction\",\"name\":\"Comment\",\"target\":[\"https:\\\/\\\/cvinoticias.com\\\/v3\\\/a-partir-de-hoy-el-incremento-en-la-vtv-sera-de-un-35-en-toda-la-provincia\\\/#respond\"]}]},{\"@type\":\"WebPage\",\"@id\":\"https:\\\/\\\/cvinoticias.com\\\/v3\\\/a-partir-de-hoy-el-incremento-en-la-vtv-sera-de-un-35-en-toda-la-provincia\\\/\",\"url\":\"https:\\\/\\\/cvinoticias.com\\\/v3\\\/a-partir-de-hoy-el-incremento-en-la-vtv-sera-de-un-35-en-toda-la-provincia\\\/\",\"name\":\"A partir de hoy, el incremento en la VTV ser\u00e1 de un 35 % en toda la provincia | CVI NOTICIAS\",\"isPartOf\":{\"@id\":\"https:\\\/\\\/cvinoticias.com\\\/v3\\\/#website\"},\"primaryImageOfPage\":{\"@id\":\"https:\\\/\\\/cvinoticias.com\\\/v3\\\/a-partir-de-hoy-el-incremento-en-la-vtv-sera-de-un-35-en-toda-la-provincia\\\/#primaryimage\"},\"image\":{\"@id\":\"https:\\\/\\\/cvinoticias.com\\\/v3\\\/a-partir-de-hoy-el-incremento-en-la-vtv-sera-de-un-35-en-toda-la-provincia\\\/#primaryimage\"},\"thumbnailUrl\":\"https:\\\/\\\/cvinoticias.com\\\/wp-content\\\/uploads\\\/2021\\\/08\\\/2cd59766eff71dacd8b364e97fa7ecb45e5acd51.jpg\",\"datePublished\":\"2021-08-11T10:03:01+00:00\",\"breadcrumb\":{\"@id\":\"https:\\\/\\\/cvinoticias.com\\\/v3\\\/a-partir-de-hoy-el-incremento-en-la-vtv-sera-de-un-35-en-toda-la-provincia\\\/#breadcrumb\"},\"inLanguage\":\"es\",\"potentialAction\":[{\"@type\":\"ReadAction\",\"target\":[\"https:\\\/\\\/cvinoticias.com\\\/v3\\\/a-partir-de-hoy-el-incremento-en-la-vtv-sera-de-un-35-en-toda-la-provincia\\\/\"]}]},{\"@type\":\"ImageObject\",\"inLanguage\":\"es\",\"@id\":\"https:\\\/\\\/cvinoticias.com\\\/v3\\\/a-partir-de-hoy-el-incremento-en-la-vtv-sera-de-un-35-en-toda-la-provincia\\\/#primaryimage\",\"url\":\"https:\\\/\\\/cvinoticias.com\\\/wp-content\\\/uploads\\\/2021\\\/08\\\/2cd59766eff71dacd8b364e97fa7ecb45e5acd51.jpg\",\"contentUrl\":\"https:\\\/\\\/cvinoticias.com\\\/wp-content\\\/uploads\\\/2021\\\/08\\\/2cd59766eff71dacd8b364e97fa7ecb45e5acd51.jpg\",\"width\":1140,\"height\":761},{\"@type\":\"BreadcrumbList\",\"@id\":\"https:\\\/\\\/cvinoticias.com\\\/v3\\\/a-partir-de-hoy-el-incremento-en-la-vtv-sera-de-un-35-en-toda-la-provincia\\\/#breadcrumb\",\"itemListElement\":[{\"@type\":\"ListItem\",\"position\":1,\"name\":\"Portada\",\"item\":\"https:\\\/\\\/cvinoticias.com\\\/v3\\\/\"},{\"@type\":\"ListItem\",\"position\":2,\"name\":\"A partir de hoy, el incremento en la VTV ser\u00e1 de un 35 % en toda la provincia\"}]},{\"@type\":\"WebSite\",\"@id\":\"https:\\\/\\\/cvinoticias.com\\\/v3\\\/#website\",\"url\":\"https:\\\/\\\/cvinoticias.com\\\/v3\\\/\",\"name\":\"CVI NOTICIAS\",\"description\":\"\",\"publisher\":{\"@id\":\"https:\\\/\\\/cvinoticias.com\\\/v3\\\/#organization\"},\"alternateName\":\"CVI\",\"potentialAction\":[{\"@type\":\"SearchAction\",\"target\":{\"@type\":\"EntryPoint\",\"urlTemplate\":\"https:\\\/\\\/cvinoticias.com\\\/v3\\\/?s={search_term_string}\"},\"query-input\":{\"@type\":\"PropertyValueSpecification\",\"valueRequired\":true,\"valueName\":\"search_term_string\"}}],\"inLanguage\":\"es\"},{\"@type\":\"Organization\",\"@id\":\"https:\\\/\\\/cvinoticias.com\\\/v3\\\/#organization\",\"name\":\"CVI NOTICIAS\",\"url\":\"https:\\\/\\\/cvinoticias.com\\\/v3\\\/\",\"logo\":{\"@type\":\"ImageObject\",\"inLanguage\":\"es\",\"@id\":\"https:\\\/\\\/cvinoticias.com\\\/v3\\\/#\\\/schema\\\/logo\\\/image\\\/\",\"url\":\"https:\\\/\\\/cvinoticias.com\\\/wp-content\\\/uploads\\\/2023\\\/04\\\/cropped-cropped-cropped-cropped-cropped-3-1.png\",\"contentUrl\":\"https:\\\/\\\/cvinoticias.com\\\/wp-content\\\/uploads\\\/2023\\\/04\\\/cropped-cropped-cropped-cropped-cropped-3-1.png\",\"width\":95,\"height\":122,\"caption\":\"CVI NOTICIAS\"},\"image\":{\"@id\":\"https:\\\/\\\/cvinoticias.com\\\/v3\\\/#\\\/schema\\\/logo\\\/image\\\/\"},\"sameAs\":[\"https:\\\/\\\/www.facebook.com\\\/cvinoticias\",\"https:\\\/\\\/www.instagram.com\\\/cvinoticias\\\/\",\"https:\\\/\\\/www.youtube.com\\\/@CVINOTICIAS\"]},{\"@type\":\"Person\",\"@id\":\"https:\\\/\\\/cvinoticias.com\\\/v3\\\/#\\\/schema\\\/person\\\/2db77e3c6bc03c538495d7b2b8be9b66\",\"name\":\"f1000024\",\"image\":{\"@type\":\"ImageObject\",\"inLanguage\":\"es\",\"@id\":\"https:\\\/\\\/secure.gravatar.com\\\/avatar\\\/d4fe7459cfc51ff5129ce1a732bbef5928568b8092d412ef95611616376bbeed?s=96&d=mm&r=g\",\"url\":\"https:\\\/\\\/secure.gravatar.com\\\/avatar\\\/d4fe7459cfc51ff5129ce1a732bbef5928568b8092d412ef95611616376bbeed?s=96&d=mm&r=g\",\"contentUrl\":\"https:\\\/\\\/secure.gravatar.com\\\/avatar\\\/d4fe7459cfc51ff5129ce1a732bbef5928568b8092d412ef95611616376bbeed?s=96&d=mm&r=g\",\"caption\":\"f1000024\"},\"url\":\"https:\\\/\\\/cvinoticias.com\\\/v3\\\/author\\\/f1000024\\\/\"}]}<\/script>\n<!-- \/ Yoast SEO plugin. -->","yoast_head_json":{"title":"A partir de hoy, el incremento en la VTV ser\u00e1 de un 35 % en toda la provincia | CVI NOTICIAS","robots":{"index":"index","follow":"follow","max-snippet":"max-snippet:-1","max-image-preview":"max-image-preview:large","max-video-preview":"max-video-preview:-1"},"canonical":"https:\/\/cvinoticias.com\/v3\/a-partir-de-hoy-el-incremento-en-la-vtv-sera-de-un-35-en-toda-la-provincia\/","og_locale":"es_ES","og_type":"article","og_title":"A partir de hoy, el incremento en la VTV ser\u00e1 de un 35 % en toda la provincia | CVI NOTICIAS","og_description":"A partir de hoy, mi\u00e9rcoles 11 de agosto, comienza a regir un 35% de incremento en la VTV (Verificaci\u00f3n T\u00e9cnica Vehicular) en toda la provincia. As\u00ed lo informo, Ram\u00f3n G\u00f3mez director t\u00e9cnico de la VTV, El Zaim\u00e1n. El costo para los veh\u00edculos particulares ser\u00e1 de 1800 pesos. El aumento de la tarifa seg\u00fan la disposici\u00f3n [&hellip;]","og_url":"https:\/\/cvinoticias.com\/v3\/a-partir-de-hoy-el-incremento-en-la-vtv-sera-de-un-35-en-toda-la-provincia\/","og_site_name":"CVI NOTICIAS","article_publisher":"https:\/\/www.facebook.com\/cvinoticias","article_published_time":"2021-08-11T10:03:01+00:00","og_image":[{"width":1140,"height":761,"url":"https:\/\/cvinoticias.com\/wp-content\/uploads\/2021\/08\/2cd59766eff71dacd8b364e97fa7ecb45e5acd51.jpg","type":"image\/jpeg"}],"author":"f1000024","twitter_card":"summary_large_image","twitter_misc":{"Escrito por":"f1000024","Tiempo de lectura":"2 minutos"},"schema":{"@context":"https:\/\/schema.org","@graph":[{"@type":"Article","@id":"https:\/\/cvinoticias.com\/v3\/a-partir-de-hoy-el-incremento-en-la-vtv-sera-de-un-35-en-toda-la-provincia\/#article","isPartOf":{"@id":"https:\/\/cvinoticias.com\/v3\/a-partir-de-hoy-el-incremento-en-la-vtv-sera-de-un-35-en-toda-la-provincia\/"},"author":{"name":"f1000024","@id":"https:\/\/cvinoticias.com\/v3\/#\/schema\/person\/2db77e3c6bc03c538495d7b2b8be9b66"},"headline":"A partir de hoy, el incremento en la VTV ser\u00e1 de un 35 % en toda la provincia","datePublished":"2021-08-11T10:03:01+00:00","mainEntityOfPage":{"@id":"https:\/\/cvinoticias.com\/v3\/a-partir-de-hoy-el-incremento-en-la-vtv-sera-de-un-35-en-toda-la-provincia\/"},"wordCount":401,"commentCount":2,"publisher":{"@id":"https:\/\/cvinoticias.com\/v3\/#organization"},"image":{"@id":"https:\/\/cvinoticias.com\/v3\/a-partir-de-hoy-el-incremento-en-la-vtv-sera-de-un-35-en-toda-la-provincia\/#primaryimage"},"thumbnailUrl":"https:\/\/cvinoticias.com\/wp-content\/uploads\/2021\/08\/2cd59766eff71dacd8b364e97fa7ecb45e5acd51.jpg","articleSection":["Informaci\u00f3n General"],"inLanguage":"es","potentialAction":[{"@type":"CommentAction","name":"Comment","target":["https:\/\/cvinoticias.com\/v3\/a-partir-de-hoy-el-incremento-en-la-vtv-sera-de-un-35-en-toda-la-provincia\/#respond"]}]},{"@type":"WebPage","@id":"https:\/\/cvinoticias.com\/v3\/a-partir-de-hoy-el-incremento-en-la-vtv-sera-de-un-35-en-toda-la-provincia\/","url":"https:\/\/cvinoticias.com\/v3\/a-partir-de-hoy-el-incremento-en-la-vtv-sera-de-un-35-en-toda-la-provincia\/","name":"A partir de hoy, el incremento en la VTV ser\u00e1 de un 35 % en toda la provincia | CVI NOTICIAS","isPartOf":{"@id":"https:\/\/cvinoticias.com\/v3\/#website"},"primaryImageOfPage":{"@id":"https:\/\/cvinoticias.com\/v3\/a-partir-de-hoy-el-incremento-en-la-vtv-sera-de-un-35-en-toda-la-provincia\/#primaryimage"},"image":{"@id":"https:\/\/cvinoticias.com\/v3\/a-partir-de-hoy-el-incremento-en-la-vtv-sera-de-un-35-en-toda-la-provincia\/#primaryimage"},"thumbnailUrl":"https:\/\/cvinoticias.com\/wp-content\/uploads\/2021\/08\/2cd59766eff71dacd8b364e97fa7ecb45e5acd51.jpg","datePublished":"2021-08-11T10:03:01+00:00","breadcrumb":{"@id":"https:\/\/cvinoticias.com\/v3\/a-partir-de-hoy-el-incremento-en-la-vtv-sera-de-un-35-en-toda-la-provincia\/#breadcrumb"},"inLanguage":"es","potentialAction":[{"@type":"ReadAction","target":["https:\/\/cvinoticias.com\/v3\/a-partir-de-hoy-el-incremento-en-la-vtv-sera-de-un-35-en-toda-la-provincia\/"]}]},{"@type":"ImageObject","inLanguage":"es","@id":"https:\/\/cvinoticias.com\/v3\/a-partir-de-hoy-el-incremento-en-la-vtv-sera-de-un-35-en-toda-la-provincia\/#primaryimage","url":"https:\/\/cvinoticias.com\/wp-content\/uploads\/2021\/08\/2cd59766eff71dacd8b364e97fa7ecb45e5acd51.jpg","contentUrl":"https:\/\/cvinoticias.com\/wp-content\/uploads\/2021\/08\/2cd59766eff71dacd8b364e97fa7ecb45e5acd51.jpg","width":1140,"height":761},{"@type":"BreadcrumbList","@id":"https:\/\/cvinoticias.com\/v3\/a-partir-de-hoy-el-incremento-en-la-vtv-sera-de-un-35-en-toda-la-provincia\/#breadcrumb","itemListElement":[{"@type":"ListItem","position":1,"name":"Portada","item":"https:\/\/cvinoticias.com\/v3\/"},{"@type":"ListItem","position":2,"name":"A partir de hoy, el incremento en la VTV ser\u00e1 de un 35 % en toda la provincia"}]},{"@type":"WebSite","@id":"https:\/\/cvinoticias.com\/v3\/#website","url":"https:\/\/cvinoticias.com\/v3\/","name":"CVI NOTICIAS","description":"","publisher":{"@id":"https:\/\/cvinoticias.com\/v3\/#organization"},"alternateName":"CVI","potentialAction":[{"@type":"SearchAction","target":{"@type":"EntryPoint","urlTemplate":"https:\/\/cvinoticias.com\/v3\/?s={search_term_string}"},"query-input":{"@type":"PropertyValueSpecification","valueRequired":true,"valueName":"search_term_string"}}],"inLanguage":"es"},{"@type":"Organization","@id":"https:\/\/cvinoticias.com\/v3\/#organization","name":"CVI NOTICIAS","url":"https:\/\/cvinoticias.com\/v3\/","logo":{"@type":"ImageObject","inLanguage":"es","@id":"https:\/\/cvinoticias.com\/v3\/#\/schema\/logo\/image\/","url":"https:\/\/cvinoticias.com\/wp-content\/uploads\/2023\/04\/cropped-cropped-cropped-cropped-cropped-3-1.png","contentUrl":"https:\/\/cvinoticias.com\/wp-content\/uploads\/2023\/04\/cropped-cropped-cropped-cropped-cropped-3-1.png","width":95,"height":122,"caption":"CVI NOTICIAS"},"image":{"@id":"https:\/\/cvinoticias.com\/v3\/#\/schema\/logo\/image\/"},"sameAs":["https:\/\/www.facebook.com\/cvinoticias","https:\/\/www.instagram.com\/cvinoticias\/","https:\/\/www.youtube.com\/@CVINOTICIAS"]},{"@type":"Person","@id":"https:\/\/cvinoticias.com\/v3\/#\/schema\/person\/2db77e3c6bc03c538495d7b2b8be9b66","name":"f1000024","image":{"@type":"ImageObject","inLanguage":"es","@id":"https:\/\/secure.gravatar.com\/avatar\/d4fe7459cfc51ff5129ce1a732bbef5928568b8092d412ef95611616376bbeed?s=96&d=mm&r=g","url":"https:\/\/secure.gravatar.com\/avatar\/d4fe7459cfc51ff5129ce1a732bbef5928568b8092d412ef95611616376bbeed?s=96&d=mm&r=g","contentUrl":"https:\/\/secure.gravatar.com\/avatar\/d4fe7459cfc51ff5129ce1a732bbef5928568b8092d412ef95611616376bbeed?s=96&d=mm&r=g","caption":"f1000024"},"url":"https:\/\/cvinoticias.com\/v3\/author\/f1000024\/"}]}},"_links":{"self":[{"href":"https:\/\/cvinoticias.com\/v3\/wp-json\/wp\/v2\/posts\/7510","targetHints":{"allow":["GET"]}}],"collection":[{"href":"https:\/\/cvinoticias.com\/v3\/wp-json\/wp\/v2\/posts"}],"about":[{"href":"https:\/\/cvinoticias.com\/v3\/wp-json\/wp\/v2\/types\/post"}],"author":[{"embeddable":true,"href":"https:\/\/cvinoticias.com\/v3\/wp-json\/wp\/v2\/users\/2"}],"replies":[{"embeddable":true,"href":"https:\/\/cvinoticias.com\/v3\/wp-json\/wp\/v2\/comments?post=7510"}],"version-history":[{"count":1,"href":"https:\/\/cvinoticias.com\/v3\/wp-json\/wp\/v2\/posts\/7510\/revisions"}],"predecessor-version":[{"id":7512,"href":"https:\/\/cvinoticias.com\/v3\/wp-json\/wp\/v2\/posts\/7510\/revisions\/7512"}],"wp:featuredmedia":[{"embeddable":true,"href":"https:\/\/cvinoticias.com\/v3\/wp-json\/wp\/v2\/media\/7511"}],"wp:attachment":[{"href":"https:\/\/cvinoticias.com\/v3\/wp-json\/wp\/v2\/media?parent=7510"}],"wp:term":[{"taxonomy":"category","embeddable":true,"href":"https:\/\/cvinoticias.com\/v3\/wp-json\/wp\/v2\/categories?post=7510"},{"taxonomy":"post_tag","embeddable":true,"href":"https:\/\/cvinoticias.com\/v3\/wp-json\/wp\/v2\/tags?post=7510"}],"curies":[{"name":"wp","href":"https:\/\/api.w.org\/{rel}","templated":true}]}}